{"id":1232,"date":"2016-02-01T08:00:57","date_gmt":"2016-02-01T07:00:57","guid":{"rendered":"http:\/\/www.mojaplanetadom.pl\/?p=1232"},"modified":"2024-09-12T07:53:04","modified_gmt":"2024-09-12T05:53:04","slug":"do-pastelowej-milosci-jeden-krok-blekity-roze-i-szarosci-one-skradna-twoje-serce-tej-wiosny","status":"publish","type":"post","link":"https:\/\/www.brw.pl\/blog\/do-pastelowej-milosci-jeden-krok-blekity-roze-i-szarosci-one-skradna-twoje-serce-tej-wiosny\/","title":{"rendered":"Do pastelowej mi\u0142o\u015bci jeden krok! Odkryj moc pasteli."},"content":{"rendered":"<p data-pm-slice=\"1 1 []\"><strong>Pastelowe kolory wprowadzaj\u0105 mn\u00f3stwo ciep\u0142a i \u017cycia do ka\u017cdego wn\u0119trza. Mo\u017ce z okazji nadej\u015bcia wiosny przyszed\u0142 czas na zmiany w Twoim mieszkaniu? Co zrobi\u0107, by pastelowy r\u00f3\u017c, odcienie b\u0142\u0119kitu i szaro\u015bci nie zdominowa\u0142y wn\u0119trz, a jedynie nada\u0142y im przytulnego charakteru? Kolory pastelowe nie musz\u0105 by\u0107 ani nudne, ani przewidywalne. Przekonaj si\u0119 sam!<\/strong><\/p>\n<p><img decoding=\"async\" class=\"size-medium wp-image-1233 lazyload\" data-src=\"https:\/\/www.brw.pl\/blog\/wp-content\/uploads\/2016\/04\/BRW_BLOG_Do_pastelowej_milosci_jeden_krok_B\u0142ekity_roze_i_szarosci-_one_skradna-Twoje-serce-tej-wiosny-1-653x442.jpg\" alt=\"Black Red White, kolekcja Caps\" width=\"653\" height=\"442\" data-srcset=\"https:\/\/www.brw.pl\/blog\/wp-content\/uploads\/2016\/04\/BRW_BLOG_Do_pastelowej_milosci_jeden_krok_B\u0142ekity_roze_i_szarosci-_one_skradna-Twoje-serce-tej-wiosny-1-653x442.jpg 653w, https:\/\/www.brw.pl\/blog\/wp-content\/uploads\/2016\/04\/BRW_BLOG_Do_pastelowej_milosci_jeden_krok_B\u0142ekity_roze_i_szarosci-_one_skradna-Twoje-serce-tej-wiosny-1-768x520.jpg 768w, https:\/\/www.brw.pl\/blog\/wp-content\/uploads\/2016\/04\/BRW_BLOG_Do_pastelowej_milosci_jeden_krok_B\u0142ekity_roze_i_szarosci-_one_skradna-Twoje-serce-tej-wiosny-1-1024x693.jpg 1024w, https:\/\/www.brw.pl\/blog\/wp-content\/uploads\/2016\/04\/BRW_BLOG_Do_pastelowej_milosci_jeden_krok_B\u0142ekity_roze_i_szarosci-_one_skradna-Twoje-serce-tej-wiosny-1-368x250.jpg 368w, https:\/\/www.brw.pl\/blog\/wp-content\/uploads\/2016\/04\/BRW_BLOG_Do_pastelowej_milosci_jeden_krok_B\u0142ekity_roze_i_szarosci-_one_skradna-Twoje-serce-tej-wiosny-1.jpg 1595w\" data-sizes=\"(max-width: 653px) 100vw, 653px\" src=\"data:image\/svg+xml;base64,PHN2ZyB3aWR0aD0iMSIgaGVpZ2h0PSIxIiB4bWxucz0iaHR0cDovL3d3dy53My5vcmcvMjAwMC9zdmciPjwvc3ZnPg==\" style=\"--smush-placeholder-width: 653px; --smush-placeholder-aspect-ratio: 653\/442;\" \/><\/p>\n<p>&nbsp;<\/p>\n<p data-pm-slice=\"1 1 []\">Do tej pory we wn\u0119trzarskim \u015bwiecie kr\u00f3lowa\u0142 przede wszystkim styl skandynawski. Ponadczasowa biel i zachowawcze odcienie be\u017cu to kolory, kt\u00f3re niew\u0105tpliwie pi\u0119knie prezentuj\u0105 si\u0119 w domu. Jednak nie ma co ukrywa\u0107, nie wszystkim musz\u0105 one przypa\u015b\u0107 do gustu.<\/p>\n<p>Gdy poczujesz, \u017ce przyszed\u0142 czas na zmiany, wprowad\u017a now\u0105 energi\u0119 do pomieszcze\u0144 za pomoc\u0105 kolor\u00f3w. Nie popadaj jednak w skrajno\u015bci. Zbyt mocne i odwa\u017cne odcienie mog\u0105 przyt\u0142oczy\u0107 pomieszczenie i je optycznie zmniejszy\u0107. Postaw na pastele. To w\u0142a\u015bnie te kolory tworz\u0105 optymistyczne przytulne wn\u0119trza, w kt\u00f3rych chce si\u0119 sp\u0119dza\u0107 ka\u017cd\u0105 woln\u0105 chwil\u0119. Pastelowe kolory \u015bcian, czy te\u017c pastelowe odcienie dekoracji i wszelkich ozd\u00f3b to co\u015b, co pomo\u017ce w aran\u017cacji wn\u0119trz ciekawych i niebanalnych.<\/p>\n<h2><strong>Dlaczego w aran\u017cacji wn\u0119trz kolory pastelowe sprawdzaj\u0105 si\u0119 idealnie?<\/strong><\/h2>\n<p>Pastelowe kolory \u015bcian i dekoracji to doskona\u0142y pomys\u0142 zar\u00f3wno do wi\u0119kszych, jak i ma\u0142ych przestrzeni. Dlaczego?<\/p>\n<ul>\n<li>Nie dominuj\u0105 pomieszczenia, a jedynie subtelnie je podkre\u015blaj\u0105. Pastelowe kolory farb to r\u00f3wnie\u017c pomys\u0142 na delikatne podzielenie pomieszczenia na strefy bez zastawiania go meblami, czy roboczymi \u015bciankami dzia\u0142owymi. Z kolei pastelowe dodatki uzupe\u0142niaj\u0105 wn\u0119trze i wydobywaj\u0105 z aran\u017cacji prawdziwe pi\u0119kno.<\/li>\n<li>Zar\u00f3wno w ma\u0142ych, jak i du\u017cych przestrzeniach swobodnie mo\u017cesz \u0142\u0105czy\u0107 pastelowe kolory farb z pastelowymi dekoracjami lub nawet meblami. Pastelowe kolory nie maj\u0105 bowiem zdolno\u015bci do dominowania wn\u0119trza i przyt\u0142aczania go.<\/li>\n<li>Z pasteli bardzo \u0142atwo stworzy\u0107 motyw przewodni. Dzi\u0119ki temu pastelowy kolory mog\u0105 zago\u015bci\u0107 zar\u00f3wno na \u015bcianach, jak i dodatkach, uwypuklaj\u0105c jednocze\u015bnie, \u017ce jest to zabieg przemy\u015blany i celowy.<\/li>\n<\/ul>\n<h2><strong>Pastelowe kolory \u015bcian &#8211; co wybiera\u0107?<\/strong><\/h2>\n<p>Kolory pastelowe na \u015bcianach prezentuj\u0105 si\u0119 bardzo dobrze. Pami\u0119taj jednak o zasadach &#8222;otwierania pomieszczenia&#8221; i nie maluj wszystkich \u015bcian na jeden kolor. Nawet pastelowe \u015bciany mog\u0105 optycznie przyt\u0142oczy\u0107 pomieszczenie, je\u015bli koloru b\u0119dzie tam za du\u017co. W konkretnej aran\u017cacji wn\u0119trz pozwalaj sobie na jedn\u0105 lub dwie \u015bciany w danym kolorze.<\/p>\n<p>Ponadto pami\u0119taj, \u017ce nie wszystko musisz \u0142\u0105czy\u0107 z biel\u0105. W\u015br\u00f3d pasteli znajdziesz kolory, kt\u00f3re doskonale sprawdz\u0105 si\u0119 w duecie, np. szaro\u015b\u0107 i przybrudzony r\u00f3\u017c.<\/p>\n<h2><strong>Pastelowy b\u0142\u0119kit motywem przewodnim w pokoju ch\u0142opca<\/strong><\/h2>\n<p>Kolor b\u0142\u0119kitny kojarzy si\u0119 ze spostrzegawczo\u015bci\u0105, wyobra\u017ani\u0105 oraz tw\u00f3rczo\u015bci\u0105. W takim razie, czy mo\u017cesz wybra\u0107 lepszy kolor do pokoju Twojego syna? Zrezygnuj jednak z malowania wszystkich \u015bcian tym samym kolorem. Mo\u017ce to wprowadzi\u0107 niepotrzebn\u0105 nud\u0119 i monotoni\u0119 do pokoju, w kt\u00f3rym powinna go\u015bci\u0107 przede wszystkim rado\u015b\u0107 i zabawa.<\/p>\n<p><strong>Pastelowy b\u0142\u0119kit<\/strong> <strong>idealnie sprawdzi si\u0119 w towarzystwie szaro\u015bci<\/strong> lub z\u0142amanej bieli. W takim miejscu ka\u017cde dziecko b\u0119dzie si\u0119 czu\u0107 dobrze i bezpiecznie. A to istotne zar\u00f3wno podczas zabawy, jak i p\u00f3\u017aniej \u2013 w czasie nauki.<\/p>\n<p>Pami\u0119taj tak\u017ce o meblach i dodatkach. Po\u0142\u0105czenie koloru jasnego d\u0119bu z b\u0142\u0119kitem sprawdzi si\u0119 w ka\u017cdym, nawet ma\u0142ym pokoju. I z pewno\u015bci\u0105 nie przyt\u0142oczy przestrzeni.<\/p>\n<p>Oczywi\u015bcie nie chodzi tu o to, by ka\u017cdy detal by\u0142 niebieski. Jednak przewijaj\u0105cy si\u0119 motyw kolorystyczny nada wn\u0119trzu sp\u00f3jno\u015bci i harmonii, a ca\u0142o\u015b\u0107 aran\u017cacji b\u0119dzie napawa\u0142a optymizmem i dzieci\u0119c\u0105 rado\u015bci\u0105.<\/p>\n<figure id=\"attachment_11764\" aria-describedby=\"caption-attachment-11764\" style=\"width: 800px\" class=\"wp-caption alignnone\"><img decoding=\"async\" class=\"size-medium wp-image-11764 lazyload\" data-src=\"https:\/\/www.brw.pl\/blog\/wp-content\/uploads\/2020\/04\/timon-8-800x467.jpg\" alt=\"Kolekcja Timon\" width=\"800\" height=\"467\" data-srcset=\"https:\/\/www.brw.pl\/blog\/wp-content\/uploads\/2020\/04\/timon-8-800x467.jpg 800w, https:\/\/www.brw.pl\/blog\/wp-content\/uploads\/2020\/04\/timon-8-768x449.jpg 768w, https:\/\/www.brw.pl\/blog\/wp-content\/uploads\/2020\/04\/timon-8.jpg 1000w\" data-sizes=\"(max-width: 800px) 100vw, 800px\" src=\"data:image\/svg+xml;base64,PHN2ZyB3aWR0aD0iMSIgaGVpZ2h0PSIxIiB4bWxucz0iaHR0cDovL3d3dy53My5vcmcvMjAwMC9zdmciPjwvc3ZnPg==\" style=\"--smush-placeholder-width: 800px; --smush-placeholder-aspect-ratio: 800\/467;\" \/><figcaption id=\"caption-attachment-11764\" class=\"wp-caption-text\"><a href=\"https:\/\/www.brw.pl\/kolekcja-timon,517\">Kolekcja Timon<\/a><\/figcaption><\/figure>\n<p>&nbsp;<\/p>\n<h2 data-pm-slice=\"1 1 []\"><strong>Ksi\u0119\u017cniczka wybiera kolor \u2014 pastelowy r\u00f3\u017c w pokoju dziewczynki<\/strong><\/h2>\n<p>\u201eChc\u0119 r\u00f3\u017cowy pokoik!\u201d \u2013 i jak tu polemizowa\u0107 z tak stanowczym zdaniem? Nie pozostaje nic innego jak stworzy\u0107 \u015bwiat, w kt\u00f3rym kr\u00f3luje ten <strong>wyj\u0105tkowo optymistyczny kolor. Pastelowy r\u00f3\u017c jest do\u015b\u0107 uniwersalnym kolorem,<\/strong> kt\u00f3ry \u015bwietnie \u0142\u0105czy si\u0119 z innymi barwami, dlatego przy jego u\u017cyciu \u0142atwo stworzysz aran\u017cacj\u0119, kt\u00f3ra b\u0119dzie bardzo dziewcz\u0119ca i stylowa.<\/p>\n<p>W wyobra\u017ani ma\u0142ej dziewczynki, kt\u00f3ra kocha ksi\u0119\u017cniczki i kucyki, jej pok\u00f3j powinien by\u0107 praktycznie sk\u0105pany w r\u00f3\u017cu. Warto pohamowa\u0107 takie zap\u0119dy dziecka, gdy\u017c ryzykujesz stworzenie bardzo przyt\u0142aczaj\u0105cego i monotonnego pomieszczenia, kt\u00f3re pi\u0119knie wygl\u0105da jedynie w wyobra\u017ani Twojej pociechy. Zamiast tego <strong>wybierzcie jasne meble i zas\u0142ony \u2014 pastelowy r\u00f3\u017c niech za\u015b kr\u00f3luje na \u015bcianach.<\/strong><\/p>\n<p>Mo\u017cecie te\u017c pomalowa\u0107 \u015bciany na pi\u0119kny, neutralny kolor, a na pod\u0142odze po\u0142o\u017cy\u0107 jasny dywan. Pastelowy r\u00f3\u017c b\u0119dzie si\u0119 za to\u00a0 przewija\u0142 we wszystkich dodatkach i meblach, wsp\u00f3\u0142tworz\u0105c przepi\u0119kn\u0105 bajkow\u0105 krain\u0119. Jedno z takich rozwi\u0105za\u0144 zadowoli nie tylko Ciebie, ale tak\u017ce Twoj\u0105 pociech\u0119.<\/p>\n<figure id=\"attachment_10409\" aria-describedby=\"caption-attachment-10409\" style=\"width: 800px\" class=\"wp-caption alignnone\"><img decoding=\"async\" class=\"wp-image-10409 size-full lazyload\" data-src=\"https:\/\/www.brw.pl\/blog\/wp-content\/uploads\/2015\/08\/furniture-brw-luca-juzi-kom1s-bedside-table-5_enl.jpg\" alt=\"\" width=\"800\" height=\"526\" data-srcset=\"https:\/\/www.brw.pl\/blog\/wp-content\/uploads\/2015\/08\/furniture-brw-luca-juzi-kom1s-bedside-table-5_enl.jpg 800w, https:\/\/www.brw.pl\/blog\/wp-content\/uploads\/2015\/08\/furniture-brw-luca-juzi-kom1s-bedside-table-5_enl-768x505.jpg 768w\" data-sizes=\"(max-width: 800px) 100vw, 800px\" src=\"data:image\/svg+xml;base64,PHN2ZyB3aWR0aD0iMSIgaGVpZ2h0PSIxIiB4bWxucz0iaHR0cDovL3d3dy53My5vcmcvMjAwMC9zdmciPjwvc3ZnPg==\" style=\"--smush-placeholder-width: 800px; --smush-placeholder-aspect-ratio: 800\/526;\" \/><figcaption id=\"caption-attachment-10409\" class=\"wp-caption-text\"><a href=\"https:\/\/www.brw.pl\/lozko-90-luca-juzi,16735\">\u0141\u00f3\u017cko Luca Juzi<\/a><\/figcaption><\/figure>\n<p>&nbsp;<\/p>\n<h2 data-pm-slice=\"1 1 []\"><strong>Pudrowy r\u00f3\u017c w sypialni \u2014 cukierkowa przesada, czy wn\u0119trze z charakterem?<\/strong><\/h2>\n<p>A co, gdy ju\u017c jeste\u015b du\u017c\u0105 dziewczynk\u0105, ale nadal kochasz kolor r\u00f3\u017cowy? Urz\u0105dzony jest ju\u017c praktycznie ca\u0142y dom, pozosta\u0142a jedynie sypialnia. Pastelowy r\u00f3\u017c wcale nie jest z\u0142ym pomys\u0142em. Z odrobin\u0105 fantazji i rozwagi mo\u017cesz przemyci\u0107 sw\u00f3j ulubiony kolor do tego pomieszczenia<strong>. Pudrowy r\u00f3\u017c w sypialni mo\u017ce wygl\u0105da\u0107 bardzo elegancko<\/strong> i w niczym nie b\u0119dzie przypomina\u0142 cukierkowego kr\u00f3lestwa dziecka.<\/p>\n<p>Je\u017celi zdecydujesz si\u0119 na r\u00f3\u017c w <a href=\"https:\/\/www.brw.pl\/katalog-produktow\/sypialnia\/\" target=\"_blank\" rel=\"noopener noreferrer\">sypialni<\/a>, wystrzegaj si\u0119 monochromatycznego wn\u0119trza. To prosta droga do przesady. Kolor na \u015bcianach dope\u0142nij drewnianymi meblami. Naturalny kolor szafek wspaniale ociepli pomieszczenie. Dodaj do tego tekstylia w odcieniach szaro\u015bci.<\/p>\n<p>Bardzo dobrym pomys\u0142em b\u0119dzie u\u0142o\u017cony na \u015brodku szary, puszysty dywan. Pastelowy r\u00f3\u017c b\u0119dzie stanowi\u0142 dla nich idealne t\u0142o, tworz\u0105c wspania\u0142\u0105 przestrze\u0144 do wypoczynku.<\/p>\n<p>Mo\u017cesz tak\u017ce postawi\u0107 na bia\u0142e \u015bciany, a ukochany r\u00f3\u017c przemyci\u0107 w dodatkach. Tutaj ogranicza Ci\u0119 tylko Twoja wyobra\u017ania. <strong>Lampy, poduszki, po\u015bciel lub zas\u0142ony. Pastelowy r\u00f3\u017c ociepli biel \u015bcian<\/strong> i nada wn\u0119trzu niepowtarzalnego uroku. Dodatkowo to kolor, kt\u00f3ry sprzyja wyciszeniu po trudach dnia codziennego.<\/p>\n<p>Po ca\u0142ym dniu w pracy nic nie b\u0119dzie przyci\u0105ga\u0142o Ci\u0119 tak, jak Twoja sypialnia. Pastelowy r\u00f3\u017c pomo\u017ce Ci si\u0119 zrelaksowa\u0107, a jego dobroczynny wp\u0142yw docenisz nie tylko Ty, ale i Tw\u00f3j partner.<\/p>\n<figure id=\"attachment_17071\" aria-describedby=\"caption-attachment-17071\" style=\"width: 728px\" class=\"wp-caption alignnone\"><img decoding=\"async\" class=\"size-full wp-image-17071 lazyload\" data-src=\"https:\/\/www.brw.pl\/blog\/wp-content\/uploads\/2016\/02\/Naro\u017cnik-Karis.jpg\" alt=\"Naro\u017cnik Karis\" width=\"728\" height=\"483\" src=\"data:image\/svg+xml;base64,PHN2ZyB3aWR0aD0iMSIgaGVpZ2h0PSIxIiB4bWxucz0iaHR0cDovL3d3dy53My5vcmcvMjAwMC9zdmciPjwvc3ZnPg==\" style=\"--smush-placeholder-width: 728px; --smush-placeholder-aspect-ratio: 728\/483;\" \/><figcaption id=\"caption-attachment-17071\" class=\"wp-caption-text\"><a href=\"https:\/\/www.brw.pl\/naroznik-karis,31691\">Naro\u017cnik Karis<\/a><\/figcaption><\/figure>\n<p>&nbsp;<\/p>\n<h2 data-pm-slice=\"1 1 []\"><strong>Modne i ponadczasowe rozwi\u0105zanie, czyli szaro pastelowy salon<\/strong><\/h2>\n<p>Pastele sprawdz\u0105 si\u0119 nie tylko w sypialniach i dzieci\u0119cych pokojach. Stanowi\u0105 one idealne uzupe\u0142nienie dla koloru szarego, dlatego tak dobrze sprawdzaj\u0105 si\u0119 w modnych i nowoczesnych pokojach dziennych. <strong>Szaro-pastelowy salon<\/strong> <strong>ocieplony kolorami wyda si\u0119<\/strong> nie tylko <strong>przytulniejszy<\/strong>, ale tak\u017ce o wiele bardziej przestronny.<\/p>\n<p>Pami\u0119taj, \u017ce pastelowe kolory to nie tylko r\u00f3\u017c i b\u0142\u0119kit. W pokoju dziennym bardzo dobrze sprawdzi si\u0119 tak\u017ce pastelowa ziele\u0144. Ten wiosenny kolor b\u0119dzie idealnie prezentowa\u0142 si\u0119 na tle szarych \u015bcian. Zielone mog\u0105 by\u0107 poduszki na kanapie, czy ozdobne wazoniki na komodzie. Ca\u0142o\u015b\u0107 pi\u0119knie uzupe\u0142nisz zieleni\u0105 \u017cywych ro\u015blin, kt\u00f3re nadadz\u0105 wn\u0119trzu domowego charakteru.<\/p>\n<p>W tak urz\u0105dzonym salonie znakomicie sprawdz\u0105 si\u0119 meble z naturalnego drewna oraz dodatki wykonane z takich metali jak mosi\u0105dz, z\u0142oto lub mied\u017a. To wszystko po\u0142\u0105czone z szaro\u015bci\u0105 i pastelowym kolorem b\u0119dzie stanowi\u0142o niezwykle eleganck\u0105 opraw\u0119 dla Twojego salonu. Teraz z wielk\u0105 przyjemno\u015bci\u0105 b\u0119dziesz przyjmowa\u0107 go\u015bci, kt\u00f3rzy z pewno\u015bci\u0105 b\u0119d\u0105 zachwyceni Twoim wyczuciem stylu i smaku.<\/p>\n<figure id=\"attachment_9624\" aria-describedby=\"caption-attachment-9624\" style=\"width: 800px\" class=\"wp-caption alignnone\"><img decoding=\"async\" class=\"wp-image-9624 size-medium lazyload\" data-src=\"https:\/\/www.brw.pl\/blog\/wp-content\/uploads\/2018\/01\/Meble-Haga-800x525.png\" alt=\"Haga Amsterdam\" width=\"800\" height=\"525\" data-srcset=\"https:\/\/www.brw.pl\/blog\/wp-content\/uploads\/2018\/01\/Meble-Haga-800x525.png 800w, https:\/\/www.brw.pl\/blog\/wp-content\/uploads\/2018\/01\/Meble-Haga-1645x1080.png 1645w, https:\/\/www.brw.pl\/blog\/wp-content\/uploads\/2018\/01\/Meble-Haga-768x504.png 768w, https:\/\/www.brw.pl\/blog\/wp-content\/uploads\/2018\/01\/Meble-Haga-1536x1008.png 1536w, https:\/\/www.brw.pl\/blog\/wp-content\/uploads\/2018\/01\/Meble-Haga-scaled.png 1646w\" data-sizes=\"(max-width: 800px) 100vw, 800px\" src=\"data:image\/svg+xml;base64,PHN2ZyB3aWR0aD0iMSIgaGVpZ2h0PSIxIiB4bWxucz0iaHR0cDovL3d3dy53My5vcmcvMjAwMC9zdmciPjwvc3ZnPg==\" style=\"--smush-placeholder-width: 800px; --smush-placeholder-aspect-ratio: 800\/525;\" \/><figcaption id=\"caption-attachment-9624\" class=\"wp-caption-text\">Kolekcja Haga i<a href=\"https:\/\/www.brw.pl\/krzeslo-ultra-ii,20344\"> \u017c\u00f3\u0142te krzes\u0142a Ultra II<\/a><\/figcaption><\/figure>\n<p>&nbsp;<\/p>\n<h2 data-pm-slice=\"1 1 []\"><strong>Czy pastelowy r\u00f3\u017c w kuchni to dobry pomys\u0142?<\/strong><\/h2>\n<p>Pastele mog\u0105 kr\u00f3lowa\u0107 w ka\u017cdym pomieszczeniu w Twoim domu \u2014 tak\u017ce w kuchni. Landrynkowy r\u00f3\u017c, mi\u0119ta, czy kolor lod\u00f3w jagodowych nie bez powodu kojarz\u0105 si\u0119 nam z pysznym jedzeniem i domowym ciep\u0142em. I mi\u0119dzy innymi z tego powodu w\u0142a\u015bnie takie kolory mog\u0105 znale\u017a\u0107 si\u0119 na Twoich kuchennych \u015bcianach.<\/p>\n<p><strong>Je\u015bli nieco obawiasz si\u0119 tak mocnego akcentu kolorystycznego, postaw na dodatki w swoim ulubionym kolorze<\/strong>. W asortymencie sklep\u00f3w z \u0142atwo\u015bci\u0105 znajdziesz kolorow\u0105 zastaw\u0119 sto\u0142ow\u0105, pi\u0119kne pastelowe kubeczki, ale tak\u017ce czajniki i inny drobny sprz\u0119t AGD. U\u0142o\u017cone na bia\u0142ej bazie mebli i jasnych \u015bcian drobiazgi b\u0119d\u0105 stanowi\u0142y pi\u0119knie i pysznie wygl\u0105daj\u0105ce uzupe\u0142nienie Twojej kuchni<\/p>\n<p>A mo\u017ce jeste\u015b fank\u0105 stylu retro? To \u015bwietnie si\u0119 sk\u0142ada \u2013 tutaj pastele graj\u0105 pierwsze skrzypce. Mimo wszystko w tym przypadku te\u017c trzeba zachowa\u0107 umiar. Przecie\u017c nie chcesz stworzy\u0107 kiczowatej kuchni, od kt\u00f3rej a\u017c bol\u0105 oczy.<\/p>\n<p>Styl retro to bia\u0142a lub be\u017cowa baza w postaci \u015bcian i mebli kuchennych. Takie rozwi\u0105zanie znacznie powi\u0119ksza optycznie pomieszczenie. Kolor pojawia si\u0119 dopiero w dodatkach. Jednak nie mo\u017cemy si\u0119 ogranicza\u0107 jedynie do niewielkich element\u00f3w zastawy sto\u0142owej. Kolorowe maj\u0105 by\u0107 krzes\u0142a, lod\u00f3wka, a tak\u017ce kuchenka. Wszystko w ob\u0142ych kszta\u0142tach charakterystycznych dla lat sze\u015b\u0107dziesi\u0105tych.<\/p>\n<p>Nie zapomnij tak\u017ce o pod\u0142odze w czarno bia\u0142\u0105 szachownic\u0119, a w jednej chwili odb\u0119dziesz podr\u00f3\u017c do poprzedniej epoki. Teraz wszystko b\u0119dzie wydawa\u0142o si\u0119 smaczniejsze i weselsze, bo taka jest w\u0142a\u015bnie moc kolor\u00f3w.<\/p>\n<p><strong>Chcesz prze\u017cy\u0107 aran\u017cacyjn\u0105 podr\u00f3\u017c w czasie? Przeczytaj nasz poradnik i dowiedz si\u0119, co powinno charakteryzowa\u0107 <\/strong><a href=\"https:\/\/www.brw.pl\/blog\/podroz-w-czasie-wnetrza-w-stylu-retro\/\" target=\"_blank\" rel=\"noopener noreferrer\"><strong>wn\u0119trza w stylu retro<\/strong><\/a><strong>.<\/strong><\/p>\n","protected":false},"excerpt":{"rendered":"<p>Pastelowe kolory wprowadzaj\u0105 mn\u00f3stwo ciep\u0142a i \u017cycia do ka\u017cdego wn\u0119trza. Mo\u017ce z okazji nadej\u015bcia wiosny przyszed\u0142 czas na zmiany w Twoim mieszkaniu? Co zrobi\u0107, by pastelowy r\u00f3\u017c, odcienie b\u0142\u0119kitu i szaro\u015bci nie zdominowa\u0142y wn\u0119trz, a jedynie nada\u0142y im przytulnego charakteru? Kolory pastelowe nie musz\u0105 by\u0107 ani nudne, ani przewidywalne. Przekonaj si\u0119 sam! &nbsp; Do tej [&hellip;]<\/p>\n","protected":false},"author":5,"featured_media":4937,"comment_status":"open","ping_status":"open","sticky":false,"template":"","format":"standard","meta":{"footnotes":""},"categories":[39,9,572],"tags":[80,202,81,114,104,252,60,74,73,117],"aioseo_notices":[],"_links":{"self":[{"href":"https:\/\/www.brw.pl\/blog\/wp-json\/wp\/v2\/posts\/1232"}],"collection":[{"href":"https:\/\/www.brw.pl\/blog\/wp-json\/wp\/v2\/posts"}],"about":[{"href":"https:\/\/www.brw.pl\/blog\/wp-json\/wp\/v2\/types\/post"}],"author":[{"embeddable":true,"href":"https:\/\/www.brw.pl\/blog\/wp-json\/wp\/v2\/users\/5"}],"replies":[{"embeddable":true,"href":"https:\/\/www.brw.pl\/blog\/wp-json\/wp\/v2\/comments?post=1232"}],"version-history":[{"count":13,"href":"https:\/\/www.brw.pl\/blog\/wp-json\/wp\/v2\/posts\/1232\/revisions"}],"predecessor-version":[{"id":37027,"href":"https:\/\/www.brw.pl\/blog\/wp-json\/wp\/v2\/posts\/1232\/revisions\/37027"}],"wp:featuredmedia":[{"embeddable":true,"href":"https:\/\/www.brw.pl\/blog\/wp-json\/wp\/v2\/media\/4937"}],"wp:attachment":[{"href":"https:\/\/www.brw.pl\/blog\/wp-json\/wp\/v2\/media?parent=1232"}],"wp:term":[{"taxonomy":"category","embeddable":true,"href":"https:\/\/www.brw.pl\/blog\/wp-json\/wp\/v2\/categories?post=1232"},{"taxonomy":"post_tag","embeddable":true,"href":"https:\/\/www.brw.pl\/blog\/wp-json\/wp\/v2\/tags?post=1232"}],"curies":[{"name":"wp","href":"https:\/\/api.w.org\/{rel}","templated":true}]}}