{"id":126,"date":"2015-09-04T10:37:15","date_gmt":"2015-09-04T08:37:15","guid":{"rendered":"http:\/\/www.mojaplanetadom.pl\/?p=126"},"modified":"2024-10-01T11:25:08","modified_gmt":"2024-10-01T09:25:08","slug":"kanapa-naroznik-fotele-i-pufy-na-czym-mozesz-odpoczac-tej-jesieni","status":"publish","type":"post","link":"https:\/\/www.brw.pl\/blog\/kanapa-naroznik-fotele-i-pufy-na-czym-mozesz-odpoczac-tej-jesieni\/","title":{"rendered":"Kanapa, fotel czy pufa w salonie?"},"content":{"rendered":"<p data-pm-slice=\"1 3 []\"><strong>Kanapa, fotele, pufy, szezl\u0105gi lub\u2026 pod\u0142oga \u2013 mo\u017cliwo\u015bci jest wiele! Wyb\u00f3r zale\u017cy przede wszystkim od Twojego pomys\u0142u na efektownie urz\u0105dzony salon. Jesieni\u0105 warto szczeg\u00f3lnie zadba\u0107 o sw\u00f3j komfort \u2013 ograniczona ilo\u015b\u0107 \u015bwiat\u0142a s\u0142onecznego i zmienna pogoda mog\u0105 dzia\u0142a\u0107 na nas os\u0142abiaj\u0105co. Zatem na czym odpoczywa\u0107 w salonie? Oto meble tapicerowane, dzi\u0119ki kt\u00f3rym Tw\u00f3j pok\u00f3j dzienny stanie si\u0119 prawdziwie komfortowy!<\/strong><\/p>\n<p>Salon \u2013 zw\u0142aszcza w dobie popularno\u015bci otwartych stref dziennych \u2013 sta\u0142 si\u0119 pomieszczeniem wielofunkcyjnym. To najbardziej reprezentacyjne miejsce, w kt\u00f3rym przyjmujemy go\u015bci, tak\u017ce tych niespodziewanych. Warto zatem zadba\u0107 o jego funkcjonalno\u015b\u0107 po\u0142\u0105czon\u0105 z efektownym wyko\u0144czeniem stylizacji. Dr\u00f3g i pomys\u0142\u00f3w na to istnieje naprawd\u0119 wiele. My \u2013 pracownicy <a href=\"https:\/\/www.brw.pl\/\" target=\"_blank\" rel=\"noopener noreferrer\">firmy Black Red White<\/a> \u2013 podpowiadamy kilka z nich.<\/p>\n<h2><strong>Wielofunkcyjny mebel tapicerowany &#8211; dlaczego warto go mie\u0107 w swoim salonie?<\/strong><\/h2>\n<p>Urz\u0105dzaj\u0105c salon musimy pami\u0119ta\u0107 nie tylko o jego stylu i wygl\u0105dzie, ale r\u00f3wnie\u017c o funkcjonalno\u015bci. Szczeg\u00f3lnie wa\u017cne jest to w ma\u0142ych przestrzeniach, gdzie ka\u017cde dodatkowe siedzisko, a tak\u017ce miejsce do spania sprawia, \u017ce domownicy mog\u0105 przyjmowa\u0107 go\u015bci.<\/p>\n<ul>\n<li>Kanapa z funkcj\u0105 spania to dodatkowa przestrze\u0144 noclegowa, zar\u00f3wno dla domownik\u00f3w, jak i ich go\u015bci. Dzi\u0119ki nowym modelom kanap mo\u017cesz zyska\u0107 komfortow\u0105 powierzchni\u0119 spania bez konieczno\u015bci gospodarowania na to kolejnego pokoju. Przenocowanie go\u015bci w pokoju dziennym mo\u017ce pozosta\u0107 komfortowe.<\/li>\n<li>Kanapa z puf\u0105 &#8211; jak naro\u017cnik. Dodatkowy podn\u00f3\u017cek, czy te\u017c puf, kt\u00f3ry przy nim stoi, to zachowany w tym samym stylu niewielki mebel, dzi\u0119ki kt\u00f3remu powstaje nowe, komfortowe miejsce do siedzenia.<\/li>\n<li>Naro\u017cna kanapa, mimo \u017ce zajmuje niewiele miejsce, jest niezwykle funkcjonalna, oferuje du\u017co miejsc siedz\u0105cych, a przy tym mo\u017ce pe\u0142ni\u0107 r\u00f3wnie\u017c funkcj\u0119 \u015bcianki dzia\u0142owej na powierzchni open space.<\/li>\n<\/ul>\n<p>Nie tylko powierzchnia spania i miejsca siedz\u0105ce s\u0105 wa\u017cne, je\u015bli chodzi o meble tapicerowane. Aran\u017cacje wn\u0119trz z ich udzia\u0142em s\u0105 po prostu bardziej udane i daj\u0105 wi\u0119cej mo\u017cliwo\u015bci. Wykorzystaj to i spr\u00f3buj zaaran\u017cowa\u0107 przestrze\u0144 zgodnie z naszymi pomys\u0142ami.<\/p>\n<ol>\n<li>\n<h2><strong>Z sof\u0105 \u2013 klasycznie<\/strong><\/h2>\n<\/li>\n<\/ol>\n<p>Gdy my\u015blisz o tradycyjnej, znanej od wiek\u00f3w aran\u017cacji salonu, to masz przed oczami stolik na kaw\u0119, kanap\u0119 oraz fotele \u2013 najcz\u0119\u015bciej dwa. W takim otoczeniu na pewno dobrze zrelaksujesz si\u0119 jesiennego wieczoru.<\/p>\n<p>Podw\u00f3jne b\u0105d\u017a potr\u00f3jne kanapy to standard. W zale\u017cno\u015bci od typu obicia (materia\u0142 czy sk\u00f3ra) wnosz\u0105 do wn\u0119trza inny klimat \u2013 codzienny, relaksuj\u0105cy b\u0105d\u017a bardziej elegancki. W \u017cadnej sytuacji nie umniejsza to rangi mebla, kt\u00f3ry \u015bwietnie komponuje si\u0119 zar\u00f3wno z klasyczn\u0105, drewnian\u0105 zabudow\u0105 mieszkania, jak i z nowoczesnymi aran\u017cacjami w stylu skandynawskim. Wystarczy wyb\u00f3r odpowiedniego obicia oraz koloru. Mo\u017cesz tak\u017ce dobiera\u0107 sofy z funkcj\u0105 spania, by doda\u0107 przestrzeni funkcjonalnej warto\u015bci.<\/p>\n<p>W pomieszczeniu urz\u0105dzonym tradycyjnie b\u0119dzie pi\u0119knie wygl\u0105da\u0107 np. <strong>sofa Classic Black Red White<\/strong>.<\/p>\n<h5><strong>Takie rozwi\u0105zanie aran\u017cacyjne ma wiele zalet, np.:<\/strong><\/h5>\n<ul>\n<li>wielofunkcyjno\u015b\u0107,<\/li>\n<li>ustawno\u015b\u0107,<\/li>\n<li>komfort u\u017cytkowania.<\/li>\n<\/ul>\n<figure id=\"attachment_134\" aria-describedby=\"caption-attachment-134\" style=\"width: 653px\" class=\"wp-caption aligncenter\"><a href=\"https:\/\/www.brw.pl\/blog\/wp-content\/uploads\/2015\/09\/black-red-white-kolekcja-azteca.jpg\"><img decoding=\"async\" class=\"size-medium wp-image-134 lazyload\" data-src=\"\/blog\/wp-content\/uploads\/2015\/09\/black-red-white-kolekcja-azteca-653x367.jpg\" alt=\"Black Red White, kolekcja Azteca\" width=\"653\" height=\"367\" data-srcset=\"https:\/\/www.brw.pl\/blog\/wp-content\/uploads\/2015\/09\/black-red-white-kolekcja-azteca-653x367.jpg 653w, https:\/\/www.brw.pl\/blog\/wp-content\/uploads\/2015\/09\/black-red-white-kolekcja-azteca-1024x576.jpg 1024w, https:\/\/www.brw.pl\/blog\/wp-content\/uploads\/2015\/09\/black-red-white-kolekcja-azteca.jpg 1920w\" data-sizes=\"(max-width: 653px) 100vw, 653px\" src=\"data:image\/svg+xml;base64,PHN2ZyB3aWR0aD0iMSIgaGVpZ2h0PSIxIiB4bWxucz0iaHR0cDovL3d3dy53My5vcmcvMjAwMC9zdmciPjwvc3ZnPg==\" style=\"--smush-placeholder-width: 653px; --smush-placeholder-aspect-ratio: 653\/367;\" \/><\/a><figcaption id=\"caption-attachment-134\" class=\"wp-caption-text\">Black Red White, <a href=\"https:\/\/www.brw.pl\/kolekcja-azteca,169\" target=\"_blank\" rel=\"noopener noreferrer\">kolekcja Azteca<\/a><\/figcaption><\/figure>\n<ol start=\"2\" data-pm-slice=\"3 3 []\">\n<li>\n<h2><strong>Otwarta przestrze\u0144 z naro\u017cnikiem<\/strong><\/h2>\n<\/li>\n<\/ol>\n<p>\u0141\u0105czenie salonu z kuchni\u0105 oraz jadalni\u0105 wymaga odpowiedniego rozplanowania przestrzeni. Wszystko po to, by w ka\u017cdym miejscu m\u00f3c si\u0119 cieszy\u0107 wygod\u0105 i nie przeszkadza\u0107 pozosta\u0142ym mieszka\u0144com w wykonywaniu czynno\u015bci.<\/p>\n<p>W roli wyznacznika granicy mi\u0119dzy jednym pomieszczeniem a drugim sprawdzaj\u0105 si\u0119 coraz popularniejsze naro\u017cniki, czyli <strong>sofy w kszta\u0142cie litery L<\/strong>.<\/p>\n<p>Dobrze, by kanapa, jako g\u0142\u00f3wny element wystroju wn\u0119trza, zwraca\u0142a uwag\u0119 i wyr\u00f3\u017cnia\u0142a si\u0119 na tle pozosta\u0142ych mebli. Powy\u017csze kryteria spe\u0142nia m.in. <a href=\"https:\/\/www.brw.pl\/naroznik-fino-2srf-recrf-audio-led,6804\" target=\"_blank\" rel=\"noopener noreferrer\">sofa Fino<\/a>. Wmontowane w jej stela\u017c o\u015bwietlenie ledowe nadaje ca\u0142o\u015bci nowoczesnego charakteru, kt\u00f3ry idealnie podkre\u015bli zar\u00f3wno minimalistyczne, industrialne, jak i klasyczne aran\u017cacje wn\u0119trza. Zapewni tak\u017ce bezpieczne poruszanie si\u0119 w pomieszczeniu przy zgaszonym \u015bwietle \u2013 delikatna po\u015bwiata pada na pod\u0142og\u0119, dzi\u0119ki czemu b\u0119dzie mo\u017cna poczu\u0107 si\u0119 bezpieczniej.<\/p>\n<h5><strong>Zalety naro\u017cnika:<\/strong><\/h5>\n<ul>\n<li>zmie\u015bci si\u0119 na nim wi\u0119cej os\u00f3b ni\u017c na klasycznej sofie,<\/li>\n<li>oddzieli salon od kuchni\/jadalni w otwartej strefie dziennej,<\/li>\n<li>w wersji rozk\u0142adanej mo\u017ce pe\u0142ni\u0107 funkcj\u0119 \u0142\u00f3\u017cka.<\/li>\n<\/ul>\n<figure id=\"attachment_136\" aria-describedby=\"caption-attachment-136\" style=\"width: 653px\" class=\"wp-caption aligncenter\"><a href=\"https:\/\/www.brw.pl\/blog\/wp-content\/uploads\/2015\/09\/black-red-white-kolekcja-danton.jpg\"><img decoding=\"async\" class=\"size-medium wp-image-136 lazyload\" data-src=\"\/blog\/wp-content\/uploads\/2015\/09\/black-red-white-kolekcja-danton-653x367.jpg\" alt=\"Black Red White, kolekcja Danton\" width=\"653\" height=\"367\" data-srcset=\"https:\/\/www.brw.pl\/blog\/wp-content\/uploads\/2015\/09\/black-red-white-kolekcja-danton-653x367.jpg 653w, https:\/\/www.brw.pl\/blog\/wp-content\/uploads\/2015\/09\/black-red-white-kolekcja-danton-1024x576.jpg 1024w, https:\/\/www.brw.pl\/blog\/wp-content\/uploads\/2015\/09\/black-red-white-kolekcja-danton.jpg 1920w\" data-sizes=\"(max-width: 653px) 100vw, 653px\" src=\"data:image\/svg+xml;base64,PHN2ZyB3aWR0aD0iMSIgaGVpZ2h0PSIxIiB4bWxucz0iaHR0cDovL3d3dy53My5vcmcvMjAwMC9zdmciPjwvc3ZnPg==\" style=\"--smush-placeholder-width: 653px; --smush-placeholder-aspect-ratio: 653\/367;\" \/><\/a><figcaption id=\"caption-attachment-136\" class=\"wp-caption-text\">Black Red White, <a href=\"https:\/\/www.brw.pl\/kolekcja-danton,202\" target=\"_blank\" rel=\"noopener noreferrer\">kolekcja Danton<\/a><\/figcaption><\/figure>\n<ol start=\"3\" data-pm-slice=\"3 1 []\">\n<li>\n<h2><strong>Relaks na wygodnym fotelu<\/strong><\/h2>\n<\/li>\n<\/ol>\n<p>Bez problemu mo\u017cna zrezygnowa\u0107 z sofy w salonie \u2013 wszystko w zale\u017cno\u015bci od potrzeb. Czasem wynika to z ma\u0142ego metra\u017cu, czasem z pomys\u0142u na wn\u0119trze. Czym w\u00f3wczas zast\u0105pi\u0107 ten mebel? Pierwszym skojarzeniem s\u0105 oczywi\u015bcie <strong>fotele<\/strong>.<\/p>\n<p>G\u0142\u0119bokie, z wysokim b\u0105d\u017a niskim oparciem, na stela\u017cu, sk\u00f3rzane lub materia\u0142owe \u2013 ile gust\u00f3w, tyle modeli. Ka\u017cdy z pewno\u015bci\u0105 znajdzie co\u015b dla siebie.<\/p>\n<p><strong>Fotel jest doskona\u0142ym wyj\u015bciem, je\u015bli np. rzadko przebywasz w domu. <\/strong>Wtedy nie potrzebujesz typowego zestawu wypoczynkowego. Dzi\u0119ki umieszczeniu we wn\u0119trzu fotela lub dw\u00f3ch zapewnisz sobie miejsce do siedzenia, a dodatkowo oszcz\u0119dzisz cenne miejsce. Obok niego niewielki stolik kawowy, by\u0107 mo\u017ce dostawiana pufa w roli podn\u00f3\u017cka. Ten wygodny mebel pozwoli Ci prawdziwie odpocz\u0105\u0107.<\/p>\n<h5><strong>Zalety fotela to:<\/strong><\/h5>\n<ul>\n<li>r\u00f3\u017cnorodno\u015b\u0107 form,<\/li>\n<li>ma\u0142e rozmiary,<\/li>\n<li>wygodne podparcie kr\u0119gos\u0142upa.<\/li>\n<\/ul>\n<p>Szukasz fotela do swojego domu? W naszej ofercie z pewno\u015bci\u0105 znajdziesz modle dla siebie.<\/p>\n<figure id=\"attachment_696\" aria-describedby=\"caption-attachment-696\" style=\"width: 653px\" class=\"wp-caption aligncenter\"><a href=\"https:\/\/www.brw.pl\/blog\/wp-content\/uploads\/2015\/09\/Black-Red-White-kolekcja-Senegal.jpg\"><img decoding=\"async\" class=\"size-medium wp-image-696 lazyload\" data-src=\"\/blog\/wp-content\/uploads\/2015\/09\/Black-Red-White-kolekcja-Senegal-653x367.jpg\" alt=\"Black Red White, kolekcja Senegal\" width=\"653\" height=\"367\" data-srcset=\"https:\/\/www.brw.pl\/blog\/wp-content\/uploads\/2015\/09\/Black-Red-White-kolekcja-Senegal-653x367.jpg 653w, https:\/\/www.brw.pl\/blog\/wp-content\/uploads\/2015\/09\/Black-Red-White-kolekcja-Senegal-1024x576.jpg 1024w, https:\/\/www.brw.pl\/blog\/wp-content\/uploads\/2015\/09\/Black-Red-White-kolekcja-Senegal.jpg 1920w\" data-sizes=\"(max-width: 653px) 100vw, 653px\" src=\"data:image\/svg+xml;base64,PHN2ZyB3aWR0aD0iMSIgaGVpZ2h0PSIxIiB4bWxucz0iaHR0cDovL3d3dy53My5vcmcvMjAwMC9zdmciPjwvc3ZnPg==\" style=\"--smush-placeholder-width: 653px; --smush-placeholder-aspect-ratio: 653\/367;\" \/><\/a><figcaption id=\"caption-attachment-696\" class=\"wp-caption-text\">Black Red White, <a href=\"https:\/\/www.brw.pl\/kolekcja-senegal,33\" target=\"_blank\" rel=\"noopener noreferrer\">kolekcja Senegal<\/a><\/figcaption><\/figure>\n<ul>\n<li>\n<ol start=\"4\" data-pm-slice=\"3 3 []\">\n<li>\n<h2><strong>Na pod\u0142odze albo z pufem<\/strong><\/h2>\n<\/li>\n<\/ol>\n<p>Coraz cz\u0119\u015bciej uzupe\u0142niamy swoje wn\u0119trza o pufy, nie rezygnuj\u0105c przy tym z typowych siedzisk. Wracamy do podstaw, do dzieci\u0144stwa, kiedy to najwygodniejszym miejscem do siedzenia by\u0142a pod\u0142oga. Je\u015bli dysponujesz du\u017c\u0105 przestrzeni\u0105, warto rozwa\u017cy\u0107 ten element wystroju. <strong>Dodasz w ten spos\u00f3b koloru i zachwycisz swoich go\u015bci.<\/strong><\/p>\n<p><a href=\"https:\/\/www.brw.pl\/katalog-produktow\/?a=5370,cupido\" target=\"_blank\" rel=\"noopener noreferrer\">Puf Cupido<\/a> razem z podn\u00f3\u017ckiem to dodatkowe miejsce siedz\u0105ce, gdy chcesz si\u0119 zrelaksowa\u0107 wygodnie po trudnym dniu w pracy. Jej ciekawe zabarwienie wpisze si\u0119 idealnie w industrialne wn\u0119trze, o\u017cywiaj\u0105c je nieco i dodaj\u0105c cieplejszego klimatu. Tak naprawd\u0119 mo\u017cna j\u0105 \u0142\u0105czy\u0107 na wiele r\u00f3\u017cnych sposob\u00f3w. Zale\u017cy to jedynie od Twoich pomys\u0142\u00f3w.<\/p>\n<h5><strong>Zalety pufy:<\/strong><\/h5>\n<ul>\n<li>stanowi dodatkow\u0105 dekoracj\u0119 wn\u0119trza,<\/li>\n<li>jest to wygodne miejsce do siedzenia.<\/li>\n<\/ul>\n<\/li>\n<\/ul>\n","protected":false},"excerpt":{"rendered":"<p>Kanapa, fotele, pufy, szezl\u0105gi lub\u2026 pod\u0142oga \u2013 mo\u017cliwo\u015bci jest wiele! Wyb\u00f3r zale\u017cy przede wszystkim od Twojego pomys\u0142u na efektownie urz\u0105dzony salon. Jesieni\u0105 warto szczeg\u00f3lnie zadba\u0107 o sw\u00f3j komfort \u2013 ograniczona ilo\u015b\u0107 \u015bwiat\u0142a s\u0142onecznego i zmienna pogoda mog\u0105 dzia\u0142a\u0107 na nas os\u0142abiaj\u0105co. Zatem na czym odpoczywa\u0107 w salonie? Oto meble tapicerowane, dzi\u0119ki kt\u00f3rym Tw\u00f3j pok\u00f3j dzienny [&hellip;]<\/p>\n","protected":false},"author":5,"featured_media":1989,"comment_status":"open","ping_status":"open","sticky":false,"template":"","format":"standard","meta":{"footnotes":""},"categories":[28,574],"tags":[63,101,62,61,64,60,201],"aioseo_notices":[],"_links":{"self":[{"href":"https:\/\/www.brw.pl\/blog\/wp-json\/wp\/v2\/posts\/126"}],"collection":[{"href":"https:\/\/www.brw.pl\/blog\/wp-json\/wp\/v2\/posts"}],"about":[{"href":"https:\/\/www.brw.pl\/blog\/wp-json\/wp\/v2\/types\/post"}],"author":[{"embeddable":true,"href":"https:\/\/www.brw.pl\/blog\/wp-json\/wp\/v2\/users\/5"}],"replies":[{"embeddable":true,"href":"https:\/\/www.brw.pl\/blog\/wp-json\/wp\/v2\/comments?post=126"}],"version-history":[{"count":17,"href":"https:\/\/www.brw.pl\/blog\/wp-json\/wp\/v2\/posts\/126\/revisions"}],"predecessor-version":[{"id":37388,"href":"https:\/\/www.brw.pl\/blog\/wp-json\/wp\/v2\/posts\/126\/revisions\/37388"}],"wp:featuredmedia":[{"embeddable":true,"href":"https:\/\/www.brw.pl\/blog\/wp-json\/wp\/v2\/media\/1989"}],"wp:attachment":[{"href":"https:\/\/www.brw.pl\/blog\/wp-json\/wp\/v2\/media?parent=126"}],"wp:term":[{"taxonomy":"category","embeddable":true,"href":"https:\/\/www.brw.pl\/blog\/wp-json\/wp\/v2\/categories?post=126"},{"taxonomy":"post_tag","embeddable":true,"href":"https:\/\/www.brw.pl\/blog\/wp-json\/wp\/v2\/tags?post=126"}],"curies":[{"name":"wp","href":"https:\/\/api.w.org\/{rel}","templated":true}]}}