{"id":1270,"date":"2019-12-17T08:00:21","date_gmt":"2019-12-17T07:00:21","guid":{"rendered":"http:\/\/www.mojaplanetadom.pl\/?p=1270"},"modified":"2024-10-02T14:20:34","modified_gmt":"2024-10-02T12:20:34","slug":"osobno-czy-razem-z-rodzicami-gdzie-powinno-spac-niemowle","status":"publish","type":"post","link":"https:\/\/www.brw.pl\/blog\/osobno-czy-razem-z-rodzicami-gdzie-powinno-spac-niemowle\/","title":{"rendered":"Osobno czy razem z rodzicami? Gdzie powinno spa\u0107 niemowl\u0119?"},"content":{"rendered":"<p><strong>Sen niemowl\u0105t z rodzicami to kwestia, kt\u00f3ra wzbudza wiele dyskusji. Rodzice wci\u0105\u017c zastanawiaj\u0105 si\u0119, czy lepiej wybra\u0107 osobne \u0142\u00f3\u017cka dla siebie i dziecka, czy te\u017c zdecydowa\u0107 si\u0119 na wsp\u00f3lne spanie z maluchem. Ty r\u00f3wnie\u017c nie wiesz, jakie rozwi\u0105zanie b\u0119dzie lepsze? Spr\u00f3bujemy pom\u00f3c Ci znale\u017a\u0107 odpowied\u017a na to pytanie. <\/strong><strong>Zapraszamy do lektury!<\/strong><\/p>\n<p>Z tego artyku\u0142u dowiesz si\u0119:<\/p>\n<ul>\n<li>czy spanie z niemowlakiem jest korzystne dla dziecka,<\/li>\n<li>do jakiego wieku spanie dziecka z rodzicami jest naturalne,<\/li>\n<li>co wp\u0142ywa na spokojny sen dziecka.<\/li>\n<\/ul>\n<p><img decoding=\"async\" class=\"aligncenter size-medium wp-image-4724 lazyload\" data-src=\"https:\/\/www.brw.pl\/blog\/wp-content\/uploads\/2019\/04\/Dreviso_baby_ar1_05_2018lFaYeqWeaWZRmdiQiHtf-800x495.jpg\" alt=\"\" width=\"800\" height=\"495\" data-srcset=\"https:\/\/www.brw.pl\/blog\/wp-content\/uploads\/2019\/04\/Dreviso_baby_ar1_05_2018lFaYeqWeaWZRmdiQiHtf-800x495.jpg 800w, https:\/\/www.brw.pl\/blog\/wp-content\/uploads\/2019\/04\/Dreviso_baby_ar1_05_2018lFaYeqWeaWZRmdiQiHtf-768x475.jpg 768w, https:\/\/www.brw.pl\/blog\/wp-content\/uploads\/2019\/04\/Dreviso_baby_ar1_05_2018lFaYeqWeaWZRmdiQiHtf.jpg 1745w\" data-sizes=\"(max-width: 800px) 100vw, 800px\" src=\"data:image\/svg+xml;base64,PHN2ZyB3aWR0aD0iMSIgaGVpZ2h0PSIxIiB4bWxucz0iaHR0cDovL3d3dy53My5vcmcvMjAwMC9zdmciPjwvc3ZnPg==\" style=\"--smush-placeholder-width: 800px; --smush-placeholder-aspect-ratio: 800\/495;\" \/><\/p>\n<h2><\/h2>\n<h2>Wsp\u00f3lne spanie z noworodkiem<\/h2>\n<p>Kiedy my\u015blisz o spaniu z noworodkiem, z pewno\u015bci\u0105 widzisz wiele zalet takiego stanu rzeczy. Pozwala ono na zacie\u015bnienie wi\u0119z\u00f3w z maluchem, sprawia, \u017ce dziecko szybciej zasypia i \u015bpi spokojniej, wzrasta te\u017c jego poczucie bezpiecze\u0144stwa, poniewa\u017c czuje blisko\u015b\u0107 mamy. To g\u0142\u00f3wne zalety spania z malcem.<\/p>\n<p>Brzmi sielsko i anielsko, prawda? Niestety, do czasu. Wsp\u00f3lne spanie ma bowiem r\u00f3wnie\u017c minusy. Wielu rodzic\u00f3w martwi si\u0119 o to, \u017ce zapadn\u0105 w zbyt mocny sen i przez nieuwag\u0119 zrobi\u0105 dziecku krzywd\u0119. Trudno w takiej sytuacji o spokojn\u0105 noc. Czy istnieje wi\u0119c z\u0142oty \u015brodek?<\/p>\n<p>&nbsp;<\/p>\n<h2><strong>Blisko\u015b\u0107, ciep\u0142o, bezpiecze\u0144stwo \u2013 czego do snu potrzeba ma\u0142emu dziecku?<\/strong><\/h2>\n<p>Aby zapewni\u0107 maluchowi odpowiednie warunki, warto wiedzie\u0107, jak \u015bpi niemowl\u0119. Jego sen w pierwszych miesi\u0105cach \u017cycia trwa od 16 do 20 godzin na dob\u0119. To kilkana\u015bcie kr\u00f3tkich drzemek lub kilka d\u0142u\u017cszych. Nie ma \u017cadnej zasady, wszystko zale\u017cy od organizmu i potrzeb dziecka. \u015api ono tak\u017ce \u2013 ku zaskoczeniu m\u0142odych rodzic\u00f3w \u2013 w ruchu! Dzieje si\u0119 tak, poniewa\u017c ko\u0142ysanie je uspokaja i usypia.<\/p>\n<p><strong>Niemowl\u0119 do snu potrzebuje tak\u017ce:<\/strong><\/p>\n<ul>\n<li>ciep\u0142a,<\/li>\n<li>blisko\u015bci,<\/li>\n<li>zapachu mamy,<\/li>\n<li>spokojnego i znajomego g\u0142osu,<\/li>\n<li>dotyku,<\/li>\n<li>rytmicznego ko\u0142ysania.<\/li>\n<\/ul>\n<p>W u\u015bpieniu pociechy pomo\u017ce Ci np. owini\u0119cie jej w koc \u2013 dzi\u0119ki temu delikatnie ograniczysz mo\u017cliwo\u015b\u0107 jej ruchu, co u noworodk\u00f3w jest wa\u017cne, poniewa\u017c s\u0105 do tego przyzwyczajone, b\u0119d\u0105c jeszcze w \u0142onie matki. Otulenie, ciep\u0142o oraz niezbyt mocne ko\u0142ysanie przypomina bowiem dziecku warunki, w jakich znajdowa\u0142o si\u0119 w \u0142onie matki.<\/p>\n<p>Dobrym pomys\u0142em, kt\u00f3ry mo\u017cesz wykorzysta\u0107, jest wcze\u015bniejsze otulenie siebie kocykiem malucha. Dzi\u0119ki temu dziecko b\u0119dzie czu\u0142o zapach rodzica. Je\u015bli maluch ma k\u0142opoty z za\u015bni\u0119ciem, pom\u00f3c mo\u017ce r\u00f3wnie\u017c szumi\u0105cy, regularny d\u017awi\u0119k.<\/p>\n<figure id=\"attachment_9687\" aria-describedby=\"caption-attachment-9687\" style=\"width: 800px\" class=\"wp-caption aligncenter\"><a href=\"https:\/\/www.brw.pl\/bambusowy-koc,21971\"><img decoding=\"async\" class=\"wp-image-9687 size-medium lazyload\" data-src=\"https:\/\/www.brw.pl\/blog\/wp-content\/uploads\/2016\/02\/Bambusowy-koc-800x450.jpg\" alt=\"\" width=\"800\" height=\"450\" data-srcset=\"https:\/\/www.brw.pl\/blog\/wp-content\/uploads\/2016\/02\/Bambusowy-koc-800x450.jpg 800w, https:\/\/www.brw.pl\/blog\/wp-content\/uploads\/2016\/02\/Bambusowy-koc.jpg 1920w, https:\/\/www.brw.pl\/blog\/wp-content\/uploads\/2016\/02\/Bambusowy-koc-768x432.jpg 768w, https:\/\/www.brw.pl\/blog\/wp-content\/uploads\/2016\/02\/Bambusowy-koc-1536x864.jpg 1536w\" data-sizes=\"(max-width: 800px) 100vw, 800px\" src=\"data:image\/svg+xml;base64,PHN2ZyB3aWR0aD0iMSIgaGVpZ2h0PSIxIiB4bWxucz0iaHR0cDovL3d3dy53My5vcmcvMjAwMC9zdmciPjwvc3ZnPg==\" style=\"--smush-placeholder-width: 800px; --smush-placeholder-aspect-ratio: 800\/450;\" \/><\/a><figcaption id=\"caption-attachment-9687\" class=\"wp-caption-text\"><a href=\"https:\/\/www.brw.pl\/bambusowy-koc,21971\">Mi\u0119kki koc<\/a> pomo\u017ce wyciszy\u0107 dziecko<\/figcaption><\/figure>\n<p>&nbsp;<\/p>\n<h2><strong>\u0141\u00f3\u017cko rodzic\u00f3w, dostawka czy dzieci\u0119ce \u0142\u00f3\u017ceczko \u2013 gdzie powinno spa\u0107 niemowl\u0119?<\/strong><\/h2>\n<p>Trudno jednoznacznie rozstrzygn\u0105\u0107 kwesti\u0119 miejsca noclegu ma\u0142ego dziecka \u2013 ka\u017cde potencjalne rozwi\u0105zanie ma swoje wady i zalety. Poni\u017cej przedstawiamy najwa\u017cniejsze z nich.<\/p>\n<p>&nbsp;<\/p>\n<ol>\n<li><strong> Spanie z dzieckiem (tzw. co-sleeping)<\/strong><\/li>\n<\/ol>\n<p>To typowe rozwi\u0105zanie dla kultur pierwotnych \u2013 kiedy\u015b spanie w jednym \u0142\u00f3\u017cku z dzieckiem by\u0142o codziennym rytua\u0142em. Obecnie zn\u00f3w staje si\u0119 coraz bardziej popularne. Niesie za sob\u0105 wiele zalet. Profesor James McKenna przez 30 lat bada\u0142 dzieci \u015bpi\u0105ce z rodzicami. Co wywnioskowa\u0142 z bada\u0144? Cho\u0107by to, \u017ce dzi\u0119ki wsp\u00f3lnemu spaniu rodzic\u00f3w z dzie\u0107mi buduj\u0105 oni blisk\u0105 i trwa\u0142\u0105 wi\u0119\u017a z maluchem.<\/p>\n<p>Noworodki czuj\u0105 si\u0119 bezpieczniej przy mamie i s\u0105 mniej zdezorientowane (w ko\u0144cu \u015bwiat jest dla nich nowy). Wsp\u00f3lne spanie zmniejsza te\u017c ryzyko wyst\u0105pienia SIDS, czyli tzw. \u015bmierci \u0142\u00f3\u017ceczkowej. Wed\u0142ug bada\u0144 dzieci, kt\u00f3re na pocz\u0105tku \u017cycia spa\u0142y z rodzicami, w p\u00f3\u017aniejszym wieku maj\u0105 wi\u0119ksz\u0105 samoakceptacj\u0119, cechuj\u0105 si\u0119 lepszym zdrowiem i spokojnym usposobieniem.<\/p>\n<p>Spanie z noworodkiem ma r\u00f3wnie\u017c korzy\u015bci dla rodzic\u00f3w, a w szczeg\u00f3lno\u015bci dla mam, kt\u00f3re zdecydowa\u0142y si\u0119 na karmienie piersi\u0105. Jest ono bowiem znacznie bardziej komfortowe. G\u0142odne, p\u0142acz\u0105ce w nocy dziecko nie zmusza mamy do wstawania, dzi\u0119ki czemu mo\u017ce ona lepiej wypocz\u0105\u0107. Nocne karmienie w przypadku wsp\u00f3lnego spania z rodzicami nie wi\u0105\u017ce si\u0119 tak\u017ce z konieczno\u015bci\u0105 ponownego usypiania dziecka &#8211; cz\u0119sto zasypia ono bowiem przy piersi.<\/p>\n<p>Je\u015bli zdecydujesz si\u0119 na spanie z dzieckiem, wybierz wi\u0119ksze \u0142\u00f3\u017cko \u2013 tak, aby spokojnie zmie\u015bci\u0142y si\u0119 na nim dwie doros\u0142e osoby oraz jedno dziecko. Wtedy najlepiej wybra\u0107 takie o szeroko\u015bci min. 180 cm.<\/p>\n<p>Bezpiecze\u0144stwo dziecka zwi\u0119kszysz r\u00f3wnie\u017c unikaj\u0105c zb\u0119dnych dodatk\u00f3w i ozd\u00f3b, takich jak mi\u0119kkie poduszki \u201eja\u015bki\u201d, czy ozdobne poszewki. Pomi\u0119dzy poduszkami, na kt\u00f3rych \u015bpi\u0105 rodzice, nie powinno by\u0107 r\u00f3wnie\u017c du\u017cych przerw. Zadbaj r\u00f3wnie\u017c o materac &#8211; powinien \u015bci\u015ble przylega\u0107 do ramy \u0142\u00f3\u017cka. Ewentualne szczeliny mog\u0105 stanowi\u0107 zagro\u017cenie dla dziecka.<\/p>\n<figure id=\"attachment_82\" aria-describedby=\"caption-attachment-82\" style=\"width: 653px\" class=\"wp-caption aligncenter\"><img decoding=\"async\" class=\"size-medium wp-image-82 lazyload\" data-src=\"https:\/\/www.brw.pl\/blog\/wp-content\/uploads\/2015\/09\/black-red-white-kolekcja-luca-653x433.jpg\" alt=\"Black Red White kolekcja Luca\" width=\"653\" height=\"433\" data-srcset=\"https:\/\/www.brw.pl\/blog\/wp-content\/uploads\/2015\/09\/black-red-white-kolekcja-luca-653x433.jpg 653w, https:\/\/www.brw.pl\/blog\/wp-content\/uploads\/2015\/09\/black-red-white-kolekcja-luca-1024x679.jpg 1024w, https:\/\/www.brw.pl\/blog\/wp-content\/uploads\/2015\/09\/black-red-white-kolekcja-luca.jpg 1254w\" data-sizes=\"(max-width: 653px) 100vw, 653px\" src=\"data:image\/svg+xml;base64,PHN2ZyB3aWR0aD0iMSIgaGVpZ2h0PSIxIiB4bWxucz0iaHR0cDovL3d3dy53My5vcmcvMjAwMC9zdmciPjwvc3ZnPg==\" style=\"--smush-placeholder-width: 653px; --smush-placeholder-aspect-ratio: 653\/433;\" \/><figcaption id=\"caption-attachment-82\" class=\"wp-caption-text\"><a href=\"https:\/\/www.brw.pl\/kolekcja-luca,226\">Du\u017ce \u0142\u00f3\u017cko to podstawa dla rodzic\u00f3w \u015bpi\u0105cych z dzieckiem<\/a><\/figcaption><\/figure>\n<p>&nbsp;<\/p>\n<ol start=\"2\">\n<li><strong> Dostawka do \u0142\u00f3\u017cka rodzic\u00f3w<\/strong><\/li>\n<\/ol>\n<p>Mo\u017cna j\u0105 specjalnie dopasowa\u0107 do swojego \u0142\u00f3\u017cka albo po prostu dostawi\u0107 dzieci\u0119ce \u0142\u00f3\u017ceczko ze zdj\u0119tym bokiem. Warunek: wa\u017cne, by meble by\u0142y dopasowane do siebie pod wzgl\u0119dem wysoko\u015bci!<br \/>\nKorzystanie z dostawek ma wiele zalet. Decyduj\u0105c si\u0119 na taki mebel, masz szans\u0119 korzysta\u0107 z dobrodziejstw wsp\u00f3lnego spania, a jednocze\u015bnie zyskujesz z partnerem \u0142\u00f3\u017cko tylko dla siebie. Mo\u017cesz wi\u0119c czu\u0107 si\u0119 bardziej komfortowo i nie obawia\u0107 si\u0119 o bezpiecze\u0144stwo dziecka w czasie snu.<br \/>\nNiestety, takie rozwi\u0105zanie wymaga wi\u0119cej miejsca w sypialni. Nie w przypadku ka\u017cdego pomieszczenia przy \u0142\u00f3\u017cku znajduje si\u0119 do\u015b\u0107 miejsca.<\/p>\n<p>&nbsp;<\/p>\n<ol start=\"3\">\n<li><strong> Dzieci\u0119ce \u0142\u00f3\u017ceczko<\/strong><\/li>\n<\/ol>\n<p>W tym wypadku ka\u017cdy \u2013 zar\u00f3wno Ty, jak i dziecko \u2013 macie w\u0142asn\u0105 przestrze\u0144. Jest to jednak ryzykowne rozwi\u0105zanie, zw\u0142aszcza na pocz\u0105tku. Maluch w pierwszych tygodniach \u017cycia potrzebuje blisko\u015bci, zapachu i bezpiecze\u0144stwa. Oddalenie od rodzic\u00f3w wywo\u0142uje niespokojny sen, a w konsekwencji \u2013 cz\u0119stsze wstawanie do niego w nocy. Musisz r\u00f3wnie\u017c mie\u0107 \u015bwiadomo\u015b\u0107, \u017ce spanie dziecka w osobnym \u0142\u00f3\u017ceczku mo\u017ce mie\u0107 negatywny wp\u0142yw na laktacj\u0119 (szczeg\u00f3lnie w pierwszych miesi\u0105cach \u017cycia potomka).<\/p>\n<p>Nale\u017cy r\u00f3wnie\u017c mie\u0107 na wzgl\u0119dzie to, \u017ce w pierwszych tygodniach i miesi\u0105cach \u017cycia dziecka mo\u017ce doj\u015b\u0107 do zatrzymania oddechu lub ulewania pokarmu. Nawet je\u015bli zdecydujesz si\u0119 na osobne \u0142\u00f3\u017cko dla malucha, warto zadba\u0107 o to, by spa\u0142 on w bardzo bliskim s\u0105siedztwie ma\u0142\u017ce\u0144skiego \u0142o\u017ca. Zwi\u0119kszy to jego bezpiecze\u0144stwo, a rodzicom zapewni spokojn\u0105 g\u0142ow\u0119.<\/p>\n<figure id=\"attachment_6495\" aria-describedby=\"caption-attachment-6495\" style=\"width: 800px\" class=\"wp-caption aligncenter\"><a href=\"https:\/\/www.brw.pl\/lozeczko-dzieciece-timon,27495\"><img decoding=\"async\" class=\"wp-image-6495 size-medium lazyload\" data-src=\"https:\/\/www.brw.pl\/blog\/wp-content\/uploads\/2019\/08\/Timon-www_render-800x450.jpg\" alt=\"MI\u0119towe dodatki do domu - wyprzed\u017a trendy\" width=\"800\" height=\"450\" data-srcset=\"https:\/\/www.brw.pl\/blog\/wp-content\/uploads\/2019\/08\/Timon-www_render-800x450.jpg 800w, https:\/\/www.brw.pl\/blog\/wp-content\/uploads\/2019\/08\/Timon-www_render-768x432.jpg 768w, https:\/\/www.brw.pl\/blog\/wp-content\/uploads\/2019\/08\/Timon-www_render.jpg 1918w\" data-sizes=\"(max-width: 800px) 100vw, 800px\" src=\"data:image\/svg+xml;base64,PHN2ZyB3aWR0aD0iMSIgaGVpZ2h0PSIxIiB4bWxucz0iaHR0cDovL3d3dy53My5vcmcvMjAwMC9zdmciPjwvc3ZnPg==\" style=\"--smush-placeholder-width: 800px; --smush-placeholder-aspect-ratio: 800\/450;\" \/><\/a><figcaption id=\"caption-attachment-6495\" class=\"wp-caption-text\"><a href=\"https:\/\/www.brw.pl\/lozeczko-dzieciece-timon,27495\">Dzieci\u0119ce \u0142\u00f3\u017ceczko<\/a> w pierwszych miesi\u0105cach powinno znajdowa\u0107 si\u0119 blisko rodzic\u00f3w.<\/figcaption><\/figure>\n<p>&nbsp;<\/p>\n<h2><strong>Jakie \u0142\u00f3\u017ceczko wybra\u0107 dla dziecka?<\/strong><\/h2>\n<p>Je\u015bli zdecydujesz si\u0119 na to, by Twoje dziecko spa\u0142o we w\u0142asnym \u0142\u00f3\u017ceczku, warto postawi\u0107 na produkty, kt\u00f3re posiadaj\u0105 odpowiednie atesty. Dotyczy to zar\u00f3wno \u0142\u00f3\u017cka, jak i materaca. Dzi\u0119ki temu zyskasz pewno\u015b\u0107, \u017ce stworzona przestrze\u0144 jest dla malucha w pe\u0142ni bezpieczna.<\/p>\n<figure id=\"attachment_9688\" aria-describedby=\"caption-attachment-9688\" style=\"width: 728px\" class=\"wp-caption aligncenter\"><a href=\"https:\/\/www.brw.pl\/lozeczko-dzieciece-dreviso-baby,26508\"><img decoding=\"async\" class=\"size-full wp-image-9688 lazyload\" data-src=\"https:\/\/www.brw.pl\/blog\/wp-content\/uploads\/2016\/02\/\u0141\u00f3\u017ceczko-dzieci\u0119ce-Dreviso-Baby.jpg\" alt=\"\" width=\"728\" height=\"483\" src=\"data:image\/svg+xml;base64,PHN2ZyB3aWR0aD0iMSIgaGVpZ2h0PSIxIiB4bWxucz0iaHR0cDovL3d3dy53My5vcmcvMjAwMC9zdmciPjwvc3ZnPg==\" style=\"--smush-placeholder-width: 728px; --smush-placeholder-aspect-ratio: 728\/483;\" \/><\/a><figcaption id=\"caption-attachment-9688\" class=\"wp-caption-text\"><a href=\"https:\/\/www.brw.pl\/lozeczko-dzieciece-dreviso-baby,26508\">\u0141\u00f3\u017ceczko dzieci\u0119ce Dreviso Baby<\/a><\/figcaption><\/figure>\n<p>&nbsp;<\/p>\n<p>Warto szuka\u0107 \u0142\u00f3\u017ceczka, kt\u00f3re posiada pozytywn\u0105 opini\u0119 Instytutu Matki i Dziecka. To modele, kt\u00f3re posiadaj\u0105 solidne szczebelki oraz mo\u017cliwo\u015b\u0107 regulacji wysoko\u015bci powierzchni spania, dzi\u0119ki czemu mo\u017cesz dostosowa\u0107 je do wieku malucha. Wi\u0119cej informacji o wyborze idealnego \u0142\u00f3\u017cka dla dziecka znajdziesz w artykule <a href=\"https:\/\/www.brw.pl\/blog\/jakie-powinno-byc-lozko-do-pokoju-dzieciecego\/\">Jakie powinno by\u0107 \u0142\u00f3\u017cko do pokoju dzieci\u0119cego?<\/a><\/p>\n<p>Zwr\u00f3\u0107 r\u00f3wnie\u017c uwag\u0119 na to, jaki materac znajdzie si\u0119 w \u0142\u00f3\u017cku niemowlaka. On r\u00f3wnie\u017c ma wp\u0142yw na bezpiecze\u0144stwo i komfort snu malucha. Stawiaj na materace, kt\u00f3re wykonane s\u0105 z materia\u0142\u00f3w posiadaj\u0105cych atest higieniczny. Materac dla niemowlaka nie mo\u017ce by\u0107 r\u00f3wnie\u017c zbyt mi\u0119kki. Najlepiej sprawdz\u0105 si\u0119 modele o \u015brednim stopniu twardo\u015bci.<\/p>\n<figure id=\"attachment_7999\" aria-describedby=\"caption-attachment-7999\" style=\"width: 800px\" class=\"wp-caption aligncenter\"><a href=\"https:\/\/www.brw.pl\/kolekcja-dreviso-baby,511-pokoj-niemowlecy\"><img decoding=\"async\" class=\"wp-image-7999 size-medium lazyload\" data-src=\"https:\/\/www.brw.pl\/blog\/wp-content\/uploads\/2019\/10\/Kolekcja-mebli-Dreviso-Baby-800x533.jpg\" alt=\"Kolekcja mebli Dreviso Baby\" width=\"800\" height=\"533\" data-srcset=\"https:\/\/www.brw.pl\/blog\/wp-content\/uploads\/2019\/10\/Kolekcja-mebli-Dreviso-Baby-800x533.jpg 800w, https:\/\/www.brw.pl\/blog\/wp-content\/uploads\/2019\/10\/Kolekcja-mebli-Dreviso-Baby-768x512.jpg 768w, https:\/\/www.brw.pl\/blog\/wp-content\/uploads\/2019\/10\/Kolekcja-mebli-Dreviso-Baby.jpg 1620w\" data-sizes=\"(max-width: 800px) 100vw, 800px\" src=\"data:image\/svg+xml;base64,PHN2ZyB3aWR0aD0iMSIgaGVpZ2h0PSIxIiB4bWxucz0iaHR0cDovL3d3dy53My5vcmcvMjAwMC9zdmciPjwvc3ZnPg==\" style=\"--smush-placeholder-width: 800px; --smush-placeholder-aspect-ratio: 800\/533;\" \/><\/a><figcaption id=\"caption-attachment-7999\" class=\"wp-caption-text\"><a href=\"https:\/\/www.brw.pl\/kolekcja-dreviso-baby,511-pokoj-niemowlecy\">Kolekcja Dreviso Baby<\/a> samodzielny pok\u00f3j dziecka mo\u017ce by\u0107 bezpieczny<\/figcaption><\/figure>\n<p>&nbsp;<\/p>\n<h2><strong>Nie ma jednego dobrego rozwi\u0105zania<\/strong><\/h2>\n<p>Decyzja o tym, gdzie b\u0119dzie spa\u0142a Twoja pociecha, zale\u017cy wy\u0142\u0105cznie od Ciebie. Maluchy maj\u0105 r\u00f3\u017cne temperamenty, ich sen r\u00f3wnie\u017c mo\u017ce przebiega\u0107 inaczej. Niekt\u00f3re ju\u017c po up\u0142ywie kilku miesi\u0119cy s\u0105 w stanie przespa\u0107 samodzielnie ca\u0142\u0105 noc, inne za\u015b budz\u0105 si\u0119 nawet kilkukrotnie.<\/p>\n<p>Warto wi\u0119c przeanalizowa\u0107 spos\u00f3b w jaki \u015bpi noworodek, a decyzj\u0119 o wyborze \u0142\u00f3\u017ceczka czy dostawki podj\u0105\u0107 po obserwacji jego zachowania i potrzeb. Nie musisz r\u00f3wnie\u017c obawia\u0107 si\u0119, \u017ce dziecko pozostanie w Waszej sypialni na zawsze. Przyjmuje si\u0119, \u017ce po drugim roku \u017cycia dziecko jest gotowe do tego, by przenie\u015b\u0107 si\u0119 do w\u0142asnego pokoju. Wypracowanie rutyny dotycz\u0105cej zasypiania, blisko\u015b\u0107 rodzic\u00f3w przed za\u015bni\u0119ciem oraz atrakcyjny wygl\u0105d w\u0142asnej sypialni i \u0142\u00f3\u017cka skutecznie prze\u0142amuj\u0105 jego opory przed samodzielnym spaniem.<\/p>\n<p>Pami\u0119taj r\u00f3wnie\u017c, \u017ce blisko\u015b\u0107 w pierwszych miesi\u0105cach \u017cycia dziecka jest niezwykle wa\u017cna, dlatego nawet je\u015bli zdecydujesz si\u0119 na osobne \u0142\u00f3\u017ceczko dzieci\u0119ce, zadbaj, by by\u0142o jak najbli\u017cej Ciebie. Dzi\u0119ki temu zawsze b\u0119dziesz przy dziecku wtedy, gdy b\u0119dzie tego potrzebowa\u0142o.<\/p>\n<p>&nbsp;<\/p>\n<h2>Gdzie dziecko \u015bpi najlepiej? Podsumowanie<\/h2>\n<p>Dziecko \u015bpi cz\u0119sto w \u0142\u00f3\u017cku rodzic\u00f3w zanim na dobre przyzwyczai si\u0119 do spania we w\u0142asnym \u0142\u00f3\u017cku. W\u0142a\u015bnie w \u0142\u00f3\u017cku rodzic\u00f3w czuje si\u0119 bezpiecznie, dlatego spanie razem z dzieckiem w jednym \u0142\u00f3\u017cku jest cz\u0119sto zalecane. Zanim dziecko za\u015bnie w swoim \u0142\u00f3\u017ceczku we w\u0142asnym pokoju mo\u017ce spa\u0107 razem z rodzicami. W \u0142\u00f3\u017cku rodzic\u00f3w lub na specjalnej dostawce. Jak pokazuj\u0105 badania, dzieci \u015bpi\u0105ce w jednym \u0142\u00f3\u017cku z rodzicami nawi\u0105zuj\u0105 z nimi bli\u017csz\u0105 i bardziej trwa\u0142\u0105 wi\u0119\u017a. Spanie z dzieckiem w jednym \u0142\u00f3\u017cku rodzic\u00f3w ma pozytywny wp\u0142yw dla rozwoju dziecka, jest r\u00f3wnie\u017c u\u0142atwieniem w karmieniu piersi\u0105 oraz gdy dziecko zbudzi si\u0119 z p\u0142aczem w \u015brodku nocy. Wi\u0119ksze poczucie bezpiecze\u0144stwa to bezpo\u015brednie nast\u0119pstwo spania ze swoim dzieckiem w jednym \u0142\u00f3\u017cku. Bliski kontakt powinien charakteryzowa\u0107 zw\u0142aszcza pierwsze tygodnie przebywania dziecka w domu po powrocie ze szpitala.<\/p>\n<p>Nie zawsze jednak spanie razem z dzieckiem w jednym \u0142\u00f3\u017cku jest wskazane. Unikaj tego po za\u017cyciu lek\u00f3w psychotropowych, lub gdy jeste\u015b pod wp\u0142ywem alkoholu albo gdy palenie papieros\u00f3w jest dla Ciebie naturaln\u0105 czynno\u015bci\u0105. Wtedy lepiej po\u0142o\u017cy\u0107 malucha we w\u0142asnym pokoju i nie spa\u0107 z dzieckiem w jednym \u0142\u00f3\u017cku. Spanie z dzieckiem mo\u017ce by\u0107 przyjemne i po\u017cyteczne, ale przede wszystkim musi by\u0107 odpowiedzialne. Czasem lepiej zanie\u015b\u0107 niemowl\u0119 do jego \u0142\u00f3\u017ceczka w drugim <em>pokoju.<\/em><\/p>\n","protected":false},"excerpt":{"rendered":"<p>Sen niemowl\u0105t z rodzicami to kwestia, kt\u00f3ra wzbudza wiele dyskusji. Rodzice wci\u0105\u017c zastanawiaj\u0105 si\u0119, czy lepiej wybra\u0107 osobne \u0142\u00f3\u017cka dla siebie i dziecka, czy te\u017c zdecydowa\u0107 si\u0119 na wsp\u00f3lne spanie z maluchem. Ty r\u00f3wnie\u017c nie wiesz, jakie rozwi\u0105zanie b\u0119dzie lepsze? Spr\u00f3bujemy pom\u00f3c Ci znale\u017a\u0107 odpowied\u017a na to pytanie. Zapraszamy do lektury! Z tego artyku\u0142u dowiesz [&hellip;]<\/p>\n","protected":false},"author":5,"featured_media":4724,"comment_status":"open","ping_status":"open","sticky":false,"template":"","format":"standard","meta":{"footnotes":""},"categories":[750,574,29],"tags":[161,81,235,114,255,55,74],"aioseo_notices":[],"_links":{"self":[{"href":"https:\/\/www.brw.pl\/blog\/wp-json\/wp\/v2\/posts\/1270"}],"collection":[{"href":"https:\/\/www.brw.pl\/blog\/wp-json\/wp\/v2\/posts"}],"about":[{"href":"https:\/\/www.brw.pl\/blog\/wp-json\/wp\/v2\/types\/post"}],"author":[{"embeddable":true,"href":"https:\/\/www.brw.pl\/blog\/wp-json\/wp\/v2\/users\/5"}],"replies":[{"embeddable":true,"href":"https:\/\/www.brw.pl\/blog\/wp-json\/wp\/v2\/comments?post=1270"}],"version-history":[{"count":9,"href":"https:\/\/www.brw.pl\/blog\/wp-json\/wp\/v2\/posts\/1270\/revisions"}],"predecessor-version":[{"id":22158,"href":"https:\/\/www.brw.pl\/blog\/wp-json\/wp\/v2\/posts\/1270\/revisions\/22158"}],"wp:featuredmedia":[{"embeddable":true,"href":"https:\/\/www.brw.pl\/blog\/wp-json\/wp\/v2\/media\/4724"}],"wp:attachment":[{"href":"https:\/\/www.brw.pl\/blog\/wp-json\/wp\/v2\/media?parent=1270"}],"wp:term":[{"taxonomy":"category","embeddable":true,"href":"https:\/\/www.brw.pl\/blog\/wp-json\/wp\/v2\/categories?post=1270"},{"taxonomy":"post_tag","embeddable":true,"href":"https:\/\/www.brw.pl\/blog\/wp-json\/wp\/v2\/tags?post=1270"}],"curies":[{"name":"wp","href":"https:\/\/api.w.org\/{rel}","templated":true}]}}