{"id":131,"date":"2020-11-24T06:40:23","date_gmt":"2020-11-24T05:40:23","guid":{"rendered":"http:\/\/www.mojaplanetadom.pl\/?p=131"},"modified":"2024-09-12T10:12:29","modified_gmt":"2024-09-12T08:12:29","slug":"wielofunkcyjna-pufa-czyli-zadbaj-o-swoja-wygode-jesienia","status":"publish","type":"post","link":"https:\/\/www.brw.pl\/blog\/wielofunkcyjna-pufa-czyli-zadbaj-o-swoja-wygode-jesienia\/","title":{"rendered":"Pufa \u2013 wielofunkcyjna i designerska dekoracja salonu"},"content":{"rendered":"<p><strong>Ten nieco zapomniany mebel potrafi by\u0107 o wiele bardziej u\u017cyteczny, ni\u017c si\u0119 spodziewasz. Pufa \u2013 wielofunkcyjna i komfortowa \u2013 b\u0119dzie nie tylko ozdob\u0105, ale przede wszystkim por\u0119cznym dodatkiem w ka\u017cdym salonie. Pufa jako stolik kawowy, uniwersalne siedzisko czy schowek na rzeczy? Sprawd\u017a, jak jeszcze mo\u017cesz j\u0105 wykorzysta\u0107!<\/strong><\/p>\n<div style=\"display: flex; align-items: center; justify-content: center; text-align: center;\"><img decoding=\"async\" class=\"size-full wp-image-15256 aligncenter lazyload\" data-src=\"https:\/\/www.brw.pl\/blog\/wp-content\/uploads\/2015\/09\/pufy.jpg\" alt=\"Pufa - dekoracja salonu\" width=\"1254\" height=\"832\" data-srcset=\"https:\/\/www.brw.pl\/blog\/wp-content\/uploads\/2015\/09\/pufy.jpg 1254w, https:\/\/www.brw.pl\/blog\/wp-content\/uploads\/2015\/09\/pufy-800x531.jpg 800w, https:\/\/www.brw.pl\/blog\/wp-content\/uploads\/2015\/09\/pufy-768x510.jpg 768w\" data-sizes=\"(max-width: 1254px) 100vw, 1254px\" src=\"data:image\/svg+xml;base64,PHN2ZyB3aWR0aD0iMSIgaGVpZ2h0PSIxIiB4bWxucz0iaHR0cDovL3d3dy53My5vcmcvMjAwMC9zdmciPjwvc3ZnPg==\" style=\"--smush-placeholder-width: 1254px; --smush-placeholder-aspect-ratio: 1254\/832;\" \/><\/div>\n<div><\/div>\n<div>\n<p data-pm-slice=\"1 1 []\">Ciesz\u0105ce si\u0119 wielk\u0105 popularno\u015bci\u0105 w latach \u201890 czy dwutysi\u0119cznych \u2013 a nast\u0119pnie nieco zapomniane pufy ponownie wracaj\u0105 do \u0142ask. <span data-color=\"var(--purple-10)\">Nowoczesne meble to tak\u017ce pufy.<\/span> I bardzo dobrze, poniewa\u017c <strong>wielofunkcyjna pufa daje naprawd\u0119 wiele mo\u017cliwo\u015bci aran\u017cacyjnych.<\/strong> Designerskie pufy kochamy nie tylko za komfort i wygod\u0119, ale przede wszystkim stylowy wygl\u0105d oraz mnogo\u015b\u0107 zastosowa\u0144. Przekonaj si\u0119, dlaczego warto mie\u0107 puf\u0119 w swoim salonie i jak wiele mebli mo\u017cesz ni\u0105 zast\u0105pi\u0107.<\/p>\n<\/div>\n<div>\n<h2>Pufy: stylowe meble nie tylko na jesie\u0144<\/h2>\n<p>Przestrze\u0144 wypoczynkowa to wa\u017cne miejsce w ka\u017cdym domu. Jesieni\u0105 mo\u017cemy szczeg\u00f3lnie doceni\u0107 jej walory, kiedy w d\u0142ugie wieczory pozwala nam si\u0119 zrelaksowa\u0107, ale tak\u017ce przyj\u0105\u0107 go\u015bci lub odpocz\u0105\u0107 w rodzinnym gronie. Z pewno\u015bci\u0105 znamy pojemne naro\u017cniki i wygodne kanapy, sprawdzaj\u0105ce si\u0119 w tej roli. Warto te\u017c zwr\u00f3ci\u0107 uwag\u0119 <strong>na pufy, kt\u00f3re ze wzgl\u0119du na swoj\u0105 wielofunkcyjno\u015b\u0107 s\u0105 \u015bwietnym dodatkiem do salonu (np. pufa stolik)<\/strong>.<\/p>\n<p data-pm-slice=\"1 1 []\">Pok\u00f3j dzienny to miejsce, gdzie jesieni\u0105 zwykle przebywa si\u0119 najcz\u0119\u015bciej. Wypoczywasz w nim z rodzin\u0105 i przyjaci\u00f3\u0142mi, a tak\u017ce przyjmujesz go\u015bci. Dobrze jest zatem dysponowa\u0107 odpowiedni\u0105 przestrzeni\u0105, gdzie ka\u017cdy znajdzie wygodne miejsce do siedzenia. Mo\u017ce to by\u0107 kanapa i fotel lub naro\u017cnik z szezlongiem. Do tego kompletu \u015bwietnie b\u0119dzie pasowa\u0107 pufa, kt\u00f3r\u0105 wykorzystasz na wiele sposob\u00f3w. <span data-color=\"var(--purple-10)\">Du\u017ca pufa mo\u017ce pe\u0142ni\u0107 w nim funkcj\u0119 drugiego fotela. \u0141atwiej j\u0105 przenie\u015b\u0107, co pomaga w utrzymaniu czysto\u015bci &#8211; nie uzbieraj\u0105 si\u0119 pod ni\u0105 k\u0142\u0119by kurzu. Pufa b\u0119dzie te\u017c dobrze wygl\u0105da\u0107 w towarzystwie stolika kawowego. Sprawdzi si\u0119, gdy pojawi si\u0119 wi\u0119cej go\u015bci i zabraknie miejsca do siedzenia.<\/span><\/p>\n<h2>Pufa wielofunkcyjna \u2013 jak mo\u017cesz j\u0105 wykorzysta\u0107?<\/h2>\n<p data-pm-slice=\"1 1 []\">Wsp\u00f3\u0142czesne pufy dzi\u0119ki swojej wszechstronno\u015bci s\u0105 wielofunkcyjnym meblem, sprawdzaj\u0105cym si\u0119 w ka\u017cdym pomieszczeniu. Dost\u0119pne w r\u00f3\u017cnych kolorach oraz typach obi\u0107 pasuj\u0105 do nowoczesnych i klasycznych aran\u017cacji. W\u0142a\u015bnie dlatego mo\u017ce wybra\u0107 je ka\u017cdy, kto potrzebuje wi\u0119cej przestrzeni dla swoich go\u015bci. S\u0105 \u015bwietnym dodatkiem do zestaw\u00f3w wypoczynkowych, ale sprawdzaj\u0105 si\u0119 r\u00f3wnie\u017c jako pojedynczy mebel \u2013 zw\u0142aszcza kiedy w pokoju brakuje powierzchni, \u017ceby wstawia\u0107 obszerne fotele. <span data-color=\"var(--purple-10)\">W razie potrzeby pufa mo\u017ce nawet zmieni\u0107 si\u0119 w stolik nocny.<\/span><\/p>\n<p><strong>Nowoczesne pufy wielofunkcyjne to przede wszystkim uniwersalne siedziska.<\/strong> Mo\u017cesz dzi\u0119ki nim \u201cwyczarowa\u0107\u201d dodatkowe miejsca przed telewizorem \u2013 np. w sytuacji, gdy odwiedz\u0105 Ci\u0119 go\u015bcie i okazuje si\u0119, \u017ce wszyscy nie zmie\u015bcicie si\u0119 na kanapie. Je\u015bli natomiast relaksujesz si\u0119 w gronie domownik\u00f3w \u2013 ta sama <strong>pufa mo\u017ce sta\u0107 si\u0119 tak\u017ce bardzo wygodnym podn\u00f3\u017ckiem<\/strong>, kt\u00f3ry pozwoli Ci przyj\u0105\u0107 komfortow\u0105 pozycj\u0119 po m\u0119cz\u0105cym dniu. <span data-color=\"var(--purple-10)\">Wymarzone wn\u0119trze mo\u017ce du\u017co zyska\u0107 dzi\u0119ki tak niepozornemu meblowi.<\/span><\/p>\n<p>Pufy mo\u017cesz u\u0142o\u017cy\u0107 wok\u00f3\u0142 niskiego sto\u0142u i wygodnie spo\u017cywa\u0107 posi\u0142ek, siedz\u0105c na nich. Sprawdz\u0105 si\u0119 tak\u017ce podczas innych czynno\u015bci wykonywanych przy stole \u2013 np. gry w plansz\u00f3wki (gdy brakuje foteli lub krzese\u0142 dla graczy).<br \/>\n<!--\n\n\n<div style=\"display: flex; align-items: center; justify-content: center; text-align: center;\"><img decoding=\"async\" class=\"size-full wp-image-15257 aligncenter lazyload\" data-src=\"https:\/\/www.brw.pl\/blog\/wp-content\/uploads\/2015\/09\/black-pufy.jpg\" alt=\"black pufy\" width=\"800\" height=\"548\" data-srcset=\"https:\/\/www.brw.pl\/blog\/wp-content\/uploads\/2015\/09\/black-pufy.jpg 800w, https:\/\/www.brw.pl\/blog\/wp-content\/uploads\/2015\/09\/black-pufy-768x526.jpg 768w\" data-sizes=\"(max-width: 800px) 100vw, 800px\" src=\"data:image\/svg+xml;base64,PHN2ZyB3aWR0aD0iMSIgaGVpZ2h0PSIxIiB4bWxucz0iaHR0cDovL3d3dy53My5vcmcvMjAwMC9zdmciPjwvc3ZnPg==\" style=\"--smush-placeholder-width: 800px; --smush-placeholder-aspect-ratio: 800\/548;\" \/><\/div>\n\n\n--><\/p>\n<\/div>\n<div>\n<p>&nbsp;<\/p>\n<p><strong>Najpopularniejszym sposobem wykorzystania jest jednak oczywi\u015bcie pufa jako stolik<\/strong> \u2013 mo\u017cesz po\u0142o\u017cy\u0107 na niej przedmioty, kt\u00f3re akurat chcesz mie\u0107 pod r\u0119k\u0105 \u2013 np. ksi\u0105\u017ck\u0119, gazet\u0119, piloty od telewizora, przek\u0105ski czy okulary.<\/p>\n<p>Pufa mo\u017ce mie\u0107 wiele zastosowa\u0144 i s\u0142u\u017cy\u0107 nie tylko do siedzenia. Oczywi\u015bcie jest to jej g\u0142\u00f3wne przeznaczenie, ale istnieje jeszcze kilka propozycji, aby efektywnie wykorzysta\u0107 ten mebel. Warto pami\u0119ta\u0107, <strong>niekt\u00f3re pufy maj\u0105 schowek, dzi\u0119ki czemu oferuj\u0105 przestrze\u0144 do przechowywania nieu\u017cywanych przedmiot\u00f3w<\/strong>. We wn\u0119ce pufy mo\u017cesz schowa\u0107 wszystko to, czego nie zmie\u015bcisz do szafy lub przedmioty, kt\u00f3re chcesz mie\u0107 obok siebie, ale niekoniecznie \u201cna widoku\u201d. <span data-color=\"var(--purple-10)\">W pokoju dziecka pufa mo\u017ce zmieni\u0107 si\u0119 w skrzyni\u0119 pe\u0142n\u0105 skarb\u00f3w w trakcie kt\u00f3rej\u015b z zabaw.<\/span><\/p>\n<h2>Pufa \u2013 wielofunkcyjne siedzisko<\/h2>\n<p>Pr\u00f3cz wskazanych wy\u017cej zastosowa\u0144 pufa wielofunkcyjna sprawdzi si\u0119 jako uniwersalne siedzisko, kt\u00f3rym z powodzeniem mo\u017cesz zast\u0105pi\u0107 krzes\u0142a czy taborety.<strong> Designerska pufa z pewno\u015bci\u0105 znajdzie zastosowanie r\u00f3wnie\u017c przy niskim biurku<\/strong> lub \u0142awie (mo\u017cesz np. pracowa\u0107 przy komputerze, siedz\u0105c wygodnie na pufie po turecku), a tak\u017ce jako mebel do siedzenia przed damsk\u0105 toaletk\u0105.<\/p>\n<div style=\"display: flex; align-items: center; justify-content: center; text-align: center;\">\n<figure id=\"attachment_15261\" aria-describedby=\"caption-attachment-15261\" style=\"width: 728px\" class=\"wp-caption aligncenter\"><img decoding=\"async\" class=\"size-full wp-image-15261 lazyload\" data-src=\"https:\/\/www.brw.pl\/blog\/wp-content\/uploads\/2015\/09\/pufa-lafu.jpg\" alt=\"Pufa Lafu\" width=\"728\" height=\"483\" src=\"data:image\/svg+xml;base64,PHN2ZyB3aWR0aD0iMSIgaGVpZ2h0PSIxIiB4bWxucz0iaHR0cDovL3d3dy53My5vcmcvMjAwMC9zdmciPjwvc3ZnPg==\" style=\"--smush-placeholder-width: 728px; --smush-placeholder-aspect-ratio: 728\/483;\" \/><figcaption id=\"caption-attachment-15261\" class=\"wp-caption-text\"><a href=\"https:\/\/www.brw.pl\/puf-lafu,31381\">Pufa Lafu<\/a> sprawdzi si\u0119 jako siedzisko przy biurku lub toaletce<\/figcaption><\/figure>\n<\/div>\n<p>&nbsp;<\/p>\n<p data-pm-slice=\"1 1 []\"><strong>Rada<\/strong>: Pufa z pewno\u015bci\u0105 stanie si\u0119 tak\u017ce ulubionym siedziskiem najm\u0142odszych \u2013 z uwagi na fakt, \u017ce nawet ma\u0142e dzieci mog\u0105 \u0142atwo i bezpiecznie si\u0119 na ni\u0105 \u201cwdrapa\u0107\u201d. Pufa jest przy tym na og\u00f3\u0142 meblem dosy\u0107 stabilnym i mi\u0119kkim (wi\u0119kszo\u015b\u0107 puf posiada tapicerowane obicie), a wi\u0119c r\u00f3wnie\u017c bardziej bezpiecznym dla dziecka ni\u017c np. typowe krzes\u0142o. Dlatego <strong>designerskie pufy w r\u00f3\u017cnych kolorach mo\u017cesz \u015bmia\u0142o <span data-color=\"var(--purple-10)\">wstawi\u0107 tak\u017ce do pokoju dzieci\u0119cego<\/span><\/strong><span data-color=\"var(--purple-10)\">.<\/span> Starszemu dziecku z pewno\u015bci\u0105 pos\u0142u\u017c\u0105 jako wygodne siedziska do nauki lub wtedy, gdy odwiedz\u0105 je r\u00f3wie\u015bnicy.<\/p>\n<h2>Pufa jako stolik kawowy \u2013 minimalistyczne rozwi\u0105zanie<\/h2>\n<p>Opr\u00f3cz tego pufy mog\u0105 s\u0142u\u017cy\u0107 jako podstawka pod kaw\u0119, stolik, a tak\u017ce jako element dekoracyjny. Pufa w energetycznym kolorze b\u0119dzie elementem skupiaj\u0105cym na sobie wzrok go\u015bci. Jednak to nie walory estetyczne, ale wielofunkcyjno\u015b\u0107 tego mebla stanowi najwi\u0119kszy argument przemawiaj\u0105cym za jego zakupem.<\/p>\n<div style=\"display: flex; align-items: center; justify-content: center; text-align: center;\">\n<figure id=\"attachment_15264\" aria-describedby=\"caption-attachment-15264\" style=\"width: 800px\" class=\"wp-caption alignnone\"><img decoding=\"async\" class=\"wp-image-15264 size-medium lazyload\" data-src=\"https:\/\/www.brw.pl\/blog\/wp-content\/uploads\/2015\/09\/Pufa-Cupido-800x538.png\" alt=\"Pufa Cupido\" width=\"800\" height=\"538\" data-srcset=\"https:\/\/www.brw.pl\/blog\/wp-content\/uploads\/2015\/09\/Pufa-Cupido-800x538.png 800w, https:\/\/www.brw.pl\/blog\/wp-content\/uploads\/2015\/09\/Pufa-Cupido-768x516.png 768w, https:\/\/www.brw.pl\/blog\/wp-content\/uploads\/2015\/09\/Pufa-Cupido-1536x1032.png 1536w, https:\/\/www.brw.pl\/blog\/wp-content\/uploads\/2015\/09\/Pufa-Cupido.png 1607w\" data-sizes=\"(max-width: 800px) 100vw, 800px\" src=\"data:image\/svg+xml;base64,PHN2ZyB3aWR0aD0iMSIgaGVpZ2h0PSIxIiB4bWxucz0iaHR0cDovL3d3dy53My5vcmcvMjAwMC9zdmciPjwvc3ZnPg==\" style=\"--smush-placeholder-width: 800px; --smush-placeholder-aspect-ratio: 800\/538;\" \/><figcaption id=\"caption-attachment-15264\" class=\"wp-caption-text\"><a href=\"https:\/\/www.brw.pl\/puf-82x82-cupido,35009\">Pufa Cupido<\/a> dealnie pasuje do wn\u0119trz w stylu glamour<\/figcaption><\/figure>\n<\/div>\n<p>&nbsp;<\/p>\n<p>Pufa jako stolik kawowy \u2013 zw\u0142aszcza ta tapicerowana eleganckim, aksamitnym materia\u0142em i pikowana \u2013 to mebel idealnie wpasowuj\u0105cy si\u0119 w stylistyk\u0119 glamour. <strong>Je\u015bli podajesz kaw\u0119 na puf\u0119 s\u0142u\u017c\u0105c\u0105 jako stolik, pami\u0119taj o tym, \u017ce jej mi\u0119kka powierzchnia mo\u017ce by\u0107 nieco niestabilna<\/strong> \u2013 dlatego zawsze u\u017cywaj tacy. Ozdobna, <a href=\"https:\/\/www.brw.pl\/serwowanie\/serwowanie-potraw\/tace-i-patery\/\">metalowa taca<\/a> o b\u0142yszcz\u0105cej powierzchni doskonale komponuje si\u0119 z puf\u0105-stolikiem w tylu glamour.<\/p>\n<h2>Pufy stylowe \u2013 czyli jakie?<\/h2>\n<p>Zastanawiasz si\u0119, jakie pufy s\u0105 obecnie modne? Rzeczywi\u015bcie jest w czym wybiera\u0107 \u2013 w asortymencie BRW online znajdziesz pufy w wielu rozmiarach, kszta\u0142tach i kolorach. Mo\u017cesz si\u0119gn\u0105\u0107 po intensywne \u2013 np. designerskie pufy w kolorze bordo czy szmaragdowej zieleni, a tak\u017ce subtelne pastele (np. pudrowy r\u00f3\u017c czy b\u0142\u0119kit). Pufa mo\u017ce, ale nie musi by\u0107 dobrana kolorystycznie do pozosta\u0142ych mebli wypoczynkowych (sofy, foteli itp.)<\/p>\n<div style=\"display: flex; align-items: center; justify-content: center; text-align: center;\">\n<figure id=\"attachment_15262\" aria-describedby=\"caption-attachment-15262\" style=\"width: 300px\" class=\"wp-caption alignnone\"><img decoding=\"async\" class=\"wp-image-15262 lazyload\" data-src=\"https:\/\/www.brw.pl\/blog\/wp-content\/uploads\/2015\/09\/Pufa-Strawinsky.jpg\" alt=\"Pufa Strawi\u0144sky\" width=\"300\" height=\"225\" src=\"data:image\/svg+xml;base64,PHN2ZyB3aWR0aD0iMSIgaGVpZ2h0PSIxIiB4bWxucz0iaHR0cDovL3d3dy53My5vcmcvMjAwMC9zdmciPjwvc3ZnPg==\" style=\"--smush-placeholder-width: 300px; --smush-placeholder-aspect-ratio: 300\/225;\" \/><figcaption id=\"caption-attachment-15262\" class=\"wp-caption-text\"><a href=\"https:\/\/www.brw.pl\/puf-strawinsky,35515\">Pufa Strawinsky<\/a><\/figcaption><\/figure>\n<figure id=\"attachment_15263\" aria-describedby=\"caption-attachment-15263\" style=\"width: 300px\" class=\"wp-caption alignnone\"><img decoding=\"async\" class=\"wp-image-15263 lazyload\" data-src=\"https:\/\/www.brw.pl\/blog\/wp-content\/uploads\/2015\/09\/Pufa-Lafu1.jpg\" alt=\"Pufa Lafu\" width=\"300\" height=\"225\" src=\"data:image\/svg+xml;base64,PHN2ZyB3aWR0aD0iMSIgaGVpZ2h0PSIxIiB4bWxucz0iaHR0cDovL3d3dy53My5vcmcvMjAwMC9zdmciPjwvc3ZnPg==\" style=\"--smush-placeholder-width: 300px; --smush-placeholder-aspect-ratio: 300\/225;\" \/><figcaption id=\"caption-attachment-15263\" class=\"wp-caption-text\"><a href=\"https:\/\/www.brw.pl\/puf-lafu,31381\">Pufa Lafu<\/a><\/figcaption><\/figure>\n<\/div>\n<p>&nbsp;<\/p>\n<p><strong>Ciekawie prezentuj\u0105 si\u0119 \u201czestawy\u201d mebli wypoczynkowych w neutralnych kolorach (np. odcieniach szaro\u015bci) w po\u0142\u0105czeniu z puf\u0105 o wyrazistej kolorystyce.<\/strong> Wszystko zale\u017cy oczywi\u015bcie od Twojej w\u0142asnej koncepcji aran\u017cacyjnej oraz od tego, jakie kolory dominuj\u0105 w Twoim wn\u0119trzu.<\/p>\n<p><strong>Rada Mistrz\u00f3w Black Red White:<\/strong> Kupuj\u0105c pufy, na stronach poszczeg\u00f3lnych produkt\u00f3w w sklepie BRW online mo\u017cesz skorzysta\u0107 z konfiguratora online, kt\u00f3ry w prostych krokach pomo\u017ce Ci dobra\u0107 idealny kolor Twojej pufy oraz detali jej wyko\u0144czenia. Korzystanie z niego jest niezwykle \u0142atwe i intuicyjne \u2013 wystarczy kilka klikni\u0119\u0107, aby zaprojektowa\u0107 mebel idealnie dopasowany do Twoich potrzeb!<\/p>\n<div style=\"display: flex; align-items: center; justify-content: center; text-align: center;\"><img decoding=\"async\" class=\"aligncenter wp-image-15265 size-medium lazyload\" data-src=\"https:\/\/www.brw.pl\/blog\/wp-content\/uploads\/2015\/09\/talia-pik-800x427.png\" alt=\"talia pik\" width=\"800\" height=\"427\" data-srcset=\"https:\/\/www.brw.pl\/blog\/wp-content\/uploads\/2015\/09\/talia-pik-800x427.png 800w, https:\/\/www.brw.pl\/blog\/wp-content\/uploads\/2015\/09\/talia-pik-768x410.png 768w, https:\/\/www.brw.pl\/blog\/wp-content\/uploads\/2015\/09\/talia-pik.png 1183w\" data-sizes=\"(max-width: 800px) 100vw, 800px\" src=\"data:image\/svg+xml;base64,PHN2ZyB3aWR0aD0iMSIgaGVpZ2h0PSIxIiB4bWxucz0iaHR0cDovL3d3dy53My5vcmcvMjAwMC9zdmciPjwvc3ZnPg==\" style=\"--smush-placeholder-width: 800px; --smush-placeholder-aspect-ratio: 800\/427;\" \/><\/div>\n<p>&nbsp;<\/p>\n<p>Co pasuje do tapicerowanej pufy? Koniecznie sprawd\u017a nasz artyku\u0142 pt. \u201c<a href=\"https:\/\/www.brw.pl\/blog\/talia-pik-czyli-pikowane-meble-i-dodatki-we-wnetrzu\/\">Talia Pik, czyli pikowane meble i dodatki we wn\u0119trzu<\/a>\u201d.<\/p>\n<\/div>\n","protected":false},"excerpt":{"rendered":"<p>Ten nieco zapomniany mebel potrafi by\u0107 o wiele bardziej u\u017cyteczny, ni\u017c si\u0119 spodziewasz. Pufa \u2013 wielofunkcyjna i komfortowa \u2013 b\u0119dzie nie tylko ozdob\u0105, ale przede wszystkim por\u0119cznym dodatkiem w ka\u017cdym salonie. Pufa jako stolik kawowy, uniwersalne siedzisko czy schowek na rzeczy? Sprawd\u017a, jak jeszcze mo\u017cesz j\u0105 wykorzysta\u0107! Ciesz\u0105ce si\u0119 wielk\u0105 popularno\u015bci\u0105 w latach \u201890 czy [&hellip;]<\/p>\n","protected":false},"author":8,"featured_media":15256,"comment_status":"open","ping_status":"open","sticky":false,"template":"","format":"standard","meta":{"footnotes":""},"categories":[28,574],"tags":[66,101,64,60,65],"aioseo_notices":[],"_links":{"self":[{"href":"https:\/\/www.brw.pl\/blog\/wp-json\/wp\/v2\/posts\/131"}],"collection":[{"href":"https:\/\/www.brw.pl\/blog\/wp-json\/wp\/v2\/posts"}],"about":[{"href":"https:\/\/www.brw.pl\/blog\/wp-json\/wp\/v2\/types\/post"}],"author":[{"embeddable":true,"href":"https:\/\/www.brw.pl\/blog\/wp-json\/wp\/v2\/users\/8"}],"replies":[{"embeddable":true,"href":"https:\/\/www.brw.pl\/blog\/wp-json\/wp\/v2\/comments?post=131"}],"version-history":[{"count":26,"href":"https:\/\/www.brw.pl\/blog\/wp-json\/wp\/v2\/posts\/131\/revisions"}],"predecessor-version":[{"id":31525,"href":"https:\/\/www.brw.pl\/blog\/wp-json\/wp\/v2\/posts\/131\/revisions\/31525"}],"wp:featuredmedia":[{"embeddable":true,"href":"https:\/\/www.brw.pl\/blog\/wp-json\/wp\/v2\/media\/15256"}],"wp:attachment":[{"href":"https:\/\/www.brw.pl\/blog\/wp-json\/wp\/v2\/media?parent=131"}],"wp:term":[{"taxonomy":"category","embeddable":true,"href":"https:\/\/www.brw.pl\/blog\/wp-json\/wp\/v2\/categories?post=131"},{"taxonomy":"post_tag","embeddable":true,"href":"https:\/\/www.brw.pl\/blog\/wp-json\/wp\/v2\/tags?post=131"}],"curies":[{"name":"wp","href":"https:\/\/api.w.org\/{rel}","templated":true}]}}