{"id":13589,"date":"2020-08-13T20:00:14","date_gmt":"2020-08-13T18:00:14","guid":{"rendered":"https:\/\/www.brw.pl\/blog\/?p=13589"},"modified":"2024-09-27T13:47:37","modified_gmt":"2024-09-27T11:47:37","slug":"beauty-colors-pomaranczowy-z-rozowym","status":"publish","type":"post","link":"https:\/\/www.brw.pl\/blog\/beauty-colors-pomaranczowy-z-rozowym\/","title":{"rendered":"Beauty colors: pomara\u0144czowy z r\u00f3\u017cowym"},"content":{"rendered":"<p data-pm-slice=\"1 1 []\"><strong>Radosny, magnetyzuj\u0105cy, wprowadzaj\u0105cy sporo ciep\u0142a i jeszcze wi\u0119cej pozytywnej energii \u2013 taki jest w\u0142a\u015bnie \u017cywio\u0142owy duet pomara\u0144czu i r\u00f3\u017cu. Zastanawiasz si\u0119, jak wykorzysta\u0107 to zaskakuj\u0105ce po\u0142\u0105czenie w swoich wn\u0119trzach? Poznaj magi\u0119 trendu <u>beauty colors<\/u>!<\/strong><\/p>\n<p><img decoding=\"async\" class=\"wp-image-13599 size-full lazyload\" data-src=\"https:\/\/www.brw.pl\/blog\/wp-content\/uploads\/2020\/08\/Kola\u017c.png\" alt=\"Beauty colors: pomara\u0144czowy z r\u00f3\u017cowym\" width=\"1348\" height=\"527\" data-srcset=\"https:\/\/www.brw.pl\/blog\/wp-content\/uploads\/2020\/08\/Kola\u017c.png 1348w, https:\/\/www.brw.pl\/blog\/wp-content\/uploads\/2020\/08\/Kola\u017c-800x313.png 800w, https:\/\/www.brw.pl\/blog\/wp-content\/uploads\/2020\/08\/Kola\u017c-768x300.png 768w\" data-sizes=\"(max-width: 1348px) 100vw, 1348px\" src=\"data:image\/svg+xml;base64,PHN2ZyB3aWR0aD0iMSIgaGVpZ2h0PSIxIiB4bWxucz0iaHR0cDovL3d3dy53My5vcmcvMjAwMC9zdmciPjwvc3ZnPg==\" style=\"--smush-placeholder-width: 1348px; --smush-placeholder-aspect-ratio: 1348\/527;\" \/><\/p>\n<p>&nbsp;<\/p>\n<h2>Zalety pomara\u0144czowo-r\u00f3\u017cowych aran\u017cacji<\/h2>\n<p>Za oknem szaro i zimno, a Ty potrzebujesz si\u0142 i motywacji do dzia\u0142ania? Znajdziesz j\u0105 bez w\u0105tpienia w energetycznej, pomara\u0144czowo-r\u00f3\u017cowej aran\u017cacji. Dlaczego warto wykorzysta\u0107 te barwy we wn\u0119trzu?<\/p>\n<p>Ognista pomara\u0144cz to kolor, kt\u00f3ry jak \u017caden inny kojarzy si\u0119 z latem i dziecinn\u0105 rado\u015bci\u0105. Przywo\u0142uje wspomnienie s\u0142onecznych dni, roz\u015bwietla wn\u0119trza, poprawia nastr\u00f3j, a wed\u0142ug niekt\u00f3rych \u2013 dodatkowo redukuje stres i wzmaga produkcj\u0119 sok\u00f3w trawiennych, pobudzaj\u0105c apetyt. Subtelny r\u00f3\u017c z kolei kojarzy si\u0119 z poczuciem ciep\u0142a i stabilizacji. Pomaga roz\u0142adowa\u0107 stres, likwiduje napi\u0119cie mi\u0119\u015bniowe, a co za tym idzie &#8211; wprawia w optymistyczny nastr\u00f3j i pobudza do dzia\u0142ania.<\/p>\n<p>Jak wida\u0107 powy\u017cej, obydwie barwy stanowi\u0105 wr\u0119cz skarbnic\u0119 rado\u015bci i akumulator pozytywnej energii. Dlaczego by wi\u0119c nie spot\u0119gowa\u0107 tego oddzia\u0142ywania i nie po\u0142\u0105czy\u0107 ich w jednej aran\u017cacji? Poni\u017cej kilka wskaz\u00f3wek, kt\u00f3re pomog\u0105 Ci ciekawe wykorzysta\u0107 ten duet w mieszkaniu.<\/p>\n<p>&nbsp;<\/p>\n<h2 data-pm-slice=\"1 1 []\"><strong>Czysty pomara\u0144cz i czysty r\u00f3\u017c? Jak si\u0119 przygotowa\u0107 do takiej aran\u017cacji?<\/strong><\/h2>\n<p>Zar\u00f3wno kolor pomara\u0144czowy, jak i kolor r\u00f3\u017cowy, maj\u0105 wiele postaci. Istnieje czysty pomara\u0144cz, ale r\u00f3wnie\u017c bardziej soczysty lub bardziej st\u0142umiony odcie\u0144 pomara\u0144czu. Podobnie jest w przypadku r\u00f3\u017cu: od ciemnego, przybrudzonego r\u00f3\u017cu, przez pastelowy r\u00f3\u017c, a\u017c po pudrowy r\u00f3\u017c. Wszystkich odcieni jest bardzo du\u017co, a pochodz\u0105 one od tych samych kolor\u00f3w. Dlaczego zatem kto\u015b wpad\u0142 na pomys\u0142, by \u0142\u0105czy\u0107 kolor pomara\u0144czowy z r\u00f3\u017cnymi odcieniami r\u00f3\u017cu?<\/p>\n<p>Odpowiedzi\u0105 na to pytanie jest ko\u0142o barw. Dzi\u0119ki niemu jeste\u015bmy w stanie dopasowa\u0107 do siebie kolory, kt\u00f3re pozornie nie maj\u0105 ze sob\u0105 nic wsp\u00f3lnego. By oceni\u0107, jaki kolor pasuje do wybranej przez nas barwy, wystarczy zerkn\u0105\u0107 na kolory, kt\u00f3re znajduj\u0105 si\u0119 obok niego na kole barw. W dodatku ko\u0142o barw skupia si\u0119 nie tylko na poszczeg\u00f3lnych barwach, ale r\u00f3wnie\u017c wszystkich jego odcieniach. W przypadku naszych dw\u00f3ch kolor\u00f3w znajdzie si\u0119 tam zatem pudrowy r\u00f3\u017c, odcie\u0144 megenty, czy ciemny pomara\u0144cz z pastelowym pomara\u0144czem.<\/p>\n<p>Dzi\u0119ki temu dok\u0142adnie wiesz, z czym \u0142\u0105czy\u0107 kolor pomara\u0144czowy. Pos\u0142uguj\u0105c si\u0119 ko\u0142em o wiele \u0142atwiej zestawi\u0107 pomara\u0144czowe meble z r\u00f3\u017cowymi dodatkami lub r\u00f3\u017cowe meble i pomara\u0144czowe dodatki. Takie kolory pasuj\u0105 do siebie doskonale, zw\u0142aszcza je\u015bli ubrane s\u0105 w dobry pomys\u0142.<\/p>\n<p>&nbsp;<\/p>\n<h2>Wn\u0119trze zara\u017caj\u0105ce energi\u0105<\/h2>\n<p>Je\u015bli chcesz maksymalnie o\u017cywi\u0107 swoje wn\u0119trze i nie boisz si\u0119 eksperyment\u00f3w &#8211;\u00a0 <strong>zdob\u0105d\u017a si\u0119 na odrobin\u0119 szale\u0144stwa i postaw na intensywne odcienie<\/strong>. Mo\u017cesz tego dokona\u0107 na kilka sposob\u00f3w.<\/p>\n<p>Najbardziej wymownym jest niew\u0105tpliwie umieszczenie jednego z nich na \u015bcianach wn\u0119trza. <strong>Sprawdzi si\u0119 w tej roli o\u017cywczy pomara\u0144cz<\/strong>, kt\u00f3ry nada wn\u0119trzu s\u0142onecznego, tropikalnego charakteru. Je\u015bli jednak boisz si\u0119, \u017ce tak intensywne t\u0142o przyt\u0142oczy Twoje wn\u0119trze, pomaluj nim jedynie wybrane fragmenty \u015bciany, a na pozosta\u0142ych pozostaw np. klasyczn\u0105 biel.<\/p>\n<p>&nbsp;<\/p>\n<h2>Z czym \u0142\u0105czy\u0107 kolor pomara\u0144czowy na \u015bcianach?<\/h2>\n<p>Tutaj w gr\u0119 wchodzi druga z barw naszego tytu\u0142owego duetu. Energetyczna r\u00f3\u017cowa sofa, zas\u0142ony, dywanik, poduszki \u2013 akcesoria w takim kolorze rzuc\u0105 wyzwanie dominuj\u0105cej pomara\u0144czy, gustownie r\u00f3wnowa\u017c\u0105c jej oddzia\u0142ywanie we wn\u0119trzu.<\/p>\n<div style=\"display: flex; align-items: center; justify-content: center; text-align: center;\">\n<figure id=\"attachment_13609\" aria-describedby=\"caption-attachment-13609\" style=\"width: 300px\" class=\"wp-caption aligncenter\"><img decoding=\"async\" class=\"wp-image-13609 lazyload\" data-src=\"https:\/\/www.brw.pl\/blog\/wp-content\/uploads\/2020\/08\/Sofa-Mirim-800x601.jpg\" alt=\"Sofa Mirim\" width=\"300\" height=\"225\" data-srcset=\"https:\/\/www.brw.pl\/blog\/wp-content\/uploads\/2020\/08\/Sofa-Mirim-800x601.jpg 800w, https:\/\/www.brw.pl\/blog\/wp-content\/uploads\/2020\/08\/Sofa-Mirim-768x577.jpg 768w, https:\/\/www.brw.pl\/blog\/wp-content\/uploads\/2020\/08\/Sofa-Mirim.jpg 1438w\" data-sizes=\"(max-width: 300px) 100vw, 300px\" src=\"data:image\/svg+xml;base64,PHN2ZyB3aWR0aD0iMSIgaGVpZ2h0PSIxIiB4bWxucz0iaHR0cDovL3d3dy53My5vcmcvMjAwMC9zdmciPjwvc3ZnPg==\" style=\"--smush-placeholder-width: 300px; --smush-placeholder-aspect-ratio: 300\/225;\" \/><figcaption id=\"caption-attachment-13609\" class=\"wp-caption-text\"><a href=\"https:\/\/www.brw.pl\/sofa-mirim,32949\">Sofa Mirim<\/a><\/figcaption><\/figure>\n<figure id=\"attachment_13603\" aria-describedby=\"caption-attachment-13603\" style=\"width: 300px\" class=\"wp-caption aligncenter\"><img decoding=\"async\" class=\"wp-image-13603 lazyload\" data-src=\"https:\/\/www.brw.pl\/blog\/wp-content\/uploads\/2020\/08\/Poduszka-dekoracyjna-Soft-800x601.jpg\" alt=\"Poduszka dekoracyjna Soft\" width=\"300\" height=\"225\" data-srcset=\"https:\/\/www.brw.pl\/blog\/wp-content\/uploads\/2020\/08\/Poduszka-dekoracyjna-Soft-800x601.jpg 800w, https:\/\/www.brw.pl\/blog\/wp-content\/uploads\/2020\/08\/Poduszka-dekoracyjna-Soft-768x577.jpg 768w, https:\/\/www.brw.pl\/blog\/wp-content\/uploads\/2020\/08\/Poduszka-dekoracyjna-Soft.jpg 1438w\" data-sizes=\"(max-width: 300px) 100vw, 300px\" src=\"data:image\/svg+xml;base64,PHN2ZyB3aWR0aD0iMSIgaGVpZ2h0PSIxIiB4bWxucz0iaHR0cDovL3d3dy53My5vcmcvMjAwMC9zdmciPjwvc3ZnPg==\" style=\"--smush-placeholder-width: 300px; --smush-placeholder-aspect-ratio: 300\/225;\" \/><figcaption id=\"caption-attachment-13603\" class=\"wp-caption-text\"><a href=\"https:\/\/www.brw.pl\/poduszka-dekoracyjna-soft,13783\">Poduszka dekoracyjna Soft<\/a><\/figcaption><\/figure>\n<\/div>\n<p>&nbsp;<\/p>\n<p>Intryguje Ci\u0119 \u017cywio\u0142owy duet ORANGE&amp;PINK lecz nie jeste\u015b pewien czy zda egzamin w Twoim wn\u0119trzu? Nic straconego &#8211; <strong>trend beauty colors mo\u017cesz wprowadzi\u0107 do domu r\u00f3wnie\u017c w nieco subtelniejszej ods\u0142onie<\/strong>. Wystarczy, \u017ce zrezygnujesz z malowania \u015bcian i sufit\u00f3w, a skupisz si\u0119 na wyborze odpowiednich dodatk\u00f3w i dekoracyjnych akcent\u00f3w. Skontrastowanie ognistych barw dodatk\u00f3w z bia\u0142ym t\u0142em \u015bcian nie tylko dodatkowo podkre\u015bli wyj\u0105tkowy charakter dekoracji, ale i pomo\u017ce Ci unikn\u0105\u0107 przyt\u0142oczenia niewielkiego wn\u0119trza intensywnymi kolorami.<\/p>\n<p>&nbsp;<\/p>\n<h2>R\u00f3\u017cowy z pomara\u0144czowym: aran\u017cacja pe\u0142na\u2026 harmonii?<\/h2>\n<p>Po\u0142\u0105czenie pomara\u0144czy i r\u00f3\u017cu kojarzy Ci si\u0119 jedynie z odwa\u017cnymi i energetycznymi wn\u0119trzami? Koniecznie poznaj w takim razie drug\u0105 aran\u017cacyjn\u0105 ods\u0142on\u0119 tego duetu barw. W tym przypadku <strong>miejsce nasyconych i intensywnych kolor\u00f3w zajmuj\u0105 delikatne i stonowane odcienie. Jasne, przygaszone oran\u017ce, zestawione z pudrowym r\u00f3\u017cem<\/strong> \u2013 ta propozycja ju\u017c na sam\u0105 my\u015bl dzia\u0142a odpr\u0119\u017caj\u0105co oraz nape\u0142nia b\u0142ogo\u015bci\u0105 i harmoni\u0105.<\/p>\n<figure id=\"attachment_13605\" aria-describedby=\"caption-attachment-13605\" style=\"width: 800px\" class=\"wp-caption aligncenter\"><img decoding=\"async\" class=\"wp-image-13605 size-medium lazyload\" data-src=\"https:\/\/www.brw.pl\/blog\/wp-content\/uploads\/2020\/08\/Poduszki-dekoracyjne-Velvet--800x636.jpg\" alt=\"Poduszki dekoracyjne Velvet efektownie prze\u0142amuj\u0105 subtelny ton blador\u00f3\u017cowych \u015bcian\" width=\"800\" height=\"636\" data-srcset=\"https:\/\/www.brw.pl\/blog\/wp-content\/uploads\/2020\/08\/Poduszki-dekoracyjne-Velvet--800x636.jpg 800w, https:\/\/www.brw.pl\/blog\/wp-content\/uploads\/2020\/08\/Poduszki-dekoracyjne-Velvet--768x611.jpg 768w, https:\/\/www.brw.pl\/blog\/wp-content\/uploads\/2020\/08\/Poduszki-dekoracyjne-Velvet-.jpg 1358w\" data-sizes=\"(max-width: 800px) 100vw, 800px\" src=\"data:image\/svg+xml;base64,PHN2ZyB3aWR0aD0iMSIgaGVpZ2h0PSIxIiB4bWxucz0iaHR0cDovL3d3dy53My5vcmcvMjAwMC9zdmciPjwvc3ZnPg==\" style=\"--smush-placeholder-width: 800px; --smush-placeholder-aspect-ratio: 800\/636;\" \/><figcaption id=\"caption-attachment-13605\" class=\"wp-caption-text\"><a href=\"https:\/\/www.brw.pl\/poduszka-dekoracyjna-velvet,13297\">Poduszki dekoracyjne Velvet<\/a> efektownie prze\u0142amuj\u0105 subtelny ton blador\u00f3\u017cowych \u015bcian<\/figcaption><\/figure>\n<p>&nbsp;<\/p>\n<p>Jak to dzia\u0142a? Regu\u0142a jest taka sama jak powy\u017cej. O ile dobieraj\u0105c meble i akcesoria o intensywnym zabarwieniu musisz uwa\u017ca\u0107 na to, by nie przyt\u0142oczy\u0107 nimi wn\u0119trza \u2013 tutaj mo\u017cesz \u015bmia\u0142o eksperymentowa\u0107. Im wi\u0119cej pastelowych dodatk\u00f3w wybierzesz \u2013 tym wi\u0119cej ciep\u0142a wniesiesz do swojego wn\u0119trza.<\/p>\n<div style=\"display: flex; align-items: center; justify-content: center; text-align: center;\">\n<figure id=\"attachment_13604\" aria-describedby=\"caption-attachment-13604\" style=\"width: 300px\" class=\"wp-caption aligncenter\"><img decoding=\"async\" class=\"wp-image-13604 lazyload\" data-src=\"https:\/\/www.brw.pl\/blog\/wp-content\/uploads\/2020\/08\/Poduszki-dekoracyjne-Outdoor-800x601.jpg\" alt=\"Poduszki dekoracyjne Outdoor\" width=\"300\" height=\"225\" data-srcset=\"https:\/\/www.brw.pl\/blog\/wp-content\/uploads\/2020\/08\/Poduszki-dekoracyjne-Outdoor-800x601.jpg 800w, https:\/\/www.brw.pl\/blog\/wp-content\/uploads\/2020\/08\/Poduszki-dekoracyjne-Outdoor-768x577.jpg 768w, https:\/\/www.brw.pl\/blog\/wp-content\/uploads\/2020\/08\/Poduszki-dekoracyjne-Outdoor.jpg 1438w\" data-sizes=\"(max-width: 300px) 100vw, 300px\" src=\"data:image\/svg+xml;base64,PHN2ZyB3aWR0aD0iMSIgaGVpZ2h0PSIxIiB4bWxucz0iaHR0cDovL3d3dy53My5vcmcvMjAwMC9zdmciPjwvc3ZnPg==\" style=\"--smush-placeholder-width: 300px; --smush-placeholder-aspect-ratio: 300\/225;\" \/><figcaption id=\"caption-attachment-13604\" class=\"wp-caption-text\"><a href=\"https:\/\/www.brw.pl\/poduszka-dekoracyjna-outdoor,22701\">Poduszki dekoracyjne Outdoor<\/a><\/figcaption><\/figure>\n<figure id=\"attachment_13597\" aria-describedby=\"caption-attachment-13597\" style=\"width: 300px\" class=\"wp-caption aligncenter\"><img decoding=\"async\" class=\"wp-image-13597 lazyload\" data-src=\"https:\/\/www.brw.pl\/blog\/wp-content\/uploads\/2020\/08\/Fotel-r\u00f3\u017cowy-Amorino-800x601.jpg\" alt=\"Fotel r\u00f3\u017cowy Amorino\" width=\"300\" height=\"225\" data-srcset=\"https:\/\/www.brw.pl\/blog\/wp-content\/uploads\/2020\/08\/Fotel-r\u00f3\u017cowy-Amorino-800x601.jpg 800w, https:\/\/www.brw.pl\/blog\/wp-content\/uploads\/2020\/08\/Fotel-r\u00f3\u017cowy-Amorino-768x577.jpg 768w, https:\/\/www.brw.pl\/blog\/wp-content\/uploads\/2020\/08\/Fotel-r\u00f3\u017cowy-Amorino.jpg 1438w\" data-sizes=\"(max-width: 300px) 100vw, 300px\" src=\"data:image\/svg+xml;base64,PHN2ZyB3aWR0aD0iMSIgaGVpZ2h0PSIxIiB4bWxucz0iaHR0cDovL3d3dy53My5vcmcvMjAwMC9zdmciPjwvc3ZnPg==\" style=\"--smush-placeholder-width: 300px; --smush-placeholder-aspect-ratio: 300\/225;\" \/><figcaption id=\"caption-attachment-13597\" class=\"wp-caption-text\"><a href=\"https:\/\/www.brw.pl\/fotel-fioletowy-amorino,30205\">Fotel r\u00f3\u017cowy Amorino<\/a><\/figcaption><\/figure>\n<\/div>\n<p>&nbsp;<\/p>\n<h2>Trio idealne \u2013 barwy pasuj\u0105ce do beauty colors<\/h2>\n<p>Stworzenie aran\u017cacji w trendzie Beauty colours nie oznacza, \u017ce nie ma w niej miejsca na inne kolory. Wr\u0119cz przeciwnie \u2013 odpowiednio dobrane mog\u0105 atrakcyjnie podkre\u015bli\u0107 jej wyj\u0105tkowy i radosny charakter. <strong>Z czym \u0142\u0105czy\u0107 pomara\u0144czowy i r\u00f3\u017cowy, by uzyska\u0107 niepowtarzalny efekt i unikn\u0105\u0107 kolorystycznej wpadki?<\/strong><\/p>\n<p>&nbsp;<\/p>\n<h3>\u00b7\u00a0\u00a0\u00a0\u00a0\u00a0\u00a0 <strong>Living Coral<\/strong><\/h3>\n<p>Okrzykni\u0119ty przez Instytut Pantone Kolorem Roku 2019, stanowi\u0142 prawdziwy wn\u0119trzarski hit ubieg\u0142ego sezonu. Mimo i\u017c jego miejsce zaj\u0105\u0142 obecnie g\u0142\u0119boki granat, w pomara\u0144czowo-r\u00f3\u017cowej dekoracji nadal nie ma on sobie r\u00f3wnych.<\/p>\n<p>Nic dziwnego \u2013 w ko\u0144cu powsta\u0142 z po\u0142\u0105czenia obu tych barw. Je\u015bli szukasz dodatk\u00f3w, kt\u00f3re uzupe\u0142ni\u0105, a jednocze\u015bnie urozmaic\u0105 Tw\u00f3j energetyczny duet, \u015bmia\u0142o postaw na pastelowy koral. Niezale\u017cnie, czy \u00a0zdecydowa\u0142e\u015b si\u0119 na intensywn\u0105, czy te\u017c stonowan\u0105 dekoracj\u0119 \u2013 do ka\u017cdej z nich sprawdzi si\u0119 idealnie.<\/p>\n<p>Wi\u0119cej o aran\u017cacjach z t\u0105 barw\u0105 w roli g\u0142\u00f3wnej przeczytasz w tek\u015bcie: <a href=\"https:\/\/www.brw.pl\/blog\/kolor-roku-2019\/\">\u201eKolor roku 2019\u201d<\/a>.<\/p>\n<div style=\"display: flex; align-items: center; justify-content: center; text-align: center;\">\n<figure id=\"attachment_13608\" aria-describedby=\"caption-attachment-13608\" style=\"width: 300px\" class=\"wp-caption aligncenter\"><img decoding=\"async\" class=\"wp-image-13608 lazyload\" data-src=\"https:\/\/www.brw.pl\/blog\/wp-content\/uploads\/2020\/08\/Sofa-Lisera-800x601.jpg\" alt=\"Sofa Lisera\" width=\"300\" height=\"225\" data-srcset=\"https:\/\/www.brw.pl\/blog\/wp-content\/uploads\/2020\/08\/Sofa-Lisera-800x601.jpg 800w, https:\/\/www.brw.pl\/blog\/wp-content\/uploads\/2020\/08\/Sofa-Lisera-768x577.jpg 768w, https:\/\/www.brw.pl\/blog\/wp-content\/uploads\/2020\/08\/Sofa-Lisera.jpg 1438w\" data-sizes=\"(max-width: 300px) 100vw, 300px\" src=\"data:image\/svg+xml;base64,PHN2ZyB3aWR0aD0iMSIgaGVpZ2h0PSIxIiB4bWxucz0iaHR0cDovL3d3dy53My5vcmcvMjAwMC9zdmciPjwvc3ZnPg==\" style=\"--smush-placeholder-width: 300px; --smush-placeholder-aspect-ratio: 300\/225;\" \/><figcaption id=\"caption-attachment-13608\" class=\"wp-caption-text\"><a href=\"https:\/\/www.brw.pl\/sofa-lisera,25117\">Sofa Lisera<\/a><\/figcaption><\/figure>\n<figure id=\"attachment_13601\" aria-describedby=\"caption-attachment-13601\" style=\"width: 300px\" class=\"wp-caption aligncenter\"><img decoding=\"async\" class=\"wp-image-13601 lazyload\" data-src=\"https:\/\/www.brw.pl\/blog\/wp-content\/uploads\/2020\/08\/Lampa-sto\u0142owa-Anika-Copper-800x601.jpg\" alt=\"Lampa sto\u0142owa Anika Copper\" width=\"300\" height=\"225\" data-srcset=\"https:\/\/www.brw.pl\/blog\/wp-content\/uploads\/2020\/08\/Lampa-sto\u0142owa-Anika-Copper-800x601.jpg 800w, https:\/\/www.brw.pl\/blog\/wp-content\/uploads\/2020\/08\/Lampa-sto\u0142owa-Anika-Copper-768x577.jpg 768w, https:\/\/www.brw.pl\/blog\/wp-content\/uploads\/2020\/08\/Lampa-sto\u0142owa-Anika-Copper.jpg 1438w\" data-sizes=\"(max-width: 300px) 100vw, 300px\" src=\"data:image\/svg+xml;base64,PHN2ZyB3aWR0aD0iMSIgaGVpZ2h0PSIxIiB4bWxucz0iaHR0cDovL3d3dy53My5vcmcvMjAwMC9zdmciPjwvc3ZnPg==\" style=\"--smush-placeholder-width: 300px; --smush-placeholder-aspect-ratio: 300\/225;\" \/><figcaption id=\"caption-attachment-13601\" class=\"wp-caption-text\"><a href=\"https:\/\/www.brw.pl\/lampa-stolowa-anika-copper,21778\">Lampa sto\u0142owa Anika Copper<\/a><\/figcaption><\/figure>\n<\/div>\n<p>&nbsp;<\/p>\n<h3>\u00b7\u00a0\u00a0\u00a0\u00a0\u00a0\u00a0 <strong>Z\u0142oto<\/strong><\/h3>\n<p>Nieko\u0144cz\u0105ca si\u0119 moc energii &#8211; to nie jedyna cecha, kt\u00f3r\u0105 gwarantuje Ci r\u00f3\u017cowo-pomara\u0144czowa aran\u017cacja. Odpowiednio skomponowana mo\u017ce sta\u0107 si\u0119 r\u00f3wnie\u017c synonimem szyku i elegancji. Chcesz osi\u0105gn\u0105\u0107 taki efekt? <strong>Pomara\u0144czow\u0105 sof\u0119<\/strong>, krzes\u0142o czy stolik zestaw ze z\u0142otymi akcentami. Przemycone w postaci detali czy wyko\u0144cze\u0144 mebli, na aba\u017curach lamp czy w ozdobnych figurkach, gustownie dope\u0142ni\u0105 ca\u0142o\u015b\u0107 aran\u017cacji, nadaj\u0105c jej luksusowego charakteru. Do tego jasne, <strong>r\u00f3\u017cowe poduszki<\/strong>, mi\u0119ciutkie dywany, zwiewne zas\u0142ony \u2013 i zachwycaj\u0105cy efekt gwarantowany!<\/p>\n<div style=\"display: flex; align-items: center; justify-content: center; text-align: center;\">\n<figure id=\"attachment_13600\" aria-describedby=\"caption-attachment-13600\" style=\"width: 300px\" class=\"wp-caption aligncenter\"><img decoding=\"async\" class=\"wp-image-13600 lazyload\" data-src=\"https:\/\/www.brw.pl\/blog\/wp-content\/uploads\/2020\/08\/Krzes\u0142o-r\u00f3\u017c-Chic-Velvet-800x601.jpg\" alt=\"Krzes\u0142o r\u00f3\u017c Chic Velvet\" width=\"300\" height=\"225\" data-srcset=\"https:\/\/www.brw.pl\/blog\/wp-content\/uploads\/2020\/08\/Krzes\u0142o-r\u00f3\u017c-Chic-Velvet-800x601.jpg 800w, https:\/\/www.brw.pl\/blog\/wp-content\/uploads\/2020\/08\/Krzes\u0142o-r\u00f3\u017c-Chic-Velvet-768x577.jpg 768w, https:\/\/www.brw.pl\/blog\/wp-content\/uploads\/2020\/08\/Krzes\u0142o-r\u00f3\u017c-Chic-Velvet.jpg 1438w\" data-sizes=\"(max-width: 300px) 100vw, 300px\" src=\"data:image\/svg+xml;base64,PHN2ZyB3aWR0aD0iMSIgaGVpZ2h0PSIxIiB4bWxucz0iaHR0cDovL3d3dy53My5vcmcvMjAwMC9zdmciPjwvc3ZnPg==\" style=\"--smush-placeholder-width: 300px; --smush-placeholder-aspect-ratio: 300\/225;\" \/><figcaption id=\"caption-attachment-13600\" class=\"wp-caption-text\"><a href=\"https:\/\/www.brw.pl\/krzeslo-roz-chic-velvet,31898\">Krzes\u0142o r\u00f3\u017c Chic Velvet<\/a><\/figcaption><\/figure>\n<figure id=\"attachment_13602\" aria-describedby=\"caption-attachment-13602\" style=\"width: 300px\" class=\"wp-caption aligncenter\"><img decoding=\"async\" class=\"wp-image-13602 lazyload\" data-src=\"https:\/\/www.brw.pl\/blog\/wp-content\/uploads\/2020\/08\/\u0141awa-Bora-C-800x601.jpg\" alt=\"\u0141awa Bora C\" width=\"300\" height=\"225\" data-srcset=\"https:\/\/www.brw.pl\/blog\/wp-content\/uploads\/2020\/08\/\u0141awa-Bora-C-800x601.jpg 800w, https:\/\/www.brw.pl\/blog\/wp-content\/uploads\/2020\/08\/\u0141awa-Bora-C-768x577.jpg 768w, https:\/\/www.brw.pl\/blog\/wp-content\/uploads\/2020\/08\/\u0141awa-Bora-C.jpg 1438w\" data-sizes=\"(max-width: 300px) 100vw, 300px\" src=\"data:image\/svg+xml;base64,PHN2ZyB3aWR0aD0iMSIgaGVpZ2h0PSIxIiB4bWxucz0iaHR0cDovL3d3dy53My5vcmcvMjAwMC9zdmciPjwvc3ZnPg==\" style=\"--smush-placeholder-width: 300px; --smush-placeholder-aspect-ratio: 300\/225;\" \/><figcaption id=\"caption-attachment-13602\" class=\"wp-caption-text\"><a href=\"https:\/\/www.brw.pl\/stolik-bora-c,33254\">\u0141awa Bora C<\/a><\/figcaption><\/figure>\n<\/div>\n<p>&nbsp;<\/p>\n<h3>\u00b7\u00a0\u00a0\u00a0\u00a0\u00a0\u00a0 <strong>Ziele\u0144<\/strong><\/h3>\n<p><strong>Z czym \u0142\u0105czy\u0107 kolor pomara\u0144czowy i r\u00f3\u017cowy, aby nada\u0107 \u015bwie\u017co\u015bci i lekko\u015bci tak energetycznej aran\u017cacji?<\/strong> <strong>Najlepiej spisze si\u0119 tutaj niezast\u0105piona ziele\u0144.<\/strong> Mimo i\u017c na pierwsz\u0105 my\u015bl kolejna intensywna barwa mo\u017ce wydawa\u0107 si\u0119 tu nieco szalonym pomys\u0142em, wystarczy doda\u0107 j\u0105 do dekoracji aby przekona\u0107 si\u0119, \u017ce potrafi zdzia\u0142a\u0107 prawdziwe aran\u017cacyjne cuda. G\u0142\u0119boka i nasycona podkr\u0119ci radosny charakter wn\u0119trza, przygaszona \u2013 zadzia\u0142a uspokajaj\u0105co i wyciszaj\u0105co.<\/p>\n<div style=\"display: flex; align-items: center; justify-content: center; text-align: center;\">\n<figure id=\"attachment_13598\" aria-describedby=\"caption-attachment-13598\" style=\"width: 300px\" class=\"wp-caption aligncenter\"><img decoding=\"async\" class=\"wp-image-13598 lazyload\" data-src=\"https:\/\/www.brw.pl\/blog\/wp-content\/uploads\/2020\/08\/Fotel-zielony-Major-800x601.jpg\" alt=\"Fotel zielony Major\" width=\"300\" height=\"225\" data-srcset=\"https:\/\/www.brw.pl\/blog\/wp-content\/uploads\/2020\/08\/Fotel-zielony-Major-800x601.jpg 800w, https:\/\/www.brw.pl\/blog\/wp-content\/uploads\/2020\/08\/Fotel-zielony-Major-768x577.jpg 768w, https:\/\/www.brw.pl\/blog\/wp-content\/uploads\/2020\/08\/Fotel-zielony-Major.jpg 1438w\" data-sizes=\"(max-width: 300px) 100vw, 300px\" src=\"data:image\/svg+xml;base64,PHN2ZyB3aWR0aD0iMSIgaGVpZ2h0PSIxIiB4bWxucz0iaHR0cDovL3d3dy53My5vcmcvMjAwMC9zdmciPjwvc3ZnPg==\" style=\"--smush-placeholder-width: 300px; --smush-placeholder-aspect-ratio: 300\/225;\" \/><figcaption id=\"caption-attachment-13598\" class=\"wp-caption-text\"><a href=\"https:\/\/www.brw.pl\/fotel-zielony-major,27830\">Fotel zielony Major<\/a><\/figcaption><\/figure>\n<figure id=\"attachment_13606\" aria-describedby=\"caption-attachment-13606\" style=\"width: 300px\" class=\"wp-caption aligncenter\"><img decoding=\"async\" class=\"wp-image-13606 lazyload\" data-src=\"https:\/\/www.brw.pl\/blog\/wp-content\/uploads\/2020\/08\/Pufa-Emilly-800x601.jpg\" alt=\"Pufa Emilly\" width=\"300\" height=\"225\" data-srcset=\"https:\/\/www.brw.pl\/blog\/wp-content\/uploads\/2020\/08\/Pufa-Emilly-800x601.jpg 800w, https:\/\/www.brw.pl\/blog\/wp-content\/uploads\/2020\/08\/Pufa-Emilly-768x577.jpg 768w, https:\/\/www.brw.pl\/blog\/wp-content\/uploads\/2020\/08\/Pufa-Emilly.jpg 1438w\" data-sizes=\"(max-width: 300px) 100vw, 300px\" src=\"data:image\/svg+xml;base64,PHN2ZyB3aWR0aD0iMSIgaGVpZ2h0PSIxIiB4bWxucz0iaHR0cDovL3d3dy53My5vcmcvMjAwMC9zdmciPjwvc3ZnPg==\" style=\"--smush-placeholder-width: 300px; --smush-placeholder-aspect-ratio: 300\/225;\" \/><figcaption id=\"caption-attachment-13606\" class=\"wp-caption-text\"><a href=\"https:\/\/www.brw.pl\/puf-emilly,30291\">Pufa Emilly<\/a><\/figcaption><\/figure>\n<\/div>\n<p>&nbsp;<\/p>\n<p>Je\u015bli nie jeste\u015b przekonany do tego pomys\u0142u lub nie chcesz inwestowa\u0107 w kolejne dodatki \u2013 przemy\u0107 t\u0119 barw\u0119 w ro\u015blinno\u015bci. W ten spos\u00f3b o\u017cywisz swoj\u0105 dekoracj\u0119 nie tylko wizualnie \u2013 ale i rzeczywi\u015bcie.<\/p>\n<p>&nbsp;<\/p>\n<h3>\u00b7\u00a0\u00a0\u00a0\u00a0\u00a0\u00a0 <strong>Szaro\u015b\u0107<\/strong><\/h3>\n<p>Nadesz\u0142a wreszcie pora na uniwersaln\u0105 <strong>szaro\u015b\u0107. Je\u015bli zastanawiasz si\u0119, z czym \u0142\u0105czy\u0107 pomara\u0144czowy, by nieco zr\u00f3wnowa\u017cy\u0107 jego energetyczn\u0105 wymow\u0119, ta barwa nada si\u0119 do tego idealnie<\/strong>. Za spraw\u0105 swej stonowanej \u00a0natury gustownie z\u0142agodzi mocn\u0105 kolorystyk\u0119 we wn\u0119trzu, a aran\u017cacji o \u0142agodnych tonach nada za\u015b subtelnych rumie\u0144c\u00f3w. Wybierz przy tym najlepiej jasne, pobielone odcienie. Dzi\u0119ki temu optycznie powi\u0119kszysz swoje wn\u0119trze, nadaj\u0105c mu lekko\u015bci i harmonii.<\/p>\n<div style=\"display: flex; align-items: center; justify-content: center; text-align: center;\">\n<figure id=\"attachment_13610\" aria-describedby=\"caption-attachment-13610\" style=\"width: 300px\" class=\"wp-caption aligncenter\"><img decoding=\"async\" class=\"wp-image-13610 lazyload\" data-src=\"https:\/\/www.brw.pl\/blog\/wp-content\/uploads\/2020\/08\/Szafa-Stanford-800x601.jpg\" alt=\"Szafa Stanford\" width=\"300\" height=\"225\" data-srcset=\"https:\/\/www.brw.pl\/blog\/wp-content\/uploads\/2020\/08\/Szafa-Stanford-800x601.jpg 800w, https:\/\/www.brw.pl\/blog\/wp-content\/uploads\/2020\/08\/Szafa-Stanford-768x577.jpg 768w, https:\/\/www.brw.pl\/blog\/wp-content\/uploads\/2020\/08\/Szafa-Stanford.jpg 1438w\" data-sizes=\"(max-width: 300px) 100vw, 300px\" src=\"data:image\/svg+xml;base64,PHN2ZyB3aWR0aD0iMSIgaGVpZ2h0PSIxIiB4bWxucz0iaHR0cDovL3d3dy53My5vcmcvMjAwMC9zdmciPjwvc3ZnPg==\" style=\"--smush-placeholder-width: 300px; --smush-placeholder-aspect-ratio: 300\/225;\" \/><figcaption id=\"caption-attachment-13610\" class=\"wp-caption-text\"><a href=\"https:\/\/www.brw.pl\/szafa-stanford,31587\">Szafa Stanford<\/a><\/figcaption><\/figure>\n<figure id=\"attachment_13607\" aria-describedby=\"caption-attachment-13607\" style=\"width: 300px\" class=\"wp-caption aligncenter\"><img decoding=\"async\" class=\"wp-image-13607 lazyload\" data-src=\"https:\/\/www.brw.pl\/blog\/wp-content\/uploads\/2020\/08\/Pufa-Pasos-800x601.jpg\" alt=\"Pufa Pasos\" width=\"300\" height=\"225\" data-srcset=\"https:\/\/www.brw.pl\/blog\/wp-content\/uploads\/2020\/08\/Pufa-Pasos-800x601.jpg 800w, https:\/\/www.brw.pl\/blog\/wp-content\/uploads\/2020\/08\/Pufa-Pasos-768x577.jpg 768w, https:\/\/www.brw.pl\/blog\/wp-content\/uploads\/2020\/08\/Pufa-Pasos.jpg 1438w\" data-sizes=\"(max-width: 300px) 100vw, 300px\" src=\"data:image\/svg+xml;base64,PHN2ZyB3aWR0aD0iMSIgaGVpZ2h0PSIxIiB4bWxucz0iaHR0cDovL3d3dy53My5vcmcvMjAwMC9zdmciPjwvc3ZnPg==\" style=\"--smush-placeholder-width: 300px; --smush-placeholder-aspect-ratio: 300\/225;\" \/><figcaption id=\"caption-attachment-13607\" class=\"wp-caption-text\"><a href=\"https:\/\/www.brw.pl\/puf-pasos,31384\">Pufa Pasos<\/a><\/figcaption><\/figure>\n<\/div>\n<p>&nbsp;<\/p>\n<p>Po\u0142\u0105czenia mocnych i dynamicznych barw mog\u0105 nadmiernie przyt\u0142oczy\u0107 wn\u0119trze. Nie musz\u0105 jednak tego zrobi\u0107, czego najlepszym dowodem jest trend Beauty colors, firmuj\u0105cy niecodzienny, pomara\u0144czowo-r\u00f3\u017cowy duet. Chcesz pozwoli\u0107 sobie na nutk\u0119 kontrolowanego szale\u0144stwa? Koniecznie wypr\u00f3buj go w swoim mieszkaniu!<\/p>\n<p>&nbsp;<\/p>\n<p>Wi\u0119cej informacji o znaczeniu barw w aran\u017cacji oraz ich umiej\u0119tnym komponowaniu, znajdziesz w artykule: <a href=\"https:\/\/www.brw.pl\/blog\/na-zolto-i-na-niebiesko-psychologiczne-znaczenie-kolorow-we-wnetrzu\/\">\u201eNa \u017c\u00f3\u0142to i na niebiesko! Psychologiczne znaczenie kolor\u00f3w we wn\u0119trzu\u201d<\/a>.<\/p>\n","protected":false},"excerpt":{"rendered":"<p>Radosny, magnetyzuj\u0105cy, wprowadzaj\u0105cy sporo ciep\u0142a i jeszcze wi\u0119cej pozytywnej energii \u2013 taki jest w\u0142a\u015bnie \u017cywio\u0142owy duet pomara\u0144czu i r\u00f3\u017cu. Zastanawiasz si\u0119, jak wykorzysta\u0107 to zaskakuj\u0105ce po\u0142\u0105czenie w swoich wn\u0119trzach? Poznaj magi\u0119 trendu beauty colors! &nbsp; Zalety pomara\u0144czowo-r\u00f3\u017cowych aran\u017cacji Za oknem szaro i zimno, a Ty potrzebujesz si\u0142 i motywacji do dzia\u0142ania? Znajdziesz j\u0105 bez w\u0105tpienia [&hellip;]<\/p>\n","protected":false},"author":18,"featured_media":13644,"comment_status":"closed","ping_status":"open","sticky":false,"template":"","format":"standard","meta":{"footnotes":""},"categories":[28,572],"tags":[],"aioseo_notices":[],"_links":{"self":[{"href":"https:\/\/www.brw.pl\/blog\/wp-json\/wp\/v2\/posts\/13589"}],"collection":[{"href":"https:\/\/www.brw.pl\/blog\/wp-json\/wp\/v2\/posts"}],"about":[{"href":"https:\/\/www.brw.pl\/blog\/wp-json\/wp\/v2\/types\/post"}],"author":[{"embeddable":true,"href":"https:\/\/www.brw.pl\/blog\/wp-json\/wp\/v2\/users\/18"}],"replies":[{"embeddable":true,"href":"https:\/\/www.brw.pl\/blog\/wp-json\/wp\/v2\/comments?post=13589"}],"version-history":[{"count":5,"href":"https:\/\/www.brw.pl\/blog\/wp-json\/wp\/v2\/posts\/13589\/revisions"}],"predecessor-version":[{"id":31330,"href":"https:\/\/www.brw.pl\/blog\/wp-json\/wp\/v2\/posts\/13589\/revisions\/31330"}],"wp:featuredmedia":[{"embeddable":true,"href":"https:\/\/www.brw.pl\/blog\/wp-json\/wp\/v2\/media\/13644"}],"wp:attachment":[{"href":"https:\/\/www.brw.pl\/blog\/wp-json\/wp\/v2\/media?parent=13589"}],"wp:term":[{"taxonomy":"category","embeddable":true,"href":"https:\/\/www.brw.pl\/blog\/wp-json\/wp\/v2\/categories?post=13589"},{"taxonomy":"post_tag","embeddable":true,"href":"https:\/\/www.brw.pl\/blog\/wp-json\/wp\/v2\/tags?post=13589"}],"curies":[{"name":"wp","href":"https:\/\/api.w.org\/{rel}","templated":true}]}}