{"id":13946,"date":"2020-08-29T17:52:35","date_gmt":"2020-08-29T15:52:35","guid":{"rendered":"https:\/\/www.brw.pl\/blog\/?p=13946"},"modified":"2024-09-16T10:25:17","modified_gmt":"2024-09-16T08:25:17","slug":"narozniki-modulowe-ukladamy-wnetrzarskie-puzzle","status":"publish","type":"post","link":"https:\/\/www.brw.pl\/blog\/narozniki-modulowe-ukladamy-wnetrzarskie-puzzle\/","title":{"rendered":"Naro\u017cniki modu\u0142owe \u2013 uk\u0142adamy wn\u0119trzarskie puzzle!"},"content":{"rendered":"<p><strong>Kiedy powinny zainteresowa\u0107 Ci\u0119 naro\u017cniki modu\u0142owe? Gdy po obejrzeniu mn\u00f3stwa mebli wypoczynkowych dochodzisz do wniosku, \u017ce jeszcze nie wyprodukowano idealnego naro\u017cnika dla Ciebie. Nie za\u0142amuj r\u0105k! Istnieje rozwi\u0105zanie, dzi\u0119ki kt\u00f3remu dostaniesz mebel skrojony na miar\u0119 Twojego salonu \u2013 to naro\u017cniki modu\u0142owe. Sprawd\u017a, jakie zalety ma taka opcja i do jakich wn\u0119trz pasuje najbardziej.<\/strong><\/p>\n<p><img decoding=\"async\" class=\"size-medium wp-image-13947 lazyload\" data-src=\"https:\/\/www.brw.pl\/blog\/wp-content\/uploads\/2020\/08\/naro\u017cnik-Amarante-Jazz-800x601.jpg\" alt=\"naro\u017cnik Amarante Jazz\" width=\"800\" height=\"601\" data-srcset=\"https:\/\/www.brw.pl\/blog\/wp-content\/uploads\/2020\/08\/naro\u017cnik-Amarante-Jazz-800x601.jpg 800w, https:\/\/www.brw.pl\/blog\/wp-content\/uploads\/2020\/08\/naro\u017cnik-Amarante-Jazz-768x577.jpg 768w, https:\/\/www.brw.pl\/blog\/wp-content\/uploads\/2020\/08\/naro\u017cnik-Amarante-Jazz.jpg 1438w\" data-sizes=\"(max-width: 800px) 100vw, 800px\" src=\"data:image\/svg+xml;base64,PHN2ZyB3aWR0aD0iMSIgaGVpZ2h0PSIxIiB4bWxucz0iaHR0cDovL3d3dy53My5vcmcvMjAwMC9zdmciPjwvc3ZnPg==\" style=\"--smush-placeholder-width: 800px; --smush-placeholder-aspect-ratio: 800\/601;\" \/><\/p>\n<p>&nbsp;<\/p>\n<p>Wyb\u00f3r kanapy do salonu nigdy nie jest \u0142atwy, poniewa\u017c musisz bra\u0107 pod uwag\u0119 wiele aspekt\u00f3w \u2013 od wielko\u015bci pomieszczenia, przez w\u0142asne preferencje estetyczne, a\u017c po wygod\u0119 (tak\u017ce swoich go\u015bci) i funkcjonalno\u015b\u0107. Gotowe meble zmuszaj\u0105 do p\u00f3j\u015bcia na kompromis, dlatego te\u017c przed zakupem warto rozwa\u017cy\u0107 meble modu\u0142owe, kt\u00f3re mo\u017cna \u201ezaprojektowa\u0107\u201d zgodnie ze swoimi oczekiwaniami. Czy takie rozwi\u0105zanie sprawdzi si\u0119 tak\u017ce u Ciebie?<\/p>\n<p>&nbsp;<\/p>\n<h2>Naro\u017cnik modu\u0142owy, czyli jaki?<\/h2>\n<p>Jak sama nazwa podpowiada,\u00a0<strong>naro\u017cnik modu\u0142owy sk\u0142ada si\u0119 z modu\u0142\u00f3w, czyli cz\u0119\u015bci, element\u00f3w<\/strong>. W wielu egzemplarzach cz\u0119\u015bci te mo\u017cna ze sob\u0105 po\u0142\u0105czy\u0107, na przyk\u0142ad za pomoc\u0105 metalowych wsuwek \u2013 w niekt\u00f3rych nie ma mo\u017cliwo\u015bci p\u00f3\u017aniejszego przestawienia cz\u0119\u015bci, inne s\u0105 tak uniwersalnie zbudowane, \u017ce mo\u017cna do woli zmienia\u0107 kszta\u0142t kanapy.<\/p>\n<p>Natomiast w naro\u017cnikach nie\u0142\u0105czonych, cz\u0119\u015bci s\u0105 ca\u0142kowicie od siebie niezale\u017cne i mo\u017cna jedynie dosun\u0105\u0107 je do siebie.<\/p>\n<p>Im wi\u0119cej element\u00f3w do wyboru, tym \u0142atwiej dopasowa\u0107 naro\u017cnik do wielko\u015bci wn\u0119trza i w\u0142asnych potrzeb \u2013 czasami ten sam mebel mo\u017ce wyst\u0119powa\u0107 zar\u00f3wno w opcji jako niewielka \u201ez\u0142amana\u201d kanapa, jak i jako du\u017cy mebel wypoczynkowy w kszta\u0142cie litery \u201eU\u201d. Najbardziej rozbudowane systemy pozwalaj\u0105 stworzy\u0107 kanap\u0119 z dwoma, a nawet trzema k\u0105tami prostymi! Tylko od Ciebie zale\u017cy, jak du\u017co miejsca zajmie mebel i ile go\u015bci si\u0119 na nim zmie\u015bci.<\/p>\n<figure id=\"attachment_13948\" aria-describedby=\"caption-attachment-13948\" style=\"width: 728px\" class=\"wp-caption aligncenter\"><a href=\"https:\/\/www.brw.pl\/naroznik-modulowy-mantaro,45425\" target=\"_blank\" rel=\"noopener noreferrer\"><img decoding=\"async\" class=\"wp-image-13948 size-full lazyload\" data-src=\"https:\/\/www.brw.pl\/blog\/wp-content\/uploads\/2020\/08\/Naro\u017cnik-Montaro.jpg\" alt=\"Naro\u017cnik Montaro\" width=\"728\" height=\"483\" src=\"data:image\/svg+xml;base64,PHN2ZyB3aWR0aD0iMSIgaGVpZ2h0PSIxIiB4bWxucz0iaHR0cDovL3d3dy53My5vcmcvMjAwMC9zdmciPjwvc3ZnPg==\" style=\"--smush-placeholder-width: 728px; --smush-placeholder-aspect-ratio: 728\/483;\" \/><\/a><figcaption id=\"caption-attachment-13948\" class=\"wp-caption-text\"><a href=\"https:\/\/www.brw.pl\/naroznik-modulowy-mantaro,45425\" target=\"_blank\" rel=\"noopener noreferrer\">Naro\u017cnik modu\u0142owy Mantaro<\/a><\/figcaption><\/figure>\n<p>&nbsp;<\/p>\n<h2>Naro\u017cniki modu\u0142owe &#8211; tak, czy nie?<\/h2>\n<p>Kochamy tradycyjne meble wypoczynkowe, dlatego wci\u0105\u017c jeszcze meble modu\u0142owe jawi\u0105 nam si\u0119 jako zb\u0119dne dziwactwo, na kt\u00f3re nie powinni\u015bmy sobie we wn\u0119trzach pozwala\u0107. Warto jednak wiedzie\u0107, \u017ce dobry, nowoczesny naro\u017cnik modu\u0142owy mo\u017ce nie\u015b\u0107 ze sob\u0105 wysoki komfort u\u017cytkowania, ale r\u00f3wnie\u017c ogromny potencja\u0142 aran\u017cacyjny. Zatem: kiedy tak?<\/p>\n<ul>\n<li>Kiedy chcesz, by Twoje meble wypoczynkowe nie ogranicza\u0142y Ci\u0119 w aran\u017cacji salonu;<\/li>\n<li>Kiedy chcesz mie\u0107 mo\u017cliwo\u015b\u0107 zmieniania wystroju w ci\u0105gu kilku minut;<\/li>\n<li>Kiedy interesuje Ci\u0119 nie tylko funkcjonalno\u015b\u0107 mebla, ale r\u00f3wnie\u017c dobry design;<\/li>\n<li>Kiedy nie masz miejsca na du\u017cy naro\u017cnik w standardowym wydaniu, ale czasem potrzebujesz po\u0142\u0105czy\u0107 kilka mebli w jeden.<\/li>\n<\/ul>\n<p>W\u00f3wczas wybierz naro\u017cnik modu\u0142owy. Przy u\u017cyciu naro\u017cnik\u00f3w modu\u0142owych mo\u017cesz dowolnie zmienia\u0107 wn\u0119trze, ale wykorzystywa\u0107 r\u00f3wnie\u017c fakt, \u017ce poszczeg\u00f3lne elementy nie musz\u0105 sta\u0107 obok siebie. Budujesz funkcj\u0119 spania, kiedy masz go\u015bci i rezygnujesz z niej, kiedy nie jest potrzebna. Naro\u017cniki modu\u0142owe daj\u0105 ca\u0142kiem spore mo\u017cliwo\u015bci.<\/p>\n<p>Kiedy nie:<\/p>\n<ul>\n<li>Je\u015bli lubisz sta\u0142o\u015b\u0107 i zwyk\u0142y, du\u017cy naro\u017cnik w ca\u0142o\u015bci spe\u0142ni Twoje oczekiwania;<\/li>\n<li>Je\u015bli cenisz sobie ca\u0142kowit\u0105 stabilno\u015b\u0107 mebli (dotyczy zw\u0142aszcza naro\u017cnik\u00f3w modu\u0142owych, w kt\u00f3rych poszczeg\u00f3lnych element\u00f3w nie da si\u0119 ze sob\u0105 spi\u0105\u0107).<\/li>\n<\/ul>\n<p>Zaufanie do naro\u017cnik\u00f3w modu\u0142owych mo\u017cna zbudowa\u0107, ale je\u015bli czujesz, \u017ce ewidentnie nie jest to opcja dla Ciebie &#8211; warto postawi\u0107 na klasyczny naro\u017cnik.<\/p>\n<h2>Dlaczego warto rozwa\u017cy\u0107 zakup kanapy modu\u0142owej?<\/h2>\n<p>W odr\u00f3\u017cnieniu od gotowego mebla,\u00a0<strong>naro\u017cniki modu\u0142owe zapewniaj\u0105 mo\u017cliwo\u015b\u0107 personalizacji w szerokim zakresie.<\/strong>\u00a0Masz wp\u0142yw nie tylko na rodzaj tkaniny, ale tak\u017ce na form\u0119, funkcjonalno\u015b\u0107 i wielko\u015b\u0107 mebla. To Ty decydujesz o tym, czy naro\u017cnik b\u0119dzie zako\u0144czony pod\u0142okietnikiem, pufem czy bokiem maskuj\u0105cym, a tak\u017ce czy wszystkie strony b\u0119d\u0105 wyposa\u017cone w pe\u0142ne oparcie. Jest to wi\u0119c propozycja dla os\u00f3b, kt\u00f3rym zale\u017cy na meblu maksymalnie dopasowanym do potrzeb domownik\u00f3w.<\/p>\n<p>Ciekawe jest r\u00f3wnie\u017c to, \u017ce\u00a0<strong>naro\u017cnik modu\u0142owy mo\u017ce si\u0119 dla Ciebie zmieni\u0107! Je\u015bli wybierzesz model, w kt\u00f3rym cz\u0119\u015bci mo\u017cna dowolnie \u0142\u0105czy\u0107 i przestawia\u0107, zyskasz wi\u0119ksz\u0105 elastyczno\u015b\u0107 w kreowaniu aran\u017cacji.\u00a0<\/strong>Przyk\u0142adowo, dzi\u015b mo\u017cesz wypoczywa\u0107 na naro\u017cniku w kszta\u0142cie litery \u201eL\u201d, natomiast jutro mo\u017cesz z tych samych cz\u0119\u015bci stworzy\u0107 zestaw wypoczynkowy z sof\u0105 i szezlongiem. To \u015bwietne rozwi\u0105zanie dla os\u00f3b interesuj\u0105cych si\u0119 tematyk\u0105 wn\u0119trzarsk\u0105 i kt\u00f3re chc\u0105 mie\u0107 mo\u017cliwo\u015b\u0107 szybkiej zmiany wystroju bez zakupu nowych mebli.<\/p>\n<p>&nbsp;<\/p>\n<figure id=\"attachment_13949\" aria-describedby=\"caption-attachment-13949\" style=\"width: 728px\" class=\"wp-caption aligncenter\"><a href=\"https:\/\/www.brw.pl\/meble\/meble-wypoczynkowe\/sofy\/\" target=\"_blank\" rel=\"noopener noreferrer\"><img decoding=\"async\" class=\"wp-image-13949 size-full lazyload\" data-src=\"https:\/\/www.brw.pl\/blog\/wp-content\/uploads\/2020\/08\/Sofa-modu\u0142owa-Anafi.jpg\" alt=\"Sofa modu\u0142owa \" width=\"728\" height=\"483\" src=\"data:image\/svg+xml;base64,PHN2ZyB3aWR0aD0iMSIgaGVpZ2h0PSIxIiB4bWxucz0iaHR0cDovL3d3dy53My5vcmcvMjAwMC9zdmciPjwvc3ZnPg==\" style=\"--smush-placeholder-width: 728px; --smush-placeholder-aspect-ratio: 728\/483;\" \/><\/a><figcaption id=\"caption-attachment-13949\" class=\"wp-caption-text\"><a href=\"https:\/\/www.brw.pl\/meble\/meble-wypoczynkowe\/sofy\/\">Sofa modu\u0142owa \u00a0&#8211; relaks szyty na miar\u0119<\/a><\/figcaption><\/figure>\n<p>&nbsp;<\/p>\n<p>Naro\u017cniki modu\u0142owe zapewniaj\u0105 r\u00f3wnie\u017c wi\u0119ksz\u0105 mo\u017cliwo\u015b\u0107 dopasowania mebla do powierzchni pomieszczenia. Gotowe kanapy maj\u0105 zwykle ustandaryzowane wymiary, kt\u00f3rych nie mo\u017cna zmieni\u0107 na \u017cyczenie. W efekcie czasami wypoczynek jest nieco za ma\u0142y i nie wykorzystuje w pe\u0142ni dost\u0119pnego metra\u017cu albo przeciwnie \u2013 jest za du\u017cy i wygl\u0105da nieproporcjonalnie na tle salonu. Natomiast\u00a0<strong>naro\u017cnik modu\u0142owy mo\u017cna tak skonfigurowa\u0107, aby uzyska\u0107 mebel o optymalnej wielko\u015bci.<\/strong><\/p>\n<p>Na koniec warto wspomnie\u0107 o innym, bardzo niestandardowym rozwi\u0105zaniu. Ot\u00f3\u017c\u00a0<strong>nowoczesne naro\u017cniki modu\u0142owe mo\u017cna tak spersonalizowa\u0107, aby ka\u017cda z cz\u0119\u015bci by\u0142a wykonana w innym kolorze.<\/strong>\u00a0Mo\u017cesz na przyk\u0142ad po\u0142\u0105czy\u0107 ze sob\u0105 barwy pochodne lub kontrastowe i zyska\u0107 tym samym mebel o niepowtarzalnej, wyrazistej kolorystyce \u2013 to godna uwagi propozycja do odwa\u017cnych, nowoczesnych wn\u0119trz (np. w stylu pop-art.), a tak\u017ce pokoju m\u0142odzie\u017cowego.<\/p>\n<figure id=\"attachment_13950\" aria-describedby=\"caption-attachment-13950\" style=\"width: 800px\" class=\"wp-caption aligncenter\"><a href=\"https:\/\/www.brw.pl\/sofa-modulowa-3-bk-comino,33654\" target=\"_blank\" rel=\"noopener noreferrer\"><img decoding=\"async\" class=\"size-medium wp-image-13950 lazyload\" data-src=\"https:\/\/www.brw.pl\/blog\/wp-content\/uploads\/2020\/08\/Sofa-modu\u0142owa-3-BK-Comino-800x601.jpg\" alt=\"Sofa modu\u0142owa 3 BK Comino\" width=\"800\" height=\"601\" data-srcset=\"https:\/\/www.brw.pl\/blog\/wp-content\/uploads\/2020\/08\/Sofa-modu\u0142owa-3-BK-Comino-800x601.jpg 800w, https:\/\/www.brw.pl\/blog\/wp-content\/uploads\/2020\/08\/Sofa-modu\u0142owa-3-BK-Comino-768x577.jpg 768w, https:\/\/www.brw.pl\/blog\/wp-content\/uploads\/2020\/08\/Sofa-modu\u0142owa-3-BK-Comino.jpg 1438w\" data-sizes=\"(max-width: 800px) 100vw, 800px\" src=\"data:image\/svg+xml;base64,PHN2ZyB3aWR0aD0iMSIgaGVpZ2h0PSIxIiB4bWxucz0iaHR0cDovL3d3dy53My5vcmcvMjAwMC9zdmciPjwvc3ZnPg==\" style=\"--smush-placeholder-width: 800px; --smush-placeholder-aspect-ratio: 800\/601;\" \/><\/a><figcaption id=\"caption-attachment-13950\" class=\"wp-caption-text\"><a href=\"https:\/\/www.brw.pl\/sofa-modulowa-3-bk-comino,33654\" target=\"_blank\" rel=\"noopener noreferrer\">Sofa modu\u0142owa 3 BK Camino<\/a><\/figcaption><\/figure>\n<p>&nbsp;<\/p>\n<h2>Czy naro\u017cniki modu\u0142owe to rozwi\u0105zanie dla wszystkich?<\/h2>\n<p>Cho\u0107 mo\u017cliwo\u015b\u0107 dostosowania mebla do swoich potrzeb mo\u017ce Ci\u0119 kusi\u0107, musisz wzi\u0105\u0107 pod uwag\u0119 nieliczne wady takiego rozwi\u0105zania.<\/p>\n<p>Ot\u00f3\u017c niekt\u00f3re\u00a0<a href=\"https:\/\/www.brw.pl\/meble\/meble-wypoczynkowe\/narozniki\/\" target=\"_blank\" rel=\"noopener noreferrer\">naro\u017cniki modu\u0142owe<\/a>\u00a0s\u0105 tak skonstruowane, \u017ce nie mo\u017cna zastosowa\u0107 w nich mechanizmu rozk\u0142adania. Brak funkcji spania i brak pojemnika na po\u015bciel to nie problem w du\u017cym domu, gdzie ka\u017cdy ma sw\u00f3j pok\u00f3j z \u0142\u00f3\u017ckiem i szaf\u0119. Natomiast w ma\u0142ym mieszkaniu dodatkowe miejsce do spania zawsze si\u0119 przyda, cho\u0107by do przenocowania go\u015bci.<\/p>\n<p>Jednak jak si\u0119 okazuje, te obawy s\u0105 troch\u0119 na wyrost \u2013 ot\u00f3\u017c mo\u017cna znale\u017a\u0107 naro\u017cnik modu\u0142owy z funkcj\u0105 spania i wybra\u0107 poszczeg\u00f3lne cz\u0119\u015bci tak, aby w razie potrzeby mo\u017cna by\u0142o stworzy\u0107 z niego ca\u0142kiem wygodne \u0142\u00f3\u017cko. Czasami ten sam egzemplarz jest dost\u0119pny w dw\u00f3ch opcjach \u2013 z funkcj\u0105 spania i bez, dzi\u0119ki czemu mo\u017cesz wybra\u0107, kt\u00f3ra opcja bardziej Ci odpowiada.<\/p>\n<p>Kolejny \u201ezarzut\u201d stawiany naro\u017cnikom modu\u0142owym odnosi si\u0119 do ich wielko\u015bci \u2013 niekt\u00f3rzy twierdz\u0105, \u017ce taki mebel pasuje wy\u0142\u0105cznie do du\u017cego, ustawnego salonu. To po cz\u0119\u015bci prawda, gdy\u017c \u017ceby w pe\u0142ni skorzysta\u0107 z funkcjonalno\u015bci mebla (np. zamiany naro\u017cnika na sof\u0119 i szezlong lub fotel), potrzebna jest wolna przestrze\u0144. Trzeba te\u017c przyzna\u0107, \u017ce\u00a0<strong>naro\u017cnik modu\u0142owy w kszta\u0142cie litery \u201eU\u201d nie sprawdzi si\u0119 w kawalerce czy ma\u0142ym pokoju dziennym.<\/strong><\/p>\n<p>Jednak wszystko zale\u017cy od formy naro\u017cnika i tego, jakie elementy masz do wyboru. Maj\u0105c do dyspozycji ograniczon\u0105 powierzchni\u0119, mo\u017cesz poprzesta\u0107 na standardowym zestawie cz\u0119\u015bci, kt\u00f3re b\u0119d\u0105 tworzy\u0107 naro\u017cnik w kszta\u0142cie litery \u201eL\u201d. Mo\u017cesz te\u017c zrezygnowa\u0107 z dodatkowych element\u00f3w (np. pod\u0142okietnika), dzi\u0119ki czemu mebel b\u0119dzie mia\u0142 nieco mniejsze wymiary. Co wi\u0119cej, mo\u017cesz wybra\u0107 takie elementy, kt\u00f3re pozwol\u0105 Ci rozdzieli\u0107 naro\u017cnik modu\u0142owy na ma\u0142\u0105 sof\u0119 i puf, aby w razie potrzeby zyska\u0107 wi\u0119cej miejsca w pokoju.<\/p>\n<h2>Nowoczesny naro\u017cnik modu\u0142owy &#8211; dla kogo?<\/h2>\n<p>Pozostaje jednak pytanie, czy naro\u017cniki s\u0105 tak samo stabilne jak tradycyjne? Ot\u00f3\u017c je\u015bli wybierzesz model z metalowymi wsuwkami, w\u00f3wczas cz\u0119\u015bci kanapy b\u0119d\u0105 ze sob\u0105 trwale po\u0142\u0105czone i nie b\u0119d\u0105 przesuwa\u0107 si\u0119 wzgl\u0119dem siebie. W efekcie naro\u017cnik modu\u0142owy b\u0119dzie tak samo stabilny i wygodny jak zwyk\u0142y naro\u017cnik sk\u0142adaj\u0105cy si\u0119 z dw\u00f3ch element\u00f3w.<\/p>\n<p>A co z kanapami pozbawionymi \u0142\u0105cze\u0144? Je\u015bli mebel b\u0119dzie zbyt lekki i nie dosuniesz go do rogu pomieszczenia, w\u00f3wczas jego cz\u0119\u015bci mog\u0105 faktycznie si\u0119 przesuwa\u0107. Warto jednak wzi\u0105\u0107 pod uwag\u0119, \u017ce naro\u017cniki modu\u0142owe bez \u0142\u0105cznik\u00f3w pozwalaj\u0105 zmieni\u0107 aran\u017cacj\u0119 w kilka sekund. Ka\u017cdy z element\u00f3w to niejako oddzielny mebel, wi\u0119c wystarczy odsun\u0105\u0107 je od siebie, aby uzyska\u0107 sof\u0119, szezlong, fotel czy puf.<\/p>\n<p>Podsumowuj\u0105c,\u00a0<strong>naro\u017cnik modu\u0142owy to propozycja dla os\u00f3b, kt\u00f3re szukaj\u0105 elastycznych rozwi\u0105za\u0144 \u2013 chc\u0105 mie\u0107 wp\u0142yw na wygl\u0105d mebla, a tak\u017ce mie\u0107 mo\u017cliwo\u015b\u0107 zmiany jego funkcji w zale\u017cno\u015bci od potrzeb.<\/strong>\u00a0Warto wzi\u0105\u0107 pod uwag\u0119, \u017ce zazwyczaj s\u0105 to naro\u017cniki o wi\u0119kszych rozmiarach i nieco bardziej masywnej formie i wobec tego sprawdz\u0105 si\u0119 g\u0142\u00f3wnie we wn\u0119trzach \u015bredniej wielko\u015bci oraz tych du\u017cych. W niewielkim pokoju przestawianie modu\u0142\u00f3w by\u0142oby k\u0142opotliwe, wi\u0119c nie mo\u017cna w pe\u0142ni wykorzysta\u0107 mo\u017cliwo\u015bci takich mebli.<\/p>\n<p>Urz\u0105dzasz salon i szukasz idealnych mebli wypoczynkowych? Wi\u0119cej pomys\u0142\u00f3w znajdziesz tutaj:\u00a0<a href=\"https:\/\/www.brw.pl\/blog\/nowosci-mebli-wypoczynkowych-katalog\/\" target=\"_blank\" rel=\"noopener noreferrer\"><strong>\u201eSprawd\u017a nowo\u015bci z oferty mebli wypoczynkowych i poznaj nasz katalog\u201d<\/strong><\/a>.<\/p>\n","protected":false},"excerpt":{"rendered":"<p>Kiedy powinny zainteresowa\u0107 Ci\u0119 naro\u017cniki modu\u0142owe? Gdy po obejrzeniu mn\u00f3stwa mebli wypoczynkowych dochodzisz do wniosku, \u017ce jeszcze nie wyprodukowano idealnego naro\u017cnika dla Ciebie. Nie za\u0142amuj r\u0105k! Istnieje rozwi\u0105zanie, dzi\u0119ki kt\u00f3remu dostaniesz mebel skrojony na miar\u0119 Twojego salonu \u2013 to naro\u017cniki modu\u0142owe. Sprawd\u017a, jakie zalety ma taka opcja i do jakich wn\u0119trz pasuje najbardziej. &nbsp; Wyb\u00f3r [&hellip;]<\/p>\n","protected":false},"author":18,"featured_media":13947,"comment_status":"closed","ping_status":"open","sticky":false,"template":"","format":"standard","meta":{"footnotes":""},"categories":[39,28,735],"tags":[],"aioseo_notices":[],"_links":{"self":[{"href":"https:\/\/www.brw.pl\/blog\/wp-json\/wp\/v2\/posts\/13946"}],"collection":[{"href":"https:\/\/www.brw.pl\/blog\/wp-json\/wp\/v2\/posts"}],"about":[{"href":"https:\/\/www.brw.pl\/blog\/wp-json\/wp\/v2\/types\/post"}],"author":[{"embeddable":true,"href":"https:\/\/www.brw.pl\/blog\/wp-json\/wp\/v2\/users\/18"}],"replies":[{"embeddable":true,"href":"https:\/\/www.brw.pl\/blog\/wp-json\/wp\/v2\/comments?post=13946"}],"version-history":[{"count":6,"href":"https:\/\/www.brw.pl\/blog\/wp-json\/wp\/v2\/posts\/13946\/revisions"}],"predecessor-version":[{"id":31262,"href":"https:\/\/www.brw.pl\/blog\/wp-json\/wp\/v2\/posts\/13946\/revisions\/31262"}],"wp:featuredmedia":[{"embeddable":true,"href":"https:\/\/www.brw.pl\/blog\/wp-json\/wp\/v2\/media\/13947"}],"wp:attachment":[{"href":"https:\/\/www.brw.pl\/blog\/wp-json\/wp\/v2\/media?parent=13946"}],"wp:term":[{"taxonomy":"category","embeddable":true,"href":"https:\/\/www.brw.pl\/blog\/wp-json\/wp\/v2\/categories?post=13946"},{"taxonomy":"post_tag","embeddable":true,"href":"https:\/\/www.brw.pl\/blog\/wp-json\/wp\/v2\/tags?post=13946"}],"curies":[{"name":"wp","href":"https:\/\/api.w.org\/{rel}","templated":true}]}}