{"id":1434,"date":"2016-04-12T14:20:57","date_gmt":"2016-04-12T12:20:57","guid":{"rendered":"http:\/\/www.mojaplanetadom.pl\/?p=1434"},"modified":"2024-10-03T08:10:01","modified_gmt":"2024-10-03T06:10:01","slug":"chodz-pomaluj-moj-swiat-czyli-kolory-kontra-szarosci-we-wnetrzu","status":"publish","type":"post","link":"https:\/\/www.brw.pl\/blog\/chodz-pomaluj-moj-swiat-czyli-kolory-kontra-szarosci-we-wnetrzu\/","title":{"rendered":"Kolory kontra szaro\u015bci we wn\u0119trzu"},"content":{"rendered":"<p data-pm-slice=\"1 1 []\"><strong>Chcesz co\u015b zmieni\u0107 w swoim domu? Zastanawiasz si\u0119 nad kolorami nowych mebli i \u015bcian? Z Black Red White poznasz zalety aran\u017cacji w niezmiennie modnych szaro\u015bciach oraz tych sk\u0105panych w kolorach t\u0119czy. Dzi\u0119ki temu wybierzesz zestawienie, kt\u00f3re odzwierciedli Twoj\u0105 osobowo\u015b\u0107.<\/strong><\/p>\n<h2><strong>Odcienie szaro\u015bci, ciep\u0142ych barw, czy feeria kolor\u00f3w?<\/strong><\/h2>\n<p>Olga Tokarczuk napisa\u0142a, \u017ce \u201ekiedy kobieta zmienia kolor w\u0142os\u00f3w, to znak, \u017ce zaczyna si\u0119 dla niej nowa epoka\u201d. To samo dotyczy zmian wprowadzanych we wn\u0119trzach \u2013 czasem taka metamorfoza po prostu jest potrzebna, innym razem okazuje si\u0119 zachciank\u0105, kt\u00f3ra domaga si\u0119 realizacji. W obu przypadkach efekt przejdzie Twoje naj\u015bmielsze oczekiwania i od razu nabierzesz energii do nowych wyzwa\u0144. W\u0142a\u015bnie dlatego <a href=\"https:\/\/www.brw.pl\/\" target=\"_blank\" rel=\"noopener noreferrer\">specjali\u015bci marki Black Red White<\/a> przygotowali dla Ciebie kilka informacji dotycz\u0105cych wyboru barwy do ka\u017cdego pomieszczenia w domu.<\/p>\n<h2><strong>Kolor we wn\u0119trzu \u2013 jak go wprowadzi\u0107?<\/strong><\/h2>\n<p>Wystr\u00f3j wn\u0119trz w du\u017cej mierze opiera si\u0119 na kolorystyce. Kszta\u0142t mebli i dodatk\u00f3w oczywi\u015bcie r\u00f3wnie\u017c ma znaczenie, jednak je\u015bli odpowiednio dobierzesz kolorystyk\u0119 wn\u0119trza, mo\u017cesz wspaniale je odmieni\u0107. Najlepsi projektanci wn\u0119trz maj\u0105 swoje sposoby, dzi\u0119ki kt\u00f3rym dob\u00f3r kolor\u00f3w zawsze jest w\u0142a\u015bciwy. Ty r\u00f3wnie\u017c mo\u017cesz wprowadzi\u0107 do wn\u0119trza palet\u0119 barw na kilka r\u00f3\u017cnych sposob\u00f3w:<\/p>\n<ul>\n<li>postawi\u0107 na kolorowe \u015bciany,<\/li>\n<li>zdecydowa\u0107 si\u0119 na kolorowe meble,<\/li>\n<li>wybra\u0107 dekoracyjne dodatki w kontrastowych barwach.<\/li>\n<\/ul>\n<p>Kolory w du\u017cej mierze decyduj\u0105 o sposobie postrzegania wn\u0119trza. Wyb\u00f3r barw aran\u017cacji wp\u0142ywa tak\u017ce na Tw\u00f3j nastr\u00f3j. Z tego powodu warto przemy\u015ble\u0107, kt\u00f3re z nich sprawdz\u0105 si\u0119 w konkretnym pomieszczeniu. Mi\u0119dzy innymi dzi\u0119ki temu stworzysz sypialni\u0119 u\u0142atwiaj\u0105c\u0105 wyciszenie umys\u0142u, salon, w kt\u00f3rym ka\u017cdy poczuje si\u0119 bezpiecznie, oraz kuchni\u0119 zach\u0119caj\u0105c\u0105 do kulinarnych eksperyment\u00f3w. To wszystko jest zapisane w\u2026 kolorach!<\/p>\n<figure id=\"attachment_1436\" aria-describedby=\"caption-attachment-1436\" style=\"width: 653px\" class=\"wp-caption aligncenter\"><img decoding=\"async\" class=\"size-medium wp-image-1436 lazyload\" data-src=\"\/blog\/wp-content\/uploads\/2016\/06\/02-2-653x397.jpg\" alt=\"Black Red White, kolekcja Antwerpen\" width=\"653\" height=\"397\" data-srcset=\"https:\/\/www.brw.pl\/blog\/wp-content\/uploads\/2016\/06\/02-2-653x397.jpg 653w, https:\/\/www.brw.pl\/blog\/wp-content\/uploads\/2016\/06\/02-2-768x467.jpg 768w, https:\/\/www.brw.pl\/blog\/wp-content\/uploads\/2016\/06\/02-2-1024x623.jpg 1024w, https:\/\/www.brw.pl\/blog\/wp-content\/uploads\/2016\/06\/02-2.jpg 1775w\" data-sizes=\"(max-width: 653px) 100vw, 653px\" src=\"data:image\/svg+xml;base64,PHN2ZyB3aWR0aD0iMSIgaGVpZ2h0PSIxIiB4bWxucz0iaHR0cDovL3d3dy53My5vcmcvMjAwMC9zdmciPjwvc3ZnPg==\" style=\"--smush-placeholder-width: 653px; --smush-placeholder-aspect-ratio: 653\/397;\" \/><figcaption id=\"caption-attachment-1436\" class=\"wp-caption-text\">Black Red White, kolekcja Antwerpen<\/figcaption><\/figure>\n<h2 data-pm-slice=\"1 1 []\"><strong>Jak \u0142\u0105czy\u0107 kolory we wn\u0119trzach? Zyskaj pewno\u015b\u0107, \u017ce dobrze operujesz barwami<\/strong><\/h2>\n<p>Odcienie szaro\u015bci, odcienie niebieskiego, odcienie r\u00f3\u017cu, \u017c\u00f3\u0142cieni, a mo\u017ce barwa bia\u0142a? Wyb\u00f3r jest tak szeroki, \u017ce trudno mie\u0107 pewno\u015b\u0107, czy aby odpowiednio zestawiasz ze sob\u0105 kolory tak, by podkre\u015bla\u0142y okre\u015blone projekty wn\u0119trz. Je\u015bli chcesz dobrze \u0142\u0105czy\u0107 kolory, najlepiej podgl\u0105da\u0107 je na kole barw. To spore u\u0142atwienie w projektowaniu wn\u0119trz, poniewa\u017c pozwala zyska\u0107 pewno\u015b\u0107, \u017ce poszczeg\u00f3lne barwy \u0142\u0105czysz z innymi barwami bez \u017cadnych aran\u017cacyjnych wpadek.<\/p>\n<p>Czasem projekt wn\u0119trz zak\u0142ada barwy w tej samej tonacji &#8211; w\u00f3wczas wybieraj kolory, kt\u00f3re na kole znajduj\u0105 si\u0119 obok siebie. Je\u015bli chcesz postawi\u0107 na mn\u00f3stwo kolor\u00f3w (dobrze dobranych) &#8211; wybieraj te z przeciwnych biegun\u00f3w ko\u0142a. Do tego dochodz\u0105 barwy takie jak biel, czy neutralna szaro\u015b\u0107, kt\u00f3re pasuj\u0105 do wszystkiego. O tym, w jakich proporcjach chcesz dobra\u0107 te kolory, mo\u017cesz zadecydowa\u0107 samodzielnie. Aran\u017cacja i kolor \u015bcian i poszczeg\u00f3lnych dodatk\u00f3w maj\u0105 w ko\u0144cu odzwierciedla\u0107 Twoj\u0105 osobowo\u015b\u0107! Przetestuj ich oddzia\u0142ywanie na siebie, a nast\u0119pnie zdecyduj, jak du\u017co neutralno\u015bci i jak du\u017co \u017cycia powinno si\u0119 znale\u017a\u0107 w Twoim wn\u0119trzu.<\/p>\n<h2><strong>Kolory szaro\u015bci \u2013 przede wszystkim do sypialni, salonu i gabinetu<\/strong><\/h2>\n<p>Szary dzi\u0119ki swojej subtelno\u015bci (zw\u0142aszcza w jasnych odcieniach) uspokaja, a jednocze\u015bnie pomaga si\u0119 skoncentrowa\u0107, dlatego architekci wn\u0119trz ch\u0119tnie wybieraj\u0105 go do takich pomieszcze\u0144 jak gabinet, jadalnia czy sypialnia.<\/p>\n<figure id=\"attachment_1437\" aria-describedby=\"caption-attachment-1437\" style=\"width: 653px\" class=\"wp-caption aligncenter\"><img decoding=\"async\" class=\"size-medium wp-image-1437 lazyload\" data-src=\"\/blog\/wp-content\/uploads\/2016\/06\/03-2-653x499.jpg\" alt=\"Black Red White, kolekcja Kate\" width=\"653\" height=\"499\" data-srcset=\"https:\/\/www.brw.pl\/blog\/wp-content\/uploads\/2016\/06\/03-2-653x499.jpg 653w, https:\/\/www.brw.pl\/blog\/wp-content\/uploads\/2016\/06\/03-2-768x587.jpg 768w, https:\/\/www.brw.pl\/blog\/wp-content\/uploads\/2016\/06\/03-2-1024x783.jpg 1024w, https:\/\/www.brw.pl\/blog\/wp-content\/uploads\/2016\/06\/03-2.jpg 1413w\" data-sizes=\"(max-width: 653px) 100vw, 653px\" src=\"data:image\/svg+xml;base64,PHN2ZyB3aWR0aD0iMSIgaGVpZ2h0PSIxIiB4bWxucz0iaHR0cDovL3d3dy53My5vcmcvMjAwMC9zdmciPjwvc3ZnPg==\" style=\"--smush-placeholder-width: 653px; --smush-placeholder-aspect-ratio: 653\/499;\" \/><figcaption id=\"caption-attachment-1437\" class=\"wp-caption-text\">Black Red White, kolekcja Kate<\/figcaption><\/figure>\n<p data-pm-slice=\"1 1 []\">Ten kolor wyr\u00f3\u017cnia jedna bardzo istotna cecha: doskonale komponuje si\u0119 z ka\u017cd\u0105 inn\u0105 barw\u0105 i j\u0105 uwydatnia. W zale\u017cno\u015bci od tego, kt\u00f3ry odcie\u0144 wybierzesz, uzyskasz wn\u0119trza o zupe\u0142nie innym charakterze. Szaro\u015b\u0107 po\u0142\u0105czona z biel\u0105 tworzy <strong>skandynawsk\u0105 aran\u017cacj\u0119<\/strong>, je\u015bli dodasz do niej czerwie\u0144, ziele\u0144 lub b\u0142\u0119kit, uzyskasz bardziej wyrazisty i nowoczesny efekt. Masywne drewniane meble na szarym tle skojarz\u0105 si\u0119 natomiast z bardzo tradycyjnym pomieszczeniem.<\/p>\n<p>Szaro\u015b\u0107 wygl\u0105da najlepiej, gdy wprowadzasz j\u0105 do lekkich i eleganckich wn\u0119trz. Wbrew pozorom ma ona tak\u017ce dzia\u0142anie od\u015bwie\u017caj\u0105ce \u2013 w sam raz do sypialni! Sp\u00f3jrz chocia\u017cby na przyk\u0142adow\u0105 aran\u017cacj\u0119 stworzon\u0105 z <a href=\"https:\/\/www.brw.pl\/kolekcja-azteca,169\" target=\"_blank\" rel=\"noopener noreferrer\"><strong>kolekcj\u0105 Azteca<\/strong> dost\u0119pn\u0105 w ofercie Black Red White<\/a>.<\/p>\n<figure id=\"attachment_1438\" aria-describedby=\"caption-attachment-1438\" style=\"width: 653px\" class=\"wp-caption aligncenter\"><img decoding=\"async\" class=\"size-medium wp-image-1438 lazyload\" data-src=\"\/blog\/wp-content\/uploads\/2016\/06\/04-2-653x427.jpg\" alt=\"Black Red White, kolekcja Azteca\" width=\"653\" height=\"427\" data-srcset=\"https:\/\/www.brw.pl\/blog\/wp-content\/uploads\/2016\/06\/04-2-653x427.jpg 653w, https:\/\/www.brw.pl\/blog\/wp-content\/uploads\/2016\/06\/04-2-768x502.jpg 768w, https:\/\/www.brw.pl\/blog\/wp-content\/uploads\/2016\/06\/04-2-1024x669.jpg 1024w, https:\/\/www.brw.pl\/blog\/wp-content\/uploads\/2016\/06\/04-2.jpg 1653w\" data-sizes=\"(max-width: 653px) 100vw, 653px\" src=\"data:image\/svg+xml;base64,PHN2ZyB3aWR0aD0iMSIgaGVpZ2h0PSIxIiB4bWxucz0iaHR0cDovL3d3dy53My5vcmcvMjAwMC9zdmciPjwvc3ZnPg==\" style=\"--smush-placeholder-width: 653px; --smush-placeholder-aspect-ratio: 653\/427;\" \/><figcaption id=\"caption-attachment-1438\" class=\"wp-caption-text\">Black Red White, kolekcja Azteca<\/figcaption><\/figure>\n<p data-pm-slice=\"1 1 []\">Bia\u0142y kolor mebli w po\u0142\u0105czeniu z szarymi \u015bcianami tworzy lekkie i nowoczesne wn\u0119trze. Mo\u017cesz je o\u017cywi\u0107 kilkoma wzorzystymi poduszkami rzuconymi na \u0142\u00f3\u017cko.<\/p>\n<h2><strong>Kolor w domu \u2013 wykorzystuj go z umiarem!<\/strong><\/h2>\n<p>Elementy o\u017cywiaj\u0105ce aran\u017cacj\u0119 s\u0105 konieczne \u2013 to one nadaj\u0105 pomieszczeniom charakter. Pami\u0119taj jednak o pewnej w\u0142a\u015bciwo\u015bci wyrazistych barw: <strong>gdy jest ich<\/strong> <strong>zbyt du\u017co na ma\u0142ej powierzchni, wn\u0119trze staje si\u0119 przyt\u0142oczone<\/strong>. Je\u015bli chcesz wybra\u0107 kolorowe meble (np. <a href=\"https:\/\/www.brw.pl\/zaprojektuj-sam\/\" target=\"_blank\" rel=\"noopener noreferrer\">samodzielne skonfigurowane kolorystycznie meble z <strong>kolekcji<\/strong> <strong>Possi<\/strong><\/a>), zdecyduj si\u0119 na delikatne t\u0142o. I odwrotnie.<\/p>\n<figure id=\"attachment_1439\" aria-describedby=\"caption-attachment-1439\" style=\"width: 653px\" class=\"wp-caption aligncenter\"><img decoding=\"async\" class=\"size-medium wp-image-1439 lazyload\" data-src=\"\/blog\/wp-content\/uploads\/2016\/06\/05-2-653x420.jpg\" alt=\"Black Red White, kolekcja Raflo\" width=\"653\" height=\"420\" data-srcset=\"https:\/\/www.brw.pl\/blog\/wp-content\/uploads\/2016\/06\/05-2-653x420.jpg 653w, https:\/\/www.brw.pl\/blog\/wp-content\/uploads\/2016\/06\/05-2-768x494.jpg 768w, https:\/\/www.brw.pl\/blog\/wp-content\/uploads\/2016\/06\/05-2-1024x659.jpg 1024w, https:\/\/www.brw.pl\/blog\/wp-content\/uploads\/2016\/06\/05-2.jpg 1679w\" data-sizes=\"(max-width: 653px) 100vw, 653px\" src=\"data:image\/svg+xml;base64,PHN2ZyB3aWR0aD0iMSIgaGVpZ2h0PSIxIiB4bWxucz0iaHR0cDovL3d3dy53My5vcmcvMjAwMC9zdmciPjwvc3ZnPg==\" style=\"--smush-placeholder-width: 653px; --smush-placeholder-aspect-ratio: 653\/420;\" \/><figcaption id=\"caption-attachment-1439\" class=\"wp-caption-text\">Black Red White, kolekcja Raflo<\/figcaption><\/figure>\n<p data-pm-slice=\"1 1 []\">Zasada kontrastowych zestawie\u0144 kolor\u00f3w zawsze dzia\u0142a na Twoj\u0105 korzy\u015b\u0107, poniewa\u017c urozmaica przestrze\u0144 i czyni j\u0105 ciekawsz\u0105.<\/p>\n<h2><strong>Pastelove, czyli gor\u0105cy hit tego sezonu<\/strong><\/h2>\n<p>Szaro\u015b\u0107, podobnie jak r\u00f3\u017c (w odcieniu Rose Quartz), b\u0142\u0119kit (Serenity), seledyn czy kolor liliowy, jest zaliczana do kolor\u00f3w pastelowych. Barwy tego typu dobrze wygl\u0105daj\u0105 samodzielnie, efektownie komponuj\u0105 si\u0119 tak\u017ce z ciemniejszymi odcieniami.<\/p>\n<figure id=\"attachment_1440\" aria-describedby=\"caption-attachment-1440\" style=\"width: 653px\" class=\"wp-caption aligncenter\"><img decoding=\"async\" class=\"size-medium wp-image-1440 lazyload\" data-src=\"\/blog\/wp-content\/uploads\/2016\/06\/06-2-653x433.jpg\" alt=\"Black Red White, kolekcja Koen\" width=\"653\" height=\"433\" data-srcset=\"https:\/\/www.brw.pl\/blog\/wp-content\/uploads\/2016\/06\/06-2-653x433.jpg 653w, https:\/\/www.brw.pl\/blog\/wp-content\/uploads\/2016\/06\/06-2-768x509.jpg 768w, https:\/\/www.brw.pl\/blog\/wp-content\/uploads\/2016\/06\/06-2-1024x679.jpg 1024w, https:\/\/www.brw.pl\/blog\/wp-content\/uploads\/2016\/06\/06-2.jpg 1629w\" data-sizes=\"(max-width: 653px) 100vw, 653px\" src=\"data:image\/svg+xml;base64,PHN2ZyB3aWR0aD0iMSIgaGVpZ2h0PSIxIiB4bWxucz0iaHR0cDovL3d3dy53My5vcmcvMjAwMC9zdmciPjwvc3ZnPg==\" style=\"--smush-placeholder-width: 653px; --smush-placeholder-aspect-ratio: 653\/433;\" \/><figcaption id=\"caption-attachment-1440\" class=\"wp-caption-text\">Black Red White, kolekcja Koen<\/figcaption><\/figure>\n<p data-pm-slice=\"1 1 []\">Subtelne wybarwienie \u015bcian oraz pastelowe dodatki w postaci poduszek na jasnych meblach \u2013 oto \u015bwietne dope\u0142nienie <strong>ciemnych mebli z kolekcji Koen<\/strong>. Je\u015bli najdzie Ci\u0119 ochota na kolejne zmiany, szybko wprowadzisz je w \u017cycie dzi\u0119ki poszewkom na poduszki.<\/p>\n<h2><strong>Kuchnia \u2013 klasyczna lub nowoczesna<\/strong><\/h2>\n<p>W kuchni r\u00f3wnie\u017c mo\u017cesz zdecydowa\u0107 si\u0119 na dwie r\u00f3\u017cne drogi aran\u017cacyjne \u2013 albo klasyczn\u0105 biel \u0142\u0105czon\u0105 z szaro\u015bci\u0105, albo wyrazisty odcie\u0144 soczystej limonki w nowoczesnym wydaniu.<\/p>\n<figure id=\"attachment_1441\" aria-describedby=\"caption-attachment-1441\" style=\"width: 653px\" class=\"wp-caption aligncenter\"><img decoding=\"async\" class=\"size-medium wp-image-1441 lazyload\" data-src=\"\/blog\/wp-content\/uploads\/2016\/06\/07-1-653x367.jpg\" alt=\"Black Red White, Senso Kitchens, Sentima - Kasetta\" width=\"653\" height=\"367\" data-srcset=\"https:\/\/www.brw.pl\/blog\/wp-content\/uploads\/2016\/06\/07-1-653x367.jpg 653w, https:\/\/www.brw.pl\/blog\/wp-content\/uploads\/2016\/06\/07-1-768x432.jpg 768w, https:\/\/www.brw.pl\/blog\/wp-content\/uploads\/2016\/06\/07-1-1024x576.jpg 1024w, https:\/\/www.brw.pl\/blog\/wp-content\/uploads\/2016\/06\/07-1.jpg 1920w\" data-sizes=\"(max-width: 653px) 100vw, 653px\" src=\"data:image\/svg+xml;base64,PHN2ZyB3aWR0aD0iMSIgaGVpZ2h0PSIxIiB4bWxucz0iaHR0cDovL3d3dy53My5vcmcvMjAwMC9zdmciPjwvc3ZnPg==\" style=\"--smush-placeholder-width: 653px; --smush-placeholder-aspect-ratio: 653\/367;\" \/><figcaption id=\"caption-attachment-1441\" class=\"wp-caption-text\">Black Red White, Senso Kitchens, Sentima &#8211; Kasetta<\/figcaption><\/figure>\n<p data-pm-slice=\"1 1 []\">Kuchnia do zabudowy daje Ci niema\u0142o mo\u017cliwo\u015bci aran\u017cacyjnych. Mo\u017cesz albo stworzy\u0107 bogato zdobione wn\u0119trze, albo po prostu wi\u0119kszo\u015b\u0107 element\u00f3w ukry\u0107 przed wzrokiem swoim oraz Twoich go\u015bci. Wszystko zale\u017cy od tego, kt\u00f3ry z pomys\u0142\u00f3w bardziej Ci odpowiada. <strong>Bia\u0142e drzwiczki roz\u015bwietlaj\u0105 wn\u0119trze<\/strong>, a ich kszta\u0142t oraz wyko\u0144czenie kojarz\u0105 si\u0119 z tradycyjnymi meblami sprzed lat. Cz\u0119sto m\u00f3wi si\u0119, \u017ce bia\u0142a kuchnia jest niepraktyczna, ale nic bardziej mylnego. Wystarczy zdecydowa\u0107 si\u0119 na ciemniejsze blaty i gotowe!<\/p>\n<figure id=\"attachment_1442\" aria-describedby=\"caption-attachment-1442\" style=\"width: 653px\" class=\"wp-caption aligncenter\"><img decoding=\"async\" class=\"size-medium wp-image-1442 lazyload\" data-src=\"\/blog\/wp-content\/uploads\/2016\/06\/08-1-653x397.jpg\" alt=\"Black Red White, kolekcja Senso Kitchens\" width=\"653\" height=\"397\" data-srcset=\"https:\/\/www.brw.pl\/blog\/wp-content\/uploads\/2016\/06\/08-1-653x397.jpg 653w, https:\/\/www.brw.pl\/blog\/wp-content\/uploads\/2016\/06\/08-1-768x467.jpg 768w, https:\/\/www.brw.pl\/blog\/wp-content\/uploads\/2016\/06\/08-1-1024x622.jpg 1024w, https:\/\/www.brw.pl\/blog\/wp-content\/uploads\/2016\/06\/08-1.jpg 1778w\" data-sizes=\"(max-width: 653px) 100vw, 653px\" src=\"data:image\/svg+xml;base64,PHN2ZyB3aWR0aD0iMSIgaGVpZ2h0PSIxIiB4bWxucz0iaHR0cDovL3d3dy53My5vcmcvMjAwMC9zdmciPjwvc3ZnPg==\" style=\"--smush-placeholder-width: 653px; --smush-placeholder-aspect-ratio: 653\/397;\" \/><figcaption id=\"caption-attachment-1442\" class=\"wp-caption-text\">Black Red White, kolekcja Senso Kitchens<\/figcaption><\/figure>\n<p data-pm-slice=\"1 1 []\">Limonkowy kolor <a href=\"https:\/\/www.brw.pl\/kolekcja-senso-kitchens,238\" target=\"_blank\" rel=\"noopener noreferrer\"><strong>kuchni Senso Kitchen<\/strong><\/a><strong>s<\/strong> to zdecydowanie bardziej energetyczna propozycja, dzi\u0119ki kt\u00f3rej nabierzesz ch\u0119ci do dzia\u0142ania. Gotowanie w takim wn\u0119trzu jest naprawd\u0119 bardzo przyjemne, to wr\u0119cz zach\u0119ca do eksperyment\u00f3w!<\/p>\n<figure id=\"attachment_1443\" aria-describedby=\"caption-attachment-1443\" style=\"width: 653px\" class=\"wp-caption aligncenter\"><img decoding=\"async\" class=\"size-medium wp-image-1443 lazyload\" data-src=\"\/blog\/wp-content\/uploads\/2016\/06\/09-1-653x420.jpg\" alt=\"Black Red White, kolekcja Porto\" width=\"653\" height=\"420\" data-srcset=\"https:\/\/www.brw.pl\/blog\/wp-content\/uploads\/2016\/06\/09-1-653x420.jpg 653w, https:\/\/www.brw.pl\/blog\/wp-content\/uploads\/2016\/06\/09-1-768x494.jpg 768w, https:\/\/www.brw.pl\/blog\/wp-content\/uploads\/2016\/06\/09-1-1024x658.jpg 1024w, https:\/\/www.brw.pl\/blog\/wp-content\/uploads\/2016\/06\/09-1.jpg 1680w\" data-sizes=\"(max-width: 653px) 100vw, 653px\" src=\"data:image\/svg+xml;base64,PHN2ZyB3aWR0aD0iMSIgaGVpZ2h0PSIxIiB4bWxucz0iaHR0cDovL3d3dy53My5vcmcvMjAwMC9zdmciPjwvc3ZnPg==\" style=\"--smush-placeholder-width: 653px; --smush-placeholder-aspect-ratio: 653\/420;\" \/><figcaption id=\"caption-attachment-1443\" class=\"wp-caption-text\">Black Red White, kolekcja Porto<\/figcaption><\/figure>\n<p data-pm-slice=\"1 1 []\">Je\u015bli wci\u0105\u017c nie wiesz, czy zdecydowa\u0107 si\u0119 na szar\u0105, czy mo\u017ce kolorow\u0105 aran\u017cacj\u0119, pami\u0119taj, \u017ce zawsze zostaje Ci trzecia mo\u017cliwo\u015b\u0107 \u2013 po\u0142\u0105cz szaro\u015b\u0107 z intensywnym kolorem. Tak jak w przyk\u0142adowej aran\u017cacji stworzonej z <strong>meblami z kolekcji Porto<\/strong>.<\/p>\n","protected":false},"excerpt":{"rendered":"<p>Chcesz co\u015b zmieni\u0107 w swoim domu? Zastanawiasz si\u0119 nad kolorami nowych mebli i \u015bcian? Z Black Red White poznasz zalety aran\u017cacji w niezmiennie modnych szaro\u015bciach oraz tych sk\u0105panych w kolorach t\u0119czy. Dzi\u0119ki temu wybierzesz zestawienie, kt\u00f3re odzwierciedli Twoj\u0105 osobowo\u015b\u0107. Odcienie szaro\u015bci, ciep\u0142ych barw, czy feeria kolor\u00f3w? Olga Tokarczuk napisa\u0142a, \u017ce \u201ekiedy kobieta zmienia kolor w\u0142os\u00f3w, [&hellip;]<\/p>\n","protected":false},"author":8,"featured_media":1435,"comment_status":"open","ping_status":"open","sticky":false,"template":"","format":"standard","meta":{"footnotes":""},"categories":[39,28,572],"tags":[294,228,141,251,296,295,297],"aioseo_notices":[],"_links":{"self":[{"href":"https:\/\/www.brw.pl\/blog\/wp-json\/wp\/v2\/posts\/1434"}],"collection":[{"href":"https:\/\/www.brw.pl\/blog\/wp-json\/wp\/v2\/posts"}],"about":[{"href":"https:\/\/www.brw.pl\/blog\/wp-json\/wp\/v2\/types\/post"}],"author":[{"embeddable":true,"href":"https:\/\/www.brw.pl\/blog\/wp-json\/wp\/v2\/users\/8"}],"replies":[{"embeddable":true,"href":"https:\/\/www.brw.pl\/blog\/wp-json\/wp\/v2\/comments?post=1434"}],"version-history":[{"count":11,"href":"https:\/\/www.brw.pl\/blog\/wp-json\/wp\/v2\/posts\/1434\/revisions"}],"predecessor-version":[{"id":32297,"href":"https:\/\/www.brw.pl\/blog\/wp-json\/wp\/v2\/posts\/1434\/revisions\/32297"}],"wp:featuredmedia":[{"embeddable":true,"href":"https:\/\/www.brw.pl\/blog\/wp-json\/wp\/v2\/media\/1435"}],"wp:attachment":[{"href":"https:\/\/www.brw.pl\/blog\/wp-json\/wp\/v2\/media?parent=1434"}],"wp:term":[{"taxonomy":"category","embeddable":true,"href":"https:\/\/www.brw.pl\/blog\/wp-json\/wp\/v2\/categories?post=1434"},{"taxonomy":"post_tag","embeddable":true,"href":"https:\/\/www.brw.pl\/blog\/wp-json\/wp\/v2\/tags?post=1434"}],"curies":[{"name":"wp","href":"https:\/\/api.w.org\/{rel}","templated":true}]}}