{"id":15631,"date":"2020-12-31T15:09:24","date_gmt":"2020-12-31T14:09:24","guid":{"rendered":"https:\/\/www.brw.pl\/blog\/?p=15631"},"modified":"2024-09-12T10:17:52","modified_gmt":"2024-09-12T08:17:52","slug":"szara-kuchnia-aranzacje","status":"publish","type":"post","link":"https:\/\/www.brw.pl\/blog\/szara-kuchnia-aranzacje\/","title":{"rendered":"Szara kuchnia &#8211; aran\u017cacje, kt\u00f3re skradn\u0105 Twoje serce"},"content":{"rendered":"<p><strong>Kuchnia jest jednym z tych pomieszcze\u0144, gdzie sp\u0119dzamy bardzo du\u017co czasu. Dlatego o jej wystr\u00f3j trzeba zadba\u0107 ze szczeg\u00f3ln\u0105 pieczo\u0142owito\u015bci\u0105. Chcia\u0142aby\u015b, \u017ceby Twoja kuchnia by\u0142a modna i nowoczesna? A mo\u017ce stawiasz na ponadczasowe rozwi\u0105zania, kt\u00f3re b\u0119d\u0105 cieszy\u0142y oczy przez wiele lat? W obu przypadkach odpowied\u017a jest jedna: szara kuchnia. Zaintrygowany? Dowiedz si\u0119 wi\u0119cej z dzisiejszego tekstu. Serdecznie zapraszamy do lektury!<\/strong><!--more--><\/p>\n<div style=\"display: flex; align-items: center; justify-content: center; text-align: center;\"><\/div>\n<div>\n<p>Z tego artyku\u0142u dowiesz si\u0119 mi\u0119dzy innymi:<\/p>\n<ul>\n<li>jakie materia\u0142y dobra\u0107 do wystroju szarej kuchni,<\/li>\n<li>w jakim stylu urz\u0105dzi\u0107 szar\u0105 kuchni\u0119,<\/li>\n<li>jakimi dodatkami o\u017cywi\u0107 szare meble kuchenne,<\/li>\n<li>szare meble kuchenne &#8211; sk\u0105d si\u0119 bierze ich popularno\u015b\u0107.<\/li>\n<\/ul>\n<h2>Kuchnia szara z drewnem &#8211; znaczenie koloru<\/h2>\n<p>Od dawna wiemy, \u017ce kolory, kt\u00f3re nas otaczaj\u0105, wp\u0142ywaj\u0105 na nasz nastr\u00f3j. To w\u0142a\u015bnie dzi\u0119ki odpowiedniej aran\u017cacji i balansowi pomi\u0119dzy odcieniami \u015bcian i mebli nadajemy pomieszczeniom charakteru i sprawiamy, \u017ce chcemy tam przebywa\u0107.<\/p>\n<p>Szaro\u015b\u0107 bywa uto\u017csamiana z ch\u0142odem i dystansem. Jednak to tylko pozory. Wbrew powszechnej opinii, wprowadzaj\u0105c ten praktyczny kolor do kuchni, mo\u017cesz stworzy\u0107 przytulne \u2013 a zarazem stylowe \u2013 pomieszczenie, w kt\u00f3rym ka\u017cdy ch\u0119tnie sp\u0119dza czas.<\/p>\n<p>Ta nieoczywista barwa sta\u0142a si\u0119 hitem ostatnich sezon\u00f3w i nic nie wskazuje na to, aby w przysz\u0142o\u015bci jej popularno\u015b\u0107 mia\u0142a os\u0142abn\u0105\u0107. Bez wzgl\u0119du na to, czy wybierzesz j\u0105 na dominuj\u0105c\u0105 barw\u0119, czy te\u017c zastosujesz jedynie popielate detale, jedno jest pewne &#8211; <strong>kuchnia szara, z odpowiednio dobranymi dodatkami, wygl\u0105da przepi\u0119knie i b\u0119dzie stanowi\u0142a chlub\u0119 Twojego domu.<\/strong><\/p>\n<div style=\"display: flex; flex-wrap: wrap; align-items: center; justify-content: center; text-align: center;\">\n<figure id=\"attachment_22210\" aria-describedby=\"caption-attachment-22210\" style=\"width: 728px\" class=\"wp-caption aligncenter\"><a href=\"https:\/\/www.brw.pl\/komplet-kuchenny-top-line-260,37798\" target=\"_blank\" rel=\"noopener noreferrer\"><img decoding=\"async\" class=\"size-full wp-image-22210 lazyload\" data-src=\"https:\/\/www.brw.pl\/blog\/wp-content\/uploads\/2020\/12\/1.jpg\" alt=\"komplet kuchenny top line\" width=\"728\" height=\"483\" src=\"data:image\/svg+xml;base64,PHN2ZyB3aWR0aD0iMSIgaGVpZ2h0PSIxIiB4bWxucz0iaHR0cDovL3d3dy53My5vcmcvMjAwMC9zdmciPjwvc3ZnPg==\" style=\"--smush-placeholder-width: 728px; --smush-placeholder-aspect-ratio: 728\/483;\" \/><\/a><figcaption id=\"caption-attachment-22210\" class=\"wp-caption-text\"><a href=\"https:\/\/www.brw.pl\/komplet-kuchenny-top-line-260,37798\" target=\"_blank\" rel=\"noopener noreferrer\"><span style=\"font-weight: 400;\">KOMPLET KUCHENNY TOP LINE<\/span><\/a><\/figcaption><\/figure>\n<\/div>\n<h2>Szara kuchnia bez przemeblowania<\/h2>\n<p><strong>Podoba Ci si\u0119 pomys\u0142 na wykorzystanie szaro\u015bci w tym pomieszczeniu, ale nie chcesz wymienia\u0107 mebli kuchennych? Nic straconego! Z\u0142ap za farby i p\u0119dzle, aby przemalowa\u0107 \u015bciany<\/strong>. Jest to szczeg\u00f3lnie dobry wyb\u00f3r, je\u015bli posiadasz meble w jasnym odcieniu.<\/p>\n<p>W ten spos\u00f3b \u0142atwo wprowadzi\u0107 do wn\u0119trza klasyczny i szalenie popularny styl skandynawski. \u015amia\u0142o mo\u017cesz postawi\u0107 nawet na ciemniejsze odcienie szaro\u015bci, gdy\u017c w zestawieniu z bia\u0142ymi meblami ca\u0142o\u015b\u0107 b\u0119dzie si\u0119 prezentowa\u0142a lekko i \u015bwie\u017co.<\/p>\n<p>Ale co je\u015bli Twoje meble nie s\u0105 \u015bnie\u017cnobia\u0142e? Aby unikn\u0105\u0107 przyt\u0142aczaj\u0105cego efektu, pomaluj \u015bciany na ja\u015bniejszy odcie\u0144. Wybieraj\u0105c odpowiednio zbalansowan\u0105, eleganck\u0105 szaro\u015b\u0107 z \u0142atwo\u015bci\u0105 dopasujesz kolor \u015bcian do swoich kuchennych szafek.<\/p>\n<p><strong>Innym sposobem na przemycenie wymarzonego koloru do kuchni jest postawienie na popielate tapety<\/strong>. Takie rozwi\u0105zanie doskonale sprawdzi si\u0119 na pojedynczych \u015bcianach lub jako akcent kolorystyczny w przestrzeni pomi\u0119dzy blatem a g\u00f3rnymi szafkami. W takim wypadku nale\u017cy jednak pami\u0119ta\u0107 o ich odpowiednim zabezpieczeniu.<\/p>\n<p>Wybieraj tylko te produkty, kt\u00f3re s\u0105 specjalnie przeznaczone do tego typu pomieszcze\u0144: odporne na wilgo\u0107 i zabrudzenia. Dobrym pomys\u0142em b\u0119dzie r\u00f3wnie\u017c zabezpieczenie tapety prze\u017aroczyst\u0105 tafl\u0105 szk\u0142a. Dzi\u0119ki temu \u0142atwo utrzymasz czysto\u015b\u0107 w kuchni, a wybrana tapeta b\u0119dzie \u015bwietnie si\u0119 prezentowa\u0107 przez wiele lat.<\/p>\n<div style=\"display: flex; flex-wrap: wrap; align-items: center; justify-content: center; text-align: center;\">\n<figure id=\"attachment_22210\" aria-describedby=\"caption-attachment-22210\" style=\"width: 728px\" class=\"wp-caption aligncenter\"><a href=\"https:\/\/www.brw.pl\/lawka-hesen,39974\" target=\"_blank\" rel=\"noopener noreferrer\"><img decoding=\"async\" class=\"size-full wp-image-22210 lazyload\" data-src=\"https:\/\/www.brw.pl\/blog\/wp-content\/uploads\/2020\/12\/2.jpg\" alt=\"\u0141AWKA HANSEN\" width=\"728\" height=\"483\" src=\"data:image\/svg+xml;base64,PHN2ZyB3aWR0aD0iMSIgaGVpZ2h0PSIxIiB4bWxucz0iaHR0cDovL3d3dy53My5vcmcvMjAwMC9zdmciPjwvc3ZnPg==\" style=\"--smush-placeholder-width: 728px; --smush-placeholder-aspect-ratio: 728\/483;\" \/><\/a><figcaption id=\"caption-attachment-22210\" class=\"wp-caption-text\"><a href=\"https:\/\/www.brw.pl\/lawka-hesen,39974\" target=\"_blank\" rel=\"noopener noreferrer\"><span style=\"font-weight: 400;\">\u0141AWKA HANSEN<\/span><\/a><\/figcaption><\/figure>\n<\/div>\n<h2>Modna kuchnia \u2013 szara z drewnianym blatem<\/h2>\n<p>Szare kuchnie po\u0142\u0105czone ze stalowym odcieniem sprz\u0119t\u00f3w AGD mog\u0105 da\u0107 wra\u017cenie ch\u0142odnego i surowego pomieszczenia. Je\u015bli chcesz unikn\u0105\u0107 takiego efektu, pomy\u015bl o drewnianych elementach wystroju. <strong>Szare meble kuchenne warto skomponowa\u0107 z drewnianym <a href=\"https:\/\/www.brw.pl\/blaty-kuchenne\/kuchnia\/\" target=\"_blank\" rel=\"noopener noreferrer\">blatem<\/a> oraz sto\u0142em.<\/strong> \u017b\u00f3\u0142te i br\u0105zowe odcienie drewna stanowczo ociepl\u0105 wn\u0119trze i podkre\u015bl\u0105 nowoczesny charakter kuchni.<\/p>\n<p><strong>Klasyczne szare meble do kuchni w jasnych odcieniach, z licznymi przeszkleniami najlepiej \u0142\u0105cz\u0105 si\u0119 z jasnymi blatami drewnianymi. Taki zabieg nada Twojej kuchni lekko\u015bci<\/strong>, a przy odpowiednim doborze dodatk\u00f3w, \u0142atwo stworzysz kuchni\u0119 w stylu vintage.<\/p>\n<p>Je\u017celi Twoje szafki s\u0105 w odcieniu ciemnoszarym b\u0105d\u017a grafitowym, mo\u017cesz wybra\u0107 dowolny kolor drewna. Jasne blaty o\u017cywi\u0105 wn\u0119trze, pi\u0119knie kontrastuj\u0105c z ciemnymi frontami. Z kolei ciemne drewno sprawi, \u017ce wn\u0119trze nabierze klasy, ale jednocze\u015bnie do\u015b\u0107 ci\u0119\u017ckiego charakteru, kt\u00f3ry nie wszystkim przypadnie do gustu.<\/p>\n<div style=\"display: flex; flex-wrap: wrap; align-items: center; justify-content: center; text-align: center;\">\n<figure id=\"attachment_22210\" aria-describedby=\"caption-attachment-22210\" style=\"width: 728px\" class=\"wp-caption aligncenter\"><a href=\"https:\/\/www.brw.pl\/szafka-wysoka-semi-line,37221\" target=\"_blank\" rel=\"noopener noreferrer\"><img decoding=\"async\" class=\"size-full wp-image-22210 lazyload\" data-src=\"https:\/\/www.brw.pl\/blog\/wp-content\/uploads\/2019\/10\/1-1.png\" alt=\"szara kuchnia\" width=\"728\" height=\"483\" src=\"data:image\/svg+xml;base64,PHN2ZyB3aWR0aD0iMSIgaGVpZ2h0PSIxIiB4bWxucz0iaHR0cDovL3d3dy53My5vcmcvMjAwMC9zdmciPjwvc3ZnPg==\" style=\"--smush-placeholder-width: 728px; --smush-placeholder-aspect-ratio: 728\/483;\" \/><\/a><figcaption id=\"caption-attachment-22210\" class=\"wp-caption-text\"><a href=\"https:\/\/www.brw.pl\/szafka-wysoka-semi-line,37221\" target=\"_blank\" rel=\"noopener noreferrer\"><span style=\"font-weight: 400;\">SZAFKA WYSOKA SEMI LINE<\/span><\/a><span style=\"font-size: 16px;\">\u00a0<\/span><\/figcaption><\/figure>\n<\/div>\n<h2>Szare meble do kuchni w stylu loft<\/h2>\n<p>Szara kuchnia w stylu loft to rozwi\u0105zanie dla os\u00f3b lubi\u0105cych nietuzinkowe, nowoczesne aran\u017cacje wn\u0119trz. Ten popularny styl industrialny opiera si\u0119 w\u0142a\u015bnie na wykorzystaniu szaro\u015bci oraz naturalnych materia\u0142\u00f3w. <strong>Szare szafki kuchenne b\u0119d\u0105 idealnie komponowa\u0142y si\u0119 z czerwon\u0105 ceg\u0142\u0105<\/strong> u\u0142o\u017con\u0105 na \u015bcianie albo elementami wykonanymi z surowego betonu lub drewna.<\/p>\n<p>Urz\u0105dzaj\u0105c tego typu wn\u0119trze, warto uwa\u017ca\u0107 na kolorowe dodatki. W kuchni urz\u0105dzonej w stylu industrialnym bardzo \u0142atwo z nimi przesadzi\u0107 co, zamiast podnie\u015b\u0107 estetyk\u0119 wn\u0119trza, zaburzy jego pozornie surowy charakter. Strza\u0142em w dziesi\u0105tk\u0119 b\u0119d\u0105 za to stylizowane lampy oraz krzes\u0142a wykonane z postarzanego drewna lub metalu, kt\u00f3re idealnie pasuj\u0105 do szarych \u015bcian lub front\u00f3w meblowych.<\/p>\n<p>Pami\u0119taj, \u017ce <a href=\"https:\/\/www.brw.pl\/kuchnia\/\" target=\"_blank\" rel=\"noopener noreferrer\">kuchnia<\/a> w stylu loft rz\u0105dzi si\u0119 swoimi prawami. Najlepiej b\u0119dzie wygl\u0105da\u0142a zaaran\u017cowana w otwartych przestrzeniach lub bardzo du\u017cych i wysokich pomieszczeniach. Dobrze, aby wn\u0119trze by\u0142o mocno do\u015bwietlone naturalnym \u015bwiat\u0142em. Je\u017celi Twoja kuchnia jest ma\u0142a, postaraj si\u0119 po\u0142\u0105czy\u0107 w niej biel z industrialnym akcentem.<\/p>\n<div style=\"display: flex; align-items: center; justify-content: center; text-align: center;\">\n<figure id=\"attachment_15636\" aria-describedby=\"caption-attachment-15636\" style=\"width: 593px\" class=\"wp-caption aligncenter\"><img decoding=\"async\" class=\"size-full wp-image-15636 lazyload\" data-src=\"https:\/\/www.brw.pl\/blog\/wp-content\/uploads\/2020\/12\/kuchnia-sentima.jpg\" alt=\"kuchnia sentima\" width=\"593\" height=\"445\" src=\"data:image\/svg+xml;base64,PHN2ZyB3aWR0aD0iMSIgaGVpZ2h0PSIxIiB4bWxucz0iaHR0cDovL3d3dy53My5vcmcvMjAwMC9zdmciPjwvc3ZnPg==\" style=\"--smush-placeholder-width: 593px; --smush-placeholder-aspect-ratio: 593\/445;\" \/><figcaption id=\"caption-attachment-15636\" class=\"wp-caption-text\"><a href=\"https:\/\/www.brw.pl\/sentima-kasetta,22158\" target=\"_blank\" rel=\"noopener noreferrer\">Kuchnia Sentima \u2013 Kasetta<\/a><\/figcaption><\/figure>\n<\/div>\n<p>&nbsp;<\/p>\n<h2>Jak o\u017cywi\u0107 szare meble kuchenne?<\/h2>\n<p>Wybra\u0142a\u015b ju\u017c swoje wymarzone szare meble do kuchni, ale wydaje Ci si\u0119, \u017ce teraz pomieszczenie sta\u0142o si\u0119 monotonne i po prostu smutne? Na szcz\u0119\u015bcie wszelkiego rodzaju popiele i szaro\u015bci znakomicie \u0142\u0105cz\u0105 si\u0119 z kolorami. Wystarczy zastosowa\u0107 par\u0119 trik\u00f3w, a Twoja kuchnia zmieni si\u0119 nie do poznania.<\/p>\n<p>Szare szafki kuchenne potraktuj jako baz\u0119, a zmiany rozpocznij od \u015bcian. Klasycznym i bezpiecznym duetem jest po\u0142\u0105czenie szarego z pastelowymi odcieniami r\u00f3\u017cu i lawendy. Je\u017celi zale\u017cy Ci na bardziej odwa\u017cnych kombinacjach, pomy\u015bl o mocnym turkusie lub br\u0105zie. Pami\u0119taj jednak, \u017ce mocne kolory przestrzeniach optycznie zmniejszaj\u0105 pomieszczenie i mog\u0105 by\u0107 przyt\u0142aczaj\u0105ce. Mo\u017cesz postawi\u0107 tak\u017ce na czyst\u0105 biel, kt\u00f3ra wydob\u0119dzie blask z Twoich szarych mebli.<\/p>\n<p>Chcia\u0142aby\u015b wykorzysta\u0107 odwa\u017cny kolor w swojej w kuchni, ale obawiasz si\u0119 zbyt mocnego efektu na \u015bcianach? Zdecyduj si\u0119 na kolorowe dodatki. Spr\u00f3buj ustawi\u0107 w przeszklonych g\u00f3rnych p\u00f3\u0142kach kolorow\u0105 zastaw\u0119 sto\u0142ow\u0105. Poszperaj w\u015br\u00f3d \u2013 coraz bardziej dost\u0119pnego na rynku \u2013 drobnego sprz\u0119tu AGD w niecodziennych kolorach. To w\u0142a\u015bnie <strong>w\u0142a\u015bciwie wyeksponowane przedmioty codziennego u\u017cytku maj\u0105 ogromny wp\u0142yw na to jak ostatecznie prezentuje si\u0119 Twoja szara kuchnia<\/strong>.<\/p>\n<p>W jaki spos\u00f3b dopasowa\u0107 kolorowe sprz\u0119t AGD do wn\u0119trza? Przeczytaj nasz poradnik \u201e<a href=\"https:\/\/www.brw.pl\/blog\/male-agd-kolorowe\/\" target=\"_blank\" rel=\"noopener noreferrer\">Modny akcent! Ma\u0142e AGD w modnych kolorach<\/a>\u201d.<\/p>\n<div style=\"display: flex; align-items: center; justify-content: center; text-align: center;\">\n<figure id=\"attachment_15637\" aria-describedby=\"caption-attachment-15637\" style=\"width: 800px\" class=\"wp-caption aligncenter\"><a href=\"https:\/\/www.brw.pl\/sentima-pierwsza-milosc,22815\"><img decoding=\"async\" class=\"wp-image-15637 size-medium lazyload\" data-src=\"https:\/\/www.brw.pl\/blog\/wp-content\/uploads\/2020\/12\/sentima-pierwsza-milosc-800x450.jpg\" alt=\"sentima\" width=\"800\" height=\"450\" data-srcset=\"https:\/\/www.brw.pl\/blog\/wp-content\/uploads\/2020\/12\/sentima-pierwsza-milosc-800x450.jpg 800w, https:\/\/www.brw.pl\/blog\/wp-content\/uploads\/2020\/12\/sentima-pierwsza-milosc.jpg 1920w, https:\/\/www.brw.pl\/blog\/wp-content\/uploads\/2020\/12\/sentima-pierwsza-milosc-768x432.jpg 768w, https:\/\/www.brw.pl\/blog\/wp-content\/uploads\/2020\/12\/sentima-pierwsza-milosc-1536x864.jpg 1536w\" data-sizes=\"(max-width: 800px) 100vw, 800px\" src=\"data:image\/svg+xml;base64,PHN2ZyB3aWR0aD0iMSIgaGVpZ2h0PSIxIiB4bWxucz0iaHR0cDovL3d3dy53My5vcmcvMjAwMC9zdmciPjwvc3ZnPg==\" style=\"--smush-placeholder-width: 800px; --smush-placeholder-aspect-ratio: 800\/450;\" \/><\/a><figcaption id=\"caption-attachment-15637\" class=\"wp-caption-text\"><a href=\"https:\/\/www.brw.pl\/sentima-pierwsza-milosc,22815\" target=\"_blank\" rel=\"noopener noreferrer\">Senso Kitchens &#8211; Sentima &#8211; Pierwsza Mi\u0142o\u015b\u0107<\/a><\/figcaption><\/figure>\n<\/div>\n<p>&nbsp;<\/p>\n<h2>Kuchnia szara matowa \u2013 nowoczesna i praktyczna<\/h2>\n<p>Gdy ju\u017c zdecydowali\u015bmy si\u0119 na szary kolor w kuchni, pozostaje nam wybra\u0107 wyko\u0144czenie front\u00f3w kuchennych. Zazwyczaj stajemy przed pytaniem, czy <strong>szare szafki kuchenne powinny by\u0107 matowe czy po\u0142yskuj\u0105ce?<\/strong><\/p>\n<p>Ostatnimi czasy to w\u0142a\u015bnie matowe fronty staj\u0105 si\u0119 coraz bardziej popularne. Nie tylko nadaj\u0105 wn\u0119trzu elegancji, ale r\u00f3wnie\u017c s\u0105 du\u017co \u0142atwiejsze w utrzymaniu &#8211; nie wida\u0107 na nich szybko zbieraj\u0105cego si\u0119 kurzu, rys lub wszechobecnych odcisk\u00f3w palc\u00f3w.<\/p>\n<p>Warto pami\u0119ta\u0107, \u017ce kuchnia w macie sprawia wra\u017cenie znacznie bardziej przytulnej i spokojniejszej ni\u017c jej b\u0142yszcz\u0105cy odpowiednik. \u0141atwiej skomponowa\u0107 j\u0105 z drewnianymi blatami, dodaj\u0105cymi ciep\u0142a pomieszczeniu. Dodatkowo mat idealnie wpasuje si\u0119 w r\u00f3\u017cne style urz\u0105dzania wn\u0119trz.<\/p>\n<p>Ten typ wyko\u0144czenia mebli mo\u017cesz wybra\u0107 bez wzgl\u0119du na to, czy marzy Ci si\u0119 nowoczesna, czy te\u017c bardziej klasyczna kuchnia. Szara, matowa aran\u017cacja pozwala Ci tak\u017ce na wi\u0119ksze szale\u0144stwo z dodatkami. Spokojne, matowe fronty b\u0119d\u0105 stanowi\u0142y bardzo dobre t\u0142o dla akcesori\u00f3w kuchennych w odwa\u017cnych kolorach.<\/p>\n<p>Zaszalej i daj si\u0119 ponie\u015b\u0107 wyobra\u017ani &#8211; niech \u015bciany, blaty i inne elementy Twojej szarej kuchni b\u0119d\u0105 od razu rzuca\u0142y si\u0119 w oczy. Odwa\u017cne aran\u017cacje w kuchniach, stanowi\u0105ce kontrast dla pozosta\u0142ych wn\u0119trz, mog\u0105 by\u0107 wizyt\u00f3wk\u0105 Twojego mieszkania.<\/p>\n<p>Pami\u0119taj jednak, \u017ce matowe kuchnie maj\u0105 te\u017c swoje ograniczenia. Ze wzgl\u0119du na to, \u017ce takie fronty nie maj\u0105 g\u0142\u0119bi i nie odbijaj\u0105 \u015bwiat\u0142a, nie b\u0119d\u0105 dobrze prezentowa\u0142y si\u0119 w ma\u0142ych pomieszczeniach, w kt\u00f3rym mamy ograniczony dost\u0119p do \u015bwiat\u0142a dziennego.<\/p>\n<h2>Podsumowanie, czyli jak w\u0142a\u015bciwie wyeksponowa\u0107 szaro\u015b\u0107 mebli kuchennych<\/h2>\n<p>Jak pokazuje powy\u017cszy artyku\u0142, sposob\u00f3w urz\u0105dzenia szarej kuchni jest naprawd\u0119 ca\u0142e mn\u00f3stwo. Wbrew obiegowej opinii, kolor ten coraz cz\u0119\u015bciej jest pierwszym wyborem konsument\u00f3w, gdy szukaj\u0105 ciekawych pomys\u0142\u00f3w na aran\u017cacj\u0119 kuchni. Aneks kuchenny z drewnianym blatem idealnie dope\u0142ni projekt szarej kuchni. Nowoczesne projekty pozwalaj\u0105 na wiele nietypowych rozwi\u0105za\u0144 &#8211; modne pomys\u0142y to mi\u0119dzy innymi <strong>\u0142\u0105czenie szafek do kuchni w odcieniach szaro\u015bci ze \u015bcianami w bardziej jaskrawym kolorze<\/strong>. Wspomniane ju\u017c <strong>dodatki z drewnem<\/strong> na pierwszym planie to kolejny pomys\u0142 na modne po\u0142\u0105czenie.<\/p>\n<p>Szara kuchnia mo\u017ce nie sprawia wra\u017cenia tak sterylnej jak bia\u0142a kuchnia, ale w dzisiejszych czasach jest zdecydowanie bardziej popularna. Zw\u0142aszcza, \u017ce inspiracje s\u0105 nieograniczone &#8211; po\u0142\u0105cz elementy w dowolnym kolorze, dobierz ulubiony materia\u0142 (nieoczywiste wstawki ze stali lub popularne drewno na frontach) i ciesz si\u0119 niepowtarzalnym stylem swojej szarej kuchni.<\/p>\n<p><strong>Szare kuchnie staj\u0105 si\u0119 coraz bardziej popularne.<\/strong> W zale\u017cno\u015bci od upodoba\u0144, ch\u0119ci i bud\u017cetu mo\u017cesz ca\u0142kowicie odmieni\u0107 to pomieszczenie, b\u0105d\u017a zainwestowa\u0107 jedynie w szare dodatki, kt\u00f3re nadadz\u0105 jej nowoczesnego charakteru. Jedno jest pewne \u2013 kuchni w szaro\u015bci zawsze jest do twarzy.<\/p>\n<\/div>\n","protected":false},"excerpt":{"rendered":"<p>Kuchnia jest jednym z tych pomieszcze\u0144, gdzie sp\u0119dzamy bardzo du\u017co czasu. Dlatego o jej wystr\u00f3j trzeba zadba\u0107 ze szczeg\u00f3ln\u0105 pieczo\u0142owito\u015bci\u0105. Chcia\u0142aby\u015b, \u017ceby Twoja kuchnia by\u0142a modna i nowoczesna? A mo\u017ce stawiasz na ponadczasowe rozwi\u0105zania, kt\u00f3re b\u0119d\u0105 cieszy\u0142y oczy przez wiele lat? W obu przypadkach odpowied\u017a jest jedna: szara kuchnia. Zaintrygowany? Dowiedz si\u0119 wi\u0119cej z dzisiejszego [&hellip;]<\/p>\n","protected":false},"author":18,"featured_media":14915,"comment_status":"closed","ping_status":"open","sticky":false,"template":"","format":"standard","meta":{"footnotes":""},"categories":[26,572],"tags":[],"aioseo_notices":[],"_links":{"self":[{"href":"https:\/\/www.brw.pl\/blog\/wp-json\/wp\/v2\/posts\/15631"}],"collection":[{"href":"https:\/\/www.brw.pl\/blog\/wp-json\/wp\/v2\/posts"}],"about":[{"href":"https:\/\/www.brw.pl\/blog\/wp-json\/wp\/v2\/types\/post"}],"author":[{"embeddable":true,"href":"https:\/\/www.brw.pl\/blog\/wp-json\/wp\/v2\/users\/18"}],"replies":[{"embeddable":true,"href":"https:\/\/www.brw.pl\/blog\/wp-json\/wp\/v2\/comments?post=15631"}],"version-history":[{"count":11,"href":"https:\/\/www.brw.pl\/blog\/wp-json\/wp\/v2\/posts\/15631\/revisions"}],"predecessor-version":[{"id":31026,"href":"https:\/\/www.brw.pl\/blog\/wp-json\/wp\/v2\/posts\/15631\/revisions\/31026"}],"wp:featuredmedia":[{"embeddable":true,"href":"https:\/\/www.brw.pl\/blog\/wp-json\/wp\/v2\/media\/14915"}],"wp:attachment":[{"href":"https:\/\/www.brw.pl\/blog\/wp-json\/wp\/v2\/media?parent=15631"}],"wp:term":[{"taxonomy":"category","embeddable":true,"href":"https:\/\/www.brw.pl\/blog\/wp-json\/wp\/v2\/categories?post=15631"},{"taxonomy":"post_tag","embeddable":true,"href":"https:\/\/www.brw.pl\/blog\/wp-json\/wp\/v2\/tags?post=15631"}],"curies":[{"name":"wp","href":"https:\/\/api.w.org\/{rel}","templated":true}]}}