{"id":1609,"date":"2016-07-25T08:53:33","date_gmt":"2016-07-25T06:53:33","guid":{"rendered":"http:\/\/www.mojaplanetadom.pl\/?p=1609"},"modified":"2024-09-23T15:31:07","modified_gmt":"2024-09-23T13:31:07","slug":"eleganckie-spotkania-przy-wspolnym-stole-czyli-jak-zaaranzowac-jadalnie-w-klasycznym-stylu","status":"publish","type":"post","link":"https:\/\/www.brw.pl\/blog\/eleganckie-spotkania-przy-wspolnym-stole-czyli-jak-zaaranzowac-jadalnie-w-klasycznym-stylu\/","title":{"rendered":"Jak zaaran\u017cowa\u0107 jadalni\u0119 w klasycznym stylu?"},"content":{"rendered":"<p><strong>\u201eKlasyka jest zawsze modna\u201d, \u201eNie wiesz, co za\u0142o\u017cy\u0107 \u2013 wybierz klasyczn\u0105 ma\u0142\u0105 czarn\u0105\u201d \u00a0\u2013 te i inne powiedzenia odnosz\u0105ce si\u0119 do klasycznego stylu s\u0142yszymy cz\u0119sto i w r\u00f3\u017cnych sytuacjach. Dlaczego? Odpowied\u017a jest prosta \u2013 klasyka nie poddaje si\u0119 modom i trendom. Dlatego warto wykorzysta\u0107 j\u0105 r\u00f3wnie\u017c w aran\u017cacji wn\u0119trz. Podobnie sprawdzi si\u0119 r\u00f3wnie\u017c jadalnia w stylu klasycznym. Ponadczasowe wn\u0119trze, kt\u00f3re nie wyjdzie z mody po jednym sezonie, to doskona\u0142y wyb\u00f3r dla tych, kt\u00f3rzy lubuj\u0105 si\u0119 w eleganckich aran\u017cacjach.<\/strong><\/p>\n<p><!--more--><\/p>\n<h2 data-pm-slice=\"1 1 []\">Jadalnia w stylu klasycznym &#8211; co j\u0105 wyr\u00f3\u017cnia?<\/h2>\n<p>Uwielbiasz sp\u0119dza\u0107 czas na gotowaniu z rodzin\u0105? Nie wyobra\u017casz sobie, \u017ceby niedzielny obiad czy sobotnie \u015bniadanie nie odby\u0142y si\u0119 przy wsp\u00f3lnym stole?\u00a0W takim razie Twoja jadalnia musi by\u0107 wyj\u0105tkowym miejscem, kt\u00f3re sprzyja relaksuj\u0105cym posi\u0142kom w gronie najbli\u017cszych.<\/p>\n<p>Sposobem na eleganck\u0105 i pi\u0119kn\u0105 aran\u017cacj\u0119 tego wa\u017cnego pomieszczenia jest przeniesienie do domu za\u0142o\u017ce\u0144 stylu klasycznego.<\/p>\n<p><strong>We wn\u0119trzach wyr\u00f3\u017cnia go:<\/strong><\/p>\n<ul>\n<li>harmonia i symetria,<\/li>\n<li>uporz\u0105dkowanie wobec jednego centralnego elementu, np. w przypadku jadalni b\u0119dzie nim st\u00f3\u0142,<\/li>\n<li>naturalne kolory i materia\u0142y,<\/li>\n<li>eleganckie tkaniny.<\/li>\n<\/ul>\n<p>Sprawd\u017a, jak wed\u0142ug ekspert\u00f3w Black Red White stworzy\u0107 tak\u0105 aran\u017cacj\u0119 jadalni, wykorzystuj\u0105c w niej nowoczesne meble i dekoracje.<\/p>\n<h2 data-pm-slice=\"1 1 []\"><strong>St\u00f3\u0142 do jadalni \u2013 g\u0142\u00f3wny bohater wn\u0119trza<\/strong><\/h2>\n<p>Klasyczny wystr\u00f3j wn\u0119trza najcz\u0119\u015bciej tworzymy wok\u00f3\u0142 jednego, najwa\u017cniejszego elementu wyposa\u017cenia. W klasycznych aran\u017cacjach jadalni jest nim oczywi\u015bcie <strong>st\u00f3\u0142<\/strong>, przy kt\u00f3rym zasiada ca\u0142a rodzina. Najbardziej uniwersalnym i funkcjonalnym rozwi\u0105zaniem jest st\u00f3\u0142 z funkcj\u0105 rozk\u0142adania blatu taki jak Bawaria Max z oferty Black Red White, dzi\u0119ki takiemu rozwi\u0105zaniu zawsze b\u0119dzie mo\u017cna dopasowa\u0107 jego wielko\u015b\u0107 do potrzeb chwili i ilo\u015bci przyby\u0142ych go\u015bci.<\/p>\n<p><img decoding=\"async\" data-src=\"\/blog\/wp-content\/uploads\/2016\/08\/D09-TXS_BAWARIA_MAX-TX012_hd_1lFaYeqWeaWZRmdiQiHtf-653x490.jpg\" alt=\"Black Red White, st\u00f3\u0142 Bawaria Max\" src=\"data:image\/svg+xml;base64,PHN2ZyB3aWR0aD0iMSIgaGVpZ2h0PSIxIiB4bWxucz0iaHR0cDovL3d3dy53My5vcmcvMjAwMC9zdmciPjwvc3ZnPg==\" class=\"lazyload\" style=\"--smush-placeholder-width: 653px; --smush-placeholder-aspect-ratio: 653\/490;\" \/><\/p>\n<figure id=\"attachment_1613\" aria-describedby=\"caption-attachment-1613\" style=\"width: 653px\" class=\"wp-caption aligncenter\"><img decoding=\"async\" class=\"wp-image-1613 size-medium lazyload\" data-src=\"\/blog\/wp-content\/uploads\/2016\/08\/D09-TXS_BAWARIA_MAX-TX012_hd_1lFaYeqWeaWZRmdiQiHtf-653x490.jpg\" alt=\"Black Red White, st\u00f3\u0142 Bawaria Max\" width=\"653\" height=\"490\" data-srcset=\"https:\/\/www.brw.pl\/blog\/wp-content\/uploads\/2016\/08\/D09-TXS_BAWARIA_MAX-TX012_hd_1lFaYeqWeaWZRmdiQiHtf-653x490.jpg 653w, https:\/\/www.brw.pl\/blog\/wp-content\/uploads\/2016\/08\/D09-TXS_BAWARIA_MAX-TX012_hd_1lFaYeqWeaWZRmdiQiHtf-768x577.jpg 768w, https:\/\/www.brw.pl\/blog\/wp-content\/uploads\/2016\/08\/D09-TXS_BAWARIA_MAX-TX012_hd_1lFaYeqWeaWZRmdiQiHtf-1024x769.jpg 1024w, https:\/\/www.brw.pl\/blog\/wp-content\/uploads\/2016\/08\/D09-TXS_BAWARIA_MAX-TX012_hd_1lFaYeqWeaWZRmdiQiHtf.jpg 1438w\" data-sizes=\"(max-width: 653px) 100vw, 653px\" src=\"data:image\/svg+xml;base64,PHN2ZyB3aWR0aD0iMSIgaGVpZ2h0PSIxIiB4bWxucz0iaHR0cDovL3d3dy53My5vcmcvMjAwMC9zdmciPjwvc3ZnPg==\" style=\"--smush-placeholder-width: 653px; --smush-placeholder-aspect-ratio: 653\/490;\" \/><figcaption id=\"caption-attachment-1613\" class=\"wp-caption-text\">Black Red White, st\u00f3\u0142 Bawaria Max<\/figcaption><\/figure>\n<figure id=\"attachment_1614\" aria-describedby=\"caption-attachment-1614\" style=\"width: 653px\" class=\"wp-caption aligncenter\"><img decoding=\"async\" class=\"wp-image-1614 size-medium lazyload\" data-src=\"\/blog\/wp-content\/uploads\/2016\/08\/D09-TXS_BAWARIA_MAX-TX012_hd_2lFaYeqWeaWZRmdiQiHtf-653x490.jpg\" alt=\"Black Red White, st\u00f3\u0142 Bawaria Max\" width=\"653\" height=\"490\" data-srcset=\"https:\/\/www.brw.pl\/blog\/wp-content\/uploads\/2016\/08\/D09-TXS_BAWARIA_MAX-TX012_hd_2lFaYeqWeaWZRmdiQiHtf-653x490.jpg 653w, https:\/\/www.brw.pl\/blog\/wp-content\/uploads\/2016\/08\/D09-TXS_BAWARIA_MAX-TX012_hd_2lFaYeqWeaWZRmdiQiHtf-768x577.jpg 768w, https:\/\/www.brw.pl\/blog\/wp-content\/uploads\/2016\/08\/D09-TXS_BAWARIA_MAX-TX012_hd_2lFaYeqWeaWZRmdiQiHtf-1024x769.jpg 1024w, https:\/\/www.brw.pl\/blog\/wp-content\/uploads\/2016\/08\/D09-TXS_BAWARIA_MAX-TX012_hd_2lFaYeqWeaWZRmdiQiHtf.jpg 1438w\" data-sizes=\"(max-width: 653px) 100vw, 653px\" src=\"data:image\/svg+xml;base64,PHN2ZyB3aWR0aD0iMSIgaGVpZ2h0PSIxIiB4bWxucz0iaHR0cDovL3d3dy53My5vcmcvMjAwMC9zdmciPjwvc3ZnPg==\" style=\"--smush-placeholder-width: 653px; --smush-placeholder-aspect-ratio: 653\/490;\" \/><figcaption id=\"caption-attachment-1614\" class=\"wp-caption-text\">Black Red White, st\u00f3\u0142 Bawaria Max<\/figcaption><\/figure>\n<p data-pm-slice=\"1 1 []\">Meble w stylu klasycznym to najcz\u0119\u015bciej kolory naturalnego drewna, np. d\u0119bu, orzecha w\u0142oskiego, czere\u015bni lub kasztana. Drewniany st\u00f3\u0142 podkre\u015bli w jadalni styl klasyczny i nada jej ponadczasowy wymiar. Zadbaj wi\u0119c o to, by Twoje meble utrzymane by\u0142y w jednym z tych odcieni. Idealne meble dla siebie mo\u017cesz znale\u017a\u0107 w\u015br\u00f3d element\u00f3w kolekcji <strong>Stylius <\/strong>lub<strong> Bawaria<\/strong> z oferty Black Red White.<\/p>\n<p><strong>Nasza rada:<\/strong> <strong>pod wyprasowany elegancki obrus pod\u0142\u00f3\u017c cienki, mi\u0119kki kocyk. Dzi\u0119ki temu talerze i sztu\u0107ce nie b\u0119d\u0105 uderza\u0107 o blat. Zwr\u00f3\u0107 uwag\u0119, by nie wystawa\u0142 poza obrus.<\/strong><\/p>\n<p>Zobacz te\u017c: <a href=\"https:\/\/www.brw.pl\/blog\/jak-elegancko-nakryc-do-stolu\/\" target=\"_blank\" rel=\"noopener noreferrer\">Jak elegancko nakry\u0107 do sto\u0142u?<\/a><\/p>\n<h2 data-pm-slice=\"1 1 []\"><strong>Krzes\u0142a w stylu klasycznym<\/strong><\/h2>\n<p>Duet, a niekiedy te\u017c tercet i kwartet ze sto\u0142em w klasycznej jadalni tworz\u0105 <strong>krzes\u0142a<\/strong>. Co je wyr\u00f3\u017cnia? Ich siedziska wykonane s\u0105 z g\u0142adkiej lub ozdobionej eleganckim, drobnym dekorem tkaniny w postaci romb\u00f3w lub kwadrat\u00f3w. Aby uzyska\u0107 harmonijn\u0105 aran\u017cacj\u0119 ca\u0142ego zestawu, dobierz krzes\u0142a z tej samej kolekcji co st\u00f3\u0142. Eleganck\u0105 jadalni\u0119 mo\u017cesz stworzy\u0107 r\u00f3wnie\u017c dzi\u0119ki wybieraniu krzese\u0142 z welurowym obiciem. Doskonale sprawdzi si\u0119 to we wn\u0119trzach inspirowanych stylem retro. Klasyczna jadalnia mo\u017ce bowiem czerpa\u0107 z poszczeg\u00f3lnych nurt\u00f3w, o ile nie odbiegaj\u0105 one od jej podstawowych za\u0142o\u017ce\u0144.<\/p>\n<h2><strong>Komody i witryny \u2013 bohaterowie drugiego planu?<\/strong><\/h2>\n<p>Mimo \u017ce nie zajmuj\u0105 najwa\u017cniejszego miejsca w jadalni, to jednak bez komody i przeszklonej witryny nie ma mowy o pe\u0142nej klasycznej aran\u017cacji. Meble te wygl\u0105daj\u0105 do\u015b\u0107 masywnie, co nie odbiera im uroku, a wr\u0119cz przeciwnie \u2013 dodaje charakteru, kt\u00f3ry podkre\u015blaj\u0105 ozdobne uchwyty drzwiczek i szuflad.<\/p>\n<p>&nbsp;<\/p>\n<figure id=\"attachment_1617\" aria-describedby=\"caption-attachment-1617\" style=\"width: 653px\" class=\"wp-caption aligncenter\"><img decoding=\"async\" class=\"wp-image-1617 size-medium lazyload\" data-src=\"\/blog\/wp-content\/uploads\/2016\/08\/S11_DWIT3D2S_KA_OW_hd_1lFaYeqWeaWZRmdiQiHtf-653x490.jpg\" alt=\"Black Red White, witryna Bawaria\" width=\"653\" height=\"490\" data-srcset=\"https:\/\/www.brw.pl\/blog\/wp-content\/uploads\/2016\/08\/S11_DWIT3D2S_KA_OW_hd_1lFaYeqWeaWZRmdiQiHtf-653x490.jpg 653w, https:\/\/www.brw.pl\/blog\/wp-content\/uploads\/2016\/08\/S11_DWIT3D2S_KA_OW_hd_1lFaYeqWeaWZRmdiQiHtf-768x577.jpg 768w, https:\/\/www.brw.pl\/blog\/wp-content\/uploads\/2016\/08\/S11_DWIT3D2S_KA_OW_hd_1lFaYeqWeaWZRmdiQiHtf-1024x769.jpg 1024w, https:\/\/www.brw.pl\/blog\/wp-content\/uploads\/2016\/08\/S11_DWIT3D2S_KA_OW_hd_1lFaYeqWeaWZRmdiQiHtf.jpg 1438w\" data-sizes=\"(max-width: 653px) 100vw, 653px\" src=\"data:image\/svg+xml;base64,PHN2ZyB3aWR0aD0iMSIgaGVpZ2h0PSIxIiB4bWxucz0iaHR0cDovL3d3dy53My5vcmcvMjAwMC9zdmciPjwvc3ZnPg==\" style=\"--smush-placeholder-width: 653px; --smush-placeholder-aspect-ratio: 653\/490;\" \/><figcaption id=\"caption-attachment-1617\" class=\"wp-caption-text\">Black Red White, witryna Bawaria<\/figcaption><\/figure>\n<p>Eleganckim schronieniem dla delikatnej porcelany i bibelot\u00f3w b\u0119dzie <strong>witryna Bawaria<\/strong> z przeszklonymi drzwiczkami, a <strong>komoda Stylius<\/strong> przechowa opr\u00f3cz obrus\u00f3w tak\u017ce ksi\u0105\u017cki czy inne domowe drobiazgi.<\/p>\n<figure id=\"attachment_1618\" aria-describedby=\"caption-attachment-1618\" style=\"width: 653px\" class=\"wp-caption aligncenter\"><img decoding=\"async\" class=\"wp-image-1618 size-medium lazyload\" data-src=\"\/blog\/wp-content\/uploads\/2016\/08\/NKOM-2D2S_hd_1lFaYeqWeaWZRmdiQiHtf-653x490.jpg\" alt=\"Black Red White, komoda Stylius\" width=\"653\" height=\"490\" data-srcset=\"https:\/\/www.brw.pl\/blog\/wp-content\/uploads\/2016\/08\/NKOM-2D2S_hd_1lFaYeqWeaWZRmdiQiHtf-653x490.jpg 653w, https:\/\/www.brw.pl\/blog\/wp-content\/uploads\/2016\/08\/NKOM-2D2S_hd_1lFaYeqWeaWZRmdiQiHtf-768x577.jpg 768w, https:\/\/www.brw.pl\/blog\/wp-content\/uploads\/2016\/08\/NKOM-2D2S_hd_1lFaYeqWeaWZRmdiQiHtf-1024x769.jpg 1024w, https:\/\/www.brw.pl\/blog\/wp-content\/uploads\/2016\/08\/NKOM-2D2S_hd_1lFaYeqWeaWZRmdiQiHtf.jpg 1438w\" data-sizes=\"(max-width: 653px) 100vw, 653px\" src=\"data:image\/svg+xml;base64,PHN2ZyB3aWR0aD0iMSIgaGVpZ2h0PSIxIiB4bWxucz0iaHR0cDovL3d3dy53My5vcmcvMjAwMC9zdmciPjwvc3ZnPg==\" style=\"--smush-placeholder-width: 653px; --smush-placeholder-aspect-ratio: 653\/490;\" \/><figcaption id=\"caption-attachment-1618\" class=\"wp-caption-text\">Black Red White, komoda Stylius<\/figcaption><\/figure>\n<h2><strong>Jadalnia w stylu klasycznym \u2013 nie zapomnij o dekoracjach <\/strong><\/h2>\n<p>Klasycznie pi\u0119kna jadalnia potrzebuje jeszcze kilku stylowych akcesori\u00f3w. <strong>Mi\u0119kki dywan<\/strong> na pod\u0142odze doda wn\u0119trzu przytulnego charakteru. Zamiast rolet koniecznie powie\u015b w oknach <strong>zas\u0142ony i firanki<\/strong>, kt\u00f3re nie tylko zapewni\u0105 prywatno\u015b\u0107 Twojej rodzinie i ochron\u0119 przed s\u0142o\u0144cem, ale, co r\u00f3wnie wa\u017cne, b\u0119d\u0105 tak\u017ce eleganck\u0105 ozdob\u0105 wn\u0119trza. Nie obawiaj si\u0119 ciemnych tkanin na zas\u0142ony np. w kolorach g\u0142\u0119bokiej wi\u015bni, br\u0105zu czy fioletu. One s\u0105 kwintesencj\u0105 klasyki! Pami\u0119taj te\u017c o <strong>stylowych wazonach i \u015bwiecznikach<\/strong> \u2013 mo\u017cesz je postawi\u0107 zar\u00f3wno na stole, jak i na komodzie. \u015aciany w klasycznej jadalni udekoruj <strong>obrazami w ozdobnych ramach.<\/strong><\/p>\n<figure id=\"attachment_1619\" aria-describedby=\"caption-attachment-1619\" style=\"width: 653px\" class=\"wp-caption aligncenter\"><img decoding=\"async\" class=\"wp-image-1619 size-medium lazyload\" data-src=\"\/blog\/wp-content\/uploads\/2016\/08\/THK-0416032lFaYeqWeaWZRmdiQiHtf-653x490.jpg\" alt=\"Black Red White, zas\u0142ona dekoracyjna Secret\" width=\"653\" height=\"490\" data-srcset=\"https:\/\/www.brw.pl\/blog\/wp-content\/uploads\/2016\/08\/THK-0416032lFaYeqWeaWZRmdiQiHtf-653x490.jpg 653w, https:\/\/www.brw.pl\/blog\/wp-content\/uploads\/2016\/08\/THK-0416032lFaYeqWeaWZRmdiQiHtf-768x577.jpg 768w, https:\/\/www.brw.pl\/blog\/wp-content\/uploads\/2016\/08\/THK-0416032lFaYeqWeaWZRmdiQiHtf-1024x769.jpg 1024w, https:\/\/www.brw.pl\/blog\/wp-content\/uploads\/2016\/08\/THK-0416032lFaYeqWeaWZRmdiQiHtf.jpg 1438w\" data-sizes=\"(max-width: 653px) 100vw, 653px\" src=\"data:image\/svg+xml;base64,PHN2ZyB3aWR0aD0iMSIgaGVpZ2h0PSIxIiB4bWxucz0iaHR0cDovL3d3dy53My5vcmcvMjAwMC9zdmciPjwvc3ZnPg==\" style=\"--smush-placeholder-width: 653px; --smush-placeholder-aspect-ratio: 653\/490;\" \/><figcaption id=\"caption-attachment-1619\" class=\"wp-caption-text\">Black Red White, zas\u0142ona dekoracyjna Secret<\/figcaption><\/figure>\n","protected":false},"excerpt":{"rendered":"<p>\u201eKlasyka jest zawsze modna\u201d, \u201eNie wiesz, co za\u0142o\u017cy\u0107 \u2013 wybierz klasyczn\u0105 ma\u0142\u0105 czarn\u0105\u201d \u00a0\u2013 te i inne powiedzenia odnosz\u0105ce si\u0119 do klasycznego stylu s\u0142yszymy cz\u0119sto i w r\u00f3\u017cnych sytuacjach. Dlaczego? Odpowied\u017a jest prosta \u2013 klasyka nie poddaje si\u0119 modom i trendom. Dlatego warto wykorzysta\u0107 j\u0105 r\u00f3wnie\u017c w aran\u017cacji wn\u0119trz. Podobnie sprawdzi si\u0119 r\u00f3wnie\u017c jadalnia w [&hellip;]<\/p>\n","protected":false},"author":3,"featured_media":1612,"comment_status":"open","ping_status":"open","sticky":false,"template":"","format":"standard","meta":{"footnotes":""},"categories":[738,748,572],"tags":[323,205,178,326,176,182,325,324,67,327],"aioseo_notices":[],"_links":{"self":[{"href":"https:\/\/www.brw.pl\/blog\/wp-json\/wp\/v2\/posts\/1609"}],"collection":[{"href":"https:\/\/www.brw.pl\/blog\/wp-json\/wp\/v2\/posts"}],"about":[{"href":"https:\/\/www.brw.pl\/blog\/wp-json\/wp\/v2\/types\/post"}],"author":[{"embeddable":true,"href":"https:\/\/www.brw.pl\/blog\/wp-json\/wp\/v2\/users\/3"}],"replies":[{"embeddable":true,"href":"https:\/\/www.brw.pl\/blog\/wp-json\/wp\/v2\/comments?post=1609"}],"version-history":[{"count":16,"href":"https:\/\/www.brw.pl\/blog\/wp-json\/wp\/v2\/posts\/1609\/revisions"}],"predecessor-version":[{"id":37254,"href":"https:\/\/www.brw.pl\/blog\/wp-json\/wp\/v2\/posts\/1609\/revisions\/37254"}],"wp:featuredmedia":[{"embeddable":true,"href":"https:\/\/www.brw.pl\/blog\/wp-json\/wp\/v2\/media\/1612"}],"wp:attachment":[{"href":"https:\/\/www.brw.pl\/blog\/wp-json\/wp\/v2\/media?parent=1609"}],"wp:term":[{"taxonomy":"category","embeddable":true,"href":"https:\/\/www.brw.pl\/blog\/wp-json\/wp\/v2\/categories?post=1609"},{"taxonomy":"post_tag","embeddable":true,"href":"https:\/\/www.brw.pl\/blog\/wp-json\/wp\/v2\/tags?post=1609"}],"curies":[{"name":"wp","href":"https:\/\/api.w.org\/{rel}","templated":true}]}}