{"id":16208,"date":"2021-01-24T11:48:51","date_gmt":"2021-01-24T10:48:51","guid":{"rendered":"https:\/\/www.brw.pl\/blog\/?p=16208"},"modified":"2024-09-20T09:54:20","modified_gmt":"2024-09-20T07:54:20","slug":"aranzacje-home-office-ktora-pasuje-do-ciebie","status":"publish","type":"post","link":"https:\/\/www.brw.pl\/blog\/aranzacje-home-office-ktora-pasuje-do-ciebie\/","title":{"rendered":"Aran\u017cacje home office: kt\u00f3ra pasuje do Ciebie?"},"content":{"rendered":"<p><strong>Kiedy\u015b praca z domu mog\u0142a wydawa\u0107 si\u0119 czym\u015b abstrakcyjnym. Od kilku miesi\u0119cy dla wielu z nas sta\u0142a si\u0119 jednak norm\u0105. Przygotowali\u015bmy dla Ciebie zestaw porad oraz kilka ciekawych inspiracji, jak urz\u0105dzi\u0107 k\u0105cik biurowy w domu.<\/strong><\/p>\n<div style=\"display: flex; align-items: center; justify-content: center; text-align: center;\"><img decoding=\"async\" class=\"size-full wp-image-16210 aligncenter lazyload\" data-src=\"https:\/\/www.brw.pl\/blog\/wp-content\/uploads\/2021\/01\/grafika-2-scaled.jpg\" alt=\"home office\" width=\"1920\" height=\"967\" data-srcset=\"https:\/\/www.brw.pl\/blog\/wp-content\/uploads\/2021\/01\/grafika-2-scaled.jpg 1920w, https:\/\/www.brw.pl\/blog\/wp-content\/uploads\/2021\/01\/grafika-2-800x403.jpg 800w, https:\/\/www.brw.pl\/blog\/wp-content\/uploads\/2021\/01\/grafika-2-768x387.jpg 768w, https:\/\/www.brw.pl\/blog\/wp-content\/uploads\/2021\/01\/grafika-2-1536x774.jpg 1536w, https:\/\/www.brw.pl\/blog\/wp-content\/uploads\/2021\/01\/grafika-2-2048x1031.jpg 2048w\" data-sizes=\"(max-width: 1920px) 100vw, 1920px\" src=\"data:image\/svg+xml;base64,PHN2ZyB3aWR0aD0iMSIgaGVpZ2h0PSIxIiB4bWxucz0iaHR0cDovL3d3dy53My5vcmcvMjAwMC9zdmciPjwvc3ZnPg==\" style=\"--smush-placeholder-width: 1920px; --smush-placeholder-aspect-ratio: 1920\/967;\" \/><\/div>\n<p>&nbsp;<\/p>\n<p>Nie ka\u017cdy mo\u017ce pozwoli\u0107 sobie na urz\u0105dzenie biura w oddzielnym pokoju. Cz\u0119sto k\u0105cik do pracy wydziela si\u0119 w pokoju dziennym (czasami, aby uzyska\u0107 dodatkow\u0105 powierzchni\u0119, wystarczy jedynie odpowiednie ustawienie <a href=\"https:\/\/www.brw.pl\/meble\/meble-biurowe\/biurka\/\" target=\"_blank\" rel=\"noopener noreferrer\">biurka<\/a> w salonie). A poniewa\u017c jest to pomieszczenie, w kt\u00f3rym zapewne przebywasz najcz\u0119\u015bciej, to do aran\u017cacji tej przestrzeni nale\u017cy przywi\u0105za\u0107 nieco wi\u0119ksz\u0105 uwag\u0119.<\/p>\n<p>&nbsp;<\/p>\n<h2 data-pm-slice=\"1 3 []\"><strong>Praca zdalna &#8211; jak urz\u0105dzi\u0107 domowe biuro?<\/strong><\/h2>\n<p>Prac\u0119 zdaln\u0105 nale\u017cy zorganizowa\u0107 sobie tak, by nie obni\u017cy\u0107 swojej efektywno\u015bci w domowym biurze. Du\u017ce znaczenie ma to, w jaki spos\u00f3b odetniesz si\u0119 od tego, co domowe, by nie rozprasza\u0142o Ci\u0119 przy Twoich s\u0142u\u017cbowych obowi\u0105zkach. Ustawienie swojego biurka w salonie z telewizorem, mo\u017ce okaza\u0107 si\u0119 kiepskim pomys\u0142em.<\/p>\n<ul>\n<li>Wygospodaruj na biuro domowe k\u0105cik, w kt\u00f3rym mo\u017cesz liczy\u0107 na spok\u00f3j. Postaraj si\u0119 by Twoje biurko sta\u0142o bokiem do okna &#8211; w\u00f3wczas uzyskasz najkorzystniejsze \u015bwiat\u0142o do pracy przy komputerze.<\/li>\n<li>Zadbaj o ergonomiczny fotel z regulowan\u0105 wysoko\u015bci\u0105. To dla dobra Twojego kr\u0119gos\u0142upa. Wiele os\u00f3b decyduje si\u0119 na prac\u0119 w fotelu lub na kanapie, jednak w d\u0142u\u017cszej perspektywie, mo\u017ce mie\u0107 to op\u0142akane skutki. Najlepszym rozwi\u0105zaniem jest oczywi\u015bcie osobny pok\u00f3j, jednak wiemy, \u017ce nie ka\u017cdy ma tak\u0105 mo\u017cliwo\u015b\u0107. Mo\u017cesz zatem zorganizowa\u0107 swoj\u0105 przestrze\u0144 do pracy we fragmencie danego pomieszczenia &#8211; dobre biurko i wygodny fotel na pocz\u0105tek wystarcz\u0105.<\/li>\n<li>Domowe biuro to miejsce, w kt\u00f3rym sp\u0119dzasz sporo czasu. Aby dany dzie\u0144 w pracy sta\u0142 si\u0119 przyjemniejszy &#8211; wykorzystuj ro\u015bliny. Postaw w okolicach biurka lub na nim samym kwiaty doniczkowe, najlepiej o intensywnie zielonych li\u015bciach. Spogl\u0105daj\u0105c na nie &#8211; Twoje oczy odpoczn\u0105.<\/li>\n<li>Zaaran\u017cuj okno, je\u015bli Tw\u00f3j komputer stoi przodem do niego. Zamontuj na nim \u017caluzje lub zas\u0142ony, by m\u00f3c ograniczy\u0107 dop\u0142yw promieni s\u0142onecznych, kt\u00f3re utrudni\u0105 Ci prac\u0119 i bardziej zm\u0119cz\u0105 wzrok. Pami\u0119taj, \u017ce na ekranie monitora odbijaj\u0105 si\u0119 du\u017co bardziej.<\/li>\n<li>Je\u015bli Twoje domowe biuro stoi przy \u015bcianie, to wykorzystaj jej przestrze\u0144. Zamontowanie r\u00f3\u017cnego rodzaju p\u00f3\u0142ek i tablic manipulacyjnych mo\u017ce si\u0119 okaza\u0107 bardzo pomocne.<\/li>\n<\/ul>\n<h2><strong>Home office \u2013 meble do du\u017cego i ma\u0142ego salonu<\/strong><\/h2>\n<p>Je\u017celi na k\u0105cik biurowy w domu wybierasz salon, pami\u0119taj, \u017ce ka\u017cdy szczeg\u00f3\u0142 powinien do siebie pasowa\u0107 i zgrywa\u0107 si\u0119 z og\u00f3lnie panuj\u0105c\u0105 stylistyk\u0105 pomieszczenia. Odpowiedni dob\u00f3r mebli i dodatk\u00f3w sprawi, \u017ce z pewno\u015bci\u0105 uzyskasz upragniony efekt.<\/p>\n<p><strong>Warunki home office powinny by\u0107 jak najbardziej zbli\u017cone do tych panuj\u0105cych w prawdziwym biurze<\/strong>. Dlatego postaraj si\u0119 wydzieli\u0107 t\u0119 przestrze\u0144 cho\u0107by symbolicznie. Je\u017celi dysponujesz du\u017cym salonem, idealnym rozwi\u0105zaniem b\u0119dzie oddzielenie\/ wydzielenie miejsca do pracy za pomoc\u0105 dekoracyjnego parawanu lub a\u017curowego rega\u0142u. Nie do\u015b\u0107, \u017ce zas\u0142oni biurko, to dodatkowo urozmaici wn\u0119trze i b\u0119dzie \u015bwietnym miejscem na przechowywanie dokument\u00f3w i ksi\u0105\u017cek.<\/p>\n<p>Ciekawym rozwi\u0105zaniem jest r\u00f3wnie\u017c ustawienie biurka za kanap\u0105 w salonie. Z kolei ustawienie stolika do pracy frontem do salonu wyeksponuje to miejsce i sprawi, \u017ce stanie si\u0119 integraln\u0105 cz\u0119\u015bci\u0105 ca\u0142o\u015bci aran\u017cacji.<\/p>\n<p>Je\u017celi Tw\u00f3j salon pe\u0142ni r\u00f3wnie\u017c funkcj\u0119 jadalnian\u0105, postaraj si\u0119 o st\u00f3\u0142, kt\u00f3ry b\u0119dziesz m\u00f3g\u0142 wykorzysta\u0107 r\u00f3wnie\u017c jako miejsce do pracy. Idealnie w tej roli sprawdzi si\u0119 np. rozk\u0142adany \u0142awost\u00f3\u0142.<\/p>\n<p>Z kolei w przypadku naprawd\u0119 ma\u0142ych powierzchni postaw na opuszczany blat, kt\u00f3ry na sta\u0142e przymocowany jest do \u015bciany. Innym ciekawym rozwi\u0105zaniem jest biurko na k\u00f3\u0142kach, kt\u00f3re wbrew pozorom z \u0142atwo\u015bci\u0105 pomie\u015bci laptopa i niezb\u0119dne dokumenty, a w razie potrzeby b\u0119dziesz m\u00f3g\u0142 je przestawia\u0107 lub ukry\u0107 w rogu pokoju.<\/p>\n<p>Pami\u0119taj, \u017ce pracuj\u0105c w przestrzeni domowej, zdecydowanie trudniej zachowa\u0107 odpowiedni\u0105 dyscyplin\u0119 oraz skupi\u0107 si\u0119 na wykonywanych dzia\u0142aniach. Rozproszy\u0107 mo\u017ce Ci\u0119 niewygodne krzes\u0142o, \u017ale dobrana lampka, ha\u0142as oraz ba\u0142agan na biurku.<\/p>\n<p>Dlatego, <strong>aby zachowa\u0107 maksymalny komfort, obni\u017cy\u0107 poziom stresu i \u0142atwiej uporz\u0105dkowa\u0107 my\u015bli, zadbaj o to, aby Tw\u00f3j k\u0105cik do pracy by\u0142 miejscem dobrze zorganizowanym.<\/strong> Wszystkie niezb\u0119dne do wykonywania pracy sprz\u0119ty miej zawsze pod r\u0119k\u0105.<\/p>\n<p>Pami\u0119taj jednak, \u017ce im mniej przedmiot\u00f3w w zasi\u0119gu wzroku, tym mniej rozpraszaj\u0105cych bod\u017ac\u00f3w. Kluczowe jest na pewno odpowiednie dobranie <a href=\"https:\/\/www.brw.pl\/meble\/meble-biurowe\/krzesla-obrotowe-dzieciece\/\" target=\"_blank\" rel=\"noopener noreferrer\">krzes\u0142a do biurka<\/a>, kt\u00f3re pomo\u017ce Ci pracowa\u0107 we w\u0142a\u015bciwej pozycji, a przy okazji zadbasz o dobr\u0105 kondycj\u0119 swojego kr\u0119gos\u0142upa.<\/p>\n<p>&nbsp;<\/p>\n<h2><strong>Stylowy k\u0105cik do pracy w domu<\/strong><\/h2>\n<p>Oczywi\u015bcie funkcjonalno\u015b\u0107 to podstawa przy organizacji domowego biura, nie mo\u017cesz jednak zapomina\u0107 o wzgl\u0119dach estetycznych. <strong>K\u0105cik biurowy w domu powinien by\u0107 dla Ciebie w pe\u0142ni komfortowy.<\/strong> Warto r\u00f3wnie\u017c zadba\u0107 o to, aby korespondowa\u0142 ze stylem, jaki panuje w ca\u0142ym otoczeniu.<\/p>\n<p>&nbsp;<\/p>\n<h3><strong>1. K\u0105cik biurowy w stylu eko<\/strong><\/h3>\n<p>W ostatnim czasie bardzo popularne sta\u0142o si\u0119 wprowadzanie do wn\u0119trza klimatu zwi\u0105zanego z natur\u0105. Je\u017celi chcesz, aby Twoje miejsce do pracy by\u0142o zaaran\u017cowane w takim stylu, w pierwszej kolejno\u015bci postaw na naturalne materia\u0142y, z kt\u00f3rych wykonane b\u0119dzie wyposa\u017cenie oraz dodatki.<\/p>\n<div style=\"display: flex; align-items: center; justify-content: center; text-align: center;\">\n<figure id=\"attachment_14795\" aria-describedby=\"caption-attachment-14795\" style=\"width: 800px\" class=\"wp-caption aligncenter\"><img decoding=\"async\" class=\"size-medium wp-image-14795 lazyload\" data-src=\"https:\/\/www.brw.pl\/blog\/wp-content\/uploads\/2020\/10\/biuro-123-800x450.png\" alt=\"krzes\u0142o rattanowe\" width=\"800\" height=\"450\" data-srcset=\"https:\/\/www.brw.pl\/blog\/wp-content\/uploads\/2020\/10\/biuro-123-800x450.png 800w, https:\/\/www.brw.pl\/blog\/wp-content\/uploads\/2020\/10\/biuro-123-768x432.png 768w, https:\/\/www.brw.pl\/blog\/wp-content\/uploads\/2020\/10\/biuro-123.png 1385w\" data-sizes=\"(max-width: 800px) 100vw, 800px\" src=\"data:image\/svg+xml;base64,PHN2ZyB3aWR0aD0iMSIgaGVpZ2h0PSIxIiB4bWxucz0iaHR0cDovL3d3dy53My5vcmcvMjAwMC9zdmciPjwvc3ZnPg==\" style=\"--smush-placeholder-width: 800px; --smush-placeholder-aspect-ratio: 800\/450;\" \/><figcaption id=\"caption-attachment-14795\" class=\"wp-caption-text\"><a href=\"https:\/\/www.brw.pl\/krzeslo-rattan-naturalny-ciemny-braz-k-336,30622\" target=\"_blank\" rel=\"noopener noreferrer\">Krzes\u0142o rattanowe K336<\/a><\/figcaption><\/figure>\n<\/div>\n<p>&nbsp;<\/p>\n<p>Drewniane meble \u2014 to podstawowy element wyposa\u017cenia wn\u0119trza w stylu eko, w po\u0142\u0105czeniu ze szklanymi dodatkami, stworz\u0105 ca\u0142o\u015b\u0107, kt\u00f3ra zachwyci ka\u017cdego mi\u0142o\u015bnika natury. Aran\u017cacje mo\u017cesz uzupe\u0142ni\u0107 r\u00f3wnie\u017c rattanowym krzes\u0142em, czy wiklinow\u0105 b\u0105d\u017a bambusow\u0105 lamp\u0105. Je\u015bli chcesz dodatkowo podkre\u015bli\u0107 stylizacj\u0119 wn\u0119trza eko, postaw na kolory i desenie o motywach florystycznych lub takie, kt\u00f3re nawi\u0105zuj\u0105 do ro\u015blinno\u015bci.<\/p>\n<p>Ka\u017cdy, nawet symboliczny, kontakt z natur\u0105 generuje pozytywne reakcje Twojego organizmu. Je\u017celi jeste\u015b mi\u0142o\u015bnikiem stylu eko, w Twoim mini biurze nie mo\u017ce zabrakn\u0105\u0107 ro\u015blin. Ponadto wiele bada\u0144 wskazuje, \u017ce \u017cywa ziele\u0144 poprawia nastr\u00f3j, pomaga walczy\u0107 ze stresem, a przy tym oczyszcza jeszcze powietrze. Niech w Twoim otoczeniu zago\u015bci np. monstera w dekoracyjnej doniczce!<\/p>\n<p>&nbsp;<\/p>\n<h3><strong>2. K\u0105cik biurowy z nutk\u0105 glamour<\/strong><\/h3>\n<p>K\u0105cik do pracy pe\u0142en elegancji, blasku i luksusu? O tak! To chyba spe\u0142nienie marze\u0144 wi\u0119kszo\u015bci kobiet. Zamiast standardowego biurka zdecyduj si\u0119 na eleganck\u0105 toaletk\u0119 z szufladk\u0105. Obok niej koniecznie ustaw krzes\u0142o tapicerowane z wysokim oparciem, obite aksamitem. Na pod\u0142odze po\u0142\u00f3\u017c bia\u0142y, d\u0142ugow\u0142osy dywan, a na \u015bcianie niech zawi\u015bnie oryginalny obrazu w z\u0142otej ramie lub zjawiskowe lustro.<\/p>\n<p>Nie zapomnij tak\u017ce o gustownym o\u015bwietleniu, kt\u00f3re b\u0119dzie stanowi\u0107 dope\u0142nienie szykownej aran\u017cacji domowego home office. Ulubione kolory stylu glamour to przede wszystkim:<\/p>\n<ul>\n<li>bia\u0142y,<\/li>\n<li>czarny,<\/li>\n<li>srebrny,<\/li>\n<li>z\u0142oty,<\/li>\n<li>be\u017cowy,<\/li>\n<li>r\u00f3\u017cowy,<\/li>\n<li>g\u0142\u0119boki fiolet,<\/li>\n<li>czekoladowy,<\/li>\n<li>szary.<\/li>\n<\/ul>\n<p>Warto o tym pami\u0119ta\u0107 dobieraj\u0105c biurowe dodatki, np. lampk\u0119, segregatory czy cho\u0107by pojemnik i pude\u0142ka na wa\u017cne dokumenty.<\/p>\n<div style=\"display: flex; align-items: center; justify-content: center; text-align: center;\">\n<figure id=\"attachment_16211\" aria-describedby=\"caption-attachment-16211\" style=\"width: 728px\" class=\"wp-caption aligncenter\"><img decoding=\"async\" class=\"wp-image-16211 size-full lazyload\" data-src=\"https:\/\/www.brw.pl\/blog\/wp-content\/uploads\/2021\/01\/toaletka-pori.jpg\" alt=\"toaletka pori\" width=\"728\" height=\"483\" src=\"data:image\/svg+xml;base64,PHN2ZyB3aWR0aD0iMSIgaGVpZ2h0PSIxIiB4bWxucz0iaHR0cDovL3d3dy53My5vcmcvMjAwMC9zdmciPjwvc3ZnPg==\" style=\"--smush-placeholder-width: 728px; --smush-placeholder-aspect-ratio: 728\/483;\" \/><figcaption id=\"caption-attachment-16211\" class=\"wp-caption-text\"><a href=\"https:\/\/www.brw.pl\/toaletka-pori,23920\" target=\"_blank\" rel=\"noopener noreferrer\">Toaletka Pori<\/a><\/figcaption><\/figure>\n<\/div>\n<p>&nbsp;<\/p>\n<h3><strong>3. Elegancka klasyka<\/strong><\/h3>\n<p>Wn\u0119trza urz\u0105dzone w klasycznym stylu s\u0105 ponadczasowe. To kwintesencja dobrego smaku ze szczypt\u0105 ponadczasowej formy. Tym samym mo\u017ce odznacza\u0107 si\u0119 miejsce, w kt\u00f3rym pracujesz. Postaw na be\u017ce i br\u0105zy, kt\u00f3re nieod\u0142\u0105cznie kojarz\u0105 si\u0119 ze spokojem i stabilizacj\u0105 oraz nawi\u0105zuj\u0105ce do stylu angielskiego \u2013 granaty, biele oraz szaro\u015bci. Dostojno\u015bci wn\u0119trzu dodadz\u0105 r\u00f3wnie\u017c drewniane meble, zw\u0142aszcza rega\u0142 wype\u0142niony ksi\u0105\u017ckami.<\/p>\n<div style=\"display: flex; align-items: center; justify-content: center; text-align: center;\">\n<figure id=\"attachment_16212\" aria-describedby=\"caption-attachment-16212\" style=\"width: 728px\" class=\"wp-caption aligncenter\"><img decoding=\"async\" class=\"wp-image-16212 size-full lazyload\" data-src=\"https:\/\/www.brw.pl\/blog\/wp-content\/uploads\/2021\/01\/toaletka-brela.jpg\" alt=\"toaletka brela\" width=\"728\" height=\"483\" src=\"data:image\/svg+xml;base64,PHN2ZyB3aWR0aD0iMSIgaGVpZ2h0PSIxIiB4bWxucz0iaHR0cDovL3d3dy53My5vcmcvMjAwMC9zdmciPjwvc3ZnPg==\" style=\"--smush-placeholder-width: 728px; --smush-placeholder-aspect-ratio: 728\/483;\" \/><figcaption id=\"caption-attachment-16212\" class=\"wp-caption-text\"><a href=\"https:\/\/www.brw.pl\/toaletka-brela,34927\" target=\"_blank\" rel=\"noopener noreferrer\">Toaletka Brela<\/a><\/figcaption><\/figure>\n<\/div>\n<p>&nbsp;<\/p>\n<p>K\u0105cik do pracy urz\u0105dzony pod klasyczn\u0105 nut\u0119 nie musi by\u0107 nudny i monotonny. Bez wielkiego trudu, dodaj\u0105c lub ujmuj\u0105c kilka dodatk\u00f3w, z \u0142atwo\u015bci\u0105 b\u0119dziesz m\u00f3g\u0142 zmieni\u0107 jego charakter.<\/p>\n<p>&nbsp;<\/p>\n<h3><strong>4. K\u0105cik biurowy w kolorach szaro\u015bci i bieli<\/strong><\/h3>\n<p>K\u0105cik do pracy z dominuj\u0105c\u0105 szaro\u015bci\u0105 i biel\u0105 idealnie sprawdzi si\u0119 w surowych, industrialnych wn\u0119trzach \u2014 oryginalnych i zarazem nowoczesnych. Co ciekawe, styl ten wybieraj\u0105 zazwyczaj osoby sentymentalne, ze zmys\u0142em plastycznym. Szary kolor sprawia, \u017ce w miejscu pracy \u0142atwiej b\u0119dzie Ci si\u0119 wyciszy\u0107, uspokoi\u0107 i skupi\u0107 na wykonywanym zadaniu. Z kolei bia\u0142e \u015bciany oraz meble \u2013 rozja\u015bni\u0105 przestrze\u0144 i dodadz\u0105 jej lekko\u015bci.<\/p>\n<div style=\"display: flex; align-items: center; justify-content: center; text-align: center;\">\n<figure id=\"attachment_16213\" aria-describedby=\"caption-attachment-16213\" style=\"width: 300px\" class=\"wp-caption alignnone\"><img decoding=\"async\" class=\"wp-image-16213 lazyload\" data-src=\"https:\/\/www.brw.pl\/blog\/wp-content\/uploads\/2021\/01\/krzes\u0142o-dior-buk-velvet.jpg\" alt=\"krzes\u0142o\" width=\"300\" height=\"225\" src=\"data:image\/svg+xml;base64,PHN2ZyB3aWR0aD0iMSIgaGVpZ2h0PSIxIiB4bWxucz0iaHR0cDovL3d3dy53My5vcmcvMjAwMC9zdmciPjwvc3ZnPg==\" style=\"--smush-placeholder-width: 300px; --smush-placeholder-aspect-ratio: 300\/225;\" \/><figcaption id=\"caption-attachment-16213\" class=\"wp-caption-text\"><a href=\"https:\/\/www.brw.pl\/krzeslo-buk-velvet-szary-dior,30397\" target=\"_blank\" rel=\"noopener noreferrer\">Krzes\u0142o Dior Buk Velvet<\/a><\/figcaption><\/figure>\n<figure id=\"attachment_16214\" aria-describedby=\"caption-attachment-16214\" style=\"width: 300px\" class=\"wp-caption alignnone\"><img decoding=\"async\" class=\"wp-image-16214 lazyload\" data-src=\"https:\/\/www.brw.pl\/blog\/wp-content\/uploads\/2021\/01\/biurko-nepo-plus.jpg\" alt=\"biurko nepo plus\" width=\"300\" height=\"225\" src=\"data:image\/svg+xml;base64,PHN2ZyB3aWR0aD0iMSIgaGVpZ2h0PSIxIiB4bWxucz0iaHR0cDovL3d3dy53My5vcmcvMjAwMC9zdmciPjwvc3ZnPg==\" style=\"--smush-placeholder-width: 300px; --smush-placeholder-aspect-ratio: 300\/225;\" \/><figcaption id=\"caption-attachment-16214\" class=\"wp-caption-text\"><a href=\"https:\/\/www.brw.pl\/biurko-nepo-plus,29656\" target=\"_blank\" rel=\"noopener noreferrer\">Biurko Nepo Plus<\/a><\/figcaption><\/figure>\n<figure id=\"attachment_16215\" aria-describedby=\"caption-attachment-16215\" style=\"width: 300px\" class=\"wp-caption alignnone\"><img decoding=\"async\" class=\"wp-image-16215 lazyload\" data-src=\"https:\/\/www.brw.pl\/blog\/wp-content\/uploads\/2021\/01\/pojemnik-beton.jpg\" alt=\"pojemnik beton\" width=\"300\" height=\"225\" src=\"data:image\/svg+xml;base64,PHN2ZyB3aWR0aD0iMSIgaGVpZ2h0PSIxIiB4bWxucz0iaHR0cDovL3d3dy53My5vcmcvMjAwMC9zdmciPjwvc3ZnPg==\" style=\"--smush-placeholder-width: 300px; --smush-placeholder-aspect-ratio: 300\/225;\" \/><figcaption id=\"caption-attachment-16215\" class=\"wp-caption-text\"><a href=\"https:\/\/www.brw.pl\/pojemnik-3l-beton,31274\" target=\"_blank\" rel=\"noopener noreferrer\">Pojemnik Beton<\/a><\/figcaption><\/figure>\n<\/div>\n<p>&nbsp;<\/p>\n<h3><\/h3>\n<h3><strong>5. Nowoczesna przestrze\u0144<\/strong><\/h3>\n<p>Nowoczesne home office powinno by\u0107 maksymalnie minimalistyczne. Absolutn\u0105 podstaw\u0105 b\u0119dzie tutaj solidne biurko, wygodne krzes\u0142o i daj\u0105ca du\u017co \u015bwiat\u0142a lampa. Rz\u0105dzi tutaj biel, metal oraz kontrastuj\u0105ce barwy.<\/p>\n<div style=\"display: flex; align-items: center; justify-content: center; text-align: center;\">\n<figure id=\"attachment_14618\" aria-describedby=\"caption-attachment-14618\" style=\"width: 800px\" class=\"wp-caption aligncenter\"><img decoding=\"async\" class=\"size-medium wp-image-14618 lazyload\" data-src=\"https:\/\/www.brw.pl\/blog\/wp-content\/uploads\/2020\/10\/SOHO_Denton_S416-BIU160-BIP_DP_ar1-800x450.jpg\" alt=\"denton\" width=\"800\" height=\"450\" data-srcset=\"https:\/\/www.brw.pl\/blog\/wp-content\/uploads\/2020\/10\/SOHO_Denton_S416-BIU160-BIP_DP_ar1-800x450.jpg 800w, https:\/\/www.brw.pl\/blog\/wp-content\/uploads\/2020\/10\/SOHO_Denton_S416-BIU160-BIP_DP_ar1-768x432.jpg 768w, https:\/\/www.brw.pl\/blog\/wp-content\/uploads\/2020\/10\/SOHO_Denton_S416-BIU160-BIP_DP_ar1.jpg 1440w\" data-sizes=\"(max-width: 800px) 100vw, 800px\" src=\"data:image\/svg+xml;base64,PHN2ZyB3aWR0aD0iMSIgaGVpZ2h0PSIxIiB4bWxucz0iaHR0cDovL3d3dy53My5vcmcvMjAwMC9zdmciPjwvc3ZnPg==\" style=\"--smush-placeholder-width: 800px; --smush-placeholder-aspect-ratio: 800\/450;\" \/><figcaption id=\"caption-attachment-14618\" class=\"wp-caption-text\"><a href=\"https:\/\/www.brw.pl\/regal-denton,26707\" target=\"_blank\" rel=\"noopener noreferrer\">Rega\u0142 Denton<\/a><\/figcaption><\/figure>\n<\/div>\n<p>&nbsp;<\/p>\n<p>Zdecyduj si\u0119 wi\u0119c na bia\u0142e biurko, kt\u00f3re zape\u0142nisz oryginalnymi akcentami. Dodatki zale\u017c\u0105 od Ciebie. Wybieraj jednak proste rozwi\u0105zania, dzi\u0119ki kt\u00f3rym przestrze\u0144 b\u0119dzie sprzyja\u0107 pracy. Polecamy metalowe kosze, p\u00f3\u0142ki i organizery nad biurko, nowoczesne grafiki oraz ro\u015bliny ustawione nieopodal na regale. Pami\u0119taj, \u017ce w nowoczesnej przestrzeni najlepiej sprawdzaj\u0105 si\u0119 proste pomys\u0142y.<\/p>\n<p>&nbsp;<\/p>\n<h3><strong>6. K\u0105cik biurowy w kolorach natury<\/strong><\/h3>\n<p>Aran\u017cacja utrzymana w ciep\u0142ych i stonowanych kolorach \u2013 szaro\u015bciach oraz ciep\u0142ym be\u017cu \u2013 idealnie wsp\u00f3\u0142graj\u0105ca z drewnianym wyposa\u017ceniem. Tak przytulna, \u017ce z przyjemno\u015bci\u0105 wraca si\u0119 do pracy. Takimi cechami wyr\u00f3\u017cnia si\u0119 k\u0105cik urz\u0105dzony w kolorach natury. Wszystkie dodatki dobierz tak, aby doskonale do siebie pasowa\u0142y. Bia\u0142a \u015bciana b\u0119dzie stanowi\u0107 doskona\u0142e t\u0142o dla mebli i dodatkowo rozja\u015bni i powi\u0119kszy optycznie Twoje home office.<\/p>\n<p>Przytulno\u015bci dodadz\u0105 r\u00f3wnie\u017c kobiece akcenty takie jak: mi\u0119kki dywan, \u015bwie\u017ce kwiaty w wazonie czy barwne poduszki. Wnosz\u0105 one do wn\u0119trza ciep\u0142o i domow\u0105 atmosfer\u0119. Biurko ustaw przy oknie, a je\u017celi nie zachwyca Ci\u0119 widok zza niego, na przeciwleg\u0142ej \u015bcianie mo\u017cesz po\u0142o\u017cy\u0107 fototapet\u0119 lub obraz z naturalnym widokiem lasu albo g\u00f3r.<\/p>\n<div style=\"display: flex; align-items: center; justify-content: center; text-align: center;\">\n<figure id=\"attachment_10116\" aria-describedby=\"caption-attachment-10116\" style=\"width: 800px\" class=\"wp-caption aligncenter\"><img decoding=\"async\" class=\"size-medium wp-image-10116 lazyload\" data-src=\"https:\/\/www.brw.pl\/blog\/wp-content\/uploads\/2016\/04\/Kolekcja-Gamla-800x505.png\" alt=\"toaletka gamla\" width=\"800\" height=\"505\" data-srcset=\"https:\/\/www.brw.pl\/blog\/wp-content\/uploads\/2016\/04\/Kolekcja-Gamla-800x505.png 800w, https:\/\/www.brw.pl\/blog\/wp-content\/uploads\/2016\/04\/Kolekcja-Gamla-768x485.png 768w, https:\/\/www.brw.pl\/blog\/wp-content\/uploads\/2016\/04\/Kolekcja-Gamla.png 858w\" data-sizes=\"(max-width: 800px) 100vw, 800px\" src=\"data:image\/svg+xml;base64,PHN2ZyB3aWR0aD0iMSIgaGVpZ2h0PSIxIiB4bWxucz0iaHR0cDovL3d3dy53My5vcmcvMjAwMC9zdmciPjwvc3ZnPg==\" style=\"--smush-placeholder-width: 800px; --smush-placeholder-aspect-ratio: 800\/505;\" \/><figcaption id=\"caption-attachment-10116\" class=\"wp-caption-text\"><a href=\"https:\/\/www.brw.pl\/toaletka-gamla,23941\" target=\"_blank\" rel=\"noopener noreferrer\">Toaletka Gamla<\/a><\/figcaption><\/figure>\n<\/div>\n<p>&nbsp;<\/p>\n<h3><strong>7. Kreatywny zak\u0105tek<\/strong><\/h3>\n<p>Ogromn\u0105 zalet\u0105 takiego miejsca jest fakt, \u017ce nie musi by\u0107 urz\u0105dzone w \u017cadnym konkretnym stylu. Zaaran\u017cuj je na sw\u00f3j niepowtarzalny spos\u00f3b! Mo\u017cesz \u0142\u0105czy\u0107 i miesza\u0107 ze sob\u0105 wszytki ulubione style. W ko\u0144cu ma by\u0107 kreatywnie.<\/p>\n<p>Zastan\u00f3w si\u0119 jednak, w jakim otoczeniu czujesz si\u0119 najlepiej. Pami\u0119taj r\u00f3wnie\u017c o odpowiednim o\u015bwietleniu i wygodnym fotelu. Wyposa\u017c swoje miejsce pracy w liczne szafki i szuflady, kt\u00f3re pozwol\u0105 Ci zachowa\u0107 porz\u0105dek i szybki dost\u0119p do niezb\u0119dnych akcesori\u00f3w.<\/p>\n<p>Wybrane przez Ciebie meble musz\u0105 by\u0107 praktyczne i pojemne. \u015awietnie w tej roli sprawdz\u0105 si\u0119 np. meble modu\u0142owe, kt\u00f3re wraz z potrzeb\u0105 b\u0119dziesz m\u00f3g\u0142 zmienia\u0107 i rozbudowywa\u0107. Zastan\u00f3w si\u0119 r\u00f3wnie\u017c, co najbardziej Ci\u0119 inspiruje, a nast\u0119pnie udekoruj sw\u00f3j zak\u0105tek, tak by zach\u0119ca\u0142 do dzia\u0142ania.<\/p>\n<div style=\"display: flex; align-items: center; justify-content: center; text-align: center;\">\n<figure id=\"attachment_16216\" aria-describedby=\"caption-attachment-16216\" style=\"width: 728px\" class=\"wp-caption aligncenter\"><img decoding=\"async\" class=\"wp-image-16216 size-full lazyload\" data-src=\"https:\/\/www.brw.pl\/blog\/wp-content\/uploads\/2021\/01\/biurko-lara.jpg\" alt=\"biurko lara\" width=\"728\" height=\"483\" src=\"data:image\/svg+xml;base64,PHN2ZyB3aWR0aD0iMSIgaGVpZ2h0PSIxIiB4bWxucz0iaHR0cDovL3d3dy53My5vcmcvMjAwMC9zdmciPjwvc3ZnPg==\" style=\"--smush-placeholder-width: 728px; --smush-placeholder-aspect-ratio: 728\/483;\" \/><figcaption id=\"caption-attachment-16216\" class=\"wp-caption-text\"><a href=\"https:\/\/www.brw.pl\/biurko-lara,35735\" target=\"_blank\" rel=\"noopener noreferrer\">Biurko Lara<\/a><\/figcaption><\/figure>\n<\/div>\n<p>&nbsp;<\/p>\n<h3><strong>8. Wytworna elegancja<\/strong><\/h3>\n<p>Eleganckie home office nie mo\u017ce oby\u0107 si\u0119 bez mi\u0119kkich tapicerowanych krzese\u0142 i foteli. Doskonale b\u0119dzie do nich pasowa\u0142o proste w formie biurko. Idealnie, je\u017celi w ca\u0142ej aran\u017cacji znajdziesz r\u00f3wnie\u017c miejsce na stylow\u0105 lamp\u0119 pod\u0142ogow\u0105 z kloszem z materia\u0142u oraz zdobion\u0105 lub drewnian\u0105 podstaw\u0105.<br \/>\n<!--\n\n\n<div style=\"display: flex; align-items: center; justify-content: center; text-align: center;\"><img decoding=\"async\" class=\"size-full wp-image-16225 aligncenter lazyload\" data-src=\"https:\/\/www.brw.pl\/blog\/wp-content\/uploads\/2021\/01\/black-2021.jpg\" alt=\"black\" width=\"800\" height=\"548\" data-srcset=\"https:\/\/www.brw.pl\/blog\/wp-content\/uploads\/2021\/01\/black-2021.jpg 800w, https:\/\/www.brw.pl\/blog\/wp-content\/uploads\/2021\/01\/black-2021-768x526.jpg 768w\" data-sizes=\"(max-width: 800px) 100vw, 800px\" src=\"data:image\/svg+xml;base64,PHN2ZyB3aWR0aD0iMSIgaGVpZ2h0PSIxIiB4bWxucz0iaHR0cDovL3d3dy53My5vcmcvMjAwMC9zdmciPjwvc3ZnPg==\" style=\"--smush-placeholder-width: 800px; --smush-placeholder-aspect-ratio: 800\/548;\" \/><\/div>\n\n\n--><br \/>\nAran\u017cuj\u0105c tak\u0105 przestrze\u0144, pami\u0119taj, aby kolory mebli i dodatk\u00f3w do siebie pasowa\u0142y \u2013 nie \u0142\u0105cz z\u0142otej lampy ze srebrnymi nogami biurka. A je\u017celi chcesz podkre\u015bli\u0107 detal b\u0142yszcz\u0105cych element\u00f3w, najlepiej wykorzystaj do tego matowe i stonowane t\u0142o np. rega\u0142\u00f3w i witryn na ksi\u0105\u017cki.<\/p>\n<p>Chcesz dowiedzie\u0107 si\u0119 wi\u0119cej o aran\u017cacji domowego biura? Kliknij w poni\u017cszy link:<br \/>\n<a href=\"https:\/\/www.brw.pl\/blog\/male-biuro-w-domu-duze-mozliwosci\/\" target=\"_blank\" rel=\"noopener noreferrer\">&#8222;Ma\u0142e biuro w domu &#8211; du\u017ce mo\u017cliwo\u015bci&#8221;<\/a><\/p>\n","protected":false},"excerpt":{"rendered":"<p>Kiedy\u015b praca z domu mog\u0142a wydawa\u0107 si\u0119 czym\u015b abstrakcyjnym. Od kilku miesi\u0119cy dla wielu z nas sta\u0142a si\u0119 jednak norm\u0105. Przygotowali\u015bmy dla Ciebie zestaw porad oraz kilka ciekawych inspiracji, jak urz\u0105dzi\u0107 k\u0105cik biurowy w domu. &nbsp; Nie ka\u017cdy mo\u017ce pozwoli\u0107 sobie na urz\u0105dzenie biura w oddzielnym pokoju. Cz\u0119sto k\u0105cik do pracy wydziela si\u0119 w pokoju [&hellip;]<\/p>\n","protected":false},"author":18,"featured_media":16210,"comment_status":"closed","ping_status":"open","sticky":false,"template":"","format":"standard","meta":{"footnotes":""},"categories":[30,572],"tags":[],"aioseo_notices":[],"_links":{"self":[{"href":"https:\/\/www.brw.pl\/blog\/wp-json\/wp\/v2\/posts\/16208"}],"collection":[{"href":"https:\/\/www.brw.pl\/blog\/wp-json\/wp\/v2\/posts"}],"about":[{"href":"https:\/\/www.brw.pl\/blog\/wp-json\/wp\/v2\/types\/post"}],"author":[{"embeddable":true,"href":"https:\/\/www.brw.pl\/blog\/wp-json\/wp\/v2\/users\/18"}],"replies":[{"embeddable":true,"href":"https:\/\/www.brw.pl\/blog\/wp-json\/wp\/v2\/comments?post=16208"}],"version-history":[{"count":15,"href":"https:\/\/www.brw.pl\/blog\/wp-json\/wp\/v2\/posts\/16208\/revisions"}],"predecessor-version":[{"id":37222,"href":"https:\/\/www.brw.pl\/blog\/wp-json\/wp\/v2\/posts\/16208\/revisions\/37222"}],"wp:featuredmedia":[{"embeddable":true,"href":"https:\/\/www.brw.pl\/blog\/wp-json\/wp\/v2\/media\/16210"}],"wp:attachment":[{"href":"https:\/\/www.brw.pl\/blog\/wp-json\/wp\/v2\/media?parent=16208"}],"wp:term":[{"taxonomy":"category","embeddable":true,"href":"https:\/\/www.brw.pl\/blog\/wp-json\/wp\/v2\/categories?post=16208"},{"taxonomy":"post_tag","embeddable":true,"href":"https:\/\/www.brw.pl\/blog\/wp-json\/wp\/v2\/tags?post=16208"}],"curies":[{"name":"wp","href":"https:\/\/api.w.org\/{rel}","templated":true}]}}