{"id":167,"date":"2015-09-02T11:57:17","date_gmt":"2015-09-02T09:57:17","guid":{"rendered":"http:\/\/www.mojaplanetadom.pl\/?p=167"},"modified":"2024-10-01T15:38:46","modified_gmt":"2024-10-01T13:38:46","slug":"30-mebli-i-dodatkow-ktorych-przydadza-sie-w-twoim-domu-jesienia","status":"publish","type":"post","link":"https:\/\/www.brw.pl\/blog\/30-mebli-i-dodatkow-ktorych-przydadza-sie-w-twoim-domu-jesienia\/","title":{"rendered":"30 mebli i dodatk\u00f3w w Twoim domu!"},"content":{"rendered":"<p style=\"text-align: justify;\"><strong>Dom to kr\u00f3lestwo, a ka\u017cde kr\u00f3lestwo potrzebuje rzeczy, bez kt\u00f3rych trudno funkcjonowa\u0107. Zadbaj o to, aby jesieni\u0105 nie zabrak\u0142o w nim akcesori\u00f3w, kt\u00f3re zapewni\u0105 Ci komfort i pozwol\u0105 na przechowywanie wielu niezb\u0119dnych o tej porze roku rzeczy.<\/strong><\/p>\n<p><!--more--><\/p>\n<p style=\"text-align: justify;\">Urz\u0105dzasz mieszkanie? A mo\u017ce planujesz metamorfoz\u0119 wn\u0119trz i chcesz ca\u0142kowicie odmieni\u0107 wygl\u0105d swojego domu?Oto lista 30 mebli i dodatk\u00f3w, kt\u00f3re pomog\u0105 Ci stworzy\u0107 wyj\u0105tkowe wn\u0119trze i zapewni\u0105 miejsce do przechowywania jesiennej garderoby.<\/p>\n<p style=\"text-align: justify;\"><strong>Przedpok\u00f3j<\/strong><\/p>\n<ol style=\"text-align: justify;\">\n<li>\n<h5><strong>Szafa<\/strong><\/h5>\n<\/li>\n<\/ol>\n<p style=\"text-align: justify;\">Dobrze, by zmie\u015bci\u0142a wszystkie okrycia wierzchnie domownik\u00f3w. Je\u017celi masz du\u017co miejsca do zagospodarowania, mo\u017cesz wybra\u0107 <a href=\"https:\/\/www.brw.pl\/meble\/zestawy-mebli\/zestawy-do-przedpokoju\/\" target=\"_blank\" rel=\"noopener noreferrer\">kolekcje mebli do przedpokoju<\/a> Black Red White, znajdziesz w nich szafy, szafki na buty, wieszaki i komody.<\/p>\n<ol start=\"2\">\n<li>\n<h5><strong>Szafka na buty<\/strong><\/h5>\n<\/li>\n<\/ol>\n<p>To praktyczny mebel do przedpokoju. Uchylny front szafki pozwala na wygodne u\u017cytkowanie ka\u017cdego dnia. Przechowasz w niej zar\u00f3wno kalosze, jak i doskona\u0142e na s\u0142oneczne dni baleriny.<\/p>\n<figure id=\"attachment_182\" aria-describedby=\"caption-attachment-182\" style=\"width: 653px\" class=\"wp-caption aligncenter\"><a href=\"https:\/\/www.brw.pl\/blog\/wp-content\/uploads\/2015\/09\/black-red-white-kolekcja-fini.jpg\"><img decoding=\"async\" class=\"size-medium wp-image-182 lazyload\" data-src=\"\/blog\/wp-content\/uploads\/2015\/09\/black-red-white-kolekcja-fini-653x435.jpg\" alt=\"Black Red White, kolekcja Fini\" width=\"653\" height=\"435\" data-srcset=\"https:\/\/www.brw.pl\/blog\/wp-content\/uploads\/2015\/09\/black-red-white-kolekcja-fini-653x435.jpg 653w, https:\/\/www.brw.pl\/blog\/wp-content\/uploads\/2015\/09\/black-red-white-kolekcja-fini-1024x683.jpg 1024w, https:\/\/www.brw.pl\/blog\/wp-content\/uploads\/2015\/09\/black-red-white-kolekcja-fini.jpg 1620w\" data-sizes=\"(max-width: 653px) 100vw, 653px\" src=\"data:image\/svg+xml;base64,PHN2ZyB3aWR0aD0iMSIgaGVpZ2h0PSIxIiB4bWxucz0iaHR0cDovL3d3dy53My5vcmcvMjAwMC9zdmciPjwvc3ZnPg==\" style=\"--smush-placeholder-width: 653px; --smush-placeholder-aspect-ratio: 653\/435;\" \/><\/a><figcaption id=\"caption-attachment-182\" class=\"wp-caption-text\">Black Red White, <a href=\"https:\/\/www.brw.pl\/kolekcja-fini,209\" target=\"_blank\" rel=\"noopener noreferrer\">kolekcja Fini<\/a><\/figcaption><\/figure>\n<ol start=\"3\">\n<li>\n<h5><strong>Dywanik<\/strong><\/h5>\n<\/li>\n<\/ol>\n<p style=\"text-align: justify;\">Dzi\u0119ki niemu ka\u017cdy, kto wejdzie do pomieszczenia, od razu poczuje si\u0119 jak w domu. <strong>W przedpokoju sprawdzi si\u0119 w\u0105ski dywan w ciemniejszych kolorach<\/strong>.<\/p>\n<ol style=\"text-align: justify;\" start=\"4\">\n<li>\n<h5><strong>Lustro<\/strong><\/h5>\n<\/li>\n<\/ol>\n<p style=\"text-align: justify;\">Pionowe lustro o d\u0142ugo\u015bci co najmniej 100 cm pozwoli ka\u017cdego dnia swobodnie przyszykowa\u0107 si\u0119 do pracy. Je\u015bli chcesz, aby by\u0142o tak\u017ce elementem dekoracyjnym przedpokoju, wybierzesz model w ozdobnej ramie.<\/p>\n<ol style=\"text-align: justify;\" start=\"5\">\n<li>\n<h5><strong>Akcesoria do przedpokoju<\/strong><\/h5>\n<\/li>\n<\/ol>\n<p style=\"text-align: justify;\">Do szafy w przedpokoju s\u0105 niezb\u0119dne wieszaki, pokrowce na odzie\u017c i pude\u0142ka.<\/p>\n<p style=\"text-align: justify;\"><strong>Pok\u00f3j dzienny<\/strong><\/p>\n<ol style=\"text-align: justify;\" start=\"6\">\n<li>\n<h5><strong>Kanapa<\/strong><\/h5>\n<\/li>\n<\/ol>\n<p style=\"text-align: justify;\">Sofa, wersalka czy naro\u017cnik? W zale\u017cno\u015bci od tego, czego oczekujesz, ka\u017cdy mebel b\u0119dzie spe\u0142nia\u0142 inne potrzeby. <a href=\"https:\/\/www.brw.pl\/katalog-produktow\/?a=5399,lexx\" target=\"_blank\" rel=\"noopener noreferrer\">Naro\u017cnik Lexx<\/a> sprawdzi si\u0119 w du\u017cych salonach, a nowoczesn\u0105 rozk\u0142adan\u0105 <strong>wersalk\u0119 Laredo<\/strong> lub <strong>sof\u0119 Manhatan Lux<\/strong> doceni\u0105 ci, kt\u00f3rzy cz\u0119sto przyjmuj\u0105 w swoim domu go\u015bci.<\/p>\n<ol start=\"7\">\n<li>\n<h5><strong>Koc i poduszki<\/strong><\/h5>\n<\/li>\n<\/ol>\n<p style=\"text-align: justify;\">Dekoracyjne poduszki w jednej chwili odmieni\u0105 ka\u017cd\u0105 kanap\u0119. Mi\u0119kki koc przyda si\u0119 podczas jesiennych wieczor\u00f3w oraz jako dekoracyjny element kanapy.<\/p>\n<ol style=\"text-align: justify;\" start=\"8\">\n<li>\n<h5><strong>Fotel<\/strong><\/h5>\n<\/li>\n<\/ol>\n<p style=\"text-align: justify;\">Nowoczesny, klasyczny, a mo\u017ce stylizowany na retro? Wybieraj\u0105c fotel, zwr\u00f3\u0107 uwag\u0119 nie tylko na to, czy jest wygodny, lecz tak\u017ce czy b\u0119dzie pasowa\u0142 do innych mebli w salonie. B\u0119dziesz w nim wygodnie odpoczywa\u0107 w d\u0142ugie, jesienne wieczory.<\/p>\n<figure id=\"attachment_184\" aria-describedby=\"caption-attachment-184\" style=\"width: 653px\" class=\"wp-caption aligncenter\"><a href=\"https:\/\/www.brw.pl\/blog\/wp-content\/uploads\/2015\/09\/black-red-whitr-kolekcja-raflo.jpg\"><img decoding=\"async\" class=\"size-medium wp-image-184 lazyload\" data-src=\"\/blog\/wp-content\/uploads\/2015\/09\/black-red-whitr-kolekcja-raflo-653x420.jpg\" alt=\"Black Red White, kolekcja Raflo\" width=\"653\" height=\"420\" data-srcset=\"https:\/\/www.brw.pl\/blog\/wp-content\/uploads\/2015\/09\/black-red-whitr-kolekcja-raflo-653x420.jpg 653w, https:\/\/www.brw.pl\/blog\/wp-content\/uploads\/2015\/09\/black-red-whitr-kolekcja-raflo-1024x659.jpg 1024w, https:\/\/www.brw.pl\/blog\/wp-content\/uploads\/2015\/09\/black-red-whitr-kolekcja-raflo.jpg 1679w\" data-sizes=\"(max-width: 653px) 100vw, 653px\" src=\"data:image\/svg+xml;base64,PHN2ZyB3aWR0aD0iMSIgaGVpZ2h0PSIxIiB4bWxucz0iaHR0cDovL3d3dy53My5vcmcvMjAwMC9zdmciPjwvc3ZnPg==\" style=\"--smush-placeholder-width: 653px; --smush-placeholder-aspect-ratio: 653\/420;\" \/><\/a><figcaption id=\"caption-attachment-184\" class=\"wp-caption-text\">Black Red White, <a href=\"https:\/\/www.brw.pl\/kolekcja-raflo,55\" target=\"_blank\" rel=\"noopener noreferrer\">kolekcja Raflo<\/a><\/figcaption><\/figure>\n<ol start=\"9\">\n<li>\n<h5><strong>Pufa<\/strong><\/h5>\n<\/li>\n<\/ol>\n<p style=\"text-align: justify;\">Wygodna nie tylko do siedzenia czy u\u0142o\u017cenia n\u00f3g. Mo\u017ce te\u017c pe\u0142ni\u0107 funkcj\u0119 stolika. A je\u015bli wybierzesz model z otwieranym pojemnikiem, schowasz w nim kilka domowych skarb\u00f3w.<\/p>\n<ol style=\"text-align: justify;\" start=\"10\">\n<li>\n<h5><strong>Szafka RTV<\/strong><\/h5>\n<\/li>\n<\/ol>\n<p style=\"text-align: justify;\">To rozwi\u0105zanie dla tych, kt\u00f3rzy nie chc\u0105 wiesza\u0107 telewizora na \u015bcianie. Szafka RTV s\u0142u\u017cy tak\u017ce jako miejsce do przechowywania domowych drobiazg\u00f3w. Umieszczony w tylnej \u015bcianie mebla niewielki otw\u00f3r na okablowanie pozwala unikn\u0105\u0107 problemu zapl\u0105tanych kabli.<\/p>\n<ol style=\"text-align: justify;\" start=\"11\">\n<li>\n<h5><strong>Witryna<\/strong><\/h5>\n<\/li>\n<\/ol>\n<p style=\"text-align: justify;\">To mebel, w kt\u00f3rym schowasz wiele drobiazg\u00f3w i wyeksponujesz dekoracje. Sprawdzi si\u0119 w salonie oraz jadalni.<\/p>\n<ol start=\"12\">\n<li>\n<h5><strong>Stolik<\/strong><\/h5>\n<\/li>\n<\/ol>\n<p style=\"text-align: justify;\">Ten do salonu jest ni\u017cszy ni\u017c kuchenny. Mo\u017cesz postawi\u0107 na nim ozdobn\u0105 pater\u0119, wazon lub fili\u017cank\u0119 kawy. Zobacz kolekcj\u0119 <a href=\"https:\/\/www.brw.pl\/meble\/stoly-i-krzesla\/lawy-i-stoliki\/\" target=\"_blank\" rel=\"noopener noreferrer\">stolik\u00f3w do salonu<\/a> firmy Black Red White.<\/p>\n<ol style=\"text-align: justify;\" start=\"13\">\n<li>\n<h5><strong>Zas\u0142ony i firany<\/strong><\/h5>\n<\/li>\n<\/ol>\n<p style=\"text-align: justify;\">To nieprawda, \u017ce wysz\u0142y z mody. S\u0105 eleganckie i dodaj\u0105 ciep\u0142a pokojowi dziennemu, a poza tym zapewniaj\u0105 intymno\u015b\u0107 i chroni\u0105 przed \u015bwiat\u0142em.<\/p>\n<ol style=\"text-align: justify;\" start=\"14\">\n<li>\n<h5><strong>Dywan<\/strong><\/h5>\n<\/li>\n<\/ol>\n<p style=\"text-align: justify;\">Wprowadzi do wn\u0119trza przytulny klimat. Mo\u017ce by\u0107 jednokolorowy, we wzory, w\u0142ochaty typu \u201eshaggy\u201d lub p\u0142aski.<\/p>\n<ol start=\"15\">\n<li>\n<h5 style=\"text-align: justify;\"><strong>Akcesoria do salonu<\/strong><\/h5>\n<\/li>\n<\/ol>\n<p>Wazon na \u015bwie\u017ce kwiaty, dekoracyjne patery, ramki ze zdj\u0119ciami, szklane \u015bwieczniki \u2013 to wszystko pozwoli Ci stworzy\u0107 wn\u0119trze z charakterem.<\/p>\n<p><strong>Kuchnia<\/strong><\/p>\n<ol start=\"16\">\n<li>\n<h5><strong>Meble do kuchni<\/strong><\/h5>\n<\/li>\n<\/ol>\n<p style=\"text-align: justify;\">Mo\u017cesz skorzysta\u0107 z gotowej propozycji mebli kuchennych lub zdecydowa\u0107 si\u0119 na kuchnie na wymiar. Dzi\u0119ki <strong>kreatorowi kuchni online Black Red White<\/strong> samodzielnie zaprojektujesz swoj\u0105 wymarzon\u0105 kuchni\u0119 z wykorzystaniem serii mebli Family Line.<\/p>\n<ol style=\"text-align: justify;\" start=\"17\">\n<li>\n<h5><strong>St\u00f3\u0142 i krzes\u0142a<\/strong><\/h5>\n<\/li>\n<\/ol>\n<p style=\"text-align: justify;\">S\u0105 najwa\u017cniejsze, bo przy nich zbiera si\u0119 ca\u0142a rodzina i siada do wsp\u00f3lnych posi\u0142k\u00f3w. W kuchni najlepiej sprawdzi si\u0119 st\u00f3\u0142 kwadratowy lub prostok\u0105tny. Do wybranego modelu \u0142atwo dobierzesz pasuj\u0105ce krzes\u0142a.<\/p>\n<figure id=\"attachment_121\" aria-describedby=\"caption-attachment-121\" style=\"width: 653px\" class=\"wp-caption aligncenter\"><a href=\"https:\/\/www.brw.pl\/blog\/wp-content\/uploads\/2015\/09\/black-red-white-kolekcja-junona-line.jpg\"><img decoding=\"async\" class=\"size-medium wp-image-121 lazyload\" data-src=\"\/blog\/wp-content\/uploads\/2015\/09\/black-red-white-kolekcja-junona-line-653x431.jpg\" alt=\"Black Red White, kolekcja Junona Line\" width=\"653\" height=\"431\" data-srcset=\"https:\/\/www.brw.pl\/blog\/wp-content\/uploads\/2015\/09\/black-red-white-kolekcja-junona-line-653x431.jpg 653w, https:\/\/www.brw.pl\/blog\/wp-content\/uploads\/2015\/09\/black-red-white-kolekcja-junona-line-1024x675.jpg 1024w, https:\/\/www.brw.pl\/blog\/wp-content\/uploads\/2015\/09\/black-red-white-kolekcja-junona-line.jpg 1638w\" data-sizes=\"(max-width: 653px) 100vw, 653px\" src=\"data:image\/svg+xml;base64,PHN2ZyB3aWR0aD0iMSIgaGVpZ2h0PSIxIiB4bWxucz0iaHR0cDovL3d3dy53My5vcmcvMjAwMC9zdmciPjwvc3ZnPg==\" style=\"--smush-placeholder-width: 653px; --smush-placeholder-aspect-ratio: 653\/431;\" \/><\/a><figcaption id=\"caption-attachment-121\" class=\"wp-caption-text\">Black Red White, <a href=\"https:\/\/www.brw.pl\/kolekcja-junona-line,384\" target=\"_blank\" rel=\"noopener noreferrer\">kolekcja Junona Line<\/a><\/figcaption><\/figure>\n<ol start=\"18\">\n<li>\n<h5><strong>Akcesoria kuchenne<\/strong><\/h5>\n<\/li>\n<\/ol>\n<p style=\"text-align: justify;\">To nie tylko garnki, wk\u0142ady do szuflad czy pojemniki na przyprawy. To r\u00f3wnie\u017c dodatki, kt\u00f3re pozwalaj\u0105 stworzy\u0107 ciep\u0142\u0105 i rodzinn\u0105 atmosfer\u0119. Dlatego nie zapomnij o obrusie, eleganckiej zastawie sto\u0142owej na wyj\u0105tkowe okazje czy pokrowcach na krzes\u0142a.<\/p>\n<p style=\"text-align: justify;\"><strong>Sypialnia<\/strong><\/p>\n<ol style=\"text-align: justify;\" start=\"19\">\n<li>\n<h5><strong>\u0141\u00f3\u017cko<\/strong><\/h5>\n<\/li>\n<\/ol>\n<p style=\"text-align: justify;\">Odpowiednie \u0142\u00f3\u017cko gwarantuje dobry sen. W zale\u017cno\u015bci od tego, czy lubisz klasyk\u0119 czy nowoczesno\u015b\u0107, mo\u017cesz wybra\u0107 model dok\u0142adnie w takim stylu, jaki lubisz. Nasze \u0142\u00f3\u017cka daj\u0105 mo\u017cliwo\u015b\u0107 aran\u017cacji w r\u00f3\u017cnych kolorach. Wygodnym rozwi\u0105zaniem, kt\u00f3re pozwala oszcz\u0119dzi\u0107 miejsce, s\u0105 <strong>modele z szufladami takie<\/strong> jak <a href=\"https:\/\/www.brw.pl\/lozko-160-porto,10158\" target=\"_blank\" rel=\"noopener noreferrer\"><strong>\u0142\u00f3\u017cko Porto<\/strong><\/a>.<\/p>\n<figure id=\"attachment_185\" aria-describedby=\"caption-attachment-185\" style=\"width: 653px\" class=\"wp-caption aligncenter\"><a href=\"https:\/\/www.brw.pl\/blog\/wp-content\/uploads\/2015\/09\/black-red-white-kolekcja-domenica.jpg\"><img decoding=\"async\" class=\"size-medium wp-image-185 lazyload\" data-src=\"\/blog\/wp-content\/uploads\/2015\/09\/black-red-white-kolekcja-domenica-653x387.jpg\" alt=\"Black Red White, kolekcja Domenica\" width=\"653\" height=\"387\" data-srcset=\"https:\/\/www.brw.pl\/blog\/wp-content\/uploads\/2015\/09\/black-red-white-kolekcja-domenica-653x387.jpg 653w, https:\/\/www.brw.pl\/blog\/wp-content\/uploads\/2015\/09\/black-red-white-kolekcja-domenica-1024x607.jpg 1024w, https:\/\/www.brw.pl\/blog\/wp-content\/uploads\/2015\/09\/black-red-white-kolekcja-domenica.jpg 1821w\" data-sizes=\"(max-width: 653px) 100vw, 653px\" src=\"data:image\/svg+xml;base64,PHN2ZyB3aWR0aD0iMSIgaGVpZ2h0PSIxIiB4bWxucz0iaHR0cDovL3d3dy53My5vcmcvMjAwMC9zdmciPjwvc3ZnPg==\" style=\"--smush-placeholder-width: 653px; --smush-placeholder-aspect-ratio: 653\/387;\" \/><\/a><figcaption id=\"caption-attachment-185\" class=\"wp-caption-text\">Black Red White, <a href=\"https:\/\/www.brw.pl\/kolekcja-domenica,90\" target=\"_blank\" rel=\"noopener noreferrer\">kolekcja Domenica<\/a><\/figcaption><\/figure>\n<ol start=\"20\">\n<li>\n<h5><strong>Materac<\/strong><\/h5>\n<\/li>\n<\/ol>\n<p>To kropka nad i dla ka\u017cdego \u0142\u00f3\u017cka. Powinien by\u0107 wygodny i trwa\u0142y. Oto, <a href=\"https:\/\/www.brw.pl\/blog\/na-co-zwrocic-uwage-wybierajac-materac\/\">na co jeszcze zwr\u00f3ci\u0107 uwag\u0119, wybieraj\u0105c materac<\/a>.<\/p>\n<ol start=\"21\">\n<li>\n<h5><strong>Narzuta<\/strong><\/h5>\n<\/li>\n<\/ol>\n<p>Doda elegancji ka\u017cdemu \u0142\u00f3\u017cku i przy okazji pozwoli d\u0142u\u017cej cieszy\u0107 si\u0119 \u015bwie\u017co\u015bci\u0105 po\u015bcieli.<\/p>\n<ol start=\"22\">\n<li>\n<h5><strong>Szafa<\/strong><\/h5>\n<\/li>\n<\/ol>\n<p>Du\u017ca szafa pomie\u015bci nie tylko ubrania, lecz tak\u017ce dodatki, a dzi\u0119ki p\u00f3\u0142kom i szufladom b\u0119dzie funkcjonalna.<\/p>\n<ol start=\"23\">\n<li>\n<h5><strong>Szafka nocna<\/strong><\/h5>\n<\/li>\n<\/ol>\n<p>Przyda si\u0119 na drobiazgi takie jak okulary do czytania, ulubiona ksi\u0105\u017cka czy chusteczki.<\/p>\n<ol start=\"24\">\n<li>\n<h5><strong>Dodatki do sypialni<\/strong><\/h5>\n<\/li>\n<\/ol>\n<p>To one tworz\u0105 przytuln\u0105 atmosfer\u0119. Dlatego nie zapomnij o odpowiednim o\u015bwietleniu, kilku bibelotach i aromatycznych \u015bwiecach.<\/p>\n<figure id=\"attachment_574\" aria-describedby=\"caption-attachment-574\" style=\"width: 653px\" class=\"wp-caption aligncenter\"><a href=\"https:\/\/www.brw.pl\/blog\/wp-content\/uploads\/2015\/09\/1.png\"><img decoding=\"async\" class=\"wp-image-574 size-medium lazyload\" data-src=\"\/blog\/wp-content\/uploads\/2015\/09\/1-653x490.png\" alt=\"Black Red White, kolekcja dodatk\u00f3w Metropolitan\" width=\"653\" height=\"490\" data-srcset=\"https:\/\/www.brw.pl\/blog\/wp-content\/uploads\/2015\/09\/1-653x490.png 653w, https:\/\/www.brw.pl\/blog\/wp-content\/uploads\/2015\/09\/1-1024x768.png 1024w, https:\/\/www.brw.pl\/blog\/wp-content\/uploads\/2015\/09\/1.png 1200w\" data-sizes=\"(max-width: 653px) 100vw, 653px\" src=\"data:image\/svg+xml;base64,PHN2ZyB3aWR0aD0iMSIgaGVpZ2h0PSIxIiB4bWxucz0iaHR0cDovL3d3dy53My5vcmcvMjAwMC9zdmciPjwvc3ZnPg==\" style=\"--smush-placeholder-width: 653px; --smush-placeholder-aspect-ratio: 653\/490;\" \/><\/a><figcaption id=\"caption-attachment-574\" class=\"wp-caption-text\">Black Red White, kolekcja dodatk\u00f3w Metropolitan<\/figcaption><\/figure>\n<p><strong>\u0141azienka<\/strong><\/p>\n<ol start=\"25\">\n<li>\n<h5><strong>Akcesoria do \u0142azienki<\/strong><\/h5>\n<\/li>\n<\/ol>\n<p style=\"text-align: justify;\">R\u0119czniki, dozownik na myd\u0142o, koszyczki na \u0142azienkowe drobiazgi oraz dywanik \u2013 tych rzeczy nie mo\u017ce zabrakn\u0105\u0107 w \u0142azience. Je\u017celi zale\u017cy Ci na tym, aby dodatki tworzy\u0142y sp\u00f3jn\u0105 ca\u0142o\u015b\u0107, warto przyjrze\u0107 si\u0119 akcesoriom z jednej serii \u0142azienkowej np. <strong>Elegance, Pollux <\/strong>czy <strong>Kristall<\/strong>.<\/p>\n<figure id=\"attachment_187\" aria-describedby=\"caption-attachment-187\" style=\"width: 653px\" class=\"wp-caption aligncenter\"><a href=\"https:\/\/www.brw.pl\/blog\/wp-content\/uploads\/2015\/09\/black-red-white-akcesoria-lazienkowe.jpg\"><img decoding=\"async\" class=\"size-medium wp-image-187 lazyload\" data-src=\"\/blog\/wp-content\/uploads\/2015\/09\/black-red-white-akcesoria-lazienkowe-653x488.jpg\" alt=\"Black Red White, akcesoria \u0142azienkowe\" width=\"653\" height=\"488\" data-srcset=\"https:\/\/www.brw.pl\/blog\/wp-content\/uploads\/2015\/09\/black-red-white-akcesoria-lazienkowe-653x488.jpg 653w, https:\/\/www.brw.pl\/blog\/wp-content\/uploads\/2015\/09\/black-red-white-akcesoria-lazienkowe-1024x765.jpg 1024w, https:\/\/www.brw.pl\/blog\/wp-content\/uploads\/2015\/09\/black-red-white-akcesoria-lazienkowe.jpg 1445w\" data-sizes=\"(max-width: 653px) 100vw, 653px\" src=\"data:image\/svg+xml;base64,PHN2ZyB3aWR0aD0iMSIgaGVpZ2h0PSIxIiB4bWxucz0iaHR0cDovL3d3dy53My5vcmcvMjAwMC9zdmciPjwvc3ZnPg==\" style=\"--smush-placeholder-width: 653px; --smush-placeholder-aspect-ratio: 653\/488;\" \/><\/a><figcaption id=\"caption-attachment-187\" class=\"wp-caption-text\">Black Red White, akcesoria \u0142azienkowe<\/figcaption><\/figure>\n<ol start=\"26\">\n<li>\n<h5><strong>Lustro<\/strong><\/h5>\n<\/li>\n<\/ol>\n<p style=\"text-align: justify;\">Optycznie powi\u0119ksza \u0142azienk\u0119 i jest obowi\u0105zkowym elementem wyposa\u017cenia.<\/p>\n<p style=\"text-align: justify;\"><strong>Pok\u00f3j do pracy\/nauki<\/strong><\/p>\n<ol style=\"text-align: justify;\" start=\"27\">\n<li>\n<h5><strong>Biurko<\/strong><\/h5>\n<\/li>\n<\/ol>\n<p style=\"text-align: justify;\">Innego b\u0119dzie potrzebowa\u0107 dziecko i doros\u0142y.\u00a0Podpowiadamy, <a href=\"https:\/\/www.brw.pl\/blog\/jak-wybrac-odpowiednie-biurko-dla-nastolatka-praktyczne-porady\/\" target=\"_blank\" rel=\"noopener noreferrer\">jak wybra\u0107 biurko dla nastolatka<\/a>.<\/p>\n<ol style=\"text-align: justify;\" start=\"28\">\n<li>\n<h5><strong>Krzes\u0142o obrotowe<\/strong><\/h5>\n<\/li>\n<\/ol>\n<p style=\"text-align: justify;\">To wygodne i praktyczne rozwi\u0105zanie. Istotne, by mia\u0142o mo\u017cliwo\u015b\u0107 regulacji wysoko\u015bci i g\u0142\u0119boko\u015bci siedziska oraz stopnia nachylenia oparcia.<\/p>\n<ol start=\"29\">\n<li>\n<h5 style=\"text-align: justify;\"><strong>Rega\u0142<\/strong><\/h5>\n<\/li>\n<\/ol>\n<p style=\"text-align: justify;\">Na p\u00f3\u0142kach mo\u017cesz pouk\u0142ada\u0107 ulubione ksi\u0105\u017cki i stworzy\u0107 domow\u0105 biblioteczk\u0119. Na regale znajdzie si\u0119 tak\u017ce miejsce na rzeczy, kt\u00f3re chcesz mie\u0107 pod r\u0119k\u0105. Wygodnym rozwi\u0105zaniem b\u0119dzie model z otwartymi i zamkni\u0119tymi p\u00f3\u0142kami, jak np. ten z <strong>kolekcji Possi.<\/strong><\/p>\n<ol style=\"text-align: justify;\" start=\"30\">\n<li>\n<h5><strong>Lampka<\/strong><\/h5>\n<\/li>\n<\/ol>\n<p style=\"text-align: justify;\">Opr\u00f3cz g\u0142\u00f3wnego o\u015bwietlenia warto pami\u0119ta\u0107 o lampce na biurko. Je\u017celi jeste\u015b prawor\u0119czny, lampka przyda si\u0119 z lewej strony. I na odwr\u00f3t \u2013 je\u015bli piszesz lew\u0105 r\u0119k\u0105, dobrze umie\u015bci\u0107 j\u0105 z prawej strony.<\/p>\n","protected":false},"excerpt":{"rendered":"<p>Dom to kr\u00f3lestwo, a ka\u017cde kr\u00f3lestwo potrzebuje rzeczy, bez kt\u00f3rych trudno funkcjonowa\u0107. Zadbaj o to, aby jesieni\u0105 nie zabrak\u0142o w nim akcesori\u00f3w, kt\u00f3re zapewni\u0105 Ci komfort i pozwol\u0105 na przechowywanie wielu niezb\u0119dnych o tej porze roku rzeczy.<\/p>\n","protected":false},"author":5,"featured_media":179,"comment_status":"open","ping_status":"open","sticky":false,"template":"","format":"standard","meta":{"footnotes":""},"categories":[39,572],"tags":[72,101,40,97,61,55,98],"aioseo_notices":[],"_links":{"self":[{"href":"https:\/\/www.brw.pl\/blog\/wp-json\/wp\/v2\/posts\/167"}],"collection":[{"href":"https:\/\/www.brw.pl\/blog\/wp-json\/wp\/v2\/posts"}],"about":[{"href":"https:\/\/www.brw.pl\/blog\/wp-json\/wp\/v2\/types\/post"}],"author":[{"embeddable":true,"href":"https:\/\/www.brw.pl\/blog\/wp-json\/wp\/v2\/users\/5"}],"replies":[{"embeddable":true,"href":"https:\/\/www.brw.pl\/blog\/wp-json\/wp\/v2\/comments?post=167"}],"version-history":[{"count":35,"href":"https:\/\/www.brw.pl\/blog\/wp-json\/wp\/v2\/posts\/167\/revisions"}],"predecessor-version":[{"id":37397,"href":"https:\/\/www.brw.pl\/blog\/wp-json\/wp\/v2\/posts\/167\/revisions\/37397"}],"wp:featuredmedia":[{"embeddable":true,"href":"https:\/\/www.brw.pl\/blog\/wp-json\/wp\/v2\/media\/179"}],"wp:attachment":[{"href":"https:\/\/www.brw.pl\/blog\/wp-json\/wp\/v2\/media?parent=167"}],"wp:term":[{"taxonomy":"category","embeddable":true,"href":"https:\/\/www.brw.pl\/blog\/wp-json\/wp\/v2\/categories?post=167"},{"taxonomy":"post_tag","embeddable":true,"href":"https:\/\/www.brw.pl\/blog\/wp-json\/wp\/v2\/tags?post=167"}],"curies":[{"name":"wp","href":"https:\/\/api.w.org\/{rel}","templated":true}]}}