{"id":17842,"date":"2021-05-12T15:19:18","date_gmt":"2021-05-12T13:19:18","guid":{"rendered":"https:\/\/www.brw.pl\/blog\/?p=17842"},"modified":"2024-09-12T07:30:15","modified_gmt":"2024-09-12T05:30:15","slug":"5-niezbednych-akcesoriow-na-udane-przyjecie-w-ogrodzie","status":"publish","type":"post","link":"https:\/\/www.brw.pl\/blog\/5-niezbednych-akcesoriow-na-udane-przyjecie-w-ogrodzie\/","title":{"rendered":"5 niezb\u0119dnych akcesori\u00f3w na udane przyj\u0119cie w ogrodzie"},"content":{"rendered":"<p><strong>Ciep\u0142e dni i wieczory sprzyjaj\u0105 organizowaniu imprez na \u015bwie\u017cym powietrzu. I nie ma w tym nic dziwnego &#8211; przyj\u0119cia w ogrodzie to spos\u00f3b na mi\u0142e sp\u0119dzanie czasu w gronie najbli\u017cszych przy jednoczesnym korzystaniu z urok\u00f3w s\u0142onecznej pogody. Jakie akcesoria u\u015bwietni\u0105 ka\u017cde garden party? Zobacz, jak przygotowa\u0107 udan\u0105 imprez\u0119!<\/strong><\/p>\n<p><img decoding=\"async\" class=\"aligncenter size-medium wp-image-17851 lazyload\" data-src=\"https:\/\/www.brw.pl\/blog\/wp-content\/uploads\/2021\/05\/nakrycie-sto\u0142u-na-przyj\u0119cie-w-ogrodzie-800x533.png\" alt=\"Przyj\u0119cie w ogrodzie - jakie akcesoria wybra\u0107?\" width=\"800\" height=\"533\" data-srcset=\"https:\/\/www.brw.pl\/blog\/wp-content\/uploads\/2021\/05\/nakrycie-sto\u0142u-na-przyj\u0119cie-w-ogrodzie-800x533.png 800w, https:\/\/www.brw.pl\/blog\/wp-content\/uploads\/2021\/05\/nakrycie-sto\u0142u-na-przyj\u0119cie-w-ogrodzie-768x512.png 768w, https:\/\/www.brw.pl\/blog\/wp-content\/uploads\/2021\/05\/nakrycie-sto\u0142u-na-przyj\u0119cie-w-ogrodzie.png 900w\" data-sizes=\"(max-width: 800px) 100vw, 800px\" src=\"data:image\/svg+xml;base64,PHN2ZyB3aWR0aD0iMSIgaGVpZ2h0PSIxIiB4bWxucz0iaHR0cDovL3d3dy53My5vcmcvMjAwMC9zdmciPjwvc3ZnPg==\" style=\"--smush-placeholder-width: 800px; --smush-placeholder-aspect-ratio: 800\/533;\" \/><\/p>\n<p>Planujesz swoje pierwsze przyj\u0119cie w ogrodzie, ale nie masz poj\u0119cia od czego zacz\u0105\u0107? A mo\u017ce szukasz inspiracji, dzi\u0119ki kt\u00f3rej przy najbli\u017cszej okazji zaskoczysz swoich go\u015bci wyj\u0105tkow\u0105 aran\u017cacj\u0105 i pysznym pocz\u0119stunkiem? Niezale\u017cnie od tego, czy w formie garden party organizujesz urodziny, letniego grilla czy rodzinne spotkanie, musisz zadba\u0107 o dopi\u0119cie wszystkiego na ostatni guzik. Z dobrym planem mo\u017cesz mie\u0107 pewno\u015b\u0107, \u017ce podczas imprezy nic Ci\u0119 nie zaskoczy!<\/p>\n<p>Z tego artyku\u0142u dowiesz si\u0119:<\/p>\n<ul>\n<li>czym musisz pami\u0119ta\u0107, przygotowuj\u0105c miejsca dla go\u015bci,<\/li>\n<li>jak mo\u017cesz stworzy\u0107 modne i estetyczne nakrycie sto\u0142u w ogrodzie,<\/li>\n<li>za pomoc\u0105 jakiego o\u015bwietlenia i dekoracji zadbasz o nastrojow\u0105 atmosfer\u0119 podczas przyj\u0119cia,<\/li>\n<li>jakie dodatki przydadz\u0105 si\u0119 na wieczornej imprezie w ogrodzie.<\/li>\n<\/ul>\n<h2>Garden party a miejsca dla go\u015bci<\/h2>\n<p>Szykuj\u0105c przyj\u0119cie w ogrodzie na du\u017c\u0105 liczb\u0119 os\u00f3b, musisz pami\u0119ta\u0107 o tym, by zapewni\u0107 ka\u017cdemu <strong>wygodne miejsce do siedzenia<\/strong>. <strong>St\u00f3\u0142 o odpowiednich wymiarach<\/strong> a tak\u017ce fotele lub <strong>krzes\u0142a<\/strong> b\u0119d\u0105 wi\u0119c podstawowymi elementami wyposa\u017cenia. Opr\u00f3cz tradycyjnych miejsc siedz\u0105cych przy stole warto zaproponowa\u0107 go\u015bciom odpoczynek na \u0142awce, mi\u0119kkich pufach lub oryginalnych siedziskach wykonanych np. z palet. W ten spos\u00f3b mo\u017cesz zaaran\u017cowa\u0107 k\u0105cik kawowy z niewielk\u0105 \u0142aw\u0105 czy stolikiem lub stref\u0119 poobiedniego relaksu, w kt\u00f3rej go\u015bcie b\u0119d\u0105 mogli odpocz\u0105\u0107 i swobodnie porozmawia\u0107.<\/p>\n<div style=\"display: flex; align-items: center; justify-content: center; text-align: center;\">\n<figure id=\"attachment_17853\" aria-describedby=\"caption-attachment-17853\" style=\"width: 285px\" class=\"wp-caption aligncenter\"><img decoding=\"async\" class=\"wp-image-17853 lazyload\" data-src=\"https:\/\/www.brw.pl\/blog\/wp-content\/uploads\/2021\/05\/\u0141awka-oogrodowa-br\u0105zowa.jpg\" alt=\"Meble ogrodowe\" width=\"285\" height=\"214\" src=\"data:image\/svg+xml;base64,PHN2ZyB3aWR0aD0iMSIgaGVpZ2h0PSIxIiB4bWxucz0iaHR0cDovL3d3dy53My5vcmcvMjAwMC9zdmciPjwvc3ZnPg==\" style=\"--smush-placeholder-width: 285px; --smush-placeholder-aspect-ratio: 285\/214;\" \/><figcaption id=\"caption-attachment-17853\" class=\"wp-caption-text\"><a href=\"https:\/\/www.brw.pl\/lawka-ogrodowa-4013-brazowa,31816\" target=\"_blank\" rel=\"noopener noreferrer\"><span style=\"font-weight: 400;\">\u0141awka ogrodowa<\/span><\/a><\/figcaption><\/figure>\n<figure id=\"attachment_17819\" aria-describedby=\"caption-attachment-17819\" style=\"width: 285px\" class=\"wp-caption aligncenter\"><img decoding=\"async\" class=\"wp-image-17819 lazyload\" data-src=\"https:\/\/www.brw.pl\/blog\/wp-content\/uploads\/2021\/05\/zestaw-mebli-ogrodowych-Ella.jpg\" alt=\"zestaw mebli ogrodowych Ella\" width=\"285\" height=\"214\" src=\"data:image\/svg+xml;base64,PHN2ZyB3aWR0aD0iMSIgaGVpZ2h0PSIxIiB4bWxucz0iaHR0cDovL3d3dy53My5vcmcvMjAwMC9zdmciPjwvc3ZnPg==\" style=\"--smush-placeholder-width: 285px; --smush-placeholder-aspect-ratio: 285\/214;\" \/><figcaption id=\"caption-attachment-17819\" class=\"wp-caption-text\"><a href=\"https:\/\/www.brw.pl\/zestaw-mebli-ogrodowych-ella,31766\" target=\"_blank\" rel=\"noopener noreferrer\"><span style=\"font-weight: 400;\">Zestaw mebli ogrodowych Ella<\/span><\/a><\/figcaption><\/figure>\n<\/div>\n<p>Pami\u0119taj, \u017ce wiosenno-letnia pora to czas, kiedy pogoda bywa zmienna i kapry\u015bna. <strong>Je\u015bli nie chcesz, aby przelotny deszcz udaremni\u0142 poczynione przez Ciebie wysi\u0142ki<\/strong>, <strong>postaraj si\u0119 zorganizowa\u0107 zawczasu zadaszenie, kt\u00f3re uchroni przed zmoczeniem nie tylko uczestnik\u00f3w przyj\u0119cia, ale te\u017c dekoracje i przek\u0105ski<\/strong>. Idealne miejsce na przeniesienie imprezy to oczywi\u015bcie zadaszony taras, ale dobrym rozwi\u0105zaniem mo\u017ce okaza\u0107 si\u0119 r\u00f3wnie\u017c ogrodowy pawilon lub namiot. W bezchmurne i upalne dni niezb\u0119dny mo\u017ce okaza\u0107 si\u0119 parasol ogrodowy zapewniaj\u0105cy ochron\u0119 przed promieniami s\u0142o\u0144ca.<\/p>\n<h2>Nakrycie sto\u0142u, czyli must have na przyj\u0119cie w ogrodzie<\/h2>\n<p>Przyj\u0119cie w ogrodzie nie mo\u017ce odby\u0107 si\u0119 bez zapasu przek\u0105sek, syc\u0105cych potraw oraz napoj\u00f3w &#8211; zar\u00f3wno zimnych, jak i ciep\u0142ych. Aby jedzenie prezentowa\u0142o si\u0119 smakowicie, st\u00f3\u0142 musi by\u0107 estetycznie zastawiony i odpowiednio udekorowany. Postaraj si\u0119, aby znalaz\u0142a si\u0119 na nim przestrze\u0144 na owoce, \u015bwie\u017ce pieczywo, s\u0142odkie ciasta czy wytrawne zak\u0105ski. Opr\u00f3cz tego na blacie musisz zmie\u015bci\u0107 <a href=\"https:\/\/www.brw.pl\/talerze-i-zestawy-obiadowe\/\" target=\"_blank\" rel=\"noopener noreferrer\">komplety obiadowe i talerzyki<\/a>, na kt\u00f3rych zaserwujesz g\u0142\u00f3wne dania oraz deser.<\/p>\n<p><!-- <img decoding=\"async\" class=\"aligncenter size-medium wp-image-17973 lazyload\" data-src=\"https:\/\/www.brw.pl\/blog\/wp-content\/uploads\/2021\/05\/Black-THK3-800x482.png\" alt=\"Komplety talerzy Mistrz Black\" width=\"800\" height=\"482\" data-srcset=\"https:\/\/www.brw.pl\/blog\/wp-content\/uploads\/2021\/05\/Black-THK3-800x482.png 800w, https:\/\/www.brw.pl\/blog\/wp-content\/uploads\/2021\/05\/Black-THK3-768x463.png 768w, https:\/\/www.brw.pl\/blog\/wp-content\/uploads\/2021\/05\/Black-THK3.png 900w\" data-sizes=\"(max-width: 800px) 100vw, 800px\" src=\"data:image\/svg+xml;base64,PHN2ZyB3aWR0aD0iMSIgaGVpZ2h0PSIxIiB4bWxucz0iaHR0cDovL3d3dy53My5vcmcvMjAwMC9zdmciPjwvc3ZnPg==\" style=\"--smush-placeholder-width: 800px; --smush-placeholder-aspect-ratio: 800\/482;\" \/> --><\/p>\n<h3>Talerze i komplety obiadowe<\/h3>\n<p>Wyb\u00f3r talerzy, kt\u00f3re pojawi\u0105 si\u0119 na stole, zale\u017cy w du\u017cej mierze od charakteru i motywu przewodniego przyj\u0119cia. <strong>Garden party to znakomity pretekst do przemycenia w zastawie element\u00f3w boho, vintage lub rustykalnych<\/strong>. W otoczeniu kwiat\u00f3w i ogrodowej zieleni pi\u0119knie zaprezentuj\u0105 si\u0119 te\u017c kolorowe zestawy, kt\u00f3re podkre\u015bl\u0105 wiosenny klimat imprezy.<\/p>\n<div style=\"display: flex; align-items: center; justify-content: center; text-align: center;\">\n<figure id=\"attachment_17859\" aria-describedby=\"caption-attachment-17859\" style=\"width: 600px\" class=\"wp-caption aligncenter\"><img decoding=\"async\" class=\"wp-image-17859 size-full lazyload\" data-src=\"https:\/\/www.brw.pl\/blog\/wp-content\/uploads\/2021\/05\/Astrid-Blue.png\" alt=\"Komplet obiadowy Astrid Blue\" width=\"600\" height=\"783\" src=\"data:image\/svg+xml;base64,PHN2ZyB3aWR0aD0iMSIgaGVpZ2h0PSIxIiB4bWxucz0iaHR0cDovL3d3dy53My5vcmcvMjAwMC9zdmciPjwvc3ZnPg==\" style=\"--smush-placeholder-width: 600px; --smush-placeholder-aspect-ratio: 600\/783;\" \/><figcaption id=\"caption-attachment-17859\" class=\"wp-caption-text\"><a href=\"https:\/\/www.brw.pl\/komplet-obiadowy-18el-astrid-blue,38546\" target=\"_blank\" rel=\"noopener noreferrer\"><span style=\"font-weight: 400;\">Komplet obiadowy Astrid Blue<\/span><\/a><span style=\"font-weight: 400;\"> sprawdzi si\u0119 podczas letnich przyj\u0119\u0107 w ogrodzie<\/span><\/figcaption><\/figure>\n<\/div>\n<p>Je\u015bli przyj\u0119cie w ogrodzie ma bardziej eleganck\u0105 form\u0119 i zale\u017cy Ci na stworzeniu uroczystej atmosfery, postaw na klasyk\u0119 gatunku. <strong>Bia\u0142a zastawa<\/strong> <strong>b\u0119dzie wygl\u0105da\u0107 pi\u0119knie w pe\u0142nym s\u0142o\u0144cu, a ponadto wspaniale wyeksponuje serwowane dania.<\/strong> U\u0142o\u017cona na jasnym obrusie b\u0119dzie dobrym t\u0142em dla subtelnych dodatk\u00f3w takich jak pastelowe serwety, bogato zdobione \u015bwieczniki czy wazon w drobny kwiatowy dese\u0144. Mo\u017cesz wybra\u0107 zupe\u0142nie g\u0142adkie naczynia lub modele zdobione ciekaw\u0105 faktur\u0105 czy fantazyjnym kszta\u0142tem.<\/p>\n<div style=\"display: flex; align-items: center; justify-content: center; text-align: center;\">\n<figure id=\"attachment_17861\" aria-describedby=\"caption-attachment-17861\" style=\"width: 285px\" class=\"wp-caption aligncenter\"><img decoding=\"async\" class=\"wp-image-17861 lazyload\" data-src=\"https:\/\/www.brw.pl\/blog\/wp-content\/uploads\/2021\/05\/Dzbanek-Kubiko-Fala.jpg\" alt=\"Dzbanek Kubiko Fala\" width=\"285\" height=\"214\" src=\"data:image\/svg+xml;base64,PHN2ZyB3aWR0aD0iMSIgaGVpZ2h0PSIxIiB4bWxucz0iaHR0cDovL3d3dy53My5vcmcvMjAwMC9zdmciPjwvc3ZnPg==\" style=\"--smush-placeholder-width: 285px; --smush-placeholder-aspect-ratio: 285\/214;\" \/><figcaption id=\"caption-attachment-17861\" class=\"wp-caption-text\"><a href=\"https:\/\/www.brw.pl\/dzbanek-0-33l-kubiko-fala,38503\" target=\"_blank\" rel=\"noopener noreferrer\"><span style=\"font-weight: 400;\">Dzbanek Kubiko\/Fala<\/span><\/a><\/figcaption><\/figure>\n<figure id=\"attachment_17862\" aria-describedby=\"caption-attachment-17862\" style=\"width: 285px\" class=\"wp-caption aligncenter\"><img decoding=\"async\" class=\"wp-image-17862 lazyload\" data-src=\"https:\/\/www.brw.pl\/blog\/wp-content\/uploads\/2021\/05\/Komplet-obiadowy-Iwona.jpg\" alt=\"Komplet obiadowy Iwona\" width=\"285\" height=\"214\" src=\"data:image\/svg+xml;base64,PHN2ZyB3aWR0aD0iMSIgaGVpZ2h0PSIxIiB4bWxucz0iaHR0cDovL3d3dy53My5vcmcvMjAwMC9zdmciPjwvc3ZnPg==\" style=\"--smush-placeholder-width: 285px; --smush-placeholder-aspect-ratio: 285\/214;\" \/><figcaption id=\"caption-attachment-17862\" class=\"wp-caption-text\"><a href=\"https:\/\/www.brw.pl\/kpl-obiadowy-18el-iwona,37646\" target=\"_blank\" rel=\"noopener noreferrer\"><span style=\"font-weight: 400;\">Komplet obiadowy Iwona<\/span><\/a><\/figcaption><\/figure>\n<\/div>\n<h3>Pomocne dodatki<\/h3>\n<p>W ogrodzie przydadz\u0105 Ci si\u0119 tak\u017ce praktyczne akcesoria, kt\u00f3re b\u0119d\u0105 nie tylko modn\u0105 ozdob\u0105 sto\u0142u, ale te\u017c pomocnymi dodatkami. Warto zaopatrzy\u0107 si\u0119 w szklany dozownik do oliwy, kt\u00f3r\u0105 biesiadnicy skropi\u0105 \u015bwie\u017c\u0105 sa\u0142atk\u0119, elegancki zestaw do herbaty z imbrykiem i fili\u017cankami a tak\u017ce zaparzacz do kawy, kt\u00f3ry sprawdzi si\u0119 szczeg\u00f3lnie przy wi\u0119kszej liczbie go\u015bci (unikniesz w\u00f3wczas robienia kilkunastu kaw, jedna po drugiej, w ekspresie).<\/p>\n<div style=\"display: flex; align-items: center; justify-content: center; text-align: center;\">\n<figure id=\"attachment_17869\" aria-describedby=\"caption-attachment-17869\" style=\"width: 728px\" class=\"wp-caption aligncenter\"><img decoding=\"async\" class=\"wp-image-17869 size-full lazyload\" data-src=\"https:\/\/www.brw.pl\/blog\/wp-content\/uploads\/2021\/05\/S\u0142\u00f3j-z-kranem.png\" alt=\"Naczynie z kranikiem\" width=\"728\" height=\"483\" src=\"data:image\/svg+xml;base64,PHN2ZyB3aWR0aD0iMSIgaGVpZ2h0PSIxIiB4bWxucz0iaHR0cDovL3d3dy53My5vcmcvMjAwMC9zdmciPjwvc3ZnPg==\" style=\"--smush-placeholder-width: 728px; --smush-placeholder-aspect-ratio: 728\/483;\" \/><figcaption id=\"caption-attachment-17869\" class=\"wp-caption-text\"><a href=\"https:\/\/www.brw.pl\/sloj-z-kranikiem-mexico,28238\" target=\"_blank\" rel=\"noopener noreferrer\"><span style=\"font-weight: 400;\">S\u0142\u00f3j z kranikiem Mexico<\/span><\/a><\/figcaption><\/figure>\n<\/div>\n<p><strong>Latem niezast\u0105pione b\u0119d\u0105 os\u0142onki na \u017cywno\u015b\u0107, dzi\u0119ki kt\u00f3rym owady nie b\u0119d\u0105 mie\u0107 dost\u0119pu do \u015bwie\u017cych owoc\u00f3w czy pieczywa<\/strong>. Sch\u0142odzone napoje takie jak woda z cytryn\u0105 i mi\u0119t\u0105, domowy kompot czy sok warto poda\u0107 w estetycznym s\u0142oju z kranikiem &#8211; praktyczne naczynie u\u0142atwi samoobs\u0142ug\u0119 zar\u00f3wno doros\u0142ym, jak i dzieciom.<\/p>\n<h3>Oryginalne przek\u0105ski<\/h3>\n<p>Zabaw\u0119 z przyjaci\u00f3\u0142mi i rodzin\u0105 niew\u0105tpliwie umil\u0105 potrawy, kt\u00f3re nie tylko doskonale smakuj\u0105, ale i \u015bwietnie wygl\u0105daj\u0105. Zadbaj o to, by nawet niepozorne przystawki by\u0142y podane w apetyczny spos\u00f3b &#8211; na drewnianych deskach pouk\u0142adaj r\u00f3\u017cne rodzaje w\u0119dlin i ser\u00f3w, s\u0142odkie muffiny u\u0142\u00f3\u017c na paterze, stw\u00f3rz ciekaw\u0105 kompozycj\u0119 z owocami, np. po\u0142\u00f3wkami arbuza, w kt\u00f3re powbijasz kolorowe szasz\u0142yki. Na przyj\u0119ciu \u015bwietnie sprawdz\u0105 si\u0119 r\u00f3\u017cne rodzaje sa\u0142atek: sa\u0142atki warstwowe w szklanych naczyniach, soczyste sa\u0142atki owocowe i wariacje na temat greckiego klasyka.<\/p>\n<div style=\"display: flex; align-items: center; justify-content: center; text-align: center;\">\n<figure id=\"attachment_17873\" aria-describedby=\"caption-attachment-17873\" style=\"width: 400px\" class=\"wp-caption aligncenter\"><img decoding=\"async\" class=\"wp-image-17873 lazyload\" data-src=\"https:\/\/www.brw.pl\/blog\/wp-content\/uploads\/2021\/05\/Salaterka-fala.jpg\" alt=\"Salaterka fala\" width=\"400\" height=\"300\" src=\"data:image\/svg+xml;base64,PHN2ZyB3aWR0aD0iMSIgaGVpZ2h0PSIxIiB4bWxucz0iaHR0cDovL3d3dy53My5vcmcvMjAwMC9zdmciPjwvc3ZnPg==\" style=\"--smush-placeholder-width: 400px; --smush-placeholder-aspect-ratio: 400\/300;\" \/><figcaption id=\"caption-attachment-17873\" class=\"wp-caption-text\"><a href=\"https:\/\/www.brw.pl\/salaterka-fala,38508\" target=\"_blank\" rel=\"noopener noreferrer\"><span style=\"font-weight: 400;\">Salaterka Fala<\/span><\/a><span style=\"font-weight: 400;\"> idealna na drobne przek\u0105ski<\/span><\/figcaption><\/figure>\n<\/div>\n<p><strong><a href=\"https:\/\/www.brw.pl\/blog\/jak-ukladac-wedliny-na-polmisku\/\" target=\"_blank\" rel=\"noopener noreferrer\">Jak uk\u0142ada\u0107 w\u0119dliny na p\u00f3\u0142misku? Sprawdzone pomys\u0142y na to, jak niebanalnie u\u0142o\u017cy\u0107 w\u0119dliny znajdziesz w naszym artykule<\/a>&gt;&gt;<\/strong><\/p>\n<p>Organizujesz przyj\u0119cie, na kt\u00f3rym pojawi\u0105 si\u0119 dzieci? <strong>Mali go\u015bcie z pewno\u015bci\u0105 zachwyc\u0105 si\u0119 miniburgerami, t\u0119czowymi galaretkami w pucharkach i owocami zaserwowanymi w nietypowy spos\u00f3b, np. w lodowych wafelkach<\/strong>. Kawa\u0142ki arbuza mo\u017cesz nabi\u0107 na patyczki do lod\u00f3w, a truskawki w czekoladzie &#8211; na niewielkie wyka\u0142aczki. Do ozdobienia potraw i napoj\u00f3w wykorzystaj papierowe toppery, wzorzyste s\u0142omki i barwne posypki &#8211; b\u0119dzie pysznie, a przy okazji bajecznie kolorowo!<\/p>\n<h2>O\u015bwietlenie i dekoracje, kt\u00f3rych nie mo\u017ce zabrakn\u0105\u0107 podczas przyj\u0119cia w ogrodzie<\/h2>\n<p>Przyj\u0119cie w ogrodzie to nie tylko starannie przygotowane potrawy i funkcjonalne akcesoria. Ka\u017cda impreza, tak\u017ce ta organizowana w plenerze, wymaga obecno\u015bci dekoracji, kt\u00f3re ciesz\u0105 oko i urozmaicaj\u0105 ca\u0142\u0105 aran\u017cacj\u0119. <strong>Wyj\u0105tkowy, romantyczny nastr\u00f3j wyczarujesz za pomoc\u0105 <a href=\"https:\/\/www.brw.pl\/katalog-produktow\/asortyment-oswietlenie\/\" target=\"_blank\" rel=\"noopener noreferrer\">o\u015bwietlenia<\/a><\/strong> &#8211; sprawdz\u0105 si\u0119 tutaj nie tylko obecne przed domem lampy ogrodowe, ale te\u017c dekoracyjne girlandy, lampiony i tradycyjne \u015bwiece zamkni\u0119te w okaza\u0142ych \u015bwiecznikach. Taka wieczorna gra \u015bwiate\u0142 dostarczy wszystkim niezapomnianych wra\u017ce\u0144!<\/p>\n<div style=\"display: flex; align-items: center; justify-content: center; text-align: center;\">\n<figure id=\"attachment_17879\" aria-describedby=\"caption-attachment-17879\" style=\"width: 285px\" class=\"wp-caption aligncenter\"><img decoding=\"async\" class=\"wp-image-17879 lazyload\" data-src=\"https:\/\/www.brw.pl\/blog\/wp-content\/uploads\/2021\/05\/\u015awieca-Rustik.jpg\" alt=\"\u015awieca Rustik\" width=\"285\" height=\"214\" src=\"data:image\/svg+xml;base64,PHN2ZyB3aWR0aD0iMSIgaGVpZ2h0PSIxIiB4bWxucz0iaHR0cDovL3d3dy53My5vcmcvMjAwMC9zdmciPjwvc3ZnPg==\" style=\"--smush-placeholder-width: 285px; --smush-placeholder-aspect-ratio: 285\/214;\" \/><figcaption id=\"caption-attachment-17879\" class=\"wp-caption-text\"><a href=\"https:\/\/www.brw.pl\/swieca-rustic,8084\" target=\"_blank\" rel=\"noopener noreferrer\"><span style=\"font-weight: 400;\">\u015awieca Rustic<\/span><\/a><\/figcaption><\/figure>\n<figure id=\"attachment_17880\" aria-describedby=\"caption-attachment-17880\" style=\"width: 285px\" class=\"wp-caption aligncenter\"><img decoding=\"async\" class=\"wp-image-17880 lazyload\" data-src=\"https:\/\/www.brw.pl\/blog\/wp-content\/uploads\/2021\/05\/\u015awiecznik-szklany.jpg\" alt=\"\u015awiecznik szklany\" width=\"285\" height=\"214\" src=\"data:image\/svg+xml;base64,PHN2ZyB3aWR0aD0iMSIgaGVpZ2h0PSIxIiB4bWxucz0iaHR0cDovL3d3dy53My5vcmcvMjAwMC9zdmciPjwvc3ZnPg==\" style=\"--smush-placeholder-width: 285px; --smush-placeholder-aspect-ratio: 285\/214;\" \/><figcaption id=\"caption-attachment-17880\" class=\"wp-caption-text\"><a href=\"https:\/\/www.brw.pl\/swiecznik,8693\" target=\"_blank\" rel=\"noopener noreferrer\"><span style=\"font-weight: 400;\">\u015awiecznik szklany<\/span><\/a><\/figcaption><\/figure>\n<\/div>\n<p>Nastrojowe o\u015bwietlenie b\u0119dzie zapewne g\u0142\u00f3wn\u0105 gwiazd\u0105 wieczoru, dlatego w ci\u0105gu dnia pos\u0142u\u017c si\u0119 dodatkowymi drobiazgami. \u015awie\u017ce kwiaty w wazonach, a nawet doniczki w niebanalnych os\u0142onkach to prosta i zarazem niezwykle efektowna ozdoba ka\u017cdego przyj\u0119cia.<\/p>\n<h2>Przytulne dodatki na wieczorn\u0105 imprez\u0119<\/h2>\n<p>Najbardziej udane przyj\u0119cia mog\u0105 trwa\u0107 nawet do p\u00f3\u017anych godzin wieczornych. Je\u015bli wi\u0119c Twoi go\u015bcie wcale nie spiesz\u0105 si\u0119 do domu, mo\u017cesz mie\u0107 powody do rado\u015bci! <strong>Przed\u0142u\u017caj\u0105ca si\u0119 impreza nie b\u0119dzie problemem, je\u015bli zaopatrzysz wszystkich uczestnik\u00f3w w ciep\u0142e <a href=\"https:\/\/www.brw.pl\/tekstylia\/koce-i-pledy\/\" target=\"_blank\" rel=\"noopener noreferrer\">koce, pledy<\/a> i mi\u0119kkie poduszki<\/strong>. Okrycie przyda si\u0119, je\u015bli wiecz\u00f3r oka\u017ce si\u0119 ch\u0142odny, a poduszki pomog\u0105 stworzy\u0107 przytulny nastr\u00f3j sprzyjaj\u0105cy nieko\u0144cz\u0105cym si\u0119 rozmowom.<\/p>\n<h2>Udane przyj\u0119cie w ogrodzie \u2013 podsumowanie<\/h2>\n<p>Marzysz o tym, by urz\u0105dzi\u0107 niezapomniane przyj\u0119cie na \u015bwie\u017cym powietrzu? Wykorzystaj nasze wskaz\u00f3wki i nie zapomnij o dobrym humorze, dzi\u0119ki kt\u00f3remu nawet niespodziewany deszcz nie b\u0119dzie przeszkod\u0105. Imprez\u0119 z pewno\u015bci\u0105 urozmaici muzyka i gry towarzyskie b\u0119d\u0105ce okazj\u0105 do \u015bmiechu. Udanej zabawy!<\/p>\n","protected":false},"excerpt":{"rendered":"<p>Ciep\u0142e dni i wieczory sprzyjaj\u0105 organizowaniu imprez na \u015bwie\u017cym powietrzu. I nie ma w tym nic dziwnego &#8211; przyj\u0119cia w ogrodzie to spos\u00f3b na mi\u0142e sp\u0119dzanie czasu w gronie najbli\u017cszych przy jednoczesnym korzystaniu z urok\u00f3w s\u0142onecznej pogody. Jakie akcesoria u\u015bwietni\u0105 ka\u017cde garden party? Zobacz, jak przygotowa\u0107 udan\u0105 imprez\u0119! Planujesz swoje pierwsze przyj\u0119cie w ogrodzie, ale [&hellip;]<\/p>\n","protected":false},"author":21,"featured_media":17851,"comment_status":"closed","ping_status":"open","sticky":false,"template":"","format":"standard","meta":{"footnotes":""},"categories":[575,574],"tags":[],"aioseo_notices":[],"_links":{"self":[{"href":"https:\/\/www.brw.pl\/blog\/wp-json\/wp\/v2\/posts\/17842"}],"collection":[{"href":"https:\/\/www.brw.pl\/blog\/wp-json\/wp\/v2\/posts"}],"about":[{"href":"https:\/\/www.brw.pl\/blog\/wp-json\/wp\/v2\/types\/post"}],"author":[{"embeddable":true,"href":"https:\/\/www.brw.pl\/blog\/wp-json\/wp\/v2\/users\/21"}],"replies":[{"embeddable":true,"href":"https:\/\/www.brw.pl\/blog\/wp-json\/wp\/v2\/comments?post=17842"}],"version-history":[{"count":8,"href":"https:\/\/www.brw.pl\/blog\/wp-json\/wp\/v2\/posts\/17842\/revisions"}],"predecessor-version":[{"id":31444,"href":"https:\/\/www.brw.pl\/blog\/wp-json\/wp\/v2\/posts\/17842\/revisions\/31444"}],"wp:featuredmedia":[{"embeddable":true,"href":"https:\/\/www.brw.pl\/blog\/wp-json\/wp\/v2\/media\/17851"}],"wp:attachment":[{"href":"https:\/\/www.brw.pl\/blog\/wp-json\/wp\/v2\/media?parent=17842"}],"wp:term":[{"taxonomy":"category","embeddable":true,"href":"https:\/\/www.brw.pl\/blog\/wp-json\/wp\/v2\/categories?post=17842"},{"taxonomy":"post_tag","embeddable":true,"href":"https:\/\/www.brw.pl\/blog\/wp-json\/wp\/v2\/tags?post=17842"}],"curies":[{"name":"wp","href":"https:\/\/api.w.org\/{rel}","templated":true}]}}