{"id":18503,"date":"2021-06-19T10:00:49","date_gmt":"2021-06-19T08:00:49","guid":{"rendered":"https:\/\/www.brw.pl\/blog\/?p=18503"},"modified":"2024-09-03T15:20:05","modified_gmt":"2024-09-03T13:20:05","slug":"jakie-meble-pasuja-do-ciemnej-podlogi-5-pomyslow-na-aranzacje-mieszkania","status":"publish","type":"post","link":"https:\/\/www.brw.pl\/blog\/jakie-meble-pasuja-do-ciemnej-podlogi-5-pomyslow-na-aranzacje-mieszkania\/","title":{"rendered":"Jakie meble pasuj\u0105 do ciemnej pod\u0142ogi? 5 pomys\u0142\u00f3w na aran\u017cacj\u0119 mieszkania"},"content":{"rendered":"<p data-pm-slice=\"1 1 []\"><strong>Ciemna pod\u0142oga prezentuje si\u0119 bardzo atrakcyjnie, niezale\u017cnie od tego, w jakim pomieszczeniu zdecydujesz si\u0119 j\u0105 po\u0142o\u017cy\u0107. Mo\u017cesz wykorzysta\u0107 w tym celu dowolne materia\u0142y \u2013 od szlachetnego drewna, po funkcjonaln\u0105 ceramik\u0119. Mimo tak szerokich mo\u017cliwo\u015bci, wyzwaniem mo\u017ce okaza\u0107 si\u0119 dob\u00f3r mebli do ciemnej pod\u0142ogi. Nie wystarczy bowiem kierowa\u0107 si\u0119 uniwersaln\u0105 zasad\u0105 kontrastu \u2013 nale\u017cy dodatkowo wzi\u0105\u0107 pod uwag\u0119 styl, w jakim urz\u0105dzone s\u0105 wn\u0119trza, oraz charakter danego pomieszczenia. Zapoznaj si\u0119 z naszym poradnikiem!<\/strong><\/p>\n<p><img decoding=\"async\" data-src=\"https:\/\/www.brw.pl\/blog\/wp-content\/uploads\/2021\/06\/bergen_jadalnia_WWW-800x485.jpg\" alt=\"Bergen BRW\" src=\"data:image\/svg+xml;base64,PHN2ZyB3aWR0aD0iMSIgaGVpZ2h0PSIxIiB4bWxucz0iaHR0cDovL3d3dy53My5vcmcvMjAwMC9zdmciPjwvc3ZnPg==\" class=\"lazyload\" style=\"--smush-placeholder-width: 800px; --smush-placeholder-aspect-ratio: 800\/485;\" \/><\/p>\n<h2><strong>Ciemna pod\u0142oga i jej rodzaje<\/strong><\/h2>\n<p>B\u0142\u0119dem pope\u0142nianym cz\u0119sto podczas doboru mebli do pod\u0142ogi jest kierowanie si\u0119 wy\u0142\u0105cznie jej kolorem. Wielu w\u0142a\u015bcicieli i inwestor\u00f3w uznaje, \u017ce ka\u017cd\u0105 ciemn\u0105 powierzchni\u0119 mo\u017cna potraktowa\u0107 identycznie. Projektanci wn\u0119trz zwracaj\u0105 jednak uwag\u0119 na to, \u017ce decyzj\u0119 warto uzale\u017cni\u0107 tak\u017ce od materia\u0142u, z jakiego pod\u0142oga zosta\u0142a wykonana:<\/p>\n<ul>\n<li>Naturalne drewno b\u0105d\u017a imituj\u0105ce je panele.<\/li>\n<li>Wyk\u0142adziny o rozmaitych odcieniach.<\/li>\n<li>Beton wyko\u0144czeniowy i jego imitacje.<\/li>\n<li>P\u0142ytki ceramiczne w r\u00f3\u017cnych wzorach i kolorach.<\/li>\n<\/ul>\n<p>Ka\u017cde z tych tworzyw cechuje si\u0119 zupe\u0142nie innymi w\u0142a\u015bciwo\u015bciami, kt\u00f3re nale\u017cy uwzgl\u0119dni\u0107 przy doborze mebli. O ile kafelki i panele mog\u0105 odbija\u0107 \u015bwiat\u0142o, o tyle wyk\u0142adzina b\u0119dzie je poch\u0142ania\u0107. <strong>Oznacza to, \u017ce ceramika i lakierowane drewno bardziej sprzyjaj\u0105 meblom w ciemnych, g\u0142\u0119bokich kolorach, a <\/strong><a href=\"https:\/\/www.brw.pl\/tekstylia\/dywany-i-chodniki\/\" target=\"_blank\" rel=\"noopener noreferrer\"><strong>wszelkiego rodzaju dywany<\/strong><\/a><strong> wymagaj\u0105 raczej jasnych<\/strong><\/p>\n<p><img decoding=\"async\" data-src=\"https:\/\/www.brw.pl\/blog\/wp-content\/uploads\/2021\/06\/arosa_pokoj_dzienny.jpg\" alt=\" Kolekcja mebli Arosa\" src=\"data:image\/svg+xml;base64,PHN2ZyB3aWR0aD0iMSIgaGVpZ2h0PSIxIiB4bWxucz0iaHR0cDovL3d3dy53My5vcmcvMjAwMC9zdmciPjwvc3ZnPg==\" class=\"lazyload\" style=\"--smush-placeholder-width: 1603px; --smush-placeholder-aspect-ratio: 1603\/1080;\" \/><\/p>\n<p><a href=\"https:\/\/www.brw.pl\/kolekcja-arosa,406-pokoj-dzienny-jadalnia\" target=\"_blank\" rel=\"noopener noreferrer\"><strong>KOLEKCJA MEBLI AROSA<\/strong><\/a><\/p>\n<h2><strong>R\u00f3\u017cne kolory ciemnej pod\u0142ogi<\/strong><\/h2>\n<p>Ogromne znaczenie przy doborze mebli ma konkretny kolor pod\u0142ogi. Ciemne mog\u0105 by\u0107 przecie\u017c deski z niekt\u00f3rych rodzaj\u00f3w drewna, kafelki imituj\u0105ce naturalne surowce, a tak\u017ce r\u00f3\u017cne odcienie wyk\u0142adzin.<br \/>\nPrzede wszystkim<strong> warto pami\u0119ta\u0107 o tym, by drewno i materia\u0142y drewnopodobne \u0142\u0105czy\u0107 z meblami wyko\u0144czonymi w ten sam spos\u00f3b.<\/strong> Zazwyczaj ciemne deski na pod\u0142odze i jasne drewniane meble stanowi\u0105 idealne po\u0142\u0105czenie, zapewniaj\u0105ce wn\u0119trzu perfekcyjn\u0105 harmoni\u0119. W efekcie pomieszczenie wydaje si\u0119 bardziej przytulne, a zarazem eleganckie. Co wi\u0119cej, jest to rozwi\u0105zanie absolutnie ponadczasowe, wnosz\u0105ce do mieszkania \u015bwie\u017co\u015b\u0107 i gwarantuj\u0105ce mu naturalny urok.<\/p>\n<p>P\u0142ytki ceramiczne w ciemnych kolorach charakteryzuj\u0105 przewa\u017cnie u\u017cytkowe pomieszczenia, takie jak kuchnie czy \u0142azienki. Doskonale komponuj\u0105 si\u0119 z nimi meble w zbli\u017conych odcieniach. <strong>Mog\u0105 odznacza\u0107 si\u0119 one b\u0142yszcz\u0105cymi frontami, co optycznie powi\u0119kszy przestrze\u0144<\/strong>. Jest to o tyle istotne, \u017ce wn\u0119trza tego typu niejednokrotnie cechuj\u0105 si\u0119 wzgl\u0119dnie ma\u0142\u0105 powierzchni\u0105.<\/p>\n<p>Do\u015b\u0107 \u0142atwo b\u0119dzie Ci dobra\u0107 meble do ciemnych wyk\u0142adzin. To matowe powierzchnie, kt\u00f3re najlepiej prezentuj\u0105 si\u0119 w po\u0142\u0105czeniu z jasnymi szafkami. <strong>Unikniesz dzi\u0119ki temu efektu przesytu i optycznego pomniejszenia przestrzeni. <\/strong>Pami\u0119taj, \u017ce ciemna pod\u0142oga najkorzystniej wygl\u0105da w kompozycji z meblami w kolorze bia\u0142ym lub ecru.<\/p>\n<h2><strong>Dob\u00f3r mebli zale\u017cy od charakteru wn\u0119trza<\/strong><\/h2>\n<p>Prawdopodobnie najwa\u017cniejszym aspektem doboru mebli do ciemnej pod\u0142ogi jest charakter aran\u017cowanego wn\u0119trza. Zupe\u0142nie innymi kryteriami b\u0119dziesz kierowa\u0107 si\u0119 podczas urz\u0105dzania kuchni, a innymi w przypadku sypialni czy pokoju dziennego.<\/p>\n<ol>\n<li>\n<h3><strong>Ciemna pod\u0142oga w kuchni<\/strong><\/h3>\n<\/li>\n<\/ol>\n<p>Kuchnia to serce domu i pomieszczenie o wysoce u\u017cytkowym charakterze. Pod\u0142oga wyko\u0144czona jest zazwyczaj wytrzyma\u0142ymi kafelkami b\u0105d\u017a specjalnymi panelami winylowymi, kt\u00f3re odporne s\u0105 na zanieczyszczenia i dzia\u0142anie wilgoci. <strong>Aby wn\u0119trze nie wydawa\u0142o si\u0119 ciasne i zaba\u0142aganione, warto postawi\u0107 albo na jasne meble, albo przynajmniej na szafki o b\u0142yszcz\u0105cych frontach.<\/strong><\/p>\n<p>Pami\u0119taj tak\u017ce o tym, jak atrakcyjny efekt mo\u017ce da\u0107 wykorzystanie wyrazistych, jaskrawych kolor\u00f3w. Kuchnia to dobre miejsce na eksperymenty z akcentami pomara\u0144czowymi czy seledynowymi. Pojedyncze \u015bciany lub elementy wyposa\u017cenia i dekoracji w tych barwach w ciekawy spos\u00f3b prze\u0142ami\u0105 jednolit\u0105, stonowan\u0105 estetyk\u0119.<\/p>\n<p><img decoding=\"async\" data-src=\"https:\/\/www.brw.pl\/blog\/wp-content\/uploads\/2021\/06\/mediuma-9-1.jpg\" alt=\" Kolekcja Junona Line\" src=\"data:image\/svg+xml;base64,PHN2ZyB3aWR0aD0iMSIgaGVpZ2h0PSIxIiB4bWxucz0iaHR0cDovL3d3dy53My5vcmcvMjAwMC9zdmciPjwvc3ZnPg==\" class=\"lazyload\" style=\"--smush-placeholder-width: 593px; --smush-placeholder-aspect-ratio: 593\/445;\" \/><\/p>\n<p><a href=\"https:\/\/www.brw.pl\/kolekcja-junona-line,384\" target=\"_blank\" rel=\"noopener noreferrer\"><strong>KOLEKCJA JUNONA LINE<\/strong><\/a><\/p>\n<h3><strong>2. Ciemna pod\u0142oga w \u0142azience<\/strong><\/h3>\n<p>\u0141azienka tak\u017ce wymaga pod\u0142ogi odpornej na dzia\u0142anie wody. Zazwyczaj do jej wyko\u0144czenia stosuje si\u0119 solidne p\u0142ytki ceramiczne. Meble w tym pomieszczeniu odgrywaj\u0105 raczej rol\u0119 drugoplanow\u0105, tote\u017c mo\u017cesz dobra\u0107 je wed\u0142ug w\u0142asnych preferencji. <strong>Wizualny ci\u0119\u017car ciemnej pod\u0142ogi r\u00f3wnowa\u017c\u0105 urz\u0105dzenia sanitarne, utrzymane przewa\u017cnie w bieli.<\/strong> Szafki dopasuj wi\u0119c albo do nich, albo do p\u0142ytek, albo wykorzystaj je w celu wprowadzenia do \u0142azienki trzeciego \u2013 znacznie \u017cywszego \u2013 koloru.<\/p>\n<h3><strong>3. Ciemna pod\u0142oga w salonie<\/strong><\/h3>\n<p>Salon to zdecydowanie jedno z najtrudniejszych do zaaran\u017cowania wn\u0119trz. Z jednej strony musi ono pe\u0142ni\u0107 wiele r\u00f3\u017cnych funkcji, co wymaga od niego wszechstronno\u015bci. Z drugiej powinno by\u0107 utrzymane w przytulnej, sprzyjaj\u0105cej relaksowi estetyce. Je\u015bli na pod\u0142odze znalaz\u0142y si\u0119 deski b\u0105d\u017a panele, najlepszym rozwi\u0105zaniem oka\u017c\u0105 si\u0119 drewniane meble w ciemnych kolorach. Pami\u0119taj tylko, aby zr\u00f3wnowa\u017cy\u0107 ten wizualny ci\u0119\u017car dekoracjami w jasnych odcieniach. Znakomicie sprawdz\u0105 si\u0119 tak\u017ce lustra, wizualnie powi\u0119kszaj\u0105ce przestrze\u0144.<\/p>\n<h3><strong>4. Ciemna pod\u0142oga w sypialni<\/strong><\/h3>\n<p>Dob\u00f3r mebli do sypialni w przewa\u017caj\u0105cej mierze zale\u017cy od materia\u0142u, jakim wyko\u0144czona jest pod\u0142oga, oraz od jego koloru. Nie obawiaj si\u0119 ciemnych szafek \u2013 to przecie\u017c pok\u00f3j, kt\u00f3ry ma sprzyja\u0107 wypoczynkowi. Nie musisz wi\u0119c na si\u0142\u0119 go rozja\u015bnia\u0107. Mo\u017cesz jednak zdecydowa\u0107 si\u0119 na bia\u0142e lub kremowe \u015bciany, kt\u00f3re zapewni\u0105 Ci niezb\u0119dne urozmaicenie.<\/p>\n<p><img decoding=\"async\" data-src=\"https:\/\/www.brw.pl\/blog\/wp-content\/uploads\/2021\/06\/Elpasso.jpg\" alt=\" Kolekcja Elpasso \" src=\"data:image\/svg+xml;base64,PHN2ZyB3aWR0aD0iMSIgaGVpZ2h0PSIxIiB4bWxucz0iaHR0cDovL3d3dy53My5vcmcvMjAwMC9zdmciPjwvc3ZnPg==\" class=\"lazyload\" style=\"--smush-placeholder-width: 1254px; --smush-placeholder-aspect-ratio: 1254\/832;\" \/><\/p>\n<p><a href=\"https:\/\/www.brw.pl\/kolekcja-elpasso,211\" target=\"_blank\" rel=\"noopener noreferrer\"><strong>KOLEKCJA ELPASSO<\/strong><\/a><\/p>\n<h2><strong>5. Ciemna pod\u0142oga w przedpokoju<\/strong><\/h2>\n<p>Wad\u0105 przedpokoju bywa najcz\u0119\u015bciej jego niewielka powierzchnia. Ciemna pod\u0142oga sprawdza si\u0119 w nim doskonale, a to ze wzgl\u0119du na jej praktyczny charakter \u2013 nie wida\u0107 na niej cho\u0107by zabrudze\u0144 wnoszonych nieraz na butach. Tak ciasne pomieszczenie bardzo \u0142atwo jednak zagraci\u0107. Aby do tego nie dopu\u015bci\u0107, najlepiej zdecyduj si\u0119 na jasne meble. Nie musz\u0105 by\u0107 bia\u0142e, wystarczy jeden z ja\u015bniejszych rodzaj\u00f3w drewna. <a href=\"https:\/\/www.brw.pl\/dekoracje\/lustra\/\" target=\"_blank\" rel=\"noopener noreferrer\">Pami\u0119taj tak\u017ce o magii luster<\/a>, kt\u00f3re mog\u0105 zrobi\u0107 w tym przypadku ogromn\u0105 r\u00f3\u017cnic\u0119!<\/p>\n<h2><strong>Ciemna pod\u0142oga? Dopasowane meble znajdziesz w BRW!<\/strong><\/h2>\n<p>Je\u015bli spodoba\u0142y Ci si\u0119 nasze pomys\u0142y i porady, zapoznaj si\u0119 z asortymentem Black Red White! Znajdziesz tu rozmaite produkty pasuj\u0105ce do wn\u0119trz z ciemn\u0105 pod\u0142og\u0105 \u2013 mi\u0119dzy innymi meble z drewna, atrakcyjne dekoracje i dodatki.<\/p>\n","protected":false},"excerpt":{"rendered":"<p>Ciemna pod\u0142oga prezentuje si\u0119 bardzo atrakcyjnie, niezale\u017cnie od tego, w jakim pomieszczeniu zdecydujesz si\u0119 j\u0105 po\u0142o\u017cy\u0107. Mo\u017cesz wykorzysta\u0107 w tym celu dowolne materia\u0142y \u2013 od szlachetnego drewna, po funkcjonaln\u0105 ceramik\u0119. Mimo tak szerokich mo\u017cliwo\u015bci, wyzwaniem mo\u017ce okaza\u0107 si\u0119 dob\u00f3r mebli do ciemnej pod\u0142ogi. Nie wystarczy bowiem kierowa\u0107 si\u0119 uniwersaln\u0105 zasad\u0105 kontrastu \u2013 nale\u017cy dodatkowo wzi\u0105\u0107 [&hellip;]<\/p>\n","protected":false},"author":24,"featured_media":18504,"comment_status":"closed","ping_status":"open","sticky":false,"template":"","format":"standard","meta":{"footnotes":""},"categories":[574],"tags":[],"aioseo_notices":[],"_links":{"self":[{"href":"https:\/\/www.brw.pl\/blog\/wp-json\/wp\/v2\/posts\/18503"}],"collection":[{"href":"https:\/\/www.brw.pl\/blog\/wp-json\/wp\/v2\/posts"}],"about":[{"href":"https:\/\/www.brw.pl\/blog\/wp-json\/wp\/v2\/types\/post"}],"author":[{"embeddable":true,"href":"https:\/\/www.brw.pl\/blog\/wp-json\/wp\/v2\/users\/24"}],"replies":[{"embeddable":true,"href":"https:\/\/www.brw.pl\/blog\/wp-json\/wp\/v2\/comments?post=18503"}],"version-history":[{"count":10,"href":"https:\/\/www.brw.pl\/blog\/wp-json\/wp\/v2\/posts\/18503\/revisions"}],"predecessor-version":[{"id":31178,"href":"https:\/\/www.brw.pl\/blog\/wp-json\/wp\/v2\/posts\/18503\/revisions\/31178"}],"wp:featuredmedia":[{"embeddable":true,"href":"https:\/\/www.brw.pl\/blog\/wp-json\/wp\/v2\/media\/18504"}],"wp:attachment":[{"href":"https:\/\/www.brw.pl\/blog\/wp-json\/wp\/v2\/media?parent=18503"}],"wp:term":[{"taxonomy":"category","embeddable":true,"href":"https:\/\/www.brw.pl\/blog\/wp-json\/wp\/v2\/categories?post=18503"},{"taxonomy":"post_tag","embeddable":true,"href":"https:\/\/www.brw.pl\/blog\/wp-json\/wp\/v2\/tags?post=18503"}],"curies":[{"name":"wp","href":"https:\/\/api.w.org\/{rel}","templated":true}]}}