{"id":18915,"date":"2021-07-14T07:13:53","date_gmt":"2021-07-14T05:13:53","guid":{"rendered":"https:\/\/www.brw.pl\/blog\/?p=18915"},"modified":"2024-09-16T10:26:37","modified_gmt":"2024-09-16T08:26:37","slug":"organizacja-summer-party-przepisy-i-modne-dodatki","status":"publish","type":"post","link":"https:\/\/www.brw.pl\/blog\/organizacja-summer-party-przepisy-i-modne-dodatki\/","title":{"rendered":"Organizacja summer party: przepisy i modne dodatki"},"content":{"rendered":"<p><strong>Lato to czas beztroski i b\u0142ogiego odpoczynku. Nawet, je\u015bli nie mamy w planach dalekich wyjazd\u00f3w, wakacyjne miesi\u0105ce mog\u0105 by\u0107 okazj\u0105 do doskona\u0142ej zabawy i szalonych imprez. S\u0142oneczna pogoda oraz d\u0142ugie ciep\u0142e wieczory sprzyjaj\u0105 spotkaniom w gronie rodziny lub znajomych, warto zatem wykorzysta\u0107 ten czas. Powod\u00f3w do zorganizowania niezapomnianego summer party mo\u017ce by\u0107 wiele, a ka\u017cdy jest r\u00f3wnie dobry! Chcesz pozna\u0107 przepis na udane letnie przyj\u0119cie? Oto kilka sprawdzonych pomys\u0142\u00f3w!<\/strong><\/p>\n<p><img decoding=\"async\" class=\"aligncenter size-medium wp-image-18917 lazyload\" data-src=\"https:\/\/www.brw.pl\/blog\/wp-content\/uploads\/2021\/07\/Summer-party-przepisy-i-dekoracje-800x540.png\" alt=\"Summer party: przek\u0105ski i dodatki, dzi\u0119ki kt\u00f3rym zorganizujesz niezapomniane przyj\u0119cie!\" width=\"800\" height=\"540\" data-srcset=\"https:\/\/www.brw.pl\/blog\/wp-content\/uploads\/2021\/07\/Summer-party-przepisy-i-dekoracje-800x540.png 800w, https:\/\/www.brw.pl\/blog\/wp-content\/uploads\/2021\/07\/Summer-party-przepisy-i-dekoracje-768x518.png 768w, https:\/\/www.brw.pl\/blog\/wp-content\/uploads\/2021\/07\/Summer-party-przepisy-i-dekoracje-1536x1037.png 1536w, https:\/\/www.brw.pl\/blog\/wp-content\/uploads\/2021\/07\/Summer-party-przepisy-i-dekoracje.png 1600w\" data-sizes=\"(max-width: 800px) 100vw, 800px\" src=\"data:image\/svg+xml;base64,PHN2ZyB3aWR0aD0iMSIgaGVpZ2h0PSIxIiB4bWxucz0iaHR0cDovL3d3dy53My5vcmcvMjAwMC9zdmciPjwvc3ZnPg==\" style=\"--smush-placeholder-width: 800px; --smush-placeholder-aspect-ratio: 800\/540;\" \/><\/p>\n<h2>Przek\u0105ski na letnie przyj\u0119cie: na s\u0142odko i na s\u0142ono<\/h2>\n<p>Ma\u0142o kto wyobra\u017ca sobie jak\u0105kolwiek imprez\u0119, na kt\u00f3rej brakowa\u0142oby smacznych przek\u0105sek. <strong>Dobre jedzenie to jeden z podstawowych element\u00f3w udanego summer party, dlatego warto zaplanowa\u0107 menu z wyprzedzeniem<\/strong>. Ilo\u015b\u0107 jedzenia oraz rodzaje pocz\u0119stunku dostosuj zar\u00f3wno do czasu trwania imprezy, jak i preferencji Twoich go\u015bci. Najlepiej, je\u015bli odpowiednio wcze\u015bniej zrobisz ma\u0142e rozeznanie i dowiesz si\u0119, kt\u00f3ra z zaproszonych os\u00f3b nie jada mi\u0119sa, a kto nie toleruje pewnych pokarm\u00f3w. Je\u017celi na przyj\u0119ciu pojawi\u0105 si\u0119 dzieci, zadbaj o to, by nie zabrak\u0142o r\u00f3wnie\u017c smako\u0142yk\u00f3w atrakcyjnych tak dla doros\u0142ych, jak i najm\u0142odszych uczestnik\u00f3w.<\/p>\n<p>Jedno jest pewne: w upalne dni na stole nie mo\u017ce zabrakn\u0105\u0107 lekkiego jedzenia, orze\u017awiaj\u0105cych smak\u00f3w lata oraz ch\u0142odnych napoj\u00f3w. Szukasz pomys\u0142\u00f3w na smaczne przek\u0105ski, kt\u00f3rym wprost trudno si\u0119 oprze\u0107? Mamy dla Ciebie kilka propozycji!<\/p>\n<h2>S\u0142odki bufet w sam raz na imprez\u0119<\/h2>\n<p><strong>Na przyj\u0119ciu, kt\u00f3re rozpoczyna si\u0119 w godzinach poobiednich, na pocz\u0105tek warto zaserwowa\u0107 co\u015b s\u0142odkiego.<\/strong> Latem nie musisz ogranicza\u0107 si\u0119 do wypiek\u00f3w, przek\u0142adanych ciast czy lodowych deser\u00f3w. Korzystaj\u0105c z pory roku, z powodzeniem mo\u017cesz poda\u0107 swoim go\u015bciom owoce w urozmaiconej formie. Jakie s\u0142odko\u015bci b\u0119d\u0105 idealne na s\u0142oneczne przyj\u0119cie w ogrodzie?<\/p>\n<div style=\"display: flex; align-items: center; justify-content: center; text-align: center;\">\n<figure id=\"attachment_18938\" aria-describedby=\"caption-attachment-18938\" style=\"width: 593px\" class=\"wp-caption aligncenter\"><img decoding=\"async\" class=\"wp-image-18938 size-full lazyload\" data-src=\"https:\/\/www.brw.pl\/blog\/wp-content\/uploads\/2021\/07\/Kubek-Smoothie.jpg\" alt=\"Kubek Smoothie\" width=\"593\" height=\"444\" src=\"data:image\/svg+xml;base64,PHN2ZyB3aWR0aD0iMSIgaGVpZ2h0PSIxIiB4bWxucz0iaHR0cDovL3d3dy53My5vcmcvMjAwMC9zdmciPjwvc3ZnPg==\" style=\"--smush-placeholder-width: 593px; --smush-placeholder-aspect-ratio: 593\/444;\" \/><figcaption id=\"caption-attachment-18938\" class=\"wp-caption-text\"><a href=\"https:\/\/www.brw.pl\/kubek-smoothie,22184\" target=\"_blank\" rel=\"noopener noreferrer\"><span style=\"font-weight: 400;\">Kubek Smoothie<\/span><\/a><\/figcaption><\/figure>\n<\/div>\n<h3>Letnia sa\u0142atka owocowa<\/h3>\n<p>To lekka i pyszna propozycja w sam raz na lato! Do jej przygotowania mo\u017cesz wykorzysta\u0107 sezonowe oraz egzotyczne owoce, a tak\u017ce dekoracyjne dodatki takie jak listki mi\u0119ty czy melisy. Nic nie stoi r\u00f3wnie\u017c na przeszkodzie, by modyfikowa\u0107 przepis wed\u0142ug w\u0142asnego pomys\u0142u.<\/p>\n<p><u>Sk\u0142adniki (ilo\u015b\u0107 poszczeg\u00f3lnych sk\u0142adnik\u00f3w nale\u017cy dostosowa\u0107 do liczby porcji):<\/u><\/p>\n<p>\u2013 banany<\/p>\n<p>\u2013 gruszki<\/p>\n<p>\u2013 winogrona<\/p>\n<p>\u2013 brzoskwinie<\/p>\n<p>\u2013 maliny<\/p>\n<p>\u2013 jab\u0142ka<\/p>\n<p>\u2013 gar\u015b\u0107 orzech\u00f3w w\u0142oskich (lub innych)<\/p>\n<p>\u2013 cytryna<\/p>\n<p>\u2013 kilka \u0142y\u017cek miodu<\/p>\n<p><u>Przygotowanie<\/u>:<\/p>\n<p>Owoce dok\u0142adnie umy\u0107, usun\u0105\u0107 z nich gniazda nasienne, banany obra\u0107. Sk\u0142adniki pokroi\u0107 w kostk\u0119. Mniejsze i mi\u0119kkie owoce przekroi\u0107 na p\u00f3\u0142 lub pozostawi\u0107 w ca\u0142o\u015bci. Orzechy posieka\u0107 na desce na drobne kawa\u0142ki. Pokrojone sk\u0142adniki prze\u0142o\u017cy\u0107 do du\u017cej salaterki i skropi\u0107 sokiem z cytryny. Sa\u0142atk\u0119 pola\u0107 miodem do smaku. Tak przygotowany deser przechowywa\u0107 w lod\u00f3wce do czasu podania na st\u00f3\u0142.<\/p>\n<div style=\"display: flex; align-items: center; justify-content: center; text-align: center;\">\n<figure id=\"attachment_18919\" aria-describedby=\"caption-attachment-18919\" style=\"width: 641px\" class=\"wp-caption aligncenter\"><img decoding=\"async\" class=\"wp-image-18919 size-full lazyload\" data-src=\"https:\/\/www.brw.pl\/blog\/wp-content\/uploads\/2021\/07\/Summer-party-dodatki-na-st\u00f3\u0142.png\" alt=\"Summer party dodatki na st\u00f3\u0142\" width=\"641\" height=\"800\" src=\"data:image\/svg+xml;base64,PHN2ZyB3aWR0aD0iMSIgaGVpZ2h0PSIxIiB4bWxucz0iaHR0cDovL3d3dy53My5vcmcvMjAwMC9zdmciPjwvc3ZnPg==\" style=\"--smush-placeholder-width: 641px; --smush-placeholder-aspect-ratio: 641\/800;\" \/><figcaption id=\"caption-attachment-18919\" class=\"wp-caption-text\"><a href=\"https:\/\/www.brw.pl\/komplet-obiadowy-16el-color-pop-black,38543\" target=\"_blank\" rel=\"noopener noreferrer\"><span style=\"font-weight: 400;\">Zestaw obiadowy Color Pop Black<\/span><\/a> i <a href=\"https:\/\/www.brw.pl\/miseczka-do-dipow,39632\" target=\"_blank\" rel=\"noopener noreferrer\"><span style=\"font-weight: 400;\">Miseczka do dip\u00f3w<\/span><\/a><\/figcaption><\/figure>\n<\/div>\n<h3>Owocowe szasz\u0142yki<\/h3>\n<p>Owocowe szasz\u0142yki s\u0105 ekspresowe w przygotowaniu, a do tego prezentuj\u0105 si\u0119 wspaniale! Z pewno\u015bci\u0105 przypadn\u0105 do gustu najm\u0142odszym \u0142asuchom.<\/p>\n<p><u>Sk\u0142adniki: <\/u><\/p>\n<p>\u2013 czerwone winogrona<\/p>\n<p>\u2013 pomara\u0144cze lub mandarynki<\/p>\n<p>\u2013 bor\u00f3wki ameryka\u0144skie<\/p>\n<p>\u2013 kiwi<\/p>\n<p>\u2013 jab\u0142ko<\/p>\n<p>\u2013 ananas<\/p>\n<p>\u2013 truskawki<\/p>\n<p><u>Dodatkowo potrzebne b\u0119d\u0105:<\/u><\/p>\n<p>\u2013 wyka\u0142aczki do szasz\u0142yk\u00f3w<\/p>\n<p>\u2013 kolorowe talerzyki lub po\u0142\u00f3wki arbuza<\/p>\n<p><u>Przygotowanie:<\/u><\/p>\n<p>Winogrona i bor\u00f3wki umy\u0107. Truskawki pozbawi\u0107 szypu\u0142ek, umy\u0107. Wi\u0119ksze truskawki przekroi\u0107 na p\u00f3\u0142. Ananasa, jab\u0142ko oraz pomara\u0144cze obra\u0107 i pokroi\u0107 w kostk\u0119. Kiwi obra\u0107 i pokroi\u0107 na plasterki. Tak przygotowane owoce nadziewa\u0107 na wyka\u0142aczki w kolejno\u015bci: truskawka, ananas, jab\u0142ko, pomara\u0144cza, kiwi, bor\u00f3wki, winogrona. <a href=\"https:\/\/www.brw.pl\/serwowanie\/zastawa-obiadowa\/linie-porcelany\/\" target=\"_blank\" rel=\"noopener noreferrer\">Gotowe szasz\u0142yki u\u0142o\u017cy\u0107 na talerzykach<\/a> lub wbi\u0107 w po\u0142\u00f3wk\u0119 arbuza.<\/p>\n<h3>Wakacyjna Panna Cotta z truskawkowym musem<\/h3>\n<p>Panna Cotta to klasyczny w\u0142oski deser, kt\u00f3ry \u015bwietnie wygl\u0105da, a do tego ob\u0142\u0119dnie smakuje! Nie musisz podawa\u0107 go na talerzykach \u2013 efektowne pucharki sprawdz\u0105 si\u0119 r\u00f3wnie dobrze. Zachwyt w oczach go\u015bci gwarantowany!<\/p>\n<p><u>Sk\u0142adniki:<\/u><\/p>\n<p>\u2013 500 ml \u015bmietanki krem\u00f3wki<\/p>\n<p>\u2013 50 g cukru z prawdziw\u0105 wanili\u0105<\/p>\n<p>\u2013 2 \u0142y\u017ceczki \u017celatyny<\/p>\n<p>\u2013 woda do namoczenia \u017celatyny<\/p>\n<p>\u2013 250 g truskawek<\/p>\n<p>\u2013 2 \u0142y\u017cki miodu<\/p>\n<p>\u2013 sok z cytryny<\/p>\n<p>\u2013 listki mi\u0119ty do dekoracji<\/p>\n<p><u>Przygotowanie:<\/u><\/p>\n<p>\u017belatyn\u0119 umie\u015bci\u0107 w ma\u0142ej miseczce i zala\u0107 wod\u0105 tak, by przykry\u0142a proszek. Wymiesza\u0107 i odstawi\u0107 na 10 minut do nap\u0119cznienia. Po tym czasie rozpu\u015bci\u0107 \u017celatyn\u0119 w k\u0105pieli wodnej lub mikrofal\u00f3wce. \u015amietank\u0119 przela\u0107 do rondelka, doda\u0107 cukier i ca\u0142o\u015b\u0107 powoli doprowadzi\u0107 do wrzenia. Gotowa\u0107 przez 3 minuty, ca\u0142y czas mieszaj\u0105c. Zdj\u0105\u0107 z ognia, doda\u0107 \u017celatyn\u0119 i dok\u0142adnie wymiesza\u0107. Masa powinna by\u0107 idealnie g\u0142adka. Tak przygotowan\u0105 \u015bmietank\u0119 ostudzi\u0107, przela\u0107 do puchark\u00f3w i w\u0142o\u017cy\u0107 do lod\u00f3wki na kilka godzin, a najlepiej na ca\u0142\u0105 noc. Nast\u0119pnie przygotowa\u0107 mus truskawkowy: truskawki umy\u0107 i odszypu\u0142kowa\u0107, zblendowa\u0107 na g\u0142adk\u0105 mas\u0119 z \u0142y\u017ck\u0105 soku z cytryny oraz dwiema \u0142y\u017ckami miodu. Powsta\u0142ym musem pola\u0107 Panna Cott\u0119. Deser ozdobi\u0107 listkami mi\u0119ty i owocami.<\/p>\n<p>Opr\u00f3cz powy\u017cszych propozycji na letniej imprezie doskonale sprawdz\u0105 si\u0119 babeczki z kremem, ciasta bez pieczenia oraz mini serniczki w papilotkach. Postaw na ma\u0142e, urocze s\u0142odko\u015bci, kt\u00f3re z \u0142atwo\u015bci\u0105 podzielisz i b\u0119dziesz w stanie przygotowa\u0107 w du\u017cych ilo\u015bciach.<\/p>\n<div style=\"display: flex; align-items: center; justify-content: center; text-align: center;\">\n<figure id=\"attachment_18922\" aria-describedby=\"caption-attachment-18922\" style=\"width: 285px\" class=\"wp-caption aligncenter\"><img decoding=\"async\" class=\"wp-image-18922 lazyload\" data-src=\"https:\/\/www.brw.pl\/blog\/wp-content\/uploads\/2021\/07\/Patera-z-kloszem-Patisserie.jpg\" alt=\"Patera z kloszem Patisserie\" width=\"285\" height=\"214\" src=\"data:image\/svg+xml;base64,PHN2ZyB3aWR0aD0iMSIgaGVpZ2h0PSIxIiB4bWxucz0iaHR0cDovL3d3dy53My5vcmcvMjAwMC9zdmciPjwvc3ZnPg==\" style=\"--smush-placeholder-width: 285px; --smush-placeholder-aspect-ratio: 285\/214;\" \/><figcaption id=\"caption-attachment-18922\" class=\"wp-caption-text\"><a href=\"https:\/\/www.brw.pl\/patera-z-kloszem-patisserie,13013\" target=\"_blank\" rel=\"noopener noreferrer\"><span style=\"font-weight: 400;\">Patera z kloszem Patisserie<\/span><\/a><\/figcaption><\/figure>\n<\/div>\n<h2>Przek\u0105ski idealne na grilla<\/h2>\n<p>Letnie przyj\u0119cie bez grilla? Nie tym razem! Grillowane mi\u0119so i warzywa podaj na kolacj\u0119, kiedy temperatura na zewn\u0105trz odrobin\u0119 spadnie, a Twoi go\u015bcie zg\u0142odniej\u0105.<\/p>\n<h3>Szasz\u0142yki warzywne nie tylko dla wegetarian<\/h3>\n<p>Do przygotowania szasz\u0142yk\u00f3w warzywnych potrzebujesz jedynie warzyw, sk\u0142adnik\u00f3w na marynat\u0119 oraz&#8230; odrobiny cierpliwo\u015bci. Grillowanie z przyjaci\u00f3\u0142mi to jednak \u015bwietna rozrywka, w dodatku zwie\u0144czona wspania\u0142\u0105 uczt\u0105. Czego chcie\u0107 wi\u0119cej?<\/p>\n<p><u>Sk\u0142adniki:<\/u><\/p>\n<p>\u2013 papryka w 3 kolorach: \u017c\u00f3\u0142ta, czerwona, pomara\u0144czowa<\/p>\n<p>\u2013 cukinia<\/p>\n<p>\u2013 cebula (bia\u0142a lub czerwona)<\/p>\n<p>\u2013 pomidorki koktajlowe<\/p>\n<p>\u2013 opcjonalnie: pieczarki, bak\u0142a\u017can, ananas<\/p>\n<p><u>Sk\u0142adniki na marynat\u0119:<\/u><\/p>\n<p>\u2013 100 ml oliwy z oliwek<\/p>\n<p>\u2013 4-5 z\u0105bk\u00f3w czosnku<\/p>\n<p>\u2013 \u0142y\u017cka octu<\/p>\n<p>\u2013\u0142y\u017cka suszonych zi\u00f3\u0142 prowansalskich lub posiekanej natki pietruszki<\/p>\n<p>\u2013 s\u00f3l i pieprz do smaku<\/p>\n<p><u>Przygotowanie<\/u>:<\/p>\n<p>Warzywa umy\u0107. Z papryki usun\u0105\u0107 gniazda nasienne i pokroi\u0107 na \u015bredniej wielko\u015bci kawa\u0142ki. Cukini\u0119, bak\u0142a\u017cana i pieczarki pokroi\u0107 w plastry. Warzywa odstawi\u0107 na bok. Oliw\u0119 z oliwek wymiesza\u0107 z octem. Czosnek drobno posieka\u0107 i doda\u0107 do oliwy. Na koniec wymiesza\u0107 z zio\u0142ami, przyprawi\u0107 sol\u0105 i pieprzem. Pokrojone warzywa w\u0142o\u017cy\u0107 do marynary i delikatnie wymiesza\u0107. Odstawi\u0107 do lod\u00f3wki na ok. godzin\u0119. Po tym czasie nadzia\u0107 kawa\u0142ki warzyw na szpilki lub patyki do szasz\u0142yk\u00f3w. Grillowa\u0107 na \u015brednim ogniu do zrumienienia i mi\u0119kko\u015bci warzyw.<\/p>\n<div style=\"display: flex; align-items: center; justify-content: center; text-align: center;\">\n<figure id=\"attachment_18923\" aria-describedby=\"caption-attachment-18923\" style=\"width: 400px\" class=\"wp-caption aligncenter\"><img decoding=\"async\" class=\"wp-image-18923 lazyload\" data-src=\"https:\/\/www.brw.pl\/blog\/wp-content\/uploads\/2021\/07\/Grill-w\u0119glowy-z-blatem.jpg\" alt=\"Grill w\u0119glowy z blatem\" width=\"400\" height=\"300\" src=\"data:image\/svg+xml;base64,PHN2ZyB3aWR0aD0iMSIgaGVpZ2h0PSIxIiB4bWxucz0iaHR0cDovL3d3dy53My5vcmcvMjAwMC9zdmciPjwvc3ZnPg==\" style=\"--smush-placeholder-width: 400px; --smush-placeholder-aspect-ratio: 400\/300;\" \/><figcaption id=\"caption-attachment-18923\" class=\"wp-caption-text\"><a href=\"https:\/\/www.brw.pl\/grill-weglowy-z-blatem-fzg-1007,31793\" target=\"_blank\" rel=\"noopener noreferrer\"><span style=\"font-weight: 400;\">Grill w\u0119glowy z blatem<\/span><\/a><\/figcaption><\/figure>\n<\/div>\n<h3>Grillowany ser z \u017curawin\u0105<\/h3>\n<p>Sk\u0142adniki:<\/p>\n<p>\u2013 kilka opakowa\u0144 sera camembert<\/p>\n<p>\u2013 6 \u0142y\u017cek oliwy z oliwek<\/p>\n<p>\u2013 ga\u0142\u0105zki \u015bwie\u017cego tymianku<\/p>\n<p>\u2013 pieprz<\/p>\n<p>\u2013 \u017curawina w s\u0142oiczku<\/p>\n<p>Przygotowanie:<\/p>\n<p>Ser natrze\u0107 oliw\u0105 z oliwek, posypa\u0107 pieprzem. Grillowa\u0107 na ruszcie przez kilka minut. Ser powinien by\u0107 mi\u0119kki w \u015brodku, a z wierzchu delikatnie zrumieniony. Podawa\u0107 od razu po zdj\u0119ciu z rusztu, z kleksem \u017curawiny i ga\u0142\u0105zk\u0105 tymianku.<\/p>\n<h2>Napoje na och\u0142od\u0119<\/h2>\n<p>Podczas summer party obowi\u0105zkowo zadbaj o odpowiedni\u0105 ilo\u015b\u0107 napoj\u00f3w dla go\u015bci, szczeg\u00f3lnie, je\u015bli impreza odbywa si\u0119 w upalny dzie\u0144. Opr\u00f3cz wody z cytryn\u0105 i mi\u0119t\u0105 warto przygotowa\u0107 <strong>orze\u017awiaj\u0105cy koktajl arbuzowy<\/strong> i <strong>mro\u017con\u0105 herbat\u0119 z miodem<\/strong>. Takie napoje \u015bwietnie gasz\u0105 pragnienie! Czego potrzebujesz do ich zrobienia?<\/p>\n<div style=\"display: flex; align-items: center; justify-content: center; text-align: center;\">\n<figure id=\"attachment_18924\" aria-describedby=\"caption-attachment-18924\" style=\"width: 641px\" class=\"wp-caption aligncenter\"><img decoding=\"async\" class=\"wp-image-18924 size-full lazyload\" data-src=\"https:\/\/www.brw.pl\/blog\/wp-content\/uploads\/2021\/07\/Dodatki-na-letnie-przyj\u0119cie.png\" alt=\"Dodatki na letnie przyj\u0119cie\" width=\"641\" height=\"800\" src=\"data:image\/svg+xml;base64,PHN2ZyB3aWR0aD0iMSIgaGVpZ2h0PSIxIiB4bWxucz0iaHR0cDovL3d3dy53My5vcmcvMjAwMC9zdmciPjwvc3ZnPg==\" style=\"--smush-placeholder-width: 641px; --smush-placeholder-aspect-ratio: 641\/800;\" \/><figcaption id=\"caption-attachment-18924\" class=\"wp-caption-text\"><a href=\"https:\/\/www.brw.pl\/dzbanek-1l-alva,38494\" target=\"_blank\" rel=\"noopener noreferrer\"><span style=\"font-weight: 400;\">Dzbanek Alva<\/span><\/a> &#8211; <a href=\"https:\/\/www.brw.pl\/podkladka,37624\" target=\"_blank\" rel=\"noopener noreferrer\"><span style=\"font-weight: 400;\">Podk\u0142adka<\/span><\/a> &#8211; <a href=\"https:\/\/www.brw.pl\/wazon,28811\" target=\"_blank\" rel=\"noopener noreferrer\"><span style=\"font-weight: 400;\">Wazon<\/span><\/a><\/figcaption><\/figure>\n<\/div>\n<p><strong>Do przyrz\u0105dzenia koktajlu arbuzowego<\/strong> wystarczy mi\u0105\u017csz z arbuza (bez pestek) i sok z jednej limonki lub cytryny. Sch\u0142odzone sk\u0142adniki zmiksuj. W razie potrzeby do napoju mo\u017cesz doda\u0107 odrobin\u0119 wody mineralnej.<\/p>\n<div style=\"display: flex; align-items: center; justify-content: center; text-align: center;\">\n<figure id=\"attachment_18935\" aria-describedby=\"caption-attachment-18935\" style=\"width: 285px\" class=\"wp-caption aligncenter\"><img decoding=\"async\" class=\"wp-image-18935 lazyload\" data-src=\"https:\/\/www.brw.pl\/blog\/wp-content\/uploads\/2021\/07\/Dzbanek-Manhattan.jpg\" alt=\"Dzbanek Manhattan\" width=\"285\" height=\"214\" src=\"data:image\/svg+xml;base64,PHN2ZyB3aWR0aD0iMSIgaGVpZ2h0PSIxIiB4bWxucz0iaHR0cDovL3d3dy53My5vcmcvMjAwMC9zdmciPjwvc3ZnPg==\" style=\"--smush-placeholder-width: 285px; --smush-placeholder-aspect-ratio: 285\/214;\" \/><figcaption id=\"caption-attachment-18935\" class=\"wp-caption-text\"><a href=\"https:\/\/www.brw.pl\/dzbanek-950ml-manhattan-double-glass,33702\" target=\"_blank\" rel=\"noopener noreferrer\"><span style=\"font-weight: 400;\">Dzbanek Manhattan<\/span><\/a><\/figcaption><\/figure>\n<figure id=\"attachment_18936\" aria-describedby=\"caption-attachment-18936\" style=\"width: 285px\" class=\"wp-caption aligncenter\"><img decoding=\"async\" class=\"wp-image-18936 lazyload\" data-src=\"https:\/\/www.brw.pl\/blog\/wp-content\/uploads\/2021\/07\/Szklanka-Collins.jpg\" alt=\"Szklanka Collins\" width=\"285\" height=\"214\" src=\"data:image\/svg+xml;base64,PHN2ZyB3aWR0aD0iMSIgaGVpZ2h0PSIxIiB4bWxucz0iaHR0cDovL3d3dy53My5vcmcvMjAwMC9zdmciPjwvc3ZnPg==\" style=\"--smush-placeholder-width: 285px; --smush-placeholder-aspect-ratio: 285\/214;\" \/><figcaption id=\"caption-attachment-18936\" class=\"wp-caption-text\"><a href=\"https:\/\/www.brw.pl\/szklanka-collins,38816\" target=\"_blank\" rel=\"noopener noreferrer\"><span style=\"font-weight: 400;\">Szklanka Collins<\/span><\/a><\/figcaption><\/figure>\n<figure id=\"attachment_18937\" aria-describedby=\"caption-attachment-18937\" style=\"width: 285px\" class=\"wp-caption aligncenter\"><img decoding=\"async\" class=\"wp-image-18937 lazyload\" data-src=\"https:\/\/www.brw.pl\/blog\/wp-content\/uploads\/2021\/07\/Szklanki-Prestige-Krosno.jpg\" alt=\"Szklanki Prestige Krosno\" width=\"285\" height=\"214\" src=\"data:image\/svg+xml;base64,PHN2ZyB3aWR0aD0iMSIgaGVpZ2h0PSIxIiB4bWxucz0iaHR0cDovL3d3dy53My5vcmcvMjAwMC9zdmciPjwvc3ZnPg==\" style=\"--smush-placeholder-width: 285px; --smush-placeholder-aspect-ratio: 285\/214;\" \/><figcaption id=\"caption-attachment-18937\" class=\"wp-caption-text\"><a href=\"https:\/\/www.brw.pl\/szklanki-prestige-krosno,9209\" target=\"_blank\" rel=\"noopener noreferrer\"><span style=\"font-weight: 400;\">Szklanki Prestige Krosno<\/span><\/a><\/figcaption><\/figure>\n<\/div>\n<p>Jak przygotowa\u0107 mro\u017con\u0105 herbat\u0119? Torebk\u0119 herbaty (czarnej lub zielonej) <a href=\"https:\/\/www.brw.pl\/serwowanie\/napoje-barek\/\" target=\"_blank\" rel=\"noopener noreferrer\">umie\u015b\u0107 w dzbanku i zalej gor\u0105c\u0105 wod\u0105<\/a>. Do zaparzonej herbaty dodaj sok z po\u0142owy cytryny oraz mi\u00f3d do smaku. Herbat\u0119 ostud\u017a, a nast\u0119pnie sch\u0142adzaj w lod\u00f3wce. Do gotowego napoju dodaj plastry cytryny lub limonki. Podawaj w szklankach z kostkami lodu i listkami mi\u0119ty.<\/p>\n<h2>Summer party w ogrodzie lub na tarasie: aran\u017cacja przestrzeni<\/h2>\n<p>Po dok\u0142adnym zaplanowaniu menu nadchodzi czas na aran\u017cacj\u0119 przestrzeni, w kt\u00f3rej przebywa\u0107 b\u0119d\u0105 zaproszeni go\u015bcie. <strong>Je\u015bli Twoja impreza odbywa si\u0119 w ogrodzie lub na tarasie, zadbaj o to, by ka\u017cdy z uczestnik\u00f3w mia\u0142 wygodne miejsce do siedzenia oraz by stanowiska go\u015bci by\u0142y w miar\u0119 mo\u017cliwo\u015bci os\u0142oni\u0119te przed s\u0142o\u0144cem<\/strong>. Je\u017celi nie posiadasz zadaszenia, z pewno\u015bci\u0105 przydadz\u0105 si\u0119 du\u017ce parasole ogrodowe.<\/p>\n<p>Aby przebywanie na \u015bwie\u017cym powietrzu by\u0142o maksymalnie komfortowe, swoje meble ogrodowe zaopatrz w mi\u0119kkie poduszki oraz koce lub pledy, kt\u00f3re przydadz\u0105 si\u0119 po zmroku. Planujesz zorganizowanie imprezy z ta\u0144cami? W takim razie pomy\u015bl o oddzieleniu przestrzeni jadalnianej od strefy zabawy \u2013 postaraj si\u0119 o to, by krzes\u0142a, stoliki oraz naczynia nie przeszkadza\u0142y nikomu w wieczornym szale\u0144stwie.<\/p>\n<div style=\"display: flex; align-items: center; justify-content: center; text-align: center;\">\n<figure id=\"attachment_18925\" aria-describedby=\"caption-attachment-18925\" style=\"width: 285px\" class=\"wp-caption aligncenter\"><img decoding=\"async\" class=\"wp-image-18925 lazyload\" data-src=\"https:\/\/www.brw.pl\/blog\/wp-content\/uploads\/2021\/07\/Zestaw-mebli-ogrodowych-Calyspo.jpg\" alt=\"Zestaw mebli ogrodowych Calyspo\" width=\"285\" height=\"214\" src=\"data:image\/svg+xml;base64,PHN2ZyB3aWR0aD0iMSIgaGVpZ2h0PSIxIiB4bWxucz0iaHR0cDovL3d3dy53My5vcmcvMjAwMC9zdmciPjwvc3ZnPg==\" style=\"--smush-placeholder-width: 285px; --smush-placeholder-aspect-ratio: 285\/214;\" \/><figcaption id=\"caption-attachment-18925\" class=\"wp-caption-text\"><a href=\"https:\/\/www.brw.pl\/zestaw-mebli-ogrodowych-calyspo-t,31763?snrai_campaign=zWNvVbNCgPHW&amp;snrai_id=c2fa6cc4-a3dd-42ac-bc55-dbd5342da72a\" target=\"_blank\" rel=\"noopener noreferrer\"><span style=\"font-weight: 400;\">Zestaw mebli ogrodowych Calyspo<\/span><\/a><\/figcaption><\/figure>\n<figure id=\"attachment_18926\" aria-describedby=\"caption-attachment-18926\" style=\"width: 285px\" class=\"wp-caption aligncenter\"><img decoding=\"async\" class=\"wp-image-18926 lazyload\" data-src=\"https:\/\/www.brw.pl\/blog\/wp-content\/uploads\/2021\/07\/Zestaw-ogrodowy-Sofie.jpg\" alt=\"Zestaw ogrodowy Sofie\" width=\"285\" height=\"214\" src=\"data:image\/svg+xml;base64,PHN2ZyB3aWR0aD0iMSIgaGVpZ2h0PSIxIiB4bWxucz0iaHR0cDovL3d3dy53My5vcmcvMjAwMC9zdmciPjwvc3ZnPg==\" style=\"--smush-placeholder-width: 285px; --smush-placeholder-aspect-ratio: 285\/214;\" \/><figcaption id=\"caption-attachment-18926\" class=\"wp-caption-text\"><a href=\"https:\/\/www.brw.pl\/zestaw-ogrodowy-sofie,38917\" target=\"_blank\" rel=\"noopener noreferrer\"><span style=\"font-weight: 400;\">Zestaw ogrodowy Sofie<\/span><\/a><\/figcaption><\/figure>\n<\/div>\n<p><strong>&gt;&gt;<a href=\"https:\/\/www.brw.pl\/blog\/5-niezbednych-akcesoriow-na-udane-przyjecie-w-ogrodzie\/\" target=\"_blank\" rel=\"noopener noreferrer\">Sprawd\u017a te\u017c 5 akcesori\u00f3w na udane przyj\u0119cie w ogrodzie!<\/a><\/strong><\/p>\n<h2>Impreza w letnim klimacie: dekoracje<\/h2>\n<p>Organizacja summer party obejmuje r\u00f3wnie\u017c przygotowanie dekoracji tworz\u0105cych imprezowy nastr\u00f3j. <strong>Jakie pomys\u0142y uwzgl\u0119dni\u0107 w aran\u017cowaniu przestrzeni na przyj\u0119cie w ogrodzie? Elementem, kt\u00f3rego bez w\u0105tpienia nie mo\u017ce zabrakn\u0105\u0107, jest <a href=\"https:\/\/www.brw.pl\/oswietlenie-dekoracyjne-i-swiateczne\/\" target=\"_blank\" rel=\"noopener noreferrer\">dekoracyjne o\u015bwietlenie zewn\u0119trzne<\/a><\/strong>. Kolorowe girlandy i lampiony b\u0119d\u0105 wspania\u0142\u0105 ozdob\u0105, a przy okazji zapewni\u0105 delikatne \u015bwiat\u0142o umilaj\u0105ce przebywanie na zewn\u0105trz po zmroku. Opr\u00f3cz tego warto si\u0119gn\u0105\u0107 do dekoracyjne \u015bwieczniki, dzi\u0119ki kt\u00f3rym pi\u0119knie wyeksponujesz naturalne p\u0142omienie \u015bwiec.<\/p>\n<div style=\"display: flex; align-items: center; justify-content: center; text-align: center;\">\n<figure id=\"attachment_18933\" aria-describedby=\"caption-attachment-18933\" style=\"width: 285px\" class=\"wp-caption aligncenter\"><img decoding=\"async\" class=\"wp-image-18933 lazyload\" data-src=\"https:\/\/www.brw.pl\/blog\/wp-content\/uploads\/2021\/07\/\u015awiecznik-i-wazon-w-jednym.jpg\" alt=\"\u015awiecznik i wazon w jednym\" width=\"285\" height=\"214\" src=\"data:image\/svg+xml;base64,PHN2ZyB3aWR0aD0iMSIgaGVpZ2h0PSIxIiB4bWxucz0iaHR0cDovL3d3dy53My5vcmcvMjAwMC9zdmciPjwvc3ZnPg==\" style=\"--smush-placeholder-width: 285px; --smush-placeholder-aspect-ratio: 285\/214;\" \/><figcaption id=\"caption-attachment-18933\" class=\"wp-caption-text\"><a href=\"https:\/\/www.brw.pl\/swiecznik-i-wazon-w-jednym,37732\" target=\"_blank\" rel=\"noopener noreferrer\"><span style=\"font-weight: 400;\">\u015awiecznik i wazon w jednym<\/span><\/a><\/figcaption><\/figure>\n<figure id=\"attachment_17817\" aria-describedby=\"caption-attachment-17817\" style=\"width: 285px\" class=\"wp-caption aligncenter\"><img decoding=\"async\" class=\"wp-image-17817 lazyload\" data-src=\"https:\/\/www.brw.pl\/blog\/wp-content\/uploads\/2021\/05\/Girlanda-\u015bwietlna-Dakke-1.jpg\" alt=\"Girlanda \u015bwietlna kolorowa\" width=\"285\" height=\"214\" src=\"data:image\/svg+xml;base64,PHN2ZyB3aWR0aD0iMSIgaGVpZ2h0PSIxIiB4bWxucz0iaHR0cDovL3d3dy53My5vcmcvMjAwMC9zdmciPjwvc3ZnPg==\" style=\"--smush-placeholder-width: 285px; --smush-placeholder-aspect-ratio: 285\/214;\" \/><figcaption id=\"caption-attachment-17817\" class=\"wp-caption-text\"><a href=\"https:\/\/www.brw.pl\/girlanda-swietlna-dakke,24281\" target=\"_blank\" rel=\"noopener noreferrer\"><span style=\"font-weight: 400;\">Girlanda \u015bwietlna Dakke<\/span><\/a><\/figcaption><\/figure>\n<figure id=\"attachment_18934\" aria-describedby=\"caption-attachment-18934\" style=\"width: 285px\" class=\"wp-caption aligncenter\"><img decoding=\"async\" class=\"wp-image-18934 lazyload\" data-src=\"https:\/\/www.brw.pl\/blog\/wp-content\/uploads\/2021\/07\/\u015awiecznik-szklany-Krakla.jpg\" alt=\"\u015awiecznik szklany Krakla\" width=\"285\" height=\"214\" src=\"data:image\/svg+xml;base64,PHN2ZyB3aWR0aD0iMSIgaGVpZ2h0PSIxIiB4bWxucz0iaHR0cDovL3d3dy53My5vcmcvMjAwMC9zdmciPjwvc3ZnPg==\" style=\"--smush-placeholder-width: 285px; --smush-placeholder-aspect-ratio: 285\/214;\" \/><figcaption id=\"caption-attachment-18934\" class=\"wp-caption-text\"><a href=\"https:\/\/www.brw.pl\/swiecznik-szklany-krakla,11583\" target=\"_blank\" rel=\"noopener noreferrer\"><span style=\"font-weight: 400;\">\u015awiecznik szklany Krakla<\/span><\/a><\/figcaption><\/figure>\n<\/div>\n<p>Jak jeszcze ozdobi\u0107 ogr\u00f3d na czas przyj\u0119cia? Je\u015bli summer party organizujesz z okazji urodzin \u2013 postaw na balony, serpentyny i odpowiedni\u0105 dekoracj\u0119 sto\u0142u. Kolorowy obrus z motywami lata, pi\u0119kna zastawa sto\u0142owa, zabawne toppery czy wzorzyste papilotki na muffinki b\u0119d\u0105 strza\u0142em w dziesi\u0105tk\u0119!<\/p>\n","protected":false},"excerpt":{"rendered":"<p>Lato to czas beztroski i b\u0142ogiego odpoczynku. Nawet, je\u015bli nie mamy w planach dalekich wyjazd\u00f3w, wakacyjne miesi\u0105ce mog\u0105 by\u0107 okazj\u0105 do doskona\u0142ej zabawy i szalonych imprez. S\u0142oneczna pogoda oraz d\u0142ugie ciep\u0142e wieczory sprzyjaj\u0105 spotkaniom w gronie rodziny lub znajomych, warto zatem wykorzysta\u0107 ten czas. Powod\u00f3w do zorganizowania niezapomnianego summer party mo\u017ce by\u0107 wiele, a ka\u017cdy [&hellip;]<\/p>\n","protected":false},"author":21,"featured_media":18917,"comment_status":"closed","ping_status":"open","sticky":false,"template":"","format":"standard","meta":{"footnotes":""},"categories":[575,574],"tags":[],"aioseo_notices":[],"_links":{"self":[{"href":"https:\/\/www.brw.pl\/blog\/wp-json\/wp\/v2\/posts\/18915"}],"collection":[{"href":"https:\/\/www.brw.pl\/blog\/wp-json\/wp\/v2\/posts"}],"about":[{"href":"https:\/\/www.brw.pl\/blog\/wp-json\/wp\/v2\/types\/post"}],"author":[{"embeddable":true,"href":"https:\/\/www.brw.pl\/blog\/wp-json\/wp\/v2\/users\/21"}],"replies":[{"embeddable":true,"href":"https:\/\/www.brw.pl\/blog\/wp-json\/wp\/v2\/comments?post=18915"}],"version-history":[{"count":4,"href":"https:\/\/www.brw.pl\/blog\/wp-json\/wp\/v2\/posts\/18915\/revisions"}],"predecessor-version":[{"id":27692,"href":"https:\/\/www.brw.pl\/blog\/wp-json\/wp\/v2\/posts\/18915\/revisions\/27692"}],"wp:featuredmedia":[{"embeddable":true,"href":"https:\/\/www.brw.pl\/blog\/wp-json\/wp\/v2\/media\/18917"}],"wp:attachment":[{"href":"https:\/\/www.brw.pl\/blog\/wp-json\/wp\/v2\/media?parent=18915"}],"wp:term":[{"taxonomy":"category","embeddable":true,"href":"https:\/\/www.brw.pl\/blog\/wp-json\/wp\/v2\/categories?post=18915"},{"taxonomy":"post_tag","embeddable":true,"href":"https:\/\/www.brw.pl\/blog\/wp-json\/wp\/v2\/tags?post=18915"}],"curies":[{"name":"wp","href":"https:\/\/api.w.org\/{rel}","templated":true}]}}