{"id":19292,"date":"2021-08-04T08:02:38","date_gmt":"2021-08-04T06:02:38","guid":{"rendered":"https:\/\/www.brw.pl\/blog\/?p=19292"},"modified":"2024-09-10T11:43:54","modified_gmt":"2024-09-10T09:43:54","slug":"dodatki-do-industrialnych-wnetrz-5-stylowych-propozycji","status":"publish","type":"post","link":"https:\/\/www.brw.pl\/blog\/dodatki-do-industrialnych-wnetrz-5-stylowych-propozycji\/","title":{"rendered":"Dodatki do industrialnych wn\u0119trz \u2013 5 stylowych propozycji"},"content":{"rendered":"<p><strong>Urz\u0105dzasz mieszkanie w stylu industrialnym i szukasz dodatk\u00f3w, kt\u00f3re zaakcentuj\u0105 niepowtarzalny charakter aran\u017cowanej przestrzeni? Je\u015bli ciekawi Ci\u0119, jakie dekoracje doskonale odnajd\u0105 si\u0119 we wn\u0119trzach inspirowanych nowojorskimi loftami, przeczytaj nasz artyku\u0142. Przedstawiamy 5 pomys\u0142\u00f3w na modne dodatki industrialne. Zainspiruj si\u0119!<\/strong><\/p>\n<p><img decoding=\"async\" class=\"aligncenter size-medium wp-image-19293 lazyload\" data-src=\"https:\/\/www.brw.pl\/blog\/wp-content\/uploads\/2021\/08\/Dodatki-do-industrialnych-wn\u0119trz-800x540.png\" alt=\"Industrialne dodatki - jakie wybra\u0107?\" width=\"800\" height=\"540\" data-srcset=\"https:\/\/www.brw.pl\/blog\/wp-content\/uploads\/2021\/08\/Dodatki-do-industrialnych-wn\u0119trz-800x540.png 800w, https:\/\/www.brw.pl\/blog\/wp-content\/uploads\/2021\/08\/Dodatki-do-industrialnych-wn\u0119trz-768x518.png 768w, https:\/\/www.brw.pl\/blog\/wp-content\/uploads\/2021\/08\/Dodatki-do-industrialnych-wn\u0119trz-1536x1037.png 1536w, https:\/\/www.brw.pl\/blog\/wp-content\/uploads\/2021\/08\/Dodatki-do-industrialnych-wn\u0119trz.png 1600w\" data-sizes=\"(max-width: 800px) 100vw, 800px\" src=\"data:image\/svg+xml;base64,PHN2ZyB3aWR0aD0iMSIgaGVpZ2h0PSIxIiB4bWxucz0iaHR0cDovL3d3dy53My5vcmcvMjAwMC9zdmciPjwvc3ZnPg==\" style=\"--smush-placeholder-width: 800px; --smush-placeholder-aspect-ratio: 800\/540;\" \/><\/p>\n<h2>Styl industrialny, czyli spos\u00f3b na wn\u0119trze z charakterem<\/h2>\n<p>Industrialne wn\u0119trza nie wychodz\u0105 z mody ju\u017c od kilku sezon\u00f3w i nic nie wskazuje na to, by w najbli\u017cszym czasie mia\u0142o si\u0119 to zmieni\u0107. Trudno si\u0119 temu dziwi\u0107 \u2013 charakterny styl loftowy zachwyca oryginalno\u015bci\u0105 i niezwyk\u0142ym klimatem w\u0142a\u015bciwym pofabrycznym przestrzeniom. <strong>Ogromn\u0105 zalet\u0105 stylu przemys\u0142owego jest mo\u017cliwo\u015b\u0107 zaadaptowania go nawet w niewielkim mieszkaniu<\/strong>. Wbrew pozorom nie musisz dysponowa\u0107 loftem z prawdziwego zdarzenia, by m\u00f3c cieszy\u0107 si\u0119 wystrojem czerpi\u0105cym z bogatego dorobku tej estetyki. Wystarczy odrobina sprytu i kilka zabieg\u00f3w aran\u017cacyjnych, kt\u00f3re &#8222;podrasuj\u0105&#8221; przeci\u0119tne wn\u0119trze.<\/p>\n<p>Czym wyr\u00f3\u017cniaj\u0105 si\u0119 pomieszczenia w stylu loftowym? Najcz\u0119\u015bciej s\u0105 to miejsca o przestrzennym charakterze, pozbawione \u015bcianek dzia\u0142owych i innych element\u00f3w, kt\u00f3re fizycznie wydziela\u0142yby strefy. <strong>Tak naprawd\u0119 industrialne wn\u0119trze mo\u017ce pe\u0142ni\u0107 jednocze\u015bnie funkcj\u0119 pokoju dziennego, jadalni, a tak\u017ce niewielkiego biura<\/strong>. Przej\u015bcia mi\u0119dzy poszczeg\u00f3lnymi strefami u\u017cytkowymi akcentowane s\u0105 nie za pomoc\u0105 \u015bcian, lecz element\u00f3w wyposa\u017cenia, subtelnych zmian w kolorystyce czy dodatk\u00f3w.<\/p>\n<p><strong>&gt;&gt;<a href=\"https:\/\/www.brw.pl\/blog\/pokoj-dzienny-niejedno-ma-imie-aranzacja-wielofunkcyjnego-wnetrza-w-stylu-loftowym\/\" target=\"_blank\" rel=\"noopener noreferrer\">Jak urz\u0105dzi\u0107 wielofunkcyjne wn\u0119trze w stylu loftowym? Zobacz nasz przepis na industrialny salon<\/a>!<\/strong><\/p>\n<p>W\u015br\u00f3d wyznacznik\u00f3w tej stylistyki wymieni\u0107 nale\u017cy surowo\u015b\u0107 otwartej przestrzeni, prostot\u0119, minimalizm i funkcjonalno\u015b\u0107. <strong>Styl industrialny nie toleruje przepychu, bibelot\u00f3w pozbawionych konkretnego przeznaczenia czy zbytniej dekoracyjno\u015bci<\/strong>. Daleko mu r\u00f3wnie\u017c do estetyki nadmiaru. Pow\u015bci\u0105gliwo\u015b\u0107 wyra\u017ca si\u0119 tak\u017ce w oszcz\u0119dnej palecie kolor\u00f3w. W industrialnej aran\u017cacji dominuj\u0105 szaro\u015bci, biele, be\u017ce, grafit betonu architektonicznego, czerwie\u0144 ceg\u0142y czy naturalne wybarwienie metalu.<\/p>\n<p>Jakie dodatki sprawdz\u0105 si\u0119 w tak wyko\u0144czonym wn\u0119trzu i czy znajdzie si\u0119 w nim miejsce na typowo dekoracyjne elementy? Zobacz nasze pomys\u0142y na <a href=\"https:\/\/www.brw.pl\/dekoracje\/\" target=\"_blank\" rel=\"noopener noreferrer\">ozdoby i akcesoria<\/a>, kt\u00f3re u\u015bwietni\u0105 Tw\u00f3j salon, sypialni\u0119 lub domowe biuro w klimacie loft.<\/p>\n<h2 data-pm-slice=\"1 1 []\">Dodatki loftowe &#8211; na czym si\u0119 skupi\u0107?<\/h2>\n<p data-pm-slice=\"1 1 []\">Dodatki do wn\u0119trz w stylu loft to kwintesencja XX wieku, w kt\u00f3rym na dobre ruszy\u0142 wielki przemys\u0142, a \u015bwiat zacz\u0105\u0142 zmienia\u0107 si\u0119 w nieznanym dot\u0105d tempie. Tym bardziej mo\u017cesz pozwoli\u0107 sobie na oryginalno\u015bci i unikalno\u015bci, kt\u00f3re styl loftowy kocha. Mile widziane s\u0105 dekoracje wykonane z metalu, przy kt\u00f3rych nie brakuje r\u00f3wnie\u017c uzupe\u0142nie\u0144 z drewna. To swego rodzaju po\u0142\u0105czenie tradycji z nowoczesno\u015bci\u0105, co do\u015b\u0107 mocno obrazuje wn\u0119trza w stylu loft.<\/p>\n<p>W ka\u017cdej przestrzeni jest r\u00f3wnie\u017c miejsce na inne dekoracje, cho\u0107by tekstylia. Styl loftowy jest tu nieco trudniejszy do ogrania, poniewa\u017c trzeba si\u0119 bardziej postara\u0107 o zachowanie sp\u00f3jno\u015bci. Nie zawsze sprawdz\u0105 si\u0119 przepastne poduchy, czasem lepiej skupi\u0107 si\u0119 na dywanie i ciekawych zas\u0142onach. Dodatki to nie tylko dekoracje i tekstylia, to r\u00f3wnie\u017c o\u015bwietlenie. Dobieraj\u0105c je w swoim domu, w kt\u00f3rym panuje industrialny styl, dok\u0142adnie je przemy\u015bl i zaprojektuj.<\/p>\n<p>Pami\u0119taj jednak, \u017ce urz\u0105dzanie wn\u0119trza loft mo\u017ce by\u0107 doskona\u0142\u0105 zabaw\u0105, zw\u0142aszcza \u017ce efekt niejednokrotnie jest prawdziwie zaskakuj\u0105cy i zadowalaj\u0105cy.<\/p>\n<h2>Industrialne dodatki: obrazy i plakaty<\/h2>\n<p>Je\u015bli urz\u0105dzasz mieszkanie w stylu industrialnym, miej na uwadze, \u017ce pierwotnie loftowe wn\u0119trza adaptowane by\u0142y na pracownie artyst\u00f3w lub sale wystawowe. Obecno\u015b\u0107 <a href=\"https:\/\/www.brw.pl\/dekoracje\/dekoracje-scienne\/obrazy\/\" target=\"_blank\" rel=\"noopener noreferrer\">obraz\u00f3w<\/a> i <a href=\"https:\/\/www.brw.pl\/dekoracje\/dekoracje-scienne\/plakaty\/\" target=\"_blank\" rel=\"noopener noreferrer\">nietuzinkowych plakat\u00f3w<\/a> b\u0119dzie w nich wi\u0119c jak najbardziej wskazana \u2013 <strong>warto pokusi\u0107 si\u0119 o zawieszenie na \u015bcianie minimalistycznych grafik, wielkomiejskich krajobraz\u00f3w lub czarno-bia\u0142ych ilustracji<\/strong>, kt\u00f3re \u015bwietnie wpisuj\u0105 si\u0119 w surowy, przemys\u0142owy klimat. Dobrze sprawdz\u0105 si\u0119 r\u00f3wnie\u017c oprawione zdj\u0119cia, cho\u0107 w tym przypadku lepiej zrezygnowa\u0107 z ich kolorowej wersji.<\/p>\n<p>Oczywi\u015bcie nie musisz decydowa\u0107 si\u0119 na tworzenie domowej galerii, kt\u00f3ra zaj\u0119\u0142aby wszystkie wolne \u015bciany w pokoju. Dla podkre\u015blenia industrialnego charakteru aran\u017cacji wystarczy cho\u0107by pojedyncza grafika kontrastuj\u0105ca z biel\u0105 zupe\u0142nie g\u0142adkich \u015bcian. Tak wyrazisty akcent \u015bwietnie zaprezentuje si\u0119 na neutralnym tle, tym samym dodaj\u0105c wystrojowi bigla.<\/p>\n<div style=\"display: flex; align-items: center; justify-content: center; text-align: center;\">\n<figure id=\"attachment_19294\" aria-describedby=\"caption-attachment-19294\" style=\"width: 285px\" class=\"wp-caption aligncenter\"><img decoding=\"async\" class=\"wp-image-19294 lazyload\" data-src=\"https:\/\/www.brw.pl\/blog\/wp-content\/uploads\/2021\/08\/Obraz-Black-Woman.jpg\" alt=\"Obraz Black Woman\" width=\"285\" height=\"214\" src=\"data:image\/svg+xml;base64,PHN2ZyB3aWR0aD0iMSIgaGVpZ2h0PSIxIiB4bWxucz0iaHR0cDovL3d3dy53My5vcmcvMjAwMC9zdmciPjwvc3ZnPg==\" style=\"--smush-placeholder-width: 285px; --smush-placeholder-aspect-ratio: 285\/214;\" \/><figcaption id=\"caption-attachment-19294\" class=\"wp-caption-text\"><a href=\"https:\/\/www.brw.pl\/obraz-black-women,23220\" target=\"_blank\" rel=\"noopener noreferrer\"><span style=\"font-weight: 400;\">Obraz Black Woman <\/span><\/a><\/figcaption><\/figure>\n<figure id=\"attachment_19295\" aria-describedby=\"caption-attachment-19295\" style=\"width: 285px\" class=\"wp-caption aligncenter\"><img decoding=\"async\" class=\"wp-image-19295 lazyload\" data-src=\"https:\/\/www.brw.pl\/blog\/wp-content\/uploads\/2021\/08\/Plakat-Line-art-Kobieta.jpg\" alt=\"Plakat Line art Kobieta\" width=\"285\" height=\"214\" src=\"data:image\/svg+xml;base64,PHN2ZyB3aWR0aD0iMSIgaGVpZ2h0PSIxIiB4bWxucz0iaHR0cDovL3d3dy53My5vcmcvMjAwMC9zdmciPjwvc3ZnPg==\" style=\"--smush-placeholder-width: 285px; --smush-placeholder-aspect-ratio: 285\/214;\" \/><figcaption id=\"caption-attachment-19295\" class=\"wp-caption-text\"><a href=\"https:\/\/www.brw.pl\/plakat-line-art-kobieta-no-1,38045\" target=\"_blank\" rel=\"noopener noreferrer\"><span style=\"font-weight: 400;\">Plakat Line art Kobieta <\/span><\/a><\/figcaption><\/figure>\n<figure id=\"attachment_19296\" aria-describedby=\"caption-attachment-19296\" style=\"width: 285px\" class=\"wp-caption aligncenter\"><img decoding=\"async\" class=\"wp-image-19296 lazyload\" data-src=\"https:\/\/www.brw.pl\/blog\/wp-content\/uploads\/2021\/08\/Plakat-Nowy-Jork.jpg\" alt=\"Plakat Nowy Jork\" width=\"285\" height=\"214\" src=\"data:image\/svg+xml;base64,PHN2ZyB3aWR0aD0iMSIgaGVpZ2h0PSIxIiB4bWxucz0iaHR0cDovL3d3dy53My5vcmcvMjAwMC9zdmciPjwvc3ZnPg==\" style=\"--smush-placeholder-width: 285px; --smush-placeholder-aspect-ratio: 285\/214;\" \/><figcaption id=\"caption-attachment-19296\" class=\"wp-caption-text\"><a href=\"https:\/\/www.brw.pl\/plakat-nowy-jork-no-2,38042\" target=\"_blank\" rel=\"noopener noreferrer\"><span style=\"font-weight: 400;\">Plakat Nowy Jork <\/span><\/a><\/figcaption><\/figure>\n<\/div>\n<h2>Praktyczne ozdoby w stylu loft: zegary<\/h2>\n<p>W aran\u017cacjach w stylu industrialnym nie ob\u0119dzie si\u0119 bez dekoracji, kt\u00f3re pe\u0142ni\u0105 r\u00f3wnie\u017c praktyczn\u0105 funkcj\u0119. W tej roli znakomicie odnajd\u0105 si\u0119 minimalistyczne <a href=\"https:\/\/www.brw.pl\/dekoracje\/zegary\/\" target=\"_blank\" rel=\"noopener noreferrer\"><strong>analogowe zegary<\/strong><\/a> <strong>wype\u0142niaj\u0105ce pust\u0105 przestrze\u0144 na \u015bcianie<\/strong>. Wybieraj modele o nowoczesnej, metalowej formie i stosunkowo du\u017cej \u015brednicy \u2013 dobrze, aby tak stylowy akcent by\u0142 widoczny z daleka. Niebanaln\u0105 ozdob\u0105 wn\u0119trza b\u0119dzie tak\u017ce stylizowany zegar na pasku. Kuchnia, sypialnia, salon, a mo\u017ce przedpok\u00f3j? Sam zdecyduj, gdzie zawiesisz modny dodatek!<\/p>\n<div style=\"display: flex; align-items: center; justify-content: center; text-align: center;\">\n<figure id=\"attachment_19297\" aria-describedby=\"caption-attachment-19297\" style=\"width: 285px\" class=\"wp-caption aligncenter\"><img decoding=\"async\" class=\"wp-image-19297 lazyload\" data-src=\"https:\/\/www.brw.pl\/blog\/wp-content\/uploads\/2021\/08\/Zegar-Loft.jpg\" alt=\"Zegar Loft\" width=\"285\" height=\"214\" src=\"data:image\/svg+xml;base64,PHN2ZyB3aWR0aD0iMSIgaGVpZ2h0PSIxIiB4bWxucz0iaHR0cDovL3d3dy53My5vcmcvMjAwMC9zdmciPjwvc3ZnPg==\" style=\"--smush-placeholder-width: 285px; --smush-placeholder-aspect-ratio: 285\/214;\" \/><figcaption id=\"caption-attachment-19297\" class=\"wp-caption-text\"><a href=\"https:\/\/www.brw.pl\/zegar-scienny,36560\" target=\"_blank\" rel=\"noopener noreferrer\"><span style=\"font-weight: 400;\">Zegar Loft <\/span><\/a><\/figcaption><\/figure>\n<figure id=\"attachment_19298\" aria-describedby=\"caption-attachment-19298\" style=\"width: 285px\" class=\"wp-caption aligncenter\"><img decoding=\"async\" class=\"wp-image-19298 lazyload\" data-src=\"https:\/\/www.brw.pl\/blog\/wp-content\/uploads\/2021\/08\/Zegar.jpg\" alt=\"Zegar\" width=\"285\" height=\"214\" src=\"data:image\/svg+xml;base64,PHN2ZyB3aWR0aD0iMSIgaGVpZ2h0PSIxIiB4bWxucz0iaHR0cDovL3d3dy53My5vcmcvMjAwMC9zdmciPjwvc3ZnPg==\" style=\"--smush-placeholder-width: 285px; --smush-placeholder-aspect-ratio: 285\/214;\" \/><figcaption id=\"caption-attachment-19298\" class=\"wp-caption-text\"><a href=\"https:\/\/www.brw.pl\/zegar-scienny,36561\" target=\"_blank\" rel=\"noopener noreferrer\"><span style=\"font-weight: 400;\">Zegar <\/span><\/a><\/figcaption><\/figure>\n<\/div>\n<h2>W industrialnym klimacie: wazony<\/h2>\n<p>Tw\u00f3j salon wype\u0142niaj\u0105 typowo loftowe meble takie jak otwarty rega\u0142 wsparty na metalowym stela\u017cu, lekka komoda, czy geometryczny stolik? Je\u015bli zastanawiasz si\u0119, jakie drobiazgi warto wyeksponowa\u0107 na p\u00f3\u0142kach i blatach, postaw na stylowe wazony o neutralnej kolorystyce. Mocna wyrazista czer\u0144 lub po\u0142yskuj\u0105ce odcienie szaro\u015bci b\u0119d\u0105 niebanaln\u0105 opraw\u0105 kwiat\u00f3w lub dekoracyjnych ga\u0142\u0105zek. Nic nie stoi r\u00f3wnie\u017c na przeszkodzie, by wazon ozdabia\u0142 konsolk\u0119 w korytarzu lub nocn\u0105 szafk\u0119 w industrialnej sypialni.<\/p>\n<div style=\"display: flex; align-items: center; justify-content: center; text-align: center;\">\n<figure id=\"attachment_19299\" aria-describedby=\"caption-attachment-19299\" style=\"width: 285px\" class=\"wp-caption aligncenter\"><img decoding=\"async\" class=\"wp-image-19299 lazyload\" data-src=\"https:\/\/www.brw.pl\/blog\/wp-content\/uploads\/2021\/08\/Wazon-Kula.jpg\" alt=\"Wazon Kula\" width=\"285\" height=\"214\" src=\"data:image\/svg+xml;base64,PHN2ZyB3aWR0aD0iMSIgaGVpZ2h0PSIxIiB4bWxucz0iaHR0cDovL3d3dy53My5vcmcvMjAwMC9zdmciPjwvc3ZnPg==\" style=\"--smush-placeholder-width: 285px; --smush-placeholder-aspect-ratio: 285\/214;\" \/><figcaption id=\"caption-attachment-19299\" class=\"wp-caption-text\"><a href=\"https:\/\/www.brw.pl\/wazon-kula,38278\" target=\"_blank\" rel=\"noopener noreferrer\"><span style=\"font-weight: 400;\">Wazon Kula <\/span><\/a><\/figcaption><\/figure>\n<figure id=\"attachment_19300\" aria-describedby=\"caption-attachment-19300\" style=\"width: 285px\" class=\"wp-caption aligncenter\"><img decoding=\"async\" class=\"wp-image-19300 lazyload\" data-src=\"https:\/\/www.brw.pl\/blog\/wp-content\/uploads\/2021\/08\/Wazon-Premium.jpg\" alt=\"Wazon Premium\" width=\"285\" height=\"214\" src=\"data:image\/svg+xml;base64,PHN2ZyB3aWR0aD0iMSIgaGVpZ2h0PSIxIiB4bWxucz0iaHR0cDovL3d3dy53My5vcmcvMjAwMC9zdmciPjwvc3ZnPg==\" style=\"--smush-placeholder-width: 285px; --smush-placeholder-aspect-ratio: 285\/214;\" \/><figcaption id=\"caption-attachment-19300\" class=\"wp-caption-text\"><a href=\"https:\/\/www.brw.pl\/wazon-premium,38284\" target=\"_blank\" rel=\"noopener noreferrer\"><span style=\"font-weight: 400;\">Wazon Premium <\/span><\/a><\/figcaption><\/figure>\n<\/div>\n<h2>Dodatki, kt\u00f3re ociepl\u0105 loftowe wn\u0119trze: dywany<\/h2>\n<p>Industrialna przestrze\u0144, cho\u0107 z natury surowa, nie musi by\u0107 pozbawiona przytulnych dodatk\u00f3w. Je\u015bli w Twojej aran\u017cacji obecny jest beton architektoniczny lub ceg\u0142a, a g\u0142\u00f3wn\u0105 rol\u0119 w wystroju odgrywaj\u0105 metalowe elementy i ods\u0142oni\u0119te instalacje, <strong>postaw na par\u0119 ciep\u0142ych akcent\u00f3w, kt\u00f3re urozmaic\u0105 ascetyczne wn\u0119trze<\/strong>. Dobrym pomys\u0142em jest si\u0119gni\u0119cie po mozaikowy dywan \u0142\u0105cz\u0105cy w sobie kilka r\u00f3\u017cnych faktur lub stonowany kolorystycznie dywanik w geometryczne wzory. Na drewnianej pod\u0142odze znakomicie zaprezentuj\u0105 si\u0119 dywany w modnych szaro\u015bciach i be\u017cach prze\u0142amanych wyrazist\u0105 czerni\u0105.<\/p>\n<p>Zale\u017cy Ci na o\u017cywieniu stonowanej aran\u017cacji? \u015amia\u0142o mo\u017cesz pokusi\u0107 si\u0119 o dywan w intensywnych kolorach, np. kontrastuj\u0105cej z pozosta\u0142ymi barwami musztardow\u0105 \u017c\u00f3\u0142ci\u0105 czy pomara\u0144czem.<\/p>\n<div style=\"display: flex; align-items: center; justify-content: center; text-align: center;\">\n<figure id=\"attachment_19301\" aria-describedby=\"caption-attachment-19301\" style=\"width: 285px\" class=\"wp-caption aligncenter\"><img decoding=\"async\" class=\"wp-image-19301 lazyload\" data-src=\"https:\/\/www.brw.pl\/blog\/wp-content\/uploads\/2021\/08\/Dywan-Darica.jpg\" alt=\"Dywan Darica\" width=\"285\" height=\"214\" src=\"data:image\/svg+xml;base64,PHN2ZyB3aWR0aD0iMSIgaGVpZ2h0PSIxIiB4bWxucz0iaHR0cDovL3d3dy53My5vcmcvMjAwMC9zdmciPjwvc3ZnPg==\" style=\"--smush-placeholder-width: 285px; --smush-placeholder-aspect-ratio: 285\/214;\" \/><figcaption id=\"caption-attachment-19301\" class=\"wp-caption-text\"><a href=\"https:\/\/www.brw.pl\/dywan-160x230-darica,30171\" target=\"_blank\" rel=\"noopener noreferrer\"><span style=\"font-weight: 400;\">Dywan Darica <\/span><\/a><\/figcaption><\/figure>\n<figure id=\"attachment_19302\" aria-describedby=\"caption-attachment-19302\" style=\"width: 285px\" class=\"wp-caption aligncenter\"><img decoding=\"async\" class=\"wp-image-19302 lazyload\" data-src=\"https:\/\/www.brw.pl\/blog\/wp-content\/uploads\/2021\/08\/Dywan-Mardin.jpg\" alt=\"Dywan Mardin\" width=\"285\" height=\"214\" src=\"data:image\/svg+xml;base64,PHN2ZyB3aWR0aD0iMSIgaGVpZ2h0PSIxIiB4bWxucz0iaHR0cDovL3d3dy53My5vcmcvMjAwMC9zdmciPjwvc3ZnPg==\" style=\"--smush-placeholder-width: 285px; --smush-placeholder-aspect-ratio: 285\/214;\" \/><figcaption id=\"caption-attachment-19302\" class=\"wp-caption-text\"><a href=\"https:\/\/www.brw.pl\/dywan-150x80-mardin,30182\" target=\"_blank\" rel=\"noopener noreferrer\"><span style=\"font-weight: 400;\">Dywan Mardin <\/span><\/a><\/figcaption><\/figure>\n<figure id=\"attachment_19303\" aria-describedby=\"caption-attachment-19303\" style=\"width: 285px\" class=\"wp-caption aligncenter\"><img decoding=\"async\" class=\"wp-image-19303 lazyload\" data-src=\"https:\/\/www.brw.pl\/blog\/wp-content\/uploads\/2021\/08\/Dywan-Wood.jpg\" alt=\"Dywan Wood\" width=\"285\" height=\"214\" src=\"data:image\/svg+xml;base64,PHN2ZyB3aWR0aD0iMSIgaGVpZ2h0PSIxIiB4bWxucz0iaHR0cDovL3d3dy53My5vcmcvMjAwMC9zdmciPjwvc3ZnPg==\" style=\"--smush-placeholder-width: 285px; --smush-placeholder-aspect-ratio: 285\/214;\" \/><figcaption id=\"caption-attachment-19303\" class=\"wp-caption-text\"><a href=\"https:\/\/www.brw.pl\/dywan-160x230-wood,20610\" target=\"_blank\" rel=\"noopener noreferrer\"><span style=\"font-weight: 400;\">Dywan Wood <\/span><\/a><\/figcaption><\/figure>\n<\/div>\n<h2>O\u015bwietlenie w stylu industrialnym: lampy wisz\u0105ce i pod\u0142ogowe<\/h2>\n<p>Ostatnim elementem, kt\u00f3rego nie mo\u017ce zabrakn\u0105\u0107 w mieszkaniu w stylu industrialnym, jest odpowiednie o\u015bwietlenie. Obowi\u0105zkowo wybierz oprawy \u015bwietlne stylizowane na modele z epoki: <strong>a\u017curowe, metalowe klosze, nagie \u017car\u00f3wki na d\u0142ugich kablach czy przecierane lampy ze stali zdadz\u0105 egzamin celuj\u0105co<\/strong>.<\/p>\n<div style=\"display: flex; align-items: center; justify-content: center; text-align: center;\">\n<figure id=\"attachment_19304\" aria-describedby=\"caption-attachment-19304\" style=\"width: 285px\" class=\"wp-caption aligncenter\"><img decoding=\"async\" class=\"wp-image-19304 lazyload\" data-src=\"https:\/\/www.brw.pl\/blog\/wp-content\/uploads\/2021\/08\/Lampa-pod\u0142ogowa-Priddy.jpg\" alt=\"Lampa pod\u0142ogowa Priddy\" width=\"285\" height=\"214\" src=\"data:image\/svg+xml;base64,PHN2ZyB3aWR0aD0iMSIgaGVpZ2h0PSIxIiB4bWxucz0iaHR0cDovL3d3dy53My5vcmcvMjAwMC9zdmciPjwvc3ZnPg==\" style=\"--smush-placeholder-width: 285px; --smush-placeholder-aspect-ratio: 285\/214;\" \/><figcaption id=\"caption-attachment-19304\" class=\"wp-caption-text\"><a href=\"https:\/\/www.brw.pl\/lampa-podlogowa-priddy,16794\" target=\"_blank\" rel=\"noopener noreferrer\"><span style=\"font-weight: 400;\">Lampa pod\u0142ogowa Priddy <\/span><\/a><\/figcaption><\/figure>\n<figure id=\"attachment_19305\" aria-describedby=\"caption-attachment-19305\" style=\"width: 285px\" class=\"wp-caption aligncenter\"><img decoding=\"async\" class=\"wp-image-19305 lazyload\" data-src=\"https:\/\/www.brw.pl\/blog\/wp-content\/uploads\/2021\/08\/Lampa-sto\u0142owa-Lenius.jpg\" alt=\"Lampa sto\u0142owa Lenius\" width=\"285\" height=\"214\" src=\"data:image\/svg+xml;base64,PHN2ZyB3aWR0aD0iMSIgaGVpZ2h0PSIxIiB4bWxucz0iaHR0cDovL3d3dy53My5vcmcvMjAwMC9zdmciPjwvc3ZnPg==\" style=\"--smush-placeholder-width: 285px; --smush-placeholder-aspect-ratio: 285\/214;\" \/><figcaption id=\"caption-attachment-19305\" class=\"wp-caption-text\"><a href=\"https:\/\/www.brw.pl\/lampa-stolowa-lenius,26843\" target=\"_blank\" rel=\"noopener noreferrer\"><span style=\"font-weight: 400;\">Lampa sto\u0142owa Lenius <\/span><\/a><\/figcaption><\/figure>\n<figure id=\"attachment_19306\" aria-describedby=\"caption-attachment-19306\" style=\"width: 285px\" class=\"wp-caption aligncenter\"><img decoding=\"async\" class=\"wp-image-19306 lazyload\" data-src=\"https:\/\/www.brw.pl\/blog\/wp-content\/uploads\/2021\/08\/Lampa-wisz\u0105ca-Imbria.jpg\" alt=\"Lampa wisz\u0105ca Imbria\" width=\"285\" height=\"214\" src=\"data:image\/svg+xml;base64,PHN2ZyB3aWR0aD0iMSIgaGVpZ2h0PSIxIiB4bWxucz0iaHR0cDovL3d3dy53My5vcmcvMjAwMC9zdmciPjwvc3ZnPg==\" style=\"--smush-placeholder-width: 285px; --smush-placeholder-aspect-ratio: 285\/214;\" \/><figcaption id=\"caption-attachment-19306\" class=\"wp-caption-text\"><a href=\"https:\/\/www.brw.pl\/lampa-wiszaca-imbria,21724\" target=\"_blank\" rel=\"noopener noreferrer\"><span style=\"font-weight: 400;\">Lampa wisz\u0105ca Imbria <\/span><\/a><\/figcaption><\/figure>\n<\/div>\n<p>W industrialnej aran\u017cacji dobrze sprawdz\u0105 si\u0119 oryginalne kompozycje \u015bwietlne z\u0142o\u017cone z kilku r\u00f3\u017cnych lamp wisz\u0105cych \u2013 taka dekoracja \u015bmia\u0142o mo\u017ce pojawi\u0107 si\u0119 w wypoczynkowej cz\u0119\u015bci salonu, nad sto\u0142em jadalnianym lub kuchenn\u0105 wysp\u0105. Nie zapomnij o stylowych lampach pod\u0142ogowych, niezb\u0119dnych w pokoju dziennym czy domowej przestrzeni biurowej.<\/p>\n<p><strong>Jak widzisz, sposob\u00f3w na urozmaicenie loftowego wn\u0119trza jest wiele, a ka\u017cdy dodatek mo\u017ce pe\u0142ni\u0107 w nim okre\u015blon\u0105 funkcj\u0119. Nowoczesne dekoracje pozwol\u0105 Ci stworzy\u0107 minimalistyczny, ale jednocze\u015bnie stylowy wystr\u00f3j, kt\u00f3remu daleko do aran\u017cacyjnej sztampy. Si\u0119gnij po dodatki z oferty Black Red White i ciesz si\u0119 przestrzeni\u0105 pe\u0142n\u0105 modnych i funkcjonalnych rozwi\u0105za\u0144. <\/strong><\/p>\n","protected":false},"excerpt":{"rendered":"<p>Urz\u0105dzasz mieszkanie w stylu industrialnym i szukasz dodatk\u00f3w, kt\u00f3re zaakcentuj\u0105 niepowtarzalny charakter aran\u017cowanej przestrzeni? Je\u015bli ciekawi Ci\u0119, jakie dekoracje doskonale odnajd\u0105 si\u0119 we wn\u0119trzach inspirowanych nowojorskimi loftami, przeczytaj nasz artyku\u0142. Przedstawiamy 5 pomys\u0142\u00f3w na modne dodatki industrialne. Zainspiruj si\u0119! Styl industrialny, czyli spos\u00f3b na wn\u0119trze z charakterem Industrialne wn\u0119trza nie wychodz\u0105 z mody ju\u017c od [&hellip;]<\/p>\n","protected":false},"author":21,"featured_media":19293,"comment_status":"closed","ping_status":"open","sticky":false,"template":"","format":"standard","meta":{"footnotes":""},"categories":[28,735,746,29],"tags":[],"aioseo_notices":[],"_links":{"self":[{"href":"https:\/\/www.brw.pl\/blog\/wp-json\/wp\/v2\/posts\/19292"}],"collection":[{"href":"https:\/\/www.brw.pl\/blog\/wp-json\/wp\/v2\/posts"}],"about":[{"href":"https:\/\/www.brw.pl\/blog\/wp-json\/wp\/v2\/types\/post"}],"author":[{"embeddable":true,"href":"https:\/\/www.brw.pl\/blog\/wp-json\/wp\/v2\/users\/21"}],"replies":[{"embeddable":true,"href":"https:\/\/www.brw.pl\/blog\/wp-json\/wp\/v2\/comments?post=19292"}],"version-history":[{"count":4,"href":"https:\/\/www.brw.pl\/blog\/wp-json\/wp\/v2\/posts\/19292\/revisions"}],"predecessor-version":[{"id":31222,"href":"https:\/\/www.brw.pl\/blog\/wp-json\/wp\/v2\/posts\/19292\/revisions\/31222"}],"wp:featuredmedia":[{"embeddable":true,"href":"https:\/\/www.brw.pl\/blog\/wp-json\/wp\/v2\/media\/19293"}],"wp:attachment":[{"href":"https:\/\/www.brw.pl\/blog\/wp-json\/wp\/v2\/media?parent=19292"}],"wp:term":[{"taxonomy":"category","embeddable":true,"href":"https:\/\/www.brw.pl\/blog\/wp-json\/wp\/v2\/categories?post=19292"},{"taxonomy":"post_tag","embeddable":true,"href":"https:\/\/www.brw.pl\/blog\/wp-json\/wp\/v2\/tags?post=19292"}],"curies":[{"name":"wp","href":"https:\/\/api.w.org\/{rel}","templated":true}]}}