{"id":19369,"date":"2021-08-12T09:02:01","date_gmt":"2021-08-12T07:02:01","guid":{"rendered":"https:\/\/www.brw.pl\/blog\/?p=19369"},"modified":"2024-09-27T15:06:02","modified_gmt":"2024-09-27T13:06:02","slug":"aranzacyjne-wyzwanie-urzadzamy-dwupokojowe-mieszkanie","status":"publish","type":"post","link":"https:\/\/www.brw.pl\/blog\/aranzacyjne-wyzwanie-urzadzamy-dwupokojowe-mieszkanie\/","title":{"rendered":"Jak urz\u0105dzi\u0107 dwupokojowe mieszkanie?"},"content":{"rendered":"<p><strong>Jak urz\u0105dzi\u0107 ma\u0142e mieszkanie, by zaaran\u017cowana przestrze\u0144 by\u0142a nie tylko stylowa i mi\u0142a dla oka, ale r\u00f3wnie\u017c maksymalnie funkcjonalna? Projekt dwupokojowego lokum musi by\u0107 przemy\u015blany w ka\u017cdym, najdrobniejszym nawet szczeg\u00f3le \u2013 od palety kolorystycznej i stylistyki, po wielofunkcyjne elementy wyposa\u017cenia. Szukasz sprytnych sposob\u00f3w na ma\u0142e, ale \u015bwietnie urz\u0105dzone mieszkanie? Zapraszamy do lektury artyku\u0142u!<\/strong><\/p>\n<p><img decoding=\"async\" class=\"aligncenter size-medium wp-image-19370 lazyload\" data-src=\"https:\/\/www.brw.pl\/blog\/wp-content\/uploads\/2021\/08\/Dwupokojowe-mieszkanie-jak-je-urz\u0105dzi\u0107-800x540.png\" alt=\"Jak urz\u0105dzi\u0107 dwupokojowe mieszkanie?\" width=\"800\" height=\"540\" data-srcset=\"https:\/\/www.brw.pl\/blog\/wp-content\/uploads\/2021\/08\/Dwupokojowe-mieszkanie-jak-je-urz\u0105dzi\u0107-800x540.png 800w, https:\/\/www.brw.pl\/blog\/wp-content\/uploads\/2021\/08\/Dwupokojowe-mieszkanie-jak-je-urz\u0105dzi\u0107-768x518.png 768w, https:\/\/www.brw.pl\/blog\/wp-content\/uploads\/2021\/08\/Dwupokojowe-mieszkanie-jak-je-urz\u0105dzi\u0107-1536x1037.png 1536w, https:\/\/www.brw.pl\/blog\/wp-content\/uploads\/2021\/08\/Dwupokojowe-mieszkanie-jak-je-urz\u0105dzi\u0107.png 1600w\" data-sizes=\"(max-width: 800px) 100vw, 800px\" src=\"data:image\/svg+xml;base64,PHN2ZyB3aWR0aD0iMSIgaGVpZ2h0PSIxIiB4bWxucz0iaHR0cDovL3d3dy53My5vcmcvMjAwMC9zdmciPjwvc3ZnPg==\" style=\"--smush-placeholder-width: 800px; --smush-placeholder-aspect-ratio: 800\/540;\" \/><\/p>\n<h2>Jak urz\u0105dzi\u0107 ma\u0142e mieszkanie? Sposoby na aran\u017cacj\u0119 skromnej przestrzeni<\/h2>\n<p>Aran\u017cacja mieszkania o stosunkowo niewielkiej powierzchni mo\u017ce stanowi\u0107 prawdziwe wyzwanie. Dzieje si\u0119 tak, kiedy na zaledwie kilkudziesi\u0119ciu, zazwyczaj oko\u0142o czterdziestu metrach kwadratowych musimy zmie\u015bci\u0107 pok\u00f3j dzienny z jadalni\u0105, kuchni\u0119, sypialni\u0119, \u0142azienk\u0119 i przedpok\u00f3j. Je\u015bli do\u0142\u0105czymy do tego k\u0105cik biurowy, stref\u0119 pe\u0142ni\u0105c\u0105 funkcj\u0119 pokoju go\u015bcinnego, a do tego praktyczne miejsca do przechowywania \u2013 zadanie wydaje si\u0119 nas przerasta\u0107. Na szcz\u0119\u015bcie istniej\u0105 sposoby, dzi\u0119ki kt\u00f3rym nawet ma\u0142e mieszkanie pomie\u015bci wszystko, czego potrzebuj\u0105 domownicy, zachowuj\u0105c przy tym przytulno\u015b\u0107 i przestronno\u015b\u0107.<\/p>\n<p>Czym powinna charakteryzowa\u0107 si\u0119 tak zaplanowana przestrze\u0144? <strong>Przede wszystkim dwupokojowe mieszkanie o ma\u0142ym metra\u017cu musi \u0142\u0105czy\u0107 w sobie minimalizm i najwy\u017csz\u0105 funkcjonalno\u015b\u0107<\/strong>. Nie ma tu miejsca na ci\u0119\u017ckie, bogato zdobione meble, nadmiar bibelot\u00f3w czy nieprzydatne elementy wyposa\u017cenia. Doskonale sprawdzi si\u0119 za to lekka, jednolita zabudowa, wielofunkcyjne systemy oraz rozwi\u0105zania, kt\u00f3re optycznie powi\u0119kszaj\u0105 wn\u0119trza.<\/p>\n<div style=\"display: flex; align-items: center; justify-content: center; text-align: center;\">\n<figure id=\"attachment_19372\" aria-describedby=\"caption-attachment-19372\" style=\"width: 800px\" class=\"wp-caption aligncenter\"><img decoding=\"async\" class=\"wp-image-19372 size-medium lazyload\" data-src=\"https:\/\/www.brw.pl\/blog\/wp-content\/uploads\/2021\/08\/Kioto-aran\u017cacja-800x540.png\" alt=\"Kioto aran\u017cacja\" width=\"800\" height=\"540\" data-srcset=\"https:\/\/www.brw.pl\/blog\/wp-content\/uploads\/2021\/08\/Kioto-aran\u017cacja-800x540.png 800w, https:\/\/www.brw.pl\/blog\/wp-content\/uploads\/2021\/08\/Kioto-aran\u017cacja-768x518.png 768w, https:\/\/www.brw.pl\/blog\/wp-content\/uploads\/2021\/08\/Kioto-aran\u017cacja-1536x1037.png 1536w, https:\/\/www.brw.pl\/blog\/wp-content\/uploads\/2021\/08\/Kioto-aran\u017cacja.png 1600w\" data-sizes=\"(max-width: 800px) 100vw, 800px\" src=\"data:image\/svg+xml;base64,PHN2ZyB3aWR0aD0iMSIgaGVpZ2h0PSIxIiB4bWxucz0iaHR0cDovL3d3dy53My5vcmcvMjAwMC9zdmciPjwvc3ZnPg==\" style=\"--smush-placeholder-width: 800px; --smush-placeholder-aspect-ratio: 800\/540;\" \/><figcaption id=\"caption-attachment-19372\" class=\"wp-caption-text\"><span style=\"font-weight: 400;\"> Lekkie i jasne meble, tak jak <\/span><a href=\"https:\/\/www.brw.pl\/komoda-kioto,28913\" target=\" rel=\" rel=\"noopener noreferrer\"><span style=\"font-weight: 400;\">komoda z kolekcji Kioto<\/span><\/a><span style=\"font-weight: 400;\"> to \u015bwietny wyb\u00f3r do ma\u0142ego mieszkania<\/span><\/figcaption><\/figure>\n<\/div>\n<p>Aby wprowadzi\u0107 do pomieszcze\u0144 wra\u017cenie przestronno\u015bci, w pierwszej kolejno\u015bci nale\u017cy wpu\u015bci\u0107 do wn\u0119trza jak najwi\u0119cej \u015bwiat\u0142a. Pomog\u0105 Ci w tym du\u017ce, ods\u0142oni\u0119te okna i odpowiednie o\u015bwietlenie, ale te\u017c wizualne \u201eotworzenie\u201d przestrzeni. Oznacza to rezygnacj\u0119 ze \u015bcianek dzia\u0142owych na rzecz przeszkle\u0144 oraz umownego podzia\u0142u na strefy za pomoc\u0105 element\u00f3w wyposa\u017cenia, np. sto\u0142u jadalnianego, dywanu czy naro\u017cnika.<\/p>\n<p><strong>Optyczne powi\u0119kszenie przestrzeni zapewni\u0105 r\u00f3wnie\u017c jasne kolory, kt\u00f3re odbijaj\u0105 \u015bwiat\u0142o, zamiast je poch\u0142ania\u0107<\/strong>. W tym przypadku warto postawi\u0107 na biel i r\u00f3\u017cne jej odcienie, jasne be\u017ce czy rozbielone b\u0142\u0119kity. Nie unikaj po\u0142yskuj\u0105cych powierzchni, kt\u00f3re jeszcze bardziej rozja\u015bni\u0105 wn\u0119trze i uczyni\u0105 je przestronnym. Zasady te zastosuj zar\u00f3wno w odniesieniu do \u015bcian i pod\u0142\u00f3g, jak i do zabudowy. Aby pomieszczenia nie prezentowa\u0142y si\u0119 zbyt sterylnie, mo\u017cesz wprowadzi\u0107 do nich przytulne elementy takie jak drewno czy mi\u0119kkie tekstylia. Dobrym pomys\u0142em jest pozostanie przy takich stylach aran\u017cacyjnych, w kt\u00f3rych liczy si\u0119 umiar i wizualna lekko\u015b\u0107, a tak\u017ce umiej\u0119tno\u015b\u0107 pozbywania si\u0119 rzeczy zb\u0119dnych.<\/p>\n<p><strong>&gt;&gt;<a href=\"https:\/\/www.brw.pl\/blog\/kierunek-japonia-minimalistyczne-dodatki-w-stylu-japandi\/\" target=\"_blank\" rel=\"noopener noreferrer\">W niewielkim mieszkaniu \u015bwietnie sprawdz\u0105 si\u0119 minimalistyczne dodatki w stylu japandi. Jak je rozpozna\u0107? Sprawd\u017a<\/a>!<\/strong><\/p>\n<p><!-- <img decoding=\"async\" class=\"aligncenter size-medium wp-image-19373 lazyload\" data-src=\"https:\/\/www.brw.pl\/blog\/wp-content\/uploads\/2021\/08\/FL12_naroznik_-ZOYA_MODONE_9712_GREY-SZARY_ar1-800x482.png\" alt=\"Jak urz\u0105dzi\u0107 ma\u0142e mieszkanie \u2013 MISTRZ\" width=\"800\" height=\"482\" data-srcset=\"https:\/\/www.brw.pl\/blog\/wp-content\/uploads\/2021\/08\/FL12_naroznik_-ZOYA_MODONE_9712_GREY-SZARY_ar1-800x482.png 800w, https:\/\/www.brw.pl\/blog\/wp-content\/uploads\/2021\/08\/FL12_naroznik_-ZOYA_MODONE_9712_GREY-SZARY_ar1-768x463.png 768w, https:\/\/www.brw.pl\/blog\/wp-content\/uploads\/2021\/08\/FL12_naroznik_-ZOYA_MODONE_9712_GREY-SZARY_ar1.png 900w\" data-sizes=\"(max-width: 800px) 100vw, 800px\" src=\"data:image\/svg+xml;base64,PHN2ZyB3aWR0aD0iMSIgaGVpZ2h0PSIxIiB4bWxucz0iaHR0cDovL3d3dy53My5vcmcvMjAwMC9zdmciPjwvc3ZnPg==\" style=\"--smush-placeholder-width: 800px; --smush-placeholder-aspect-ratio: 800\/482;\" \/> --><\/p>\n<p>Pami\u0119taj, \u017ce ma\u0142e wn\u0119trza wymagaj\u0105 rozs\u0105dnego podej\u015bcia do organizacji przedmiot\u00f3w. W niewielkim mieszkaniu sprawdz\u0105 si\u0119 systemy umo\u017cliwiaj\u0105ce dyskretne przechowywanie drobiazg\u00f3w. <strong>Niezb\u0119dne b\u0119d\u0105 meble wielofunkcyjne, dzi\u0119ki kt\u00f3rym zaoszcz\u0119dzisz cenne miejsce<\/strong> \u2013 <a href=\"https:\/\/www.brw.pl\/narozniki\/pojemnik-na-posciel-tak\/\" target=\"_blank\" rel=\"noopener noreferrer\">naro\u017cniki z funkcj\u0105 spania i pojemnikami na po\u015bciel<\/a>, \u0142\u00f3\u017cko z szufladami lub dodatkowym pojemnikiem, a tak\u017ce szafa z lustrem.<\/p>\n<h2>Strefa dzienna w dwupokojowym mieszkaniu: styl i funkcjonalno\u015b\u0107<\/h2>\n<p>Urz\u0105dzaj\u0105c stref\u0119 dzienn\u0105 w dwupokojowym mieszkaniu, miej na wzgl\u0119dzie, \u017ce jest to pomieszczenie pe\u0142ni\u0105ce de facto trzy r\u00f3\u017cne funkcje: salonu, jadalni oraz kuchni. Z tego powodu powinno by\u0107 ono praktyczne, a przy tym komfortowe i przytulne. Jakie rozwi\u0105zania pozwol\u0105 Ci zaaran\u017cowa\u0107 wygodny k\u0105cik wypoczynkowy, a dodatkowo wydzieli\u0107 miejsce na jadalni\u0119?<\/p>\n<p>Aby dobrze zagospodarowa\u0107 dost\u0119pny metra\u017c, postaw na meble o wielu zastosowaniach. <strong>Nawet w niedu\u017cym pokoju \u015bmia\u0142o mo\u017cesz umie\u015bci\u0107 rozk\u0142adany naro\u017cnik, kt\u00f3ry w dzie\u0144 pos\u0142u\u017cy jednocze\u015bnie za kanap\u0119 i wygodny szezlong, a noc\u0105 za dodatkowe miejsce do spania<\/strong>. Dzi\u0119ki temu bez przeszk\u00f3d przenocujesz u siebie go\u015bci, nie martwi\u0105c si\u0119 o to, gdzie ich ulokujesz. Stref\u0119 wypoczynkow\u0105 z naro\u017cnikiem uzupe\u0142nij r\u00f3wnie\u017c o kompaktowy stolik kawowy lub zintegrowany komplet dw\u00f3ch \u0142aw, kt\u00f3re w razie potrzeby rozsuniesz, zyskuj\u0105c dodatkow\u0105 powierzchni\u0119 blatu. <strong>Dobrym zast\u0119pstwem dla foteli b\u0119d\u0105 pufy z miejscem do przechowywania<\/strong> \u2013 to \u015bwietny spos\u00f3b na siedzisko i dyskretny schowek w jednym.<\/p>\n<div style=\"display: flex; align-items: center; justify-content: center; text-align: center;\">\n<figure id=\"attachment_19374\" aria-describedby=\"caption-attachment-19374\" style=\"width: 285px\" class=\"wp-caption aligncenter\"><img decoding=\"async\" class=\"wp-image-19374 lazyload\" data-src=\"https:\/\/www.brw.pl\/blog\/wp-content\/uploads\/2021\/08\/Komplet-\u0142aw-Aroz.jpg\" alt=\"Komplet \u0142aw Aroz\" width=\"285\" height=\"214\" src=\"data:image\/svg+xml;base64,PHN2ZyB3aWR0aD0iMSIgaGVpZ2h0PSIxIiB4bWxucz0iaHR0cDovL3d3dy53My5vcmcvMjAwMC9zdmciPjwvc3ZnPg==\" style=\"--smush-placeholder-width: 285px; --smush-placeholder-aspect-ratio: 285\/214;\" \/><figcaption id=\"caption-attachment-19374\" class=\"wp-caption-text\"><a href=\"https:\/\/www.brw.pl\/komplet-dwoch-law-40-50-aroz,34697\" target=\" rel=\" rel=\"noopener noreferrer\"><span style=\"font-weight: 400;\">Komplet \u0142aw Aroz<\/span><\/a><\/figcaption><\/figure>\n<figure id=\"attachment_19375\" aria-describedby=\"caption-attachment-19375\" style=\"width: 285px\" class=\"wp-caption aligncenter\"><img decoding=\"async\" class=\"wp-image-19375 lazyload\" data-src=\"https:\/\/www.brw.pl\/blog\/wp-content\/uploads\/2021\/08\/Naro\u017cnik-Ralf.jpg\" alt=\"Naro\u017cnik Ralf\" width=\"285\" height=\"214\" src=\"data:image\/svg+xml;base64,PHN2ZyB3aWR0aD0iMSIgaGVpZ2h0PSIxIiB4bWxucz0iaHR0cDovL3d3dy53My5vcmcvMjAwMC9zdmciPjwvc3ZnPg==\" style=\"--smush-placeholder-width: 285px; --smush-placeholder-aspect-ratio: 285\/214;\" \/><figcaption id=\"caption-attachment-19375\" class=\"wp-caption-text\"><a href=\"https:\/\/www.brw.pl\/naroznik-ralf,38985\" target=\" rel=\" rel=\"noopener noreferrer\"><span style=\"font-weight: 400;\">Naro\u017cnik Ralf<\/span><\/a><\/figcaption><\/figure>\n<figure id=\"attachment_19376\" aria-describedby=\"caption-attachment-19376\" style=\"width: 285px\" class=\"wp-caption aligncenter\"><img decoding=\"async\" class=\"wp-image-19376 lazyload\" data-src=\"https:\/\/www.brw.pl\/blog\/wp-content\/uploads\/2021\/08\/Zestaw-puf-Monty.jpg\" alt=\"Zestaw puf Monty\" width=\"285\" height=\"214\" src=\"data:image\/svg+xml;base64,PHN2ZyB3aWR0aD0iMSIgaGVpZ2h0PSIxIiB4bWxucz0iaHR0cDovL3d3dy53My5vcmcvMjAwMC9zdmciPjwvc3ZnPg==\" style=\"--smush-placeholder-width: 285px; --smush-placeholder-aspect-ratio: 285\/214;\" \/><figcaption id=\"caption-attachment-19376\" class=\"wp-caption-text\"><a href=\"https:\/\/www.brw.pl\/komplet-dwoch-pufow-popielaty-monty,32346\" target=\" rel=\" rel=\"noopener noreferrer\"><span style=\"font-weight: 400;\">Zestaw puf Monty<\/span><\/a><\/figcaption><\/figure>\n<\/div>\n<p>Podstawowym elementem wyposa\u017cenia jadalni b\u0119dzie <a href=\"https:\/\/www.brw.pl\/meble\/stoly-i-krzesla\/stoly\/stoly-rozkladane\/\" target=\"_blank\" rel=\"noopener noreferrer\">rozk\u0142adany st\u00f3\u0142<\/a>, kt\u00f3ry wyznaczy granice stref. Z jednej strony oddzieli cz\u0119\u015b\u0107 jadalnian\u0105 od wypoczynkowej, natomiast z drugiej \u2013 jadalnian\u0105 od kuchennej. <strong>Aran\u017cacja sprawi wra\u017cenie lekkiej, je\u015bli do sto\u0142u do\u0142\u0105czysz krzes\u0142a o uko\u015bnych nogach i jasnym wybarwieniu<\/strong>. Pami\u0119taj r\u00f3wnie\u017c o odpowiednim o\u015bwietleniu tej strefy. Dobrym pomys\u0142em b\u0119dzie zamontowanie nad sto\u0142em ciekawych lamp wisz\u0105cych.<\/p>\n<p>O czym jeszcze pomy\u015ble\u0107, wype\u0142niaj\u0105c przestrze\u0144 salonu? <strong>Z pewno\u015bci\u0105 przydatny oka\u017ce si\u0119 <a href=\"https:\/\/www.brw.pl\/meble\/przechowywanie\/regaly\/\" target=\"_blank\" rel=\"noopener noreferrer\">rega\u0142, dzi\u0119ki kt\u00f3remu stworzysz k\u0105cik biblioteczny<\/a> lub wyeksponujesz dekoracyjne drobiazgi<\/strong>. Mo\u017cesz zdecydowa\u0107 si\u0119 na rega\u0142 zamkni\u0119ty, wyko\u0144czony po\u0142yskuj\u0105cymi frontami lub przeciwnie \u2013 modn\u0105 eta\u017cerk\u0119 o przestrzennej formie, kt\u00f3ra nie przyt\u0142oczy pomieszczenia.<\/p>\n<div style=\"display: flex; align-items: center; justify-content: center; text-align: center;\">\n<figure id=\"attachment_19377\" aria-describedby=\"caption-attachment-19377\" style=\"width: 800px\" class=\"wp-caption aligncenter\"><img decoding=\"async\" class=\"wp-image-19377 size-medium lazyload\" data-src=\"https:\/\/www.brw.pl\/blog\/wp-content\/uploads\/2021\/08\/Meble-z-kolekcji-Antwerpen-800x540.png\" alt=\"Meble z kolekcji Antwerpen\" width=\"800\" height=\"540\" data-srcset=\"https:\/\/www.brw.pl\/blog\/wp-content\/uploads\/2021\/08\/Meble-z-kolekcji-Antwerpen-800x540.png 800w, https:\/\/www.brw.pl\/blog\/wp-content\/uploads\/2021\/08\/Meble-z-kolekcji-Antwerpen-768x518.png 768w, https:\/\/www.brw.pl\/blog\/wp-content\/uploads\/2021\/08\/Meble-z-kolekcji-Antwerpen-1536x1037.png 1536w, https:\/\/www.brw.pl\/blog\/wp-content\/uploads\/2021\/08\/Meble-z-kolekcji-Antwerpen.png 1600w\" data-sizes=\"(max-width: 800px) 100vw, 800px\" src=\"data:image\/svg+xml;base64,PHN2ZyB3aWR0aD0iMSIgaGVpZ2h0PSIxIiB4bWxucz0iaHR0cDovL3d3dy53My5vcmcvMjAwMC9zdmciPjwvc3ZnPg==\" style=\"--smush-placeholder-width: 800px; --smush-placeholder-aspect-ratio: 800\/540;\" \/><figcaption id=\"caption-attachment-19377\" class=\"wp-caption-text\"><a href=\"https:\/\/www.brw.pl\/kolekcja-antwerpen,201\" target=\" rel=\" rel=\"noopener noreferrer\"><span style=\"font-weight: 400;\">Meble z kolekcji Antwerpen<\/span><\/a><span style=\"font-weight: 400;\"> rozja\u015bni\u0105 i optycznie powi\u0119ksz\u0105 nawet niewielki pok\u00f3j dzienny<\/span><\/figcaption><\/figure>\n<\/div>\n<h2>Aneks kuchenny: postaw na ergonomiczn\u0105 zabudow\u0119!<\/h2>\n<p>Zastanawiasz si\u0119, jak urz\u0105dzi\u0107 dwupokojowe mieszkanie, by znalaz\u0142o si\u0119 w nim miejsce tak\u017ce na praktyczn\u0105 kuchni\u0119? Je\u017celi tylko uk\u0142ad pomieszczenia przeznaczonego na stref\u0119 kuchenn\u0105 na to pozwala,<strong> warto zdecydowa\u0107 si\u0119 na kuchni\u0119 w kszta\u0142cie L \u2013 jest to zabudowa, kt\u00f3ra pozwala na zachowanie ergonomii wn\u0119trza i maksymalne wykorzystanie dost\u0119pnej powierzchni u\u017cytkowej<\/strong>. W\u00f3wczas bez problemu uda Ci si\u0119 zaprojektowa\u0107 kuchni\u0119 wed\u0142ug zasad tr\u00f3jk\u0105ta roboczego i tak rozmie\u015bci\u0107 sprz\u0119ty, by poruszanie si\u0119 w pomieszczeniu i przygotowywanie posi\u0142k\u00f3w by\u0142o intuicyjne, szybkie i proste.<\/p>\n<p><strong>&gt;&gt;Wi\u0119cej o uk\u0142adzie kuchennym w liter\u0119 L przeczytasz w artykule: <a href=\"https:\/\/www.brw.pl\/blog\/kuchnia-w-ksztalcie-litery-l-sprawdzone-sposoby-na-praktyczne-i-nowoczesne-wnetrze\/\" target=\"_blank\" rel=\"noopener noreferrer\"><em>Kuchnia w kszta\u0142cie litery L &#8211; sprawdzone sposoby na praktyczne i nowoczesne wn\u0119trze<\/em><\/a><\/strong><\/p>\n<div style=\"display: flex; align-items: center; justify-content: center; text-align: center;\">\n<figure id=\"attachment_19378\" aria-describedby=\"caption-attachment-19378\" style=\"width: 800px\" class=\"wp-caption aligncenter\"><img decoding=\"async\" class=\"wp-image-19378 size-medium lazyload\" data-src=\"https:\/\/www.brw.pl\/blog\/wp-content\/uploads\/2021\/08\/Meble-modu\u0142owe-Family-Line-800x540.png\" alt=\"Meble modu\u0142owe Family Line idealne do ma\u0142ego mieszkania\" width=\"800\" height=\"540\" data-srcset=\"https:\/\/www.brw.pl\/blog\/wp-content\/uploads\/2021\/08\/Meble-modu\u0142owe-Family-Line-800x540.png 800w, https:\/\/www.brw.pl\/blog\/wp-content\/uploads\/2021\/08\/Meble-modu\u0142owe-Family-Line-768x518.png 768w, https:\/\/www.brw.pl\/blog\/wp-content\/uploads\/2021\/08\/Meble-modu\u0142owe-Family-Line-1536x1037.png 1536w, https:\/\/www.brw.pl\/blog\/wp-content\/uploads\/2021\/08\/Meble-modu\u0142owe-Family-Line.png 1600w\" data-sizes=\"(max-width: 800px) 100vw, 800px\" src=\"data:image\/svg+xml;base64,PHN2ZyB3aWR0aD0iMSIgaGVpZ2h0PSIxIiB4bWxucz0iaHR0cDovL3d3dy53My5vcmcvMjAwMC9zdmciPjwvc3ZnPg==\" style=\"--smush-placeholder-width: 800px; --smush-placeholder-aspect-ratio: 800\/540;\" \/><figcaption id=\"caption-attachment-19378\" class=\"wp-caption-text\"><a href=\"https:\/\/www.brw.pl\/family-line-top-line,25061\" target=\" rel=\" rel=\"noopener noreferrer\"><span style=\"font-weight: 400;\">Meble modu\u0142owe Family Line<\/span><\/a><span style=\"font-weight: 400;\"> pomog\u0105 Ci stworzy\u0107 funkcjonalny uk\u0142ad w L<\/span><\/figcaption><\/figure>\n<\/div>\n<p>W kuchni otwartej na salon egzamin zdadz\u0105 meble modu\u0142owe, kt\u00f3re pozwalaj\u0105 na budowanie uk\u0142ad\u00f3w idealnie dopasowanych do wn\u0119trza. Wybieraj\u0105c takie rozwi\u0105zanie, zyskujesz mo\u017cliwo\u015b\u0107 samodzielnego zaprojektowania zabudowy \u2013 pocz\u0105wszy od wymiar\u00f3w i kszta\u0142tu ci\u0105gu kuchennego, a sko\u0144czywszy na kolorystyce front\u00f3w, blat\u00f3w i korpus\u00f3w.<\/p>\n<h2>Przytulna sypialnia: jak j\u0105 urz\u0105dzi\u0107?<\/h2>\n<p>Ma\u0142e mieszkanie nie oznacza rezygnacji z przytulnej i komfortowej strefy sypialnej, w kt\u00f3rej wypoczniesz po ca\u0142ym dniu pracy. Aby zapewni\u0107 sobie porz\u0105dn\u0105 dawk\u0119 relaksu i regeneracji, a jednocze\u015bnie nie zagraci\u0107 niepotrzebnie wn\u0119trza, si\u0119gnij po sprytne rozwi\u0105zania u\u0142atwiaj\u0105ce aran\u017cacj\u0119 ma\u0142ej przestrzeni. <strong>Tu zn\u00f3w z pomoc\u0105 przychodz\u0105 wielofunkcyjne meble takie jak \u0142\u00f3\u017cko z pojemnikiem na po\u015bciel<\/strong> (np. ukrytym pod stela\u017cem na podno\u015bnikach gazowych). \u015awietnie sprawdz\u0105 si\u0119 r\u00f3wnie\u017c \u0142\u00f3\u017cka z dodatkowymi szufladami umo\u017cliwiaj\u0105cymi przechowywanie po\u015bcieli lub tych przedmiot\u00f3w, kt\u00f3re nie mieszcz\u0105 si\u0119 w szafach.<\/p>\n<div style=\"display: flex; align-items: center; justify-content: center; text-align: center;\">\n<figure id=\"attachment_19277\" aria-describedby=\"caption-attachment-19277\" style=\"width: 800px\" class=\"wp-caption aligncenter\"><img decoding=\"async\" class=\"wp-image-19277 size-medium lazyload\" data-src=\"https:\/\/www.brw.pl\/blog\/wp-content\/uploads\/2021\/08\/\u0141\u00f3\u017cko-z-pojemnikiem-Manar-800x540.png\" alt=\"\u0141\u00f3\u017cko tapicerowane z pojemnikiem Manar\" width=\"800\" height=\"540\" data-srcset=\"https:\/\/www.brw.pl\/blog\/wp-content\/uploads\/2021\/08\/\u0141\u00f3\u017cko-z-pojemnikiem-Manar-800x540.png 800w, https:\/\/www.brw.pl\/blog\/wp-content\/uploads\/2021\/08\/\u0141\u00f3\u017cko-z-pojemnikiem-Manar-768x518.png 768w, https:\/\/www.brw.pl\/blog\/wp-content\/uploads\/2021\/08\/\u0141\u00f3\u017cko-z-pojemnikiem-Manar-1536x1037.png 1536w, https:\/\/www.brw.pl\/blog\/wp-content\/uploads\/2021\/08\/\u0141\u00f3\u017cko-z-pojemnikiem-Manar.png 1600w\" data-sizes=\"(max-width: 800px) 100vw, 800px\" src=\"data:image\/svg+xml;base64,PHN2ZyB3aWR0aD0iMSIgaGVpZ2h0PSIxIiB4bWxucz0iaHR0cDovL3d3dy53My5vcmcvMjAwMC9zdmciPjwvc3ZnPg==\" style=\"--smush-placeholder-width: 800px; --smush-placeholder-aspect-ratio: 800\/540;\" \/><figcaption id=\"caption-attachment-19277\" class=\"wp-caption-text\"><a href=\"https:\/\/www.brw.pl\/lozko-160-z-pojemnikiem-manar,37678\" target=\" rel=\" rel=\"noopener noreferrer\"><span style=\"font-weight: 400;\">\u0141\u00f3\u017cko Manar z pojemnikiem na po\u015bciel<\/span><\/a><\/figcaption><\/figure>\n<\/div>\n<p>Funkcjonalne przechowywanie ubra\u0144 w sypialni zapewni\u0105 Ci szafy na wymiar lub gotowe projekty z kolekcji Flex. Warto zdecydowa\u0107 si\u0119 na zabudow\u0119 garderoby pod sam sufit i w ten spos\u00f3b wykorzysta\u0107 ca\u0142\u0105 dost\u0119pn\u0105 przestrze\u0144. W tym celu mo\u017cesz si\u0119gn\u0105\u0107 tak\u017ce po praktyczne nadstawki do szaf, w kt\u00f3rych z \u0142atwo\u015bci\u0105 pomie\u015bcisz ubrania sezonowe, plecaki lub walizki.<\/p>\n<h2>Przedpok\u00f3j: aran\u017cacja, kt\u00f3ra optycznie powi\u0119kszy wn\u0119trze<\/h2>\n<p>Aran\u017cacja przedpokoju musi by\u0107 zaplanowana w taki spos\u00f3b, by w pomieszczeniu znalaz\u0142o si\u0119 miejsce na pojemn\u0105 szaf\u0119 oraz praktyczn\u0105 stref\u0119 przechowywania ubra\u0144 wierzchnich i but\u00f3w. Ponadto przedpok\u00f3j powinien by\u0107 jasny i dobrze do\u015bwietlony, by sprawia\u0107 wra\u017cenie wi\u0119kszego ni\u017c jest w rzeczywisto\u015bci. Jak to osi\u0105gn\u0105\u0107?<\/p>\n<p>Po pierwsze: szafa. Najlepiej z drzwiami przesuwnymi i lustrzanym panelem pokrywaj\u0105cym ca\u0142\u0105 powierzchni\u0119 front\u00f3w. <strong>Lustro b\u0119dzie pe\u0142ni\u0107 w tym przypadku dwie funkcje \u2013 praktyczn\u0105, poniewa\u017c u\u0142atwi Ci kompletowanie stylizacji na dany dzie\u0144, oraz czysto estetyczn\u0105, gdy\u017c wprowadzi do niewielkiego wn\u0119trza wi\u0119cej \u015bwiat\u0142a, i wizualnie je powi\u0119kszy<\/strong>.<\/p>\n<div style=\"display: flex; align-items: center; justify-content: center; text-align: center;\">\n<figure id=\"attachment_19379\" aria-describedby=\"caption-attachment-19379\" style=\"width: 285px\" class=\"wp-caption aligncenter\"><img decoding=\"async\" class=\"wp-image-19379 lazyload\" data-src=\"https:\/\/www.brw.pl\/blog\/wp-content\/uploads\/2021\/08\/Szafa-Flex-100.jpg\" alt=\"Szafa Flex 100\" width=\"285\" height=\"214\" src=\"data:image\/svg+xml;base64,PHN2ZyB3aWR0aD0iMSIgaGVpZ2h0PSIxIiB4bWxucz0iaHR0cDovL3d3dy53My5vcmcvMjAwMC9zdmciPjwvc3ZnPg==\" style=\"--smush-placeholder-width: 285px; --smush-placeholder-aspect-ratio: 285\/214;\" \/><figcaption id=\"caption-attachment-19379\" class=\"wp-caption-text\"><a href=\"https:\/\/www.brw.pl\/szafa-100-flex,34450\" target=\" rel=\" rel=\"noopener noreferrer\"><span style=\"font-weight: 400;\">Szafa Flex 100<\/span><\/a><\/figcaption><\/figure>\n<figure id=\"attachment_19380\" aria-describedby=\"caption-attachment-19380\" style=\"width: 285px\" class=\"wp-caption aligncenter\"><img decoding=\"async\" class=\"wp-image-19380 lazyload\" data-src=\"https:\/\/www.brw.pl\/blog\/wp-content\/uploads\/2021\/08\/Szafa-Flex-125.jpg\" alt=\"Szafa Flex 125\" width=\"285\" height=\"214\" src=\"data:image\/svg+xml;base64,PHN2ZyB3aWR0aD0iMSIgaGVpZ2h0PSIxIiB4bWxucz0iaHR0cDovL3d3dy53My5vcmcvMjAwMC9zdmciPjwvc3ZnPg==\" style=\"--smush-placeholder-width: 285px; --smush-placeholder-aspect-ratio: 285\/214;\" \/><figcaption id=\"caption-attachment-19380\" class=\"wp-caption-text\"><a href=\"https:\/\/www.brw.pl\/szafa-125-flex,38265\" target=\" rel=\" rel=\"noopener noreferrer\"><span style=\"font-weight: 400;\">Szafa Flex 125<\/span><\/a><\/figcaption><\/figure>\n<\/div>\n<p>Po drugie: szafka na buty oraz panel z wieszakami. Wybieraj elementy w jasnym wybarwieniu drewna lub bia\u0142e i g\u0142adkie. Przedpok\u00f3j w stylu skandynawskim b\u0119dzie strza\u0142em w dziesi\u0105tk\u0119! Je\u015bli inwestujesz w nisk\u0105 szafk\u0119 na obuwie, postaw na model, kt\u00f3ry dodatkowo pe\u0142ni funkcj\u0119 siedziska. Najlepiej, je\u015bli ka\u017cdy element zabudowy b\u0119dzie wyposa\u017cony w dodatkowe p\u00f3\u0142ki i schowki. W\u00f3wczas zachowasz idealny porz\u0105dek i nie pozostawisz na wierzchu zb\u0119dnych przedmiot\u00f3w.<\/p>\n","protected":false},"excerpt":{"rendered":"<p>Jak urz\u0105dzi\u0107 ma\u0142e mieszkanie, by zaaran\u017cowana przestrze\u0144 by\u0142a nie tylko stylowa i mi\u0142a dla oka, ale r\u00f3wnie\u017c maksymalnie funkcjonalna? Projekt dwupokojowego lokum musi by\u0107 przemy\u015blany w ka\u017cdym, najdrobniejszym nawet szczeg\u00f3le \u2013 od palety kolorystycznej i stylistyki, po wielofunkcyjne elementy wyposa\u017cenia. Szukasz sprytnych sposob\u00f3w na ma\u0142e, ale \u015bwietnie urz\u0105dzone mieszkanie? Zapraszamy do lektury artyku\u0142u! Jak urz\u0105dzi\u0107 [&hellip;]<\/p>\n","protected":false},"author":21,"featured_media":19370,"comment_status":"closed","ping_status":"open","sticky":false,"template":"","format":"standard","meta":{"footnotes":""},"categories":[39,574],"tags":[],"aioseo_notices":[],"_links":{"self":[{"href":"https:\/\/www.brw.pl\/blog\/wp-json\/wp\/v2\/posts\/19369"}],"collection":[{"href":"https:\/\/www.brw.pl\/blog\/wp-json\/wp\/v2\/posts"}],"about":[{"href":"https:\/\/www.brw.pl\/blog\/wp-json\/wp\/v2\/types\/post"}],"author":[{"embeddable":true,"href":"https:\/\/www.brw.pl\/blog\/wp-json\/wp\/v2\/users\/21"}],"replies":[{"embeddable":true,"href":"https:\/\/www.brw.pl\/blog\/wp-json\/wp\/v2\/comments?post=19369"}],"version-history":[{"count":5,"href":"https:\/\/www.brw.pl\/blog\/wp-json\/wp\/v2\/posts\/19369\/revisions"}],"predecessor-version":[{"id":37344,"href":"https:\/\/www.brw.pl\/blog\/wp-json\/wp\/v2\/posts\/19369\/revisions\/37344"}],"wp:featuredmedia":[{"embeddable":true,"href":"https:\/\/www.brw.pl\/blog\/wp-json\/wp\/v2\/media\/19370"}],"wp:attachment":[{"href":"https:\/\/www.brw.pl\/blog\/wp-json\/wp\/v2\/media?parent=19369"}],"wp:term":[{"taxonomy":"category","embeddable":true,"href":"https:\/\/www.brw.pl\/blog\/wp-json\/wp\/v2\/categories?post=19369"},{"taxonomy":"post_tag","embeddable":true,"href":"https:\/\/www.brw.pl\/blog\/wp-json\/wp\/v2\/tags?post=19369"}],"curies":[{"name":"wp","href":"https:\/\/api.w.org\/{rel}","templated":true}]}}