{"id":19956,"date":"2021-09-19T10:00:46","date_gmt":"2021-09-19T08:00:46","guid":{"rendered":"https:\/\/www.brw.pl\/blog\/?p=19956"},"modified":"2024-09-09T10:16:34","modified_gmt":"2024-09-09T08:16:34","slug":"mala-kuchnia-i-stol-tak-to-mozliwe-sprawdz-nasze-aranzacje","status":"publish","type":"post","link":"https:\/\/www.brw.pl\/blog\/mala-kuchnia-i-stol-tak-to-mozliwe-sprawdz-nasze-aranzacje\/","title":{"rendered":"Ma\u0142a kuchnia i st\u00f3\u0142? Tak, to mo\u017cliwe! Sprawd\u017a nasze aran\u017cacje!"},"content":{"rendered":"<p><strong>Kuchnia to prawdziwe serce ca\u0142ego domu. Mamy szcz\u0119\u015bcie, je\u015bli jest przestronna i pomie\u015bci w sobie nie tylko wszystkie niezb\u0119dne meble i blaty, ale tak\u017ce st\u00f3\u0142, przy kt\u00f3rym mo\u017cemy zje\u015b\u0107 przyrz\u0105dzone w\u0142a\u015bnie jedzenie. Jednak co zrobi\u0107, je\u015bli kuchnia jest niewielka i trudno zorganizowa\u0107 przestrze\u0144 do wsp\u00f3lnych posi\u0142k\u00f3w? Przede wszystkim wiedz, \u017ce nie musisz ze sto\u0142u rezygnowa\u0107 ca\u0142kowicie! Znajdziesz niejeden pi\u0119kny st\u00f3\u0142 do ma\u0142ej kuchni, dzi\u0119ki czemu stanie si\u0119 ona pomieszczeniem pe\u0142nym i \u015bwietnie zorganizowanym. <\/strong><\/p>\n<p><img decoding=\"async\" class=\"alignnone size-medium wp-image-19957 lazyload\" data-src=\"https:\/\/www.brw.pl\/blog\/wp-content\/uploads\/2021\/09\/FL_2017_TopLine_aranz_2_szary_j_mat-800x540.png\" alt=\"\" width=\"800\" height=\"540\" data-srcset=\"https:\/\/www.brw.pl\/blog\/wp-content\/uploads\/2021\/09\/FL_2017_TopLine_aranz_2_szary_j_mat-800x540.png 800w, https:\/\/www.brw.pl\/blog\/wp-content\/uploads\/2021\/09\/FL_2017_TopLine_aranz_2_szary_j_mat-768x518.png 768w, https:\/\/www.brw.pl\/blog\/wp-content\/uploads\/2021\/09\/FL_2017_TopLine_aranz_2_szary_j_mat-1536x1037.png 1536w, https:\/\/www.brw.pl\/blog\/wp-content\/uploads\/2021\/09\/FL_2017_TopLine_aranz_2_szary_j_mat.png 1600w\" data-sizes=\"(max-width: 800px) 100vw, 800px\" src=\"data:image\/svg+xml;base64,PHN2ZyB3aWR0aD0iMSIgaGVpZ2h0PSIxIiB4bWxucz0iaHR0cDovL3d3dy53My5vcmcvMjAwMC9zdmciPjwvc3ZnPg==\" style=\"--smush-placeholder-width: 800px; --smush-placeholder-aspect-ratio: 800\/540;\" \/><\/p>\n<h2>St\u00f3\u0142 do ma\u0142ej kuchni \u2012 czy to mo\u017cliwe?<\/h2>\n<p>W niewielkich kuchniach organizacja przestrzeni jest nieco bardziej wymagaj\u0105ca. Chcemy praktycznie rozstawi\u0107 wszystkie meble, my\u015blimy o umieszczeniu w odpowiednich miejscach lod\u00f3wki i zlewu, jednak cz\u0119sto st\u00f3\u0142 w ma\u0142ej kuchni nawet nie przychodzi nam do g\u0142owy. Wiele os\u00f3b urz\u0105dzaj\u0105cych swoje mieszkania, ca\u0142kowicie rezygnuje ze sto\u0142u, je\u015bli kuchnia jest ma\u0142a. W\u00f3wczas posi\u0142ki spo\u017cywa si\u0119 np. w salonie, nawet przy stolikach kawowych. <strong>Warto jednak pami\u0119ta\u0107, \u017ce komfort przy jedzeniu jest ogromnie istotny. I mo\u017cesz go uzyska\u0107 w prosty spos\u00f3b, je\u015bli tylko do organizacji kuchennej przestrzeni podejdziesz elastycznie i kreatywnie.<\/strong><\/p>\n<p>Znajduj\u0105c praktyczny st\u00f3\u0142 do ma\u0142ej kuchni, mo\u017cesz liczy\u0107 na wi\u0119cej przestrzeni i wi\u0119ksz\u0105 wygod\u0119 pracy w kuchni. Pami\u0119taj r\u00f3wnie\u017c, \u017ce maj\u0105c st\u00f3\u0142 tu\u017c obok mebli kuchennych, nie musisz odchodzi\u0107 zbyt daleko, chc\u0105c skosztowa\u0107 przyrz\u0105dzanych przez siebie lub kogo\u015b bliskiego pyszno\u015bci. A wtedy kuchnia wydaje si\u0119 jeszcze bardziej przyjazna!<\/p>\n<div style=\"display: flex; align-items: center; justify-content: center; text-align: center;\">\n<figure id=\"attachment_19760\" aria-describedby=\"caption-attachment-19760\" style=\"width: 800px\" class=\"wp-caption aligncenter\"><img decoding=\"async\" class=\"wp-image-19760 size-medium lazyload\" data-src=\"https:\/\/www.brw.pl\/blog\/wp-content\/uploads\/2021\/09\/Krzes\u0142a-Ikka.png\" alt=\"Krzes\u0142a Ikka\" width=\"800\" height=\"540\" src=\"data:image\/svg+xml;base64,PHN2ZyB3aWR0aD0iMSIgaGVpZ2h0PSIxIiB4bWxucz0iaHR0cDovL3d3dy53My5vcmcvMjAwMC9zdmciPjwvc3ZnPg==\" style=\"--smush-placeholder-width: 800px; --smush-placeholder-aspect-ratio: 800\/540;\" \/><figcaption id=\"caption-attachment-19760\" class=\"wp-caption-text\"><a href=\"https:\/\/www.brw.pl\/krzeslo-ikka,34997\" target=\"_blank\" rel=\"noopener noreferrer\"><span style=\"font-weight: 400;\"> Krzes\u0142a Ikka <\/span><\/a><\/figcaption><\/figure>\n<\/div>\n<h2>Ma\u0142y st\u00f3\u0142 \u2012 jaki wybra\u0107, czego unika\u0107?<\/h2>\n<p><a href=\"https:\/\/www.brw.pl\/meble\/stoly-i-krzesla\/stoly\/kuchnia\/\" target=\"_blank\" rel=\"noopener noreferrer\">St\u00f3\u0142 w kuchni<\/a> nie musi by\u0107 du\u017cy, musi by\u0107 praktyczny. Dlatego o wiele \u0142atwiej jest zacz\u0105\u0107 rozwa\u017cania na temat wyboru tego mebla od odrzucenia wszystkich tych propozycji, kt\u00f3re w ma\u0142ym wn\u0119trzu po prostu si\u0119 nie sprawdz\u0105. Unikaj zatem nierozk\u0142adanych sto\u0142\u00f3w owalnych. Cz\u0119\u015b\u0107 z nich pi\u0119knie si\u0119 prezentuje w du\u017cych jadalniach, jednak w ma\u0142ych pomieszczeniach ich kszta\u0142t jest jedynie przeszkod\u0105. Nie mo\u017cna przy nich do ko\u0144ca wykorzysta\u0107 przestrzeni blatu, a mimo to \u2012 zajmuje on sporo miejsca na niewielkim metra\u017cu kuchni.<\/p>\n<p>Ca\u0142kiem niedawno bardzo popularne by\u0142y r\u00f3wnie\u017c sto\u0142y przykr\u0119cane do \u015bciany, kt\u00f3re mo\u017cna by\u0142o chowa\u0107 wtedy, gdy nikt nie jad\u0142 posi\u0142ku. Jednak to rozwi\u0105zanie du\u017co mniej wygodne i kiepskie pod k\u0105tem \u0142adnej aran\u017cacji pomieszczenia. Dodatkowo st\u00f3\u0142 nie jest w\u00f3wczas dodatkowym miejscem na rzeczy takie jak np. koszyk z owocami lub flakon z kwiatami. Ka\u017cdorazowo trzeba go rozk\u0142ada\u0107 i dostawia\u0107 do niego krzes\u0142a. W\u015br\u00f3d naszych pomys\u0142\u00f3w znajduje si\u0119 kilka du\u017co praktyczniejszych, a przy tym pi\u0119kniejszych rozwi\u0105za\u0144.<\/p>\n<p>St\u00f3\u0142 kuchenny nie musi by\u0107 ogromny. Zw\u0142aszcza je\u015bli na co dzie\u0144 zasiada przy nim tylko troje lub czworo domownik\u00f3w. Mo\u017cesz zatem wybra\u0107 niewielki \u2012 kwadratowy lub prostok\u0105tny \u2012 st\u00f3\u0142, kt\u00f3ry umie\u015bcisz pod jedn\u0105 ze \u015bcian. Mo\u017ce by\u0107 dosuni\u0119ty ca\u0142kowicie, je\u015bli potrzebujesz tylko trzech miejsc lub delikatnie odsuni\u0119ty od \u015bciany, je\u015bli b\u0119dzie przy nim siedzie\u0107 czwarta osoba. Zapewne zastanawiasz si\u0119, kt\u00f3ry fragment \u015bciany b\u0119dzie do tego najodpowiedniejszy. Je\u015bli Twoja kuchnia jest d\u0142uga i w\u0105ska, ustaw st\u00f3\u0142 w po\u0142owie pomieszczenia, naprzeciwko kuchennych mebli. B\u0119dzie to dobre wype\u0142nienie pustej przestrzeni, a przy tym dodatkowe miejsce na kuchenne produkty w trakcie gotowania.<\/p>\n<div style=\"display: flex; align-items: center; justify-content: center; text-align: center;\">\n<figure id=\"attachment_19761\" aria-describedby=\"caption-attachment-19761\" style=\"width: 285px\" class=\"wp-caption aligncenter\"><img decoding=\"async\" class=\"wp-image-19761 lazyload\" data-src=\"https:\/\/www.brw.pl\/blog\/wp-content\/uploads\/2021\/09\/mediuma-15.jpg\" alt=\"St\u00f3\u0142 Sto\" width=\"285\" height=\"214\" src=\"data:image\/svg+xml;base64,PHN2ZyB3aWR0aD0iMSIgaGVpZ2h0PSIxIiB4bWxucz0iaHR0cDovL3d3dy53My5vcmcvMjAwMC9zdmciPjwvc3ZnPg==\" style=\"--smush-placeholder-width: 285px; --smush-placeholder-aspect-ratio: 285\/214;\" \/><figcaption id=\"caption-attachment-19761\" class=\"wp-caption-text\"><a href=\"https:\/\/www.brw.pl\/stol-sto-110-100,6774\" target=\"_blank\" rel=\"noopener noreferrer\"><span style=\"font-weight: 400;\"> St\u00f3\u0142 Sto <\/span><\/a><\/figcaption><\/figure>\n<figure id=\"attachment_19762\" aria-describedby=\"caption-attachment-19762\" style=\"width: 285px\" class=\"wp-caption aligncenter\"><img decoding=\"async\" class=\"wp-image-19762 lazyload\" data-src=\"https:\/\/www.brw.pl\/blog\/wp-content\/uploads\/2021\/09\/mediumb-3.jpg\" alt=\" St\u00f3\u0142 Ocean Max \" width=\"285\" height=\"214\" src=\"data:image\/svg+xml;base64,PHN2ZyB3aWR0aD0iMSIgaGVpZ2h0PSIxIiB4bWxucz0iaHR0cDovL3d3dy53My5vcmcvMjAwMC9zdmciPjwvc3ZnPg==\" style=\"--smush-placeholder-width: 285px; --smush-placeholder-aspect-ratio: 285\/214;\" \/><figcaption id=\"caption-attachment-19762\" class=\"wp-caption-text\"><a href=\"https:\/\/www.brw.pl\/stol-ocean-max-90,23395\" target=\"_blank\" rel=\"noopener noreferrer\"><span style=\"font-weight: 400;\">St\u00f3\u0142 Ocean Max <\/span><\/a><\/figcaption><\/figure>\n<figure id=\"attachment_19763\" aria-describedby=\"caption-attachment-19763\" style=\"width: 285px\" class=\"wp-caption aligncenter\"><img decoding=\"async\" class=\"wp-image-19763 lazyload\" data-src=\"https:\/\/www.brw.pl\/blog\/wp-content\/uploads\/2021\/09\/mediumb-4.jpg\" alt=\"St\u00f3\u0142 Bryk Mini\" width=\"285\" height=\"214\" src=\"data:image\/svg+xml;base64,PHN2ZyB3aWR0aD0iMSIgaGVpZ2h0PSIxIiB4bWxucz0iaHR0cDovL3d3dy53My5vcmcvMjAwMC9zdmciPjwvc3ZnPg==\" style=\"--smush-placeholder-width: 285px; --smush-placeholder-aspect-ratio: 285\/214;\" \/><figcaption id=\"caption-attachment-19763\" class=\"wp-caption-text\"><a href=\"https:\/\/www.brw.pl\/stol-bryk-mini-kwadratowy-dab-burlington-modrzew-sibiu,23970\" target=\"_blank\" rel=\"noopener noreferrer\"><span style=\"font-weight: 400;\"> St\u00f3\u0142 Bryk Mini <\/span><\/a><\/figcaption><\/figure>\n<\/div>\n<p><strong>Je\u015bli w Twojej kuchni jest okno i nie stoj\u0105 przy nim kuchenne blaty czy zlew, mo\u017cesz rozwa\u017cy\u0107 postawienie sto\u0142u w\u0142a\u015bnie tam.<\/strong> Je\u015bli tylko z tego okna rozci\u0105ga si\u0119 jaki\u015b przyjemny widok, to tym samym stworzysz sobie przestrze\u0144 do posi\u0142ku w milszych warunkach.<\/p>\n<h2><strong>Praktyczny st\u00f3\u0142 do ma\u0142ej kuchni <\/strong><strong>\u2012<\/strong><strong> wersja rozk\u0142adana<\/strong><\/h2>\n<p><strong>Najbardziej praktyczne rozwi\u0105zania wn\u0119trzarskie to te, kt\u00f3re w ramach jednego mebla \u0142\u0105cz\u0105 kilka funkcji<\/strong>. Dok\u0142adnie tak jest w przypadku sto\u0142u, kt\u00f3ry ma mo\u017cliwo\u015b\u0107 rozk\u0142adania. Dzi\u0119ki temu zyskujesz st\u00f3\u0142 w ma\u0142ej kuchni, a jednocze\u015bnie \u2012 w trakcie wizyty znajomych lub rodziny \u2012 masz przestrze\u0144 do ich ugoszczenia. Co ciekawe, st\u00f3\u0142 rozk\u0142adany mo\u017ce by\u0107 zar\u00f3wno kwadratowy, jak i okr\u0105g\u0142y. To oznacza, \u017ce bez trudu znajdziesz model, kt\u00f3ry idealnie dopasujesz do swojej kuchni. My podpowiadamy, jak zaaran\u017cowa\u0107 przestrze\u0144 w zale\u017cno\u015bci od tego, czy kupisz prostok\u0105tny, czy te\u017c okr\u0105g\u0142y st\u00f3\u0142.<\/p>\n<h2><strong>Prostok\u0105tny st\u00f3\u0142 sk\u0142adany w ma\u0142ej kuchni<\/strong><\/h2>\n<p>Prostok\u0105tny lub kwadratowy st\u00f3\u0142 mo\u017cesz ustawi\u0107 w swojej kuchni, zgodnie ze wspomnianymi wcze\u015bniej pomys\u0142ami. Rozwa\u017c przy tym, czy b\u0119dziesz go rozk\u0142ada\u0107 dok\u0142adnie w tym samym miejscu, w kt\u00f3rym stoi, czy te\u017c przenosi\u0107 w inne, by zaprosi\u0107 do niego wi\u0119cej os\u00f3b. To pomo\u017ce Ci urz\u0105dzi\u0107 przestrze\u0144 wok\u00f3\u0142 tak, by podczas ewentualnego przenoszenia sto\u0142u nie by\u0142o konieczno\u015bci przeorganizowywania po\u0142owy kuchni. Rozk\u0142adany st\u00f3\u0142 bardzo dobrze sprawdzi si\u0119 przy pustej \u015bcianie naprzeciwko kuchennych mebli. Nawet je\u015bli jego d\u0142ugo\u015b\u0107 po roz\u0142o\u017ceniu znacznie si\u0119 zwi\u0119kszy, z pewno\u015bci\u0105 nie stracisz mo\u017cliwo\u015bci swobodnego poruszania si\u0119 po kuchni.<\/p>\n<h2><strong>Okr\u0105g\u0142y ma\u0142y st\u00f3\u0142 <\/strong><strong>\u2012<\/strong><strong> idealny do niewielkich kuchni<\/strong><\/h2>\n<p>Okr\u0105g\u0142e sto\u0142y, wbrew temu, co zarzucano im przez d\u0142ugi czas, s\u0105 idealne do ma\u0142ych kuchni. Wynika to przede wszystkim z tego, \u017ce <strong>bajecznie \u0142atwo ustawi\u0107 je w pomieszczeniu. Pasuj\u0105 po prostu wsz\u0119dzie<\/strong>! Niezale\u017cnie od tego, czy postawisz okr\u0105g\u0142y stolik kuchenny tu\u017c obok mebli, czy na dowolnym kawa\u0142ku wolnej przestrzeni, b\u0119dzie wygl\u0105da\u0142 dok\u0142adnie tak, jakby by\u0142 stworzony do uzupe\u0142nienia w\u0142a\u015bnie tego konkretnego miejsca w Twoim mieszkaniu. Wykorzystaj to i baw si\u0119 aran\u017cacjami kuchni na r\u00f3\u017cne sposoby. <strong>Okr\u0105g\u0142e sto\u0142y s\u0105 czasem tak ma\u0142ych rozmiar\u00f3w, \u017ce z pewno\u015bci\u0105 odnajdziesz taki, kt\u00f3ry sprawdzi si\u0119 w male\u0144kiej kuchni. Nie oznacza to jednak, \u017ce s\u0105 mniej praktyczne<\/strong>. Bardzo dobrze ustawia si\u0119 na nich wszelkie naczynia i posi\u0142ki, a po roz\u0142o\u017ceniu mo\u017cesz te\u017c uzyska\u0107 przestrze\u0144 dla wi\u0119kszej ilo\u015bci os\u00f3b przy obiedzie.<\/p>\n<p>Poznaj wi\u0119cej zalet tego rodzaju sto\u0142\u00f3w: <a href=\"https:\/\/www.brw.pl\/blog\/okragly-stol-do-jadalni-dlaczego-warto-go-miec\/\" target=\"_blank\" rel=\"noopener noreferrer\">Okr\u0105g\u0142y st\u00f3\u0142 do jadalni. Dlaczego warto go mie\u0107?<\/a><\/p>\n<div style=\"display: flex; align-items: center; justify-content: center; text-align: center;\">\n<figure id=\"attachment_19761\" aria-describedby=\"caption-attachment-19761\" style=\"width: 285px\" class=\"wp-caption aligncenter\"><img decoding=\"async\" class=\"wp-image-19761 lazyload\" data-src=\"https:\/\/www.brw.pl\/blog\/wp-content\/uploads\/2021\/09\/mediumb-5.jpg\" alt=\" St\u00f3\u0142 Roles\u0142aw \" width=\"285\" height=\"214\" src=\"data:image\/svg+xml;base64,PHN2ZyB3aWR0aD0iMSIgaGVpZ2h0PSIxIiB4bWxucz0iaHR0cDovL3d3dy53My5vcmcvMjAwMC9zdmciPjwvc3ZnPg==\" style=\"--smush-placeholder-width: 285px; --smush-placeholder-aspect-ratio: 285\/214;\" \/><figcaption id=\"caption-attachment-19761\" class=\"wp-caption-text\"><a href=\"https:\/\/www.brw.pl\/stol-rozkladany-roleslaw-ii,38232\" target=\"_blank\" rel=\"noopener noreferrer\"><span style=\"font-weight: 400;\"> St\u00f3\u0142 Roles\u0142aw <\/span><\/a><\/figcaption><\/figure>\n<figure id=\"attachment_19762\" aria-describedby=\"caption-attachment-19762\" style=\"width: 285px\" class=\"wp-caption aligncenter\"><img decoding=\"async\" class=\"wp-image-19762 lazyload\" data-src=\"https:\/\/www.brw.pl\/blog\/wp-content\/uploads\/2021\/09\/mediumb-1-2.jpg\" alt=\" St\u00f3\u0142 Ikka \" width=\"285\" height=\"214\" src=\"data:image\/svg+xml;base64,PHN2ZyB3aWR0aD0iMSIgaGVpZ2h0PSIxIiB4bWxucz0iaHR0cDovL3d3dy53My5vcmcvMjAwMC9zdmciPjwvc3ZnPg==\" style=\"--smush-placeholder-width: 285px; --smush-placeholder-aspect-ratio: 285\/214;\" \/><figcaption id=\"caption-attachment-19762\" class=\"wp-caption-text\"><a href=\"https:\/\/www.brw.pl\/stol-okragly-ikka,11729\" target=\"_blank\" rel=\"noopener noreferrer\"><span style=\"font-weight: 400;\"> St\u00f3\u0142 Ikka <\/span><\/a><\/figcaption><\/figure>\n<figure id=\"attachment_19763\" aria-describedby=\"caption-attachment-19763\" style=\"width: 285px\" class=\"wp-caption aligncenter\"><img decoding=\"async\" class=\"wp-image-19763 lazyload\" data-src=\"https:\/\/www.brw.pl\/blog\/wp-content\/uploads\/2021\/09\/mediumb-2-1.jpg\" alt=\"St\u00f3\u0142 Lucan\" width=\"285\" height=\"214\" src=\"data:image\/svg+xml;base64,PHN2ZyB3aWR0aD0iMSIgaGVpZ2h0PSIxIiB4bWxucz0iaHR0cDovL3d3dy53My5vcmcvMjAwMC9zdmciPjwvc3ZnPg==\" style=\"--smush-placeholder-width: 285px; --smush-placeholder-aspect-ratio: 285\/214;\" \/><figcaption id=\"caption-attachment-19763\" class=\"wp-caption-text\"><a href=\"https:\/\/www.brw.pl\/stol-lucan-1,38233\" target=\"_blank\" rel=\"noopener noreferrer\"><span style=\"font-weight: 400;\"> St\u00f3\u0142 Lucan <\/span><\/a><\/figcaption><\/figure>\n<\/div>\n<h2>Krzes\u0142a do ma\u0142ego sto\u0142u w kuchni<\/h2>\n<p>St\u00f3\u0142 do kuchni to tylko cz\u0119\u015b\u0107 mebli, kt\u00f3re musisz zorganizowa\u0107, by urz\u0105dzi\u0107 przestrze\u0144 jadalnian\u0105. Przy stole trzeba bowiem na czym\u015b siedzie\u0107. <a href=\"https:\/\/www.brw.pl\/meble\/stoly-i-krzesla\/krzesla\/\" target=\"_blank\" rel=\"noopener noreferrer\">Wybieraj\u0105c krzes\u0142a<\/a> pami\u0119taj o tym, by nie by\u0142y zbyt obszerne. Nie oznacza to, \u017ce musisz rezygnowa\u0107 z krzese\u0142 z oparciami. Wybieraj jednak takie, kt\u00f3re w wi\u0119kszo\u015bci daj\u0105 si\u0119 schowa\u0107 pod blat sto\u0142u. Nie zajm\u0105 w\u00f3wczas tak cennej przestrzeni kuchni. Je\u015bli nie zale\u017cy Ci na oparciach, mo\u017cesz zdecydowa\u0107 si\u0119 na zwyk\u0142e taborety. Przy dost\u0119pnych obecnie propozycjach mo\u017cesz wybra\u0107 takie, kt\u00f3re b\u0119d\u0105 prawdziw\u0105 ozdob\u0105 tego niewielkiego fragmentu jadalnianej przestrzeni.<\/p>\n","protected":false},"excerpt":{"rendered":"<p>Kuchnia to prawdziwe serce ca\u0142ego domu. Mamy szcz\u0119\u015bcie, je\u015bli jest przestronna i pomie\u015bci w sobie nie tylko wszystkie niezb\u0119dne meble i blaty, ale tak\u017ce st\u00f3\u0142, przy kt\u00f3rym mo\u017cemy zje\u015b\u0107 przyrz\u0105dzone w\u0142a\u015bnie jedzenie. Jednak co zrobi\u0107, je\u015bli kuchnia jest niewielka i trudno zorganizowa\u0107 przestrze\u0144 do wsp\u00f3lnych posi\u0142k\u00f3w? Przede wszystkim wiedz, \u017ce nie musisz ze sto\u0142u rezygnowa\u0107 [&hellip;]<\/p>\n","protected":false},"author":24,"featured_media":19957,"comment_status":"closed","ping_status":"open","sticky":false,"template":"","format":"standard","meta":{"footnotes":""},"categories":[39,26,574],"tags":[],"aioseo_notices":[],"_links":{"self":[{"href":"https:\/\/www.brw.pl\/blog\/wp-json\/wp\/v2\/posts\/19956"}],"collection":[{"href":"https:\/\/www.brw.pl\/blog\/wp-json\/wp\/v2\/posts"}],"about":[{"href":"https:\/\/www.brw.pl\/blog\/wp-json\/wp\/v2\/types\/post"}],"author":[{"embeddable":true,"href":"https:\/\/www.brw.pl\/blog\/wp-json\/wp\/v2\/users\/24"}],"replies":[{"embeddable":true,"href":"https:\/\/www.brw.pl\/blog\/wp-json\/wp\/v2\/comments?post=19956"}],"version-history":[{"count":6,"href":"https:\/\/www.brw.pl\/blog\/wp-json\/wp\/v2\/posts\/19956\/revisions"}],"predecessor-version":[{"id":31155,"href":"https:\/\/www.brw.pl\/blog\/wp-json\/wp\/v2\/posts\/19956\/revisions\/31155"}],"wp:featuredmedia":[{"embeddable":true,"href":"https:\/\/www.brw.pl\/blog\/wp-json\/wp\/v2\/media\/19957"}],"wp:attachment":[{"href":"https:\/\/www.brw.pl\/blog\/wp-json\/wp\/v2\/media?parent=19956"}],"wp:term":[{"taxonomy":"category","embeddable":true,"href":"https:\/\/www.brw.pl\/blog\/wp-json\/wp\/v2\/categories?post=19956"},{"taxonomy":"post_tag","embeddable":true,"href":"https:\/\/www.brw.pl\/blog\/wp-json\/wp\/v2\/tags?post=19956"}],"curies":[{"name":"wp","href":"https:\/\/api.w.org\/{rel}","templated":true}]}}