{"id":20218,"date":"2021-10-11T22:51:36","date_gmt":"2021-10-11T20:51:36","guid":{"rendered":"https:\/\/www.brw.pl\/blog\/?p=20218"},"modified":"2024-09-25T08:37:22","modified_gmt":"2024-09-25T06:37:22","slug":"z-odrobina-luksusu-urzadzamy-jadalnie-w-stylu-glamour","status":"publish","type":"post","link":"https:\/\/www.brw.pl\/blog\/z-odrobina-luksusu-urzadzamy-jadalnie-w-stylu-glamour\/","title":{"rendered":"Jadalnia glamour \u2013 aran\u017cacje pe\u0142ne blasku"},"content":{"rendered":"<p><strong>Elegancki, wytworny i wysublimowany glamour to propozycja, kt\u00f3ra sprawdzi si\u0119 nie tylko na salonach, ale r\u00f3wnie\u017c w rodzinnej jadalni. Przestrze\u0144 pe\u0142na efektownych rozwi\u0105za\u0144, po\u0142yskuj\u0105cych materia\u0142\u00f3w i finezyjnych form sprawi, \u017ce ka\u017cdy posi\u0142ek jadany przy wsp\u00f3lnym stole zamieni si\u0119 w wykwintn\u0105 uczt\u0119. Chcesz wiedzie\u0107, jak zaaran\u017cowa\u0107 jadalni\u0119 w stylu glamour? Podpowiadamy!<\/strong><!--more--><\/p>\n<p><img decoding=\"async\" class=\"aligncenter wp-image-20219 size-medium lazyload\" data-src=\"https:\/\/www.brw.pl\/blog\/wp-content\/uploads\/2021\/10\/Jadalnia-glamour-800x540.png\" alt=\"Jadalnia glamour \u2013 aran\u017cacje\" width=\"800\" height=\"540\" data-srcset=\"https:\/\/www.brw.pl\/blog\/wp-content\/uploads\/2021\/10\/Jadalnia-glamour-800x540.png 800w, https:\/\/www.brw.pl\/blog\/wp-content\/uploads\/2021\/10\/Jadalnia-glamour-768x518.png 768w, https:\/\/www.brw.pl\/blog\/wp-content\/uploads\/2021\/10\/Jadalnia-glamour-1536x1037.png 1536w, https:\/\/www.brw.pl\/blog\/wp-content\/uploads\/2021\/10\/Jadalnia-glamour.png 1600w\" data-sizes=\"(max-width: 800px) 100vw, 800px\" src=\"data:image\/svg+xml;base64,PHN2ZyB3aWR0aD0iMSIgaGVpZ2h0PSIxIiB4bWxucz0iaHR0cDovL3d3dy53My5vcmcvMjAwMC9zdmciPjwvc3ZnPg==\" style=\"--smush-placeholder-width: 800px; --smush-placeholder-aspect-ratio: 800\/540;\" \/><\/p>\n<h2><strong>Styl glamour, czyli wn\u0119trza na bogato. Jak urz\u0105dzi\u0107 jadalni\u0119 w duchu luksusowej elegancji?<\/strong><\/h2>\n<p>Aran\u017cacje w stylu glamour nigdy nie wychodz\u0105 z mody. Zachwycaj\u0105 wyrafinowan\u0105 elegancj\u0105 i blaskiem, wsp\u00f3\u0142cze\u015bnie jednak niekoniecznie musz\u0105 poci\u0105ga\u0107 za sob\u0105 barokowy przepych, nierzadko kojarzony z pretensjonalno\u015bci\u0105 czy z\u0142ym gustem. <strong>Wn\u0119trza glamour coraz cz\u0119\u015bciej rezygnuj\u0105 z rozwi\u0105za\u0144 przywodz\u0105cych na my\u015bl pa\u0142acowe sale<\/strong>. Obficie zdobione ludwiki zast\u0119powane s\u0105 meblami o smuk\u0142ych kszta\u0142tach, wyko\u0144czonymi materia\u0142ami najwy\u017cszej jako\u015bci, a nadmiar ozd\u00f3b i kolor\u00f3w wyparty jest przez oryginalny detal i szlachetne barwy.<\/p>\n<p data-pm-slice=\"1 1 []\"><span data-color=\"var(--purple-10)\">Na tle prostych aran\u017cacji w stylu skandynawskim lub loftowym, jadalnia glamour prezentuje si\u0119 bardzo szykownie. Nie dziwi wi\u0119c, \u017ce aran\u017cacje w tym stylu wci\u0105\u017c s\u0105 <\/span><em><span data-color=\"var(--purple-10)\">en vouge!<\/span><\/em><\/p>\n<h3 data-pm-slice=\"1 1 []\"><span data-color=\"var(--purple-10)\">Styl glamour \u2013 czym si\u0119 wyr\u00f3\u017cnia?<\/span><\/h3>\n<p>Czym wyr\u00f3\u017cnia si\u0119 jadalnia glamour? Przede wszystkim jest to pomieszczenie r\u00f3wnie reprezentacyjne jak salon, nie mo\u017ce w nim zatem zabrakn\u0105\u0107 efektownych mebli i dekoracji podkre\u015blaj\u0105cych charakter aran\u017cacji. <strong><a href=\"https:\/\/www.brw.pl\/meble\/stoly-i-krzesla\/stoly\/salon-jadalnia\/\" target=\"_blank\" rel=\"noopener noreferrer\">Centrum jadalni powinien zajmowa\u0107 du\u017cy st\u00f3\u0142<\/a> oraz <a href=\"https:\/\/www.brw.pl\/meble\/stoly-i-krzesla\/krzesla\/\" target=\"_blank\" rel=\"noopener noreferrer\">wygodne krzes\u0142a<\/a> o nowoczesnym designie<\/strong>. Do wn\u0119trza zaaran\u017cowanego zgodnie z t\u0105 estetyk\u0105 warto dobra\u0107 o\u015bwietlenie buduj\u0105ce intymny nastr\u00f3j \u2013 zadbaj wi\u0119c o obecno\u015b\u0107 rozproszonego \u017ar\u00f3d\u0142a \u015bwiat\u0142a. Kuliste oprawy o\u015bwietleniowe z kloszami z mlecznego szk\u0142a, po\u0142yskuj\u0105ce \u017cyrandole lub nowoczesne lampy o intryguj\u0105cych kszta\u0142tach sprawdz\u0105 si\u0119 idealnie.<\/p>\n<p><strong>&gt;&gt;Szukasz mebli odpowiednich do jadalni glamour? <a href=\"https:\/\/www.brw.pl\/katalogi\/\" target=\"_blank\" rel=\"noopener noreferrer\">Zajrzyj do naszych katalog\u00f3w i zobacz, co dla Ciebie przygotowali\u015bmy<\/a>!<\/strong><\/p>\n<p><strong>W\u015br\u00f3d kolor\u00f3w dominuj\u0105cych w stylu glamour na pierwszy plan wysuwaj\u0105 si\u0119 srebro i z\u0142oto, doskonale wsp\u00f3\u0142graj\u0105ce z ca\u0142\u0105 palet\u0105 szaro\u015bci, mlecznych i per\u0142owych bieli oraz po\u0142yskuj\u0105c\u0105 czerni\u0105<\/strong>. W tego rodzaju wystroju mile widziane s\u0105 tak\u017ce mocniejsze kolorystyczne akcenty w postaci butelkowej zieleni, ciemnej czerwieni czy eleganckiego granatu.<\/p>\n<h2><strong>St\u00f3\u0142 do jadalni w stylu glamour \u2013 jaki wybra\u0107?<\/strong><\/h2>\n<p>Jadalnia w stylu glamour nie ob\u0119dzie si\u0119 bez wytwornie zastawionego sto\u0142u, przy kt\u00f3rym w swobodny spos\u00f3b mo\u017ce zasi\u0105\u015b\u0107 ca\u0142a rodzina wraz z go\u015b\u0107mi. Odpowiednio du\u017cy blat oraz wymiary sto\u0142u odpowiadaj\u0105ce mo\u017cliwo\u015bciom jadalni to zatem niezb\u0119dne cechy tego mebla. W zale\u017cno\u015bci od uk\u0142adu pomieszczenia oraz potrzeb domownik\u00f3w, mo\u017cesz zdecydowa\u0107 si\u0119 na model okr\u0105g\u0142y, owalny lub prostok\u0105tny.<\/p>\n<p data-pm-slice=\"1 1 []\"><strong><span data-color=\"var(--purple-10)\">Szczeg\u00f3ln\u0105 uwag\u0119 zwr\u00f3\u0107 r\u00f3wnie\u017c na jego wyko\u0144czenie: w aran\u017cacjach glamour dobrym wyborem b\u0119d\u0105 rze\u017abione nogi, lakierowany lub szklany blat i smuk\u0142a sylwetka<\/span><\/strong><span data-color=\"var(--purple-10)\">. Szklany st\u00f3\u0142 oraz modele na wysoki po\u0142ysk to idealne propozycje do wn\u0119trz urz\u0105dzonych w stylu glamour. <\/span><\/p>\n<p>Nie bez znaczenia pozostaje tak\u017ce kolor \u2013 <span data-color=\"var(--purple-10)\">st\u00f3\u0142 do jadalni inspirowanej stylem glamour <\/span>mo\u017ce by\u0107 utrzymany w po\u0142yskuj\u0105cej bieli, cho\u0107 nie jest to jedyny wyb\u00f3r. <strong>Ciekawy efekt osi\u0105gniesz, decyduj\u0105c si\u0119 na st\u00f3\u0142 osadzony na bia\u0142ych n\u00f3\u017ckach, z blatem w wybarwieniu naturalnego drewna. Taki model bezb\u0142\u0119dnie wkomponuje si\u0119 w aran\u017cacj\u0119, w kt\u00f3rej prym wiod\u0105 jasne barwy i eleganckie wyko\u0144czenie mebli<\/strong>.<\/p>\n<div style=\"display: flex; align-items: center; justify-content: center; text-align: center;\">\n<figure id=\"attachment_20220\" aria-describedby=\"caption-attachment-20220\" style=\"width: 533px\" class=\"wp-caption aligncenter\"><img decoding=\"async\" class=\"wp-image-20220 size-medium lazyload\" data-src=\"https:\/\/www.brw.pl\/blog\/wp-content\/uploads\/2021\/10\/Ar2-D09052-TXS_ALAMEDA-DWMBIPD09-TXK_ALAMEDA-TX098-1-SALVADOR_7_GREEN_L-533x800.jpg\" alt=\"Jadalnia glamour \u2013 st\u00f3\u0142 Alameda\" width=\"533\" height=\"800\" data-srcset=\"https:\/\/www.brw.pl\/blog\/wp-content\/uploads\/2021\/10\/Ar2-D09052-TXS_ALAMEDA-DWMBIPD09-TXK_ALAMEDA-TX098-1-SALVADOR_7_GREEN_L-533x800.jpg 533w, https:\/\/www.brw.pl\/blog\/wp-content\/uploads\/2021\/10\/Ar2-D09052-TXS_ALAMEDA-DWMBIPD09-TXK_ALAMEDA-TX098-1-SALVADOR_7_GREEN_L-720x1080.jpg 720w, https:\/\/www.brw.pl\/blog\/wp-content\/uploads\/2021\/10\/Ar2-D09052-TXS_ALAMEDA-DWMBIPD09-TXK_ALAMEDA-TX098-1-SALVADOR_7_GREEN_L-768x1152.jpg 768w, https:\/\/www.brw.pl\/blog\/wp-content\/uploads\/2021\/10\/Ar2-D09052-TXS_ALAMEDA-DWMBIPD09-TXK_ALAMEDA-TX098-1-SALVADOR_7_GREEN_L-1024x1536.jpg 1024w, https:\/\/www.brw.pl\/blog\/wp-content\/uploads\/2021\/10\/Ar2-D09052-TXS_ALAMEDA-DWMBIPD09-TXK_ALAMEDA-TX098-1-SALVADOR_7_GREEN_L-1365x2048.jpg 1365w, https:\/\/www.brw.pl\/blog\/wp-content\/uploads\/2021\/10\/Ar2-D09052-TXS_ALAMEDA-DWMBIPD09-TXK_ALAMEDA-TX098-1-SALVADOR_7_GREEN_L-scaled.jpg 719w\" data-sizes=\"(max-width: 533px) 100vw, 533px\" src=\"data:image\/svg+xml;base64,PHN2ZyB3aWR0aD0iMSIgaGVpZ2h0PSIxIiB4bWxucz0iaHR0cDovL3d3dy53My5vcmcvMjAwMC9zdmciPjwvc3ZnPg==\" style=\"--smush-placeholder-width: 533px; --smush-placeholder-aspect-ratio: 533\/800;\" \/><figcaption id=\"caption-attachment-20220\" class=\"wp-caption-text\"><a href=\"https:\/\/www.brw.pl\/stol-alameda,38244\" target=\"_blank\" rel=\"noopener noreferrer\"><span style=\"font-weight: 400;\">St\u00f3\u0142 <\/span><\/a> i <a href=\"https:\/\/www.brw.pl\/krzeslo-alameda,38245\" target=\"_blank\" rel=\"noopener noreferrer\"><span style=\"font-weight: 400;\">krzes\u0142a Alameda <\/span><\/a><span style=\"font-weight: 400;\"> tworz\u0105 zestaw, obok kt\u00f3rego nie spos\u00f3b przej\u015b\u0107 oboj\u0119tnie!<\/span><\/figcaption><\/figure>\n<\/div>\n<p>W Twoim domu jadalnia stanowi integraln\u0105 cz\u0119\u015b\u0107 salonu? Je\u015bli w pokoju dziennym uda\u0142o Ci si\u0119 wydzieli\u0107 funkcjonaln\u0105 stref\u0119 jadalnian\u0105, <strong>dobrym pomys\u0142em mo\u017ce by\u0107 postawienie na rozk\u0142adany st\u00f3\u0142 glamour<\/strong>. Jego zalet\u0105 jest mo\u017cliwo\u015b\u0107 z\u0142o\u017cenia do kompaktowych wymiar\u00f3w, a w razie potrzeby \u2013 zwi\u0119kszenia powierzchni blatu o dodatkowe centymetry. Je\u015bli na co dzie\u0144 potrzebujesz zmie\u015bci\u0107 przy stole wi\u0119ksz\u0105 liczb\u0119 os\u00f3b, wybierz okr\u0105g\u0142y st\u00f3\u0142. Model tego rodzaju to \u015bwietna opcja do niedu\u017cych i wielofunkcyjnych pomieszcze\u0144! W jadalni glamour obowi\u0105zkowo umie\u015b\u0107 st\u00f3\u0142, w kt\u00f3rym uwag\u0119 przyci\u0105gaj\u0105 finezyjne zdobienia i \u0142agodny owal blatu.<\/p>\n<div style=\"display: flex; align-items: center; justify-content: center; text-align: center;\">\n<figure id=\"attachment_20221\" aria-describedby=\"caption-attachment-20221\" style=\"width: 534px\" class=\"wp-caption aligncenter\"><img decoding=\"async\" class=\"wp-image-20221 size-medium lazyload\" data-src=\"https:\/\/www.brw.pl\/blog\/wp-content\/uploads\/2021\/10\/Lucanliza_L-534x800.jpg\" alt=\"Jadalnia w stylu glamour \u2013 st\u00f3\u0142 Lucan\" width=\"534\" height=\"800\" data-srcset=\"https:\/\/www.brw.pl\/blog\/wp-content\/uploads\/2021\/10\/Lucanliza_L-534x800.jpg 534w, https:\/\/www.brw.pl\/blog\/wp-content\/uploads\/2021\/10\/Lucanliza_L-scaled.jpg 721w, https:\/\/www.brw.pl\/blog\/wp-content\/uploads\/2021\/10\/Lucanliza_L-768x1150.jpg 768w, https:\/\/www.brw.pl\/blog\/wp-content\/uploads\/2021\/10\/Lucanliza_L-1026x1536.jpg 1026w, https:\/\/www.brw.pl\/blog\/wp-content\/uploads\/2021\/10\/Lucanliza_L-1368x2048.jpg 1368w\" data-sizes=\"(max-width: 534px) 100vw, 534px\" src=\"data:image\/svg+xml;base64,PHN2ZyB3aWR0aD0iMSIgaGVpZ2h0PSIxIiB4bWxucz0iaHR0cDovL3d3dy53My5vcmcvMjAwMC9zdmciPjwvc3ZnPg==\" style=\"--smush-placeholder-width: 534px; --smush-placeholder-aspect-ratio: 534\/800;\" \/><figcaption id=\"caption-attachment-20221\" class=\"wp-caption-text\"><a href=\"https:\/\/www.brw.pl\/stol-lucan-4,38239\" target=\"_blank\" rel=\"noopener noreferrer\"><span style=\"font-weight: 400;\">St\u00f3\u0142 Lucan 4<\/span><\/a> z rozk\u0142adanym blatem i <a href=\"https:\/\/www.brw.pl\/krzeslo-liza,34993\" target=\"_blank\" rel=\"noopener noreferrer\"><span style=\"font-weight: 400;\">krzes\u0142a Liza <\/span><\/a><span style=\"font-weight: 400;\"> to gwarancja posi\u0142ku w wyj\u0105tkowej oprawie<\/span><\/figcaption><\/figure>\n<\/div>\n<h2><strong>Krzes\u0142a glamour \u2013 jadalnia jak ze sn\u00f3w<\/strong><\/h2>\n<p>Krzes\u0142a to nie tylko funkcjonalny element wyposa\u017cenia jadalni, ale tak\u017ce stylowe dope\u0142nienie aran\u017cacji glamour. <strong>W zale\u017cno\u015bci od pomys\u0142u na wystr\u00f3j, mo\u017cesz zdecydowa\u0107 si\u0119 na mi\u0119kkie krzes\u0142o tapicerowane o przytulnym charakterze \u2013 najlepiej wyko\u0144czone po\u0142yskuj\u0105cym materia\u0142em i zdobieniami takimi jak guziki czy pikowania<\/strong> \u2013 lub nieco bardziej nowoczesny zestaw z przezroczystymi krzes\u0142ami a la ludwiki. W jadalni glamour egzamin zdadz\u0105 r\u00f3wnie\u017c eleganckie hokery lub siedziska obite ekologiczn\u0105 sk\u00f3r\u0105 w kolorze kremowym.<\/p>\n<div style=\"display: flex; align-items: center; justify-content: center; text-align: center;\">\n<figure id=\"attachment_20222\" aria-describedby=\"caption-attachment-20222\" style=\"width: 285px\" class=\"wp-caption aligncenter\"><img decoding=\"async\" class=\"wp-image-20222 lazyload\" data-src=\"https:\/\/www.brw.pl\/blog\/wp-content\/uploads\/2021\/10\/Hoker-Colin.jpg\" alt=\"Krzes\u0142o do wn\u0119trz w stylu glamour - hoker Colin\" width=\"285\" height=\"214\" src=\"data:image\/svg+xml;base64,PHN2ZyB3aWR0aD0iMSIgaGVpZ2h0PSIxIiB4bWxucz0iaHR0cDovL3d3dy53My5vcmcvMjAwMC9zdmciPjwvc3ZnPg==\" style=\"--smush-placeholder-width: 285px; --smush-placeholder-aspect-ratio: 285\/214;\" \/><figcaption id=\"caption-attachment-20222\" class=\"wp-caption-text\"><a href=\"https:\/\/www.brw.pl\/hoker-granatowy-colin-b,35967\" target=\"_blank\" rel=\"noopener noreferrer\"><span style=\"font-weight: 400;\">Hoker Colin<\/span><\/a><\/figcaption><\/figure>\n<figure id=\"attachment_20224\" aria-describedby=\"caption-attachment-20224\" style=\"width: 285px\" class=\"wp-caption aligncenter\"><img decoding=\"async\" class=\"wp-image-20224 lazyload\" data-src=\"https:\/\/www.brw.pl\/blog\/wp-content\/uploads\/2021\/10\/Krzes\u0142o-Trix.jpg\" alt=\"Krzes\u0142o w stylu glamour - Trix\" width=\"285\" height=\"214\" src=\"data:image\/svg+xml;base64,PHN2ZyB3aWR0aD0iMSIgaGVpZ2h0PSIxIiB4bWxucz0iaHR0cDovL3d3dy53My5vcmcvMjAwMC9zdmciPjwvc3ZnPg==\" style=\"--smush-placeholder-width: 285px; --smush-placeholder-aspect-ratio: 285\/214;\" \/><figcaption id=\"caption-attachment-20224\" class=\"wp-caption-text\"><a href=\"https:\/\/www.brw.pl\/krzeslo-velvet-zielony-trix,30388\" target=\"_blank\" rel=\"noopener noreferrer\"><span style=\"font-weight: 400;\">Krzes\u0142o Trix<\/span><\/a><\/figcaption><\/figure>\n<figure id=\"attachment_20223\" aria-describedby=\"caption-attachment-20223\" style=\"width: 285px\" class=\"wp-caption aligncenter\"><img decoding=\"async\" class=\"wp-image-20223 lazyload\" data-src=\"https:\/\/www.brw.pl\/blog\/wp-content\/uploads\/2021\/10\/Krzes\u0142o-Cherry.jpg\" alt=\"Krzes\u0142o w stylu glamour Cherry\" width=\"285\" height=\"214\" src=\"data:image\/svg+xml;base64,PHN2ZyB3aWR0aD0iMSIgaGVpZ2h0PSIxIiB4bWxucz0iaHR0cDovL3d3dy53My5vcmcvMjAwMC9zdmciPjwvc3ZnPg==\" style=\"--smush-placeholder-width: 285px; --smush-placeholder-aspect-ratio: 285\/214;\" \/><figcaption id=\"caption-attachment-20223\" class=\"wp-caption-text\"><a href=\"https:\/\/www.brw.pl\/krzeslo-granatowy-cherry,35961\" target=\"_blank\" rel=\"noopener noreferrer\"><span style=\"font-weight: 400;\">Krzes\u0142o Cherry<\/span><\/a><\/figcaption><\/figure>\n<p>&nbsp;<\/p>\n<figure id=\"attachment_20225\" aria-describedby=\"caption-attachment-20225\" style=\"width: 285px\" class=\"wp-caption aligncenter\"><img decoding=\"async\" class=\"wp-image-20225 lazyload\" data-src=\"https:\/\/www.brw.pl\/blog\/wp-content\/uploads\/2021\/10\/Krzes\u0142o-Aka.jpg\" alt=\"Krzes\u0142o Aka w stylu glamour\" width=\"285\" height=\"214\" src=\"data:image\/svg+xml;base64,PHN2ZyB3aWR0aD0iMSIgaGVpZ2h0PSIxIiB4bWxucz0iaHR0cDovL3d3dy53My5vcmcvMjAwMC9zdmciPjwvc3ZnPg==\" style=\"--smush-placeholder-width: 285px; --smush-placeholder-aspect-ratio: 285\/214;\" \/><figcaption id=\"caption-attachment-20225\" class=\"wp-caption-text\"><a href=\"https:\/\/www.brw.pl\/krzeslo-aka,39716\" target=\"_blank\" rel=\"noopener noreferrer\"><span style=\"font-weight: 400;\">Krzes\u0142o Aka<\/span><\/a><\/figcaption><\/figure>\n<\/div>\n<p>Szykowne tapicerowane krzes\u0142a pokryte aksamitn\u0105 tkanin\u0105 stworz\u0105 udany duet ze sto\u0142em, w kt\u00f3rym podstaw\u0119 stanowi bia\u0142y lub czarny blat. Pami\u0119taj, \u017ce nie musisz decydowa\u0107 si\u0119 jedynie na g\u0142adkie i jednokolorowe modele krzese\u0142. <strong>We wn\u0119trzu zaaran\u017cowanym w stylu glamour, niezwykle efektownie zaprezentuj\u0105 si\u0119 wzory stanowi\u0105ce kontrapunkt dla l\u015bni\u0105cych, monochromatycznych powierzchni<\/strong>.<\/p>\n<h2 data-pm-slice=\"1 1 []\"><strong>Nowoczesna jadalnia glamour \u2013 dodatki i o\u015bwietlenie<\/strong><\/h2>\n<p>Wysublimowany, wielkomiejski styl glamour uwielbia dodatki o finezyjnych formach i niepowtarzalnym charakterze. Je\u015bli w Twojej jadalni meble wyko\u0144czone s\u0105 delikatnymi zdobieniami, w kwestii dekoracji mo\u017cesz pozwoli\u0107 sobie na wi\u0119cej. Si\u0119gnij po wysmakowane detale, w kt\u00f3rych prosta forma spotyka si\u0119 z kunsztowno\u015bci\u0105 wykonania \u2013 b\u0119d\u0105 niczym wisienka na torcie.<\/p>\n<p><strong>Je\u015bli jadalnia glamour oznacza dla Ciebie wn\u0119trze nie tylko eleganckie, ale i przytulne, zadbaj o to, by nie zabrak\u0142o w niej najwy\u017cszej jako\u015bci tekstyli\u00f3w i dywan\u00f3w<\/strong>. Mi\u0119siste, aksamitne zas\u0142ony zawieszone na ci\u0119\u017ckich karniszach, poduszki zdobione dekoracyjnymi przeszyciami czy mi\u0119kki dywanik umieszczony pod sto\u0142em wprowadz\u0105 do jadalni atmosfer\u0119 domowego ciep\u0142a, przy okazji dodaj\u0105c szyku ca\u0142ej aran\u017cacji.<\/p>\n<p>Inny pomys\u0142 na dekoracje do jadalni glamour? Wszystkie elementy urozmaicaj\u0105ce wystr\u00f3j sto\u0142u: wyszukana zastawa sto\u0142owa, <span data-color=\"var(--purple-10)\">kryszta\u0142owe naczynia, <\/span>elegancki serwetnik, srebrne \u015bwieczniki, kulisty wazon na kwiaty i porcelanowe figurki. Po b\u0142yszcz\u0105ce detale si\u0119gaj nie tylko od \u015bwi\u0119ta, ale i na co dzie\u0144. Glamour kocha blask niezale\u017cnie od okoliczno\u015bci!<\/p>\n<div style=\"display: flex; align-items: center; justify-content: center; text-align: center;\">\n<figure id=\"attachment_20230\" aria-describedby=\"caption-attachment-20230\" style=\"width: 800px\" class=\"wp-caption aligncenter\"><img decoding=\"async\" class=\"wp-image-20230 size-medium lazyload\" data-src=\"https:\/\/www.brw.pl\/blog\/wp-content\/uploads\/2021\/10\/THK-074975-THK-074055-THK-074951-THK-074953-800x450.jpg\" alt=\"Fili\u017canka ze spodkiem Bella\" width=\"800\" height=\"450\" data-srcset=\"https:\/\/www.brw.pl\/blog\/wp-content\/uploads\/2021\/10\/THK-074975-THK-074055-THK-074951-THK-074953-800x450.jpg 800w, https:\/\/www.brw.pl\/blog\/wp-content\/uploads\/2021\/10\/THK-074975-THK-074055-THK-074951-THK-074953.jpg 1920w, https:\/\/www.brw.pl\/blog\/wp-content\/uploads\/2021\/10\/THK-074975-THK-074055-THK-074951-THK-074953-768x432.jpg 768w, https:\/\/www.brw.pl\/blog\/wp-content\/uploads\/2021\/10\/THK-074975-THK-074055-THK-074951-THK-074953-1536x864.jpg 1536w\" data-sizes=\"(max-width: 800px) 100vw, 800px\" src=\"data:image\/svg+xml;base64,PHN2ZyB3aWR0aD0iMSIgaGVpZ2h0PSIxIiB4bWxucz0iaHR0cDovL3d3dy53My5vcmcvMjAwMC9zdmciPjwvc3ZnPg==\" style=\"--smush-placeholder-width: 800px; --smush-placeholder-aspect-ratio: 800\/450;\" \/><figcaption id=\"caption-attachment-20230\" class=\"wp-caption-text\"><a href=\"https:\/\/www.brw.pl\/filizanka-ze-spodkiem-bella,35188\" target=\"_blank\" rel=\"noopener noreferrer\"><span style=\"font-weight: 400;\">Fili\u017canka ze spodkiem Bella<\/span><\/a><\/figcaption><\/figure>\n<\/div>\n<div style=\"display: flex; align-items: center; justify-content: center; text-align: center;\">\n<figure id=\"attachment_20227\" aria-describedby=\"caption-attachment-20227\" style=\"width: 285px\" class=\"wp-caption aligncenter\"><img decoding=\"async\" class=\"wp-image-20227 lazyload\" data-src=\"https:\/\/www.brw.pl\/blog\/wp-content\/uploads\/2021\/10\/Komplet-sztu\u0107c\u00f3w-Golden-State.jpg\" alt=\"Komplet sztu\u0107c\u00f3w Golden State\" width=\"285\" height=\"213\" src=\"data:image\/svg+xml;base64,PHN2ZyB3aWR0aD0iMSIgaGVpZ2h0PSIxIiB4bWxucz0iaHR0cDovL3d3dy53My5vcmcvMjAwMC9zdmciPjwvc3ZnPg==\" style=\"--smush-placeholder-width: 285px; --smush-placeholder-aspect-ratio: 285\/213;\" \/><figcaption id=\"caption-attachment-20227\" class=\"wp-caption-text\"><a href=\"https:\/\/www.brw.pl\/kpl-sztuccow-golden-state,30338\" target=\"_blank\" rel=\"noopener noreferrer\"><span style=\"font-weight: 400;\">Komplet sztu\u0107c\u00f3w Golden State<\/span><\/a><\/figcaption><\/figure>\n<figure id=\"attachment_20228\" aria-describedby=\"caption-attachment-20228\" style=\"width: 285px\" class=\"wp-caption aligncenter\"><img decoding=\"async\" class=\"wp-image-20228 lazyload\" data-src=\"https:\/\/www.brw.pl\/blog\/wp-content\/uploads\/2021\/10\/Mata-na-st\u00f3\u0142-Li\u015b\u0107.jpg\" alt=\"Mata dekoracyjna Li\u015b\u0107\" width=\"285\" height=\"214\" src=\"data:image\/svg+xml;base64,PHN2ZyB3aWR0aD0iMSIgaGVpZ2h0PSIxIiB4bWxucz0iaHR0cDovL3d3dy53My5vcmcvMjAwMC9zdmciPjwvc3ZnPg==\" style=\"--smush-placeholder-width: 285px; --smush-placeholder-aspect-ratio: 285\/214;\" \/><figcaption id=\"caption-attachment-20228\" class=\"wp-caption-text\"><a href=\"https:\/\/www.brw.pl\/podkladka-lisc,38813\" target=\"_blank\" rel=\"noopener noreferrer\"><span style=\"font-weight: 400;\">Mata dekoracyjna Li\u015b\u0107<\/span><\/a><\/figcaption><\/figure>\n<figure id=\"attachment_20229\" aria-describedby=\"caption-attachment-20229\" style=\"width: 285px\" class=\"wp-caption aligncenter\"><img decoding=\"async\" class=\"wp-image-20229 lazyload\" data-src=\"https:\/\/www.brw.pl\/blog\/wp-content\/uploads\/2021\/10\/Salaterka-Berlotti.jpg\" alt=\"Salaterka Berlotti\" width=\"285\" height=\"214\" src=\"data:image\/svg+xml;base64,PHN2ZyB3aWR0aD0iMSIgaGVpZ2h0PSIxIiB4bWxucz0iaHR0cDovL3d3dy53My5vcmcvMjAwMC9zdmciPjwvc3ZnPg==\" style=\"--smush-placeholder-width: 285px; --smush-placeholder-aspect-ratio: 285\/214;\" \/><figcaption id=\"caption-attachment-20229\" class=\"wp-caption-text\"><a href=\"https:\/\/www.brw.pl\/salaterka-berlotti,40924\" target=\"_blank\" rel=\"noopener noreferrer\"><span style=\"font-weight: 400;\">Salaterka Berlotti<\/span><\/a><\/figcaption><\/figure>\n<\/div>\n<p>Na koniec pochyl si\u0119 nad kwesti\u0105 o\u015bwietlenia. <strong>Nawet je\u015bli Twoja jadalnia glamour nie stanowi osobnego pomieszczenia, lecz stref\u0119 wydzielon\u0105 w salonie, zadbaj o to, by lampy by\u0142y w niej jednym z element\u00f3w wyr\u00f3\u017cniaj\u0105cych<\/strong>. Nad sto\u0142em obowi\u0105zkowo powinna znale\u017a\u0107 si\u0119 oryginalna lampa wisz\u0105ca, kszta\u0142tem i wielko\u015bci\u0105 dopasowana do sto\u0142u. Je\u017celi mo\u017cesz pochwali\u0107 si\u0119 jadalni\u0105 sporych rozmiar\u00f3w, wybierz r\u00f3wnie okaza\u0142\u0105 opraw\u0119 o\u015bwietleniow\u0105: kryszta\u0142owy \u017cyrandol, nowoczesne lampy sk\u0105pane w z\u0142ocie lub klasyczny model aba\u017curowy. <span data-color=\"var(--purple-10)\">Do jadalni z o\u015bwietleniem o dekoracyjnej formie warto wprowadzi\u0107 r\u00f3wnie\u017c pi\u0119knie oprawione tafle luster \u2013 dodatki tego rodzaju odbijaj\u0105 \u015bwiat\u0142o, pot\u0119guj\u0105c efekt glamour.<\/span><\/p>\n<p><strong>&gt;&gt;Aran\u017cacje glamour przypad\u0142y Ci do gustu? <a href=\"https:\/\/www.brw.pl\/blog\/kuchnia-w-stylu-glamour-przepis-na-eleganckie-wnetrze\/\" target=\"_blank\" rel=\"noopener noreferrer\">Sprawd\u017a nasz przepis na kuchni\u0119 w tym stylu i zaaran\u017cuj eleganckie wn\u0119trze<\/a>!<\/strong><\/p>\n","protected":false},"excerpt":{"rendered":"<p>Elegancki, wytworny i wysublimowany glamour to propozycja, kt\u00f3ra sprawdzi si\u0119 nie tylko na salonach, ale r\u00f3wnie\u017c w rodzinnej jadalni. Przestrze\u0144 pe\u0142na efektownych rozwi\u0105za\u0144, po\u0142yskuj\u0105cych materia\u0142\u00f3w i finezyjnych form sprawi, \u017ce ka\u017cdy posi\u0142ek jadany przy wsp\u00f3lnym stole zamieni si\u0119 w wykwintn\u0105 uczt\u0119. Chcesz wiedzie\u0107, jak zaaran\u017cowa\u0107 jadalni\u0119 w stylu glamour? Podpowiadamy!<\/p>\n","protected":false},"author":21,"featured_media":20219,"comment_status":"closed","ping_status":"open","sticky":false,"template":"","format":"standard","meta":{"footnotes":""},"categories":[738,745],"tags":[],"aioseo_notices":[],"_links":{"self":[{"href":"https:\/\/www.brw.pl\/blog\/wp-json\/wp\/v2\/posts\/20218"}],"collection":[{"href":"https:\/\/www.brw.pl\/blog\/wp-json\/wp\/v2\/posts"}],"about":[{"href":"https:\/\/www.brw.pl\/blog\/wp-json\/wp\/v2\/types\/post"}],"author":[{"embeddable":true,"href":"https:\/\/www.brw.pl\/blog\/wp-json\/wp\/v2\/users\/21"}],"replies":[{"embeddable":true,"href":"https:\/\/www.brw.pl\/blog\/wp-json\/wp\/v2\/comments?post=20218"}],"version-history":[{"count":8,"href":"https:\/\/www.brw.pl\/blog\/wp-json\/wp\/v2\/posts\/20218\/revisions"}],"predecessor-version":[{"id":32771,"href":"https:\/\/www.brw.pl\/blog\/wp-json\/wp\/v2\/posts\/20218\/revisions\/32771"}],"wp:featuredmedia":[{"embeddable":true,"href":"https:\/\/www.brw.pl\/blog\/wp-json\/wp\/v2\/media\/20219"}],"wp:attachment":[{"href":"https:\/\/www.brw.pl\/blog\/wp-json\/wp\/v2\/media?parent=20218"}],"wp:term":[{"taxonomy":"category","embeddable":true,"href":"https:\/\/www.brw.pl\/blog\/wp-json\/wp\/v2\/categories?post=20218"},{"taxonomy":"post_tag","embeddable":true,"href":"https:\/\/www.brw.pl\/blog\/wp-json\/wp\/v2\/tags?post=20218"}],"curies":[{"name":"wp","href":"https:\/\/api.w.org\/{rel}","templated":true}]}}