{"id":21673,"date":"2022-01-18T14:06:00","date_gmt":"2022-01-18T13:06:00","guid":{"rendered":"https:\/\/www.brw.pl\/blog\/?p=21673"},"modified":"2024-10-11T12:56:57","modified_gmt":"2024-10-11T10:56:57","slug":"trendy-wnetrzarskie-2022-nowy-rok-nowe-mieszkanie","status":"publish","type":"post","link":"https:\/\/www.brw.pl\/blog\/trendy-wnetrzarskie-2022-nowy-rok-nowe-mieszkanie\/","title":{"rendered":"Trendy wn\u0119trzarskie 2022"},"content":{"rendered":"<p>Projektanci i mi\u0142o\u015bnicy aran\u017cacji wn\u0119trz z ka\u017cdym nowym rokiem znajduj\u0105 okazj\u0119 do tego, by poszukiwa\u0107 nowych rozwi\u0105za\u0144. Oczywi\u015bcie dotyczy to rozwi\u0105za\u0144 dla dom\u00f3w i mieszka\u0144, kt\u00f3re kr\u00f3lowa\u0107 b\u0119d\u0105 w danym sezonie. Najnowsze trendy nie musz\u0105 wi\u0105za\u0107 si\u0119 z konieczno\u015bci\u0105 przeorganizowania ca\u0142kowicie przestrzeni i przeznaczenia na ten cel pot\u0119\u017cnej puli \u015brodk\u00f3w. Wr\u0119cz przeciwnie. Czasem niewielka zmiana gwarantuje ogromn\u0105 odmian\u0119! Inny kolor \u015bcian? Nowa sofa? Nawet delikatne od\u015bwie\u017cenie poprzedniego sezonu mo\u017ce przynie\u015b\u0107 sporo korzy\u015bci.<!--more--><\/p>\n<p><img decoding=\"async\" class=\"alignnone size-full wp-image-21674 lazyload\" data-src=\"https:\/\/www.brw.pl\/blog\/wp-content\/uploads\/2022\/01\/trendy-2022.png\" alt=\"trendy 2022\" width=\"1536\" height=\"990\" data-srcset=\"https:\/\/www.brw.pl\/blog\/wp-content\/uploads\/2022\/01\/trendy-2022.png 1536w, https:\/\/www.brw.pl\/blog\/wp-content\/uploads\/2022\/01\/trendy-2022-800x516.png 800w, https:\/\/www.brw.pl\/blog\/wp-content\/uploads\/2022\/01\/trendy-2022-768x495.png 768w\" data-sizes=\"(max-width: 1536px) 100vw, 1536px\" src=\"data:image\/svg+xml;base64,PHN2ZyB3aWR0aD0iMSIgaGVpZ2h0PSIxIiB4bWxucz0iaHR0cDovL3d3dy53My5vcmcvMjAwMC9zdmciPjwvc3ZnPg==\" style=\"--smush-placeholder-width: 1536px; --smush-placeholder-aspect-ratio: 1536\/990;\" \/><\/p>\n<p>Z naszego artyku\u0142u dowiesz si\u0119, co b\u0119dzie modne w nadchodz\u0105cym sezonie! Zerknij, w jakie meble celowa\u0107, by stworzy\u0107 pi\u0119kn\u0105 i modn\u0105 przestrze\u0144, a tak\u017ce jakich materia\u0142\u00f3w i gad\u017cet\u00f3w u\u017cywa\u0107 do wystroju wn\u0119trz. Mo\u017ce si\u0119 okaza\u0107, \u017ce odnowione mieszkanie przyniesie Ci mn\u00f3stwo energii na ca\u0142y nowy rok!<\/p>\n<p>Z tego artyku\u0142u dowiesz si\u0119 m.in.:<\/p>\n<ul>\n<li>Jakie trendy wn\u0119trzarskie b\u0119d\u0119 dominowa\u0107 w 2022 roku?<\/li>\n<li>Jakie meble b\u0119d\u0105 modne w 2022 roku?<\/li>\n<li>Na jakie kolory \u015bcian postawi\u0107 w 2022 roku?<\/li>\n<\/ul>\n<h2><strong>Trendy wn\u0119trzarskie 2022<\/strong><\/h2>\n<p>Ka\u017cdy nowy rok charakteryzuje si\u0119 pewnymi zmianami. Tak jest r\u00f3wnie\u017c teraz. W 2022 roku pojawiaj\u0105 si\u0119 nowe trendy. Cz\u0119\u015b\u0107 z nich znana jest nam z minionych sezon\u00f3w, a cz\u0119\u015b\u0107 jest zupe\u0142n\u0105 nowo\u015bci\u0105. Musimy pami\u0119ta\u0107, \u017ce wci\u0105\u017c funkcjonujemy w pandemicznych czasach, a to zaczyna mocno wp\u0142ywa\u0107 na wygl\u0105d wn\u0119trz, w kt\u00f3rych chcemy przebywa\u0107.<\/p>\n<p>\u017begnamy kolorystyczny spok\u00f3j i monotoni\u0119, witamy natomiast odwag\u0119 i intensywne barwy. Nie rezygnujemy z jasnych mebli, takich jak komody, ale jednocze\u015bnie stawiamy na mocne kolory sof i komplet\u00f3w wypoczynkowych. \u0141\u0105czymy grzeczno\u015b\u0107 z ekstrawagancj\u0105, ale nadal piel\u0119gnujemy minimalizm w naszym otoczeniu. Stawiamy na naturalne materia\u0142y w dekoracji wn\u0119trz i mamy przy tym na uwadze dobro naszej planety. Inspiracje na wykorzystanie posiadanych ju\u017c produkt\u00f3w i dekoracji s\u0105 wr\u0119cz nieograniczone. Zatem jak zadba\u0107 o aran\u017cacj\u0119 i dekoracj\u0119 wn\u0119trz w 2022? Pomo\u017ce pod\u0105\u017canie za okre\u015blonym stylem!<\/p>\n<p><img decoding=\"async\" class=\"alignnone size-full wp-image-21676 lazyload\" data-src=\"https:\/\/www.brw.pl\/blog\/wp-content\/uploads\/2022\/01\/wn\u0119trza-2022.png\" alt=\"wn\u0119trza 2022\" width=\"1536\" height=\"990\" data-srcset=\"https:\/\/www.brw.pl\/blog\/wp-content\/uploads\/2022\/01\/wn\u0119trza-2022.png 1536w, https:\/\/www.brw.pl\/blog\/wp-content\/uploads\/2022\/01\/wn\u0119trza-2022-800x516.png 800w, https:\/\/www.brw.pl\/blog\/wp-content\/uploads\/2022\/01\/wn\u0119trza-2022-768x495.png 768w\" data-sizes=\"(max-width: 1536px) 100vw, 1536px\" src=\"data:image\/svg+xml;base64,PHN2ZyB3aWR0aD0iMSIgaGVpZ2h0PSIxIiB4bWxucz0iaHR0cDovL3d3dy53My5vcmcvMjAwMC9zdmciPjwvc3ZnPg==\" style=\"--smush-placeholder-width: 1536px; --smush-placeholder-aspect-ratio: 1536\/990;\" \/><\/p>\n<h2><strong>Modne style wn\u0119trzarskie 2022<\/strong><\/h2>\n<p>Naj\u0142atwiej jest aran\u017cowa\u0107 wn\u0119trza, korzystaj\u0105c przy tym z inspiracji p\u0142yn\u0105cych z danego stylu. Je\u015bli niezmienn\u0105 mi\u0142o\u015bci\u0105 kochasz styl skandynawski (kt\u00f3ry obecnie staje si\u0119 odrobin\u0119 zapomniany), nie martw si\u0119! Du\u017co w nim naturalnych dodatk\u00f3w i materia\u0142\u00f3w, i naprawd\u0119 niewiele trzeba, by przyprawi\u0107 go szczypt\u0105 ekstrawagancji. Czasem wymiana sofy mo\u017ce ca\u0142kowicie odmieni\u0107 wn\u0119trze. Je\u015bli si\u0119 na to zdecydujesz, pami\u0119taj o wprowadzeniu do swojej przestrzeni kolor\u00f3w i p\u0142yn\u0105cego z nich \u017cycia. Z biel\u0105 i naturalnym drewnem mo\u017cesz zestawia\u0107 fiolety, br\u0105zy i granaty. Sofa w takim wydaniu mo\u017ce prezentowa\u0107 si\u0119 naprawd\u0119 pi\u0119knie!<\/p>\n<p><img decoding=\"async\" class=\"alignnone size-full wp-image-21677 lazyload\" data-src=\"https:\/\/www.brw.pl\/blog\/wp-content\/uploads\/2022\/01\/modna-sypialnia-2022.png\" alt=\"modna sypialnia 2022\" width=\"1536\" height=\"990\" data-srcset=\"https:\/\/www.brw.pl\/blog\/wp-content\/uploads\/2022\/01\/modna-sypialnia-2022.png 1536w, https:\/\/www.brw.pl\/blog\/wp-content\/uploads\/2022\/01\/modna-sypialnia-2022-800x516.png 800w, https:\/\/www.brw.pl\/blog\/wp-content\/uploads\/2022\/01\/modna-sypialnia-2022-768x495.png 768w\" data-sizes=\"(max-width: 1536px) 100vw, 1536px\" src=\"data:image\/svg+xml;base64,PHN2ZyB3aWR0aD0iMSIgaGVpZ2h0PSIxIiB4bWxucz0iaHR0cDovL3d3dy53My5vcmcvMjAwMC9zdmciPjwvc3ZnPg==\" style=\"--smush-placeholder-width: 1536px; --smush-placeholder-aspect-ratio: 1536\/990;\" \/><\/p>\n<p>Ju\u017c kilka miesi\u0119cy temu pisali\u015bmy tak\u017ce o stylu japandi, kt\u00f3ry jest pi\u0119knym po\u0142\u0105czeniem minimalizmu i skandynawskiej przytulno\u015bci. Mo\u017cesz zakocha\u0107 si\u0119 w jego nietypowych formach, ho\u0142dowa\u0107 pi\u0119knu naturalnych kolor\u00f3w i stawia\u0107 na dekoracje z drewna, bambusa i rattanu.<\/p>\n<p>Je\u015bli zale\u017cy Ci na czym\u015b bardziej wyrazistym, mo\u017cesz skupi\u0107 si\u0119 na stylu art deco. Symetryczna organizacja takiej przestrzeni, a jednocze\u015bnie mo\u017cliwo\u015b\u0107 wykorzystania si\u0142y luster i r\u00f3\u017cnego rodzaju ozd\u00f3b, to prawdziwa gratka dla mi\u0142o\u015bnik\u00f3w urz\u0105dzania wn\u0119trz. R\u00f3wnie\u017c i ten styl jest odpowiedzi\u0105 na trendy z 2022 roku. A je\u015bli kochasz wolno\u015b\u0107 i to ona ma by\u0107 widoczna w ka\u017cdym centymetrze Twojego wn\u0119trza, postaw na styl boho. Czerp inspiracje z natury i pokazuj to w swojej przestrzeni!<\/p>\n<h2><strong>Modne meble 2022<\/strong><\/h2>\n<p>W \u017cadnym wypadku nie musisz wymienia\u0107 ca\u0142o\u015bci mebli w swoim domu, by dopasowa\u0107 si\u0119 do danego stylu. Pami\u0119taj, \u017ce \u015bwiadcz\u0105 o nim przede wszystkim dodatki i dekoracje. Je\u015bli jednak stoisz przed decyzj\u0105 wymiany kompletu wypoczynkowego w salonie \u2013 stawiaj na \u0142adnie dopracowany minimalizm. Nie b\u00f3j si\u0119 odwa\u017cnych kolor\u00f3w \u2013 intensywnie zielona lub \u017c\u00f3\u0142ta sofa mo\u017ce by\u0107 dekoracj\u0105 minimalistycznego wn\u0119trza, jego g\u0142\u00f3wnym podkre\u015bleniem. Wystarczy kilka drobnych dodatk\u00f3w, by z jej pomoc\u0105 m\u00f3c konkretnie ucharakteryzowa\u0107 wn\u0119trze. Warto zwr\u00f3ci\u0107 uwag\u0119 tak\u017ce na materia\u0142y komplet\u00f3w wypoczynkowych. Zakochali\u015bmy si\u0119 w welurach, aksamitach i wszystkim tym, co mi\u0119kkie i delikatne. I w tym roku wcale si\u0119 nie odkochujemy. Nadal mo\u017cesz cieszy\u0107 si\u0119 tymi wspania\u0142ymi materia\u0142ami, bo wci\u0105\u017c s\u0105 szalenie modne!<\/p>\n<div style=\"display: flex; align-items: center; justify-content: center; text-align: center;\">\n<figure id=\"attachment_20530\" aria-describedby=\"caption-attachment-20530\" style=\"width: 285px\" class=\"wp-caption aligncenter\"><img decoding=\"async\" class=\"wp-image-20530 lazyload\" data-src=\"https:\/\/www.brw.pl\/blog\/wp-content\/uploads\/2022\/01\/sofa-1.jpg\" alt=\"sofa 2022\" width=\"285\" height=\"214\" src=\"data:image\/svg+xml;base64,PHN2ZyB3aWR0aD0iMSIgaGVpZ2h0PSIxIiB4bWxucz0iaHR0cDovL3d3dy53My5vcmcvMjAwMC9zdmciPjwvc3ZnPg==\" style=\"--smush-placeholder-width: 285px; --smush-placeholder-aspect-ratio: 285\/214;\" \/><figcaption id=\"caption-attachment-20530\" class=\"wp-caption-text\"><a href=\"https:\/\/www.brw.pl\/sofa-feliz,39057\" target=\"_blank\" rel=\"noopener noreferrer\"><span style=\"font-weight: 400;\">SOFA FELIZ <\/span><\/a><\/figcaption><\/figure>\n<figure id=\"attachment_20531\" aria-describedby=\"caption-attachment-20531\" style=\"width: 285px\" class=\"wp-caption aligncenter\"><img decoding=\"async\" class=\"wp-image-20531 lazyload\" data-src=\"https:\/\/www.brw.pl\/blog\/wp-content\/uploads\/2022\/01\/sofa-2.jpg\" alt=\"sofa 2022\" width=\"285\" height=\"214\" src=\"data:image\/svg+xml;base64,PHN2ZyB3aWR0aD0iMSIgaGVpZ2h0PSIxIiB4bWxucz0iaHR0cDovL3d3dy53My5vcmcvMjAwMC9zdmciPjwvc3ZnPg==\" style=\"--smush-placeholder-width: 285px; --smush-placeholder-aspect-ratio: 285\/214;\" \/><figcaption id=\"caption-attachment-20531\" class=\"wp-caption-text\"><a href=\"https:\/\/www.brw.pl\/sofa-hampton,39078\" target=\"_blank\" rel=\"noopener noreferrer\"><span style=\"font-weight: 400;\">SOFA HAMPTON<\/span><\/a><\/figcaption><\/figure>\n<\/div>\n<p>Je\u015bli czeka Ci\u0119 remont kuchni, zapomnij o bogato zdobionych meblach. Prosta biel, kolor naturalnego drewna i bezpretensjonalno\u015b\u0107 kuchennych komplet\u00f3w b\u0119d\u0105 wiod\u0142y prym. O charakterze tego pomieszczenia b\u0119d\u0105 decydowa\u0142y odcienie dodatk\u00f3w i dost\u0119pnych w kuchni sprz\u0119t\u00f3w.<\/p>\n<div style=\"display: flex; align-items: center; justify-content: center; text-align: center;\">\n<figure id=\"attachment_20530\" aria-describedby=\"caption-attachment-20530\" style=\"width: 285px\" class=\"wp-caption aligncenter\"><img decoding=\"async\" class=\"wp-image-20530 lazyload\" data-src=\"https:\/\/www.brw.pl\/blog\/wp-content\/uploads\/2022\/01\/meble-kuchenne-1.jpg\" alt=\"meble kuchenne\" width=\"285\" height=\"214\" src=\"data:image\/svg+xml;base64,PHN2ZyB3aWR0aD0iMSIgaGVpZ2h0PSIxIiB4bWxucz0iaHR0cDovL3d3dy53My5vcmcvMjAwMC9zdmciPjwvc3ZnPg==\" style=\"--smush-placeholder-width: 285px; --smush-placeholder-aspect-ratio: 285\/214;\" \/><figcaption id=\"caption-attachment-20530\" class=\"wp-caption-text\"><a href=\"https:\/\/www.brw.pl\/komplet-kuchenny-sole-260,37795\" target=\"_blank\" rel=\"noopener noreferrer\"><span style=\"font-weight: 400;\">KOMPLET KUCHENNY SOLE 260<\/span><\/a><\/figcaption><\/figure>\n<figure id=\"attachment_20531\" aria-describedby=\"caption-attachment-20531\" style=\"width: 285px\" class=\"wp-caption aligncenter\"><img decoding=\"async\" class=\"wp-image-20531 lazyload\" data-src=\"https:\/\/www.brw.pl\/blog\/wp-content\/uploads\/2022\/01\/meble-kuchenne-2.jpg\" alt=\"meble kuchenne\" width=\"285\" height=\"214\" src=\"data:image\/svg+xml;base64,PHN2ZyB3aWR0aD0iMSIgaGVpZ2h0PSIxIiB4bWxucz0iaHR0cDovL3d3dy53My5vcmcvMjAwMC9zdmciPjwvc3ZnPg==\" style=\"--smush-placeholder-width: 285px; --smush-placeholder-aspect-ratio: 285\/214;\" \/><figcaption id=\"caption-attachment-20531\" class=\"wp-caption-text\"><a href=\"https:\/\/www.brw.pl\/komplet-kuchenny-narozny-sole,37541\" target=\"_blank\" rel=\"noopener noreferrer\"><span style=\"font-weight: 400;\">KOMPLET KUCHENNY NARO\u017bNY SOLE<\/span><\/a><\/figcaption><\/figure>\n<\/div>\n<p>Nie b\u00f3j si\u0119 r\u00f3wnie\u017c bieli w salonach i sypialniach. B\u0119dzie doskonale korespondowa\u0107 z kolorami \u015bcian, kt\u00f3re zaw\u0142adn\u0105 trendami na 2022 rok. Delikatne komody w bielach, szaro\u015bciach i naturalnym drewnie s\u0105 doskona\u0142ym uzupe\u0142nieniem wi\u0119kszo\u015bci styl\u00f3w.<\/p>\n<div style=\"display: flex; align-items: center; justify-content: center; text-align: center;\">\n<figure id=\"attachment_20530\" aria-describedby=\"caption-attachment-20530\" style=\"width: 285px\" class=\"wp-caption aligncenter\"><img decoding=\"async\" class=\"wp-image-20530 lazyload\" data-src=\"https:\/\/www.brw.pl\/blog\/wp-content\/uploads\/2022\/01\/komoda-1.jpg\" alt=\"komoda\" width=\"285\" height=\"214\" src=\"data:image\/svg+xml;base64,PHN2ZyB3aWR0aD0iMSIgaGVpZ2h0PSIxIiB4bWxucz0iaHR0cDovL3d3dy53My5vcmcvMjAwMC9zdmciPjwvc3ZnPg==\" style=\"--smush-placeholder-width: 285px; --smush-placeholder-aspect-ratio: 285\/214;\" \/><figcaption id=\"caption-attachment-20530\" class=\"wp-caption-text\"><a href=\"https:\/\/www.brw.pl\/komoda-nepo-plus,29688\" target=\"_blank\" rel=\"noopener noreferrer\"><span style=\"font-weight: 400;\">KOMODA NEPO PLUS<\/span><\/a><\/figcaption><\/figure>\n<figure id=\"attachment_20531\" aria-describedby=\"caption-attachment-20531\" style=\"width: 285px\" class=\"wp-caption aligncenter\"><img decoding=\"async\" class=\"wp-image-20531 lazyload\" data-src=\"https:\/\/www.brw.pl\/blog\/wp-content\/uploads\/2022\/01\/komoda-2.jpg\" alt=\"komoda\" width=\"285\" height=\"214\" src=\"data:image\/svg+xml;base64,PHN2ZyB3aWR0aD0iMSIgaGVpZ2h0PSIxIiB4bWxucz0iaHR0cDovL3d3dy53My5vcmcvMjAwMC9zdmciPjwvc3ZnPg==\" style=\"--smush-placeholder-width: 285px; --smush-placeholder-aspect-ratio: 285\/214;\" \/><figcaption id=\"caption-attachment-20531\" class=\"wp-caption-text\"><a href=\"https:\/\/www.brw.pl\/komoda-romance,16838\" target=\"_blank\" rel=\"noopener noreferrer\"><span style=\"font-weight: 400;\"> KOMODA ROMANCE<\/span><\/a><\/figcaption><\/figure>\n<\/div>\n<h2><strong>Modne kolory \u015bcian 2022<\/strong><\/h2>\n<p>Nadal cenimy sobie przytuln\u0105 atmosfer\u0119 i wykorzystywanie we wn\u0119trzach naturalnych materia\u0142\u00f3w. Jednak powoli \u017cegnamy ciesz\u0105ce si\u0119 najwi\u0119ksz\u0105 popularno\u015bci\u0105 kolory \u015bcian: biele, delikatne szaro\u015bci i be\u017ce. Najmodniejsze kolory \u015bcian na sezon 2022 s\u0105 zdecydowanie odwa\u017cniejsze, wr\u0119cz ekstrawaganckie.<\/p>\n<p>Mamy jednak dobre informacje dla tych, kt\u00f3rzy nie chc\u0105 w swoim domu wy\u0142\u0105cznie intensywnych barw: ciemniejsze odcienie mo\u017cecie umieszcza\u0107 tylko w wybranych miejscach, np. na jednej \u015bcianie. Dzi\u0119ki temu nie zrezygnujecie z ponadczasowej klasyki, a jednocze\u015bnie pod\u0105\u017cycie za trendami. Jakie dok\u0142adnie kolory b\u0119d\u0105 si\u0119 pojawia\u0107? W tym sezonie ziele\u0144 nadal jest modna i na pewno z nami zostaje. Jej butelkowy odcie\u0144 nadal zachwyca projektant\u00f3w i domownik\u00f3w, bo zaskakuj\u0105co uwypukla inne, podstawowe kolory i ma w sobie ogromny potencja\u0142 dekoracyjny. Jednak we wn\u0119trzach 2022 b\u0119dzie pojawia\u0107 si\u0119 r\u00f3wnie\u017c fiolet, kt\u00f3ry jest kompozycyjnie genialnym kolorem.<\/p>\n<h2><strong>Urz\u0105d\u017a si\u0119 w nowym roku!<\/strong><\/h2>\n<p>Charakter wn\u0119trz, kt\u00f3re b\u0119d\u0105 modne w 2022 roku, nie r\u00f3\u017cni si\u0119 bardzo od tych, kt\u00f3re najch\u0119tniej tworzyli\u015bmy we wcze\u015bniejszych sezonach. Ale ci\u0105gle trwaj\u0105ce izolacje i wci\u0105\u017c jeszcze nie tak mocno aktywne \u017cycie spo\u0142eczne sprawiaj\u0105, \u017ce do ulubionej elegancji i prostoty dorzucamy szczypt\u0119 szale\u0144stwa i wyrazisto\u015bci. St\u0105d w niemal ka\u017cdym wn\u0119trzu cho\u0107by delikatne akcenty w postaci intensywnych kolor\u00f3w.<\/p>\n<p>Pami\u0119taj, \u017ce urz\u0105dzanie wn\u0119trza jest niezwykle wa\u017cne, bo ma zapewni\u0107 nie tylko komfort i \u0142adny efekt wizualny, ale przede wszystkim stworzy\u0107 Ci przestrze\u0144 do codziennego funkcjonowania. Je\u015bli dany trend nie jest dla Ciebie \u2013 po prostu go nie stosuj. Wn\u0119trze ma spe\u0142nia\u0107 Twoje oczekiwania i jest to jego najwa\u017cniejsze zadanie. A je\u015bli przy tym skorzystasz z kilku inspiracji, to doskonale!<\/p>\n<p>Je\u015bli szukasz modnych mebli i dodatk\u00f3w, koniecznie zapoznaj si\u0119 z <a href=\"https:\/\/www.brw.pl\/\">ofert\u0105 BRW<\/a> \u2013 znajdziesz u nas najmodniejsze propozycje 2022 roku!<\/p>\n","protected":false},"excerpt":{"rendered":"<p>Projektanci i mi\u0142o\u015bnicy aran\u017cacji wn\u0119trz z ka\u017cdym nowym rokiem znajduj\u0105 okazj\u0119 do tego, by poszukiwa\u0107 nowych rozwi\u0105za\u0144. Oczywi\u015bcie dotyczy to rozwi\u0105za\u0144 dla dom\u00f3w i mieszka\u0144, kt\u00f3re kr\u00f3lowa\u0107 b\u0119d\u0105 w danym sezonie. Najnowsze trendy nie musz\u0105 wi\u0105za\u0107 si\u0119 z konieczno\u015bci\u0105 przeorganizowania ca\u0142kowicie przestrzeni i przeznaczenia na ten cel pot\u0119\u017cnej puli \u015brodk\u00f3w. Wr\u0119cz przeciwnie. Czasem niewielka zmiana [&hellip;]<\/p>\n","protected":false},"author":27,"featured_media":21674,"comment_status":"closed","ping_status":"open","sticky":false,"template":"","format":"standard","meta":{"footnotes":""},"categories":[39,573,572],"tags":[],"aioseo_notices":[],"_links":{"self":[{"href":"https:\/\/www.brw.pl\/blog\/wp-json\/wp\/v2\/posts\/21673"}],"collection":[{"href":"https:\/\/www.brw.pl\/blog\/wp-json\/wp\/v2\/posts"}],"about":[{"href":"https:\/\/www.brw.pl\/blog\/wp-json\/wp\/v2\/types\/post"}],"author":[{"embeddable":true,"href":"https:\/\/www.brw.pl\/blog\/wp-json\/wp\/v2\/users\/27"}],"replies":[{"embeddable":true,"href":"https:\/\/www.brw.pl\/blog\/wp-json\/wp\/v2\/comments?post=21673"}],"version-history":[{"count":5,"href":"https:\/\/www.brw.pl\/blog\/wp-json\/wp\/v2\/posts\/21673\/revisions"}],"predecessor-version":[{"id":37657,"href":"https:\/\/www.brw.pl\/blog\/wp-json\/wp\/v2\/posts\/21673\/revisions\/37657"}],"wp:featuredmedia":[{"embeddable":true,"href":"https:\/\/www.brw.pl\/blog\/wp-json\/wp\/v2\/media\/21674"}],"wp:attachment":[{"href":"https:\/\/www.brw.pl\/blog\/wp-json\/wp\/v2\/media?parent=21673"}],"wp:term":[{"taxonomy":"category","embeddable":true,"href":"https:\/\/www.brw.pl\/blog\/wp-json\/wp\/v2\/categories?post=21673"},{"taxonomy":"post_tag","embeddable":true,"href":"https:\/\/www.brw.pl\/blog\/wp-json\/wp\/v2\/tags?post=21673"}],"curies":[{"name":"wp","href":"https:\/\/api.w.org\/{rel}","templated":true}]}}