{"id":22004,"date":"2022-02-17T08:09:57","date_gmt":"2022-02-17T07:09:57","guid":{"rendered":"https:\/\/www.brw.pl\/blog\/?p=22004"},"modified":"2024-09-23T11:35:40","modified_gmt":"2024-09-23T09:35:40","slug":"przedpokoj-w-stylu-vintage-sprawdz-jak-go-urzadzic","status":"publish","type":"post","link":"https:\/\/www.brw.pl\/blog\/przedpokoj-w-stylu-vintage-sprawdz-jak-go-urzadzic\/","title":{"rendered":"Przedpok\u00f3j w stylu vintage &#8211; jak go urz\u0105dzi\u0107?"},"content":{"rendered":"<p><strong>Przedpok\u00f3j jest wn\u0119trzem o charakterze reprezentacyjnym. Cz\u0119sto niestety o tym zapominamy i meblujemy go w spos\u00f3b na wskro\u015b praktyczny. Zastanawiasz si\u0119, jak urz\u0105dzi\u0107 przedpok\u00f3j, aby by\u0142 on funkcjonalny, a przy tym elegancki i klimatyczny? Zaaran\u017cuj go w stylu vintage!<\/strong><!--more--><\/p>\n<p><img decoding=\"async\" class=\"alignnone size-medium wp-image-20721 lazyload\" data-src=\"https:\/\/www.brw.pl\/blog\/wp-content\/uploads\/2021\/11\/przedpok\u00f3j-aran\u017cacje-800x516.png\" alt=\"\" width=\"800\" height=\"516\" data-srcset=\"https:\/\/www.brw.pl\/blog\/wp-content\/uploads\/2021\/11\/przedpok\u00f3j-aran\u017cacje-800x516.png 800w, https:\/\/www.brw.pl\/blog\/wp-content\/uploads\/2021\/11\/przedpok\u00f3j-aran\u017cacje-768x495.png 768w, https:\/\/www.brw.pl\/blog\/wp-content\/uploads\/2021\/11\/przedpok\u00f3j-aran\u017cacje.png 1536w\" data-sizes=\"(max-width: 800px) 100vw, 800px\" src=\"data:image\/svg+xml;base64,PHN2ZyB3aWR0aD0iMSIgaGVpZ2h0PSIxIiB4bWxucz0iaHR0cDovL3d3dy53My5vcmcvMjAwMC9zdmciPjwvc3ZnPg==\" style=\"--smush-placeholder-width: 800px; --smush-placeholder-aspect-ratio: 800\/516;\" \/><\/p>\n<h2>Przedpok\u00f3j w stylu vintage \u2013 co go wyr\u00f3\u017cnia?<\/h2>\n<p>Wn\u0119trza utrzymane w estetyce retro s\u0105 jedyne w swoim rodzaju, ale nie odbywa si\u0119 to kosztem komfortu ich u\u017cytkowania. Maj\u0105 one w sobie domowe ciep\u0142o, a jednocze\u015bnie roztaczaj\u0105 aur\u0119 tajemniczo\u015bci z nut\u0105 nostalgii. Jak uzyska\u0107 taki efekt? Kluczem do sukcesu jest trafny dob\u00f3r mebli i dodatk\u00f3w.<\/p>\n<p><strong>Styl retro \u201elubi\u201d kolory natury:<\/strong> ciep\u0142e br\u0105zy, zielenie, \u017c\u00f3\u0142cie, pomara\u0144cze, a nawet czerwienie. Si\u0119gnij po spokojne, jakby lekko sp\u0142owia\u0142e odcienie tych barw. Na \u015bcianach w przedpokoju vintage sprawdzi si\u0119 jasny be\u017c lub delikatny krem. Bardziej nasycone kolory przemy\u0107 do wystroju pod postaci\u0105 akcent\u00f3w.<\/p>\n<p>Meble retro cz\u0119sto okre\u015blane s\u0105 mianem <strong>mebli z dusz\u0105<\/strong>. W tak zaaran\u017cowanym korytarzu dobrze odnajd\u0105 si\u0119 \u201estarocie\u201d wynalezione na pchlim targu czy babcinym strychu. Mo\u017cesz wykorzysta\u0107 tak\u017ce modu\u0142y produkowane wsp\u00f3\u0142cze\u015bnie, ale stylizowane na stare.<\/p>\n<p>Nie musisz umieszcza\u0107 wielu dodatk\u00f3w w przedpokoju. Grunt, aby dobrze zgrywa\u0142y si\u0119 one z wybran\u0105 przez Ciebie stylistyk\u0105. Mo\u017ce to by\u0107:<\/p>\n<ul>\n<li>lustro w dekoracyjnej oprawie,<\/li>\n<li>du\u017cy zegar stylizowany na dworcowy,<\/li>\n<li>wieszak na ubrania o nietypowym kszta\u0142cie,<\/li>\n<li>niewielka szafka na klucze.<\/li>\n<\/ul>\n<h2>Przedpok\u00f3j w stylu retro \u2013 jakie meble wybra\u0107?<\/h2>\n<p>Kluczow\u0105 rol\u0119 w aran\u017cacji przedpokoju w stylu vintage odgrywaj\u0105 meble. \u0141\u0105cz\u0105 one walory u\u017cytkowe z estetycznymi. Na tym polega ich przewaga nad ozdobami, kt\u00f3re znajduj\u0105 zastosowanie tylko przy upi\u0119kszaniu wn\u0119trz.<\/p>\n<p><strong>Klimat retro do przedpokoju pomog\u0105 Ci wprowadzi\u0107 masywne, drewniane meble.<\/strong> Do du\u017cego pomieszczenia mo\u017cesz wybra\u0107 ciemne modu\u0142y zdobione z i\u015bcie barokowym przepychem. Przy ma\u0142ym metra\u017cu lepiej b\u0119d\u0105 sprawowa\u0107 si\u0119 meble o jasnym zabarwieniu i prostej, geometrycznej formie. Ich przynale\u017cno\u015b\u0107 do stylistyki vintage mo\u017ce podkre\u015bla\u0107 ciekawy detal, np. wysokie n\u00f3\u017cki, ciemne wstawki, kszta\u0142tne uchwyty.<\/p>\n<p>Tworz\u0105c aran\u017cacj\u0119 przedpokoju w takim stylu, koniecznie zdecyduj si\u0119 na eleganck\u0105, pojemn\u0105 komod\u0119. Pomo\u017ce Ci ona posegregowa\u0107 drobiazgi, takie jak czapki, szaliki czy apaszki. Zamiast niej mo\u017cesz postawi\u0107 stylow\u0105 witryn\u0119 wyposa\u017con\u0105 w szuflady oraz p\u00f3\u0142ki z przeszkleniami, na kt\u00f3rych \u015bwietnie b\u0119d\u0105 prezentowa\u0107 si\u0119 rozmaite dekoracje.<\/p>\n<p><strong>Dobrym wyborem do przedpokoju retro jest konsola<\/strong> ze smuk\u0142ymi, gi\u0119tymi n\u00f3\u017ckami. Taki mebel nie zapewni Ci du\u017cej ilo\u015bci miejsca do przechowywania, za to b\u0119dziesz mie\u0107 do dyspozycji ca\u0142\u0105 powierzchni\u0119 jego blatu.<\/p>\n<h2>Przedpok\u00f3j retro \u2013 inspiracje<\/h2>\n<p>Chcesz urz\u0105dzi\u0107 przedpok\u00f3j retro? Mamy dla Ciebie kilka wskaz\u00f3wek! Ten styl jest eklektyczny. Uwidaczniaj\u0105 si\u0119 w nim wp\u0142ywy klasyczne, ale te\u017c np. industrialne. Retro przedpok\u00f3j mo\u017ce posiada\u0107 nowoczesne akcenty, kt\u00f3re uzupe\u0142niaj\u0105 stare (lub stylizowane) elementy.<\/p>\n<p>W przestronnym przedpokoju przyda si\u0119 <strong>pojemna szafa na wierzchnie ubrania, buty, sprz\u0119t sportowy.<\/strong> Mo\u017cesz postawi\u0107 na model otwierany klasycznie, z frontami typu ramiak i kszta\u0142tnymi uchwytami. Mebel o jasnym wybarwieniu, mimo dosy\u0107 poka\u017anych gabaryt\u00f3w, nie przyt\u0142oczy wn\u0119trza.<\/p>\n<p>Musisz rozs\u0105dnie gospodarowa\u0107 wolnym miejscem? Wybierz szaf\u0119 z drzwiami przesuwnymi. Jej nowoczesn\u0105 konstrukcj\u0119 mo\u017cesz zr\u00f3wnowa\u017cy\u0107 drewnianym dekorem z wyra\u017anie zaznaczonym rysunkiem s\u0142oj\u00f3w, charakterystycznym r\u00f3wnie\u017c dla wn\u0119trz w stylu rustykalnym czy industrialnym.<\/p>\n<div style=\"display: flex; align-items: center; justify-content: center; text-align: center;\">\n<figure id=\"attachment_20898\" aria-describedby=\"caption-attachment-20898\" style=\"width: 285px\" class=\"wp-caption alignnone\"><img decoding=\"async\" class=\"wp-image-20898 lazyload\" data-src=\"https:\/\/www.brw.pl\/blog\/wp-content\/uploads\/2021\/11\/Szafa-Luca.jpg\" alt=\"Szafa Luca\" width=\"285\" height=\"214\" src=\"data:image\/svg+xml;base64,PHN2ZyB3aWR0aD0iMSIgaGVpZ2h0PSIxIiB4bWxucz0iaHR0cDovL3d3dy53My5vcmcvMjAwMC9zdmciPjwvc3ZnPg==\" style=\"--smush-placeholder-width: 285px; --smush-placeholder-aspect-ratio: 285\/214;\" \/><figcaption id=\"caption-attachment-20898\" class=\"wp-caption-text\">Pi\u0119ciodrzwiowa <a href=\"https:\/\/www.brw.pl\/szafa-luca,6378\" target=\"_blank\" rel=\"noopener noreferrer\">szafa Luca<\/a><\/figcaption><\/figure>\n<figure id=\"attachment_22007\" aria-describedby=\"caption-attachment-22007\" style=\"width: 285px\" class=\"wp-caption alignnone\"><img decoding=\"async\" class=\"wp-image-22007 lazyload\" data-src=\"https:\/\/www.brw.pl\/blog\/wp-content\/uploads\/2022\/02\/Szafa-Flex.jpg\" alt=\"Szafa Flex \" width=\"285\" height=\"214\" src=\"data:image\/svg+xml;base64,PHN2ZyB3aWR0aD0iMSIgaGVpZ2h0PSIxIiB4bWxucz0iaHR0cDovL3d3dy53My5vcmcvMjAwMC9zdmciPjwvc3ZnPg==\" style=\"--smush-placeholder-width: 285px; --smush-placeholder-aspect-ratio: 285\/214;\" \/><figcaption id=\"caption-attachment-22007\" class=\"wp-caption-text\"><a href=\"https:\/\/www.brw.pl\/szafa-260-flex,38270\" target=\"_blank\" rel=\"noopener noreferrer\">Szafa Flex<\/a><\/figcaption><\/figure>\n<\/div>\n<p><strong>W mniejszym przedpokoju zamiast szafy mo\u017ce pojawi\u0107 si\u0119 pakowna komoda.<\/strong> Ciekawie b\u0119dzie prezentowa\u0142 si\u0119 w nim model o ciemnym, ciep\u0142ym wybarwieniu. Jego przysadzist\u0105, geometryczn\u0105 bry\u0142\u0119 powinny r\u00f3wnowa\u017cy\u0107 smuk\u0142e n\u00f3\u017cki i \u0142adnie wyprofilowana linia front\u00f3w. W aran\u017cacjach, w kt\u00f3rych retro spotyka si\u0119 ze scandi, lepiej sprawdzi si\u0119 kompaktowy model o minimalistycznej formie.<\/p>\n<div style=\"display: flex; align-items: center; justify-content: center; text-align: center;\">\n<figure id=\"attachment_22010\" aria-describedby=\"caption-attachment-22010\" style=\"width: 285px\" class=\"wp-caption alignnone\"><img decoding=\"async\" class=\"wp-image-22010 lazyload\" data-src=\"https:\/\/www.brw.pl\/blog\/wp-content\/uploads\/2022\/02\/Komoda-madison.jpg\" alt=\"Komoda Madison\" width=\"285\" height=\"214\" src=\"data:image\/svg+xml;base64,PHN2ZyB3aWR0aD0iMSIgaGVpZ2h0PSIxIiB4bWxucz0iaHR0cDovL3d3dy53My5vcmcvMjAwMC9zdmciPjwvc3ZnPg==\" style=\"--smush-placeholder-width: 285px; --smush-placeholder-aspect-ratio: 285\/214;\" \/><figcaption id=\"caption-attachment-22010\" class=\"wp-caption-text\"><a href=\"https:\/\/www.brw.pl\/komoda-madison,30297\" target=\"_blank\" rel=\"noopener noreferrer\">Komoda Madison<\/a><\/figcaption><\/figure>\n<figure id=\"attachment_22011\" aria-describedby=\"caption-attachment-22011\" style=\"width: 285px\" class=\"wp-caption alignnone\"><img decoding=\"async\" class=\"wp-image-22011 lazyload\" data-src=\"https:\/\/www.brw.pl\/blog\/wp-content\/uploads\/2022\/02\/Komoda-Porto.jpg\" alt=\"Komoda Porto\" width=\"285\" height=\"214\" src=\"data:image\/svg+xml;base64,PHN2ZyB3aWR0aD0iMSIgaGVpZ2h0PSIxIiB4bWxucz0iaHR0cDovL3d3dy53My5vcmcvMjAwMC9zdmciPjwvc3ZnPg==\" style=\"--smush-placeholder-width: 285px; --smush-placeholder-aspect-ratio: 285\/214;\" \/><figcaption id=\"caption-attachment-22011\" class=\"wp-caption-text\"><a href=\"https:\/\/www.brw.pl\/komoda-porto,10154\" target=\"_blank\" rel=\"noopener noreferrer\">Komoda Porto<\/a><\/figcaption><\/figure>\n<\/div>\n<p><strong>Do komody dobierz pasuj\u0105c\u0105 stylistycznie szafk\u0119 na buty.<\/strong> Nale\u017cyt\u0105 wygod\u0119 zapewni Ci mebel z mi\u0119kkim siedziskiem umieszczonym na blacie. Aran\u017cacja b\u0119dzie nie tylko komfortowa, ale i stylowa, gdy w\u0142\u0105czysz do niej tapicerowany puf. Najlepiej je\u015bli b\u0119dzie on ozdobiony pikowaniami i osadzony na kszta\u0142tnych, drewnianych nogach.<\/p>\n<p>Wyb\u00f3r w\u0142a\u015bciwego modelu u\u0142atwi Ci artyku\u0142:<a href=\"https:\/\/www.brw.pl\/blog\/pufy-w-przedpokoju-czy-warto-sie-na-nie-zdecydowac\/\">\u00a0&#8222;Pufy w przedpokoju &#8211; czy warto si\u0119 na nie zdecydowa\u0107?&#8221;<\/a>&#8222;.<\/p>\n<div style=\"display: flex; align-items: center; justify-content: center; text-align: center;\">\n<figure id=\"attachment_5897\" aria-describedby=\"caption-attachment-5897\" style=\"width: 285px\" class=\"wp-caption alignnone\"><img decoding=\"async\" class=\"wp-image-5897 lazyload\" data-src=\"https:\/\/www.brw.pl\/blog\/wp-content\/uploads\/2019\/07\/pufa-110x55-cupido-tkanina-cupido-h-novara-235-red-m4191g-tx023-wenge-59612-xlarge-1-800x601.jpg\" alt=\"Puf Cupido\" width=\"285\" height=\"214\" data-srcset=\"https:\/\/www.brw.pl\/blog\/wp-content\/uploads\/2019\/07\/pufa-110x55-cupido-tkanina-cupido-h-novara-235-red-m4191g-tx023-wenge-59612-xlarge-1-800x601.jpg 800w, https:\/\/www.brw.pl\/blog\/wp-content\/uploads\/2019\/07\/pufa-110x55-cupido-tkanina-cupido-h-novara-235-red-m4191g-tx023-wenge-59612-xlarge-1-768x577.jpg 768w, https:\/\/www.brw.pl\/blog\/wp-content\/uploads\/2019\/07\/pufa-110x55-cupido-tkanina-cupido-h-novara-235-red-m4191g-tx023-wenge-59612-xlarge-1.jpg 1438w\" data-sizes=\"(max-width: 285px) 100vw, 285px\" src=\"data:image\/svg+xml;base64,PHN2ZyB3aWR0aD0iMSIgaGVpZ2h0PSIxIiB4bWxucz0iaHR0cDovL3d3dy53My5vcmcvMjAwMC9zdmciPjwvc3ZnPg==\" style=\"--smush-placeholder-width: 285px; --smush-placeholder-aspect-ratio: 285\/214;\" \/><figcaption id=\"caption-attachment-5897\" class=\"wp-caption-text\"><a href=\"https:\/\/www.brw.pl\/puf-110x55-cupido,35008\" target=\"_blank\" rel=\"noopener noreferrer\">Puf Cupido<\/a><\/figcaption><\/figure>\n<figure id=\"attachment_22012\" aria-describedby=\"caption-attachment-22012\" style=\"width: 285px\" class=\"wp-caption alignnone\"><img decoding=\"async\" class=\"wp-image-22012 lazyload\" data-src=\"https:\/\/www.brw.pl\/blog\/wp-content\/uploads\/2022\/02\/Puf-Bretania.jpg\" alt=\"Puf Bretania\" width=\"285\" height=\"214\" src=\"data:image\/svg+xml;base64,PHN2ZyB3aWR0aD0iMSIgaGVpZ2h0PSIxIiB4bWxucz0iaHR0cDovL3d3dy53My5vcmcvMjAwMC9zdmciPjwvc3ZnPg==\" style=\"--smush-placeholder-width: 285px; --smush-placeholder-aspect-ratio: 285\/214;\" \/><figcaption id=\"caption-attachment-22012\" class=\"wp-caption-text\"><a href=\"https:\/\/www.brw.pl\/puf-bretania,41991\" target=\"_blank\" rel=\"noopener noreferrer\">Puf Bretania<\/a><\/figcaption><\/figure>\n<\/div>\n<p>Je\u015bli chodzi o o\u015bwietlenie, masz naprawd\u0119 du\u017ce pole manewru. <strong>Do przedpokoju w stylu vintage b\u0119dzie pasowa\u0142a zar\u00f3wno lampa wisz\u0105ca z metalowym lub szklanym kloszem, jak i oprawa z drewnian\u0105 os\u0142onk\u0105<\/strong>. Mo\u017ce mie\u0107 ona czarne wyko\u0144czenie nawi\u0105zuj\u0105ce do fabrycznych klimat\u00f3w b\u0105d\u017a po\u0142yskuj\u0105ce, np. w kolorze antycznego z\u0142ota lub mosi\u0105dzu.<\/p>\n<div style=\"display: flex; align-items: center; justify-content: center; text-align: center;\">\n<figure id=\"attachment_22013\" aria-describedby=\"caption-attachment-22013\" style=\"width: 285px\" class=\"wp-caption alignnone\"><img decoding=\"async\" class=\"wp-image-22013 lazyload\" data-src=\"https:\/\/www.brw.pl\/blog\/wp-content\/uploads\/2022\/02\/Lampa-Reus.jpg\" alt=\"Lampa wisz\u0105ca Reus\" width=\"285\" height=\"214\" src=\"data:image\/svg+xml;base64,PHN2ZyB3aWR0aD0iMSIgaGVpZ2h0PSIxIiB4bWxucz0iaHR0cDovL3d3dy53My5vcmcvMjAwMC9zdmciPjwvc3ZnPg==\" style=\"--smush-placeholder-width: 285px; --smush-placeholder-aspect-ratio: 285\/214;\" \/><figcaption id=\"caption-attachment-22013\" class=\"wp-caption-text\"><a href=\"https:\/\/www.brw.pl\/lampa-wiszaca-reus,37053\" target=\"_blank\" rel=\"noopener noreferrer\">Lampa wisz\u0105ce Reus<\/a><\/figcaption><\/figure>\n<figure id=\"attachment_22014\" aria-describedby=\"caption-attachment-22014\" style=\"width: 285px\" class=\"wp-caption alignnone\"><img decoding=\"async\" class=\"wp-image-22014 lazyload\" data-src=\"https:\/\/www.brw.pl\/blog\/wp-content\/uploads\/2022\/02\/Lampa-Kircolm.jpg\" alt=\"Lampa wisz\u0105ca Kirkcolm\" width=\"285\" height=\"214\" src=\"data:image\/svg+xml;base64,PHN2ZyB3aWR0aD0iMSIgaGVpZ2h0PSIxIiB4bWxucz0iaHR0cDovL3d3dy53My5vcmcvMjAwMC9zdmciPjwvc3ZnPg==\" style=\"--smush-placeholder-width: 285px; --smush-placeholder-aspect-ratio: 285\/214;\" \/><figcaption id=\"caption-attachment-22014\" class=\"wp-caption-text\"><a href=\"https:\/\/www.brw.pl\/lampa-wiszaca-kirkcolm,32553\" target=\"_blank\" rel=\"noopener noreferrer\">Lampa wisz\u0105ca Kirkcolm<\/a><\/figcaption><\/figure>\n<\/div>\n<p>Du\u017co dobrego dla takiego wn\u0119trza mog\u0105 zrobi\u0107 kinkiety. Przy ich u\u017cyciu rozja\u015bnisz ka\u017cdy k\u0105t w korytarzu, wprowadzisz do niego ciep\u0142y nastr\u00f3j, a przy okazji udekorujesz przestrze\u0144.<\/p>\n<p><strong>W sklepie internetowym Black Red White znajdziesz meble, o\u015bwietlenie i dekoracje<\/strong>, dzi\u0119ki kt\u00f3rym dobry styl b\u0119dzie wita\u0142 Twoich go\u015bci ju\u017c od wej\u015bcia. Sprawd\u017a, w czym mo\u017cesz wybiera\u0107!<\/p>\n","protected":false},"excerpt":{"rendered":"<p>Przedpok\u00f3j jest wn\u0119trzem o charakterze reprezentacyjnym. Cz\u0119sto niestety o tym zapominamy i meblujemy go w spos\u00f3b na wskro\u015b praktyczny. Zastanawiasz si\u0119, jak urz\u0105dzi\u0107 przedpok\u00f3j, aby by\u0142 on funkcjonalny, a przy tym elegancki i klimatyczny? Zaaran\u017cuj go w stylu vintage!<\/p>\n","protected":false},"author":18,"featured_media":20721,"comment_status":"closed","ping_status":"open","sticky":false,"template":"","format":"standard","meta":{"footnotes":""},"categories":[740,573],"tags":[],"aioseo_notices":[],"_links":{"self":[{"href":"https:\/\/www.brw.pl\/blog\/wp-json\/wp\/v2\/posts\/22004"}],"collection":[{"href":"https:\/\/www.brw.pl\/blog\/wp-json\/wp\/v2\/posts"}],"about":[{"href":"https:\/\/www.brw.pl\/blog\/wp-json\/wp\/v2\/types\/post"}],"author":[{"embeddable":true,"href":"https:\/\/www.brw.pl\/blog\/wp-json\/wp\/v2\/users\/18"}],"replies":[{"embeddable":true,"href":"https:\/\/www.brw.pl\/blog\/wp-json\/wp\/v2\/comments?post=22004"}],"version-history":[{"count":6,"href":"https:\/\/www.brw.pl\/blog\/wp-json\/wp\/v2\/posts\/22004\/revisions"}],"predecessor-version":[{"id":37237,"href":"https:\/\/www.brw.pl\/blog\/wp-json\/wp\/v2\/posts\/22004\/revisions\/37237"}],"wp:featuredmedia":[{"embeddable":true,"href":"https:\/\/www.brw.pl\/blog\/wp-json\/wp\/v2\/media\/20721"}],"wp:attachment":[{"href":"https:\/\/www.brw.pl\/blog\/wp-json\/wp\/v2\/media?parent=22004"}],"wp:term":[{"taxonomy":"category","embeddable":true,"href":"https:\/\/www.brw.pl\/blog\/wp-json\/wp\/v2\/categories?post=22004"},{"taxonomy":"post_tag","embeddable":true,"href":"https:\/\/www.brw.pl\/blog\/wp-json\/wp\/v2\/tags?post=22004"}],"curies":[{"name":"wp","href":"https:\/\/api.w.org\/{rel}","templated":true}]}}