{"id":22092,"date":"2022-02-09T18:06:02","date_gmt":"2022-02-09T17:06:02","guid":{"rendered":"https:\/\/www.brw.pl\/blog\/?p=22092"},"modified":"2024-10-01T15:54:48","modified_gmt":"2024-10-01T13:54:48","slug":"kuchnia-w-kamienicy-inspiracje","status":"publish","type":"post","link":"https:\/\/www.brw.pl\/blog\/kuchnia-w-kamienicy-inspiracje\/","title":{"rendered":"Kuchnia w kamienicy \u2013 inspiracje"},"content":{"rendered":"<p>Mieszkanie w starej kamienicy to prawdziwa gratka dla mi\u0142o\u015bnik\u00f3w przedwojennego budownictwa. Lokale tego typu cechuj\u0105 si\u0119 zazwyczaj ogromnym potencja\u0142em aran\u017cacyjnym, ale warto zauwa\u017cy\u0107, \u017ce ma on tak\u017ce swoj\u0105 cen\u0119. Du\u017ca przestrze\u0144 mo\u017ce okaza\u0107 si\u0119 trudna do zagospodarowania, a przestarza\u0142e rozwi\u0105zania architektoniczne bywaj\u0105 prawdziwym utrapieniem dla wsp\u00f3\u0142czesnych projektant\u00f3w. Jak wi\u0119c pogodzi\u0107 klimat przedwojennej kamienicy z nowoczesnymi standardami, zw\u0142aszcza w tak wymagaj\u0105cym pomieszczeniu jak kuchnia? Zapoznaj si\u0119 z inspiracjami Black Red White!<!--more--><\/p>\n<p><img decoding=\"async\" class=\"alignnone size-full wp-image-22093 lazyload\" data-src=\"https:\/\/www.brw.pl\/blog\/wp-content\/uploads\/2022\/02\/kuchnia-w-kamienicy.jpg\" alt=\"kuchnia w kamienicy\" width=\"1536\" height=\"990\" data-srcset=\"https:\/\/www.brw.pl\/blog\/wp-content\/uploads\/2022\/02\/kuchnia-w-kamienicy.jpg 1536w, https:\/\/www.brw.pl\/blog\/wp-content\/uploads\/2022\/02\/kuchnia-w-kamienicy-800x516.jpg 800w, https:\/\/www.brw.pl\/blog\/wp-content\/uploads\/2022\/02\/kuchnia-w-kamienicy-768x495.jpg 768w\" data-sizes=\"(max-width: 1536px) 100vw, 1536px\" src=\"data:image\/svg+xml;base64,PHN2ZyB3aWR0aD0iMSIgaGVpZ2h0PSIxIiB4bWxucz0iaHR0cDovL3d3dy53My5vcmcvMjAwMC9zdmciPjwvc3ZnPg==\" style=\"--smush-placeholder-width: 1536px; --smush-placeholder-aspect-ratio: 1536\/990;\" \/><\/p>\n<p>Z tego wpisu dowiesz si\u0119 m.in.:<\/p>\n<ul>\n<li>Czy w\u0105ska, wysoka kuchnia w kamienicy to problem?<\/li>\n<li>Jak urz\u0105dzi\u0107 kuchni\u0119 w kamienicy?<\/li>\n<li>Jak zaaran\u017cowa\u0107 kuchni\u0119 w kamienicy?<\/li>\n<\/ul>\n<h2>W\u0105ska, wysoka kuchnia w kamienicy? To nie problem!<\/h2>\n<p>Aran\u017cacja kuchni w kamienicy stawia przed inwestorem liczne wyzwania. <strong>Najwa\u017cniejsze z nich dotycz\u0105 dostosowania nowoczesnych rozwi\u0105za\u0144 do budownictwa starego typu, a tak\u017ce wyboru odpowiedniej estetyki.<\/strong><\/p>\n<p>W tym pierwszym przypadku warto doceni\u0107 oryginalne elementy wn\u0119trza i zrobi\u0107 z nich jak najlepszy u\u017cytek. <strong>Mowa mi\u0119dzy innymi o renowacji i wyeksponowaniu parkiet\u00f3w czy belek stropowych.<\/strong> Bardzo cz\u0119sto oka\u017ce si\u0119 to lepszym pomys\u0142em ni\u017c ich ukrywanie. To samo dotyczy starych mur\u00f3w, kt\u00f3re dobrze jest ods\u0142oni\u0107 i zaakcentowa\u0107, zamiast chowa\u0107 je pod kolejnymi warstwami tynku. Nic nie stoi na przeszkodzie, aby potraktowa\u0107 w ten spos\u00f3b r\u00f3wnie\u017c \u017celiwne grzejniki. Zabudowanie ich poskutkowa\u0142oby jedynie ograniczeniem emitowanego ciep\u0142a, a tego w starej kamienicy nigdy do\u015b\u0107.<\/p>\n<p>Wyb\u00f3r stylu dla kuchni w przedwojennej kamienicy zale\u017cy natomiast wy\u0142\u0105cznie od Twojego osobistego gustu.<strong> Rozwi\u0105zaniem, kt\u00f3re samo nasuwa si\u0119 na my\u015bl, jest oczywi\u015bcie estetyka klasyczna, retro czy art deco. <\/strong>Tego typu wystr\u00f3j naturalnie wkomponuje si\u0119 w stare budownictwo i zachwyci swoim eleganckim charakterem. Twoje mo\u017cliwo\u015bci s\u0105 jednak znacznie wi\u0119ksze. <strong>Du\u017ce okna i wysokie sufity umo\u017cliwiaj\u0105 wprowadzenie do kuchni stylu industrialnego, a pi\u0119kne, oryginalne parkiety stanowi\u0105 doskona\u0142\u0105 baz\u0119 dla estetyki glamour. <\/strong>Wyb\u00f3r nale\u017cy wi\u0119c wy\u0142\u0105cznie do Ciebie!<\/p>\n<p><img decoding=\"async\" class=\"alignnone size-full wp-image-22095 lazyload\" data-src=\"https:\/\/www.brw.pl\/blog\/wp-content\/uploads\/2022\/02\/jak-urzadzic-kuchnie-w-kamienicy.jpg\" alt=\"jak urzadzic kuchnie w kamienicy\" width=\"1620\" height=\"1080\" data-srcset=\"https:\/\/www.brw.pl\/blog\/wp-content\/uploads\/2022\/02\/jak-urzadzic-kuchnie-w-kamienicy.jpg 1620w, https:\/\/www.brw.pl\/blog\/wp-content\/uploads\/2022\/02\/jak-urzadzic-kuchnie-w-kamienicy-800x533.jpg 800w, https:\/\/www.brw.pl\/blog\/wp-content\/uploads\/2022\/02\/jak-urzadzic-kuchnie-w-kamienicy-768x512.jpg 768w, https:\/\/www.brw.pl\/blog\/wp-content\/uploads\/2022\/02\/jak-urzadzic-kuchnie-w-kamienicy-1536x1024.jpg 1536w\" data-sizes=\"(max-width: 1620px) 100vw, 1620px\" src=\"data:image\/svg+xml;base64,PHN2ZyB3aWR0aD0iMSIgaGVpZ2h0PSIxIiB4bWxucz0iaHR0cDovL3d3dy53My5vcmcvMjAwMC9zdmciPjwvc3ZnPg==\" style=\"--smush-placeholder-width: 1620px; --smush-placeholder-aspect-ratio: 1620\/1080;\" \/><\/p>\n<h2>Jak urz\u0105dzi\u0107 kuchni\u0119 w kamienicy?<\/h2>\n<p>Jako \u017ce prawdopodobnie masz od czynienia z wysokim i w\u0105skim pomieszczeniem, musisz zapomnie\u0107 o takich pomys\u0142ach jak kuchnia dwurz\u0119dowa czy instalacja wyspy kuchennej. Niestety wn\u0119trza kamienic s\u0105 najcz\u0119\u015bciej zaprojektowane w taki spos\u00f3b, \u017ce w gr\u0119 nie wchodzi r\u00f3wnie\u017c zaaran\u017cowanie aneksu i po\u0142\u0105czenie go z salonem. Nie oznacza to jednak, i\u017c Twoja kuchnia musi by\u0107 ciasna i niepraktyczna. Wystarczy, \u017ce si\u0119gniesz po rozwi\u0105zania dostosowane do budownictwa starego typu.<\/p>\n<p>Urz\u0105dzaj\u0105c kuchni\u0119 w starej kamienicy, w pierwszej kolejno\u015bci zaplanuj zabudow\u0119 meblow\u0105. <strong>Powinna ona znale\u017a\u0107 si\u0119 na jednej \u015bcianie, ale tylko od Ciebie zale\u017cy, czy zdecydujesz si\u0119 na nowoczesny system ca\u0142o\u015bcienny, czy na klasyczne modu\u0142y g\u00f3rne i dolne. <\/strong>Zauwa\u017c, \u017ce ze wzgl\u0119du na wysoko\u015b\u0107 pomieszczenia, przestrze\u0144 pod sufitem pozostanie prawdopodobnie niezagospodarowana. Umieszczanie tam szafek ma niewielki sens, poniewa\u017c nikt nie dosi\u0119gnie do nich bez krzes\u0142a czy drabiny. Postaraj si\u0119 wi\u0119c wykorzysta\u0107 miejsce nad zabudow\u0105 w inny spos\u00f3b \u2013 ozdabiaj\u0105c je rozetami czy stiukami albo przeznaczaj\u0105c je na pomys\u0142owe o\u015bwietlenie.<\/p>\n<p><img decoding=\"async\" class=\"alignnone size-full wp-image-22096 lazyload\" data-src=\"https:\/\/www.brw.pl\/blog\/wp-content\/uploads\/2022\/02\/kuchnia-kamienica.jpg\" alt=\"kuchnia kamienica\" width=\"1709\" height=\"1080\" data-srcset=\"https:\/\/www.brw.pl\/blog\/wp-content\/uploads\/2022\/02\/kuchnia-kamienica.jpg 1709w, https:\/\/www.brw.pl\/blog\/wp-content\/uploads\/2022\/02\/kuchnia-kamienica-800x505.jpg 800w, https:\/\/www.brw.pl\/blog\/wp-content\/uploads\/2022\/02\/kuchnia-kamienica-768x485.jpg 768w, https:\/\/www.brw.pl\/blog\/wp-content\/uploads\/2022\/02\/kuchnia-kamienica-1536x970.jpg 1536w\" data-sizes=\"(max-width: 1709px) 100vw, 1709px\" src=\"data:image\/svg+xml;base64,PHN2ZyB3aWR0aD0iMSIgaGVpZ2h0PSIxIiB4bWxucz0iaHR0cDovL3d3dy53My5vcmcvMjAwMC9zdmciPjwvc3ZnPg==\" style=\"--smush-placeholder-width: 1709px; --smush-placeholder-aspect-ratio: 1709\/1080;\" \/><\/p>\n<p>Do\u015b\u0107 problematyczne podczas aran\u017cacji wn\u0119trza mo\u017ce okaza\u0107 si\u0119 wygospodarowanie przestrzeni pod st\u00f3\u0142 i krzes\u0142a. W\u0105ska kuchnia w kamienicy nie pozostawia zbyt wiele miejsca na stref\u0119 jadaln\u0105, tote\u017c najwygodniej by\u0142oby przeznaczy\u0107 na ni\u0105 oddzielny pok\u00f3j. Je\u015bli nie masz takiej mo\u017cliwo\u015bci, mo\u017cesz urz\u0105dzi\u0107 j\u0105 tak\u017ce w salonie. <strong>W samej kuchni nale\u017ca\u0142oby si\u0119 prawdopodobnie ograniczy\u0107 do sk\u0142adanego stolika, kt\u00f3ry nie zajmowa\u0142by cennej przestrzeni podczas przyrz\u0105dzania posi\u0142k\u00f3w.<\/strong> Pami\u0119taj, \u017ce pomieszczenie to powinno cechowa\u0107 si\u0119 przede wszystkim wysokim poziomem funkcjonalno\u015bci.<\/p>\n<p>Aran\u017cacj\u0119 kuchni w kamienicy nale\u017cy uzupe\u0142ni\u0107 praktycznymi dodatkami i gustownymi elementami dekoracyjnymi. Najwa\u017cniejsz\u0105 rol\u0119 odegra na tym etapie dob\u00f3r opraw o\u015bwietleniowych. <strong>Z uwagi na wysoki sufit warto postawi\u0107 na d\u0142ugie lampy wisz\u0105ce, kt\u00f3re pomog\u0105 Ci zachowa\u0107 optymalne proporcje pomieszczenia. <\/strong>To jednak za ma\u0142o, aby zagwarantowa\u0107 wystarczaj\u0105cy komfort u\u017cytkownikom kuchni. Przyda Ci si\u0119 r\u00f3wnie\u017c o\u015bwietlenie funkcjonalne w postaci spot\u00f3w czy opraw kierunkowych. Konkretny wyb\u00f3r powinien zale\u017ce\u0107 ju\u017c od preferowanej przez Ciebie estetyki, a w\u0142a\u015bnie o tym piszemy w ostatniej cz\u0119\u015bci artyku\u0142u.<\/p>\n<h2>Kuchnia w kamienicy \u2013 aran\u017cacje<\/h2>\n<p>Skoro znasz ju\u017c zasady pozwalaj\u0105ce urz\u0105dzi\u0107 kuchni\u0119 w kamienicy, \u0142atwiej b\u0119dzie Ci podj\u0105\u0107 decyzj\u0119 co do stylu tego pomieszczenia. Najwi\u0119ksze mo\u017cliwo\u015bci gwarantuj\u0105 w tym przypadku poni\u017csze rozwi\u0105zania:<\/p>\n<h3>Kuchnia w stylu retro<\/h3>\n<p>To w\u0142a\u015bciwie pierwszy pomys\u0142, jaki przychodzi do g\u0142owy na my\u015bl o aran\u017cacji kuchni w kamienicy. <strong>Zastosowanie stylu retro pozwoli Ci zachowa\u0107 naturalny klimat wn\u0119trz i wyeksponowa\u0107 wdzi\u0119ki przedwojennej architektury. <\/strong>W tym przypadku wybierz meble stylizowane na wyposa\u017cenie &#8222;z epoki&#8221; i postaraj si\u0119 dopasowa\u0107 do nich urz\u0105dzenia AGD. Cho\u0107 mo\u017ce wydawa\u0107 si\u0119 to trudnym zadaniem, oferty producent\u00f3w obfituj\u0105 aktualnie w urz\u0105dzenia nawi\u0105zuj\u0105ce do estetyki retro.<\/p>\n<h3>Nowoczesna kuchnia w kamienicy<\/h3>\n<p>Jak ju\u017c wiesz, w starych kamienicach nie musisz ogranicza\u0107 si\u0119 do klasycznych rozwi\u0105za\u0144. Mile widziane s\u0105 r\u00f3wnie\u017c style nowoczesne. <strong>Je\u015bli stawiasz na modernistyczny minimalizm, wybierz komplet kuchenny w jednolitym kolorze. <\/strong>\u015awietnie sprawdzi si\u0119 na przyk\u0142ad <a href=\"https:\/\/www.brw.pl\/komplet-kuchenny-narozny-top-line,37546\">naro\u017cna zabudowa Top Line<\/a> o frontach na wysoki po\u0142ysk. Zapewni Ci ona mn\u00f3stwo wizualnej przestrzeni na pozosta\u0142e elementy wyposa\u017cenia, takie jak nowoczesny <a href=\"https:\/\/www.brw.pl\/okap-przyscienny-60-dvn-64030,40061\">okap przy\u015bcienny Teka<\/a>. Wystr\u00f3j mo\u017cesz uzupe\u0142ni\u0107 na przyk\u0142ad designerskimi lampami <a href=\"https:\/\/www.brw.pl\/lampa-wiszaca-axis,25533\">Axis<\/a> lub <a href=\"https:\/\/www.brw.pl\/lampa-wiszaca-samar,35456\">Samar<\/a>, dost\u0119pnymi w ofercie Black Red White.<\/p>\n<div style=\"display: flex; align-items: center; justify-content: center; text-align: center;\">\n<figure id=\"attachment_20530\" aria-describedby=\"caption-attachment-20530\" style=\"width: 285px\" class=\"wp-caption aligncenter\"><img decoding=\"async\" class=\"wp-image-20530 lazyload\" data-src=\"https:\/\/www.brw.pl\/blog\/wp-content\/uploads\/2022\/02\/okap.jpg\" alt=\"okap kuchenny\" width=\"285\" height=\"214\" src=\"data:image\/svg+xml;base64,PHN2ZyB3aWR0aD0iMSIgaGVpZ2h0PSIxIiB4bWxucz0iaHR0cDovL3d3dy53My5vcmcvMjAwMC9zdmciPjwvc3ZnPg==\" style=\"--smush-placeholder-width: 285px; --smush-placeholder-aspect-ratio: 285\/214;\" \/><figcaption id=\"caption-attachment-20530\" class=\"wp-caption-text\"><a href=\"https:\/\/www.brw.pl\/okap-przyscienny-60-dvn-64030,40061\" target=\"_blank\" rel=\"noopener noreferrer\"><span style=\"font-weight: 400;\">OKAP PRZY\u015aCIENNY DVN 64030 <\/span><\/a><\/figcaption><\/figure>\n<figure id=\"attachment_20531\" aria-describedby=\"caption-attachment-20531\" style=\"width: 285px\" class=\"wp-caption aligncenter\"><img decoding=\"async\" class=\"wp-image-20531 lazyload\" data-src=\"https:\/\/www.brw.pl\/blog\/wp-content\/uploads\/2022\/02\/komplet-kuchnenny.jpg\" alt=\"komplet kuchenny\" width=\"285\" height=\"214\" src=\"data:image\/svg+xml;base64,PHN2ZyB3aWR0aD0iMSIgaGVpZ2h0PSIxIiB4bWxucz0iaHR0cDovL3d3dy53My5vcmcvMjAwMC9zdmciPjwvc3ZnPg==\" style=\"--smush-placeholder-width: 285px; --smush-placeholder-aspect-ratio: 285\/214;\" \/><figcaption id=\"caption-attachment-20531\" class=\"wp-caption-text\"><a href=\"https:\/\/www.brw.pl\/komplet-kuchenny-narozny-top-line,37546\" target=\"_blank\" rel=\"noopener noreferrer\"><span style=\"font-weight: 400;\">KOMPLET KUCHENNY NARO\u017bNY TOP LINE<\/span><\/a><\/figcaption><\/figure>\n<\/div>\n<h3>Kuchnia w stylu eklektycznym<\/h3>\n<p>Ze wzgl\u0119du na ogromny potencja\u0142 aran\u017cacyjny wysokiej kuchni, w kamienicy cz\u0119sto najlepszym rozwi\u0105zaniem oka\u017ce si\u0119 styl eklektyczny. Przewiduje on \u0142\u0105czenie tego, co stare i autentyczne, z tym, co nowoczesne i funkcjonalne. Takie rozwi\u0105zanie zagwarantuje ci sporo swobody i pozwoli efektownie wyeksponowa\u0107 najwi\u0119ksze zalety wn\u0119trz. Urz\u0105dzanie kuchni mo\u017cesz zacz\u0105\u0107 od <a href=\"https:\/\/www.brw.pl\/komplet-kuchenny-semi-line,38599\">jednorz\u0119dowej zabudowy Semi Line<\/a> z asortymentu naszego sklepu. Z \u0142atwo\u015bci\u0105 dopasujesz do niej uniwersalne urz\u0105dzenia AGD w stylu <a href=\"https:\/\/www.brw.pl\/okap-podszafkowy-50-plus-slim,37417\">okapu podszafkowego Plus Slim<\/a>. Idealnym zwie\u0144czeniem aran\u017cacji oka\u017c\u0105 si\u0119 natomiast niecodzienne dekoracje i bujna ro\u015blinno\u015b\u0107 o\u017cywiaj\u0105ca wn\u0119trze.<\/p>\n<div style=\"display: flex; align-items: center; justify-content: center; text-align: center;\">\n<figure id=\"attachment_20530\" aria-describedby=\"caption-attachment-20530\" style=\"width: 285px\" class=\"wp-caption aligncenter\"><img decoding=\"async\" class=\"wp-image-20530 lazyload\" data-src=\"https:\/\/www.brw.pl\/blog\/wp-content\/uploads\/2022\/02\/okap-2.jpg\" alt=\"okap kuchenny\" width=\"285\" height=\"214\" src=\"data:image\/svg+xml;base64,PHN2ZyB3aWR0aD0iMSIgaGVpZ2h0PSIxIiB4bWxucz0iaHR0cDovL3d3dy53My5vcmcvMjAwMC9zdmciPjwvc3ZnPg==\" style=\"--smush-placeholder-width: 285px; --smush-placeholder-aspect-ratio: 285\/214;\" \/><figcaption id=\"caption-attachment-20530\" class=\"wp-caption-text\"><a href=\"https:\/\/www.brw.pl\/okap-podszafkowy-50-plus-slim,37417\" target=\"_blank\" rel=\"noopener noreferrer\"><span style=\"font-weight: 400;\">OKAP PODSZAFKOWY PLUS SLIM<\/span><\/a><\/figcaption><\/figure>\n<figure id=\"attachment_20531\" aria-describedby=\"caption-attachment-20531\" style=\"width: 285px\" class=\"wp-caption aligncenter\"><img decoding=\"async\" class=\"wp-image-20531 lazyload\" data-src=\"https:\/\/www.brw.pl\/blog\/wp-content\/uploads\/2022\/02\/komplet-kuchenny-2.jpg\" alt=\"komplet kuchenny\" width=\"285\" height=\"214\" src=\"data:image\/svg+xml;base64,PHN2ZyB3aWR0aD0iMSIgaGVpZ2h0PSIxIiB4bWxucz0iaHR0cDovL3d3dy53My5vcmcvMjAwMC9zdmciPjwvc3ZnPg==\" style=\"--smush-placeholder-width: 285px; --smush-placeholder-aspect-ratio: 285\/214;\" \/><figcaption id=\"caption-attachment-20531\" class=\"wp-caption-text\"><a href=\"https:\/\/www.brw.pl\/komplet-kuchenny-semi-line,38599\" target=\"_blank\" rel=\"noopener noreferrer\"><span style=\"font-weight: 400;\">KOMPLET KUCHENNY SEMI LINE<\/span><\/a><\/figcaption><\/figure>\n<\/div>\n<p>Marzy Ci si\u0119 funkcjonalna kuchnia w kamienicy? Z <a href=\"https:\/\/www.brw.pl\/\">Black Red White<\/a> urz\u0105dzisz j\u0105 szybko i wygodnie!<\/p>\n","protected":false},"excerpt":{"rendered":"<p>Mieszkanie w starej kamienicy to prawdziwa gratka dla mi\u0142o\u015bnik\u00f3w przedwojennego budownictwa. Lokale tego typu cechuj\u0105 si\u0119 zazwyczaj ogromnym potencja\u0142em aran\u017cacyjnym, ale warto zauwa\u017cy\u0107, \u017ce ma on tak\u017ce swoj\u0105 cen\u0119. Du\u017ca przestrze\u0144 mo\u017ce okaza\u0107 si\u0119 trudna do zagospodarowania, a przestarza\u0142e rozwi\u0105zania architektoniczne bywaj\u0105 prawdziwym utrapieniem dla wsp\u00f3\u0142czesnych projektant\u00f3w. Jak wi\u0119c pogodzi\u0107 klimat przedwojennej kamienicy z nowoczesnymi [&hellip;]<\/p>\n","protected":false},"author":27,"featured_media":22094,"comment_status":"closed","ping_status":"open","sticky":false,"template":"","format":"standard","meta":{"footnotes":""},"categories":[26,574],"tags":[],"aioseo_notices":[],"_links":{"self":[{"href":"https:\/\/www.brw.pl\/blog\/wp-json\/wp\/v2\/posts\/22092"}],"collection":[{"href":"https:\/\/www.brw.pl\/blog\/wp-json\/wp\/v2\/posts"}],"about":[{"href":"https:\/\/www.brw.pl\/blog\/wp-json\/wp\/v2\/types\/post"}],"author":[{"embeddable":true,"href":"https:\/\/www.brw.pl\/blog\/wp-json\/wp\/v2\/users\/27"}],"replies":[{"embeddable":true,"href":"https:\/\/www.brw.pl\/blog\/wp-json\/wp\/v2\/comments?post=22092"}],"version-history":[{"count":3,"href":"https:\/\/www.brw.pl\/blog\/wp-json\/wp\/v2\/posts\/22092\/revisions"}],"predecessor-version":[{"id":29028,"href":"https:\/\/www.brw.pl\/blog\/wp-json\/wp\/v2\/posts\/22092\/revisions\/29028"}],"wp:featuredmedia":[{"embeddable":true,"href":"https:\/\/www.brw.pl\/blog\/wp-json\/wp\/v2\/media\/22094"}],"wp:attachment":[{"href":"https:\/\/www.brw.pl\/blog\/wp-json\/wp\/v2\/media?parent=22092"}],"wp:term":[{"taxonomy":"category","embeddable":true,"href":"https:\/\/www.brw.pl\/blog\/wp-json\/wp\/v2\/categories?post=22092"},{"taxonomy":"post_tag","embeddable":true,"href":"https:\/\/www.brw.pl\/blog\/wp-json\/wp\/v2\/tags?post=22092"}],"curies":[{"name":"wp","href":"https:\/\/api.w.org\/{rel}","templated":true}]}}