{"id":22124,"date":"2022-02-12T14:11:56","date_gmt":"2022-02-12T13:11:56","guid":{"rendered":"https:\/\/www.brw.pl\/blog\/?p=22124"},"modified":"2024-09-09T13:15:51","modified_gmt":"2024-09-09T11:15:51","slug":"biurko-ukryte-w-szafie-sposob-na-male-funkcjonalne-wnetrze","status":"publish","type":"post","link":"https:\/\/www.brw.pl\/blog\/biurko-ukryte-w-szafie-sposob-na-male-funkcjonalne-wnetrze\/","title":{"rendered":"Biurko ukryte w szafie \u2013 spos\u00f3b na ma\u0142e, funkcjonalne wn\u0119trze"},"content":{"rendered":"<p>Biurko ukryte w szafie? Cho\u0107 w pierwszej chwili brzmi to dziwnie, takie pomys\u0142y podbijaj\u0105 serca w\u0142a\u015bcicieli ma\u0142ych mieszka\u0144 i dom\u00f3w. To \u015bwietne rozwi\u0105zanie w przypadku niewielkiej przestrzeni: pozwala znale\u017a\u0107 wygodne miejsce do pracy, utrzyma\u0107 porz\u0105dek w dokumentach, a przy tym wizualnie dopasowa\u0107 si\u0119 do wybranego stylu wn\u0119trza. Czy takie biurko si\u0119 sprawdza? Jakie s\u0105 jego najwi\u0119ksze zalety i jak mo\u017cna je wykorzysta\u0107 w Twoim mieszkaniu? Przeczytaj nasz artyku\u0142, a dowiesz si\u0119 wszystkiego o ukrytym biurku!<!--more--><\/p>\n<p>Z tego artyku\u0142u dowiesz si\u0119 m.in.:<\/p>\n<ul>\n<li>Jak biurko ukryte w szafie mo\u017ce zaoszcz\u0119dzi\u0107 przestrze\u0144?<\/li>\n<li>Jak zaaran\u017cowa\u0107 przestrze\u0144, wykorzystuj\u0105c biurko ukryte w szafie?<\/li>\n<li>Jakie korzy\u015bci daje biurko ukryte w szafie?<\/li>\n<\/ul>\n<p><img decoding=\"async\" class=\"alignnone size-full wp-image-22126 lazyload\" data-src=\"https:\/\/www.brw.pl\/blog\/wp-content\/uploads\/2022\/02\/biurko-ukryte-w-szafie-1.png\" alt=\"biurko ukryte w szafie\" width=\"1536\" height=\"990\" data-srcset=\"https:\/\/www.brw.pl\/blog\/wp-content\/uploads\/2022\/02\/biurko-ukryte-w-szafie-1.png 1536w, https:\/\/www.brw.pl\/blog\/wp-content\/uploads\/2022\/02\/biurko-ukryte-w-szafie-1-800x516.png 800w, https:\/\/www.brw.pl\/blog\/wp-content\/uploads\/2022\/02\/biurko-ukryte-w-szafie-1-768x495.png 768w\" data-sizes=\"(max-width: 1536px) 100vw, 1536px\" src=\"data:image\/svg+xml;base64,PHN2ZyB3aWR0aD0iMSIgaGVpZ2h0PSIxIiB4bWxucz0iaHR0cDovL3d3dy53My5vcmcvMjAwMC9zdmciPjwvc3ZnPg==\" style=\"--smush-placeholder-width: 1536px; --smush-placeholder-aspect-ratio: 1536\/990;\" \/><\/p>\n<h2>Biurko ukryte w szafie, czyli jak zaoszcz\u0119dzi\u0107 przestrze\u0144?<\/h2>\n<p>Pierwsze, co przychodzi na my\u015bl na has\u0142o \u201ebiurko w szafie\u201d, to rzeczywi\u015bcie biurko ukryte w szafie wn\u0119kowej. Czy mo\u017cliwe jest ukrycie tego mebla za drzwiami przesuwnymi przepastnej szafy? Oczywi\u015bcie, wszystko zale\u017cy od naszej kreatywno\u015bci. Jednak jest to rozwi\u0105zanie, kt\u00f3re ci\u0119\u017cko z czystym sumieniem poleci\u0107. Chodzi przede wszystkim o bardzo ograniczon\u0105 przestrze\u0144 wok\u00f3\u0142 siebie, kt\u00f3ra nie do ko\u0144ca sprzyja efektywnej pracy. Dodatkowym utrudnieniem mo\u017ce by\u0107 brak dost\u0119pu lub ograniczony dost\u0119p do \u015bwiat\u0142a dziennego. Ci\u0105g\u0142a praca przy sztucznym \u015bwietle r\u00f3wnie\u017c nie jest dobrym pomys\u0142em ze wzgl\u0119du na wzrok. Niew\u0105tpliwym atutem jest to, \u017ce po sko\u0144czonej pracy mo\u017cna po prostu zamkn\u0105\u0107 drzwi szafy i \u2013 absolutnie \u00a0dos\u0142ownie \u2013 odgrodzi\u0107 si\u0119 od biura. Na szcz\u0119\u015bcie nie musisz decydowa\u0107 si\u0119 na tak kompromisowe rozwi\u0105zania, nawet je\u015bli masz ma\u0142o przestrzeni na urz\u0105dzenie w domu biura, czy gabinetu. Jak w inny spos\u00f3b zaoszcz\u0119dzi\u0107 przestrze\u0144?<\/p>\n<p><img decoding=\"async\" class=\"alignnone size-full wp-image-22127 lazyload\" data-src=\"https:\/\/www.brw.pl\/blog\/wp-content\/uploads\/2022\/02\/biurko-w-meblo\u015bciance.png\" alt=\"biurko w meblo\u015bciance\" width=\"1536\" height=\"990\" data-srcset=\"https:\/\/www.brw.pl\/blog\/wp-content\/uploads\/2022\/02\/biurko-w-meblo\u015bciance.png 1536w, https:\/\/www.brw.pl\/blog\/wp-content\/uploads\/2022\/02\/biurko-w-meblo\u015bciance-800x516.png 800w, https:\/\/www.brw.pl\/blog\/wp-content\/uploads\/2022\/02\/biurko-w-meblo\u015bciance-768x495.png 768w\" data-sizes=\"(max-width: 1536px) 100vw, 1536px\" src=\"data:image\/svg+xml;base64,PHN2ZyB3aWR0aD0iMSIgaGVpZ2h0PSIxIiB4bWxucz0iaHR0cDovL3d3dy53My5vcmcvMjAwMC9zdmciPjwvc3ZnPg==\" style=\"--smush-placeholder-width: 1536px; --smush-placeholder-aspect-ratio: 1536\/990;\" \/><\/p>\n<h3>Biurko jako mebel zintegrowany z rega\u0142em lub szafk\u0105<\/h3>\n<p>Nie wymaga ca\u0142kowitego schowania w szafie, a jednocze\u015bnie wspaniale oszcz\u0119dza przestrze\u0144. Tego typu biurko skonstruowane jest podobnie, jak bardzo popularne w starszych meblo\u015bciankach barki. To niewielki fragment p\u0142yty meblowej, otwierany od g\u00f3ry. Po ca\u0142kowitym otwarciu, podtrzymywany na zawiasach, stanowi blat, czyli po prostu powierzchni\u0119 biurka. Ze wzgl\u0119du na brak ogranicze\u0144 pod spodem, mo\u017cna wsun\u0105\u0107 pod niego krzes\u0142o. Jest idealny na przeno\u015bny komputer, koszyczek z dokumentami i fili\u017cank\u0119 kawy. Po pracy zamykamy go, a ukryte za blatem p\u00f3\u0142ki stanowi\u0105 \u015bwietne schowki na biurowe drobiazgi. Takie biurko mo\u017cna ukry\u0107 w regale lub szafce, a tak\u017ce przykr\u0119ci\u0107 do \u015bciany jako osobn\u0105 p\u00f3\u0142k\u0119 i otwiera\u0107 jedynie na czas pracy. To rozwi\u0105zanie bardzo estetyczne, proste i idealnie pasuj\u0105ce do ma\u0142ych mieszka\u0144. W dodatku sprawdzi si\u0119 nie tylko w salonie, ale r\u00f3wnie\u017c w sypialni.<\/p>\n<h3>Biurko sprytnie ukryte w meblo\u015bciance<\/h3>\n<p>Meblo\u015bcianki ju\u017c kilka sezon\u00f3w temu wr\u00f3ci\u0142y do \u0142ask, cho\u0107 w nieco nowszej ods\u0142onie. Doceniono je w\u0142a\u015bnie za oszcz\u0119dno\u015b\u0107 miejsca. Po\u015br\u00f3d poszczeg\u00f3lnych element\u00f3w meblo\u015bcianki bardzo \u0142atwo ukry\u0107 biurko. Zw\u0142aszcza je\u015bli do wyboru jest mn\u00f3stwo modeli biurek, kt\u00f3re mog\u0105 dopasowa\u0107 si\u0119 do pozosta\u0142ych mebli jak kameleon. Warto wykorzystywa\u0107 to rozwi\u0105zanie we wn\u0119trzach, w kt\u00f3rych i tak decydujemy si\u0119 na meblo\u015bciank\u0119. Unikniemy problem\u00f3w z biurkiem, je\u015bli stanie si\u0119 ono jej integraln\u0105 cz\u0119\u015bci\u0105.<\/p>\n<h2>Biurko w szafie \u2013 jak zaaran\u017cowa\u0107 przestrze\u0144?<\/h2>\n<p>Biurko ukryte za drzwiami przesuwnymi szafy raczej nie wp\u0142ywa na wygl\u0105d domowej przestrzeni. Jednak je\u015bli jest to biurko przykr\u0119cane do \u015bciany, ukryte w regale lub pomi\u0119dzy elementami meblo\u015bcianki \u2013 na og\u00f3lny wygl\u0105d pomieszczenia wp\u0142ywa do\u015b\u0107 mocno. Jak zatem urz\u0105dzi\u0107 wygodn\u0105 przestrze\u0144 z biurkiem na niewielkim metra\u017cu?<\/p>\n<h3>Biurko ukryte w szafce lub regale<\/h3>\n<p>Biurko, kt\u00f3re schowane jest w regale, niemal nie wymaga \u017cadnego konkretnego planowania. Po prostu uwzgl\u0119dnij rega\u0142 w elementach meblo\u015bcianki, kt\u00f3r\u0105 ustawisz w pokoju. Je\u015bli nie b\u0119dzie to klasyczna meblo\u015bcianka, a jedynie jej wybrane elementy \u2013 nic nie szkodzi. Pami\u0119taj tylko, by styl rega\u0142u by\u0142 dopasowany do pozosta\u0142ych mebli, kt\u00f3re znajd\u0105 si\u0119 w tym pomieszczeniu. Bardzo wygodne w aran\u017cacji jest u\u017cywanie koloru bia\u0142ego. Nawet je\u015bli biurko nie pochodzi z danego zestawu, bardzo \u0142atwo po\u0142\u0105czy\u0107 meble t\u0105 w\u0142a\u015bnie wsp\u00f3ln\u0105 cech\u0105 \u2013 kolorystyczn\u0105. Podobnie jest w przypadku nowoczesnych mebli, np. \u0142\u0105cz\u0105cych kolor czarny i bia\u0142y. Bardzo \u0142atwo dopasowa\u0107 do nich osobny segment w postaci rega\u0142u, w kt\u00f3rym ukryty jest blat. Pami\u0119taj, by ustawi\u0107 biurko w takiej przestrzeni, w kt\u00f3rej wygodnie Ci b\u0119dzie pracowa\u0107. Warto unika\u0107 przy tym bliskiego s\u0105siedztwa telewizora, a tak\u017ce postara\u0107 si\u0119, by rega\u0142 sta\u0142 bokiem do okna.<\/p>\n<h3>Biurko w meblo\u015bciance<\/h3>\n<p>Drugim prostym sposobem na aran\u017cacj\u0119 przestrzeni z zakamuflowanym biurkiem jest meblo\u015bcianka, w ramach kt\u00f3rej mo\u017cesz kupi\u0107 r\u00f3wnie\u017c biurko. Najcz\u0119\u015bciej s\u0105 to meble, kt\u00f3re nale\u017c\u0105 do tego samego zestawu, cho\u0107 w przypadku klasycznej czerni lub bieli, \u0142atwo dopasowa\u0107 inne biurko. Ustawienie tego mebla pomi\u0119dzy dwoma rega\u0142ami, czy rega\u0142em, a szaf\u0105, to doskona\u0142y pomys\u0142. Ca\u0142y meblowy segment masz w\u00f3wczas na jednej \u015bcianie, a Twoje ma\u0142e biuro jest ju\u017c w nim ukryte. W takim przypadku warto zadba\u0107 o p\u00f3\u0142ki, kt\u00f3re znajd\u0105 si\u0119 tu\u017c nad biurkiem i udost\u0119pni\u0105 przestrze\u0144 na dokumenty, ksi\u0105\u017cki i artyku\u0142y biurowe. Warto te\u017c rozwa\u017cy\u0107 urz\u0105dzenie pomieszczenia w stylu, kt\u00f3ry dobrze znosi dostawki i \u0142\u0105czenie z innymi seriami. Biel z dodatkiem element\u00f3w drewnianych to doskona\u0142y wyb\u00f3r. Sprawdzi si\u0119 we wn\u0119trzach nowoczesnych, skandynawskich, a przy odpowiedniej stylizacji tak\u017ce w rustykalnych, czy japandi.<\/p>\n<div style=\"display: flex; align-items: center; justify-content: center; text-align: center;\">\n<figure id=\"attachment_20530\" aria-describedby=\"caption-attachment-20530\" style=\"width: 285px\" class=\"wp-caption aligncenter\"><img decoding=\"async\" class=\"wp-image-20530 lazyload\" data-src=\"https:\/\/www.brw.pl\/blog\/wp-content\/uploads\/2022\/02\/mebloscianka-1.jpg\" alt=\"meblo\u015bcianka\" width=\"285\" height=\"214\" src=\"data:image\/svg+xml;base64,PHN2ZyB3aWR0aD0iMSIgaGVpZ2h0PSIxIiB4bWxucz0iaHR0cDovL3d3dy53My5vcmcvMjAwMC9zdmciPjwvc3ZnPg==\" style=\"--smush-placeholder-width: 285px; --smush-placeholder-aspect-ratio: 285\/214;\" \/><figcaption id=\"caption-attachment-20530\" class=\"wp-caption-text\"><a href=\"https:\/\/www.brw.pl\/mebloscianka-malcolm,10427\" target=\"_blank\" rel=\"noopener noreferrer\"><span style=\"font-weight: 400;\">MEBLO\u015aCIANKA MALCOLM <\/span><\/a><\/figcaption><\/figure>\n<figure id=\"attachment_20531\" aria-describedby=\"caption-attachment-20531\" style=\"width: 285px\" class=\"wp-caption aligncenter\"><img decoding=\"async\" class=\"wp-image-20531 lazyload\" data-src=\"https:\/\/www.brw.pl\/blog\/wp-content\/uploads\/2022\/02\/meblo\u015bcianka-2.jpg\" alt=\"meblo\u015bcianka\" width=\"285\" height=\"214\" src=\"data:image\/svg+xml;base64,PHN2ZyB3aWR0aD0iMSIgaGVpZ2h0PSIxIiB4bWxucz0iaHR0cDovL3d3dy53My5vcmcvMjAwMC9zdmciPjwvc3ZnPg==\" style=\"--smush-placeholder-width: 285px; --smush-placeholder-aspect-ratio: 285\/214;\" \/><figcaption id=\"caption-attachment-20531\" class=\"wp-caption-text\"><a href=\"https:\/\/www.brw.pl\/mebloscianka-lena,27978\" target=\"_blank\" rel=\"noopener noreferrer\"><span style=\"font-weight: 400;\">MEBLO\u015aCIANKA LENA<\/span><\/a><\/figcaption><\/figure>\n<\/div>\n<h3>Biurko w szafie \u2013 niecodzienne rozwi\u0105zanie na codzienne problemy<\/h3>\n<p>W ofercie <a href=\"https:\/\/www.brw.pl\/\">Black Red White<\/a> znajdziesz mn\u00f3stwo rozwi\u0105za\u0144, kt\u00f3re pozwol\u0105 Ci sprytnie ulokowa\u0107 domowe biuro w pomieszczeniu, kt\u00f3re pozornie ma bardzo ograniczon\u0105 przestrze\u0144. <a href=\"https:\/\/www.brw.pl\/biurko-office-lux,25090\">Biurko Office Lux<\/a> jest idealnie uniwersalne i doskonale wpasuje si\u0119 w te pomieszczenia, w kt\u00f3rych u\u017cyto bia\u0142ych mebli lub skorzystano z zasady kontrastu. Je\u015bli chcesz pi\u0119knie po\u0142\u0105czy\u0107 czer\u0144 z biel\u0105 i stworzy\u0107 przy tym sw\u00f3j ma\u0142y gabinet, z tym biurkiem na pewno Ci si\u0119 uda!<\/p>\n<div style=\"display: flex; align-items: center; justify-content: center; text-align: center;\">\n<figure id=\"attachment_20530\" aria-describedby=\"caption-attachment-20530\" style=\"width: 285px\" class=\"wp-caption aligncenter\"><img decoding=\"async\" class=\"wp-image-20530 lazyload\" data-src=\"https:\/\/www.brw.pl\/blog\/wp-content\/uploads\/2022\/02\/biurko-1-1.jpg\" alt=\"biurko\" width=\"285\" height=\"214\" src=\"data:image\/svg+xml;base64,PHN2ZyB3aWR0aD0iMSIgaGVpZ2h0PSIxIiB4bWxucz0iaHR0cDovL3d3dy53My5vcmcvMjAwMC9zdmciPjwvc3ZnPg==\" style=\"--smush-placeholder-width: 285px; --smush-placeholder-aspect-ratio: 285\/214;\" \/><figcaption id=\"caption-attachment-20530\" class=\"wp-caption-text\"><a href=\"https:\/\/www.brw.pl\/biurko-office-lux,25090\" target=\"_blank\" rel=\"noopener noreferrer\"><span style=\"font-weight: 400;\">BIURKO OFFICE LUX<\/span><\/a><\/figcaption><\/figure>\n<figure id=\"attachment_20531\" aria-describedby=\"caption-attachment-20531\" style=\"width: 285px\" class=\"wp-caption aligncenter\"><img decoding=\"async\" class=\"wp-image-20531 lazyload\" data-src=\"https:\/\/www.brw.pl\/blog\/wp-content\/uploads\/2022\/02\/biurko-2-1.jpg\" alt=\"biurko\" width=\"285\" height=\"214\" src=\"data:image\/svg+xml;base64,PHN2ZyB3aWR0aD0iMSIgaGVpZ2h0PSIxIiB4bWxucz0iaHR0cDovL3d3dy53My5vcmcvMjAwMC9zdmciPjwvc3ZnPg==\" style=\"--smush-placeholder-width: 285px; --smush-placeholder-aspect-ratio: 285\/214;\" \/><figcaption id=\"caption-attachment-20531\" class=\"wp-caption-text\"><a href=\"https:\/\/www.brw.pl\/biurko-kaspian,34064\" target=\"_blank\" rel=\"noopener noreferrer\"><span style=\"font-weight: 400;\">BIURKO KASPIAN<\/span><\/a><\/figcaption><\/figure>\n<\/div>\n<p>Warta uwagi jest r\u00f3wnie\u017c <a href=\"https:\/\/www.brw.pl\/mebloscianka-malcolm,10427\">meblo\u015bcianka Malcolm<\/a>, kt\u00f3ra daje mo\u017cliwo\u015b\u0107 sprytnego wkomponowania biurka pomi\u0119dzy inne meble, u\u0142o\u017cone na wybranej \u015bcianie pomieszczenia. To rozwi\u0105zanie zar\u00f3wno do pokoju dziennego, jak i sypialni!<\/p>\n<h2>Black Red White \u2013 sprytne sposoby na ma\u0142e mieszkanie<\/h2>\n<p>Mniejsza przestrze\u0144 nie musi oznacza\u0107 mniejszego komfortu. Mo\u017cesz stworzy\u0107 sobie osobne strefy do odpoczynku i pracy, nawet je\u015bli dysponujesz ograniczon\u0105 ilo\u015bci\u0105 miejsca. Wystarczy odrobina kreatywno\u015bci i wykorzystanie rozwi\u0105za\u0144, kt\u00f3re kto\u015b ju\u017c wcze\u015bniej stworzy\u0142. Do dzie\u0142a!<\/p>\n<p>Meble, kt\u00f3re pomog\u0105 Ci zagospodarowa\u0107 ma\u0142\u0105 przestrze\u0144, znajdziesz na <a href=\"https:\/\/www.brw.pl\/\">BRW<\/a>!<\/p>\n","protected":false},"excerpt":{"rendered":"<p>Biurko ukryte w szafie? Cho\u0107 w pierwszej chwili brzmi to dziwnie, takie pomys\u0142y podbijaj\u0105 serca w\u0142a\u015bcicieli ma\u0142ych mieszka\u0144 i dom\u00f3w. To \u015bwietne rozwi\u0105zanie w przypadku niewielkiej przestrzeni: pozwala znale\u017a\u0107 wygodne miejsce do pracy, utrzyma\u0107 porz\u0105dek w dokumentach, a przy tym wizualnie dopasowa\u0107 si\u0119 do wybranego stylu wn\u0119trza. Czy takie biurko si\u0119 sprawdza? Jakie s\u0105 jego [&hellip;]<\/p>\n","protected":false},"author":27,"featured_media":22125,"comment_status":"closed","ping_status":"open","sticky":false,"template":"","format":"standard","meta":{"footnotes":""},"categories":[9,574],"tags":[],"aioseo_notices":[],"_links":{"self":[{"href":"https:\/\/www.brw.pl\/blog\/wp-json\/wp\/v2\/posts\/22124"}],"collection":[{"href":"https:\/\/www.brw.pl\/blog\/wp-json\/wp\/v2\/posts"}],"about":[{"href":"https:\/\/www.brw.pl\/blog\/wp-json\/wp\/v2\/types\/post"}],"author":[{"embeddable":true,"href":"https:\/\/www.brw.pl\/blog\/wp-json\/wp\/v2\/users\/27"}],"replies":[{"embeddable":true,"href":"https:\/\/www.brw.pl\/blog\/wp-json\/wp\/v2\/comments?post=22124"}],"version-history":[{"count":2,"href":"https:\/\/www.brw.pl\/blog\/wp-json\/wp\/v2\/posts\/22124\/revisions"}],"predecessor-version":[{"id":29024,"href":"https:\/\/www.brw.pl\/blog\/wp-json\/wp\/v2\/posts\/22124\/revisions\/29024"}],"wp:featuredmedia":[{"embeddable":true,"href":"https:\/\/www.brw.pl\/blog\/wp-json\/wp\/v2\/media\/22125"}],"wp:attachment":[{"href":"https:\/\/www.brw.pl\/blog\/wp-json\/wp\/v2\/media?parent=22124"}],"wp:term":[{"taxonomy":"category","embeddable":true,"href":"https:\/\/www.brw.pl\/blog\/wp-json\/wp\/v2\/categories?post=22124"},{"taxonomy":"post_tag","embeddable":true,"href":"https:\/\/www.brw.pl\/blog\/wp-json\/wp\/v2\/tags?post=22124"}],"curies":[{"name":"wp","href":"https:\/\/api.w.org\/{rel}","templated":true}]}}