{"id":22214,"date":"2022-02-28T15:30:41","date_gmt":"2022-02-28T14:30:41","guid":{"rendered":"https:\/\/www.brw.pl\/blog\/?p=22214"},"modified":"2024-10-03T09:43:10","modified_gmt":"2024-10-03T07:43:10","slug":"musztardowa-kanapa-inspiracje","status":"publish","type":"post","link":"https:\/\/www.brw.pl\/blog\/musztardowa-kanapa-inspiracje\/","title":{"rendered":"Musztardowa kanapa &#8211; inspiracje"},"content":{"rendered":"<p><strong>Musztardowa sofa to bardzo modny i popularny element aran\u017cacji salonu. Dzi\u0119ki niej mo\u017cesz stworzy\u0107 wn\u0119trze o ciep\u0142ym i wyj\u0105tkowo przytulnym charakterze, kt\u00f3re zachwyci niebanaln\u0105 kolorystyk\u0105. Poszukujesz odwa\u017cnych, a jednocze\u015bnie harmonijnych rozwi\u0105za\u0144? Sofa w kolorze musztardowym to propozycja idealna dla Ciebie. Dowiedz si\u0119, jak j\u0105 ogra\u0107 w aran\u017cacji!<\/strong><!--more--><\/p>\n<p><img decoding=\"async\" class=\"size-medium wp-image-21990 aligncenter lazyload\" data-src=\"https:\/\/www.brw.pl\/blog\/wp-content\/uploads\/2022\/02\/Hampton_Riviera-41-Yellow-Sawira-800x533.jpg\" alt=\"\" width=\"800\" height=\"533\" data-srcset=\"https:\/\/www.brw.pl\/blog\/wp-content\/uploads\/2022\/02\/Hampton_Riviera-41-Yellow-Sawira-800x533.jpg 800w, https:\/\/www.brw.pl\/blog\/wp-content\/uploads\/2022\/02\/Hampton_Riviera-41-Yellow-Sawira-768x512.jpg 768w, https:\/\/www.brw.pl\/blog\/wp-content\/uploads\/2022\/02\/Hampton_Riviera-41-Yellow-Sawira.jpg 1300w\" data-sizes=\"(max-width: 800px) 100vw, 800px\" src=\"data:image\/svg+xml;base64,PHN2ZyB3aWR0aD0iMSIgaGVpZ2h0PSIxIiB4bWxucz0iaHR0cDovL3d3dy53My5vcmcvMjAwMC9zdmciPjwvc3ZnPg==\" style=\"--smush-placeholder-width: 800px; --smush-placeholder-aspect-ratio: 800\/533;\" \/><\/p>\n<h2><strong>Musztardowa kanapa w salonie \u2013 aran\u017cacyjny hit<\/strong><\/h2>\n<p data-pm-slice=\"1 1 []\">Od kilku sezon\u00f3w w trendach wn\u0119trzarskich zn\u00f3w pojawi\u0142y si\u0119 ciep\u0142e kolory. Wr\u00f3ci\u0142y wyraziste odcienie \u017c\u00f3\u0142ci, czerwieni i pomara\u0144czu. Szczeg\u00f3lnie ch\u0119tnie si\u0119ga si\u0119 po efektowny kolor musztardowy.<\/p>\n<p>Ten ciemniejszy odcie\u0144 \u017c\u00f3\u0142tego doskonale wpasowuje si\u0119 w kolorystyk\u0119 i charakter wsp\u00f3\u0142czesnych wn\u0119trz. Minimalistycznym i surowym przestrzeniom dodaje przytulnego nastroju, a te artystyczne, pe\u0142ne intensywnych kolor\u00f3w, zespaja, uspokaja i harmonizuje. <strong>Musztardowa \u017c\u00f3\u0142\u0107 jest bardzo \u017cyw\u0105, ale tak\u017ce wywa\u017con\u0105 barw\u0105.<\/strong> Nie rzuca si\u0119 w oczy tak nachalnie jak kolor \u017c\u00f3\u0142ty, czerwony czy fuksjowy, a wprowadza r\u00f3wnie radosny i pe\u0142en energii klimat.<\/p>\n<p>Najcz\u0119\u015bciej pojawia si\u0119 w pokoju dziennym jako jeden efektowny element. Mo\u017ce by\u0107 nim tapicerka kanapy lub innych mebli wypoczynkowych. Wykorzystanie musztardowej sofy to bardzo popularny i prosty spos\u00f3b na wykreowanie harmonijnej, ciekawej i niesamowicie modnej przestrzeni w salonie.<\/p>\n<p><span data-color=\"var(--purple-10)\">Szukaj\u0105c odpowiedniej kanapy, warto zwr\u00f3ci\u0107 uwag\u0119 na sofy z funkcj\u0105 spania. W razie potrzeby przenocujesz na niej go\u015bci, a w kawalerce odegra rol\u0119 \u0142\u00f3\u017cka. Nawet ma\u0142y salon z aneksem kuchennym wygl\u0105da \u015bwietnie z musztardow\u0105 sof\u0105. Na takim meblu z pazurem zyskuje ca\u0142a aran\u017cacja. Pami\u0119taj tylko, \u017ceby powierzchnia spania by\u0142a na tyle du\u017ca, by zapewni\u0107 komfortowy sen.<\/span><\/p>\n<h2><strong>Musztardowa kanapa w salonie \u2013 do jakich wn\u0119trz pasuje?<\/strong><\/h2>\n<p data-pm-slice=\"1 1 []\">Kanapa w kolorze musztardowym w pierwszej chwili przywodzi na my\u015bl wn\u0119trze w stylu retro. Przypomina sofy z lat 80. i 90., zw\u0142aszcza gdy jej obicie wykonane jest z weluru. Ten stylistyczny powr\u00f3t do przesz\u0142o\u015bci nadaje jej bardzo ciekawy kontekst, kt\u00f3ry ubogaca nowoczesne aran\u017cacje. <span data-color=\"var(--purple-10)\">Salon urz\u0105dzony w ten spos\u00f3b to wn\u0119trze z dusz\u0105.<\/span><\/p>\n<p>Mebel ten <strong>doskonale sprawdzi si\u0119 we wn\u0119trzu w stylu skandynawskim i glamour<\/strong>. Bardzo dobrze komponuje si\u0119 z charakterystycznymi dla nich delikatnymi barwami i b\u0142yszczy w towarzystwie z\u0142ota glamour. Musztardowa sofa z pewno\u015bci\u0105 o\u017cywi tak\u017ce surow\u0105, loftow\u0105 przestrze\u0144. Zagra r\u00f3wnie\u017c pierwsze skrzypce w salonach w stylu boho, rustykalnym i naturalistycznym, kt\u00f3re nawi\u0105zuj\u0105 do ziemistych barw natury.<\/p>\n<h3>Z czym \u0142\u0105czy\u0107 kolor musztardowy?<\/h3>\n<p data-pm-slice=\"1 1 []\">Musztardowy nie nale\u017cy do specjalnie trudnych kolor\u00f3w i do\u015b\u0107 dobrze wsp\u00f3\u0142gra z innymi barwami. <strong>Mo\u017cna po\u0142\u0105czy\u0107 go z szaro\u015bciami, biel\u0105, jasnymi br\u0105zami.<\/strong> Takie bezpieczne kompozycje warto prze\u0142ama\u0107 dodatkowo \u017cywsz\u0105 barw\u0105, w przeciwnym razie mog\u0105 wyda\u0107 si\u0119 po prostu nudne i md\u0142e.<\/p>\n<p>Nieco odwa\u017cniejszym wyborem b\u0119dzie zestawienie musztardowego <span data-color=\"var(--purple-10)\">z takimi barwami jak<\/span>:<\/p>\n<ul>\n<li><span data-color=\"var(--purple-10)\">bordo,<\/span><\/li>\n<li><span data-color=\"var(--purple-10)\">burgund,<\/span><\/li>\n<li><span data-color=\"var(--purple-10)\">granat,<\/span><\/li>\n<li><span data-color=\"var(--purple-10)\">czer\u0144,<\/span><\/li>\n<li><span data-color=\"var(--purple-10)\">butelkowa ziele\u0144.<\/span><\/li>\n<\/ul>\n<p>Ciekawy efekt uzyskasz, \u0142\u0105cz\u0105c omawiany kolor z pudrowym r\u00f3\u017cem, lawendowym, mi\u0119towym lub brzoskwiniowym.<\/p>\n<h2><strong>Musztardowa kanapa w salonie \u2013 aran\u017cacje<\/strong><\/h2>\n<p>Kanapa w kolorze musztardowym to dobry spos\u00f3b na o\u017cywienie wn\u0119trza i dodanie mu energii. Je\u015bli chcesz podkre\u015bli\u0107 efektowny kolor kanapy i stworzy\u0107 we wn\u0119trzu sp\u00f3jn\u0105 ca\u0142o\u015b\u0107 estetyczn\u0105, pami\u0119taj o doborze odpowiednich mebli i dodatk\u00f3w. <strong>Oto kilka propozycji na aran\u017cacj\u0119 pokoju dziennego z musztardow\u0105 kanap\u0105 w roli g\u0142\u00f3wnej<\/strong>, kt\u00f3rymi mo\u017cesz si\u0119 zainspirowa\u0107.<\/p>\n<h3 data-pm-slice=\"1 1 []\">Salon w stylu skandynawskim i\u2026 kanapa <span data-color=\"var(--purple-10)\">w kolorze musztardowym<\/span>?<\/h3>\n<p>W stonowanej i jasnej aran\u017cacji w stylu skandynawskim musztardowy odcie\u0144 kanapy stanie si\u0119 naj\u017cywszym elementem. Mimo tego, \u017ce b\u0119dzie pozornie silnym akcentem, nie powinien zbytnio przyt\u0142acza\u0107 przestrzeni. Musztardowy w po\u0142\u0105czeniu z meblami w kolorze jasnego drewna i szarymi zas\u0142onami wyda si\u0119 bardziej stonowany.<\/p>\n<p>Dobrym pomys\u0142em b\u0119dzie zakup g\u0142adkiego be\u017cowego dywanu oraz poduszek w szaro-be\u017cowej tonacji. Do kanapy mo\u017cesz dostawi\u0107 fotel typu uszak w tym samym odcieniu lub w kolorze butelkowej zieleni.<\/p>\n<figure id=\"attachment_20275\" aria-describedby=\"caption-attachment-20275\" style=\"width: 728px\" class=\"wp-caption aligncenter\"><img decoding=\"async\" class=\"size-full wp-image-20275 lazyload\" data-src=\"https:\/\/www.brw.pl\/blog\/wp-content\/uploads\/2021\/10\/Hampton_aranz1_03-2018mFWcwmGjaVOE6tCTiHtf.jpg\" alt=\"\" width=\"728\" height=\"483\" src=\"data:image\/svg+xml;base64,PHN2ZyB3aWR0aD0iMSIgaGVpZ2h0PSIxIiB4bWxucz0iaHR0cDovL3d3dy53My5vcmcvMjAwMC9zdmciPjwvc3ZnPg==\" style=\"--smush-placeholder-width: 728px; --smush-placeholder-aspect-ratio: 728\/483;\" \/><figcaption id=\"caption-attachment-20275\" class=\"wp-caption-text\"><a href=\"https:\/\/www.brw.pl\/sofa-trzyosobowa-hampton-rozkladana-z-pojemnikiem-welurowa-zolta,108781\" target=\"_blank\" rel=\"noopener\">Sofa Hampton<\/a><\/figcaption><\/figure>\n<div style=\"display: flex; align-items: center; justify-content: center; text-align: center;\"><\/div>\n<div>\n<div style=\"display: flex; align-items: center; justify-content: center; text-align: center;\">\n<figure id=\"attachment_36596\" aria-describedby=\"caption-attachment-36596\" style=\"width: 400px\" class=\"wp-caption aligncenter\"><a href=\"https:\/\/www.brw.pl\/fotel-columbus,43690\" target=\"_blank\" rel=\"noopener noreferrer\"><img decoding=\"async\" class=\"wp-image-36596 lazyload\" data-src=\"https:\/\/www.brw.pl\/blog\/wp-content\/uploads\/2022\/02\/fotel-columbus-slargeb.jpg\" alt=\"Fotel Columbus\" width=\"400\" height=\"301\" data-srcset=\"https:\/\/www.brw.pl\/blog\/wp-content\/uploads\/2022\/02\/fotel-columbus-slargeb.jpg 798w, https:\/\/www.brw.pl\/blog\/wp-content\/uploads\/2022\/02\/fotel-columbus-slargeb-768x577.jpg 768w\" data-sizes=\"(max-width: 400px) 100vw, 400px\" src=\"data:image\/svg+xml;base64,PHN2ZyB3aWR0aD0iMSIgaGVpZ2h0PSIxIiB4bWxucz0iaHR0cDovL3d3dy53My5vcmcvMjAwMC9zdmciPjwvc3ZnPg==\" style=\"--smush-placeholder-width: 400px; --smush-placeholder-aspect-ratio: 400\/301;\" \/><\/a><figcaption id=\"caption-attachment-36596\" class=\"wp-caption-text\"><a href=\"https:\/\/www.brw.pl\/fotel-columbus,43690\" target=\"_blank\" rel=\"noopener noreferrer\"><span style=\"font-weight: 400;\">FOTEL COLUMBUS<\/span><\/a><\/figcaption><\/figure>\n<\/div>\n<h3>Pok\u00f3j dzienny w stylu boho, czyli musztardowa kanapa w\u015br\u00f3d makram<\/h3>\n<p>Do wn\u0119trza w stylu boho wprowad\u017a delikatne barwy. Szaro\u015b\u0107 \u015bcian zestaw z kremowym odcieniem makram, tkanego dywanu i biel\u0105 koronkowych firanek. Wybierz bia\u0142y rega\u0142 i ustaw na nim wiklinowe kosze. W takiej aran\u017cacji niewielka musztardowa kanapa b\u0119dzie bardzo ciekawym pomys\u0142em. Dostaw do niej drug\u0105 ma\u0142\u0105 kanap\u0119 w kolorze delikatnego r\u00f3\u017cu. Aby jeszcze bardziej urozmaici\u0107 wn\u0119trze, mo\u017cesz wprowadzi\u0107 kilka ciemnych dodatk\u00f3w (na przyk\u0142ad os\u0142onki na doniczki) i doda\u0107 musztardowo-czarny fotel w klimacie retro.<\/p>\n<\/div>\n<div style=\"display: flex; align-items: center; justify-content: center; text-align: center;\">\n<figure id=\"attachment_36597\" aria-describedby=\"caption-attachment-36597\" style=\"width: 400px\" class=\"wp-caption aligncenter\"><a href=\"https:\/\/www.brw.pl\/fotel-tais,91405\" target=\"_blank\" rel=\"noopener noreferrer\"><img decoding=\"async\" class=\"wp-image-36597 lazyload\" data-src=\"https:\/\/www.brw.pl\/blog\/wp-content\/uploads\/2022\/02\/fotel-tais-slargeb.jpg\" alt=\"Fotel Tais\" width=\"400\" height=\"301\" data-srcset=\"https:\/\/www.brw.pl\/blog\/wp-content\/uploads\/2022\/02\/fotel-tais-slargeb.jpg 798w, https:\/\/www.brw.pl\/blog\/wp-content\/uploads\/2022\/02\/fotel-tais-slargeb-768x577.jpg 768w\" data-sizes=\"(max-width: 400px) 100vw, 400px\" src=\"data:image\/svg+xml;base64,PHN2ZyB3aWR0aD0iMSIgaGVpZ2h0PSIxIiB4bWxucz0iaHR0cDovL3d3dy53My5vcmcvMjAwMC9zdmciPjwvc3ZnPg==\" style=\"--smush-placeholder-width: 400px; --smush-placeholder-aspect-ratio: 400\/301;\" \/><\/a><figcaption id=\"caption-attachment-36597\" class=\"wp-caption-text\"><a href=\"https:\/\/www.brw.pl\/fotel-tais,91405\" target=\"_blank\" rel=\"noopener noreferrer\"><span style=\"font-weight: 400;\">FOTEL TAIS<\/span><\/a><\/figcaption><\/figure>\n<figure id=\"attachment_36598\" aria-describedby=\"caption-attachment-36598\" style=\"width: 400px\" class=\"wp-caption aligncenter\"><a href=\"https:\/\/www.brw.pl\/sofa-dwuosobowa-bunio-iii-rozkladana-z-pojemnikiem-zolta,273105\" target=\"_blank\" rel=\"noopener noreferrer\"><img decoding=\"async\" class=\"wp-image-36598 lazyload\" data-src=\"https:\/\/www.brw.pl\/blog\/wp-content\/uploads\/2022\/02\/sofa-dwuosobowa-bunio-iii-rozkladana-z-pojemnikiem-zolta-slargeb.jpg\" alt=\"Sofa Bunio\" width=\"400\" height=\"301\" data-srcset=\"https:\/\/www.brw.pl\/blog\/wp-content\/uploads\/2022\/02\/sofa-dwuosobowa-bunio-iii-rozkladana-z-pojemnikiem-zolta-slargeb.jpg 798w, https:\/\/www.brw.pl\/blog\/wp-content\/uploads\/2022\/02\/sofa-dwuosobowa-bunio-iii-rozkladana-z-pojemnikiem-zolta-slargeb-768x577.jpg 768w\" data-sizes=\"(max-width: 400px) 100vw, 400px\" src=\"data:image\/svg+xml;base64,PHN2ZyB3aWR0aD0iMSIgaGVpZ2h0PSIxIiB4bWxucz0iaHR0cDovL3d3dy53My5vcmcvMjAwMC9zdmciPjwvc3ZnPg==\" style=\"--smush-placeholder-width: 400px; --smush-placeholder-aspect-ratio: 400\/301;\" \/><\/a><figcaption id=\"caption-attachment-36598\" class=\"wp-caption-text\"><a href=\"https:\/\/www.brw.pl\/sofa-dwuosobowa-bunio-iii-rozkladana-z-pojemnikiem-zolta,273105\" target=\"_blank\" rel=\"noopener noreferrer\"><span style=\"font-weight: 400;\">SOFA BUNIO<\/span><\/a><\/figcaption><\/figure>\n<\/div>\n<div>\n<h3>Salon w stylu glamour z kolorystycznym twistem<\/h3>\n<p>Musztardowa sofa Chesterfield to doskona\u0142y wyb\u00f3r do wn\u0119trza w stylu glamour. B\u0119dzie si\u0119 pi\u0119knie prezentowa\u0107 na tle bia\u0142ych \u015bcian zdobionych eleganck\u0105 sztukateri\u0105. Dostaw do niej fotel z tej samej kolekcji i z\u0142oty stolik kawowy, by stworzy\u0107 wyrazisty k\u0105cik wypoczynkowy. \u015aciany udekoruj lustrami w zdobnych ramach, a pod sufitem powie\u015b efektowny \u017cyrandol. Na pod\u0142odze roz\u0142\u00f3\u017c bia\u0142y dywan w czarne, geometryczne wzory, by nada\u0107 wn\u0119trzu nieco bardziej nowoczesny charakter.<\/p>\n<div style=\"display: flex; align-items: center; justify-content: center; text-align: center;\">\n<figure id=\"attachment_36599\" aria-describedby=\"caption-attachment-36599\" style=\"width: 400px\" class=\"wp-caption aligncenter\"><a href=\"https:\/\/www.brw.pl\/fotel-chesterfield-modern-wood-velluto-8,195075\" target=\"_blank\" rel=\"noopener noreferrer\"><img decoding=\"async\" class=\"wp-image-36599 lazyload\" data-src=\"https:\/\/www.brw.pl\/blog\/wp-content\/uploads\/2022\/02\/fotel-chesterfield-modern-wood-velluto-8-slarge-800x468.jpg\" alt=\"Fotel Chesterfield Modern Wood Velluto\" width=\"400\" height=\"234\" data-srcset=\"https:\/\/www.brw.pl\/blog\/wp-content\/uploads\/2022\/02\/fotel-chesterfield-modern-wood-velluto-8-slarge-800x468.jpg 800w, https:\/\/www.brw.pl\/blog\/wp-content\/uploads\/2022\/02\/fotel-chesterfield-modern-wood-velluto-8-slarge-768x450.jpg 768w, https:\/\/www.brw.pl\/blog\/wp-content\/uploads\/2022\/02\/fotel-chesterfield-modern-wood-velluto-8-slarge.jpg 830w\" data-sizes=\"(max-width: 400px) 100vw, 400px\" src=\"data:image\/svg+xml;base64,PHN2ZyB3aWR0aD0iMSIgaGVpZ2h0PSIxIiB4bWxucz0iaHR0cDovL3d3dy53My5vcmcvMjAwMC9zdmciPjwvc3ZnPg==\" style=\"--smush-placeholder-width: 400px; --smush-placeholder-aspect-ratio: 400\/234;\" \/><\/a><figcaption id=\"caption-attachment-36599\" class=\"wp-caption-text\"><a href=\"https:\/\/www.brw.pl\/fotel-chesterfield-modern-wood-velluto-8,195075\" target=\"_blank\" rel=\"noopener noreferrer\"><span style=\"font-weight: 400;\">FOTEL CHESTERFIELD MODERN WOOD-VELLUTO<\/span><\/a><\/figcaption><\/figure>\n<figure id=\"attachment_36600\" aria-describedby=\"caption-attachment-36600\" style=\"width: 400px\" class=\"wp-caption aligncenter\"><a href=\"https:\/\/www.brw.pl\/sofa-trzyosobowa-chesterfield-modern-wood-velluto-8,195128\" target=\"_blank\" rel=\"noopener noreferrer\"><img decoding=\"async\" class=\"wp-image-36600 lazyload\" data-src=\"https:\/\/www.brw.pl\/blog\/wp-content\/uploads\/2022\/02\/sofa-trzyosobowa-chesterfield-modern-wood-velluto-8-slarge-800x468.jpg\" alt=\"Sofa trzyosobowa Chesterfield Modern Wood Velluto\" width=\"400\" height=\"234\" data-srcset=\"https:\/\/www.brw.pl\/blog\/wp-content\/uploads\/2022\/02\/sofa-trzyosobowa-chesterfield-modern-wood-velluto-8-slarge-800x468.jpg 800w, https:\/\/www.brw.pl\/blog\/wp-content\/uploads\/2022\/02\/sofa-trzyosobowa-chesterfield-modern-wood-velluto-8-slarge-768x450.jpg 768w, https:\/\/www.brw.pl\/blog\/wp-content\/uploads\/2022\/02\/sofa-trzyosobowa-chesterfield-modern-wood-velluto-8-slarge.jpg 830w\" data-sizes=\"(max-width: 400px) 100vw, 400px\" src=\"data:image\/svg+xml;base64,PHN2ZyB3aWR0aD0iMSIgaGVpZ2h0PSIxIiB4bWxucz0iaHR0cDovL3d3dy53My5vcmcvMjAwMC9zdmciPjwvc3ZnPg==\" style=\"--smush-placeholder-width: 400px; --smush-placeholder-aspect-ratio: 400\/234;\" \/><\/a><figcaption id=\"caption-attachment-36600\" class=\"wp-caption-text\"><a href=\"https:\/\/www.brw.pl\/sofa-trzyosobowa-chesterfield-modern-wood-velluto-8,195128\" target=\"_blank\" rel=\"noopener noreferrer\"><span style=\"font-weight: 400;\">SOFA CHESTERFIELD MODERN WOOD-VELLUTO<\/span><\/a><\/figcaption><\/figure>\n<\/div>\n<h3>Wn\u0119trze industrialne w sosie musztardowym<\/h3>\n<p>Musztardowy kolor prostej w formie kanapy ociepli pomieszczenie w stylu industrialnym. Barwa ta b\u0119dzie bardzo dobrze wsp\u00f3\u0142gra\u0107 z betonow\u0105 lub ceglan\u0105 \u015bcian\u0105. Do salonu wybierz czarne stylowe meble: wysoki rega\u0142 na ksi\u0105\u017cki, szafk\u0119 RTV, okr\u0105g\u0142y stolik kawowy. Dobierz puf \u2013 czarny lub granatowy.<\/p>\n<p>Je\u015bli dysponujesz wi\u0119ksz\u0105 przestrzeni\u0105, na przyk\u0142ad pod schodami, zaaran\u017cuj tam k\u0105cik czytelniczy z musztardowym fotelem w roli g\u0142\u00f3wnej. Ustawiony w wi\u0119kszej odleg\u0142o\u015bci od kanapy b\u0119dzie korespondowa\u0142 z jej kolorem, ale nie przyt\u0142oczy wn\u0119trza i nie odbierze mu surowego charakteru.<\/p>\n<figure id=\"attachment_9605\" aria-describedby=\"caption-attachment-9605\" style=\"width: 720px\" class=\"wp-caption aligncenter\"><img decoding=\"async\" class=\"size-full wp-image-9605 lazyload\" data-src=\"https:\/\/www.brw.pl\/blog\/wp-content\/uploads\/2017\/10\/Fotel-Casey-musztardowy.jpg\" alt=\"\" width=\"720\" height=\"483\" src=\"data:image\/svg+xml;base64,PHN2ZyB3aWR0aD0iMSIgaGVpZ2h0PSIxIiB4bWxucz0iaHR0cDovL3d3dy53My5vcmcvMjAwMC9zdmciPjwvc3ZnPg==\" style=\"--smush-placeholder-width: 720px; --smush-placeholder-aspect-ratio: 720\/483;\" \/><figcaption id=\"caption-attachment-9605\" class=\"wp-caption-text\"><a href=\"https:\/\/www.brw.pl\/fotel-casey,31390\" target=\"_blank\" rel=\"noopener noreferrer\">Fotel Casey<\/a> \u2013 welur w intensywnym kolorze b\u0119dzie prawdziw\u0105 gwiazd\u0105 pomieszczenia<\/figcaption><\/figure>\n<div style=\"display: flex; align-items: center; justify-content: center; text-align: center;\">\n<figure id=\"attachment_36601\" aria-describedby=\"caption-attachment-36601\" style=\"width: 400px\" class=\"wp-caption aligncenter\"><a href=\"https:\/\/www.brw.pl\/sofa-kamari,53625\" target=\"_blank\" rel=\"noopener noreferrer\"><img decoding=\"async\" class=\"wp-image-36601 lazyload\" data-src=\"https:\/\/www.brw.pl\/blog\/wp-content\/uploads\/2022\/02\/sofa-kamari-slargea.jpg\" alt=\"Sofa Kamari\" width=\"400\" height=\"301\" data-srcset=\"https:\/\/www.brw.pl\/blog\/wp-content\/uploads\/2022\/02\/sofa-kamari-slargea.jpg 798w, https:\/\/www.brw.pl\/blog\/wp-content\/uploads\/2022\/02\/sofa-kamari-slargea-768x577.jpg 768w\" data-sizes=\"(max-width: 400px) 100vw, 400px\" src=\"data:image\/svg+xml;base64,PHN2ZyB3aWR0aD0iMSIgaGVpZ2h0PSIxIiB4bWxucz0iaHR0cDovL3d3dy53My5vcmcvMjAwMC9zdmciPjwvc3ZnPg==\" style=\"--smush-placeholder-width: 400px; --smush-placeholder-aspect-ratio: 400\/301;\" \/><\/a><figcaption id=\"caption-attachment-36601\" class=\"wp-caption-text\"><a href=\"https:\/\/www.brw.pl\/sofa-kamari,53625\" target=\"_blank\" rel=\"noopener noreferrer\"><span style=\"font-weight: 400;\">SOFA KAMARI<\/span><\/a><\/figcaption><\/figure>\n<\/div>\n<h2><strong>Jakie tekstury i tkaniny najlepsze w przypadku musztardowej kanapy do salonu?<\/strong><\/h2>\n<p>Kolor to tylko jedna z istotnych cech kanapy, drug\u0105 jest jej materia\u0142 obiciowy. Jaka tapicerka najlepiej zaprezentuje si\u0119 w musztardowej wersji?<\/p>\n<p>Ogromnym zainteresowaniem w ostatnich sezonach ciesz\u0105 si\u0119 <strong>meble tapicerowane\u00a0w modnych tkaninach sztruksowych<\/strong>. Sztruks prze\u017cywa dzi\u015b prawdziwy renesans! Cho\u0107 szczyt jego popularno\u015bci przypada\u0142 na lata 70. i 80. ubieg\u0142ego wieku, dzi\u015b powraca w wielkim stylu. Sztruksowe kanapy s\u0105 bardzo funkcjonalne: tkanina cechuje si\u0119 du\u017c\u0105 wytrzyma\u0142o\u015bci\u0105 i odporno\u015bci\u0105 na \u015bcieranie. Charakterystyczne pr\u0105\u017cki i musztardowy odcie\u0144 stworz\u0105 wyj\u0105tkowo dekoracyjny duet. Taki wypoczynek \u015bmia\u0142o mo\u017ce sta\u0107 si\u0119 centralnym punktem salonu.<\/p>\n<p>Decyduj\u0105c si\u0119 na sof\u0119 w kolorze musztardy, <strong>mo\u017cesz wybiera\u0107 te\u017c spo\u015br\u00f3d welur\u00f3w i aksamit\u00f3w<\/strong>. Idealnie g\u0142adkie welwetowe tkaniny prezentuj\u0105 si\u0119 bardzo elegancko \u2013\u00a0 b\u0119d\u0105 dobrym uzupe\u0142nieniem aran\u017cacji w stylu glamour czy modnego stylu glam loft. W po\u0142\u0105czeniu z ciemnym, szlachetnym odcieniem \u017c\u00f3\u0142tego zyskaj\u0105 nowy, dynamiczny charakter.<\/p>\n<p>Ciekaw\u0105 alternatyw\u0105 dla welwet\u00f3w s\u0105 tkaniny \u017cakardowe. Wzorzysty materia\u0142 o wysokiej gramaturze to wyj\u0105tkowo elegancka propozycja. <strong>\u017bakard w musztardowym kolorze b\u0119dzie znakomit\u0105 ozdob\u0105 aran\u017cacji w stylu vintage, retro lub klasycznych<\/strong>.<\/p>\n<h2><strong>Nowoczesna kanapa w odcieniu musztardowym \u2013 na jakie szczeg\u00f3\u0142y zwr\u00f3ci\u0107 uwag\u0119 przy zakupie?<\/strong><\/h2>\n<p>Je\u015bli sofa w Twoim salonie ma by\u0107 czym\u015b wi\u0119cej ni\u017c tylko ozdob\u0105, zwr\u00f3\u0107 uwag\u0119 na dodatkowe funkcje, kt\u00f3re u\u0142atwi\u0105 i uprzyjemni\u0105 codzienne korzystanie z mebla.<\/p>\n<p>Do salonu, kt\u00f3ry noc\u0105 zamienia si\u0119 w sypialni\u0119 lub pok\u00f3j go\u015bcinny, warto wybra\u0107 <strong>wygodn\u0105 kanap\u0119 z funkcj\u0105 spania, wyposa\u017con\u0105 w spr\u0119\u017cyny typu bonell<\/strong>.\u00a0 Funkcjonalno\u015b\u0107 sofy zwi\u0119kszy automat wspomagaj\u0105cy rozk\u0142adanie \u2013 przyda si\u0119 zw\u0142aszcza w sytuacjach, gdy z opcji spania korzystasz na co dzie\u0144. Potrzebujesz dodatkowego miejsca na po\u015bciel? Zanim zam\u00f3wisz mebel, upewnij si\u0119, \u017ce pod siedziskiem znajduje si\u0119 pojemnik na poduszki, ko\u0142dr\u0119 lub koc.<\/p>\n<p>Wielofunkcyjne meble wypoczynkowe to r\u00f3wnie\u017c naro\u017cniki, kt\u00f3re gwarantuj\u0105 wysoki komfort siedzenia. Opr\u00f3cz modnego designu oferuj\u0105 stabilne podparcie dla plec\u00f3w, elektrycznie wysuwane siedziska, przesuwane oparcia, regulowane zag\u0142\u00f3wki i pod\u0142okietniki. Udogodnienia tego rodzaju sprawi\u0105, \u017ce kanapa b\u0119dzie nie tylko cieszy\u0107 oko, ale te\u017c pozwoli Ci si\u0119 odpr\u0119\u017cy\u0107 po m\u0119cz\u0105cym dniu. Zainwestuj w nie, je\u015bli marzy Ci si\u0119 prawdziwy relaks w domowym zaciszu.<\/p>\n<p>Kanapa w kolorze musztardowym to spos\u00f3b na modne, harmonijne i niesamowicie efektowne wn\u0119trze. <strong>Wybierz model, kt\u00f3ry idealnie podkre\u015bli styl i charakter Twojego salonu, w sklepie internetowym Black Red White.<\/strong><\/p>\n<\/div>\n","protected":false},"excerpt":{"rendered":"<p>Musztardowa sofa to bardzo modny i popularny element aran\u017cacji salonu. Dzi\u0119ki niej mo\u017cesz stworzy\u0107 wn\u0119trze o ciep\u0142ym i wyj\u0105tkowo przytulnym charakterze, kt\u00f3re zachwyci niebanaln\u0105 kolorystyk\u0105. Poszukujesz odwa\u017cnych, a jednocze\u015bnie harmonijnych rozwi\u0105za\u0144? Sofa w kolorze musztardowym to propozycja idealna dla Ciebie. Dowiedz si\u0119, jak j\u0105 ogra\u0107 w aran\u017cacji!<\/p>\n","protected":false},"author":18,"featured_media":21990,"comment_status":"closed","ping_status":"open","sticky":false,"template":"","format":"standard","meta":{"footnotes":""},"categories":[39,28,735,572],"tags":[],"aioseo_notices":[],"_links":{"self":[{"href":"https:\/\/www.brw.pl\/blog\/wp-json\/wp\/v2\/posts\/22214"}],"collection":[{"href":"https:\/\/www.brw.pl\/blog\/wp-json\/wp\/v2\/posts"}],"about":[{"href":"https:\/\/www.brw.pl\/blog\/wp-json\/wp\/v2\/types\/post"}],"author":[{"embeddable":true,"href":"https:\/\/www.brw.pl\/blog\/wp-json\/wp\/v2\/users\/18"}],"replies":[{"embeddable":true,"href":"https:\/\/www.brw.pl\/blog\/wp-json\/wp\/v2\/comments?post=22214"}],"version-history":[{"count":8,"href":"https:\/\/www.brw.pl\/blog\/wp-json\/wp\/v2\/posts\/22214\/revisions"}],"predecessor-version":[{"id":36602,"href":"https:\/\/www.brw.pl\/blog\/wp-json\/wp\/v2\/posts\/22214\/revisions\/36602"}],"wp:featuredmedia":[{"embeddable":true,"href":"https:\/\/www.brw.pl\/blog\/wp-json\/wp\/v2\/media\/21990"}],"wp:attachment":[{"href":"https:\/\/www.brw.pl\/blog\/wp-json\/wp\/v2\/media?parent=22214"}],"wp:term":[{"taxonomy":"category","embeddable":true,"href":"https:\/\/www.brw.pl\/blog\/wp-json\/wp\/v2\/categories?post=22214"},{"taxonomy":"post_tag","embeddable":true,"href":"https:\/\/www.brw.pl\/blog\/wp-json\/wp\/v2\/tags?post=22214"}],"curies":[{"name":"wp","href":"https:\/\/api.w.org\/{rel}","templated":true}]}}