{"id":22358,"date":"2022-03-18T16:36:20","date_gmt":"2022-03-18T15:36:20","guid":{"rendered":"https:\/\/www.brw.pl\/blog\/?p=22358"},"modified":"2024-10-03T09:50:12","modified_gmt":"2024-10-03T07:50:12","slug":"jak-laczyc-kolory-w-mieszkaniu-praktyczny-poradnik-brw","status":"publish","type":"post","link":"https:\/\/www.brw.pl\/blog\/jak-laczyc-kolory-w-mieszkaniu-praktyczny-poradnik-brw\/","title":{"rendered":"Jak \u0142\u0105czy\u0107 kolory w mieszkaniu?"},"content":{"rendered":"<p><strong>Chocia\u017c trendy kolorystyczne zmieniaj\u0105 si\u0119 niemal co roku, to odpowiednio zestawione barwy mog\u0105 dobrze wygl\u0105da\u0107 przez wiele lat. Chcesz dowiedzie\u0107 si\u0119, jak dobra\u0107 kolory \u015bcian i mebli na podstawie niezawodnego ko\u0142a barw? Poznaj pomys\u0142y na \u0142\u0105czenie kolor\u00f3w i kilka sprawdzonych zasad, kt\u00f3re pomog\u0105 Ci wykreowa\u0107 harmonijn\u0105 i przyjazn\u0105 dla domownik\u00f3w przestrze\u0144!<\/strong><!--more--><\/p>\n<p><img decoding=\"async\" class=\"size-medium wp-image-22360 aligncenter lazyload\" data-src=\"https:\/\/www.brw.pl\/blog\/wp-content\/uploads\/2022\/03\/jak-\u0142\u0105czy\u0107-kolory-we-wn\u0119trzu-800x633.jpg\" alt=\"Jak \u0142\u0105czy\u0107 kolory w mieszkaniu?\" width=\"800\" height=\"633\" data-srcset=\"https:\/\/www.brw.pl\/blog\/wp-content\/uploads\/2022\/03\/jak-\u0142\u0105czy\u0107-kolory-we-wn\u0119trzu-800x633.jpg 800w, https:\/\/www.brw.pl\/blog\/wp-content\/uploads\/2022\/03\/jak-\u0142\u0105czy\u0107-kolory-we-wn\u0119trzu-768x608.jpg 768w, https:\/\/www.brw.pl\/blog\/wp-content\/uploads\/2022\/03\/jak-\u0142\u0105czy\u0107-kolory-we-wn\u0119trzu.jpg 1365w\" data-sizes=\"(max-width: 800px) 100vw, 800px\" src=\"data:image\/svg+xml;base64,PHN2ZyB3aWR0aD0iMSIgaGVpZ2h0PSIxIiB4bWxucz0iaHR0cDovL3d3dy53My5vcmcvMjAwMC9zdmciPjwvc3ZnPg==\" style=\"--smush-placeholder-width: 800px; --smush-placeholder-aspect-ratio: 800\/633;\" \/><\/p>\n<h2>Sztuka \u0142\u0105czenia kolor\u00f3w w mieszkaniu<\/h2>\n<p>Prawid\u0142owe po\u0142\u0105czenie kolor\u00f3w w mieszkaniu jest podstaw\u0105 udanej aran\u017cacji. Dobrze dobrane barwy wp\u0142ywaj\u0105 te\u017c na samopoczucie domownik\u00f3w. W zale\u017cno\u015bci od charakteru pomieszczenia mo\u017cesz wykreowa\u0107 przestrze\u0144 do wyciszenia i odpoczynku (dobrym pomys\u0142em jest sypialnia w odcieniach uspokajaj\u0105cego niebieskiego), a nawet pobudzi\u0107 apetyt\u00a0\u2013 podobno w\u0142a\u015bnie takie w\u0142a\u015bciwo\u015bci ma intensywny pomara\u0144czowy. Odpowiednio dobrane barwy ciep\u0142e lub zimne mog\u0105 tak\u017ce optycznie powi\u0119kszy\u0107 i zmniejszy\u0107 pomieszczenie. Jak wykorzysta\u0107 te w\u0142a\u015bciwo\u015bci w swoim domu?<\/p>\n<h2>Jak \u0142\u0105czy\u0107 kolory \u015bcian?<\/h2>\n<p>Wybieraj\u0105c kolory \u015bcian, w pierwszej kolejno\u015bci zastan\u00f3w si\u0119 nad cechami pomieszczenia, kt\u00f3re chcesz wyeksponowa\u0107 lub skorygowa\u0107. Zwr\u00f3\u0107 uwag\u0119 na wielko\u015b\u0107 i poziom o\u015bwietlenia. Czy warto optycznie powi\u0119kszy\u0107 lub rozja\u015bni\u0107 pok\u00f3j? W takim celu wykorzystaj barwy jasne. Natomiast je\u015bli chcesz osi\u0105gn\u0105\u0107 bardziej kameralny i przytulny klimat, si\u0119gnij po ciemne farby.<\/p>\n<p>Istotne jest tak\u017ce przeznaczenie wn\u0119trza, kt\u00f3re pomo\u017ce zdecydowa\u0107, czy wybra\u0107 zimne, czy ciep\u0142e barwy. Inne kolory \u015bcian podkre\u015bl\u0105 radosny charakter pokoju dzieci\u0119cego, a inne wypoczynkowy klimat sypialni. <strong>Pomalowanie \u015bcian na kolory ciep\u0142e mo\u017ce optycznie zmniejszy\u0107 wn\u0119trze, a na zimne \u2013 powi\u0119kszy\u0107 je.<\/strong><\/p>\n<p>Prawid\u0142owe \u0142\u0105czenie kolor\u00f3w \u015bcian pozytywnie wp\u0142ynie na odbi\u00f3r wn\u0119trza i optycznie skoryguje jego wielko\u015b\u0107 lub kszta\u0142t. <strong>Je\u015bli marzysz o wyrazistym efekcie g\u0142\u0119bi, pomaluj jedn\u0105 \u015bcian\u0119 mocn\u0105 barw\u0105, a inne na do\u015b\u0107 neutralny kolor<\/strong> (idealne b\u0119d\u0105 odcienie be\u017cu lub szaro\u015bci). Mo\u017cesz tak\u017ce pomalowa\u0107 ca\u0142\u0105 powierzchni\u0119 \u015bcian dwoma poziomymi pasami kolor\u00f3w na wz\u00f3r boazerii angielskiej, uzyskasz w\u00f3wczas wra\u017cenie poszerzenia pokoju.<\/p>\n<p><strong>Du\u017ce pole do popisu pozostawia tak\u017ce wyb\u00f3r koloru sufitu.<\/strong> Je\u015bli pomalujesz go kolorem ja\u015bniejszym od pozosta\u0142ych \u015bcian, wyda si\u0119 podniesiony. Natomiast je\u015bli pokryjesz go barw\u0105 ciemniejsz\u0105, pozornie obni\u017cysz pok\u00f3j (efekt ten jeszcze bardziej podkre\u015blisz, maluj\u0105c na g\u00f3rze \u015bcian pas w kolorze sufitu). Przy takim rozwi\u0105zaniu unikaj jednak czerni, kt\u00f3ra stworzy wra\u017cenie g\u0142\u0119bi i du\u017cej wysoko\u015bci pokoju.<\/p>\n<h2>Jak \u0142\u0105czy\u0107 kolory w domu? O tym pami\u0119taj!<\/h2>\n<p>Odpowiednie zestawienia kolor\u00f3w \u015bcian i sufit\u00f3w to jedynie niewielki element harmonijnej aran\u017cacji wn\u0119trz. Istotny jest tak\u017ce dob\u00f3r barw pod\u0142ogi, mebli i tekstyli\u00f3w. Pami\u0119taj, by wybrane odcienie \u0142\u0105czy\u0107 z umiarem. Zbytni chaos i wielo\u015b\u0107 barw mo\u017ce przyt\u0142oczy\u0107 i negatywnie wp\u0142yn\u0105\u0107 na ostateczny odbi\u00f3r pomieszczenia. Dobrym pomys\u0142em jest postawienie na neutralny kolor \u015bcian (odcienie bieli, szaro\u015bci lub be\u017cu) i o\u017cywienie go bardziej nasyconymi akcentami. W tym celu wykorzystaj dwie, maksymalnie trzy intensywne barwy przewodnie.<\/p>\n<p>Aby uzyska\u0107 nieco odwa\u017cniejsze i bardzo efektowne \u0142\u0105czenie kolor\u00f3w, mo\u017cesz skorzysta\u0107 z ko\u0142a barw. <strong>Najlepiej dobiera\u0107 kolory kontrastuj\u0105ce<\/strong> (to te u\u0142o\u017cone po przeciwnej stronie na kole barw) <strong>lub podobne<\/strong> (le\u017c\u0105ce obok siebie). Mo\u017cesz stworzy\u0107 tak\u017ce ca\u0142kiem <strong>monochromatyczne wn\u0119trze,<\/strong> czyli zastosowa\u0107 tylko jeden kolor, ale w wielu odcieniach. Pami\u0119taj jednak, \u017ce nawet takie po\u0142\u0105czenie barw warto o\u017cywi\u0107 intensywnymi akcentami (mog\u0105 to by\u0107 zar\u00f3wno kolory dope\u0142niaj\u0105ce, jak i wyraziste kolory podstawowe).<\/p>\n<h3>Szaro\u015b\u0107 w monochromatycznym wydaniu<\/h3>\n<p>Monochromatyczne po\u0142\u0105czenie szarych odcieni to spos\u00f3b na neutraln\u0105, a jednocze\u015bnie bardzo efektown\u0105 przestrze\u0144. Dodanie akcent\u00f3w w kolorze butelkowej zieleni uczyni j\u0105 jeszcze bardziej eleganck\u0105.<\/p>\n<p>T\u0142em do takiej aran\u017cacji mog\u0105 by\u0107 delikatnie szare lub bia\u0142e \u015bciany. Je\u015bli chcesz doda\u0107 wn\u0119trzu g\u0142\u0119bi i przytulno\u015bci, dobrze by jedna z nich by\u0142a nieco ciemniejsza i utrzymana w ciep\u0142ej tonacji. Postaw przy niej szar\u0105 sof\u0119 i butelkowozielony puf. Mo\u017cesz umie\u015bci\u0107 je na du\u017cym szarym dywanie. Pok\u00f3j wzboga\u0107 o jasne meble. Dobrze sprawdzi si\u0119 bia\u0142a <a href=\"https:\/\/www.brw.pl\/meble\/szafy\/\" target=\"_blank\" rel=\"noopener noreferrer\">szafa<\/a> lub komoda. Dodaj tekstylia, kt\u00f3re prze\u0142ami\u0105 barwn\u0105 monotoni\u0119\u00a0\u2013 mo\u017cesz wybra\u0107 wzorzyste <a href=\"https:\/\/www.brw.pl\/tekstylia\/poduszki-dekoracyjne\/\" target=\"_blank\" rel=\"noopener noreferrer\">poduszki<\/a> i dekoracyjne <a href=\"https:\/\/www.brw.pl\/tekstylia\/wystroj-okien\/\" target=\"_blank\" rel=\"noopener noreferrer\">zas\u0142ony i firanki<\/a>.<\/p>\n<div style=\"display: flex; align-items: center; justify-content: center; text-align: center;\">\n<figure id=\"attachment_6838\" aria-describedby=\"caption-attachment-6838\" style=\"width: 285px\" class=\"wp-caption alignnone\"><img decoding=\"async\" class=\"wp-image-6838 lazyload\" data-src=\"https:\/\/www.brw.pl\/blog\/wp-content\/uploads\/2019\/09\/Sofa-Maxime-800x601.jpg\" alt=\"Sofa Maxime\" width=\"285\" height=\"214\" data-srcset=\"https:\/\/www.brw.pl\/blog\/wp-content\/uploads\/2019\/09\/Sofa-Maxime-800x601.jpg 800w, https:\/\/www.brw.pl\/blog\/wp-content\/uploads\/2019\/09\/Sofa-Maxime-768x577.jpg 768w, https:\/\/www.brw.pl\/blog\/wp-content\/uploads\/2019\/09\/Sofa-Maxime.jpg 1438w\" data-sizes=\"(max-width: 285px) 100vw, 285px\" src=\"data:image\/svg+xml;base64,PHN2ZyB3aWR0aD0iMSIgaGVpZ2h0PSIxIiB4bWxucz0iaHR0cDovL3d3dy53My5vcmcvMjAwMC9zdmciPjwvc3ZnPg==\" style=\"--smush-placeholder-width: 285px; --smush-placeholder-aspect-ratio: 285\/214;\" \/><figcaption id=\"caption-attachment-6838\" class=\"wp-caption-text\"><a href=\"https:\/\/www.brw.pl\/sofa-maxime,35521\" target=\"_blank\" rel=\"noopener noreferrer\">Sofa Maxime<\/a><\/figcaption><\/figure>\n<figure id=\"attachment_2285\" aria-describedby=\"caption-attachment-2285\" style=\"width: 162px\" class=\"wp-caption alignnone\"><img decoding=\"async\" class=\"wp-image-2285 lazyload\" data-src=\"https:\/\/www.brw.pl\/blog\/wp-content\/uploads\/2017\/01\/Obraz2-605x800.jpg\" alt=\"Black Red White, zas\u0142ona dekoracyjna Copenhague, 99,99 z\u0142\" width=\"162\" height=\"214\" data-srcset=\"https:\/\/www.brw.pl\/blog\/wp-content\/uploads\/2017\/01\/Obraz2-605x800.jpg 605w, https:\/\/www.brw.pl\/blog\/wp-content\/uploads\/2017\/01\/Obraz2-768x1016.jpg 768w, https:\/\/www.brw.pl\/blog\/wp-content\/uploads\/2017\/01\/Obraz2-774x1024.jpg 774w, https:\/\/www.brw.pl\/blog\/wp-content\/uploads\/2017\/01\/Obraz2.jpg 816w\" data-sizes=\"(max-width: 162px) 100vw, 162px\" src=\"data:image\/svg+xml;base64,PHN2ZyB3aWR0aD0iMSIgaGVpZ2h0PSIxIiB4bWxucz0iaHR0cDovL3d3dy53My5vcmcvMjAwMC9zdmciPjwvc3ZnPg==\" style=\"--smush-placeholder-width: 162px; --smush-placeholder-aspect-ratio: 162\/214;\" \/><figcaption id=\"caption-attachment-2285\" class=\"wp-caption-text\"><a href=\"https:\/\/www.brw.pl\/zaslona-copenhague,13730\" target=\"_blank\" rel=\"noopener noreferrer\">Zas\u0142ona dekoracyjna Copenhague<\/a><\/figcaption><\/figure>\n<\/div>\n<h3>Po\u0142\u0105czenie odcieni s\u0105siaduj\u0105cych na kole barw<\/h3>\n<p>Barwy znajduj\u0105ce si\u0119 obok siebie na kole barw doskonale ze sob\u0105 wsp\u00f3\u0142graj\u0105. Je\u015bli wybierzesz kolory ciep\u0142e, uzyskasz bardzo energetyczn\u0105 przestrze\u0144. Postaw na czerwie\u0144, r\u00f3\u017c i fiolet! W takim pokoju dobrze sprawdz\u0105 si\u0119 be\u017cowe \u015bciany. Wybierz delikatnie r\u00f3\u017cow\u0105 <a href=\"https:\/\/www.brw.pl\/meble\/meble-wypoczynkowe\/sofy\/\" target=\"_blank\" rel=\"noopener noreferrer\">sof\u0119<\/a> lub \u0142\u00f3\u017cko z r\u00f3\u017cowym zag\u0142\u00f3wkiem. Dodaj bordowe akcenty: poduszki i dywan. Dobrze sprawdzi si\u0119 tak\u017ce jasna firanka lub zas\u0142ona lekko wpadaj\u0105ca w fiolet. Je\u015bli szukasz nowoczesnych rozwi\u0105za\u0144, dodaj metalowe akcenty lub grafitowe meble.<\/p>\n<div style=\"display: flex; align-items: center; justify-content: center; text-align: center;\">\n<figure id=\"attachment_21987\" aria-describedby=\"caption-attachment-21987\" style=\"width: 285px\" class=\"wp-caption alignnone\"><img decoding=\"async\" class=\"wp-image-21987 lazyload\" data-src=\"https:\/\/www.brw.pl\/blog\/wp-content\/uploads\/2022\/02\/Poduszka-Crane.jpg\" alt=\"Poduszka Crane\" width=\"285\" height=\"214\" src=\"data:image\/svg+xml;base64,PHN2ZyB3aWR0aD0iMSIgaGVpZ2h0PSIxIiB4bWxucz0iaHR0cDovL3d3dy53My5vcmcvMjAwMC9zdmciPjwvc3ZnPg==\" style=\"--smush-placeholder-width: 285px; --smush-placeholder-aspect-ratio: 285\/214;\" \/><figcaption id=\"caption-attachment-21987\" class=\"wp-caption-text\"><a href=\"https:\/\/www.brw.pl\/poduszka-dekoracyjna-crane,40880\" target=\"_blank\" rel=\"noopener noreferrer\">Poduszka dekoracyjna Crane<\/a><\/figcaption><\/figure>\n<\/div>\n<h3>Kontrastuj\u0105ce kolory farb i mebli<\/h3>\n<p>Lubisz odwa\u017cne kolory we wn\u0119trzach? Wybierz kontrastowe zestawienie. W tym celu wykorzystaj kolory po\u0142o\u017cone naprzeciwko siebie na kole barw.<\/p>\n<p>Niebieski naro\u017cnik lub kanapa i musztardowe dodatki b\u0119d\u0105 bardzo wyrazistymi elementami we wn\u0119trzu. Umie\u015b\u0107 je na neutralnym tle, by zr\u00f3wnowa\u017cy\u0107 aran\u017cacj\u0119. W tej roli dobrze sprawdzi si\u0119 biel lub szaro\u015b\u0107. Mo\u017cesz te\u017c zaszale\u0107 i na jednej \u015bcianie wykorzysta\u0107 kolor bordowy, dobrze b\u0119dzie wygl\u0105da\u0107 zar\u00f3wno \u015bciana pomalowana farb\u0105, jak i wy\u0142o\u017cona dekoracyjn\u0105 ceg\u0142\u0105.<\/p>\n<div style=\"display: flex; align-items: center; justify-content: center; text-align: center;\">\n<figure id=\"attachment_15947\" aria-describedby=\"caption-attachment-15947\" style=\"width: 285px\" class=\"wp-caption alignnone\"><img decoding=\"async\" class=\"wp-image-15947 lazyload\" data-src=\"https:\/\/www.brw.pl\/blog\/wp-content\/uploads\/2021\/01\/velvet.jpg\" alt=\"velvet\" width=\"285\" height=\"214\" src=\"data:image\/svg+xml;base64,PHN2ZyB3aWR0aD0iMSIgaGVpZ2h0PSIxIiB4bWxucz0iaHR0cDovL3d3dy53My5vcmcvMjAwMC9zdmciPjwvc3ZnPg==\" style=\"--smush-placeholder-width: 285px; --smush-placeholder-aspect-ratio: 285\/214;\" \/><figcaption id=\"caption-attachment-15947\" class=\"wp-caption-text\"><a href=\"https:\/\/www.brw.pl\/poduszka-dekoracyjna-velvet,12711\">Poduszka dekoracyjna Velvet<\/a><\/figcaption><\/figure>\n<figure id=\"attachment_5405\" aria-describedby=\"caption-attachment-5405\" style=\"width: 285px\" class=\"wp-caption alignnone\"><img decoding=\"async\" class=\"wp-image-5405 lazyload\" data-src=\"https:\/\/www.brw.pl\/blog\/wp-content\/uploads\/2019\/05\/szafa-gent-kolor-dab-stirling-28072-xlarge-800x601.jpg\" alt=\"Szafa Gent\" width=\"285\" height=\"214\" data-srcset=\"https:\/\/www.brw.pl\/blog\/wp-content\/uploads\/2019\/05\/szafa-gent-kolor-dab-stirling-28072-xlarge-800x601.jpg 800w, https:\/\/www.brw.pl\/blog\/wp-content\/uploads\/2019\/05\/szafa-gent-kolor-dab-stirling-28072-xlarge-768x577.jpg 768w, https:\/\/www.brw.pl\/blog\/wp-content\/uploads\/2019\/05\/szafa-gent-kolor-dab-stirling-28072-xlarge.jpg 1438w\" data-sizes=\"(max-width: 285px) 100vw, 285px\" src=\"data:image\/svg+xml;base64,PHN2ZyB3aWR0aD0iMSIgaGVpZ2h0PSIxIiB4bWxucz0iaHR0cDovL3d3dy53My5vcmcvMjAwMC9zdmciPjwvc3ZnPg==\" style=\"--smush-placeholder-width: 285px; --smush-placeholder-aspect-ratio: 285\/214;\" \/><figcaption id=\"caption-attachment-5405\" class=\"wp-caption-text\"><a href=\"https:\/\/www.brw.pl\/szafa-gent,12898\" target=\"_blank\" rel=\"noopener noreferrer\">Szafa Gent<\/a><\/figcaption><\/figure>\n<\/div>\n<p>\u0141\u0105czenie r\u00f3\u017cnych kolor\u00f3w farb i mebli w jednym wn\u0119trzu to wyzwanie. Je\u015bli jednak dobrze je przemy\u015blisz, mo\u017ce by\u0107 doskona\u0142ym sposobem na niepowtarzaln\u0105 i bardzo przyjemn\u0105 dla zmys\u0142\u00f3w wizualn\u0105 uczt\u0119.<\/p>\n<p><strong>Produkt\u00f3w, dzi\u0119ki kt\u00f3rym skutecznie urozmaicisz palet\u0119 barw w Twoim mieszkaniu, szukaj w sklepie internetowym Black Red White!<\/strong><\/p>\n","protected":false},"excerpt":{"rendered":"<p>Chocia\u017c trendy kolorystyczne zmieniaj\u0105 si\u0119 niemal co roku, to odpowiednio zestawione barwy mog\u0105 dobrze wygl\u0105da\u0107 przez wiele lat. Chcesz dowiedzie\u0107 si\u0119, jak dobra\u0107 kolory \u015bcian i mebli na podstawie niezawodnego ko\u0142a barw? Poznaj pomys\u0142y na \u0142\u0105czenie kolor\u00f3w i kilka sprawdzonych zasad, kt\u00f3re pomog\u0105 Ci wykreowa\u0107 harmonijn\u0105 i przyjazn\u0105 dla domownik\u00f3w przestrze\u0144!<\/p>\n","protected":false},"author":18,"featured_media":22360,"comment_status":"closed","ping_status":"open","sticky":false,"template":"","format":"standard","meta":{"footnotes":""},"categories":[574],"tags":[],"aioseo_notices":[],"_links":{"self":[{"href":"https:\/\/www.brw.pl\/blog\/wp-json\/wp\/v2\/posts\/22358"}],"collection":[{"href":"https:\/\/www.brw.pl\/blog\/wp-json\/wp\/v2\/posts"}],"about":[{"href":"https:\/\/www.brw.pl\/blog\/wp-json\/wp\/v2\/types\/post"}],"author":[{"embeddable":true,"href":"https:\/\/www.brw.pl\/blog\/wp-json\/wp\/v2\/users\/18"}],"replies":[{"embeddable":true,"href":"https:\/\/www.brw.pl\/blog\/wp-json\/wp\/v2\/comments?post=22358"}],"version-history":[{"count":5,"href":"https:\/\/www.brw.pl\/blog\/wp-json\/wp\/v2\/posts\/22358\/revisions"}],"predecessor-version":[{"id":37452,"href":"https:\/\/www.brw.pl\/blog\/wp-json\/wp\/v2\/posts\/22358\/revisions\/37452"}],"wp:featuredmedia":[{"embeddable":true,"href":"https:\/\/www.brw.pl\/blog\/wp-json\/wp\/v2\/media\/22360"}],"wp:attachment":[{"href":"https:\/\/www.brw.pl\/blog\/wp-json\/wp\/v2\/media?parent=22358"}],"wp:term":[{"taxonomy":"category","embeddable":true,"href":"https:\/\/www.brw.pl\/blog\/wp-json\/wp\/v2\/categories?post=22358"},{"taxonomy":"post_tag","embeddable":true,"href":"https:\/\/www.brw.pl\/blog\/wp-json\/wp\/v2\/tags?post=22358"}],"curies":[{"name":"wp","href":"https:\/\/api.w.org\/{rel}","templated":true}]}}