{"id":23471,"date":"2022-05-24T10:00:57","date_gmt":"2022-05-24T08:00:57","guid":{"rendered":"https:\/\/www.brw.pl\/blog\/?p=23471"},"modified":"2023-02-26T19:39:48","modified_gmt":"2023-02-26T18:39:48","slug":"biala-kuchnia-z-bialym-blatem-minimalistyczna-aranzacja-pelna-elegancji","status":"publish","type":"post","link":"https:\/\/www.brw.pl\/blog\/biala-kuchnia-z-bialym-blatem-minimalistyczna-aranzacja-pelna-elegancji\/","title":{"rendered":"Bia\u0142a kuchnia z bia\u0142ym blatem \u2013 minimalistyczna aran\u017cacja pe\u0142na elegancji"},"content":{"rendered":"<p><strong>Coraz wi\u0119cej os\u00f3b decyduje si\u0119 na bia\u0142e meble kuchenne. S\u0105dzisz, \u017ce taki wyb\u00f3r wynika z braku pomys\u0142u na aran\u017cacj\u0119 kuchni? Jest wr\u0119cz odwrotnie! Bia\u0142a zabudowa dobrze znosi pr\u00f3b\u0119 czasu i doskonale komponuje si\u0119 z ka\u017cdym wn\u0119trzarskim stylem. Jak stworzy\u0107 udany wystr\u00f3j z bia\u0142ymi meblami kuchennymi w roli g\u0142\u00f3wnej? Czytaj dalej!<\/strong><\/p>\n<p><!--more--><\/p>\n<div style=\"display: flex; align-items: center; justify-content: center; text-align: center;\"><img decoding=\"async\" class=\"size-full wp-image-5703 aligncenter lazyload\" data-src=\"https:\/\/www.brw.pl\/blog\/wp-content\/uploads\/2019\/06\/edan_-_bialy_canadian_01-1.jpg\" alt=\"\" width=\"1920\" height=\"1080\" data-srcset=\"https:\/\/www.brw.pl\/blog\/wp-content\/uploads\/2019\/06\/edan_-_bialy_canadian_01-1.jpg 1920w, https:\/\/www.brw.pl\/blog\/wp-content\/uploads\/2019\/06\/edan_-_bialy_canadian_01-1-800x450.jpg 800w, https:\/\/www.brw.pl\/blog\/wp-content\/uploads\/2019\/06\/edan_-_bialy_canadian_01-1-768x432.jpg 768w\" data-sizes=\"(max-width: 1920px) 100vw, 1920px\" src=\"data:image\/svg+xml;base64,PHN2ZyB3aWR0aD0iMSIgaGVpZ2h0PSIxIiB4bWxucz0iaHR0cDovL3d3dy53My5vcmcvMjAwMC9zdmciPjwvc3ZnPg==\" style=\"--smush-placeholder-width: 1920px; --smush-placeholder-aspect-ratio: 1920\/1080;\" \/><\/div>\n<h2>Bia\u0142a kuchnia z bia\u0142ym blatem, czyli kuchnia ca\u0142a w bieli<\/h2>\n<p>Meble kuchenne w kolorze bia\u0142ym nie s\u0105 nowo\u015bci\u0105 na rynku. Mo\u017cna je znale\u017a\u0107 na wyposa\u017ceniu wielu kuchni. Tyle \u017ce jak dot\u0105d na og\u00f3\u0142 wyst\u0119powa\u0142y w po\u0142\u0105czeniu z kamiennym lub drewnianym blatem, kt\u00f3ry prze\u0142amywa\u0142 ci\u0105g\u0142o\u015b\u0107 bieli.<\/p>\n<p>W najmodniejszych obecnie aran\u017cacjach do bia\u0142ych mebli do\u0142\u0105czaj\u0105 blaty kuchenne o takim samym zabarwieniu. <strong>Jednolicie bia\u0142a zabudowa daje wra\u017cenie kuchni l\u015bni\u0105cej i wr\u0119cz emanuj\u0105cej czysto\u015bci\u0105.<\/strong> Taki pomys\u0142 na wystr\u00f3j przypadnie do gustu minimalistom, a tak\u017ce osobom ceni\u0105cym w kuchni porz\u0105dek.<\/p>\n<p>Z bia\u0142ymi meblami mo\u017cesz optycznie powi\u0119kszy\u0107 przestrze\u0144. Warto wspomnie\u0107 o jeszcze jednej bardzo wa\u017cnej kwestii. <strong>Bia\u0142e kuchnie s\u0105 ponadczasowym i uniwersalnym wyborem.<\/strong> Meble w tym kolorze zawsze b\u0119d\u0105 na czasie \u2013 bez wzgl\u0119du na aktualnie obowi\u0105zuj\u0105ce trendy.<\/p>\n<h2 data-pm-slice=\"1 3 []\">Czy bia\u0142a kuchnia z bia\u0142ym blatem jest praktyczna?<\/h2>\n<p>Jedn\u0105 z najwa\u017cniejszych kwestii w aran\u017cacji kuchni jest jej praktyczno\u015b\u0107. To z tego powodu klasyczna bia\u0142a kuchnia najcz\u0119\u015bciej \u0142\u0105czona jest z czarnym blatem, ewentualnie z blatem w kolorze drewna lub z praktycznymi szaro\u015bciami. Wspomniana kuchnia z drewnianym blatem swoj\u0105 popularno\u015b\u0107 zawdzi\u0119cza zapewne wszechobecnej mi\u0142o\u015bci do stylu skandynawskiego. W przypadku ca\u0142kiem jasnej kuchni obawiamy si\u0119 natomiast o utrzymanie czysto\u015bci i ewentualne \u015blady u\u017cytkowania blatu, kt\u00f3re bia\u0142\u0105 kuchni\u0119 mog\u0105 oszpeci\u0107 szybciej. Czy jest to zgodne z prawd\u0105?<\/p>\n<ul>\n<li>Jasna kuchnia nie musi by\u0107 niepraktyczna przy odpowiedniej piel\u0119gnacji. Dobrej jako\u015bci podk\u0142adki i deski do krojenia za\u0142atwi\u0105 spraw\u0119 ewentualnych uszkodze\u0144 blatu.<\/li>\n<li>Na specjalnych podk\u0142adkach stan\u0105\u0107 mog\u0105 r\u00f3wnie\u017c niewielkie sprz\u0119ty AGD, kt\u00f3re s\u0142u\u017c\u0105 w kuchni.<\/li>\n<li>Czyszczenie bia\u0142ego blatu z kamienia, czy tworzywa sztucznego, mo\u017ce by\u0107 nawet szybsze i \u0142atwiejsze ni\u017c wtedy, gdy w naszym domu go\u015bci bia\u0142a kuchnia z drewnianym blatem, kt\u00f3ry wymaga specjalnej piel\u0119gnacji.<\/li>\n<li>Jasny kolor blatu pozwala na to, by z bieli uczyni\u0107 motyw przewodni kuchni. Dzi\u0119ki temu o wiele praktyczniejsze jest jej urz\u0105dzanie pod k\u0105tem doboru dodatk\u00f3w.<\/li>\n<\/ul>\n<h2>Kuchnia bia\u0142a z bia\u0142ym blatem \u2013 jak j\u0105 urz\u0105dzi\u0107?<\/h2>\n<p>Czym sugerowa\u0107 si\u0119 podczas poszukiwa\u0144 bia\u0142ych mebli kuchennych do w\u0142asnego wn\u0119trza? Dost\u0119pne w sklepie internetowym BRW zestawy r\u00f3\u017cni\u0105 si\u0119 mi\u0119dzy sob\u0105 pod k\u0105tem funkcjonalno\u015bci i estetyki. Masz mo\u017cliwo\u015b\u0107 wybrania kompletu, kt\u00f3ry perfekcyjnie wpasuje si\u0119 do Twojego wn\u0119trza.<\/p>\n<p data-pm-slice=\"1 1 []\">Przed wyborem mebli warto rozwa\u017cy\u0107, jaka pod\u0142oga b\u0119dzie pasowa\u0142a do ca\u0142kowicie jasnej kuchni. Pami\u0119taj, \u017ce mo\u017cesz wykorzysta\u0107 zasad\u0119 monochromatyczno\u015bci i postawi\u0107 na ciemne p\u0142ytki, ale r\u00f3wnie\u017c pod\u0105\u017cy\u0107 za zasad\u0105 kontrastu i w swojej kuchni umie\u015bci\u0107 pod\u0142og\u0119 czarn\u0105, czy grafitow\u0105. Bia\u0142e meble kuchenne s\u0105 pod tym k\u0105tem bardzo wdzi\u0119czne i pozwalaj\u0105 na udane aran\u017cacje. Je\u015bli Twoja kuchnia b\u0119dzie w bia\u0142ym kolorze, a pod\u0142oga w czerni, dla uzyskania sp\u00f3jno\u015bci mo\u017cesz wykorzysta\u0107 kilka zabieg\u00f3w, np. monta\u017c front\u00f3w z czarnymi uchwytami.<\/p>\n<p><strong>Bia\u0142e meble sprawdz\u0105 si\u0119 zar\u00f3wno w kuchni zaaran\u017cowanej nowocze\u015bnie, jak i bardziej tradycyjnie. <\/strong>Dostoje\u0144stwo klasycznych wn\u0119trz wspaniale podkre\u015bli zestaw, w kt\u00f3rym fronty meblowe s\u0105 ozdobione frezowaniem, tak jak w przypadku mebli kuchennych Older z kolekcji <a href=\"https:\/\/www.brw.pl\/kuchnie_zestawy\/kolekcja-kuchnie-family-line\/\" target=\"_blank\" rel=\"noopener noreferrer\">Family Line<\/a>. Decyduj\u0105c si\u0119 na ten komplet, b\u0119dziesz mie\u0107 do wyboru a\u017c 30 uchwyt\u00f3w o zr\u00f3\u017cnicowanej wielko\u015bci i kszta\u0142cie.<\/p>\n<div style=\"display: flex; align-items: center; justify-content: center; text-align: center;\">\n<figure id=\"attachment_20931\" aria-describedby=\"caption-attachment-20931\" style=\"width: 593px\" class=\"wp-caption alignnone\"><a href=\"https:\/\/www.brw.pl\/komplet-kuchenny-older-260,34433\" target=\"_blank\" rel=\"noopener noreferrer\"><img decoding=\"async\" class=\"size-full wp-image-20931 lazyload\" data-src=\"https:\/\/www.brw.pl\/blog\/wp-content\/uploads\/2021\/11\/Komplet-kuchenny-Older-260.jpg\" alt=\"Komplet kuchenny Older 260\" width=\"593\" height=\"445\" src=\"data:image\/svg+xml;base64,PHN2ZyB3aWR0aD0iMSIgaGVpZ2h0PSIxIiB4bWxucz0iaHR0cDovL3d3dy53My5vcmcvMjAwMC9zdmciPjwvc3ZnPg==\" style=\"--smush-placeholder-width: 593px; --smush-placeholder-aspect-ratio: 593\/445;\" \/><\/a><figcaption id=\"caption-attachment-20931\" class=\"wp-caption-text\"><a href=\"https:\/\/www.brw.pl\/komplet-kuchenny-older-260,34433\" target=\"_blank\" rel=\"noopener noreferrer\">Komplet kuchenny Older 260<\/a><\/figcaption><\/figure>\n<\/div>\n<p>Do zaaran\u017cowanej z takim zestawem bia\u0142ej kuchni dobierz stylizowany na retro sprz\u0119t AGD. Mo\u017ce to by\u0107 czarny piekarnik, zlewozmywak oraz bateria. Dzi\u0119ki nim Twoje wn\u0119trze zyska wyj\u0105tkowy klimat.<\/p>\n<p>Na uwag\u0119 zas\u0142uguje zestaw mebli kuchennych Junona Line z frontami w kolorze bia\u0142y po\u0142ysk. Mo\u017cesz je po\u0142\u0105czy\u0107 z ciemnym blatem lub dobra\u0107 do nich bia\u0142y blat kuchenny. Taki komplet z \u0142atwo\u015bci\u0105 odnajdzie si\u0119 w ka\u017cdej kuchni, nawet w tej o mocno ograniczonym metra\u017cu. <strong>Je\u015bli zale\u017cy Ci na efekcie optycznego powi\u0119kszenia, bia\u0142e meble wyeksponuj na tle bia\u0142ej \u015bciany i dodatkowo po\u0142\u0105cz z jasn\u0105 pod\u0142og\u0105.<\/strong><\/p>\n<div style=\"display: flex; align-items: center; justify-content: center; text-align: center;\">\n<figure id=\"attachment_23472\" aria-describedby=\"caption-attachment-23472\" style=\"width: 593px\" class=\"wp-caption alignnone\"><a href=\"https:\/\/www.brw.pl\/komplet-kuchenny-junona-line-230,21721\" target=\"_blank\" rel=\"noopener noreferrer\"><img decoding=\"async\" class=\"wp-image-23472 size-full lazyload\" data-src=\"https:\/\/www.brw.pl\/blog\/wp-content\/uploads\/2022\/05\/junona-line-230.jpg\" alt=\"Komplet kuchenny Junona Line 230\" width=\"593\" height=\"445\" src=\"data:image\/svg+xml;base64,PHN2ZyB3aWR0aD0iMSIgaGVpZ2h0PSIxIiB4bWxucz0iaHR0cDovL3d3dy53My5vcmcvMjAwMC9zdmciPjwvc3ZnPg==\" style=\"--smush-placeholder-width: 593px; --smush-placeholder-aspect-ratio: 593\/445;\" \/><\/a><figcaption id=\"caption-attachment-23472\" class=\"wp-caption-text\"><a href=\"https:\/\/www.brw.pl\/komplet-kuchenny-junona-line-230,21721\" target=\"_blank\" rel=\"noopener noreferrer\">Komplet kuchenny Junona Line 230<\/a><\/figcaption><\/figure>\n<\/div>\n<p>Podobn\u0105 propozycj\u0119 stanowi\u0105 naro\u017cne meble kuchenne Top Line z po\u0142yskuj\u0105cymi frontami w kolorze bia\u0142ym oraz korpusami w wybarwieniu bia\u0142y alpejski. Jedyn\u0105 ozdob\u0105 szafek z g\u0142adkimi, l\u015bni\u0105cymi frontami s\u0105 proste, pod\u0142u\u017cne uchwyty. Z uwagi na dosy\u0107 oszcz\u0119dn\u0105 form\u0119 ten zestaw najlepiej b\u0119dzie sprawowa\u0142 si\u0119 w minimalistycznych oraz nowoczesnych aran\u017cacjach kuchennych.<\/p>\n<div style=\"display: flex; align-items: center; justify-content: center; text-align: center;\">\n<figure id=\"attachment_22411\" aria-describedby=\"caption-attachment-22411\" style=\"width: 728px\" class=\"wp-caption alignnone\"><a href=\"https:\/\/www.brw.pl\/komplet-kuchenny-narozny-top-line,37968\" target=\"_blank\" rel=\"noopener noreferrer\"><img decoding=\"async\" class=\"size-full wp-image-22411 lazyload\" data-src=\"https:\/\/www.brw.pl\/blog\/wp-content\/uploads\/2022\/03\/Kuchnia-top-line.jpg\" alt=\"Naro\u017cny komplet kuchenny Top Line\" width=\"728\" height=\"483\" src=\"data:image\/svg+xml;base64,PHN2ZyB3aWR0aD0iMSIgaGVpZ2h0PSIxIiB4bWxucz0iaHR0cDovL3d3dy53My5vcmcvMjAwMC9zdmciPjwvc3ZnPg==\" style=\"--smush-placeholder-width: 728px; --smush-placeholder-aspect-ratio: 728\/483;\" \/><\/a><figcaption id=\"caption-attachment-22411\" class=\"wp-caption-text\"><a href=\"https:\/\/www.brw.pl\/komplet-kuchenny-narozny-top-line,37968\" target=\"_blank\" rel=\"noopener noreferrer\">Naro\u017cny komplet kuchenny Top Line<\/a><\/figcaption><\/figure>\n<\/div>\n<p>Dobieraj\u0105c blat do mebli kuchennych, nale\u017cy wzi\u0105\u0107 pod uwag\u0119 jego odporno\u015b\u0107 na wysokie temperatury i uszkodzenia mechaniczne. Pami\u0119taj, \u017ce stanowi on zwie\u0144czenie ca\u0142ej zabudowy, a co za tym idzie, jego wygl\u0105d ma r\u00f3wnie du\u017ce znaczenie.<\/p>\n<p>W po\u0142\u0105czeniu z bia\u0142ymi meblami dobrze b\u0119dzie wygl\u0105da\u0142 blat pochodz\u0105cy z kolekcji <a href=\"https:\/\/www.brw.pl\/kuchnie_zestawy\/kolekcja-semi-line\/\" target=\"_blank\" rel=\"noopener noreferrer\">Semi Line<\/a> w kolorze kashmir white. Wyr\u00f3\u017cnia si\u0119 solidnym i estetycznym wykonaniem.<\/p>\n<div style=\"display: flex; align-items: center; justify-content: center; text-align: center;\">\n<figure id=\"attachment_15399\" aria-describedby=\"caption-attachment-15399\" style=\"width: 1602px\" class=\"wp-caption alignnone\"><a href=\"https:\/\/www.brw.pl\/blat-240-semi-line-family-line,29465\" target=\"_blank\" rel=\"noopener noreferrer\"><img decoding=\"async\" class=\"size-full wp-image-15399 lazyload\" data-src=\"https:\/\/www.brw.pl\/blog\/wp-content\/uploads\/2020\/12\/Kuchnia-Semi-Line.jpg\" alt=\"Meble modu\u0142owe z kolekcji Semi Line\" width=\"1602\" height=\"1080\" data-srcset=\"https:\/\/www.brw.pl\/blog\/wp-content\/uploads\/2020\/12\/Kuchnia-Semi-Line.jpg 1602w, https:\/\/www.brw.pl\/blog\/wp-content\/uploads\/2020\/12\/Kuchnia-Semi-Line-800x539.jpg 800w, https:\/\/www.brw.pl\/blog\/wp-content\/uploads\/2020\/12\/Kuchnia-Semi-Line-768x518.jpg 768w, https:\/\/www.brw.pl\/blog\/wp-content\/uploads\/2020\/12\/Kuchnia-Semi-Line-1536x1036.jpg 1536w\" data-sizes=\"(max-width: 1602px) 100vw, 1602px\" src=\"data:image\/svg+xml;base64,PHN2ZyB3aWR0aD0iMSIgaGVpZ2h0PSIxIiB4bWxucz0iaHR0cDovL3d3dy53My5vcmcvMjAwMC9zdmciPjwvc3ZnPg==\" style=\"--smush-placeholder-width: 1602px; --smush-placeholder-aspect-ratio: 1602\/1080;\" \/><\/a><figcaption id=\"caption-attachment-15399\" class=\"wp-caption-text\"><a href=\"https:\/\/www.brw.pl\/blat-240-semi-line-family-line,29465\" target=\"_blank\" rel=\"noopener noreferrer\">Blat Semi Line 240<\/a><\/figcaption><\/figure>\n<\/div>\n<p>Do wyboru masz blaty kuchenne o d\u0142ugo\u015bci 240 cm, 200 cm, a tak\u017ce mniejszy, bardziej por\u0119czny <a href=\"https:\/\/www.brw.pl\/blat-40-semi-line-family-line,15689\" target=\"_blank\" rel=\"noopener noreferrer\">blat Semi Line o d\u0142ugo\u015bci 40 cm<\/a>.<\/p>\n<div style=\"display: flex; align-items: center; justify-content: center; text-align: center;\">\n<figure id=\"attachment_23473\" aria-describedby=\"caption-attachment-23473\" style=\"width: 728px\" class=\"wp-caption aligncenter\"><a href=\"https:\/\/www.brw.pl\/blat-200-semi-line-family-line,15559\" target=\"_blank\" rel=\"noopener noreferrer\"><img decoding=\"async\" class=\"wp-image-23473 size-full lazyload\" data-src=\"https:\/\/www.brw.pl\/blog\/wp-content\/uploads\/2022\/05\/semi-line-200.jpg\" alt=\"Blat Semi Line 200\" width=\"728\" height=\"483\" src=\"data:image\/svg+xml;base64,PHN2ZyB3aWR0aD0iMSIgaGVpZ2h0PSIxIiB4bWxucz0iaHR0cDovL3d3dy53My5vcmcvMjAwMC9zdmciPjwvc3ZnPg==\" style=\"--smush-placeholder-width: 728px; --smush-placeholder-aspect-ratio: 728\/483;\" \/><\/a><figcaption id=\"caption-attachment-23473\" class=\"wp-caption-text\"><a href=\"https:\/\/www.brw.pl\/blat-200-semi-line-family-line,15559\" target=\"_blank\" rel=\"noopener noreferrer\">Blat Semi Line 200<\/a><\/figcaption><\/figure>\n<\/div>\n<p>&nbsp;<\/p>\n<div class=\"videoWrapper\"><iframe data-src=\"https:\/\/www.youtube.com\/embed\/TyHNr8Y_jk0\" frameborder=\"0\" allowfullscreen=\"allowfullscreen\" src=\"data:image\/svg+xml;base64,PHN2ZyB3aWR0aD0iMSIgaGVpZ2h0PSIxIiB4bWxucz0iaHR0cDovL3d3dy53My5vcmcvMjAwMC9zdmciPjwvc3ZnPg==\" class=\"lazyload\" data-load-mode=\"1\"><\/iframe><\/div>\n<p>&nbsp;<\/p>\n<h2>Bia\u0142a kuchnia z bia\u0142ym blatem \u2013 aran\u017cacje<\/h2>\n<p>Bia\u0142e meble kuchenne dobrze odnajd\u0105 si\u0119 dos\u0142ownie w ka\u017cdej estetyce. Biel, jak przysta\u0142o na klasyk\u0119, znakomicie \u0142\u0105czy si\u0119 ze wszystkimi kolorami. Wystarczy zmiana kilku dodatk\u00f3w, by zupe\u0142nie przeobrazi\u0107 wn\u0119trze urz\u0105dzone z takim zestawem mebli.<\/p>\n<h3>Aran\u017cacja w stylu scandi<\/h3>\n<p>Marzysz o <strong>aran\u017cacji w stylu skandynawskim<\/strong>? Postaraj si\u0119, by nie zabrak\u0142o w niej jasnego drewna. Wydaje si\u0119, \u017ce najprostszym patentem na w\u0142\u0105czenie go do wystroju kuchni jest drewniany blat. Sposob\u00f3w na przemycenie typowego dla drewna ciep\u0142a lub chocia\u017cby atrakcyjnego rysunku jego us\u0142ojenia jest jednak znacznie wi\u0119cej.<\/p>\n<p>Przytulny klimat (typowy dla wn\u0119trz scandi) stworzysz, gdy zestawisz bia\u0142e meble z drewnian\u0105 pod\u0142og\u0105. Alternatyw\u0119 stanowi\u0105 p\u0142ytki na\u015bladuj\u0105ce wygl\u0105d tego naturalnego surowca. Umie\u015b\u0107 je na pod\u0142odze lub ozd\u00f3b nimi \u015bcian\u0119 nad blatem roboczym.<\/p>\n<p>Drewno mo\u017ce pojawi\u0107 si\u0119 w wystroju pod postaci\u0105 kuchennych akcesori\u00f3w, a tak\u017ce kloszy lamp. W kuchni otwartej na salon na granicy obu stref ustaw drewniany st\u00f3\u0142 oraz tapicerowane krzes\u0142a z drewnianym stela\u017cem.<\/p>\n<h3>Bia\u0142a kuchnia industrialna<\/h3>\n<p>Mo\u017cesz zdecydowa\u0107 si\u0119 na wystr\u00f3j, w kt\u00f3rym dominacj\u0119 bieli prze\u0142amuj\u0105 jedynie kuchenne urz\u0105dzenia zachowane w g\u0142\u0119bokiej czerni: piekarnik lub p\u0142yta kuchenna. W przestronnym pomieszczeniu bardziej zaszalejesz, wybieraj\u0105c tak\u017ce pod\u0142og\u0119 o takim zabarwieniu. <strong>Ca\u0142o\u015b\u0107 nabierze wtedy nieco bardziej industrialnego charakteru.<\/strong><\/p>\n<h3>Bia\u0142a kuchnia i glamour<\/h3>\n<p>Wolisz <strong>stylistyk\u0119 glamour<\/strong>? Bia\u0142a kuchnia b\u0119dzie prezentowa\u0142a si\u0119 bardziej luksusowo, gdy pojawi\u0105 si\u0119 w niej akcenty w kolorze srebra lub z\u0142ota. Poprzez trafny dob\u00f3r takich element\u00f3w wyposa\u017cenia jak okap, piekarnik, p\u0142yta kuchenna, zlewozmywak oraz bateria mo\u017cesz dowolnie kszta\u0142towa\u0107 charakter wn\u0119trza.<\/p>\n<p>Przeczytaj te\u017c artyku\u0142:<strong> \u201e<a href=\"https:\/\/www.brw.pl\/blog\/jaki-okap-do-kuchni-wybrac\/\" target=\"_blank\" rel=\"noopener noreferrer\">Jaki okap do kuchni wybra\u0107?<\/a>\u201d. <\/strong><\/p>\n<p><strong>Meble, <a href=\"https:\/\/www.brw.pl\/agd\/\" target=\"_blank\" rel=\"noopener noreferrer\">sprz\u0119ty AGD<\/a> i dodatki potrzebne do zaaran\u017cowania stylowej bia\u0142ej kuchni znajdziesz w <a href=\"https:\/\/www.brw.pl\/\" target=\"_blank\" rel=\"noopener noreferrer\">sklepie internetowym BRW<\/a>. <\/strong><\/p>\n","protected":false},"excerpt":{"rendered":"<p>Coraz wi\u0119cej os\u00f3b decyduje si\u0119 na bia\u0142e meble kuchenne. S\u0105dzisz, \u017ce taki wyb\u00f3r wynika z braku pomys\u0142u na aran\u017cacj\u0119 kuchni? Jest wr\u0119cz odwrotnie! Bia\u0142a zabudowa dobrze znosi pr\u00f3b\u0119 czasu i doskonale komponuje si\u0119 z ka\u017cdym wn\u0119trzarskim stylem. Jak stworzy\u0107 udany wystr\u00f3j z bia\u0142ymi meblami kuchennymi w roli g\u0142\u00f3wnej? Czytaj dalej!<\/p>\n","protected":false},"author":18,"featured_media":5703,"comment_status":"closed","ping_status":"open","sticky":false,"template":"","format":"standard","meta":{"footnotes":""},"categories":[39,26,573],"tags":[],"aioseo_notices":[],"_links":{"self":[{"href":"https:\/\/www.brw.pl\/blog\/wp-json\/wp\/v2\/posts\/23471"}],"collection":[{"href":"https:\/\/www.brw.pl\/blog\/wp-json\/wp\/v2\/posts"}],"about":[{"href":"https:\/\/www.brw.pl\/blog\/wp-json\/wp\/v2\/types\/post"}],"author":[{"embeddable":true,"href":"https:\/\/www.brw.pl\/blog\/wp-json\/wp\/v2\/users\/18"}],"replies":[{"embeddable":true,"href":"https:\/\/www.brw.pl\/blog\/wp-json\/wp\/v2\/comments?post=23471"}],"version-history":[{"count":5,"href":"https:\/\/www.brw.pl\/blog\/wp-json\/wp\/v2\/posts\/23471\/revisions"}],"predecessor-version":[{"id":30287,"href":"https:\/\/www.brw.pl\/blog\/wp-json\/wp\/v2\/posts\/23471\/revisions\/30287"}],"wp:featuredmedia":[{"embeddable":true,"href":"https:\/\/www.brw.pl\/blog\/wp-json\/wp\/v2\/media\/5703"}],"wp:attachment":[{"href":"https:\/\/www.brw.pl\/blog\/wp-json\/wp\/v2\/media?parent=23471"}],"wp:term":[{"taxonomy":"category","embeddable":true,"href":"https:\/\/www.brw.pl\/blog\/wp-json\/wp\/v2\/categories?post=23471"},{"taxonomy":"post_tag","embeddable":true,"href":"https:\/\/www.brw.pl\/blog\/wp-json\/wp\/v2\/tags?post=23471"}],"curies":[{"name":"wp","href":"https:\/\/api.w.org\/{rel}","templated":true}]}}