{"id":23550,"date":"2022-05-26T08:00:50","date_gmt":"2022-05-26T06:00:50","guid":{"rendered":"https:\/\/www.brw.pl\/blog\/?p=23550"},"modified":"2022-06-10T16:48:00","modified_gmt":"2022-06-10T14:48:00","slug":"turkusowa-kanapa-w-salonie-aranzacje","status":"publish","type":"post","link":"https:\/\/www.brw.pl\/blog\/turkusowa-kanapa-w-salonie-aranzacje\/","title":{"rendered":"Turkusowa kanapa w salonie &#8211; aran\u017cacje"},"content":{"rendered":"<p><strong>Kolor turkusowy to pi\u0119kna barwa, kt\u00f3ra zachwyca nie tylko w naturze. Potrafi ozdobi\u0107 ubrania, bi\u017cuteri\u0119 i&#8230; wn\u0119trza. Zapro\u015b turkus do swojego salonu, na pewno nie po\u017ca\u0142ujesz. Co powiesz na turkusow\u0105 kanap\u0119?<\/strong><\/p>\n<p><!--more--><\/p>\n<p><center><img decoding=\"async\" class=\"alignnone size-full wp-image-23551 lazyload\" data-src=\"https:\/\/www.brw.pl\/blog\/wp-content\/uploads\/2022\/05\/sofa-magic-w-salonie.jpg\" alt=\"Sofa Magic w salonie\" width=\"728\" height=\"483\" src=\"data:image\/svg+xml;base64,PHN2ZyB3aWR0aD0iMSIgaGVpZ2h0PSIxIiB4bWxucz0iaHR0cDovL3d3dy53My5vcmcvMjAwMC9zdmciPjwvc3ZnPg==\" style=\"--smush-placeholder-width: 728px; --smush-placeholder-aspect-ratio: 728\/483;\" \/><\/center><\/p>\n<h2><strong>Turkusowy salon \u2013 spos\u00f3b na modne wn\u0119trze<\/strong><\/h2>\n<p>Jak wygl\u0105da kolor turkusowy? Inaczej okre\u015blany jako morski, jest miksem b\u0142\u0119kitu i zieleni. Nazwa pochodzi od kamienia szlachetnego zwanego turkusem meksyka\u0144skim. Turkus ma r\u00f3\u017cne odcienie: jasny, ciemny, pastelowy, zielony. To od Ciebie zale\u017cy, kt\u00f3rego u\u017cyjesz w aran\u017cacji pokoju dziennego.<\/p>\n<p>Je\u015bli Tw\u00f3j salon jest niewielki, warto postawi\u0107 na ja\u015bniejszy wariant. Dzi\u0119ki temu optycznie powi\u0119kszysz pomieszczenie. Turkusowe zas\u0142ony mog\u0105 by\u0107 ciekawym rozwi\u0105zaniem, podobnie jak dywan czy meble tapicerowane. Ciemny turkusowy akcent najlepiej wprowadzi\u0107 za pomoc\u0105 dodatk\u00f3w, na przyk\u0142ad poduszek ozdobnych.<\/p>\n<p>Posiadasz przestronny salon? Popu\u015b\u0107 wodze fantazji i pomaluj jedn\u0105 ze \u015bcian turkusow\u0105 farb\u0105 o g\u0142\u0119bszym odcieniu. Mo\u017cesz wstawi\u0107 do pokoju r\u00f3wnie\u017c meble o barwie ciemnego turkusa &#8211; turkusowy naro\u017cnik, kanap\u0119, fotele.<\/p>\n<p>Kolor turkusowy polubi si\u0119 z odcieniami szaro\u015bci, bieli, z\u0142ota, drewna. Z turkusem wsp\u00f3\u0142graj\u0105 tak\u017ce r\u00f3\u017cne odcienie zieleni. W jakiej estetyce mu do twarzy? Niejednej. Odnajdzie si\u0119 mi\u0119dzy innymi w stylu skandynawskim, w przestrzeniach nowoczesnych i glamour.<\/p>\n<h2><strong>Turkusowa kanapa w salonie \u2013 aran\u017cacje<\/strong><\/h2>\n<p>Kanapa w turkusowym kolorze to \u015bwietny pomys\u0142, je\u015bli chcesz pod\u0105\u017ca\u0107 za najnowszymi trendami. Poznaj nasze propozycje aran\u017cacji salonu z tak\u0105 kanap\u0105.<\/p>\n<h3><strong>Turkus w wersji glamour<\/strong><\/h3>\n<p>Od przybytku g\u0142owa nie boli. Jeste\u015b szcz\u0119\u015bliwym posiadaczem ogromnego salonu z wysokim sufitem i du\u017cymi oknami? Wstaw do niego dwie sofy w turkusowym odcieniu i turkusowy fotel. Zaprezentuj\u0105 si\u0119 zjawiskowo na tle \u015bciany utrzymanej w ciemnej tonacji, nieco o\u017cywionej barwnym wzorem z motywem ro\u015blinnym. Przeciwwag\u0105 dla tych kolor\u00f3w jest biel pozosta\u0142ych \u015bcian i pod\u0142ogi stylizowanej na marmurow\u0105. Transparentny kryszta\u0142owy \u017cyrandol oraz szklane blaty stolik\u00f3w dodaj\u0105 wizualnej lekko\u015bci. Oto salon <a href=\"https:\/\/www.brw.pl\/blog\/z-odrobina-luksusu-urzadzamy-jadalnie-w-stylu-glamour\/\" target=\"_blank\" rel=\"noopener noreferrer\">glamour<\/a> w pe\u0142nej krasie.<\/p>\n<p><center><img decoding=\"async\" class=\"alignnone size-medium wp-image-23607 lazyload\" data-src=\"https:\/\/www.brw.pl\/blog\/wp-content\/uploads\/2022\/05\/sofa-chic-w-salonie-800x463.jpg\" alt=\"Salon glamour z turkusow\u0105 sof\u0105\" width=\"800\" height=\"463\" data-srcset=\"https:\/\/www.brw.pl\/blog\/wp-content\/uploads\/2022\/05\/sofa-chic-w-salonie-800x463.jpg 800w, https:\/\/www.brw.pl\/blog\/wp-content\/uploads\/2022\/05\/sofa-chic-w-salonie-768x445.jpg 768w, https:\/\/www.brw.pl\/blog\/wp-content\/uploads\/2022\/05\/sofa-chic-w-salonie-1536x890.jpg 1536w, https:\/\/www.brw.pl\/blog\/wp-content\/uploads\/2022\/05\/sofa-chic-w-salonie-653x379.jpg 653w, https:\/\/www.brw.pl\/blog\/wp-content\/uploads\/2022\/05\/sofa-chic-w-salonie.jpg 1842w\" data-sizes=\"(max-width: 800px) 100vw, 800px\" src=\"data:image\/svg+xml;base64,PHN2ZyB3aWR0aD0iMSIgaGVpZ2h0PSIxIiB4bWxucz0iaHR0cDovL3d3dy53My5vcmcvMjAwMC9zdmciPjwvc3ZnPg==\" style=\"--smush-placeholder-width: 800px; --smush-placeholder-aspect-ratio: 800\/463;\" \/><\/center><\/p>\n<h3><strong>Nowocze\u015bnie z nut\u0105 scandi<\/strong><\/h3>\n<p>Nie przepadasz za przepychem stylu glamour? Zaaran\u017cuj salon w nowoczesny spos\u00f3b, ocieplaj\u0105c go skandynawskimi akcentami. W takim wn\u0119trzu turkusowa kanapa z pewno\u015bci\u0105 si\u0119 sprawdzi. Nawet ma\u0142y metra\u017c jej niestraszny. W otoczeniu jasnoszarych \u015bcian, be\u017cowego dywanu i kompletu stolik\u00f3w kawowych w odcieniu karmelu sofa w kolorze turkusowym zwr\u00f3ci uwag\u0119, ale nie przyt\u0142oczy. Wspaniale komponuje si\u0119 z popielatymi poduszkami i \u015bcianami. Bia\u0142y p\u0119katy wazon z dekoracj\u0105 z suszonych traw \u0142adnie podkre\u015bla barw\u0119 mebla. Wisienk\u0105 na torcie jest nietypowa lampa z &#8222;podw\u00f3jnym&#8221; kloszem. Walcowata miodowa os\u0142onka na \u017car\u00f3wk\u0119 jest zamkni\u0119ta w przezroczystej kuli. Wszystko razem tworzy sp\u00f3jn\u0105 i przytuln\u0105 przestrze\u0144, kt\u00f3rej nadaje ton turkusowa kanapa.<\/p>\n<p><center><img decoding=\"async\" class=\"alignnone size-medium wp-image-23609 lazyload\" data-src=\"https:\/\/www.brw.pl\/blog\/wp-content\/uploads\/2022\/05\/turkusowa-kanapa-scandi-nowoczesny-800x800.jpg\" alt=\"Salon nowoczesny scandi z turkusow\u0105 kanap\u0105\" width=\"800\" height=\"800\" data-srcset=\"https:\/\/www.brw.pl\/blog\/wp-content\/uploads\/2022\/05\/turkusowa-kanapa-scandi-nowoczesny-800x800.jpg 800w, https:\/\/www.brw.pl\/blog\/wp-content\/uploads\/2022\/05\/turkusowa-kanapa-scandi-nowoczesny-150x150.jpg 150w, https:\/\/www.brw.pl\/blog\/wp-content\/uploads\/2022\/05\/turkusowa-kanapa-scandi-nowoczesny-768x768.jpg 768w, https:\/\/www.brw.pl\/blog\/wp-content\/uploads\/2022\/05\/turkusowa-kanapa-scandi-nowoczesny-165x165.jpg 165w, https:\/\/www.brw.pl\/blog\/wp-content\/uploads\/2022\/05\/turkusowa-kanapa-scandi-nowoczesny.jpg 1080w\" data-sizes=\"(max-width: 800px) 100vw, 800px\" src=\"data:image\/svg+xml;base64,PHN2ZyB3aWR0aD0iMSIgaGVpZ2h0PSIxIiB4bWxucz0iaHR0cDovL3d3dy53My5vcmcvMjAwMC9zdmciPjwvc3ZnPg==\" style=\"--smush-placeholder-width: 800px; --smush-placeholder-aspect-ratio: 800\/800;\" \/><\/center><\/p>\n<h2><strong>Turkusowa kanapa w salonie \u2013 znajdziesz j\u0105 na BRW!<\/strong><\/h2>\n<p>Kanapy w kolorze turkusowym znajduj\u0105 si\u0119 w ofercie sklepu Black Red White. Przyjrzyj si\u0119 wybranym modelom.<\/p>\n<h3><strong>Sofa Royal IV &#8211; kr\u00f3lowa du\u017cego salonu <\/strong><\/h3>\n<p>Eleganckie pikowane siedzisko i g\u0142\u0119boki odcie\u0144 turkusu sofy Royal IV oczaruj\u0105 go\u015bci. Spr\u0119\u017cyny bonellowe w siedzisku oraz oparciu i a\u017c sze\u015b\u0107 mi\u0119kkich poduszek dekoracyjnych sprawiaj\u0105, \u017ce mebel jest naprawd\u0119 wygodny. Dzi\u0119ki specjalnym podno\u015bnikom \u0142atwo roz\u0142o\u017cysz kanap\u0119, a pojemnik na po\u015bciel jest bardzo pojemny. Na tej sofie bez problemu przenocujesz przyjaci\u00f3\u0142 i sp\u0119dzisz wiele mi\u0142ych chwil, ogl\u0105daj\u0105c telewizj\u0119 lub czytaj\u0105c ksi\u0105\u017cki.<\/p>\n<p><center><img decoding=\"async\" class=\"alignnone size-full wp-image-22789 lazyload\" data-src=\"https:\/\/www.brw.pl\/blog\/wp-content\/uploads\/2022\/04\/sofa-royal-brw.jpg\" alt=\"Sofa Royal\" width=\"593\" height=\"445\" src=\"data:image\/svg+xml;base64,PHN2ZyB3aWR0aD0iMSIgaGVpZ2h0PSIxIiB4bWxucz0iaHR0cDovL3d3dy53My5vcmcvMjAwMC9zdmciPjwvc3ZnPg==\" style=\"--smush-placeholder-width: 593px; --smush-placeholder-aspect-ratio: 593\/445;\" \/><\/center><\/p>\n<h3 style=\"text-align: center;\"><strong><a href=\"https:\/\/www.brw.pl\/sofa-royal-iv,31446\" target=\"_blank\" rel=\"noopener noreferrer\">SOFA ROYAL IV<\/a><\/strong><\/h3>\n<p><strong>Sof\u0119 Royal IV mo\u017cesz obejrze\u0107 r\u00f3wnie\u017c na filmie:<\/strong><\/p>\n<div class=\"videoWrapper\"><iframe title=\"Sofa Royal IV\" data-src=\"https:\/\/www.youtube.com\/embed\/kMOJ1RcSCp0\" frameborder=\"0\" allowfullscreen=\"allowfullscreen\" src=\"data:image\/svg+xml;base64,PHN2ZyB3aWR0aD0iMSIgaGVpZ2h0PSIxIiB4bWxucz0iaHR0cDovL3d3dy53My5vcmcvMjAwMC9zdmciPjwvc3ZnPg==\" class=\"lazyload\" data-load-mode=\"1\"><\/iframe><\/div>\n<p>&nbsp;<\/p>\n<h3><strong>Sofa Chic &#8211; ozdoba salonu o ma\u0142ym metra\u017cu<\/strong><\/h3>\n<p>Dwuosobowa turkusowa sofa Chic wyr\u00f3\u017cnia si\u0119 dekoracyjnymi przeszyciami, stylowymi drewnianymi stopkami i komfortowym siedziskiem wype\u0142nionym spr\u0119\u017cynami falistymi. Ze wzgl\u0119du na kompaktowe rozmiary mo\u017cesz wstawi\u0107 j\u0105 do niedu\u017cego pokoju dziennego albo gabinetu. Uatrakcyjni wn\u0119trza klasyczne i glamour.<\/p>\n<p><center><img decoding=\"async\" class=\"alignnone size-full wp-image-23611 lazyload\" data-src=\"https:\/\/www.brw.pl\/blog\/wp-content\/uploads\/2022\/05\/sofa-chic.jpg\" alt=\"Sofa Chic\" width=\"593\" height=\"445\" src=\"data:image\/svg+xml;base64,PHN2ZyB3aWR0aD0iMSIgaGVpZ2h0PSIxIiB4bWxucz0iaHR0cDovL3d3dy53My5vcmcvMjAwMC9zdmciPjwvc3ZnPg==\" style=\"--smush-placeholder-width: 593px; --smush-placeholder-aspect-ratio: 593\/445;\" \/><\/center><\/p>\n<h3 style=\"text-align: center;\"><strong><a href=\"https:\/\/www.brw.pl\/sofa-chic,41408\" target=\"_blank\" rel=\"noopener noreferrer\">SOFA CHIC<\/a><\/strong><\/h3>\n<h3><strong>Sofa Magic &#8211; magiczny wiecz\u00f3r we dwoje<\/strong><\/h3>\n<p>Szukasz niedu\u017cej, gustownej kanapy do salonu? Zastan\u00f3w si\u0119 nad sof\u0105 Magic. \u015aliczna turkusowa barwa tapicerki w po\u0142\u0105czeniu z efektownymi przeszyciami na pod\u0142okietnikach, siedzisku i poduszkach oparciowych gwarantuje, \u017ce sofa stanie si\u0119 prawdziw\u0105 ozdob\u0105 salonu. Mebel jest trzyosobowy, rozk\u0142adany, z pojemnikiem na po\u015bciel. Doskonale spe\u0142ni swoj\u0105 funkcj\u0119 podczas popo\u0142udniowego seansu filmowego rodzic\u00f3w z dzieckiem. Mi\u0119kkie siedzisko wype\u0142nione spr\u0119\u017cyn\u0105 falist\u0105 i piank\u0105 oraz du\u017ce poduszki oparciowe zapewni\u0105 wygod\u0119 w czasie d\u0142ugich romantycznych wieczor\u00f3w we dwoje przy lampce wina.<\/p>\n<p><center><img decoding=\"async\" class=\"alignnone wp-image-23612 lazyload\" data-src=\"https:\/\/www.brw.pl\/blog\/wp-content\/uploads\/2022\/05\/sofa-magic.jpg\" alt=\"Turkusowa sofa Magic\" width=\"601\" height=\"451\" src=\"data:image\/svg+xml;base64,PHN2ZyB3aWR0aD0iMSIgaGVpZ2h0PSIxIiB4bWxucz0iaHR0cDovL3d3dy53My5vcmcvMjAwMC9zdmciPjwvc3ZnPg==\" style=\"--smush-placeholder-width: 601px; --smush-placeholder-aspect-ratio: 601\/451;\" \/><\/center><\/p>\n<h3 style=\"text-align: center;\"><strong><a href=\"https:\/\/www.brw.pl\/sofa-magic,40687\" target=\"_blank\" rel=\"noopener noreferrer\">SOFA MAGIC<\/a><\/strong><\/h3>\n<p>Przekona\u0142y Ci\u0119 nasze koncepcje aran\u017cacyjne? <strong>Je\u015bli czujesz niedosyt i chcia\u0142by\u015b obejrze\u0107 r\u00f3wnie\u017c inne turkusowe meble, zapraszamy do zapoznania si\u0119 z ca\u0142\u0105 <a href=\"https:\/\/www.brw.pl\/\" target=\"_blank\" rel=\"noopener noreferrer\">ofert\u0105 Black Red White<\/a>.<\/strong> Na pewno znajdziesz co\u015b dla siebie.<\/p>\n","protected":false},"excerpt":{"rendered":"<p>Kolor turkusowy to pi\u0119kna barwa, kt\u00f3ra zachwyca nie tylko w naturze. Potrafi ozdobi\u0107 ubrania, bi\u017cuteri\u0119 i&#8230; wn\u0119trza. Zapro\u015b turkus do swojego salonu, na pewno nie po\u017ca\u0142ujesz. Co powiesz na turkusow\u0105 kanap\u0119?<\/p>\n","protected":false},"author":29,"featured_media":23551,"comment_status":"closed","ping_status":"open","sticky":false,"template":"","format":"standard","meta":{"footnotes":""},"categories":[39,735],"tags":[],"aioseo_notices":[],"_links":{"self":[{"href":"https:\/\/www.brw.pl\/blog\/wp-json\/wp\/v2\/posts\/23550"}],"collection":[{"href":"https:\/\/www.brw.pl\/blog\/wp-json\/wp\/v2\/posts"}],"about":[{"href":"https:\/\/www.brw.pl\/blog\/wp-json\/wp\/v2\/types\/post"}],"author":[{"embeddable":true,"href":"https:\/\/www.brw.pl\/blog\/wp-json\/wp\/v2\/users\/29"}],"replies":[{"embeddable":true,"href":"https:\/\/www.brw.pl\/blog\/wp-json\/wp\/v2\/comments?post=23550"}],"version-history":[{"count":15,"href":"https:\/\/www.brw.pl\/blog\/wp-json\/wp\/v2\/posts\/23550\/revisions"}],"predecessor-version":[{"id":23630,"href":"https:\/\/www.brw.pl\/blog\/wp-json\/wp\/v2\/posts\/23550\/revisions\/23630"}],"wp:featuredmedia":[{"embeddable":true,"href":"https:\/\/www.brw.pl\/blog\/wp-json\/wp\/v2\/media\/23551"}],"wp:attachment":[{"href":"https:\/\/www.brw.pl\/blog\/wp-json\/wp\/v2\/media?parent=23550"}],"wp:term":[{"taxonomy":"category","embeddable":true,"href":"https:\/\/www.brw.pl\/blog\/wp-json\/wp\/v2\/categories?post=23550"},{"taxonomy":"post_tag","embeddable":true,"href":"https:\/\/www.brw.pl\/blog\/wp-json\/wp\/v2\/tags?post=23550"}],"curies":[{"name":"wp","href":"https:\/\/api.w.org\/{rel}","templated":true}]}}