{"id":24018,"date":"2022-06-14T20:00:48","date_gmt":"2022-06-14T18:00:48","guid":{"rendered":"https:\/\/www.brw.pl\/blog\/?p=24018"},"modified":"2024-09-13T15:08:43","modified_gmt":"2024-09-13T13:08:43","slug":"aranzacja-malej-sypialni-z-szafa-z-black-red-white","status":"publish","type":"post","link":"https:\/\/www.brw.pl\/blog\/aranzacja-malej-sypialni-z-szafa-z-black-red-white\/","title":{"rendered":"Aran\u017cacja ma\u0142ej sypialni z szaf\u0105 od Black Red White"},"content":{"rendered":"<p data-pm-slice=\"1 1 []\"><strong>Twoja sypialnia nie nale\u017cy do zbyt przestronnych,\u00a0jest w\u0105ska i niezbyt ustawna? Wystarczy troch\u0119 kreatywno\u015bci i umiej\u0119tno\u015bci sprytnego planowania przestrzeni, \u017ceby \u201ewycisn\u0105\u0107\u201d z niej, ile si\u0119 da i stworzy\u0107 funkcjonalne wn\u0119trze. Jak urz\u0105dzi\u0107 ma\u0142\u0105 sypialni\u0119 w bloku z szaf\u0105, by by\u0142a praktyczna, a zarazem klimatyczna? Poznaj inspiracje i pomys\u0142y od Black Red White!<\/strong><\/p>\n<p><!--more--><\/p>\n<div style=\"display: flex; align-items: center; justify-content: center; text-align: center;\"><img decoding=\"async\" class=\"size-full wp-image-24019 aligncenter lazyload\" data-src=\"https:\/\/www.brw.pl\/blog\/wp-content\/uploads\/2022\/06\/Sypialnia-Industrial-IMG_1761-trimmy.jpg\" alt=\"sypialnia industrial\" width=\"1438\" height=\"845\" data-srcset=\"https:\/\/www.brw.pl\/blog\/wp-content\/uploads\/2022\/06\/Sypialnia-Industrial-IMG_1761-trimmy.jpg 1438w, https:\/\/www.brw.pl\/blog\/wp-content\/uploads\/2022\/06\/Sypialnia-Industrial-IMG_1761-trimmy-800x470.jpg 800w, https:\/\/www.brw.pl\/blog\/wp-content\/uploads\/2022\/06\/Sypialnia-Industrial-IMG_1761-trimmy-768x451.jpg 768w\" data-sizes=\"(max-width: 1438px) 100vw, 1438px\" src=\"data:image\/svg+xml;base64,PHN2ZyB3aWR0aD0iMSIgaGVpZ2h0PSIxIiB4bWxucz0iaHR0cDovL3d3dy53My5vcmcvMjAwMC9zdmciPjwvc3ZnPg==\" style=\"--smush-placeholder-width: 1438px; --smush-placeholder-aspect-ratio: 1438\/845;\" \/><\/div>\n<h2 data-pm-slice=\"1 1 []\">Aran\u017cacja ma\u0142ej sypialni z szaf\u0105 &#8211; czy to mo\u017cliwe?<\/h2>\n<p>Ma\u0142a sypialnia (w bloku lub w domu) rzecz jasna niesie ze sob\u0105 pewne ograniczenia. Aran\u017cacja sypialni musi si\u0119 w\u00f3wczas opiera\u0107 na sprytnym powi\u0119kszaniu przestrzeni w spos\u00f3b optyczny. Jest to jednak mo\u017cliwe, by zaaran\u017cowa\u0107 skromnej wielko\u015bci sypialni\u0119 i maksymalnie wykorzysta\u0107 ka\u017cdy centymetr cennej przestrzeni r\u00f3wnie\u017c, je\u015bli we\u017amiemy tu pod uwag\u0119 szaf\u0119 \u2013 zar\u00f3wno klasyczn\u0105, jak i przesuwn\u0105.<\/p>\n<p>Je\u015bli zatem jeste\u015b na etapie urz\u0105dzania swojej sypialni, a jest to niewielka sypialnia, nie porzucaj od razu my\u015bli o posiadaniu w niej praktycznej szafy, kt\u00f3ra stanowi idealne miejsce do przechowywania ubra\u0144, obuwia, dodatk\u00f3w, zapasowej po\u015bcieli.<\/p>\n<h3>Szafa w ma\u0142ej sypialni w bloku &#8211; jakie drzwi do niej wybra\u0107: klasyczne czy przesuwne?<\/h3>\n<p>Chcesz zaaran\u017cowa\u0107 ma\u0142\u0105 sypialni\u0119 z szaf\u0105 przesuwn\u0105 czy klasyczn\u0105? Urz\u0105dzenie niewielkiego pokoju sypialnego z szaf\u0105 jest mo\u017cliwe zar\u00f3wno z klasycznymi, jak i przesuwnymi drzwiami. Drzwi klasyczne wybieraj wtedy, gdy nie masz mo\u017cliwo\u015bci ustawienia w sypialni wystarczaj\u0105co szerokiej szafy, by zamontowa\u0107 w niej drzwi przesuwne. To z\u0142ota zasada kupowania szafy w sypialni o niezbyt imponuj\u0105cej wielko\u015bci.<\/p>\n<h2>Ma\u0142a sypialnia z szaf\u0105 \u2013 przytulna i komfortowa<\/h2>\n<p data-pm-slice=\"1 1 []\">Aran\u017cacja ma\u0142ej sypialni wizualnie powinna d\u0105\u017cy\u0107 do \u201eoszukania oka\u201d, <span data-color=\"var(--purple-10)\">co nie znaczy, \u017ce nie masz du\u017cego pola do popisu, je\u015bli chodzi o wyb\u00f3r mebli oraz dodatk\u00f3w.<\/span> Dla jej funkcjonalno\u015bci kluczowe znaczenie ma trafny dob\u00f3r wielko\u015bci i bry\u0142 mebli oraz rozs\u0105dne zaplanowanie ich ustawienia w pokoju. Szukaj tych wielofunkcyjnych i takich, kt\u00f3re nie zajm\u0105 zbyt wiele przestrzeni: wy\u017cszych, ale w\u0119\u017cszych lub p\u0142ytszych szaf czy rega\u0142\u00f3w.<\/p>\n<p>Co z kolorami w niewielkich pomieszczeniach? Jasne kolory \u015bcian sprawi\u0105, \u017ce ma\u0142a sypialnia b\u0119dzie wydawa\u0142a wi\u0119ksza, ni\u017c jest w rzeczywisto\u015bci. Podobny efekt dadz\u0105 bia\u0142e meble na wysoki po\u0142ysk. Wybieraj\u0105c <a href=\"https:\/\/www.brw.pl\/dekoracje\/\" target=\"_blank\" rel=\"noopener noreferrer\">dekoracje<\/a>, skup si\u0119 na tych, kt\u00f3re maj\u0105 praktyczne zastosowanie. W ten spos\u00f3b unikniesz wra\u017cenia chaosu i ciasnoty. Opr\u00f3cz <a href=\"https:\/\/www.brw.pl\/katalog-produktow\/asortyment-oswietlenie\/\" target=\"_blank\" rel=\"noopener noreferrer\">o\u015bwietlenia<\/a> centralnego dobierz do sypialni tak\u017ce lampki nocne \u2013 do\u015bwietlona przestrze\u0144 zyskuje optycznie dodatkowe metry kwadratowe.<\/p>\n<h2>Ma\u0142a sypialnia z szaf\u0105 \u2013 jak j\u0105 urz\u0105dzi\u0107?<\/h2>\n<p>W jaki spos\u00f3b rozmie\u015bci\u0107 meble w sypialni o skromnym metra\u017cu? S\u0105 elementy, bez kt\u00f3rych \u017cadna sypialnia nie mo\u017ce si\u0119 oby\u0107. Zalicza si\u0119 do nich oczywi\u015bcie\u00a0<a href=\"https:\/\/www.brw.pl\/meble\/lozka\/\">\u0142\u00f3\u017cko<\/a>. W przypadku wn\u0119trza dla dwojga najcz\u0119stszy wyb\u00f3r stanowi\u0105 pos\u0142ania o wymiarach 140 \u00d7 200 cm lub 160 \u00d7 200 cm.<\/p>\n<p>W ma\u0142ej sypialni <strong>\u0142\u00f3\u017cko powinno by\u0107 wyposa\u017cone w pojemn\u0105 skrzyni\u0119 na po\u015bciel otwieran\u0105 poprzez podniesienie stela\u017ca do g\u00f3ry<\/strong>. \u0141\u00f3\u017cko z pojemnikiem do przechowywania po\u015bcieli w formie wysuwanej w bok szuflady mo\u017ce okaza\u0107 si\u0119 ma\u0142o praktyczne w takim pomieszczeniu. Je\u015bli Twoja sypialnia jest naprawd\u0119 niewielka, we\u017a pod uwag\u0119 mo\u017cliwo\u015b\u0107 umieszczenia w niej sofy z funkcj\u0105 spania. Dzi\u0119ki temu uda Ci si\u0119 wygospodarowa\u0107 miejsce dla innych mebli.<\/p>\n<p>W sypialni dla pary powinny znale\u017a\u0107 si\u0119 szafki nocne b\u0105d\u017a kompaktowe komody (zapewni\u0105 dodatkowe miejsce do przechowywania) po obu stronach \u0142\u00f3\u017cka, a na nich lampki nocne. Na takim meblu mo\u017cna po\u0142o\u017cy\u0107 r\u00f3wnie\u017c ksi\u0105\u017ck\u0119, zegarek oraz inne potrzebne drobiazgi. Przy mocno ograniczonym metra\u017cu warto rozwa\u017cy\u0107 pomys\u0142\u00a0<strong>zast\u0105pienia szafek nocnych p\u00f3\u0142k\u0105 zawieszon\u0105 nad \u0142\u00f3\u017ckiem<\/strong>. Mo\u017cesz umie\u015bci\u0107 ich nawet kilka. Na p\u00f3\u0142ce ustaw lampki, a tak\u017ce inne drobiazgi: ro\u015bliny, g\u0142o\u015bnik bluetooth czy szkatu\u0142ki na drobiazgi.<\/p>\n<h3>Szafa do ma\u0142ej sypialni &#8211; czym si\u0119 kierowa\u0107 podczas zakupu?<\/h3>\n<p>Je\u015bli w mieszkaniu nie ma miejsca na osobn\u0105 garderob\u0119, trzeba uwzgl\u0119dni\u0107 j\u0105 w jednym z domowych pomieszcze\u0144. Przy ma\u0142ym przedpokoju i salonie, w kt\u00f3rym powinno zosta\u0107 wi\u0119cej wolnej przestrzeni, sypialnia cz\u0119sto jest najodpowiedniejszym do tego celu miejscem (nawet je\u015bli jest niewielka).<\/p>\n<p>Aran\u017cacja ma\u0142ej sypialni z szaf\u0105 to du\u017ce wyzwanie. Dobra wiadomo\u015b\u0107 jest taka, \u017ce mo\u017cna j\u0105 urz\u0105dzi\u0107 tak, by mie\u0107 komfortow\u0105 przestrze\u0144 do przechowywania, a jednocze\u015bnie cieszy\u0107 si\u0119 swobod\u0105 poruszania si\u0119 po wn\u0119trzu.<\/p>\n<p>Wielko\u015b\u0107 <a href=\"https:\/\/www.brw.pl\/meble\/szafy\/\" target=\"_blank\" rel=\"noopener noreferrer\">szafy<\/a> dobierz odpowiednio do metra\u017cu pomieszczenia oraz w\u0142asnych potrzeb. Poszukuj\u0105c odpowiedniego mebla, skup si\u0119 na modelach wyposa\u017conych w p\u00f3\u0142ki i szuflady. Dzi\u0119ki nim nawet ma\u0142ych rozmiar\u00f3w szafa do sypialni b\u0119dzie zadziwiaj\u0105co pakowna.<\/p>\n<p>Dobrze w ma\u0142ej sypialni b\u0119dzie sprawowa\u0107 si\u0119 <strong>mebel z drzwiami przesuwnymi.<\/strong> Modele otwierane klasycznie potrzebuj\u0105 troch\u0119 wolnej przestrzeni dooko\u0142a (ok. 80 cm na swobodne otworzenie drzwi).<\/p>\n<p>Je\u017celi Twoje wn\u0119trze zawiera wn\u0119k\u0119, mo\u017cna b\u0119dzie <span data-color=\"var(--purple-10)\">wstawi\u0107 do niej szaf\u0119 na wymiar<\/span>,<strong> si\u0119gaj\u0105c\u0105 a\u017c po sufit<\/strong>, a w ten spos\u00f3b maksymalnie j\u0105 zagospodarowa\u0107, wykorzystuj\u0105c dodatkow\u0105 przestrze\u0144. W pomieszczeniach o regularnym kszta\u0142cie trzeba szuka\u0107 dla szafy takiego ustawienia, kt\u00f3re nie zablokuje dost\u0119pu do znajduj\u0105cych si\u0119 w nim mebli, ani nie utrudni poruszania si\u0119 po pokoju.<\/p>\n<p>Dobrze w niewielkich sypialniach sprawuj\u0105 si\u0119 szafy wyposa\u017cone we <strong>fronty z lustrem<\/strong>, kt\u00f3re pozwoli Ci optycznie powi\u0119kszy\u0107 ma\u0142e wn\u0119trze. L\u015bni\u0105ce powierzchnie odbijaj\u0105ce \u015bwiat\u0142o optycznie powi\u0119kszaj\u0105 przestrze\u0144.<\/p>\n<h2>Ma\u0142a sypialnia z szaf\u0105 \u2013 aran\u017cacje<\/h2>\n<p>Jak urz\u0105dzi\u0107 ma\u0142\u0105 sypialni\u0119 z szaf\u0105, by by\u0142a ona mi\u0142a dla oka i wygodna w codziennym u\u017cytkowaniu? Jak wspominali\u015bmy wcze\u015bniej, postaw na jasne kolory na \u015bcianach, np. biel, szaro\u015bci, be\u017ce lub delikatne pastele.<\/p>\n<p>Obawiasz si\u0119, \u017ce decyduj\u0105c si\u0119 na jasn\u0105 kolorystyk\u0119, ska\u017cesz swoj\u0105 sypialni\u0119 na nud\u0119? Betonowa \u015bciana doda Twojemu wn\u0119trzu charakteru. Mo\u017cesz zastanowi\u0107 si\u0119 tak\u017ce nad wyko\u0144czeniem ca\u0142ej \u015bciany w sypialni za pomoc\u0105 bielonej ceg\u0142y lub wzorzystej tapety.<\/p>\n<p>Na jakie szafy nale\u017cy zwr\u00f3ci\u0107 uwag\u0119, mebluj\u0105c sypialni\u0119 o niewielkim metra\u017cu? W ofercie BRW znajdziesz minimalistyczn\u0105 <strong>szaf\u0119 naro\u017cn\u0105 Zele<\/strong>. Pozwoli Ci na zagospodarowanie ma\u0142o ustawnego k\u0105ta w pokoju. L\u015bni\u0105cy bia\u0142y front nieco \u201eodchudza\u201d bry\u0142\u0119. W \u015brodku kryje si\u0119 przestrze\u0144 z dr\u0105\u017ckiem do powieszenia ubra\u0144 oraz 4 p\u00f3\u0142ki.<\/p>\n<div style=\"display: flex; align-items: center; justify-content: center; text-align: center;\">\n<figure id=\"attachment_6572\" aria-describedby=\"caption-attachment-6572\" style=\"width: 250px\" class=\"wp-caption alignnone\"><a href=\"https:\/\/www.brw.pl\/szafa-narozna-zele,23888\" target=\"_blank\" rel=\"noopener noreferrer\"><img decoding=\"async\" class=\"wp-image-6572 lazyload\" data-src=\"https:\/\/www.brw.pl\/blog\/wp-content\/uploads\/2019\/08\/szafa-narozna-zele-kolor-dab-wotan-bialy-polysk-32762-xlarge.jpg\" alt=\"Szafa naro\u017cna Zele\" width=\"250\" height=\"188\" src=\"data:image\/svg+xml;base64,PHN2ZyB3aWR0aD0iMSIgaGVpZ2h0PSIxIiB4bWxucz0iaHR0cDovL3d3dy53My5vcmcvMjAwMC9zdmciPjwvc3ZnPg==\" style=\"--smush-placeholder-width: 250px; --smush-placeholder-aspect-ratio: 250\/188;\" \/><\/a><figcaption id=\"caption-attachment-6572\" class=\"wp-caption-text\"><a href=\"https:\/\/www.brw.pl\/szafa-narozna-zele,23888\" target=\"_blank\" rel=\"noopener noreferrer\">Szafa naro\u017cna Zele<\/a><\/figcaption><\/figure>\n<\/div>\n<p>W ma\u0142ej sypialni zaaran\u017cowanej w stylu nowoczesnym lub glamour znakomicie odnajdzie si\u0119 <strong>szafa Azteca Trio.<\/strong> To dosy\u0107 spory, bo a\u017c trzydrzwiowy mebel. Na szcz\u0119\u015bcie nie zdominuje wystroju, gdy\u017c w ca\u0142o\u015bci zachowany jest w bieli lakierowanej na wysoki po\u0142ysk.<\/p>\n<div style=\"display: flex; align-items: center; justify-content: center; text-align: center;\">\n<figure id=\"attachment_1438\" aria-describedby=\"caption-attachment-1438\" style=\"width: 1653px\" class=\"wp-caption alignnone\"><a href=\"https:\/\/www.brw.pl\/szafa-azteca-trio,29633\" target=\"_blank\" rel=\"noopener noreferrer\"><img decoding=\"async\" class=\"wp-image-1438 size-full lazyload\" data-src=\"https:\/\/www.brw.pl\/blog\/wp-content\/uploads\/2016\/06\/04-2.jpg\" alt=\"Black Red White, kolekcja Azteca\" width=\"1653\" height=\"1080\" data-srcset=\"https:\/\/www.brw.pl\/blog\/wp-content\/uploads\/2016\/06\/04-2.jpg 1653w, https:\/\/www.brw.pl\/blog\/wp-content\/uploads\/2016\/06\/04-2-653x427.jpg 653w, https:\/\/www.brw.pl\/blog\/wp-content\/uploads\/2016\/06\/04-2-768x502.jpg 768w, https:\/\/www.brw.pl\/blog\/wp-content\/uploads\/2016\/06\/04-2-1024x669.jpg 1024w\" data-sizes=\"(max-width: 1653px) 100vw, 1653px\" src=\"data:image\/svg+xml;base64,PHN2ZyB3aWR0aD0iMSIgaGVpZ2h0PSIxIiB4bWxucz0iaHR0cDovL3d3dy53My5vcmcvMjAwMC9zdmciPjwvc3ZnPg==\" style=\"--smush-placeholder-width: 1653px; --smush-placeholder-aspect-ratio: 1653\/1080;\" \/><\/a><figcaption id=\"caption-attachment-1438\" class=\"wp-caption-text\"><a href=\"https:\/\/www.brw.pl\/szafa-azteca-trio,29633\" target=\"_blank\" rel=\"noopener noreferrer\">Szafa Azteca Trio<\/a><\/figcaption><\/figure>\n<\/div>\n<p>Aby do wystroju sypialni nie wkrad\u0142 si\u0119 ch\u0142\u00f3d, warto umie\u015bci\u0107 w niej mi\u0119kkie, puszyste tekstylia.<\/p>\n<div style=\"display: flex; align-items: center; justify-content: center; text-align: center;\">\n<figure id=\"attachment_14788\" aria-describedby=\"caption-attachment-14788\" style=\"width: 250px\" class=\"wp-caption alignnone\"><a href=\"https:\/\/www.brw.pl\/dywanik-90x50,25178\" target=\"_blank\" rel=\"noopener noreferrer\"><img decoding=\"async\" class=\"wp-image-14788 lazyload\" data-src=\"https:\/\/www.brw.pl\/blog\/wp-content\/uploads\/2024\/08\/dywanik-90x50-slargea.jpg\" alt=\"Dywanik\" width=\"250\" height=\"188\" src=\"data:image\/svg+xml;base64,PHN2ZyB3aWR0aD0iMSIgaGVpZ2h0PSIxIiB4bWxucz0iaHR0cDovL3d3dy53My5vcmcvMjAwMC9zdmciPjwvc3ZnPg==\" style=\"--smush-placeholder-width: 250px; --smush-placeholder-aspect-ratio: 250\/188;\" \/><\/a><figcaption id=\"caption-attachment-14788\" class=\"wp-caption-text\"><a href=\"https:\/\/www.brw.pl\/dywanik-90x50,25178\">Dywanik<\/a><\/figcaption><\/figure>\n<figure id=\"attachment_24020\" aria-describedby=\"caption-attachment-24020\" style=\"width: 250px\" class=\"wp-caption alignnone\"><a href=\"https:\/\/www.brw.pl\/poszewka-dekoracyjna-rosa,33606\" target=\"_blank\" rel=\"noopener noreferrer\"><img decoding=\"async\" class=\"wp-image-24020 lazyload\" data-src=\"https:\/\/www.brw.pl\/blog\/wp-content\/uploads\/2022\/06\/poszewka-dekoracyjna-rosa.jpg\" alt=\"poszewka dekoracyjna rosa\" width=\"250\" height=\"188\" src=\"data:image\/svg+xml;base64,PHN2ZyB3aWR0aD0iMSIgaGVpZ2h0PSIxIiB4bWxucz0iaHR0cDovL3d3dy53My5vcmcvMjAwMC9zdmciPjwvc3ZnPg==\" style=\"--smush-placeholder-width: 250px; --smush-placeholder-aspect-ratio: 250\/188;\" \/><\/a><figcaption id=\"caption-attachment-24020\" class=\"wp-caption-text\"><a href=\"https:\/\/www.brw.pl\/poszewka-dekoracyjna-rosa,33606\" target=\"_blank\" rel=\"noopener noreferrer\">Poszewka dekoracyjna Rosa<\/a><\/figcaption><\/figure>\n<\/div>\n<p>Przyjrzyj si\u0119 te\u017c bli\u017cej <strong>trzydrzwiowej szafie Holten, <\/strong>kt\u00f3ra wyr\u00f3\u017cnia si\u0119 prost\u0105 geometryczn\u0105 form\u0105. Idealne dope\u0142nienie stanowi\u0105 g\u0142adkie, bezuchwytowe fronty. Dobrze sprawdzi si\u0119 zar\u00f3wno w sypialniach zaaran\u017cowanych nowocze\u015bnie, jak r\u00f3wnie\u017c we wn\u0119trzach skandynawskich.<\/p>\n<div style=\"display: flex; align-items: center; justify-content: center; text-align: center;\">\n<figure id=\"attachment_13852\" aria-describedby=\"caption-attachment-13852\" style=\"width: 1917px\" class=\"wp-caption alignnone\"><a href=\"https:\/\/www.brw.pl\/szafa-holten,36720\" target=\"_blank\" rel=\"noopener noreferrer\"><img decoding=\"async\" class=\"wp-image-13852 size-full lazyload\" data-src=\"https:\/\/www.brw.pl\/blog\/wp-content\/uploads\/2015\/07\/Holten.jpg\" alt=\"Szafa Holten\" width=\"1917\" height=\"1080\" data-srcset=\"https:\/\/www.brw.pl\/blog\/wp-content\/uploads\/2015\/07\/Holten.jpg 1917w, https:\/\/www.brw.pl\/blog\/wp-content\/uploads\/2015\/07\/Holten-800x451.jpg 800w, https:\/\/www.brw.pl\/blog\/wp-content\/uploads\/2015\/07\/Holten-768x433.jpg 768w, https:\/\/www.brw.pl\/blog\/wp-content\/uploads\/2015\/07\/Holten-1536x865.jpg 1536w\" data-sizes=\"(max-width: 1917px) 100vw, 1917px\" src=\"data:image\/svg+xml;base64,PHN2ZyB3aWR0aD0iMSIgaGVpZ2h0PSIxIiB4bWxucz0iaHR0cDovL3d3dy53My5vcmcvMjAwMC9zdmciPjwvc3ZnPg==\" style=\"--smush-placeholder-width: 1917px; --smush-placeholder-aspect-ratio: 1917\/1080;\" \/><\/a><figcaption id=\"caption-attachment-13852\" class=\"wp-caption-text\"><a href=\"https:\/\/www.brw.pl\/szafa-holten,36720\" target=\"_blank\" rel=\"noopener noreferrer\">Szafa Holten<\/a><\/figcaption><\/figure>\n<\/div>\n<p data-pm-slice=\"1 1 []\">Obawiasz si\u0119, \u017ce tak du\u017ca bia\u0142a powierzchnia wprowadzi monotoni\u0119 do aran\u017cacji Twojej sypialni? <strong>Szaf\u0119 Holten<\/strong> bez obaw mo\u017cesz ustawi\u0107 na tle kolorowej \u015bciany. Wi\u0119cej energii do takiego wystroju wprowadzi dywan lub po\u015bciel z geometrycznym wzorem, np. <a href=\"https:\/\/www.brw.pl\/komplet-poscieli-160x200-2x70x80-verde,57879\" target=\"_blank\" rel=\"noopener\"><strong>komplet po\u015bcieli Verde<\/strong><\/a>.<\/p>\n<p data-pm-slice=\"1 1 []\">Potrzebujesz mniejszej szafy? Sprawd\u017a <strong>model <a href=\"https:\/\/www.brw.pl\/szafa-balder,20211\" target=\"_blank\" rel=\"noopener noreferrer\">Balder<\/a><\/strong>. Ma zaledwie 90 cm szeroko\u015bci. Znalezienie dla niej miejsca w ma\u0142ej sypialni nie powinno by\u0107 trudne. W tym modelu jasne drewno pojawia si\u0119 pod postaci\u0105 korpusu z pogrubionymi listwami stanowi\u0105cymi atrakcyjn\u0105 opraw\u0119 dla bia\u0142ego, l\u015bni\u0105cego frontu.<\/p>\n<p>Kolejna propozycja to <strong>szafa Kaspian<\/strong>. Jej wn\u0119trze jest na tyle przestronne i r\u00f3\u017cnorodne, \u017ce z powodzeniem spe\u0142ni funkcj\u0119 domowej garderoby. Naturalny dekor drewna sprawi, \u017ce w Twojej sypialni zapanuje przytulna atmosfera sprzyjaj\u0105ca relaksowi.<\/p>\n<div style=\"display: flex; align-items: center; justify-content: center; text-align: center;\">\n<figure id=\"attachment_24022\" aria-describedby=\"caption-attachment-24022\" style=\"width: 593px\" class=\"wp-caption alignnone\"><a href=\"https:\/\/www.brw.pl\/szafa-kaspian,1177\" target=\"_blank\" rel=\"noopener noreferrer\"><img decoding=\"async\" class=\"wp-image-24022 size-full lazyload\" data-src=\"https:\/\/www.brw.pl\/blog\/wp-content\/uploads\/2022\/06\/szafa-kaspian.jpg\" alt=\"Szafa Kaspian\" width=\"593\" height=\"445\" src=\"data:image\/svg+xml;base64,PHN2ZyB3aWR0aD0iMSIgaGVpZ2h0PSIxIiB4bWxucz0iaHR0cDovL3d3dy53My5vcmcvMjAwMC9zdmciPjwvc3ZnPg==\" style=\"--smush-placeholder-width: 593px; --smush-placeholder-aspect-ratio: 593\/445;\" \/><\/a><figcaption id=\"caption-attachment-24022\" class=\"wp-caption-text\"><a href=\"https:\/\/www.brw.pl\/szafa-kaspian,1177\" target=\"_blank\" rel=\"noopener noreferrer\">Szafa Kaspian<\/a><\/figcaption><\/figure>\n<\/div>\n<p>Szafa ta dobrze odnajdzie si\u0119 w aran\u017cacjach w stylu scandi. Szczypt\u0119 o\u017cywienia do stworzonego z ni\u0105 wystroju wprowadzisz z wykorzystaniem ro\u015blin w dekoracyjnych doniczkach, np. wyplecionych z wikliny lub trawy morskiej. Podobnie mog\u0105 wygl\u0105da\u0107 klosze lamp, np. <a href=\"https:\/\/www.brw.pl\/lampa-wiszaca-amsfield,42597\" target=\"_blank\" rel=\"noopener noreferrer\">model Amsfield<\/a>. Ca\u0142o\u015b\u0107 uzupe\u0142nij po\u015bciel\u0105 z botanicznym wzorem.<\/p>\n<div style=\"display: flex; align-items: center; justify-content: center; text-align: center;\">\n<figure id=\"attachment_20363\" aria-describedby=\"caption-attachment-20363\" style=\"width: 641px\" class=\"wp-caption alignnone\"><a href=\"https:\/\/www.brw.pl\/komplet-poscieli-220x200-balmoral,36075\" target=\"_blank\" rel=\"noopener noreferrer\"><img decoding=\"async\" class=\"wp-image-20363 size-full lazyload\" data-src=\"https:\/\/www.brw.pl\/blog\/wp-content\/uploads\/2021\/10\/Komplet-po\u015bcieli-Balmoral.png\" alt=\"Komplet po\u015bcieli Balmoral\" width=\"641\" height=\"800\" src=\"data:image\/svg+xml;base64,PHN2ZyB3aWR0aD0iMSIgaGVpZ2h0PSIxIiB4bWxucz0iaHR0cDovL3d3dy53My5vcmcvMjAwMC9zdmciPjwvc3ZnPg==\" style=\"--smush-placeholder-width: 641px; --smush-placeholder-aspect-ratio: 641\/800;\" \/><\/a><figcaption id=\"caption-attachment-20363\" class=\"wp-caption-text\"><a href=\"https:\/\/www.brw.pl\/komplet-poscieli-220x200-balmoral,36075\" target=\"_blank\" rel=\"noopener noreferrer\">Komplet po\u015bcieli Balmoral<\/a><\/figcaption><\/figure>\n<\/div>\n<p><strong>Zajrzyj do artyku\u0142u: &#8222;<a href=\"https:\/\/www.brw.pl\/blog\/jak-ocieplic-wnetrze-podpowiadamy\/\" target=\"_blank\" rel=\"noopener noreferrer\">Jak ociepli\u0107 wn\u0119trze? Podpowiadamy!<\/a>&#8222;.<\/strong><\/p>\n<p><strong>Szafa Forn<\/strong> to propozycja dla mi\u0142o\u015bnik\u00f3w nowoczesnych, odwa\u017cnie zaaran\u017cowanych wn\u0119trz. Drewniany korpus mebla efektownie wsp\u00f3\u0142gra z matowymi frontami o zdecydowanym zabarwieniu ozdobionymi geometrycznym frezowaniem.<\/p>\n<p>Z takim meblem uda Ci si\u0119 stworzy\u0107 bardzo stylow\u0105 i nastrojow\u0105 w\u0105sk\u0105 sypialni\u0119 w bloku z szaf\u0105, zachowan\u0105 w szaro\u015bciach i uzupe\u0142nion\u0105 ciemnymi dodatkami. Aby wn\u0119trze nie sprawia\u0142o wra\u017cenie ciemnego i pos\u0119pnego, mo\u017cesz je rozja\u015bni\u0107 przy pomocy akcent\u00f3w w kolorze z\u0142ota.<\/p>\n<div style=\"display: flex; align-items: center; justify-content: center; text-align: center;\">\n<figure id=\"attachment_24023\" aria-describedby=\"caption-attachment-24023\" style=\"width: 250px\" class=\"wp-caption alignnone\"><a href=\"https:\/\/www.brw.pl\/swiecznik,41158\" target=\"_blank\" rel=\"noopener noreferrer\"><img decoding=\"async\" class=\"wp-image-24023 lazyload\" data-src=\"https:\/\/www.brw.pl\/blog\/wp-content\/uploads\/2022\/06\/swiecznik.jpg\" alt=\"\u015awiecznik\" width=\"250\" height=\"187\" src=\"data:image\/svg+xml;base64,PHN2ZyB3aWR0aD0iMSIgaGVpZ2h0PSIxIiB4bWxucz0iaHR0cDovL3d3dy53My5vcmcvMjAwMC9zdmciPjwvc3ZnPg==\" style=\"--smush-placeholder-width: 250px; --smush-placeholder-aspect-ratio: 250\/187;\" \/><\/a><figcaption id=\"caption-attachment-24023\" class=\"wp-caption-text\"><a href=\"https:\/\/www.brw.pl\/swiecznik,41158\" target=\"_blank\" rel=\"noopener noreferrer\">\u015awiecznik<\/a><\/figcaption><\/figure>\n<figure id=\"attachment_24024\" aria-describedby=\"caption-attachment-24024\" style=\"width: 250px\" class=\"wp-caption alignnone\"><a href=\"https:\/\/www.brw.pl\/lampa-stolowa-bemmo,38449\" target=\"_blank\" rel=\"noopener noreferrer\"><img decoding=\"async\" class=\"wp-image-24024 lazyload\" data-src=\"https:\/\/www.brw.pl\/blog\/wp-content\/uploads\/2022\/06\/lampa-bemmo.jpg\" alt=\"Lampa sto\u0142owa Bemmo\" width=\"250\" height=\"188\" src=\"data:image\/svg+xml;base64,PHN2ZyB3aWR0aD0iMSIgaGVpZ2h0PSIxIiB4bWxucz0iaHR0cDovL3d3dy53My5vcmcvMjAwMC9zdmciPjwvc3ZnPg==\" style=\"--smush-placeholder-width: 250px; --smush-placeholder-aspect-ratio: 250\/188;\" \/><\/a><figcaption id=\"caption-attachment-24024\" class=\"wp-caption-text\"><a href=\"https:\/\/www.brw.pl\/lampa-stolowa-bemmo,38449\" target=\"_blank\" rel=\"noopener noreferrer\">Lampa sto\u0142owa Bemmo<\/a><\/figcaption><\/figure>\n<\/div>\n<p>W <strong><a href=\"https:\/\/www.brw.pl\/\" target=\"_blank\" rel=\"noopener\">sklepie internetowym BRW<\/a> <\/strong>znajdziesz zar\u00f3wno\u00a0szaf\u0119 z drzwiami przesuwnymi, jak i uchylnymi. Czekaj\u0105 na Ciebie modele o r\u00f3\u017cnej wielko\u015bci, funkcjonalno\u015bci i wygl\u0105dzie. Z pewno\u015bci\u0105 jest w\u015br\u00f3d nich model, kt\u00f3ry wpisze si\u0119 w Twoje potrzeby oraz stylistyk\u0119 mieszkania. Sprawd\u017a nasz\u0105 ofert\u0119 i wyczaruj pi\u0119kn\u0105 ma\u0142\u0105 sypialni\u0119 w bloku z szaf\u0105!<\/p>\n","protected":false},"excerpt":{"rendered":"<p>Twoja sypialnia nie nale\u017cy do zbyt przestronnych,\u00a0jest w\u0105ska i niezbyt ustawna? Wystarczy troch\u0119 kreatywno\u015bci i umiej\u0119tno\u015bci sprytnego planowania przestrzeni, \u017ceby \u201ewycisn\u0105\u0107\u201d z niej, ile si\u0119 da i stworzy\u0107 funkcjonalne wn\u0119trze. Jak urz\u0105dzi\u0107 ma\u0142\u0105 sypialni\u0119 w bloku z szaf\u0105, by by\u0142a praktyczna, a zarazem klimatyczna? Poznaj inspiracje i pomys\u0142y od Black Red White!<\/p>\n","protected":false},"author":18,"featured_media":24019,"comment_status":"closed","ping_status":"open","sticky":false,"template":"","format":"standard","meta":{"footnotes":""},"categories":[574,29],"tags":[],"aioseo_notices":[],"_links":{"self":[{"href":"https:\/\/www.brw.pl\/blog\/wp-json\/wp\/v2\/posts\/24018"}],"collection":[{"href":"https:\/\/www.brw.pl\/blog\/wp-json\/wp\/v2\/posts"}],"about":[{"href":"https:\/\/www.brw.pl\/blog\/wp-json\/wp\/v2\/types\/post"}],"author":[{"embeddable":true,"href":"https:\/\/www.brw.pl\/blog\/wp-json\/wp\/v2\/users\/18"}],"replies":[{"embeddable":true,"href":"https:\/\/www.brw.pl\/blog\/wp-json\/wp\/v2\/comments?post=24018"}],"version-history":[{"count":11,"href":"https:\/\/www.brw.pl\/blog\/wp-json\/wp\/v2\/posts\/24018\/revisions"}],"predecessor-version":[{"id":37075,"href":"https:\/\/www.brw.pl\/blog\/wp-json\/wp\/v2\/posts\/24018\/revisions\/37075"}],"wp:featuredmedia":[{"embeddable":true,"href":"https:\/\/www.brw.pl\/blog\/wp-json\/wp\/v2\/media\/24019"}],"wp:attachment":[{"href":"https:\/\/www.brw.pl\/blog\/wp-json\/wp\/v2\/media?parent=24018"}],"wp:term":[{"taxonomy":"category","embeddable":true,"href":"https:\/\/www.brw.pl\/blog\/wp-json\/wp\/v2\/categories?post=24018"},{"taxonomy":"post_tag","embeddable":true,"href":"https:\/\/www.brw.pl\/blog\/wp-json\/wp\/v2\/tags?post=24018"}],"curies":[{"name":"wp","href":"https:\/\/api.w.org\/{rel}","templated":true}]}}