{"id":24240,"date":"2022-06-22T12:00:26","date_gmt":"2022-06-22T10:00:26","guid":{"rendered":"https:\/\/www.brw.pl\/blog\/?p=24240"},"modified":"2023-08-25T11:00:50","modified_gmt":"2023-08-25T09:00:50","slug":"szara-kanapa-w-salonie-aranzacje","status":"publish","type":"post","link":"https:\/\/www.brw.pl\/blog\/szara-kanapa-w-salonie-aranzacje\/","title":{"rendered":"Szara kanapa w salonie &#8211; aran\u017cacje"},"content":{"rendered":"<p><strong>Wyb\u00f3r koloru tapicerki kanapy potrafi dostarczy\u0107 wielu dylemat\u00f3w. Je\u015bli nie mo\u017cesz si\u0119 zdecydowa\u0107, postaw na szaro\u015b\u0107! Szara kanapa wpasuje si\u0119 w aran\u017cacj\u0119 salonu w ka\u017cdym stylu. W artykule podpowiemy Ci, z czym mo\u017cna j\u0105 po\u0142\u0105czy\u0107, aby otrzyma\u0107 atrakcyjny, daleki od nudy wystr\u00f3j.<\/strong><\/p>\n<p><!--more--><\/p>\n<p><img decoding=\"async\" class=\"size-full wp-image-24241 aligncenter lazyload\" data-src=\"https:\/\/www.brw.pl\/blog\/wp-content\/uploads\/2022\/06\/szara-kanapa-w-salonie-loksa.jpg\" alt=\"szara kanapa w salonie\" width=\"1619\" height=\"1080\" data-srcset=\"https:\/\/www.brw.pl\/blog\/wp-content\/uploads\/2022\/06\/szara-kanapa-w-salonie-loksa.jpg 1619w, https:\/\/www.brw.pl\/blog\/wp-content\/uploads\/2022\/06\/szara-kanapa-w-salonie-loksa-800x534.jpg 800w, https:\/\/www.brw.pl\/blog\/wp-content\/uploads\/2022\/06\/szara-kanapa-w-salonie-loksa-768x512.jpg 768w, https:\/\/www.brw.pl\/blog\/wp-content\/uploads\/2022\/06\/szara-kanapa-w-salonie-loksa-1536x1025.jpg 1536w\" data-sizes=\"(max-width: 1619px) 100vw, 1619px\" src=\"data:image\/svg+xml;base64,PHN2ZyB3aWR0aD0iMSIgaGVpZ2h0PSIxIiB4bWxucz0iaHR0cDovL3d3dy53My5vcmcvMjAwMC9zdmciPjwvc3ZnPg==\" style=\"--smush-placeholder-width: 1619px; --smush-placeholder-aspect-ratio: 1619\/1080;\" \/><\/p>\n<h2>Szara kanapa w salonie &#8211; klasyka w modnym wydaniu<\/h2>\n<p data-pm-slice=\"1 1 []\">Trendy dyktuj\u0105 nam, kt\u00f3re kolory we wn\u0119trzach b\u0119d\u0105 na topie w danym sezonie. Mo\u017cna za nimi pod\u0105\u017ca\u0107, ale nale\u017cy to robi\u0107 z rozwag\u0105. Mebel wypoczynkowy z tapicerk\u0105 w oryginalnym turkusowym odcieniu b\u0119dzie stanowi\u0142 mocny punkt aran\u017cacji wn\u0119trza. Mo\u017ce jednak okaza\u0107 si\u0119 on dosy\u0107 k\u0142opotliwy przy pr\u00f3bie zmiany wystroju.<\/p>\n<p>Dlatego przy wyborze <a href=\"https:\/\/www.brw.pl\/meble\/meble-wypoczynkowe\/sofy\/\" target=\"_blank\" rel=\"noopener noreferrer\">sofy<\/a> do salonu, nale\u017cy wzi\u0105\u0107 pod uwag\u0119 klasyk\u0119, czyli mebel w kolorze szarym. Wygodna kanapa o tak neutralnym zabarwieniu dobrze odnajdzie si\u0119 zar\u00f3wno w klasycznych aran\u017cacjach, jak i tych zachowanych w stylu nowoczesnym. Szaro\u015bci doskonale komponuj\u0105 si\u0119 z surowym industrializmem, a tak\u017ce \u2013 wci\u0105\u017c bardzo popularn\u0105 \u2013 estetyk\u0105 scandi. Szara sofa mo\u017ce si\u0119 okaza\u0107 cudown\u0105 inspiracj\u0105, ale r\u00f3wnie\u017c meblem na tyle uniwersalnym i ponadczasowym, \u017ce sprawdzi si\u0119 zar\u00f3wno jako element nowoczesnego wystroju, jak i cz\u0119\u015b\u0107 salonu w stylu klasycznym lub innym spokojnym wn\u0119trzu.<\/p>\n<p>Szaro\u015b\u0107 wspaniale \u0142\u0105czy si\u0119 z ka\u017cd\u0105 barw\u0105. R\u00f3wnie dobrze komponuj\u0105 si\u0119 z ni\u0105 ch\u0142odne pastele, co energetyczne, ciep\u0142e kolory. Wszystko zale\u017cy od tego, czy wolisz harmonijne po\u0142\u0105czenia, a mo\u017ce te przyci\u0105gaj\u0105ce wzrok, kontrastowe. Dlatego szar\u0105 sof\u0119 w powodzeniem mo\u017cesz wykorzysta\u0107 r\u00f3wnie\u017c w nowoczesnym salonie.<\/p>\n<p>Z meblem w takim kolorze aran\u017cacja salonu b\u0119dzie niczym czysta karta \u2013 gotowa do zapisania po swojemu. Je\u015bli z czasem Ci si\u0119 ona znudzi, b\u0119dziesz mie\u0107 mo\u017cliwo\u015b\u0107 szybkiego zmiany. Wystarczy wymiana kilku dodatk\u00f3w, by Tw\u00f3j salon zyska\u0142 zupe\u0142nie nowy charakter.<\/p>\n<p>Szary naro\u017cnik lub kanapa sprawi, \u017ce w Twoim wn\u0119trzu zapanuje spokojna atmosfera sprzyjaj\u0105ca wypoczynkowi. Obawiasz si\u0119, \u017ce nie b\u0119dzie ono zbyt przyjazne w odbiorze? \u017bywe ro\u015bliny i kolorowe dodatki sprawi\u0105, \u017ce w salonie zrobi si\u0119 ciep\u0142o i przytulnie.<\/p>\n<h2>Szara kanapa w salonie &#8211; aran\u017cacje<\/h2>\n<p data-pm-slice=\"1 1 []\">Szara kanapa mo\u017ce si\u0119 okaza\u0107 niezwyk\u0142\u0105 inspiracj\u0105. Zastanawiasz si\u0119, jak mo\u017cna urz\u0105dzi\u0107 salon z szar\u0105 kanap\u0105? Je\u017celi zaliczasz si\u0119 do os\u00f3b, kt\u00f3re najlepiej czuj\u0105 si\u0119 w spokojnych, relaksuj\u0105cych wn\u0119trzach, postaw na wystr\u00f3j w stylu skandynawskim z ponadczasow\u0105 biel\u0105 uzupe\u0142nion\u0105 o r\u00f3\u017cne odcienie szaro\u015bci.<\/p>\n<p>\u017beby aran\u017cacja nie wydawa\u0142a si\u0119 zbyt jednostajna, wple\u0107 do niej delikatne pastele, np. mocno rozbielony b\u0142\u0119kit. Lubisz zdecydowane barwy? Postaw na przygaszon\u0105 \u017c\u00f3\u0142\u0107, dostojny grant lub butelkow\u0105 ziele\u0144. Uwa\u017caj jednak na meble i dodatki w odcieniach be\u017cu, bo z szaro\u015bciami trzeba je po\u0142\u0105czy\u0107 rozwa\u017cnie. Aby odpowiednio te kolory dobra\u0107, mo\u017ce Ci pom\u00f3c profesjonalne ko\u0142o barw, kt\u00f3re z pewno\u015bci\u0105 znajdziesz w internetowej wyszukiwarce.<\/p>\n<p>Stylowo w takim wn\u0119trzu b\u0119dzie prezentowa\u0142 si\u0119 mebel o zaokr\u0105glonej formie osadzony na wysokich n\u00f3\u017ckach z drewna. Mo\u017cesz zdecydowa\u0107 si\u0119 tak\u017ce na roz\u0142o\u017cyst\u0105, szar\u0105 kanap\u0119 o geometrycznej formie z oparciem ozdobionym pikowaniem.<\/p>\n<p>Pomieszczenie zyska przytulny klimat, gdy wyposa\u017cysz je w mi\u0119kkie <a href=\"https:\/\/www.brw.pl\/tekstylia\/\" target=\"_blank\" rel=\"noopener noreferrer\">tekstylia<\/a>. Na pod\u0142odze mo\u017ce pojawi\u0107 si\u0119 pleciony <a href=\"https:\/\/www.brw.pl\/tekstylia\/dywany-i-chodniki\/\" target=\"_blank\" rel=\"noopener noreferrer\">dywan<\/a>. Powag\u0119 szarej kanapy dobrze prze\u0142amie wzorzysty pled przerzucony przez jej oparcie oraz dekoracyjne poduszki z chwostami, sup\u0142ami lub grubym splotem prz\u0119dzy. Tak zaaran\u017cowany mebel zyska ciekawy wygl\u0105d, a dodatkowo b\u0119dzie zach\u0119ca\u0142 do wypoczynku.<\/p>\n<p>Czy w salonie urz\u0105dzonym z szar\u0105 sof\u0105 mo\u017cna umie\u015bci\u0107 szare meble? Je\u015bli jest on przestronny i zadbasz, by nie zabrak\u0142o w nim dodatk\u00f3w urozmaicaj\u0105cych wystr\u00f3j, jak najbardziej tak. Twoje pomieszczenie jest raczej niewielkie? Dobrze sprawdz\u0105 si\u0119 w nim <a href=\"https:\/\/www.brw.pl\/katalog-produktow\/asortyment-meble-skrzyniowe\/\" target=\"_blank\" rel=\"noopener noreferrer\">meble skrzyniowe<\/a> zachowane w bieli, kt\u00f3re optycznie je powi\u0119ksz\u0105.<\/p>\n<p>Urod\u0119 kanapy w kolorze szarym dobrze uwypukli drewniana pod\u0142oga. Aran\u017cuj\u0105c wn\u0119trze w stylu skandynawskim, warto zadba\u0107, by znalaz\u0142y si\u0119 w nim naturalne materia\u0142y. Mile widziane b\u0119d\u0105 w nim drewno, bambus, a tak\u017ce wszelkiego rodzaju plecionki, np. z wikliny lub trawy morskiej. Mog\u0105 mie\u0107 one posta\u0107 doniczek na ro\u015bliny lub <a href=\"https:\/\/www.brw.pl\/przechowywanie\/pojemniki-do-przechowywania\/\" target=\"_blank\" rel=\"noopener noreferrer\">pude\u0142, koszy i pojemnik\u00f3w<\/a> na r\u00f3\u017cne drobiazgi. Pi\u0119knie b\u0119d\u0105 si\u0119 prezentowa\u0107 w jasnych barwach, je\u015bli b\u0119d\u0105 zestawione z szaro\u015bciami.<\/p>\n<p>Du\u017c\u0105 popularno\u015bci\u0105 ciesz\u0105 si\u0119 aran\u017cacje salonu w stylu industrialnym z szar\u0105 kanap\u0105 o minimalistycznej formie w roli g\u0142\u00f3wnej. Taki mebel znakomicie b\u0119dzie wygl\u0105da\u0142 umieszczony na tle ceglanej \u015bciany.<\/p>\n<p>Dobrym pomys\u0142em na wprowadzenie przemys\u0142owego ducha do takiego wn\u0119trza jest wyposa\u017cenie go w metalowe lampy pozbawione os\u0142onek lub druciane modele z a\u017curowymi kloszami pe\u0142nymi prze\u015bwit\u00f3w.<\/p>\n<p>W\u015br\u00f3d dekoracji do wn\u0119trz w industrialnych klimatach prym wiod\u0105 te wykonane z metalu o czarnym zabarwieniu wyko\u0144czone matem. Mog\u0105 to by\u0107 proste ramki na zdj\u0119cia, druciany zegar do powieszenia na \u015bcianie, <a href=\"https:\/\/www.brw.pl\/dekoracje\/swiece-i-swieczniki\/\" target=\"_blank\" rel=\"noopener noreferrer\">\u015bwieczniki i lampiony<\/a>, kt\u00f3re ozdobi\u0105 blat komody.<\/p>\n<h2>Szara kanapa wprowadzi do Twojego salonu powiew nowoczesnej klasyki<\/h2>\n<p data-pm-slice=\"1 1 []\">Nie jeste\u015b fanem pow\u015bci\u0105gliwego minimalizmu, ale bogate aran\u017cacje salonu r\u00f3wnie\u017c nie s\u0105 w Twoim stylu? Postaw na nowoczesn\u0105 klasyk\u0119. \u015awietn\u0105 propozycj\u0119 do takiego wn\u0119trza stanowi sofa Zulia z mi\u0119kkimi poduchami oparciowymi, o kt\u00f3re mo\u017cna wygodnie oprze\u0107 plecy i odda\u0107 si\u0119 relaksowi.<\/p>\n<div style=\"display: flex; align-items: center; justify-content: center; text-align: center;\">\n<figure id=\"attachment_24242\" aria-describedby=\"caption-attachment-24242\" style=\"width: 251px\" class=\"wp-caption alignnone\"><a href=\"https:\/\/www.brw.pl\/sofa-zulia,39151\" target=\"_blank\" rel=\"noopener noreferrer\"><img decoding=\"async\" class=\"wp-image-24242 lazyload\" data-src=\"https:\/\/www.brw.pl\/blog\/wp-content\/uploads\/2022\/06\/sofa-zulia.jpg\" alt=\"Sofa Zulia\" width=\"251\" height=\"188\" src=\"data:image\/svg+xml;base64,PHN2ZyB3aWR0aD0iMSIgaGVpZ2h0PSIxIiB4bWxucz0iaHR0cDovL3d3dy53My5vcmcvMjAwMC9zdmciPjwvc3ZnPg==\" style=\"--smush-placeholder-width: 251px; --smush-placeholder-aspect-ratio: 251\/188;\" \/><\/a><figcaption id=\"caption-attachment-24242\" class=\"wp-caption-text\"><a href=\"https:\/\/www.brw.pl\/sofa-zulia,39151\" target=\"_blank\" rel=\"noopener noreferrer\">Sofa Zulia<\/a><\/figcaption><\/figure>\n<\/div>\n<p data-pm-slice=\"1 1 []\">Mebel ten wyr\u00f3\u017cnia si\u0119 kompaktow\u0105 bry\u0142\u0105 pozbawion\u0105 bocznego oparcia. W jego wn\u0119trzu kryje si\u0119 du\u017cy pojemnik na po\u015bciel. Obok takiej sofy z pewno\u015bci\u0105 uda Ci si\u0119 znale\u017a\u0107 troch\u0119 wolnego miejsca na wygodny fotel lub chocia\u017cby niewielki stolik kawowy ze szklanym blatem. Je\u015bli jego podstawa b\u0119dzie wykonana z po\u0142yskuj\u0105cego metalu, wn\u0119trze zyska wi\u0119cej klasy.<\/p>\n<p>Sofa Sentila zjedna Ci\u0119 swoj\u0105 funkcjonalno\u015bci\u0105. Dzi\u0119ki sprawnemu mechanizmowi rozk\u0142adania, przygotowanie jej do snu zajmie Ci dos\u0142ownie chwil\u0119. Zar\u00f3wno siedzisko, jak i oparcie wype\u0142nione s\u0105 spr\u0119\u017cynami typu bonell, a to oznacza jednorodn\u0105, bardzo komfortow\u0105 powierzchni\u0119 do spania oraz wysok\u0105 jako\u015b\u0107 wypoczynku w ci\u0105gu dnia.<\/p>\n<p>Dla jeszcze wi\u0119kszej wygody i lepszego efektu wizualnego mo\u017cesz umie\u015bci\u0107 na powierzchni kanapy kolorowe poduszki. Stanowi\u0105 one \u015bwietny patent na wprowadzenie do aran\u017cacji pomieszczenia szczypty o\u017cywienia, bez zak\u0142\u00f3cania jej spokojnego charakteru.<\/p>\n<p>Zajrzyj do artyku\u0142u: \u201e<a href=\"https:\/\/www.brw.pl\/blog\/jakie-poduszki-do-szarej-kanapy\/\" target=\"_blank\" rel=\"noopener noreferrer\">Jakie poduszki do szarej kanapy? Zainspiruj si\u0119<\/a>.\u201d<\/p>\n<div style=\"display: flex; align-items: center; justify-content: center; text-align: center;\">\n<figure id=\"attachment_18645\" aria-describedby=\"caption-attachment-18645\" style=\"width: 1621px\" class=\"wp-caption alignnone\"><a href=\"https:\/\/www.brw.pl\/sofa-sentila,35715\" target=\"_blank\" rel=\"noopener noreferrer\"><img decoding=\"async\" class=\"wp-image-18645 size-full lazyload\" data-src=\"https:\/\/www.brw.pl\/blog\/wp-content\/uploads\/2021\/06\/SENTILA_LUX_3DL_Matrix-19_ar4-scaled.jpg\" alt=\"Sofa Sentila\" width=\"1621\" height=\"1080\" data-srcset=\"https:\/\/www.brw.pl\/blog\/wp-content\/uploads\/2021\/06\/SENTILA_LUX_3DL_Matrix-19_ar4-scaled.jpg 1621w, https:\/\/www.brw.pl\/blog\/wp-content\/uploads\/2021\/06\/SENTILA_LUX_3DL_Matrix-19_ar4-800x533.jpg 800w, https:\/\/www.brw.pl\/blog\/wp-content\/uploads\/2021\/06\/SENTILA_LUX_3DL_Matrix-19_ar4-768x512.jpg 768w, https:\/\/www.brw.pl\/blog\/wp-content\/uploads\/2021\/06\/SENTILA_LUX_3DL_Matrix-19_ar4-1536x1024.jpg 1536w, https:\/\/www.brw.pl\/blog\/wp-content\/uploads\/2021\/06\/SENTILA_LUX_3DL_Matrix-19_ar4-2048x1365.jpg 2048w\" data-sizes=\"(max-width: 1621px) 100vw, 1621px\" src=\"data:image\/svg+xml;base64,PHN2ZyB3aWR0aD0iMSIgaGVpZ2h0PSIxIiB4bWxucz0iaHR0cDovL3d3dy53My5vcmcvMjAwMC9zdmciPjwvc3ZnPg==\" style=\"--smush-placeholder-width: 1621px; --smush-placeholder-aspect-ratio: 1621\/1080;\" \/><\/a><figcaption id=\"caption-attachment-18645\" class=\"wp-caption-text\"><a href=\"https:\/\/www.brw.pl\/sofa-sentila,35715\" target=\"_blank\" rel=\"noopener noreferrer\">Sofa Sentila<\/a><\/figcaption><\/figure>\n<\/div>\n<p data-pm-slice=\"1 1 []\">\u015awietne t\u0142o dla sofy Sentila b\u0119d\u0105 stanowi\u0142y bia\u0142e lub szare \u015bciany ozdobione sztukateri\u0105. Ta klasyczna dekoracja w po\u0142\u0105czeniu z bardziej zdobnym meblem mog\u0142aby wygl\u0105da\u0107 ci\u0119\u017cko, przesadnie. Prosta i elegancka forma tego modu\u0142u uchroni Twoje wn\u0119trze przed wra\u017ceniem przesady.<\/p>\n<p>Street IV to nowoczesna sofa z funkcj\u0105 spania. Jej masywna bry\u0142a wbrew pozorom jest bardzo ustawna. To zas\u0142uga braku pod\u0142okietnik\u00f3w. Dzi\u0119ki temu z powodzeniem odnajdzie si\u0119 ona w pomieszczeniach o ograniczonym metra\u017cu.<\/p>\n<div style=\"display: flex; align-items: center; justify-content: center; text-align: center;\">\n<figure id=\"attachment_24243\" aria-describedby=\"caption-attachment-24243\" style=\"width: 250px\" class=\"wp-caption alignnone\"><a href=\"https:\/\/www.brw.pl\/sofa-street-iv,39034\" target=\"_blank\" rel=\"noopener noreferrer\"><img decoding=\"async\" class=\"wp-image-24243 lazyload\" data-src=\"https:\/\/www.brw.pl\/blog\/wp-content\/uploads\/2022\/06\/sofa-street.jpg\" alt=\"Sofa street\" width=\"250\" height=\"188\" src=\"data:image\/svg+xml;base64,PHN2ZyB3aWR0aD0iMSIgaGVpZ2h0PSIxIiB4bWxucz0iaHR0cDovL3d3dy53My5vcmcvMjAwMC9zdmciPjwvc3ZnPg==\" style=\"--smush-placeholder-width: 250px; --smush-placeholder-aspect-ratio: 250\/188;\" \/><\/a><figcaption id=\"caption-attachment-24243\" class=\"wp-caption-text\"><a href=\"https:\/\/www.brw.pl\/sofa-street-iv,39034\" target=\"_blank\" rel=\"noopener noreferrer\">Sofa Street IV<\/a><\/figcaption><\/figure>\n<\/div>\n<p>Ta kanapa wspaniale b\u0119dzie prezentowa\u0142a si\u0119 w zestawieniu z metalowymi lampami ze srebrnym wyko\u0144czeniem. Zaaran\u017cowane z ni\u0105 wn\u0119trze zyska wi\u0119cej wyrazu, gdy wprowadzisz do niego wzory inspirowane geometri\u0105. Mog\u0105 pojawi\u0107 si\u0119 one na dywanie lub chocia\u017cby na tapecie zdobi\u0105cej \u015bcian\u0119.<\/p>\n<div style=\"display: flex; align-items: center; justify-content: center; text-align: center;\">\n<figure id=\"attachment_24244\" aria-describedby=\"caption-attachment-24244\" style=\"width: 250px\" class=\"wp-caption alignnone\"><a href=\"https:\/\/www.brw.pl\/sofa-lagossa,43315\" target=\"_blank\" rel=\"noopener noreferrer\"><img decoding=\"async\" class=\"wp-image-24244 lazyload\" data-src=\"https:\/\/www.brw.pl\/blog\/wp-content\/uploads\/2022\/06\/sofa-lagossa.jpg\" alt=\"Sofa Lagossa\" width=\"250\" height=\"188\" src=\"data:image\/svg+xml;base64,PHN2ZyB3aWR0aD0iMSIgaGVpZ2h0PSIxIiB4bWxucz0iaHR0cDovL3d3dy53My5vcmcvMjAwMC9zdmciPjwvc3ZnPg==\" style=\"--smush-placeholder-width: 250px; --smush-placeholder-aspect-ratio: 250\/188;\" \/><\/a><figcaption id=\"caption-attachment-24244\" class=\"wp-caption-text\"><a href=\"https:\/\/www.brw.pl\/sofa-lagossa,43315\" target=\"_blank\" rel=\"noopener noreferrer\">Sofa Lagossa<\/a><\/figcaption><\/figure>\n<\/div>\n<p>Tw\u00f3j salon jest raczej niewielki, dlatego poszukujesz do niego zgrabnego, por\u0119cznego mebla? Zwr\u00f3\u0107 uwag\u0119 na sof\u0119 Lagossa osadzon\u0105 na smuk\u0142ych n\u00f3\u017ckach z bokami wykonanymi z litego drewna. Stanowi ona kwintesencj\u0119 elegancji. Jej ty\u0142 jest wyko\u0144czony tkanin\u0105 meblow\u0105, dlatego bez problemu mo\u017cna ulokowa\u0107 j\u0105 w centralnej cz\u0119\u015bci pokoju.<\/p>\n<p data-pm-slice=\"1 1 []\">W <a href=\"https:\/\/www.brw.pl\/\" target=\"_blank\" rel=\"noopener noreferrer\">sklepie internetowym BRW<\/a> znajdziesz meble wypoczynkowe, dzi\u0119ki kt\u00f3rym Tw\u00f3j salon b\u0119dzie budzi\u0142 zachwyt u zaproszonych go\u015bci oraz uwielbienie domownik\u00f3w. Zajrzyj do nas i wybierz co\u015b dla siebie.<\/p>\n","protected":false},"excerpt":{"rendered":"<p>Wyb\u00f3r koloru tapicerki kanapy potrafi dostarczy\u0107 wielu dylemat\u00f3w. Je\u015bli nie mo\u017cesz si\u0119 zdecydowa\u0107, postaw na szaro\u015b\u0107! Szara kanapa wpasuje si\u0119 w aran\u017cacj\u0119 salonu w ka\u017cdym stylu. W artykule podpowiemy Ci, z czym mo\u017cna j\u0105 po\u0142\u0105czy\u0107, aby otrzyma\u0107 atrakcyjny, daleki od nudy wystr\u00f3j.<\/p>\n","protected":false},"author":18,"featured_media":24241,"comment_status":"closed","ping_status":"open","sticky":false,"template":"","format":"standard","meta":{"footnotes":""},"categories":[574,735],"tags":[],"aioseo_notices":[],"_links":{"self":[{"href":"https:\/\/www.brw.pl\/blog\/wp-json\/wp\/v2\/posts\/24240"}],"collection":[{"href":"https:\/\/www.brw.pl\/blog\/wp-json\/wp\/v2\/posts"}],"about":[{"href":"https:\/\/www.brw.pl\/blog\/wp-json\/wp\/v2\/types\/post"}],"author":[{"embeddable":true,"href":"https:\/\/www.brw.pl\/blog\/wp-json\/wp\/v2\/users\/18"}],"replies":[{"embeddable":true,"href":"https:\/\/www.brw.pl\/blog\/wp-json\/wp\/v2\/comments?post=24240"}],"version-history":[{"count":5,"href":"https:\/\/www.brw.pl\/blog\/wp-json\/wp\/v2\/posts\/24240\/revisions"}],"predecessor-version":[{"id":37378,"href":"https:\/\/www.brw.pl\/blog\/wp-json\/wp\/v2\/posts\/24240\/revisions\/37378"}],"wp:featuredmedia":[{"embeddable":true,"href":"https:\/\/www.brw.pl\/blog\/wp-json\/wp\/v2\/media\/24241"}],"wp:attachment":[{"href":"https:\/\/www.brw.pl\/blog\/wp-json\/wp\/v2\/media?parent=24240"}],"wp:term":[{"taxonomy":"category","embeddable":true,"href":"https:\/\/www.brw.pl\/blog\/wp-json\/wp\/v2\/categories?post=24240"},{"taxonomy":"post_tag","embeddable":true,"href":"https:\/\/www.brw.pl\/blog\/wp-json\/wp\/v2\/tags?post=24240"}],"curies":[{"name":"wp","href":"https:\/\/api.w.org\/{rel}","templated":true}]}}