{"id":24304,"date":"2022-06-27T08:00:36","date_gmt":"2022-06-27T06:00:36","guid":{"rendered":"https:\/\/www.brw.pl\/blog\/?p=24304"},"modified":"2023-11-29T11:02:31","modified_gmt":"2023-11-29T10:02:31","slug":"salon-shabby-chic-aranzacje","status":"publish","type":"post","link":"https:\/\/www.brw.pl\/blog\/salon-shabby-chic-aranzacje\/","title":{"rendered":"Salon shabby chic &#8211; aran\u017cacje"},"content":{"rendered":"<p data-pm-slice=\"1 1 []\"><strong>Styl shabby chic to absolutnie unikalne po\u0142\u0105czenia, kt\u00f3re nigdy nie s\u0105 oczywisto\u015bci\u0105. Jednak wbrew pozorom przestrze\u0144, w kt\u00f3rej znajduje si\u0119 styl prowansalski, troch\u0119 stylu retro, a tak\u017ce zaplanowana staromodno\u015b\u0107 &#8211; mo\u017ce si\u0119 prezentowa\u0107 zachwycaj\u0105co. Urz\u0105dzanie salonu w stylu shabby chic przypomina podr\u00f3\u017c wehiku\u0142em czasu. Wsi\u0105d\u017a do niego razem z nami i zaaran\u017cuj w tej estetyce pok\u00f3j dzienny!<\/strong><\/p>\n<p><!--more--><\/p>\n<p><center><img decoding=\"async\" class=\"alignnone size-medium wp-image-24307 lazyload\" data-src=\"https:\/\/www.brw.pl\/blog\/wp-content\/uploads\/2022\/06\/idento-aranz-2-800x540.jpg\" alt=\"Salon Idento\" width=\"800\" height=\"540\" data-srcset=\"https:\/\/www.brw.pl\/blog\/wp-content\/uploads\/2022\/06\/idento-aranz-2-800x540.jpg 800w, https:\/\/www.brw.pl\/blog\/wp-content\/uploads\/2022\/06\/idento-aranz-2-768x518.jpg 768w, https:\/\/www.brw.pl\/blog\/wp-content\/uploads\/2022\/06\/idento-aranz-2-1536x1037.jpg 1536w, https:\/\/www.brw.pl\/blog\/wp-content\/uploads\/2022\/06\/idento-aranz-2.jpg 1596w\" data-sizes=\"(max-width: 800px) 100vw, 800px\" src=\"data:image\/svg+xml;base64,PHN2ZyB3aWR0aD0iMSIgaGVpZ2h0PSIxIiB4bWxucz0iaHR0cDovL3d3dy53My5vcmcvMjAwMC9zdmciPjwvc3ZnPg==\" style=\"--smush-placeholder-width: 800px; --smush-placeholder-aspect-ratio: 800\/540;\" \/><\/center><\/p>\n<h2 data-pm-slice=\"1 1 []\"><strong>Salon shabby chic \u2013 co go wyr\u00f3\u017cnia?<\/strong><\/h2>\n<p data-pm-slice=\"1 1 []\">Co kryje si\u0119 pod tajemniczym terminem <em>shabby chic<\/em>? W dos\u0142ownym przek\u0142adzie z j\u0119zyka angielskiego <em>shabby<\/em> oznacza: brudny, zniszczony, obdarty, a <em>chic<\/em> to po prostu szyk. Nie brzmi zach\u0119caj\u0105co, prawda? Pozory myl\u0105. Najtrafniejsze t\u0142umaczenie to: staromodny szyk. Styl shabby chic jest powleczony patyn\u0105. <strong>Meble i dodatki odzwierciedlaj\u0105 estetyk\u0119 retro, a przetarcia i rysy s\u0105 celowo zachowane lub wr\u0119cz naniesione, podobnie jak ma to miejsce w stylu prowansalskim.<\/strong> Wykorzystuje si\u0119 r\u00f3\u017cne techniki postarzania mebli shabby chic. Mo\u017cesz nawet zrobi\u0107 to sam (sama) za pomoc\u0105 papieru \u015bciernego, je\u015bli chcesz urz\u0105dzi\u0107 wn\u0119trze w takim klimacie!<\/p>\n<p data-pm-slice=\"1 1 []\">Wyst\u0119puj\u0105ce tak\u017ce w <a href=\"https:\/\/www.brw.pl\/blog\/przedpokoj-w-stylu-prowansalskim-francuski-klimat-na-progu-twojego-domu\/\" target=\"_blank\" rel=\"noopener noreferrer\">stylu prowansalskim<\/a> <strong>biel i jej z\u0142amane odcienie s\u0105 bardzo charakterystyczne dla shabby chic<\/strong>. Drewno w kolorze naturalnym? Niekoniecznie. Meble przewa\u017cnie s\u0105 bia\u0142e. Ponadto w aran\u017cacji wn\u0119trz u\u017cywa si\u0119 pastelowych ods\u0142on r\u00f3\u017cu, b\u0142\u0119kitu, zieleni. Lubi\u0105 je zw\u0142aszcza dekoracje shabby.<\/p>\n<h2><strong>Salon w stylu shabby chic \u2013 jak go urz\u0105dzi\u0107?<\/strong><\/h2>\n<p data-pm-slice=\"1 1 []\">Urz\u0105dzenie pokoju dziennego zgodnie z trendem shabby chic b\u0119dzie prawdziw\u0105 przygod\u0105, je\u015bli podejdziesz do tego z entuzjazmem i znajdziesz czas na poszukiwania wymarzonych sprz\u0119t\u00f3w i dekoracji w sklepach z antykami b\u0105d\u017a na pchlim targu. Nie grzeszysz cierpliwo\u015bci\u0105? Nie przejmuj si\u0119, wszystko czego potrzebujesz, dostaniesz te\u017c w du\u017cych sklepach wn\u0119trzarskich, na przyk\u0142ad Black Red White. Sfatygowany szyk takich wn\u0119trz mog\u0105 prezentowa\u0107 r\u00f3wnie\u017c ca\u0142kiem nowe meble &#8211; decyzja nale\u017cy do Ciebie.<\/p>\n<h3><strong>Meble \u2013 starej daty, ale szykowne<\/strong><\/h3>\n<p data-pm-slice=\"1 1 []\">Meble shabby chic maj\u0105 w sobie ducha vintage. Nie daj si\u0119 zwie\u017a\u0107 ich \u201ebabcinym\u201d wygl\u0105dem! To sprz\u0119ty z klas\u0105, s\u0105 jak wino \u2013 im starsze, tym lepsze.<\/p>\n<p data-pm-slice=\"1 1 []\">Co jest najwa\u017cniejsze w salonie? Oczywi\u015bcie sofa! Kanapa shabby, oboj\u0119tnie \u2013 g\u0142adka czy wzorzysta, powinna mie\u0107 wdzi\u0119cznie wygi\u0119te pod\u0142okietniki i figlarnie rze\u017abione n\u00f3\u017cki. Mile widziane s\u0105 motywy kwiatowe, kt\u00f3re w stylu shabby chic mo\u017cemy dostrzec do\u015b\u0107 cz\u0119sto. Profilowane nogi s\u0105 mile widziane r\u00f3wnie\u017c w przypadku foteli, stolik\u00f3w kawowych, kredens\u00f3w. Na regale, stole czy komodzie warto zastosowa\u0107 \u201eprzecierk\u0119\u201d. Nieregularne przetarcia daj\u0105 wyj\u0105tkowo malowniczy efekt, idealnie wpisuj\u0105c si\u0119 w styl shabby chic. Niew\u0105tpliwie dzi\u0119ki takim meblom wn\u0119trza w stylu shabby chic zyskuj\u0105 niepowtarzalny klimat.<\/p>\n<p data-pm-slice=\"1 1 []\">Zobacz, jakie meble z oferty BRW z powodzeniem wstawisz do pokoju dziennego shabby.<\/p>\n<p><center><img decoding=\"async\" class=\"alignnone size-full wp-image-20516 lazyload\" data-src=\"https:\/\/www.brw.pl\/blog\/wp-content\/uploads\/2021\/10\/Sofa-Cupido.jpg\" alt=\"\" width=\"593\" height=\"445\" src=\"data:image\/svg+xml;base64,PHN2ZyB3aWR0aD0iMSIgaGVpZ2h0PSIxIiB4bWxucz0iaHR0cDovL3d3dy53My5vcmcvMjAwMC9zdmciPjwvc3ZnPg==\" style=\"--smush-placeholder-width: 593px; --smush-placeholder-aspect-ratio: 593\/445;\" \/><\/center><\/p>\n<p style=\"text-align: center;\"><strong><a href=\"https:\/\/www.brw.pl\/sofa-cupido,35753\" target=\"_blank\" rel=\"noopener noreferrer\">SOFA CUPIDO<\/a><\/strong><\/p>\n<p data-pm-slice=\"1 1 []\">Sofa Cupido kolorystycznie nieco odbiega od konwencji shabby chic. Musztardowy odcie\u0144 z domieszk\u0105 zieleni trudno nazwa\u0107 pastelowym. Jednak nadrabia to staro\u015bwiecki kszta\u0142t bry\u0142y z zabawnie zawini\u0119tymi pod\u0142okietnikami i p\u0119katymi drewnianymi stopkami, to jego cechy charakterystyczne. Siedzisko wype\u0142niono piank\u0105 i spr\u0119\u017cyn\u0105 falist\u0105, a dw\u00f3m poduchom oparciowym towarzyszy duet poduszek dekoracyjnych, zatem na tej kanapie wypoczniesz jak kr\u00f3l. Mieszkasz z ma\u0142ymi dzie\u0107mi lub zwierz\u0119tami? Nie musisz zbytnio przejmowa\u0107 si\u0119 ewentualnymi zabrudzeniami. Tkanina, jak\u0105 pokryto sof\u0119, jest hydrofobowa i \u0142atwoczyszcz\u0105ca. Upstrzona motywami kwiatowymi b\u0119dzie r\u00f3wnie\u017c skutecznie ukrywa\u0107 drobne plamki.<\/p>\n<div style=\"display: flex; flex-wrap: wrap; align-items: center; justify-content: center; text-align: center;\">\n<figure id=\"attachment_20530\" aria-describedby=\"caption-attachment-20530\" style=\"width: 285px\" class=\"wp-caption aligncenter\"><img decoding=\"async\" class=\"wp-image-20530 lazyload\" data-src=\"https:\/\/www.brw.pl\/blog\/wp-content\/uploads\/2022\/06\/fotel-hebe.jpg\" alt=\"Fotel Hebe\" width=\"285\" height=\"214\" src=\"data:image\/svg+xml;base64,PHN2ZyB3aWR0aD0iMSIgaGVpZ2h0PSIxIiB4bWxucz0iaHR0cDovL3d3dy53My5vcmcvMjAwMC9zdmciPjwvc3ZnPg==\" style=\"--smush-placeholder-width: 285px; --smush-placeholder-aspect-ratio: 285\/214;\" \/><figcaption id=\"caption-attachment-20530\" class=\"wp-caption-text\"><a href=\"https:\/\/www.brw.pl\/fotel-hebe,42211\" target=\"_blank\" rel=\"noopener noreferrer\"><span style=\"font-weight: 400;\">Fotel Hebe<\/span><\/a><\/figcaption><\/figure>\n<figure id=\"attachment_20531\" aria-describedby=\"caption-attachment-20531\" style=\"width: 285px\" class=\"wp-caption aligncenter\"><img decoding=\"async\" class=\"wp-image-20531 lazyload\" data-src=\"https:\/\/www.brw.pl\/blog\/wp-content\/uploads\/2022\/06\/fotel-noja.jpg\" alt=\"Fotel Noja\" width=\"285\" height=\"214\" src=\"data:image\/svg+xml;base64,PHN2ZyB3aWR0aD0iMSIgaGVpZ2h0PSIxIiB4bWxucz0iaHR0cDovL3d3dy53My5vcmcvMjAwMC9zdmciPjwvc3ZnPg==\" style=\"--smush-placeholder-width: 285px; --smush-placeholder-aspect-ratio: 285\/214;\" \/><figcaption id=\"caption-attachment-20531\" class=\"wp-caption-text\"><a href=\"https:\/\/www.brw.pl\/fotel-noja,43224\" target=\"_blank\" rel=\"noopener noreferrer\"><span style=\"font-weight: 400;\">Fotel Noja<\/span><\/a><\/figcaption><\/figure>\n<\/div>\n<p>&nbsp;<\/p>\n<p data-pm-slice=\"1 1 []\">Lubisz ponadczasowe fotele uszaki? Przyjrzyj si\u0119 <strong>modelowi Hebe<\/strong>. Jest du\u017cy, wygodny, zach\u0119ca, aby si\u0119 w nim rozsi\u0105\u015b\u0107 z dobr\u0105 powie\u015bci\u0105 i kubkiem orze\u017awiaj\u0105cej lemoniady. Barwy shabby chic s\u0105 widoczne na uroczym obiciu \u2013 kremowe t\u0142o o\u017cywiaj\u0105 kwiaty, motyle, ptaki w r\u00f3\u017cach i b\u0142\u0119kitach z nut\u0105 bladego fioletu. Ca\u0142\u0105 konstrukcj\u0119 podtrzymuj\u0105 szeroko rozstawione solidne metalowe n\u00f3\u017cki.<\/p>\n<p data-pm-slice=\"1 1 []\"><strong>Fotel Noja<\/strong> jest mniejszy i l\u017cejszy. Siedzisko opiera si\u0119 na czterech smuk\u0142ych drewnianych nogach. Dese\u0144 tapicerki ujmuje swoj\u0105 subtelno\u015bci\u0105. Papugi siedz\u0105ce na rachitycznych ga\u0142\u0105zkach obsypanych bia\u0142ym kwieciem wygl\u0105daj\u0105, jakby nam si\u0119 przygl\u0105da\u0142y. Na takim fotelu przyjemnie usi\u0105\u015b\u0107 z fili\u017cank\u0105 kawy i poplotkowa\u0107 z przyjaci\u00f3\u0142k\u0105.<\/p>\n<h3><strong>O\u015bwietlenie \u2013 stylowe i nastrojowe<\/strong><\/h3>\n<p data-pm-slice=\"1 1 []\">Trend shabby chic uwielbia staromodne lampy, szczeg\u00f3lnie \u017cyrandole i kinkiety na \u015bcianach. Ich blask wydob\u0119dzie z cienia detale w stylu shabby \u2013 p\u0119kni\u0119cia na meblach, start\u0105 tu i \u00f3wdzie farb\u0119, kt\u00f3ra jednak potrafi uwypukli\u0107 elegancj\u0119. Wszystko, co nadaje pomieszczeniu szlachetny rys.<\/p>\n<div style=\"display: flex; flex-wrap: wrap; align-items: center; justify-content: center; text-align: center;\">\n<figure id=\"attachment_20530\" aria-describedby=\"caption-attachment-20530\" style=\"width: 285px\" class=\"wp-caption aligncenter\"><img decoding=\"async\" class=\"wp-image-20530 lazyload\" data-src=\"https:\/\/www.brw.pl\/blog\/wp-content\/uploads\/2021\/05\/\u017byrandol-Carpento.jpg\" alt=\"\u017byrandol Carpento\" width=\"285\" height=\"214\" src=\"data:image\/svg+xml;base64,PHN2ZyB3aWR0aD0iMSIgaGVpZ2h0PSIxIiB4bWxucz0iaHR0cDovL3d3dy53My5vcmcvMjAwMC9zdmciPjwvc3ZnPg==\" style=\"--smush-placeholder-width: 285px; --smush-placeholder-aspect-ratio: 285\/214;\" \/><figcaption id=\"caption-attachment-20530\" class=\"wp-caption-text\"><a href=\"https:\/\/www.brw.pl\/zyrandol-carpento,24283\" target=\"_blank\" rel=\"noopener noreferrer\"><span style=\"font-weight: 400;\">\u017byrandol Carpento<\/span><\/a><\/figcaption><\/figure>\n<figure id=\"attachment_20531\" aria-describedby=\"caption-attachment-20531\" style=\"width: 285px\" class=\"wp-caption aligncenter\"><img decoding=\"async\" class=\"wp-image-20531 lazyload\" data-src=\"https:\/\/www.brw.pl\/blog\/wp-content\/uploads\/2022\/06\/kinkiet-cornelia.jpg\" alt=\"Kinkiet Cornelia\" width=\"285\" height=\"214\" src=\"data:image\/svg+xml;base64,PHN2ZyB3aWR0aD0iMSIgaGVpZ2h0PSIxIiB4bWxucz0iaHR0cDovL3d3dy53My5vcmcvMjAwMC9zdmciPjwvc3ZnPg==\" style=\"--smush-placeholder-width: 285px; --smush-placeholder-aspect-ratio: 285\/214;\" \/><figcaption id=\"caption-attachment-20531\" class=\"wp-caption-text\"><a href=\"https:\/\/www.brw.pl\/kinkiet-cornelia,34961\" target=\"_blank\" rel=\"noopener noreferrer\"><span style=\"font-weight: 400;\">Kinkiet Cornelia<\/span><\/a><\/figcaption><\/figure>\n<\/div>\n<p>&nbsp;<\/p>\n<p data-pm-slice=\"1 1 []\"><strong>\u017byrandol Carpento<\/strong> wykonano z metalu i szk\u0142a. Rze\u017abienia i mieni\u0105ce si\u0119 kryszta\u0142ki w kszta\u0142cie \u0142ez dodaj\u0105 mu elegancji. Lampa pasuje do salonu, w kt\u00f3rym po\u0142o\u017cono nacisk na <em>chic<\/em>, <em>shabby<\/em> sprowadzaj\u0105c na drugi plan. Odnajdzie si\u0119 tak\u017ce we wn\u0119trzach inspirowanych glamour. Podobnie jak <strong>kinkiet Cornelia<\/strong> z jego gustownymi kryszta\u0142ami i marszczonym materia\u0142owym aba\u017curem.<\/p>\n<h3><strong>Dodatki shabby chic \u2013 kwiaty, koronki, decoupage<\/strong><\/h3>\n<p data-pm-slice=\"1 1 []\">Styl shabby chic przepada za kwiatowymi ornamentami, koronkowymi serwetami i haftowanymi makatkami. Charakterystyczne dla niego s\u0105 analogowe zegary z delikatnym rysunkiem na tarczy, na przyk\u0142ad wykonanym technik\u0105 decoupage. Zreszt\u0105 niemal \u017cadna dekoracja shabby nie pogardzi decoupage. W ten spos\u00f3b ozdabiane s\u0105 pude\u0142ka do przechowywania, ramki na zdj\u0119cia, doniczki. W salonie shabby chic stawia si\u0119 te\u017c bielone wiklinowe kosze, a staro\u015bwieck\u0105 porcelan\u0119 podziwia zza szyby kredensu b\u0105d\u017a witryny.<\/p>\n<div style=\"display: flex; flex-wrap: wrap; align-items: center; justify-content: center; text-align: center;\">\n<figure id=\"attachment_20530\" aria-describedby=\"caption-attachment-20530\" style=\"width: 285px\" class=\"wp-caption aligncenter\"><img decoding=\"async\" class=\"wp-image-20530 lazyload\" data-src=\"https:\/\/www.brw.pl\/blog\/wp-content\/uploads\/2020\/04\/zegar-lawenda-e1586858487942.jpg\" alt=\"Zegar Lawenda\" width=\"285\" height=\"214\" src=\"data:image\/svg+xml;base64,PHN2ZyB3aWR0aD0iMSIgaGVpZ2h0PSIxIiB4bWxucz0iaHR0cDovL3d3dy53My5vcmcvMjAwMC9zdmciPjwvc3ZnPg==\" style=\"--smush-placeholder-width: 285px; --smush-placeholder-aspect-ratio: 285\/214;\" \/><figcaption id=\"caption-attachment-20530\" class=\"wp-caption-text\"><a href=\"https:\/\/www.brw.pl\/zegar-scienny-lawenda,26585\" target=\"_blank\" rel=\"noopener noreferrer\"><span style=\"font-weight: 400;\">Zegar Lawenda<\/span><\/a><\/figcaption><\/figure>\n<figure id=\"attachment_20531\" aria-describedby=\"caption-attachment-20531\" style=\"width: 285px\" class=\"wp-caption aligncenter\"><img decoding=\"async\" class=\"wp-image-20531 lazyload\" data-src=\"https:\/\/www.brw.pl\/blog\/wp-content\/uploads\/2015\/10\/ramka-2-e1585214481288.jpg\" alt=\"Ramka na zdj\u0119cie\" width=\"285\" height=\"214\" src=\"data:image\/svg+xml;base64,PHN2ZyB3aWR0aD0iMSIgaGVpZ2h0PSIxIiB4bWxucz0iaHR0cDovL3d3dy53My5vcmcvMjAwMC9zdmciPjwvc3ZnPg==\" style=\"--smush-placeholder-width: 285px; --smush-placeholder-aspect-ratio: 285\/214;\" \/><figcaption id=\"caption-attachment-20531\" class=\"wp-caption-text\"><a href=\"https:\/\/www.brw.pl\/ramka-na-zdjecie,8576\" target=\"_blank\" rel=\"noopener noreferrer\"><span style=\"font-weight: 400;\">Ramka na zdj\u0119cie<\/span><\/a><\/figcaption><\/figure>\n<\/div>\n<p>&nbsp;<\/p>\n<h2><strong>Salon shabby chic \u2013 aran\u017cacje<\/strong><\/h2>\n<p data-pm-slice=\"1 1 []\">Pami\u0119taj, \u017ce wn\u0119trza shabby chic nie musz\u0105 przypomina\u0107 mieszkania prababci. Od Ciebie zale\u017cy, czy zdecydujesz si\u0119 pok\u00f3j dzienny w stu procentach shabby, czy raczej dyskretnie zaakcentujesz t\u0119 estetyk\u0119 w formie kilku dodatk\u00f3w i jednego przetartego mebla. Zapoznaj si\u0119 z naszymi propozycjami aran\u017cacyjnymi.<\/p>\n<h3><strong>Klimat shabby chic w turkusowo-bia\u0142ym salonie<\/strong><\/h3>\n<p><center><img decoding=\"async\" data-src=\"https:\/\/images.surferseo.art\/daa00623-e41e-4f72-98f5-1398eaa7f78a.jpeg\" alt=\"Salon z turkusowymi \u015bcianami\" src=\"data:image\/svg+xml;base64,PHN2ZyB3aWR0aD0iMSIgaGVpZ2h0PSIxIiB4bWxucz0iaHR0cDovL3d3dy53My5vcmcvMjAwMC9zdmciPjwvc3ZnPg==\" class=\"lazyload\" \/><\/center>&nbsp;<\/p>\n<p data-pm-slice=\"1 1 []\">Sp\u00f3jrz, jak \u0142adnie komponuj\u0105 si\u0119 bia\u0142e meble z <a href=\"https:\/\/www.brw.pl\/kolekcja-idento,277\" target=\"_blank\" rel=\"noopener noreferrer\">kolekcji Idento<\/a> z turkusowymi \u015bcianami. Na szczeg\u00f3ln\u0105 uwag\u0119 zas\u0142uguj\u0105 dekoracyjne metalowe uchwyty (typowe dla shabby chic), frezy w stylu vintage oraz romantyczny aran\u017c <a href=\"https:\/\/www.brw.pl\/komoda-idento,11229\" target=\"_blank\" rel=\"noopener noreferrer\">komody<\/a>. Pojemny mebel posiada a\u017c cztery szuflady i dwie szafki. Na blacie ustawiono zdj\u0119cia w ramkach, ceramiczne figurki, wazon pe\u0142en bia\u0142ych r\u00f3\u017c, szklane ozdoby. Ceramika znajduje si\u0119 te\u017c na p\u00f3\u0142kach i w <a href=\"https:\/\/www.brw.pl\/witryna-idento,11240\" target=\"_blank\" rel=\"noopener noreferrer\">witrynie<\/a>. To przestrze\u0144, kt\u00f3ra \u0142\u0105czy przesz\u0142o\u015b\u0107 z tera\u017aniejszo\u015bci\u0105.<\/p>\n<p><strong>Cz\u0119\u015b\u0107 mebli z kolekcji mo\u017cesz obejrze\u0107 r\u00f3wnie\u017c na filmach, np. komod\u0119 Idento:<\/strong><\/p>\n<div class=\"videoWrapper\"><iframe title=\"Komoda Idento\" data-src=\"https:\/\/www.youtube.com\/embed\/CCQLHrwLBpw\" frameborder=\"0\" allowfullscreen=\"allowfullscreen\" src=\"data:image\/svg+xml;base64,PHN2ZyB3aWR0aD0iMSIgaGVpZ2h0PSIxIiB4bWxucz0iaHR0cDovL3d3dy53My5vcmcvMjAwMC9zdmciPjwvc3ZnPg==\" class=\"lazyload\" data-load-mode=\"1\"><\/iframe><\/div>\n<p>&nbsp;<\/p>\n<h3><strong>Pok\u00f3j dzienny z bielonymi meblami i pod\u0142og\u0105<\/strong><\/h3>\n<p><center><img decoding=\"async\" data-src=\"https:\/\/images.surferseo.art\/f97bc9b8-c153-4705-a4b4-21e9de49944c.jpeg\" alt=\"Kolekcja Romance w salonie\" src=\"data:image\/svg+xml;base64,PHN2ZyB3aWR0aD0iMSIgaGVpZ2h0PSIxIiB4bWxucz0iaHR0cDovL3d3dy53My5vcmcvMjAwMC9zdmciPjwvc3ZnPg==\" class=\"lazyload\" \/><\/center>&nbsp;<\/p>\n<p data-pm-slice=\"1 1 []\">W aran\u017cacji salonu z <a href=\"https:\/\/www.brw.pl\/kolekcja-romance,435\" target=\"_blank\" rel=\"noopener noreferrer\">kolekcj\u0105 Romance<\/a> za atmosfer\u0119 shabby chic odpowiadaj\u0105 bielone meble, pod\u0142oga, stolik kawowy z widocznymi p\u0119kni\u0119ciami. Co prawda, w pod\u015bwietlonej <a href=\"https:\/\/www.brw.pl\/witryna-romance,16837\" target=\"_blank\" rel=\"noopener noreferrer\">witrynie<\/a> wyeksponowano nowoczesne dekoracje, ale takie zestawienie nie razi, wr\u0119cz przeciwnie. Przytulno\u015bci dodaj\u0105 poduszki dekoracyjne roz\u0142o\u017cone tak\u017ce na pod\u0142odze, puchaty dywan shaggy umieszczony na kolejnym, wi\u0119kszym dywanie. Lawendowa \u015bciana stanowi idealne t\u0142o dla bia\u0142ych mebli, podkre\u015blaj\u0105c ich kolor i kszta\u0142t.<\/p>\n<p><strong>Po wi\u0119cej inspiracji zapraszamy do <\/strong><a href=\"https:\/\/www.brw.pl\/\" target=\"_blank\" rel=\"noopener noreferrer\"><strong>sklepu internetowego Black Red White<\/strong><\/a><strong>!<\/strong><\/p>\n","protected":false},"excerpt":{"rendered":"<p>Styl shabby chic to absolutnie unikalne po\u0142\u0105czenia, kt\u00f3re nigdy nie s\u0105 oczywisto\u015bci\u0105. Jednak wbrew pozorom przestrze\u0144, w kt\u00f3rej znajduje si\u0119 styl prowansalski, troch\u0119 stylu retro, a tak\u017ce zaplanowana staromodno\u015b\u0107 &#8211; mo\u017ce si\u0119 prezentowa\u0107 zachwycaj\u0105co. Urz\u0105dzanie salonu w stylu shabby chic przypomina podr\u00f3\u017c wehiku\u0142em czasu. Wsi\u0105d\u017a do niego razem z nami i zaaran\u017cuj w tej estetyce [&hellip;]<\/p>\n","protected":false},"author":29,"featured_media":24307,"comment_status":"closed","ping_status":"open","sticky":false,"template":"","format":"standard","meta":{"footnotes":""},"categories":[39,735,573],"tags":[],"aioseo_notices":[],"_links":{"self":[{"href":"https:\/\/www.brw.pl\/blog\/wp-json\/wp\/v2\/posts\/24304"}],"collection":[{"href":"https:\/\/www.brw.pl\/blog\/wp-json\/wp\/v2\/posts"}],"about":[{"href":"https:\/\/www.brw.pl\/blog\/wp-json\/wp\/v2\/types\/post"}],"author":[{"embeddable":true,"href":"https:\/\/www.brw.pl\/blog\/wp-json\/wp\/v2\/users\/29"}],"replies":[{"embeddable":true,"href":"https:\/\/www.brw.pl\/blog\/wp-json\/wp\/v2\/comments?post=24304"}],"version-history":[{"count":15,"href":"https:\/\/www.brw.pl\/blog\/wp-json\/wp\/v2\/posts\/24304\/revisions"}],"predecessor-version":[{"id":35087,"href":"https:\/\/www.brw.pl\/blog\/wp-json\/wp\/v2\/posts\/24304\/revisions\/35087"}],"wp:featuredmedia":[{"embeddable":true,"href":"https:\/\/www.brw.pl\/blog\/wp-json\/wp\/v2\/media\/24307"}],"wp:attachment":[{"href":"https:\/\/www.brw.pl\/blog\/wp-json\/wp\/v2\/media?parent=24304"}],"wp:term":[{"taxonomy":"category","embeddable":true,"href":"https:\/\/www.brw.pl\/blog\/wp-json\/wp\/v2\/categories?post=24304"},{"taxonomy":"post_tag","embeddable":true,"href":"https:\/\/www.brw.pl\/blog\/wp-json\/wp\/v2\/tags?post=24304"}],"curies":[{"name":"wp","href":"https:\/\/api.w.org\/{rel}","templated":true}]}}