{"id":24651,"date":"2022-07-07T10:03:38","date_gmt":"2022-07-07T08:03:38","guid":{"rendered":"https:\/\/www.brw.pl\/blog\/?p=24651"},"modified":"2022-07-07T10:03:38","modified_gmt":"2022-07-07T08:03:38","slug":"ruda-kanapa-w-salonie-aranzacje","status":"publish","type":"post","link":"https:\/\/www.brw.pl\/blog\/ruda-kanapa-w-salonie-aranzacje\/","title":{"rendered":"Ruda kanapa w salonie &#8211; aran\u017cacje"},"content":{"rendered":"<p data-pm-slice=\"1 1 []\"><strong>Ruda sofa to mebel z pazurem i mocny akcent kolorystyczny w salonie. Jej wyrazista barwa jest do\u015b\u0107 wymagaj\u0105ca aran\u017cacyjnie, ale dla chc\u0105cego nic trudnego. Podpowiadamy, jak urz\u0105dzi\u0107 pok\u00f3j dzienny z rud\u0105 kanap\u0105!<\/strong><\/p>\n<p><!--more--><\/p>\n<p><center><img decoding=\"async\" class=\"alignnone size-medium wp-image-24652 lazyload\" data-src=\"https:\/\/www.brw.pl\/blog\/wp-content\/uploads\/2022\/07\/aranz-salonu-z-ruda-sofa-800x585.jpg\" alt=\"Ruda kanapa w salonie\" width=\"800\" height=\"585\" data-srcset=\"https:\/\/www.brw.pl\/blog\/wp-content\/uploads\/2022\/07\/aranz-salonu-z-ruda-sofa-800x585.jpg 800w, https:\/\/www.brw.pl\/blog\/wp-content\/uploads\/2022\/07\/aranz-salonu-z-ruda-sofa-768x561.jpg 768w, https:\/\/www.brw.pl\/blog\/wp-content\/uploads\/2022\/07\/aranz-salonu-z-ruda-sofa.jpg 1478w\" data-sizes=\"(max-width: 800px) 100vw, 800px\" src=\"data:image\/svg+xml;base64,PHN2ZyB3aWR0aD0iMSIgaGVpZ2h0PSIxIiB4bWxucz0iaHR0cDovL3d3dy53My5vcmcvMjAwMC9zdmciPjwvc3ZnPg==\" style=\"--smush-placeholder-width: 800px; --smush-placeholder-aspect-ratio: 800\/585;\" \/><\/center><\/p>\n<h2 data-pm-slice=\"1 1 []\"><strong>Ruda kanapa w salonie \u2013 wn\u0119trzarski hit!<\/strong><\/h2>\n<p>Ka\u017cdy projektant wn\u0119trz pomo\u017ce Ci zaaran\u017cowa\u0107 salon z rud\u0105 sof\u0105, ale \u017caden nie zrobi tego za darmo. Mamy dobr\u0105 wiadomo\u015b\u0107 \u2013 poradzisz sobie z tym \u015bpiewaj\u0105co zupe\u0142nie samodzielnie! Wystarczy, \u017ce po\u015bwi\u0119cisz troch\u0119 czasu na wyszukanie informacji dotycz\u0105cych tego, z jakimi meblami i dodatkami j\u0105 \u0142\u0105czy\u0107. Na przyk\u0142ad na naszym blogu.<\/p>\n<p>Rudy ma wiele odcieni \u2013 od jasnego miedzianego, po ciemny tycjanowski. To mieszanka czerwieni, br\u0105zu i \u017c\u00f3\u0142ci w r\u00f3\u017cnych proporcjach. <strong>Do rudego<\/strong> <strong>pasuje mn\u00f3stwo barw \u2013 szaro\u015bci, be\u017ce, czer\u0144, granat, butelkowa ziele\u0144, z\u0142amana biel&#8230;<\/strong> Jak widzisz, masz ca\u0142y wachlarz mo\u017cliwo\u015bci. Rudy jest przytulny, ale te\u017c energetyczny. Kiedy wyst\u0119puje na du\u017cych powierzchniach, a kanapa, jakby nie by\u0142o, jest sporym meblem, otoczenie powinno by\u0107 stonowane. Dobrym pomys\u0142em b\u0119d\u0105 szare \u015bciany. Wn\u0119trza, w kt\u00f3rych dominuj\u0105 \u017cywe kolory, nie pozwalaj\u0105 na relaks i wyciszenie, kt\u00f3rych tak potrzebujemy po d\u0142ugim dniu pracy.<\/p>\n<p>Je\u015bli zrobisz to z g\u0142ow\u0105 i ze smakiem, rud\u0105 sof\u0105 ozdobisz salon w niejednym stylu: boho, kolonialnym, rustykalnym, nowoczesnym&#8230; Nawet loftowa przestrze\u0144 mo\u017ce dzi\u0119ki niej zyska\u0107, poniewa\u017c nasz rudzielec j\u0105 ociepli.<\/p>\n<h2><strong>Miedziana kanapa \u2013 aran\u017cacje<\/strong><\/h2>\n<p>Przyjrzyj si\u0119 aran\u017cacjom z miedzian\u0105 sof\u0105, a nu\u017c, widelec kt\u00f3ra\u015b Ci\u0119 zainspiruje.<\/p>\n<h3><strong>Troch\u0119 loftu, troch\u0119 scandi<\/strong><\/h3>\n<p><center><img decoding=\"async\" class=\"alignnone size-medium wp-image-24655 lazyload\" data-src=\"https:\/\/www.brw.pl\/blog\/wp-content\/uploads\/2022\/07\/sofa-logan-salon-800x533.jpg\" alt=\"Sofa Logan w salonie\" width=\"800\" height=\"533\" data-srcset=\"https:\/\/www.brw.pl\/blog\/wp-content\/uploads\/2022\/07\/sofa-logan-salon-800x533.jpg 800w, https:\/\/www.brw.pl\/blog\/wp-content\/uploads\/2022\/07\/sofa-logan-salon-768x512.jpg 768w, https:\/\/www.brw.pl\/blog\/wp-content\/uploads\/2022\/07\/sofa-logan-salon-1536x1024.jpg 1536w, https:\/\/www.brw.pl\/blog\/wp-content\/uploads\/2022\/07\/sofa-logan-salon.jpg 1620w\" data-sizes=\"(max-width: 800px) 100vw, 800px\" src=\"data:image\/svg+xml;base64,PHN2ZyB3aWR0aD0iMSIgaGVpZ2h0PSIxIiB4bWxucz0iaHR0cDovL3d3dy53My5vcmcvMjAwMC9zdmciPjwvc3ZnPg==\" style=\"--smush-placeholder-width: 800px; --smush-placeholder-aspect-ratio: 800\/533;\" \/><\/center>&nbsp;<\/p>\n<p>W takim wn\u0119trzu miedziana <a href=\"https:\/\/www.brw.pl\/sofa-logan,45716\" target=\"_blank\" rel=\"noopener noreferrer\">sofa Logan<\/a> b\u0142yszczy. Prze\u0142amuje kolorystyczny minimalizm charakterystyczny zar\u00f3wno dla stylu loftowego, jak i skandynawskiego. Trudno dostrzec, w kt\u00f3rym miejscu ko\u0144czy si\u0119 pod\u0142oga i zaczyna \u015bciana z powodu z\u0142amanej bieli na obu powierzchniach. Industrialny metal o czarnym wybarwieniu przyjmuje kszta\u0142t lampy, stolika kawowego i a\u017curowego gazetownika. Czarne s\u0105 szprosy w oknach, dekoracje p\u00f3\u0142ki, maria\u017c czerni i bieli obejmuje nawet poduszki. Szaro-bia\u0142e koc i dywan w geometryczne wzory r\u00f3wnie\u017c nie dodaj\u0105 przytulno\u015bci. Tylko ruda sofa i oszcz\u0119dne ro\u015blinne detale ratuj\u0105 salon przed ch\u0142odn\u0105 atmosfer\u0105.<\/p>\n<h3><strong>Ruda sofa w nowoczesnym salonie<\/strong><\/h3>\n<p><center><img decoding=\"async\" class=\"alignnone size-medium wp-image-24656 lazyload\" data-src=\"https:\/\/www.brw.pl\/blog\/wp-content\/uploads\/2022\/07\/pomaranczowa-kanapa-salon-azurowa-sciana-800x800.jpg\" alt=\"Ruda sofa w nowoczesnym salonie\" width=\"800\" height=\"800\" data-srcset=\"https:\/\/www.brw.pl\/blog\/wp-content\/uploads\/2022\/07\/pomaranczowa-kanapa-salon-azurowa-sciana-800x800.jpg 800w, https:\/\/www.brw.pl\/blog\/wp-content\/uploads\/2022\/07\/pomaranczowa-kanapa-salon-azurowa-sciana-150x150.jpg 150w, https:\/\/www.brw.pl\/blog\/wp-content\/uploads\/2022\/07\/pomaranczowa-kanapa-salon-azurowa-sciana-768x768.jpg 768w, https:\/\/www.brw.pl\/blog\/wp-content\/uploads\/2022\/07\/pomaranczowa-kanapa-salon-azurowa-sciana-165x165.jpg 165w, https:\/\/www.brw.pl\/blog\/wp-content\/uploads\/2022\/07\/pomaranczowa-kanapa-salon-azurowa-sciana.jpg 1080w\" data-sizes=\"(max-width: 800px) 100vw, 800px\" src=\"data:image\/svg+xml;base64,PHN2ZyB3aWR0aD0iMSIgaGVpZ2h0PSIxIiB4bWxucz0iaHR0cDovL3d3dy53My5vcmcvMjAwMC9zdmciPjwvc3ZnPg==\" style=\"--smush-placeholder-width: 800px; --smush-placeholder-aspect-ratio: 800\/800;\" \/><\/center>&nbsp;<\/p>\n<p>W tym nowoczesnym, jasnym salonie wyr\u00f3\u017cnia si\u0119 miedziana sofa. Pi\u0119knie kontrastuj\u0105 z ni\u0105 bia\u0142e \u015bciany \u2013 idealne t\u0142o dla rudawej kanapy. Podstawa stolika kawowego, poduszki dekoracyjne i lampa wisz\u0105ca przyj\u0119\u0142y zimne barwy. Jednak na pod\u0142odze w kolorze naturalnego drewna le\u017cy br\u0105zowo-be\u017cowy dywan, a pok\u00f3j dzienny i kuchni\u0119 oddzielaj\u0105 od siebie drewniane listwy pe\u0142ni\u0105ce funkcj\u0119 &#8222;kotary&#8221;. Blat sto\u0142u zdecydowanie odcina si\u0119 od bia\u0142ej dolnej cz\u0119\u015bci, ciesz\u0105c oko wyra\u017anym rysunkiem us\u0142ojenia. To wn\u0119trze wysmakowane, kt\u00f3rego niekwestionowan\u0105 gwiazd\u0105 jest miedziana sofa.<\/p>\n<h2><strong>Ruda kanapa o\u017cywi Tw\u00f3j salon!<\/strong><\/h2>\n<p>Zapoznaj si\u0119 z wybranymi rudymi pere\u0142kami w\u015br\u00f3d sof z oferty BRW. Meble w tym odcieniu zawojuj\u0105 pok\u00f3j dzienny w Twoim domu!<\/p>\n<p><center><img decoding=\"async\" class=\"size-full wp-image-20616 lazyload\" data-src=\"https:\/\/www.brw.pl\/blog\/wp-content\/uploads\/2021\/10\/Sofa-Aruba-Bis.jpg\" alt=\"Sofa Aruba Bis\" width=\"593\" height=\"445\" src=\"data:image\/svg+xml;base64,PHN2ZyB3aWR0aD0iMSIgaGVpZ2h0PSIxIiB4bWxucz0iaHR0cDovL3d3dy53My5vcmcvMjAwMC9zdmciPjwvc3ZnPg==\" style=\"--smush-placeholder-width: 593px; --smush-placeholder-aspect-ratio: 593\/445;\" \/><\/center><\/p>\n<p style=\"text-align: center;\"><strong><a href=\"https:\/\/www.brw.pl\/sofa-aruba-bis,44310\" target=\"_blank\" rel=\"noopener noreferrer\">SOFA ARUBA BIS<\/a><\/strong><\/p>\n<p>Trzyosobowa<strong> sofa Aruba Bis<\/strong> jest wyj\u0105tkowo wygodna ze wzgl\u0119du na wype\u0142nienie materaca, w kt\u00f3rym kryj\u0105 si\u0119 spr\u0119\u017cyna falista, spr\u0119\u017cyna kieszeniowa i pianka. Dzi\u0119ki nim wy\u015bpisz si\u0119 za wszystkie czasy, kiedy roz\u0142o\u017cysz kanap\u0119. Rano nie b\u0119dziesz musia\u0142 (musia\u0142a) przenosi\u0107 po\u015bcieli do szafy, poniewa\u017c Aruba Bis jest wyposa\u017cona w specjalny pojemnik do przechowywania. W ci\u0105gu dnia przyjemnie sp\u0119dzisz na niej czas, maj\u0105c do dyspozycji dwie poduchy oparciowe i dwie dekoracyjne. Model jest pokryty hydrofobow\u0105 tkanin\u0105, zatem nie b\u0119dzie dramatu, gdy przez przypadek wylejesz na ni\u0105 odrobin\u0119 herbaty. Kolor kanapy oraz dekoracyjne przeszycia na siedzisku i oparciu od razu przykuj\u0105 wzrok go\u015bci.<\/p>\n<p><center><img decoding=\"async\" class=\"size-full wp-image-24657 aligncenter lazyload\" data-src=\"https:\/\/www.brw.pl\/blog\/wp-content\/uploads\/2022\/07\/sofa-salus.jpg\" alt=\"Sofa Salus\" width=\"593\" height=\"445\" src=\"data:image\/svg+xml;base64,PHN2ZyB3aWR0aD0iMSIgaGVpZ2h0PSIxIiB4bWxucz0iaHR0cDovL3d3dy53My5vcmcvMjAwMC9zdmciPjwvc3ZnPg==\" style=\"--smush-placeholder-width: 593px; --smush-placeholder-aspect-ratio: 593\/445;\" \/><center><\/center><\/center><\/p>\n<p style=\"text-align: center;\"><strong><a href=\"https:\/\/www.brw.pl\/sofa-salus,43694\" target=\"_blank\" rel=\"noopener noreferrer\">SOFA SALUS<\/a><\/strong><\/p>\n<p><strong>Sofa Salus<\/strong> bez problemu odnajdzie si\u0119 w mniejszym i wi\u0119kszym pokoju dziennym. Zgrabn\u0105 bry\u0142\u0119 w miodoworudym kolorze podtrzymuj\u0105 chromowane stopki. Model jest rozk\u0142adany, wi\u0119c podczas wieczornego seansu filmowego swobodnie roz\u0142o\u017cysz si\u0119 na ca\u0142ej d\u0142ugo\u015bci. Pianka wysokoelastyczna i spr\u0119\u017cyna falista w siedzisku zapewni\u0105 wysoki komfort u\u017cytkowania. Jeste\u015b szcz\u0119\u015bliwym posiadaczem du\u017cego salonu? Co powiesz na dwie r\u00f3\u017cnokolorowe kanapy obok siebie? Z miedzianym modelem Salus wspaniale b\u0119dzie komponowa\u0107 si\u0119 na przyk\u0142ad granatowa sofa.<\/p>\n<p><center><img decoding=\"async\" class=\"alignnone size-full wp-image-24658 lazyload\" data-src=\"https:\/\/www.brw.pl\/blog\/wp-content\/uploads\/2022\/07\/sofa-rimi.jpg\" alt=\"Sofa Rimi ruda\" width=\"593\" height=\"445\" src=\"data:image\/svg+xml;base64,PHN2ZyB3aWR0aD0iMSIgaGVpZ2h0PSIxIiB4bWxucz0iaHR0cDovL3d3dy53My5vcmcvMjAwMC9zdmciPjwvc3ZnPg==\" style=\"--smush-placeholder-width: 593px; --smush-placeholder-aspect-ratio: 593\/445;\" \/><\/center><\/p>\n<p style=\"text-align: center;\"><strong><a href=\"https:\/\/www.brw.pl\/sofa-rimi,43634\" target=\"_blank\" rel=\"noopener noreferrer\">SOFA RIMI<\/a><\/strong><\/p>\n<p>Poza walorami estetycznymi i funkcjonalnymi, ogromn\u0105 zalet\u0105 sofy Rimi jest jej ekologiczny wymiar. Tkanina, kt\u00f3r\u0105 jest pokryta, pochodzi z recyklingu. Wykonano j\u0105 z butelek PET. Przyjazna \u015brodowisku, przyjazna zwierz\u0119tom, zachwyca elegancj\u0105 i efektown\u0105, soczy\u015bcie rud\u0105 barw\u0105. Gustowne, toczone z drewna stopki s\u0105 prawdziw\u0105 chlub\u0105 kanapy. Dodatkowa warstwa wysokoelastycznej pianki HR w siedzisku sprawia, \u017ce siedzi si\u0119 na niej naprawd\u0119 wygodnie.<\/p>\n<p><strong>Sof\u0119 Rimi mo\u017cesz obejrze\u0107 r\u00f3wnie\u017c na filmie:<\/strong><\/p>\n<div class=\"videoWrapper\"><iframe title=\"Sofa Rimi\" data-src=\"https:\/\/www.youtube.com\/embed\/qd2HceTn3i8\" frameborder=\"0\" allowfullscreen=\"allowfullscreen\" src=\"data:image\/svg+xml;base64,PHN2ZyB3aWR0aD0iMSIgaGVpZ2h0PSIxIiB4bWxucz0iaHR0cDovL3d3dy53My5vcmcvMjAwMC9zdmciPjwvc3ZnPg==\" data-load-mode=\"1\"><span data-mce-type=\"bookmark\" style=\"display: inline-block; width: 0px; overflow: hidden; line-height: 0;\" class=\"mce_SELRES_start lazyload\">\ufeff<\/span><\/iframe><\/div>\n<p>&nbsp;<\/p>\n<h2><strong>Dodatki do rudej sofy<\/strong><\/h2>\n<p>Stonowany kolor \u015bcian i mebli otaczaj\u0105cych rud\u0105 kanap\u0119 nie wystarczy, aby \u0142adnie zaaran\u017cowa\u0107 pomieszczenie. Dodatki maj\u0105 znaczenie! Be\u017cowy, gruby dywan, ci\u0119\u017ckie kremowe zas\u0142ony, bia\u0142e poduszki dekoracyjne rozja\u015bni\u0105 wn\u0119trze, jednocze\u015bnie podkre\u015blaj\u0105c pi\u0119kny odcie\u0144 sofy. Nie zapominaj o kwiatach. Wysokie, bujne ro\u015bliny w reprezentacyjnych ceramicznych os\u0142onkach b\u0119d\u0105 idealnie wsp\u00f3\u0142gra\u0107 z miedzianym meblem. Ziele\u0144 spisze si\u0119 tak\u017ce w odniesieniu do grafik, figurek i innych drobiazg\u00f3w upi\u0119kszaj\u0105cych Twoje wn\u0119trze. Eksperymentuj z kolorami, tylko ostro\u017cnie. Je\u015bli nie zestawisz rudego z r\u00f3\u017cem i skorzystasz z naszych rad, salon z rud\u0105 kanap\u0105 w roli g\u0142\u00f3wnej stanie si\u0119 jednym z Twoich ulubionych pomieszcze\u0144.<\/p>\n<p>Ruda sofa jest dla Ciebie zbyt odwa\u017cna? Przeczytaj artyku\u0142 <a href=\"https:\/\/www.brw.pl\/blog\/szara-kanapa-w-salonie-aranzacje\/\" target=\"_blank\" rel=\"noopener noreferrer\">&#8222;Szara kanapa w salonie &#8211; aran\u017cacje&#8221;<\/a>, mo\u017ce uniwersalna szaro\u015b\u0107 bardziej do Ciebie przem\u00f3wi. <strong>Zapraszamy te\u017c do naszego <\/strong><a href=\"https:\/\/www.brw.pl\/\" target=\"_blank\" rel=\"noopener noreferrer\"><strong>sklepu internetowego Black Red White!<\/strong><\/a><\/p>\n","protected":false},"excerpt":{"rendered":"<p>Ruda sofa to mebel z pazurem i mocny akcent kolorystyczny w salonie. Jej wyrazista barwa jest do\u015b\u0107 wymagaj\u0105ca aran\u017cacyjnie, ale dla chc\u0105cego nic trudnego. Podpowiadamy, jak urz\u0105dzi\u0107 pok\u00f3j dzienny z rud\u0105 kanap\u0105!<\/p>\n","protected":false},"author":29,"featured_media":24652,"comment_status":"closed","ping_status":"open","sticky":false,"template":"","format":"standard","meta":{"footnotes":""},"categories":[39,735,572],"tags":[],"aioseo_notices":[],"_links":{"self":[{"href":"https:\/\/www.brw.pl\/blog\/wp-json\/wp\/v2\/posts\/24651"}],"collection":[{"href":"https:\/\/www.brw.pl\/blog\/wp-json\/wp\/v2\/posts"}],"about":[{"href":"https:\/\/www.brw.pl\/blog\/wp-json\/wp\/v2\/types\/post"}],"author":[{"embeddable":true,"href":"https:\/\/www.brw.pl\/blog\/wp-json\/wp\/v2\/users\/29"}],"replies":[{"embeddable":true,"href":"https:\/\/www.brw.pl\/blog\/wp-json\/wp\/v2\/comments?post=24651"}],"version-history":[{"count":7,"href":"https:\/\/www.brw.pl\/blog\/wp-json\/wp\/v2\/posts\/24651\/revisions"}],"predecessor-version":[{"id":24663,"href":"https:\/\/www.brw.pl\/blog\/wp-json\/wp\/v2\/posts\/24651\/revisions\/24663"}],"wp:featuredmedia":[{"embeddable":true,"href":"https:\/\/www.brw.pl\/blog\/wp-json\/wp\/v2\/media\/24652"}],"wp:attachment":[{"href":"https:\/\/www.brw.pl\/blog\/wp-json\/wp\/v2\/media?parent=24651"}],"wp:term":[{"taxonomy":"category","embeddable":true,"href":"https:\/\/www.brw.pl\/blog\/wp-json\/wp\/v2\/categories?post=24651"},{"taxonomy":"post_tag","embeddable":true,"href":"https:\/\/www.brw.pl\/blog\/wp-json\/wp\/v2\/tags?post=24651"}],"curies":[{"name":"wp","href":"https:\/\/api.w.org\/{rel}","templated":true}]}}