{"id":2506,"date":"2017-02-07T16:02:41","date_gmt":"2017-02-07T15:02:41","guid":{"rendered":"http:\/\/www.brwblog.pl\/?p=2506"},"modified":"2023-01-04T14:23:15","modified_gmt":"2023-01-04T13:23:15","slug":"nowosc-stylowa-kolekcja-median-propozycja-dla-audiofilow","status":"publish","type":"post","link":"https:\/\/www.brw.pl\/blog\/nowosc-stylowa-kolekcja-median-propozycja-dla-audiofilow\/","title":{"rendered":"Nowo\u015b\u0107! Stylowa kolekcja Median \u2013 propozycja dla audiofil\u00f3w"},"content":{"rendered":"<div class=\"small-12 columns\">\n<h1><span style=\"font-size: 16px;\">Nowo\u015b\u0107! Stylowa kolekcja Median \u2013 czyli jak urz\u0105dzi\u0107 pok\u00f3j audiofila<\/span><\/h1>\n<\/div>\n<div class=\"small-12 columns\">\n<p><strong>Klasyka, pop, a mo\u017ce polskie przeboje sprzed lat? Bez wzgl\u0119du na to, jakie utwory lubisz, relaks w otoczeniu tych d\u017awi\u0119k\u00f3w w salonie b\u0119dzie jeszcze przyjemniejszy, gdy zadbasz o jego odpowiedni\u0105 aran\u017cacj\u0119. Opr\u00f3cz dobrej jako\u015bci sprz\u0119tu do odtwarzania muzyki potrzebne s\u0105 bowiem meble, kt\u00f3re pozwol\u0105 w\u0142a\u015bciwie rozmie\u015bci\u0107 g\u0142o\u015bniki, soundbary oraz inne urz\u0105dzenia i uporz\u0105dkowa\u0107 pl\u0105tanin\u0119 kabli. Zobacz, jak stworzy\u0107 aran\u017cacj\u0119 dla audiofila dzi\u0119ki nowej kolekcji Median marki Black Red White.<\/strong><\/p>\n<p><span data-color=\"var(--blue-10)\">Z naszego artyku\u0142u dowiesz si\u0119:<\/span><\/p>\n<ul>\n<li><span data-color=\"var(--blue-10)\">Jak zadba\u0107 o wyciszenie pokoju?<\/span><\/li>\n<li><span data-color=\"var(--blue-10)\">Co to s\u0105 panele akustyczne i ekran akustyczny?<\/span><\/li>\n<li><span data-color=\"var(--blue-10)\">Jak wyciszy\u0107 pok\u00f3j domowym sposobem?<\/span><\/li>\n<li><span data-color=\"var(--blue-10)\">Jakie meble i rozwi\u0105zania umo\u017cliwiaj\u0105 komfortowe s\u0142uchanie muzyki?<\/span><\/li>\n<li><span data-color=\"var(--blue-10)\">Jak zapanowa\u0107 nad kablami i cieszy\u0107 si\u0119 estetycznym wn\u0119trzem pokoj\u00f3w ods\u0142uchowych?<\/span><\/li>\n<\/ul>\n<p><span data-color=\"var(--blue-10)\">S\u0142uchanie muzyki to spos\u00f3b na relaks i codzienny odpoczynek. Aby w pe\u0142ni poczu\u0107 rado\u015b\u0107 p\u0142yn\u0105c\u0105 z ulubionych d\u017awi\u0119k\u00f3w, niezb\u0119dny jest odpowiedni sprz\u0119t audio i g\u0142o\u015bniki. R\u00f3wnie istotne jest ich rozmieszczenie. Z pomoc\u0105 przychodz\u0105 dedykowane meble oraz urz\u0105dzenia przeznaczone do sufit\u00f3w podwieszanych.<\/span><\/p>\n<p><span data-color=\"var(--blue-10)\">Urz\u0105dzaj\u0105c pok\u00f3j do s\u0142uchania muzyki, nie zapomnij tak\u017ce, aby odizolowa\u0107 pomieszczenie przed odg\u0142osami z zewn\u0105trz. Pomo\u017ce Ci w tym wyg\u0142uszenie drzwi i \u015bcian oraz panele pod\u0142ogowe, kt\u00f3re \u015bwietnie odbijaj\u0105 fale d\u017awi\u0119kowe. Perfekcyjn\u0105 akustyk\u0119 i porz\u0105dek z kablami pozwol\u0105 Ci tak\u017ce utrzyma\u0107 innowacyjne rozwi\u0105zania meblarskie, jak maty wyg\u0142uszaj\u0105ce, tkanina akustyczna lub meble z cichym domykaniem. Jak urz\u0105dzi\u0107 pok\u00f3j audiofila? Podpowiadamy!<\/span><\/p>\n<h2 data-pm-slice=\"1 1 []\"><strong>Jak urz\u0105dzi\u0107 pok\u00f3j audiofila? Komfortowe s\u0142uchanie muzyki w domu<\/strong><\/h2>\n<p>Tw\u00f3j salon nie musi mie\u0107 tak imponuj\u0105cej powierzchni jak Filharmonia Narodowa, \u017ceby\u015b m\u00f3g\u0142 w komfortowych warunkach oddawa\u0107 si\u0119 swojej pasji. Je\u015bli jeste\u015b audiofilem z krwi i ko\u015bci, w swoim mieszkaniu poza sprz\u0119tem RTV potrzebujesz\u2026 nowoczesnych oraz pomys\u0142owych mebli. W urz\u0105dzeniu muzycznego wn\u0119trza pomo\u017ce Ci najnowsza, pi\u0119kna i funkcjonalna <a href=\"https:\/\/www.brw.pl\/system-median\/?intc_s=str_glowna_slajd&amp;intc_n=system-median\" target=\"_blank\" rel=\"noopener noreferrer\"><strong>kolekcja Median od Black Red White<\/strong><\/a>.<\/p>\n<p>Dzi\u0119ki <strong>innowacyjnym rozwi\u0105zaniom<\/strong> takim jak:<\/p>\n<ul>\n<li>nowoczesna tkanina akustyczna,<\/li>\n<li>specjalnie wyprofilowane otwory na kable,<\/li>\n<li>ciche domykanie<\/li>\n<\/ul>\n<p>s\u0142uchanie muzyki oraz ogl\u0105danie koncert\u00f3w w Twoim salonie zyska ca\u0142kiem now\u0105 jako\u015b\u0107, <span data-color=\"var(--blue-10)\">a Ty b\u0119dziesz m\u00f3g\u0142 czerpa\u0107 jeszcze wi\u0119ksz\u0105 przyjemno\u015b\u0107 z ulubionych d\u017awi\u0119k\u00f3w!<\/span><\/p>\n<figure id=\"attachment_2508\" class=\"wp-caption aligncenter\" aria-describedby=\"caption-attachment-2508\"><img decoding=\"async\" class=\"size-medium wp-image-2508 lazyloaded\" src=\"\/blog\/wp-content\/uploads\/2017\/03\/Median-10-84-WW-20-offen-3-653x479.jpg\" sizes=\"(max-width: 653px) 100vw, 653px\" srcset=\"https:\/\/www.brw.pl\/blog\/wp-content\/uploads\/2017\/03\/Median-10-84-WW-20-offen-3-653x479.jpg 653w, https:\/\/www.brw.pl\/blog\/wp-content\/uploads\/2017\/03\/Median-10-84-WW-20-offen-3-768x563.jpg 768w, https:\/\/www.brw.pl\/blog\/wp-content\/uploads\/2017\/03\/Median-10-84-WW-20-offen-3-1024x751.jpg 1024w, https:\/\/www.brw.pl\/blog\/wp-content\/uploads\/2017\/03\/Median-10-84-WW-20-offen-3.jpg 1473w\" alt=\"Black Red White, kolekcja Median\" width=\"653\" height=\"479\" data-srcset=\"https:\/\/www.brw.pl\/blog\/wp-content\/uploads\/2017\/03\/Median-10-84-WW-20-offen-3-653x479.jpg 653w, https:\/\/www.brw.pl\/blog\/wp-content\/uploads\/2017\/03\/Median-10-84-WW-20-offen-3-768x563.jpg 768w, https:\/\/www.brw.pl\/blog\/wp-content\/uploads\/2017\/03\/Median-10-84-WW-20-offen-3-1024x751.jpg 1024w, https:\/\/www.brw.pl\/blog\/wp-content\/uploads\/2017\/03\/Median-10-84-WW-20-offen-3.jpg 1473w\" data-src=\"\/blog\/wp-content\/uploads\/2017\/03\/Median-10-84-WW-20-offen-3-653x479.jpg\" data-sizes=\"(max-width: 653px) 100vw, 653px\" \/><figcaption id=\"caption-attachment-2508\" class=\"wp-caption-text\">Black Red White, kolekcja Median<\/figcaption><\/figure>\n<p><strong>Pos\u0142uchaj, jak zapanowa\u0107 nad nieestetycznymi kablami<\/strong><\/p>\n<p data-pm-slice=\"1 1 []\">Gdy w\u0142\u0105czasz p\u0142yt\u0119 lub koncert ulubionego zespo\u0142u, chcesz w spokoju cieszy\u0107 si\u0119 pi\u0119knymi d\u017awi\u0119kami. Starasz si\u0119 zrelaksowa\u0107 i odda\u0107 pasji, ale Tw\u00f3j wzrok mimowolnie kieruje si\u0119 ku pod\u0142odze, \u017ceby dostrzec czaj\u0105ce si\u0119 na niej nieposkromione kable, kt\u00f3re zdaj\u0105 si\u0119 pl\u0105ta\u0107 bez ko\u0144ca. Taki widok potrafi rozproszy\u0107 uwag\u0119, kt\u00f3ra przecie\u017c ma by\u0107 skupiona na d\u017awi\u0119kach.<\/p>\n<p>Je\u015bli zastanawia\u0142a\u015b si\u0119, jak pokona\u0107 ten wyj\u0105tkowo nieestetyczny problem, <a href=\"https:\/\/www.brw.pl\/\" target=\"_blank\" rel=\"noopener noreferrer\">Black Red White<\/a> ma dla Ciebie rozwi\u0105zanie. <strong>Zar\u00f3wno g\u0142o\u015bniki, jak dekoder czy nagrywarki DVD oraz inne sprz\u0119ty RTV sprytnie ukryjesz w szafkach<\/strong> <strong>Median<\/strong>, a kable uporz\u0105dkujesz z pomoc\u0105 otwor\u00f3w znajduj\u0105cych si\u0119 w ich wn\u0119trzu. <span data-color=\"var(--blue-10)\">Koniec z nieestetyczn\u0105 pl\u0105tanin\u0105 i dylematem zwi\u0105zanym z kupnem dodatkowego g\u0142o\u015bnika.<\/span><\/p>\n<p>Od tej pory nic nie b\u0119dzie zak\u0142\u00f3ca\u0142o estetycznego wygl\u0105du pokoju multimedialnego w Twoim domu, <span data-color=\"var(--blue-10)\">dzi\u0119ki czemu relaks b\u0119dzie pe\u0142niejszy, a miejsce zyska bardziej reprezentacyjny charakter. Mo\u017cesz zaprosi\u0107 na koncert go\u015bci lub cz\u0142onk\u00f3w rodziny.<\/span> Co r\u00f3wnie wa\u017cne, dzi\u0119ki umieszczeniu urz\u0105dze\u0144 w zamkni\u0119tych szafkach, na sprz\u0119cie <strong>nie b\u0119dzie gromadzi\u0142 si\u0119 kurz<\/strong>, kt\u00f3ry m\u00f3g\u0142by zanieczy\u015bci\u0107 elementy odpowiadaj\u0105ce za prawid\u0142ow\u0105 prac\u0119 i emisj\u0119 d\u017awi\u0119ku.<\/p>\n<p><strong>Pos\u0142uchaj, jak dobrze brzmi muzyka \u2013 wyj\u0105tkowa tkanina akustyczna<\/strong><\/p>\n<p>Zastanawiasz, si\u0119, czy umieszczanie g\u0142o\u015bnik\u00f3w czy soundbaru w zamkni\u0119tych szafkach to na pewno dobry pomys\u0142? Gdyby fronty wykonane by\u0142y wy\u0142\u0105cznie z nieprzepuszczalnego materia\u0142u, faktycznie nie mia\u0142oby to wi\u0119kszego sensu. Na szcz\u0119\u015bcie w <strong>meblach Median<\/strong> zastosowano <strong>specjaln\u0105 tkanin\u0119 akustyczn\u0105<\/strong> (w kolorze antracytowym), kt\u00f3ra przepuszcza d\u017awi\u0119ki oraz sygna\u0142y pilot\u00f3w do innych urz\u0105dze\u0144 hi-fi.<\/p>\n<figure id=\"attachment_2509\" class=\"wp-caption aligncenter\" aria-describedby=\"caption-attachment-2509\"><img decoding=\"async\" class=\"size-medium wp-image-2509 lazyloaded\" src=\"\/blog\/wp-content\/uploads\/2017\/03\/Median-10-84-WW-20-geschlossen-als-Speisen-653x483.jpg\" sizes=\"(max-width: 653px) 100vw, 653px\" srcset=\"https:\/\/www.brw.pl\/blog\/wp-content\/uploads\/2017\/03\/Median-10-84-WW-20-geschlossen-als-Speisen-653x483.jpg 653w, https:\/\/www.brw.pl\/blog\/wp-content\/uploads\/2017\/03\/Median-10-84-WW-20-geschlossen-als-Speisen-768x568.jpg 768w, https:\/\/www.brw.pl\/blog\/wp-content\/uploads\/2017\/03\/Median-10-84-WW-20-geschlossen-als-Speisen-1024x758.jpg 1024w, https:\/\/www.brw.pl\/blog\/wp-content\/uploads\/2017\/03\/Median-10-84-WW-20-geschlossen-als-Speisen.jpg 1459w\" alt=\"Black Red White, aran\u017cacja kolekcja Median\" width=\"653\" height=\"483\" data-srcset=\"https:\/\/www.brw.pl\/blog\/wp-content\/uploads\/2017\/03\/Median-10-84-WW-20-geschlossen-als-Speisen-653x483.jpg 653w, https:\/\/www.brw.pl\/blog\/wp-content\/uploads\/2017\/03\/Median-10-84-WW-20-geschlossen-als-Speisen-768x568.jpg 768w, https:\/\/www.brw.pl\/blog\/wp-content\/uploads\/2017\/03\/Median-10-84-WW-20-geschlossen-als-Speisen-1024x758.jpg 1024w, https:\/\/www.brw.pl\/blog\/wp-content\/uploads\/2017\/03\/Median-10-84-WW-20-geschlossen-als-Speisen.jpg 1459w\" data-src=\"\/blog\/wp-content\/uploads\/2017\/03\/Median-10-84-WW-20-geschlossen-als-Speisen-653x483.jpg\" data-sizes=\"(max-width: 653px) 100vw, 653px\" \/><figcaption id=\"caption-attachment-2509\" class=\"wp-caption-text\">Black Red White, aran\u017cacja kolekcja Median<\/figcaption><\/figure>\n<p><strong>Pos\u0142uchaj, jak cicho \u2013 meble z system cichego domykania<\/strong><\/p>\n<p data-pm-slice=\"1 1 []\">S\u0105 takie chwile, kiedy po prostu chcesz cieszy\u0107 si\u0119 muzyk\u0105. Czego potrzebujesz, \u017ceby w pe\u0142ni delektowa\u0107 si\u0119 d\u017awi\u0119kami p\u0142yn\u0105cymi z g\u0142o\u015bnik\u00f3w lub wie\u017cy? <strong>Kom\u00f3d i szafek RTV<\/strong>, kt\u00f3re s\u0105 wyposa\u017cone w prowadnice i zawiasy, umo\u017cliwiaj\u0105ce bezg\u0142o\u015bne domykanie. Innowacyjna technologia zapewnia wyhamowanie frontu mebli w ko\u0144cowej fazie zamykania, dlatego \u017cadne trzaski ani skrzypienia nie rozprosz\u0105 Twojej uwagi. Mo\u017cesz cieszy\u0107 si\u0119 wysokiej jako\u015bci d\u017awi\u0119kiem w ka\u017cdej chwili bez \u017cadnych ogranicze\u0144, <span data-color=\"var(--blue-10)\">a r\u00f3wnocze\u015bnie korzysta\u0107 z funkcjonalnych mebli i przechowywanych w nich przedmiot\u00f3w.<\/span><\/p>\n<figure id=\"attachment_2510\" class=\"wp-caption aligncenter\" aria-describedby=\"caption-attachment-2510\"><img decoding=\"async\" class=\"size-medium wp-image-2510 lazyloaded\" src=\"\/blog\/wp-content\/uploads\/2017\/03\/median-scena-I-B2-2-653x424.jpg\" sizes=\"(max-width: 653px) 100vw, 653px\" srcset=\"https:\/\/www.brw.pl\/blog\/wp-content\/uploads\/2017\/03\/median-scena-I-B2-2-653x424.jpg 653w, https:\/\/www.brw.pl\/blog\/wp-content\/uploads\/2017\/03\/median-scena-I-B2-2-768x499.jpg 768w, https:\/\/www.brw.pl\/blog\/wp-content\/uploads\/2017\/03\/median-scena-I-B2-2-1024x666.jpg 1024w, https:\/\/www.brw.pl\/blog\/wp-content\/uploads\/2017\/03\/median-scena-I-B2-2.jpg 1200w\" alt=\"Black Red White, kolekcja Median\" width=\"653\" height=\"424\" data-srcset=\"https:\/\/www.brw.pl\/blog\/wp-content\/uploads\/2017\/03\/median-scena-I-B2-2-653x424.jpg 653w, https:\/\/www.brw.pl\/blog\/wp-content\/uploads\/2017\/03\/median-scena-I-B2-2-768x499.jpg 768w, https:\/\/www.brw.pl\/blog\/wp-content\/uploads\/2017\/03\/median-scena-I-B2-2-1024x666.jpg 1024w, https:\/\/www.brw.pl\/blog\/wp-content\/uploads\/2017\/03\/median-scena-I-B2-2.jpg 1200w\" data-src=\"\/blog\/wp-content\/uploads\/2017\/03\/median-scena-I-B2-2-653x424.jpg\" data-sizes=\"(max-width: 653px) 100vw, 653px\" \/><figcaption id=\"caption-attachment-2510\" class=\"wp-caption-text\">Black Red White, kolekcja Median<\/figcaption><\/figure>\n<p data-pm-slice=\"1 1 []\">Do Twojej dyspozycji s\u0105 <strong>komody, witryny, szafki wisz\u0105ce oraz RTV z<\/strong> <strong>kolekcji Median<\/strong> w dw\u00f3ch wersjach kolorystycznych \u2013 eleganckiej bieli i ciep\u0142ym d\u0119bie barique. Poznaj wszystkie meble Median i stw\u00f3rz z nich wyj\u0105tkow\u0105 przestrze\u0144 dla d\u017awi\u0119ku w swoim domu.<\/p>\n<\/div>\n","protected":false},"excerpt":{"rendered":"<p>Nowo\u015b\u0107! Stylowa kolekcja Median \u2013 czyli jak urz\u0105dzi\u0107 pok\u00f3j audiofila Klasyka, pop, a mo\u017ce polskie przeboje sprzed lat? Bez wzgl\u0119du na to, jakie utwory lubisz, relaks w otoczeniu tych d\u017awi\u0119k\u00f3w w salonie b\u0119dzie jeszcze przyjemniejszy, gdy zadbasz o jego odpowiedni\u0105 aran\u017cacj\u0119. Opr\u00f3cz dobrej jako\u015bci sprz\u0119tu do odtwarzania muzyki potrzebne s\u0105 bowiem meble, kt\u00f3re pozwol\u0105 w\u0142a\u015bciwie [&hellip;]<\/p>\n","protected":false},"author":5,"featured_media":2507,"comment_status":"open","ping_status":"open","sticky":false,"template":"","format":"standard","meta":{"footnotes":""},"categories":[28,572],"tags":[135,399,398],"aioseo_notices":[],"_links":{"self":[{"href":"https:\/\/www.brw.pl\/blog\/wp-json\/wp\/v2\/posts\/2506"}],"collection":[{"href":"https:\/\/www.brw.pl\/blog\/wp-json\/wp\/v2\/posts"}],"about":[{"href":"https:\/\/www.brw.pl\/blog\/wp-json\/wp\/v2\/types\/post"}],"author":[{"embeddable":true,"href":"https:\/\/www.brw.pl\/blog\/wp-json\/wp\/v2\/users\/5"}],"replies":[{"embeddable":true,"href":"https:\/\/www.brw.pl\/blog\/wp-json\/wp\/v2\/comments?post=2506"}],"version-history":[{"count":6,"href":"https:\/\/www.brw.pl\/blog\/wp-json\/wp\/v2\/posts\/2506\/revisions"}],"predecessor-version":[{"id":29304,"href":"https:\/\/www.brw.pl\/blog\/wp-json\/wp\/v2\/posts\/2506\/revisions\/29304"}],"wp:featuredmedia":[{"embeddable":true,"href":"https:\/\/www.brw.pl\/blog\/wp-json\/wp\/v2\/media\/2507"}],"wp:attachment":[{"href":"https:\/\/www.brw.pl\/blog\/wp-json\/wp\/v2\/media?parent=2506"}],"wp:term":[{"taxonomy":"category","embeddable":true,"href":"https:\/\/www.brw.pl\/blog\/wp-json\/wp\/v2\/categories?post=2506"},{"taxonomy":"post_tag","embeddable":true,"href":"https:\/\/www.brw.pl\/blog\/wp-json\/wp\/v2\/tags?post=2506"}],"curies":[{"name":"wp","href":"https:\/\/api.w.org\/{rel}","templated":true}]}}