{"id":25132,"date":"2022-07-29T20:00:20","date_gmt":"2022-07-29T18:00:20","guid":{"rendered":"https:\/\/www.brw.pl\/blog\/?p=25132"},"modified":"2023-05-29T12:09:37","modified_gmt":"2023-05-29T10:09:37","slug":"kacik-jadalny-w-kuchni-w-skandynawskim-klimacie-jak-go-zaaranzowac-z-kolekcja-artlife","status":"publish","type":"post","link":"https:\/\/www.brw.pl\/blog\/kacik-jadalny-w-kuchni-w-skandynawskim-klimacie-jak-go-zaaranzowac-z-kolekcja-artlife\/","title":{"rendered":"K\u0105cik jadalny w kuchni w skandynawskim klimacie &#8211; jak go zaaran\u017cowa\u0107 z kolekcj\u0105 ArtLife?"},"content":{"rendered":"<p data-pm-slice=\"1 1 []\"><strong>Planujesz przenie\u015b\u0107 stref\u0119 jadalnian\u0105 z salonu do kuchni? Z nasz\u0105 pomoc\u0105 urz\u0105dzenie k\u0105cika jadalnego w kuchni zmieni si\u0119 w kreatywn\u0105 przygod\u0119. Zainspiruj si\u0119 aran\u017cacjami z wyj\u0105tkow\u0105 kolekcj\u0105 ArtLife!<\/strong><\/p>\n<p><!--more--><\/p>\n<p><center><img decoding=\"async\" class=\"alignnone size-medium wp-image-25133 lazyload\" data-src=\"https:\/\/www.brw.pl\/blog\/wp-content\/uploads\/2022\/07\/art-life-w-jadalni-800x614.jpg\" alt=\"K\u0105cik jadalny w kuchni z ArtLife\" width=\"800\" height=\"614\" data-srcset=\"https:\/\/www.brw.pl\/blog\/wp-content\/uploads\/2022\/07\/art-life-w-jadalni-800x614.jpg 800w, https:\/\/www.brw.pl\/blog\/wp-content\/uploads\/2022\/07\/art-life-w-jadalni-768x589.jpg 768w, https:\/\/www.brw.pl\/blog\/wp-content\/uploads\/2022\/07\/art-life-w-jadalni.jpg 1408w\" data-sizes=\"(max-width: 800px) 100vw, 800px\" src=\"data:image\/svg+xml;base64,PHN2ZyB3aWR0aD0iMSIgaGVpZ2h0PSIxIiB4bWxucz0iaHR0cDovL3d3dy53My5vcmcvMjAwMC9zdmciPjwvc3ZnPg==\" style=\"--smush-placeholder-width: 800px; --smush-placeholder-aspect-ratio: 800\/614;\" \/><\/center><\/p>\n<h2 data-pm-slice=\"1 1 []\"><strong>K\u0105cik jadalny w ma\u0142ej kuchni \u2013 rozwi\u0105zanie na miar\u0119 niewielkiego mieszkania<\/strong><\/h2>\n<p>W mieszkaniu o ma\u0142ym metra\u017cu k\u0105t jadalny mo\u017cesz urz\u0105dzi\u0107 w kuchni pod warunkiem, \u017ce pomieszczenie jest wystarczaj\u0105co przestronne. Ma\u0142a kuchnia na to nie pozwoli. W w\u0105skiej &#8222;kiszce&#8221; typowej dla blok\u00f3w z wielkiej p\u0142yty nie znajdziesz miejsca na stref\u0119 jadalnian\u0105. Jednak w sytuacji, w kt\u00f3rej kuchnia ma metra\u017c, kt\u00f3ry umo\u017cliwia wyznaczenie k\u0105ta jadalnego, \u015bmia\u0142o, zr\u00f3b to! Tym bardziej, je\u015bli wolisz, \u017ceby Tw\u00f3j salon pe\u0142ni\u0142 tylko funkcj\u0119 wypoczynkow\u0105 albo dodatkowo w nim pracujesz, wi\u0119c nie zmie\u015bci si\u0119 tam i biurko, i st\u00f3\u0142.<\/p>\n<p>Aby urz\u0105dzi\u0107 k\u0105cik jadalniany z g\u0142ow\u0105, musisz wzi\u0105\u0107 pod uwag\u0119 kilka wskaz\u00f3wek:<\/p>\n<ul>\n<li><strong>St\u00f3\u0142 nie mo\u017ce ogranicza\u0107 dost\u0119pu do szafek i sprz\u0119tu AGD.<\/strong><\/li>\n<li>\u017beby nie czu\u0107 si\u0119 jak sardynka w puszce podczas spo\u017cywania posi\u0142k\u00f3w z rodzin\u0105, ka\u017cda osoba powinna mie\u0107 do swojej dyspozycji przestrze\u0144 o wymiarach ok. 60&#215;30 cm.<\/li>\n<li>Nie zapomnij o do\u015bwietleniu sto\u0142u za pomoc\u0105 lampy wisz\u0105cej!<\/li>\n<\/ul>\n<p>W aran\u017cacji pomieszczenia szczeg\u00f3lnie ubogiego w przestrze\u0144 w zasadzie jedynym rozwi\u0105zaniem s\u0105 sk\u0142adane krzes\u0142a oraz st\u00f3\u0142 lub blat umocowany do \u015bciany. Ewentualnie mo\u017cesz zdecydowa\u0107 si\u0119 na st\u00f3\u0142 z wysuwanym blatem, kwadratowy b\u0105d\u017a okr\u0105g\u0142y, kt\u00f3ry b\u0119dzie dobrze wygl\u0105da\u0142 w rogu kuchni, blisko okna.<\/p>\n<h2><strong>K\u0105cik jadalny w kuchni w skandynawskim klimacie<\/strong><\/h2>\n<p>Chcia\u0142by\u015b, aby w Twojej kuchni pojawi\u0142 si\u0119 skandynawski styl? Przemy\u0107 go za pomoc\u0105 k\u0105cika jadalnego! W aran\u017cacji wn\u0119trz w duchu scandi sprawdzi si\u0119 znakomicie, poniewa\u017c <strong>wizyt\u00f3wk\u0105 tej estetyki jest funkcjonalno\u015b\u0107<\/strong>, jaka powinna charakteryzowa\u0107 szczeg\u00f3lnie stref\u0119 jadalni. W takim miejscu doskonale odnajd\u0105 si\u0119 meble z naszej <a href=\"https:\/\/www.brw.pl\/kolekcja-artlife,576\" target=\"_blank\" rel=\"noopener noreferrer\">kolekcji ArtLife<\/a>, w kt\u00f3rej skandynawski design jest wzbogacony odrobin\u0105 retro.<\/p>\n<p><center><img decoding=\"async\" class=\"alignnone wp-image-25172 lazyload\" data-src=\"https:\/\/www.brw.pl\/blog\/wp-content\/uploads\/2022\/07\/zestaw-saldes.jpg\" alt=\"Zestaw Saldes\" width=\"501\" height=\"376\" src=\"data:image\/svg+xml;base64,PHN2ZyB3aWR0aD0iMSIgaGVpZ2h0PSIxIiB4bWxucz0iaHR0cDovL3d3dy53My5vcmcvMjAwMC9zdmciPjwvc3ZnPg==\" style=\"--smush-placeholder-width: 501px; --smush-placeholder-aspect-ratio: 501\/376;\" \/><\/center><\/p>\n<p style=\"text-align: center;\"><strong><a href=\"https:\/\/www.brw.pl\/zestaw-120-saldes,44820\" target=\"_blank\" rel=\"noopener noreferrer\">ZESTAW SALDES<\/a><\/strong><\/p>\n<p><strong>Zestaw Saldes<\/strong> sk\u0142ada si\u0119 ze sto\u0142u o tej samej nazwie oraz czterech <a href=\"https:\/\/www.brw.pl\/krzeslo-szary-murilo,43230\" target=\"_blank\" rel=\"noopener noreferrer\">krzese\u0142 Murilo<\/a>. Bia\u0142y blat ma kszta\u0142t prostok\u0105ta z ostrymi kantami, a metalowe nogi mebla, podobnie jak nogi krzese\u0142, przypominaj\u0105 iglice. Zaoblone oparcia krzese\u0142 \u0142agodz\u0105 wszystkie kanciaste i szpiczaste elementy. Wygodne siedziska i mi\u0142a w dotyku tkanina obicia zwi\u0119kszaj\u0105 komfort posi\u0142ku. Komplet Saldes to idealny wyb\u00f3r dla zwolennik\u00f3w ch\u0142odnej kolorystyki, je\u015bli chodzi o aran\u017cacje wn\u0119trz.<\/p>\n<p><center><img decoding=\"async\" class=\"alignnone wp-image-25173 lazyload\" data-src=\"https:\/\/www.brw.pl\/blog\/wp-content\/uploads\/2022\/07\/stol-apryl.jpg\" alt=\"St\u00f3\u0142 Apryl\" width=\"501\" height=\"376\" src=\"data:image\/svg+xml;base64,PHN2ZyB3aWR0aD0iMSIgaGVpZ2h0PSIxIiB4bWxucz0iaHR0cDovL3d3dy53My5vcmcvMjAwMC9zdmciPjwvc3ZnPg==\" style=\"--smush-placeholder-width: 501px; --smush-placeholder-aspect-ratio: 501\/376;\" \/><\/center><\/p>\n<p style=\"text-align: center;\"><a href=\"https:\/\/www.brw.pl\/stol-apryl,43642\" target=\"_blank\" rel=\"noopener noreferrer\"><strong>ST\u00d3\u0141 APRYL<\/strong><\/a><\/p>\n<p>Czarny ceramiczny blat odporny na uszkodzenia i metalowe nogi gwarantuj\u0105, \u017ce <strong>st\u00f3\u0142 Apryl<\/strong> b\u0119dzie Ci s\u0142u\u017cy\u0142 latami, zachowuj\u0105c dobry stan. Spokojnie zmieszcz\u0105 si\u0119 przy nim cztery osoby, wi\u0119c dla rodziny z dw\u00f3jk\u0105 dzieci b\u0119dzie w sam raz. Ten model sprawdzi si\u0119 zw\u0142aszcza w przestrzeni scandi loft ceni\u0105cej proste, nieco surowe meble. Nie przepadasz za ciemn\u0105 tonacj\u0105? Wystarczy, \u017ce ustawisz przy stole krzes\u0142a w innym kolorze. Chcesz bardziej o\u017cywi\u0107 wn\u0119trze? Niech ka\u017cde krzes\u0142o b\u0119dzie z innej bajki! Drobne r\u00f3\u017cnice w barwie i kszta\u0142cie powoduj\u0105, \u017ce aran\u017cacja staje si\u0119 ciekawsza.<\/p>\n<div style=\"display: flex; flex-wrap: wrap; align-items: center; justify-content: center; text-align: center;\">\n<figure id=\"attachment_20530\" aria-describedby=\"caption-attachment-20530\" style=\"width: 285px\" class=\"wp-caption aligncenter\"><img decoding=\"async\" class=\"wp-image-20530 lazyload\" data-src=\"https:\/\/www.brw.pl\/blog\/wp-content\/uploads\/2022\/07\/krzeslo-penk.jpg\" alt=\"KRZES\u0141O PENK\" width=\"285\" height=\"214\" src=\"data:image\/svg+xml;base64,PHN2ZyB3aWR0aD0iMSIgaGVpZ2h0PSIxIiB4bWxucz0iaHR0cDovL3d3dy53My5vcmcvMjAwMC9zdmciPjwvc3ZnPg==\" style=\"--smush-placeholder-width: 285px; --smush-placeholder-aspect-ratio: 285\/214;\" \/><figcaption id=\"caption-attachment-20530\" class=\"wp-caption-text\"><a href=\"https:\/\/www.brw.pl\/krzeslo-szary-sztruks-penk,43442\" target=\"_blank\" rel=\"noopener noreferrer\"><span style=\"font-weight: 400;\">KRZES\u0141O PENK<\/span><\/a><\/figcaption><\/figure>\n<figure id=\"attachment_20531\" aria-describedby=\"caption-attachment-20531\" style=\"width: 285px\" class=\"wp-caption aligncenter\"><img decoding=\"async\" class=\"wp-image-20531 lazyload\" data-src=\"https:\/\/www.brw.pl\/blog\/wp-content\/uploads\/2022\/07\/krzeslo-alm.jpg\" alt=\"KRZES\u0141O ALM\" width=\"285\" height=\"214\" src=\"data:image\/svg+xml;base64,PHN2ZyB3aWR0aD0iMSIgaGVpZ2h0PSIxIiB4bWxucz0iaHR0cDovL3d3dy53My5vcmcvMjAwMC9zdmciPjwvc3ZnPg==\" style=\"--smush-placeholder-width: 285px; --smush-placeholder-aspect-ratio: 285\/214;\" \/><figcaption id=\"caption-attachment-20531\" class=\"wp-caption-text\"><a href=\"https:\/\/www.brw.pl\/krzeslo-granatowy-alm,45237\" target=\"_blank\" rel=\"noopener noreferrer\"><span style=\"font-weight: 400;\">KRZES\u0141O ALM<\/span><\/a><\/figcaption><\/figure>\n<\/div>\n<p>Sztruks jako tkanina obiciowa jaki\u015b czas temu wr\u00f3ci\u0142 do \u0142ask. W kolekcji ArtLife ten motyw retro jest widoczny w postaci <strong>krzes\u0142a Penk<\/strong> dost\u0119pnego w dw\u00f3ch kolorach: szarym i oliwkowym. Mi\u0119kko zaokr\u0105glone rogi siedziska i oparcia tworz\u0105 interesuj\u0105ce zestawienie ze strzelistymi, smuk\u0142ymi metalowymi nogami mebla. <strong>Krzes\u0142o Alm<\/strong> r\u00f3wnie\u017c jest zbudowane z metalowego stela\u017ca o czarnym wybarwieniu, ale na tym ko\u0144cz\u0105 si\u0119 podobie\u0144stwa. N\u00f3\u017cki dla odmiany s\u0105 ustawione pod k\u0105tem prostym wzgl\u0119dem pod\u0142o\u017ca, a kanty nie s\u0105 tak ob\u0142e jak w przypadku krzes\u0142a Penk. Materia\u0142 odbicia jest g\u0142adki, a na oparciu znajduje si\u0119 ozdobne przeszycie. Do wyboru masz trzy kolory modelu: ciemnoniebieski, szary i czarny.<\/p>\n<h2><strong>K\u0105cik jadalny w kuchni \u2013 aran\u017cacje<\/strong><\/h2>\n<p>Aby urz\u0105dzi\u0107 k\u0105cik jadalny w stylu skandynawskim, warto uwzgl\u0119dni\u0107 kilka czynnik\u00f3w. Projekt wn\u0119trza powinien skupia\u0107 si\u0119 na prostych formach, minimalistycznych rozwi\u0105zaniach i stonowanych barwach. Przyjrzyj si\u0119 naszym aran\u017cacjom wykorzystuj\u0105cym meble z kolekcji ArtLife.<\/p>\n<h3><strong>Strefa jadalniana w kolorach ziemi<\/strong><\/h3>\n<p><center><img decoding=\"async\" class=\"alignnone wp-image-25176 lazyload\" data-src=\"https:\/\/www.brw.pl\/blog\/wp-content\/uploads\/2022\/07\/stol-gosol-krzesla-seran-656x800.jpg\" alt=\"Jadalnia ze sto\u0142em Gosol i krzes\u0142ami Seran\" width=\"599\" height=\"730\" data-srcset=\"https:\/\/www.brw.pl\/blog\/wp-content\/uploads\/2022\/07\/stol-gosol-krzesla-seran-656x800.jpg 656w, https:\/\/www.brw.pl\/blog\/wp-content\/uploads\/2022\/07\/stol-gosol-krzesla-seran-768x937.jpg 768w, https:\/\/www.brw.pl\/blog\/wp-content\/uploads\/2022\/07\/stol-gosol-krzesla-seran.jpg 885w\" data-sizes=\"(max-width: 599px) 100vw, 599px\" src=\"data:image\/svg+xml;base64,PHN2ZyB3aWR0aD0iMSIgaGVpZ2h0PSIxIiB4bWxucz0iaHR0cDovL3d3dy53My5vcmcvMjAwMC9zdmciPjwvc3ZnPg==\" style=\"--smush-placeholder-width: 599px; --smush-placeholder-aspect-ratio: 599\/730;\" \/><\/center>&nbsp;<\/p>\n<p>W centrum tej aran\u017cacji stoi <a href=\"https:\/\/www.brw.pl\/stol-gosol,43265\" target=\"_blank\" rel=\"noopener noreferrer\">st\u00f3\u0142 Gosol<\/a> wyr\u00f3\u017cniaj\u0105cy si\u0119 nietypowym metalowym stela\u017cem i pi\u0119knym okr\u0105g\u0142ym blatem z printem marmuru. Wok\u00f3\u0142 niego ustawiono <a href=\"https:\/\/www.brw.pl\/krzeslo-brazowy-seran,43233\" target=\"_blank\" rel=\"noopener noreferrer\">krzes\u0142a Seran<\/a> w dw\u00f3ch kolorach: oliwkowym i br\u0105zowym. Profilowane oparcia s\u0105 ozdobione efektowymi pionowymi przeszyciami. Modna pod\u0142oga w jode\u0142k\u0119 i be\u017cowe panele tapicerowane na \u015bcianie w odcieniu sza\u0142wii stanowi\u0105 idealne t\u0142o, dodaj\u0105c wn\u0119trzu elegancji. Zwr\u00f3\u0107 uwag\u0119 na oryginaln\u0105 lamp\u0119, kt\u00f3rej klosze przypominaj\u0105 \u015bnie\u017cne kule, oraz na dekoracyjny <a href=\"https:\/\/www.brw.pl\/wazon-bubble,42793\" target=\"_blank\" rel=\"noopener noreferrer\">wazon Bubble<\/a>.<\/p>\n<h3><strong>K\u0105cik jadalny scandi z domieszk\u0105 loftu<\/strong><\/h3>\n<p><center><img decoding=\"async\" class=\"alignnone wp-image-25177 lazyload\" data-src=\"https:\/\/www.brw.pl\/blog\/wp-content\/uploads\/2022\/07\/krzesla-bex-stol-graus-600x800.jpg\" alt=\"Jadalnia scandi loft\" width=\"601\" height=\"801\" data-srcset=\"https:\/\/www.brw.pl\/blog\/wp-content\/uploads\/2022\/07\/krzesla-bex-stol-graus-600x800.jpg 600w, https:\/\/www.brw.pl\/blog\/wp-content\/uploads\/2022\/07\/krzesla-bex-stol-graus-768x1024.jpg 768w, https:\/\/www.brw.pl\/blog\/wp-content\/uploads\/2022\/07\/krzesla-bex-stol-graus.jpg 810w\" data-sizes=\"(max-width: 601px) 100vw, 601px\" src=\"data:image\/svg+xml;base64,PHN2ZyB3aWR0aD0iMSIgaGVpZ2h0PSIxIiB4bWxucz0iaHR0cDovL3d3dy53My5vcmcvMjAwMC9zdmciPjwvc3ZnPg==\" style=\"--smush-placeholder-width: 601px; --smush-placeholder-aspect-ratio: 601\/801;\" \/><\/center>&nbsp;<\/p>\n<p>Jasna pod\u0142oga z wyra\u017anym rysunkiem us\u0142ojenia ociepla t\u0119 postindustrialn\u0105 przestrze\u0144, prze\u0142amuj\u0105c ch\u0142odne loftowe czernie i szaro\u015bci. Szare s\u0105 po\u0142yskuj\u0105ce obicia <a href=\"https:\/\/www.brw.pl\/krzeslo-czarny-bex,44641\" target=\"_blank\" rel=\"noopener noreferrer\">krzese\u0142 Bex<\/a> i \u015bciany, na kt\u00f3rych wisz\u0105 monochromatyczne grafiki o urbanistycznej tematyce. Czer\u0144 pokrywa <a href=\"https:\/\/www.brw.pl\/stol-graus,43268\" target=\"_blank\" rel=\"noopener noreferrer\">st\u00f3\u0142 Graus<\/a> i minimalistyczny <a href=\"https:\/\/www.brw.pl\/wazon-kula,38278\" target=\"_blank\" rel=\"noopener noreferrer\">wazon Kul\u0119<\/a>. W aran\u017cacji mo\u017cna dostrzec delikatne inspiracje stylem japandi. Takie otoczenie zachwyci wszystkich, kt\u00f3rzy ceni\u0105 we wn\u0119trzach spok\u00f3j, harmoni\u0119 i symetri\u0119. Je\u015bli chcesz dowiedzie\u0107 si\u0119 wi\u0119cej o estetyce scandi loft, zajrzyj do artyku\u0142u <a href=\"https:\/\/www.brw.pl\/blog\/styl-scandi-loft-jak-wprowadzic-go-do-wnetrza\/\" target=\"_blank\" rel=\"noopener noreferrer\">&#8222;Styl scandi loft &#8211; jak wprowadzi\u0107 go do wn\u0119trza?&#8221;<\/a>.<\/p>\n<p>Zapraszamy r\u00f3wnie\u017c do <a href=\"https:\/\/www.brw.pl\/\" target=\"_blank\" rel=\"noopener noreferrer\">sklepu internetowego Black Red White<\/a>!<\/p>\n","protected":false},"excerpt":{"rendered":"<p>Planujesz przenie\u015b\u0107 stref\u0119 jadalnian\u0105 z salonu do kuchni? Z nasz\u0105 pomoc\u0105 urz\u0105dzenie k\u0105cika jadalnego w kuchni zmieni si\u0119 w kreatywn\u0105 przygod\u0119. Zainspiruj si\u0119 aran\u017cacjami z wyj\u0105tkow\u0105 kolekcj\u0105 ArtLife!<\/p>\n","protected":false},"author":29,"featured_media":25133,"comment_status":"closed","ping_status":"open","sticky":false,"template":"","format":"standard","meta":{"footnotes":""},"categories":[39,26,743],"tags":[],"aioseo_notices":[],"_links":{"self":[{"href":"https:\/\/www.brw.pl\/blog\/wp-json\/wp\/v2\/posts\/25132"}],"collection":[{"href":"https:\/\/www.brw.pl\/blog\/wp-json\/wp\/v2\/posts"}],"about":[{"href":"https:\/\/www.brw.pl\/blog\/wp-json\/wp\/v2\/types\/post"}],"author":[{"embeddable":true,"href":"https:\/\/www.brw.pl\/blog\/wp-json\/wp\/v2\/users\/29"}],"replies":[{"embeddable":true,"href":"https:\/\/www.brw.pl\/blog\/wp-json\/wp\/v2\/comments?post=25132"}],"version-history":[{"count":5,"href":"https:\/\/www.brw.pl\/blog\/wp-json\/wp\/v2\/posts\/25132\/revisions"}],"predecessor-version":[{"id":25180,"href":"https:\/\/www.brw.pl\/blog\/wp-json\/wp\/v2\/posts\/25132\/revisions\/25180"}],"wp:featuredmedia":[{"embeddable":true,"href":"https:\/\/www.brw.pl\/blog\/wp-json\/wp\/v2\/media\/25133"}],"wp:attachment":[{"href":"https:\/\/www.brw.pl\/blog\/wp-json\/wp\/v2\/media?parent=25132"}],"wp:term":[{"taxonomy":"category","embeddable":true,"href":"https:\/\/www.brw.pl\/blog\/wp-json\/wp\/v2\/categories?post=25132"},{"taxonomy":"post_tag","embeddable":true,"href":"https:\/\/www.brw.pl\/blog\/wp-json\/wp\/v2\/tags?post=25132"}],"curies":[{"name":"wp","href":"https:\/\/api.w.org\/{rel}","templated":true}]}}