{"id":26214,"date":"2022-08-19T11:00:24","date_gmt":"2022-08-19T09:00:24","guid":{"rendered":"https:\/\/www.brw.pl\/blog\/?p=26214"},"modified":"2025-02-14T12:28:35","modified_gmt":"2025-02-14T11:28:35","slug":"kuchnia-bez-okapu-czy-warto","status":"publish","type":"post","link":"https:\/\/www.brw.pl\/blog\/kuchnia-bez-okapu-czy-warto\/","title":{"rendered":"Poch\u0142aniacz kuchenny bez wyci\u0105gu jako alternatywa dla okapu"},"content":{"rendered":"<p><strong>Czy okap jest r\u00f3wnie niezast\u0105piony w kuchni, co piekarnik, lod\u00f3wka, czy kuchenka? Je\u015bli tak, to dlaczego cz\u0119\u015b\u0107 os\u00f3b nie decyduje si\u0119 na jego instalacj\u0119 w swoim wn\u0119trzu? Czy kuchnia bez okapu mo\u017ce by\u0107 funkcjonalna? Co jest lepsze \u2013 wyci\u0105g czy poch\u0142aniacz? Zapoznaj si\u0119 z naszymi sugestiami dotycz\u0105cymi aran\u017cacji kuchni bez okapu. <\/strong><!--more--><\/p>\n<p><img decoding=\"async\" class=\"wp-image-26135 size-medium aligncenter lazyload\" data-src=\"https:\/\/www.brw.pl\/blog\/wp-content\/uploads\/2022\/08\/Capital-46th-York-Avenue-800x551.jpg\" alt=\"Aran\u017cacja z kuchni\u0105 Capital 46th York Avenue\" width=\"800\" height=\"551\" data-srcset=\"https:\/\/www.brw.pl\/blog\/wp-content\/uploads\/2022\/08\/Capital-46th-York-Avenue-800x551.jpg 800w, https:\/\/www.brw.pl\/blog\/wp-content\/uploads\/2022\/08\/Capital-46th-York-Avenue-768x529.jpg 768w, https:\/\/www.brw.pl\/blog\/wp-content\/uploads\/2022\/08\/Capital-46th-York-Avenue-1536x1058.jpg 1536w, https:\/\/www.brw.pl\/blog\/wp-content\/uploads\/2022\/08\/Capital-46th-York-Avenue.jpg 1568w\" data-sizes=\"(max-width: 800px) 100vw, 800px\" src=\"data:image\/svg+xml;base64,PHN2ZyB3aWR0aD0iMSIgaGVpZ2h0PSIxIiB4bWxucz0iaHR0cDovL3d3dy53My5vcmcvMjAwMC9zdmciPjwvc3ZnPg==\" style=\"--smush-placeholder-width: 800px; --smush-placeholder-aspect-ratio: 800\/551;\" \/><\/p>\n<h2><strong>Brak okapu w kuchni \u2014 czy to dobry pomys\u0142?<\/strong><\/h2>\n<p>Okap kominowy jest rozwi\u0105zaniem pomijanym w niekt\u00f3rych kuchniach. Dlaczego? Cho\u0107by ze wzgl\u0119d\u00f3w finansowych. Faktem jest, \u017ce wydatki nie ograniczaj\u0105 si\u0119 w tym przypadku wy\u0142\u0105cznie do zakupu i monta\u017cu urz\u0105dzenia. Czasem potrzebna jest gruntowna przebudowa kuchni, co rzecz jasna generuje du\u017co wi\u0119ksze koszty.<\/p>\n<p>W budownictwie blokowym ma\u0142e i nieforemne kuchnie nie s\u0105 rzadko\u015bci\u0105. Praktyczne oraz estetyczne urz\u0105dzenie takiego pomieszczenia to spore wyzwanie \u2013 w ko\u0144cu musimy pomie\u015bci\u0107 w nim wszystkie potrzebne meble i sprz\u0119ty. Je\u015bli trzeba wybiera\u0107 pomi\u0119dzy dodatkow\u0105 szafk\u0105 wisz\u0105c\u0105 a lepsz\u0105 wentylacj\u0105, niekt\u00f3rzy sk\u0142aniaj\u0105 si\u0119 w stron\u0119 zabudowy meblowej.<\/p>\n<p><strong>Okap kuchenny dzia\u0142a jako wyci\u0105g tylko w sytuacji, gdy jest po\u0142\u0105czony za pomoc\u0105 rury z zewn\u0119trznym kana\u0142em wentylacyjnym.<\/strong> Problem w tym, \u017ce mieszkania w starym budownictwie cz\u0119sto s\u0105 wyposa\u017cone jedynie w wentylacj\u0119 grawitacyjn\u0105 (tzw. naturaln\u0105). Mechanizm jej dzia\u0142ania opiera si\u0119 na r\u00f3\u017cnicy ci\u015bnie\u0144 na zewn\u0105trz oraz wewn\u0105trz budynku, kt\u00f3ra prowadzi do powstania ci\u0105gu. To on zasysa powietrze do komina.<\/p>\n<p>Pod\u0142\u0105czenie okapu do takiego zbiorczego szybu wentylacyjnego w bloku mog\u0142oby sprawi\u0107, \u017ce nieczysto\u015bci z kuchni \u2014 zamiast na zewn\u0105trz \u2014 dostan\u0105 si\u0119 do mieszka\u0144 s\u0105siad\u00f3w. W takim uk\u0142adzie nie ma mo\u017cliwo\u015bci pod\u0142\u0105czenia okapu. Jego monta\u017c jest nie tyle niewskazany, ile zabroniony przez przepisy.<\/p>\n<h2><strong>Brak okapu w kuchni \u2014 to musisz wiedzie\u0107!<\/strong><\/h2>\n<p>Skupmy si\u0119 przez chwil\u0119 na dzia\u0142aniu tego urz\u0105dzenia. Okap wspiera wentylacj\u0119 w kuchni. Instaluje si\u0119 go tu\u017c nad urz\u0105dzeniami grzewczymi, takimi jak kuchenka gazowa i elektryczna czy p\u0142yta indukcyjna. Jego zadaniem jest poch\u0142anianie dymu i pary wodnej, kt\u00f3re wytwarzaj\u0105 si\u0119 podczas gotowania. Okap kuchenny odprowadza r\u00f3wnie\u017c z pomieszczenia:<\/p>\n<ul>\n<li>gor\u0105ce powietrze,<\/li>\n<li>r\u00f3\u017cnego rodzaju opary,<\/li>\n<li>zapachy przyrz\u0105dzanych potraw.<\/li>\n<\/ul>\n<h3>Jakie wady ma brak okapu w kuchni?<\/h3>\n<p>Wyobra\u017a sobie kilkugodzinne gotowanie, np. przed \u015bwi\u0119tami lub du\u017c\u0105 rodzinn\u0105 uroczysto\u015bci\u0105. Bez wspomagania wentylacji b\u0119dzie w niej bardzo gor\u0105co. O ile temperatura za oknem jest odpowiednia, mo\u017cesz po prostu otworzy\u0107 okno. Co jednak, je\u015bli na zewn\u0105trz jest 30 stopni Celsjusza? Duchota w czasie upa\u0142\u00f3w mo\u017ce odebra\u0107 wszelk\u0105 przyjemno\u015b\u0107 p\u0142yn\u0105c\u0105 z gotowania.<\/p>\n<p><strong>Bez urz\u0105dzenia usuwaj\u0105cego par\u0119 wodn\u0105 z kuchni z czasem mo\u017ce do\u015b\u0107 do jej zawilgocenia. <\/strong>W d\u0142u\u017cszej perspektywie doprowadzi to do uszkodzenia mebli kuchennych, a nawet \u015bcian i pod\u0142ogi. Lekcewa\u017cenie tego problemu mo\u017ce by\u0107 przyczyn\u0105 rozwoju szkodliwego dla zdrowia grzyba.<\/p>\n<p><strong>Kuchnia bez okapu jest trudna do utrzymania w czysto\u015bci.<\/strong> Cz\u0105steczki t\u0142uszczu oraz inne zanieczyszczenia b\u0119d\u0105ce skutkiem ubocznym gotowania osadzaj\u0105 si\u0119 na powierzchni mebli. To nie koniec zalet urz\u0105dzenia. Okap skutecznie usuwa nieprzyjemne zapachy. Bez niego rozejd\u0105 si\u0119 one po ca\u0142ym domu. Wraz z nimi b\u0119d\u0105 kr\u0105\u017cy\u0142y r\u00f3\u017cne zanieczyszczenia. Mog\u0105 one obni\u017cy\u0107 komfort funkcjonowania alergik\u00f3w w domu.<\/p>\n<p>Warto jeszcze wspomnie\u0107, \u017ce <a href=\"https:\/\/www.brw.pl\/agd\/okapy\/\" target=\"_blank\" rel=\"noopener noreferrer\">okap<\/a> w kuchni zapewnia nie tylko lepsz\u0105 wentylacj\u0119, lecz tak\u017ce jest dodatkowym \u017ar\u00f3d\u0142em \u015bwiat\u0142a. Im wi\u0119cej punkt\u00f3w \u015bwietlnych w kuchni, tym wygodniejsza jest ona w codziennym u\u017cytkowaniu.<\/p>\n<div style=\"display: flex; align-items: center; justify-content: center; text-align: center;\">\n<figure id=\"attachment_38635\" aria-describedby=\"caption-attachment-38635\" style=\"width: 225px\" class=\"wp-caption aligncenter\"><a href=\"https:\/\/www.brw.pl\/okap-przyscienny-mpm-60-om-41n,398103\" target=\"_blank\" rel=\"noopener noreferrer\"><img decoding=\"async\" class=\"wp-image-38635 lazyload\" data-src=\"https:\/\/www.brw.pl\/blog\/wp-content\/uploads\/2022\/08\/okap-przyscienny-mpm-60-om-41n-slarge.jpg\" alt=\"Okap przy\u015bcienny MPM-60-OM-41N\" width=\"225\" height=\"225\" data-srcset=\"https:\/\/www.brw.pl\/blog\/wp-content\/uploads\/2022\/08\/okap-przyscienny-mpm-60-om-41n-slarge.jpg 600w, https:\/\/www.brw.pl\/blog\/wp-content\/uploads\/2022\/08\/okap-przyscienny-mpm-60-om-41n-slarge-150x150.jpg 150w, https:\/\/www.brw.pl\/blog\/wp-content\/uploads\/2022\/08\/okap-przyscienny-mpm-60-om-41n-slarge-165x165.jpg 165w, https:\/\/www.brw.pl\/blog\/wp-content\/uploads\/2022\/08\/okap-przyscienny-mpm-60-om-41n-slarge-120x120.jpg 120w\" data-sizes=\"(max-width: 225px) 100vw, 225px\" src=\"data:image\/svg+xml;base64,PHN2ZyB3aWR0aD0iMSIgaGVpZ2h0PSIxIiB4bWxucz0iaHR0cDovL3d3dy53My5vcmcvMjAwMC9zdmciPjwvc3ZnPg==\" style=\"--smush-placeholder-width: 225px; --smush-placeholder-aspect-ratio: 225\/225;\" \/><\/a><figcaption id=\"caption-attachment-38635\" class=\"wp-caption-text\"><a href=\"https:\/\/www.brw.pl\/okap-przyscienny-mpm-60-om-41n,398103\" target=\"_blank\" rel=\"noopener noreferrer\"><span style=\"font-weight: 400;\">Okap przy\u015bcienny MPM-60-OM-41N<\/span><\/a><\/figcaption><\/figure>\n<figure id=\"attachment_26217\" aria-describedby=\"caption-attachment-26217\" style=\"width: 300px\" class=\"wp-caption alignnone\"><img decoding=\"async\" class=\"wp-image-26217 size-full lazyload\" data-src=\"https:\/\/www.brw.pl\/blog\/wp-content\/uploads\/2022\/08\/okap-podszafkowy-plus.jpg\" alt=\"okap-podszafkowy-plus\" width=\"300\" height=\"225\" src=\"data:image\/svg+xml;base64,PHN2ZyB3aWR0aD0iMSIgaGVpZ2h0PSIxIiB4bWxucz0iaHR0cDovL3d3dy53My5vcmcvMjAwMC9zdmciPjwvc3ZnPg==\" style=\"--smush-placeholder-width: 300px; --smush-placeholder-aspect-ratio: 300\/225;\" \/><figcaption id=\"caption-attachment-26217\" class=\"wp-caption-text\"><a href=\"https:\/\/www.brw.pl\/okap-podszafkowy-60-plus-slim,37419\" target=\"_blank\" rel=\"noopener noreferrer\">Okap podszafkowy Plus Slim 60<\/a><\/figcaption><\/figure>\n<figure id=\"attachment_26215\" aria-describedby=\"caption-attachment-26215\" style=\"width: 300px\" class=\"wp-caption alignnone\"><img decoding=\"async\" class=\"size-full wp-image-26215 lazyload\" data-src=\"https:\/\/www.brw.pl\/blog\/wp-content\/uploads\/2022\/08\/okap-podszafkowy.jpg\" alt=\"okap-podszafkowy\" width=\"300\" height=\"225\" src=\"data:image\/svg+xml;base64,PHN2ZyB3aWR0aD0iMSIgaGVpZ2h0PSIxIiB4bWxucz0iaHR0cDovL3d3dy53My5vcmcvMjAwMC9zdmciPjwvc3ZnPg==\" style=\"--smush-placeholder-width: 300px; --smush-placeholder-aspect-ratio: 300\/225;\" \/><figcaption id=\"caption-attachment-26215\" class=\"wp-caption-text\"><a href=\"https:\/\/www.brw.pl\/okap-podszafkowy-50-plus-slim,37415\" target=\"_blank\" rel=\"noopener noreferrer\">Okap podszafkowy Plus Slim 50<\/a><\/figcaption><\/figure>\n<\/div>\n<h3>Jakie zalety ma rezygnacja z tego kuchennego urz\u0105dzenia?<\/h3>\n<p>Wymiern\u0105 korzy\u015bci\u0105 jest oszcz\u0119dno\u015b\u0107 na rachunkach. Du\u017ca wydajno\u015b\u0107 okapu ma swoj\u0105 ciemn\u0105 stron\u0119. Jest ni\u0105 pob\u00f3r energii elektrycznej, kt\u00f3ry mo\u017ce stanowi\u0107 obci\u0105\u017cenie dla domowego bud\u017cetu.<\/p>\n<p>Okap w kuchni zajmuje przestrze\u0144 nad kuchenk\u0105 gazow\u0105 lub innym urz\u0105dzeniem grzewczym zainstalowanym w domu. Bez niego b\u0119dziesz cieszy\u0107 si\u0119 wi\u0119ksz\u0105 swobod\u0105 poruszania si\u0119. Mo\u017cesz r\u00f3wnie\u017c zagospodarowa\u0107 t\u0119 przestrze\u0144 z wykorzystaniem mebla, kt\u00f3ry u\u0142atwi Ci funkcjonowanie w kuchni. Mo\u017ce to by\u0107 np. szafka czy p\u00f3\u0142ka, na kt\u00f3rej ustawisz pojemniki z przyprawami. Wyj\u0105tek stanowi okap wyspowy, kt\u00f3ry montuje si\u0119 bezpo\u015brednio do sufitu. W przypadku takiego wyci\u0105gu zazwyczaj nie ma mowy o innym zagospodarowaniu miejsca nad p\u0142yt\u0105 \u2013 wyspa kuchenna stanowi odr\u0119bn\u0105, samowystarczaln\u0105 cz\u0119\u015b\u0107 zabudowy.<\/p>\n<p>W Twoim mieszkaniu mo\u017cna pod\u0142\u0105czy\u0107 okap? Dobrze si\u0119 zastan\u00f3w, czy bez niego kuchnia b\u0119dzie zapewnia\u0142a Ci nale\u017cyt\u0105 wygod\u0119. Je\u015bli najwa\u017cniejszym argumentem przeciw jego instalacji jest brak miejsca, zawsze mo\u017cesz rozwa\u017cy\u0107 monta\u017c kompaktowego modelu podszafkowego. Zajmie on du\u017co mniej miejsca ni\u017c okap kominowy.<\/p>\n<h2><strong>Poch\u0142aniacz kuchenny bez wyci\u0105gu, za to z filtrem w\u0119glowym<\/strong><\/h2>\n<p>Poch\u0142aniacze z filtrem w\u0119glowym nie s\u0105 co prawda a\u017c tak efektywne jak okapy, ale stanowi\u0105 spor\u0105 pomoc. <strong>W przeciwie\u0144stwie do okap\u00f3w kominowych nie odprowadzaj\u0105 opar\u00f3w z kuchni na zewn\u0105trz budynku, lecz wci\u0105gaj\u0105 je, a nast\u0119pnie filtruj\u0105<\/strong>. W jaki spos\u00f3b? Wentylator w urz\u0105dzeniu zasysa powietrze znad p\u0142yty grzewczej, a wraz z nim par\u0119 wodn\u0105, t\u0142uszcz i powsta\u0142e zapachy. Pierwszym etapem filtracji jest zatrzymanie cz\u0105steczek t\u0142uszczu za pomoc\u0105 filtr\u00f3w przeciwt\u0142uszczowych. Elementy te wykonane s\u0105 zwykle z aluminium lub stali, mo\u017cna je my\u0107 i u\u017cytkowa\u0107 ponownie. Na kolejnym etapie powietrze trafia do filtra w\u0119glowego, kt\u00f3ry absorbuje nieprzyjemne zapachy i lotne zwi\u0105zki organiczne. Po przej\u015bciu przez filtry oczyszczone powietrze trafia z powrotem do pomieszczenia.<\/p>\n<p>Urz\u0105dzenia dzia\u0142aj\u0105ce w trybie poch\u0142aniaczy nie wymagaj\u0105 pod\u0142\u0105czenia rur\u0105 do kana\u0142u wentylacyjnego, dzi\u0119ki czemu mo\u017cna zamontowa\u0107 je w ka\u017cdej kuchni. To idealne rozwi\u0105zanie do mieszka\u0144 w blokach. Poch\u0142aniacze nie zajmuj\u0105 wiele miejsca \u2013 zar\u00f3wno standardowe okapy podszafkowe, jak i okapy teleskopowe czy nowoczesne okapy nablatowe s\u0105 niewielkich rozmiar\u00f3w. Co wi\u0119cej, ich minimalistyczny design sprawia, \u017ce praktycznie nie rzucaj\u0105 si\u0119 oczy.<\/p>\n<p>Za istotn\u0105 wad\u0119 poch\u0142aniaczy mo\u017cna uzna\u0107 konieczno\u015b\u0107 wymiany filtr\u00f3w w\u0119glowych, kt\u00f3re nie s\u0105 wielokrotnego u\u017cytku. Filtry nale\u017cy wymienia\u0107 minimum co 6 miesi\u0119cy, a w przypadku intensywnej eksploatacji, nawet co 3 miesi\u0105ce.<\/p>\n<h3><strong>Jak pod\u0142\u0105czy\u0107 nowoczesny poch\u0142aniacz kuchenny?<\/strong><\/h3>\n<p>Monta\u017c poch\u0142aniacza kuchennego rozpoczynamy od wybrania odpowiedniego miejsca nad p\u0142yt\u0105 grzewcz\u0105, pami\u0119taj\u0105c o tym, by zachowa\u0107 odpowiednie odleg\u0142o\u015bci (zwykle jest to 65-75 cm). Nast\u0119pnie trzeba zaznaczy\u0107 i wywierci\u0107 otwory monta\u017cowe w \u015bcianie lub szafce. W dalszej kolejno\u015bci mocujemy uchwyty lub bezpo\u015brednio montujemy poch\u0142aniacz, dokr\u0119caj\u0105c go \u015brubami. Po zamontowaniu urz\u0105dzenia nale\u017cy w\u0142o\u017cy\u0107 filtry przeciwt\u0142uszczowe, a wewn\u0105trz poch\u0142aniacza umie\u015bci\u0107 filtry w\u0119glowe. Ostatnim krokiem jest pod\u0142\u0105czenie urz\u0105dzenia do pr\u0105du \u2013 je\u015bli ma wtyczk\u0119, wystarczy podpi\u0105\u0107 je do gniazdka. Po zako\u0144czeniu monta\u017cu warto uruchomi\u0107 poch\u0142aniacz i sprawdzi\u0107 jego dzia\u0142anie na r\u00f3\u017cnych poziomach mocy.<\/p>\n<h2><strong>Kuchnia bez okapu \u2013 inspiracje<\/strong><\/h2>\n<p>Co zrobi\u0107, \u017ceby brak okapu w kuchni nie obni\u017cy\u0142 walor\u00f3w jej aran\u017cacji ani komfortu jej u\u017cytkowania? Dobrym pomys\u0142em jest taki rozk\u0142ad zabudowy meblowej, by kuchenka znalaz\u0142a si\u0119 bli\u017cej okna. Cz\u0119ste otwieranie go sprawi, \u017ce ani duchota, ani wilgo\u0107 nie b\u0119d\u0105 Ci dokucza\u0142y.<\/p>\n<p>Aby mieszkanie nie przesi\u0105k\u0142o zapachami potraw, warto codziennie dobrze je przewietrzy\u0107. Gdy okna wychodz\u0105 tylko na jedn\u0105 stron\u0119, mo\u017cna pos\u0142u\u017cy\u0107 si\u0119 wiatrakiem kuchennym. &#8222;Wypchnie&#8221; on na zewn\u0105trz niepo\u017c\u0105dane aromaty.<\/p>\n<p>Bliskie s\u0105siedztwo okna sprawi, \u017ce strefa gotowania w ci\u0105gu dnia b\u0119dzie sk\u0105pana w \u015bwietle s\u0142onecznym. Zapewnisz sobie jeszcze wi\u0119ksz\u0105 wygod\u0119, gdy do\u015bwietlisz ten obszar z wykorzystaniem energooszcz\u0119dnych opraw. Mo\u017cesz postawi\u0107 na niewielki spot lub reflektor. Dobrze sprawdzi si\u0119 tutaj r\u00f3wnie\u017c ta\u015bma LED zainstalowana pod p\u00f3\u0142k\u0105 zawieszon\u0105 nad kuchenk\u0105.<\/p>\n<div style=\"display: flex; align-items: center; justify-content: center; text-align: center;\">\n<figure id=\"attachment_26218\" aria-describedby=\"caption-attachment-26218\" style=\"width: 593px\" class=\"wp-caption aligncenter\"><img decoding=\"async\" class=\"size-full wp-image-26218 lazyload\" data-src=\"https:\/\/www.brw.pl\/blog\/wp-content\/uploads\/2022\/08\/komplet-kuchenny.jpg\" alt=\"komplet-kuchenny\" width=\"593\" height=\"445\" src=\"data:image\/svg+xml;base64,PHN2ZyB3aWR0aD0iMSIgaGVpZ2h0PSIxIiB4bWxucz0iaHR0cDovL3d3dy53My5vcmcvMjAwMC9zdmciPjwvc3ZnPg==\" style=\"--smush-placeholder-width: 593px; --smush-placeholder-aspect-ratio: 593\/445;\" \/><figcaption id=\"caption-attachment-26218\" class=\"wp-caption-text\"><a href=\"https:\/\/www.brw.pl\/komplet-kuchenny-older-260,34433\" target=\"_blank\" rel=\"noopener noreferrer\">Komplet kuchenny Older 260<\/a><\/figcaption><\/figure>\n<\/div>\n<p>Twoja kuchnia b\u0119dzie sprawia\u0142a wra\u017cenie widnej i wi\u0119kszej, ni\u017c jest w rzeczywisto\u015bci, gdy wyposa\u017cysz j\u0105 w meble kuchenne o jasnym zabarwieniu. Mo\u017cesz zdecydowa\u0107 si\u0119 na eleganck\u0105 biel lub subteln\u0105 szaro\u015b\u0107. Dobrze w takiej aran\u017cacji sprawdzi si\u0119 <a href=\"https:\/\/www.brw.pl\/kuchnie_zestawy\/\" target=\"_blank\" rel=\"noopener noreferrer\">zestaw<\/a> \u0142\u0105cz\u0105cy biel z ciep\u0142ym dekorem drewna.<\/p>\n<div style=\"display: flex; align-items: center; justify-content: center; text-align: center;\">\n<figure id=\"attachment_38448\" aria-describedby=\"caption-attachment-38448\" style=\"width: 800px\" class=\"wp-caption aligncenter\"><a href=\"https:\/\/www.brw.pl\/komplet-kuchenny-narozny-sole-270x180-cm-bialy-polysk,37539\" target=\"_blank\" rel=\"noopener noreferrer\"><img decoding=\"async\" class=\"wp-image-38448 size-medium lazyload\" data-src=\"https:\/\/www.brw.pl\/blog\/wp-content\/uploads\/2022\/09\/komplet-kuchenny-narozny-sole-270x180-cm-bialy-polysk-xlargea-800x547.jpg\" alt=\"Komplet kuchenny naro\u017cny Sole 270x180 cm bia\u0142y po\u0142ysk\" width=\"800\" height=\"547\" data-srcset=\"https:\/\/www.brw.pl\/blog\/wp-content\/uploads\/2022\/09\/komplet-kuchenny-narozny-sole-270x180-cm-bialy-polysk-xlargea-800x547.jpg 800w, https:\/\/www.brw.pl\/blog\/wp-content\/uploads\/2022\/09\/komplet-kuchenny-narozny-sole-270x180-cm-bialy-polysk-xlargea-768x525.jpg 768w, https:\/\/www.brw.pl\/blog\/wp-content\/uploads\/2022\/09\/komplet-kuchenny-narozny-sole-270x180-cm-bialy-polysk-xlargea.jpg 1497w\" data-sizes=\"(max-width: 800px) 100vw, 800px\" src=\"data:image\/svg+xml;base64,PHN2ZyB3aWR0aD0iMSIgaGVpZ2h0PSIxIiB4bWxucz0iaHR0cDovL3d3dy53My5vcmcvMjAwMC9zdmciPjwvc3ZnPg==\" style=\"--smush-placeholder-width: 800px; --smush-placeholder-aspect-ratio: 800\/547;\" \/><\/a><figcaption id=\"caption-attachment-38448\" class=\"wp-caption-text\"><a href=\"https:\/\/www.brw.pl\/komplet-kuchenny-narozny-sole-270x180-cm-bialy-polysk,37539\" target=\"_blank\" rel=\"noopener noreferrer\"><span style=\"font-weight: 400;\">Komplet kuchenny naro\u017cny Sole w kolorze bia\u0142y po\u0142ysk<\/span><\/a><\/figcaption><\/figure>\n<\/div>\n<p>Wydaje si\u0119, \u017ce w pomieszczeniu bez sprawnej wentylacji komplet o takim zabarwieniu b\u0119dzie ma\u0142o praktyczny. Tak naprawd\u0119 jest wr\u0119cz odwrotnie. <strong>Na ciemnych meblach wszelkie zabrudzenia s\u0105 nawet bardziej widoczne ni\u017c<\/strong>\u00a0<strong>na bia\u0142ych<\/strong>.<\/p>\n<p>Naturalnie takie rozwi\u0105zania nie zwolni\u0105 Ci\u0119 z konieczno\u015bci regularnego zmywania wszystkich powierzchni w kuchni \u015bciereczk\u0105 zanurzon\u0105 w ciep\u0142ej wodzie z detergentem. Mimo wietrzenia brud nadal b\u0119dzie zbiera\u0142 si\u0119 na ich powierzchni.<\/p>\n<div style=\"display: flex; align-items: center; justify-content: center; text-align: center;\">\n<figure id=\"attachment_31580\" aria-describedby=\"caption-attachment-31580\" style=\"width: 800px\" class=\"wp-caption aligncenter\"><a href=\"https:\/\/www.brw.pl\/komplet-kuchenny-narozny-top-line-270x180-cm-szary-polysk,37548\" target=\"_blank\" rel=\"noopener noreferrer\"><img decoding=\"async\" class=\"wp-image-31580 size-medium lazyload\" data-src=\"https:\/\/www.brw.pl\/blog\/wp-content\/uploads\/2023\/04\/komplet-kuchenny-naro\u017cny-top-line-800x548.jpg\" alt=\"Komplet kuchenny naro\u017cny Top Line\" width=\"800\" height=\"548\" data-srcset=\"https:\/\/www.brw.pl\/blog\/wp-content\/uploads\/2023\/04\/komplet-kuchenny-naro\u017cny-top-line-800x548.jpg 800w, https:\/\/www.brw.pl\/blog\/wp-content\/uploads\/2023\/04\/komplet-kuchenny-naro\u017cny-top-line-768x526.jpg 768w, https:\/\/www.brw.pl\/blog\/wp-content\/uploads\/2023\/04\/komplet-kuchenny-naro\u017cny-top-line-1536x1052.jpg 1536w, https:\/\/www.brw.pl\/blog\/wp-content\/uploads\/2023\/04\/komplet-kuchenny-naro\u017cny-top-line.jpg 1555w\" data-sizes=\"(max-width: 800px) 100vw, 800px\" src=\"data:image\/svg+xml;base64,PHN2ZyB3aWR0aD0iMSIgaGVpZ2h0PSIxIiB4bWxucz0iaHR0cDovL3d3dy53My5vcmcvMjAwMC9zdmciPjwvc3ZnPg==\" style=\"--smush-placeholder-width: 800px; --smush-placeholder-aspect-ratio: 800\/548;\" \/><\/a><figcaption id=\"caption-attachment-31580\" class=\"wp-caption-text\"><a href=\"https:\/\/www.brw.pl\/komplet-kuchenny-narozny-top-line-270x180-cm-szary-polysk,37548\" target=\"_blank\" rel=\"noopener noreferrer\"><span style=\"font-weight: 400;\">Komplet kuchenny naro\u017cny Top Line w kolorze szary po\u0142ysk<\/span><\/a><\/figcaption><\/figure>\n<\/div>\n<p>O czym jeszcze warto wiedzie\u0107, planuj\u0105c tak\u0105 kuchenn\u0105 aran\u017cacj\u0119? Najlepszym rozwi\u0105zaniem do wn\u0119trza z gorsz\u0105 wentylacj\u0105 s\u0105 modu\u0142y umo\u017cliwiaj\u0105ce zabudowanie sprz\u0119t\u00f3w, takich jak:<\/p>\n<ul>\n<li>zmywarka,<\/li>\n<li>lod\u00f3wka,<\/li>\n<li>piekarnik,<\/li>\n<li>mikrofal\u00f3wka.<\/li>\n<\/ul>\n<p>Oszcz\u0119dnie podejd\u017a do dekorowania swojej kuchni. Im mniej przedmiot\u00f3w b\u0119dzie znajdowa\u0142o si\u0119 na wierzchu, tym \u0142atwiej Ci b\u0119dzie utrzyma\u0107 j\u0105 w nienagannym porz\u0105dku.<\/p>\n<p>Inspiracje dotycz\u0105ce wystroju kuchni z jasnymi meblami znajdziesz w artykule: <a href=\"https:\/\/www.brw.pl\/blog\/biala-kuchnia-z-bialym-blatem-minimalistyczna-aranzacja-pelna-elegancji\/\" target=\"_blank\" rel=\"noopener noreferrer\">&#8222;Bia\u0142a kuchnia z bia\u0142ym blatem \u2013 minimalistyczna aran\u017cacja pe\u0142na elegancji&#8221;<\/a>.<\/p>\n<p><strong>Na poszukiwania mebli i sprz\u0119t\u00f3w kuchennych zajrzyj do <a href=\"https:\/\/www.brw.pl\/\" target=\"_blank\" rel=\"noopener noreferrer\">sklepu internetowego BRW<\/a>.<\/strong><\/p>\n","protected":false},"excerpt":{"rendered":"<p>Czy okap jest r\u00f3wnie niezast\u0105piony w kuchni, co piekarnik, lod\u00f3wka, czy kuchenka? Je\u015bli tak, to dlaczego cz\u0119\u015b\u0107 os\u00f3b nie decyduje si\u0119 na jego instalacj\u0119 w swoim wn\u0119trzu? Czy kuchnia bez okapu mo\u017ce by\u0107 funkcjonalna? Co jest lepsze \u2013 wyci\u0105g czy poch\u0142aniacz? Zapoznaj si\u0119 z naszymi sugestiami dotycz\u0105cymi aran\u017cacji kuchni bez okapu.<\/p>\n","protected":false},"author":18,"featured_media":26135,"comment_status":"closed","ping_status":"open","sticky":false,"template":"","format":"standard","meta":{"footnotes":""},"categories":[39,26],"tags":[],"aioseo_notices":[],"_links":{"self":[{"href":"https:\/\/www.brw.pl\/blog\/wp-json\/wp\/v2\/posts\/26214"}],"collection":[{"href":"https:\/\/www.brw.pl\/blog\/wp-json\/wp\/v2\/posts"}],"about":[{"href":"https:\/\/www.brw.pl\/blog\/wp-json\/wp\/v2\/types\/post"}],"author":[{"embeddable":true,"href":"https:\/\/www.brw.pl\/blog\/wp-json\/wp\/v2\/users\/18"}],"replies":[{"embeddable":true,"href":"https:\/\/www.brw.pl\/blog\/wp-json\/wp\/v2\/comments?post=26214"}],"version-history":[{"count":8,"href":"https:\/\/www.brw.pl\/blog\/wp-json\/wp\/v2\/posts\/26214\/revisions"}],"predecessor-version":[{"id":38637,"href":"https:\/\/www.brw.pl\/blog\/wp-json\/wp\/v2\/posts\/26214\/revisions\/38637"}],"wp:featuredmedia":[{"embeddable":true,"href":"https:\/\/www.brw.pl\/blog\/wp-json\/wp\/v2\/media\/26135"}],"wp:attachment":[{"href":"https:\/\/www.brw.pl\/blog\/wp-json\/wp\/v2\/media?parent=26214"}],"wp:term":[{"taxonomy":"category","embeddable":true,"href":"https:\/\/www.brw.pl\/blog\/wp-json\/wp\/v2\/categories?post=26214"},{"taxonomy":"post_tag","embeddable":true,"href":"https:\/\/www.brw.pl\/blog\/wp-json\/wp\/v2\/tags?post=26214"}],"curies":[{"name":"wp","href":"https:\/\/api.w.org\/{rel}","templated":true}]}}