{"id":26832,"date":"2022-09-21T12:21:22","date_gmt":"2022-09-21T10:21:22","guid":{"rendered":"https:\/\/www.brw.pl\/blog\/?p=26832"},"modified":"2023-10-28T11:41:43","modified_gmt":"2023-10-28T09:41:43","slug":"fotel-chierowskiego-fotel-finka-i-inne-modele-z-drewnianymi-podlokietnikami-podbijaja-salony","status":"publish","type":"post","link":"https:\/\/www.brw.pl\/blog\/fotel-chierowskiego-fotel-finka-i-inne-modele-z-drewnianymi-podlokietnikami-podbijaja-salony\/","title":{"rendered":"Fotel Chierowskiego i inne modele z drewnianymi pod\u0142okietnikami podbijaj\u0105 salony!"},"content":{"rendered":"<p data-pm-slice=\"1 1 []\"><strong>Fotele z drewnianymi pod\u0142okietnikami maj\u0105 wiernych fan\u00f3w na ca\u0142ym \u015bwiecie. Fotel Chierowskiego to ju\u017c ikona polskiego designu, Finowie mog\u0105 by\u0107 dumni z modelu zwanego u nas fink\u0105, a to tylko dwa przyk\u0142ady spo\u015br\u00f3d setek najr\u00f3\u017cniejszych foteli tego typu. Dlaczego s\u0105 tak wyj\u0105tkowe?<\/strong><\/p>\n<p><!--more--><\/p>\n<p><center><img decoding=\"async\" class=\"alignnone size-medium wp-image-26833 lazyload\" data-src=\"https:\/\/www.brw.pl\/blog\/wp-content\/uploads\/2022\/09\/LAGOSSA_ARAN\u017b-1-800x472.jpg\" alt=\"Fotel Lagossa aran\u017cacja\" width=\"800\" height=\"472\" data-srcset=\"https:\/\/www.brw.pl\/blog\/wp-content\/uploads\/2022\/09\/LAGOSSA_ARAN\u017b-1-800x472.jpg 800w, https:\/\/www.brw.pl\/blog\/wp-content\/uploads\/2022\/09\/LAGOSSA_ARAN\u017b-1-scaled.jpg 1830w, https:\/\/www.brw.pl\/blog\/wp-content\/uploads\/2022\/09\/LAGOSSA_ARAN\u017b-1-768x453.jpg 768w, https:\/\/www.brw.pl\/blog\/wp-content\/uploads\/2022\/09\/LAGOSSA_ARAN\u017b-1-1536x907.jpg 1536w, https:\/\/www.brw.pl\/blog\/wp-content\/uploads\/2022\/09\/LAGOSSA_ARAN\u017b-1-2048x1209.jpg 2048w\" data-sizes=\"(max-width: 800px) 100vw, 800px\" src=\"data:image\/svg+xml;base64,PHN2ZyB3aWR0aD0iMSIgaGVpZ2h0PSIxIiB4bWxucz0iaHR0cDovL3d3dy53My5vcmcvMjAwMC9zdmciPjwvc3ZnPg==\" style=\"--smush-placeholder-width: 800px; --smush-placeholder-aspect-ratio: 800\/472;\" \/><\/center><\/p>\n<h2 data-pm-slice=\"1 1 []\"><strong>Fotel Chierowskiego \u2013 hit PRL wraca na salony!<\/strong><\/h2>\n<p data-pm-slice=\"1 1 []\">Kultowy fotel Chierowskiego, czyli fotel 366, od pewnego czasu zn\u00f3w jest <em>\u00e0\u00a0la mode<\/em>, co powinno ucieszy\u0107 zwolennik\u00f3w trend\u00f3w wn\u0119trzarskich PRL. Je\u015bli i Ty do nich nale\u017cysz, zastan\u00f3w si\u0119 nad zakupem tego fotela. Na pewno zrobi furor\u0119 w Twoim salonie, kiedy zaprosisz go\u015bci. Oczywi\u015bcie m\u00f3g\u0142by\u015b go umie\u015bci\u0107 tak\u017ce w sypialni albo w przedpokoju. Jednak to ten rodzaj mebla, kt\u00f3rym warto si\u0119 pochwali\u0107, dlatego najlepiej zaprezentuje si\u0119 w pokoju dziennym.<\/p>\n<p>Znakomicie wpisze si\u0119 w stylistyk\u0119 retro, ale r\u00f3wnie dobrze b\u0119dzie wygl\u0105da\u0142 we wn\u0119trzach urz\u0105dzonych minimalistycznie. Polubi si\u0119 te\u017c ze stylem skandynawskim. Co ciekawe, tego typu fotele produkowa\u0142a s\u0142ynna Dolno\u015bl\u0105ska Fabryka Mebli w \u015awiebodzicach. Polacy maj\u0105 zatem spory udzia\u0142, je\u015bli chodzi u kultowy fotel, o czym opowiemy za chwil\u0119.<\/p>\n<h3><strong>Jak wygl\u0105da fotel Chierowskiego?<\/strong><\/h3>\n<p data-pm-slice=\"1 1 []\">Fotel nie imponuje wielko\u015bci\u0105, ma bardzo prost\u0105 form\u0119. Ot, drewniany stela\u017c sk\u0142adaj\u0105cy si\u0119 z czterech n\u00f3g ustawionych pod k\u0105tem w kierunku zewn\u0119trznym, szerokiego siedziska i wygodnego oparcia. Stela\u017c najcz\u0119\u015bciej wykonuje si\u0119 z naturalnego drewna bukowego, jesionowego albo d\u0119bowego. <strong>Tym, co wyr\u00f3\u017cnia ten kultowy mebel, s\u0105 charakterystyczne, do\u015b\u0107 kr\u00f3tkie pod\u0142okietniki.<\/strong><\/p>\n<p>Oryginalny fotel by\u0142 wype\u0142niony tworzywem silikonowym, a w jego budowie wykorzystano pas tapicerski, co jak na czasy PRL-u by\u0142o innowacyjnym rozwi\u0105zaniem. Obecnie silikon jest zast\u0119powany m.in. przez piank\u0119 poliuretanow\u0105. Na przestrzeni lat zmieni\u0142a si\u0119 r\u00f3wnie\u017c tapicerka fotela. Kiedy\u015b u\u017cywano najta\u0144szych materia\u0142\u00f3w, teraz masz do dyspozycji przer\u00f3\u017cne obicia.<\/p>\n<h3><strong>Ile kosztuje fotel Chierowskiego?<\/strong><\/h3>\n<p data-pm-slice=\"1 1 []\">Istnieje szansa, \u017ce fotel Chierowskiego wyprodukowany jeszcze za PRL-u uda Ci si\u0119 upolowa\u0107 na jakim\u015b targu staroci w cenie ok. 200 z\u0142. Jednak musia\u0142by\u015b mie\u0107 sporo szcz\u0119\u015bcia. We\u017a te\u017c pod uwag\u0119, \u017ce u\u017cywane meble sprzed trzydziestu, czterdziestu lat s\u0105 zniszczone w mniejszym lub wi\u0119kszym stopniu. W tej sytuacji nale\u017ca\u0142oby zainwestowa\u0107 w renowacj\u0119 fotela, co poci\u0105gn\u0119\u0142oby za sob\u0105 dodatkowe koszty. Lepiej kupi\u0107 nowy fotel wzorowany na oryginale. W sklepach internetowych jest ich mn\u00f3stwo, a ceny zaczynaj\u0105 si\u0119 od ok. 600 z\u0142.<\/p>\n<h2><strong>Fotel Chierowski \u2013 kr\u00f3tka historia mebla<\/strong><\/h2>\n<p data-pm-slice=\"1 1 []\">Autorem fotela Chierowskiego jest oczywi\u015bcie cz\u0142owiek o takim samym nazwisku. J\u00f3zef Chierowski, bo o nim mowa, stworzy\u0142 fotel, kt\u00f3ry sta\u0142 si\u0119 kultowy &#8211; doskonale sprawdza\u0142 si\u0119 zar\u00f3wno w przypadku ma\u0142ych mieszka\u0144, jak i wi\u0119kszych przestrzeni. Chierowski pracowa\u0142 jako projektant wn\u0119trz, mebli oraz\u2026 pianin. W 1962 r. dosta\u0142 specjalne zlecenie od Dolno\u015bl\u0105skiej Fabryki Mebli w \u015awiebodzicach, kt\u00f3ra z powodu strat w wyniku po\u017caru potrzebowa\u0142a towaru, kt\u00f3ry da si\u0119 wyprodukowa\u0107 w miar\u0119 szybko i niskimi nak\u0142adami finansowymi. Fotel by\u0142 jednym z mebli, kt\u00f3re dla nich zaprojektowa\u0142. Jego <strong>projekt sta\u0142 si\u0119 prawdziwym hitem \u2013 fotel kupowano do mieszka\u0144, dom\u00f3w, a nawet instytucji publicznych<\/strong>. Wygodne oparcie, idealna wysoko\u015b\u0107 siedziska i drewniane pod\u0142okietniki mia\u0142y sw\u00f3j potencja\u0142. Okazuje si\u0119 zatem, \u017ce meble z okresu PRL wracaj\u0105 do \u0142ask. Dzie\u0142o J\u00f3zefa Chierowskiego cz\u0119sto stanowi\u0142 niezwykle po\u017c\u0105dany towar.<\/p>\n<h3><strong>Per\u0142a w\u015br\u00f3d PRL-owskich mebli<\/strong><\/h3>\n<p data-pm-slice=\"1 1 []\">Kompaktowo\u015b\u0107 i prostota wykonania fotela mia\u0142y swoje uzasadnienie. W PRL-u warunki mieszkaniowe by\u0142y ci\u0119\u017ckie. Nie\u0142atwo by\u0142o dosta\u0107 \u201eprzydzia\u0142\u201d od sp\u00f3\u0142dzielni mieszkaniowej. Wiele os\u00f3b czeka\u0142o na w\u0142asne lokum kilka, a bywa\u0142o, \u017ce i kilkana\u015bcie lat pomimo wp\u0142aty na s\u0142ynn\u0105 ksi\u0105\u017ceczk\u0119 mieszkaniow\u0105 kwoty, kt\u00f3ra teoretycznie pozwala\u0142a na otrzymanie mieszkania. Na ma\u0142ym metra\u017cu cz\u0119sto gnie\u017adzi\u0142y si\u0119 po trzy pokolenia. Meble musia\u0142y by\u0107 maksymalnie funkcjonalne i jak najta\u0144sze, co przek\u0142ada\u0142o si\u0119 na ich estetyk\u0119. St\u0105d boom m.in. na meblo\u015bcianki, brzydkie tapczany i nieciekawe lampy stoj\u0105ce z aba\u017curami. Ale st\u0105d te\u017c sukces fotela Chierowskiego \u2013 per\u0142y w\u015br\u00f3d PRL-owskich mebli \u2013 kt\u00f3ry dzi\u015b w r\u00f3\u017cnych ods\u0142onach wraca na salony w blasku chwa\u0142y. Produkowany by\u0142 ze wzgl\u0119du na niskie koszty i szybko\u015b\u0107, a zosta\u0142 z nami na kolejne dziesi\u0119ciolecia, stanowi\u0105c obecnie \u015bwietn\u0105 inspiracj\u0119.<\/p>\n<h2><strong>Fotele z drewnianymi pod\u0142okietnikami znajdziesz na BRW!<\/strong><\/h2>\n<p>Black Red White posiada niejeden fotel z drewnianymi pod\u0142okietnikami. Przedstawiamy kilka wybranych modeli.<\/p>\n<h3><strong>Fotel Chierowskiego w nowoczesnej ods\u0142onie<\/strong><\/h3>\n<p><center><img decoding=\"async\" class=\"alignnone size-full wp-image-26840 lazyload\" data-src=\"https:\/\/www.brw.pl\/blog\/wp-content\/uploads\/2022\/09\/fotel-bondi.jpg\" alt=\"Fotel Bondi\" width=\"593\" height=\"445\" src=\"data:image\/svg+xml;base64,PHN2ZyB3aWR0aD0iMSIgaGVpZ2h0PSIxIiB4bWxucz0iaHR0cDovL3d3dy53My5vcmcvMjAwMC9zdmciPjwvc3ZnPg==\" style=\"--smush-placeholder-width: 593px; --smush-placeholder-aspect-ratio: 593\/445;\" \/><\/center><\/p>\n<p style=\"text-align: center;\"><strong><a href=\"https:\/\/www.brw.pl\/fotel-bondi,43142\" target=\"_blank\" rel=\"noopener noreferrer\">FOTEL BONDI<\/a><\/strong><\/p>\n<p>Fotel Bondi w oczywisty spos\u00f3b nawi\u0105zuje do legendarnego fotela Chierowskiego. R\u00f3\u017cni si\u0119 przede wszystkim wysoko\u015bci\u0105 oparcia, co w gruncie rzeczy jest zalet\u0105. Wy\u017csze, odpowiednio wyprofilowane oparcie fotela Bondi gwarantuje wi\u0119kszy komfort u\u017cytkowania. Co wi\u0119cej, mebel dostosujesz do swoich indywidualnych potrzeb. Posiada trzy stopnie regulacji nachylenia oparcia i wysuni\u0119cia siedziska. Gdy nabierzesz ochoty na drzemk\u0119 w fotelu, nic nie stanie na przeszkodzie. Uk\u0142ad tkaniny i kolor drewnianych element\u00f3w mo\u017cesz zmodyfikowa\u0107, dzi\u0119ki czemu \u0142atwiej Ci b\u0119dzie dostosowa\u0107 ten model do stylu, w jakim urz\u0105dzi\u0142e\u015b salon.<\/p>\n<h3><strong>Fotel finka<\/strong><\/h3>\n<p>Historia fotela typu finka jest nie mniej interesuj\u0105ca od tej odnosz\u0105cej si\u0119 do fotela Chierowskiego. Fotel zosta\u0142 zaprojektowany przez fi\u0144skiego architekta Alvaro Aalto z my\u015bl\u0105 o chorych na gru\u017alic\u0119 pacjentach szpitala i sanatorium znajduj\u0105cych si\u0119 w miejscowo\u015bci Paimio w po\u0142udniowo-zachodniej Finlandii. K\u0105t nachylenia oparcia mia\u0142 u\u0142atwia\u0107 oddychanie, a stosunkowo elastyczny stela\u017c n\u00f3g amortyzowa\u0107 ruchy pacjenta. <strong>Funkcjonalno\u015b\u0107 i wygoda<\/strong> fotela sprawi\u0142y, \u017ce mebel szybko zdoby\u0142 popularno\u015b\u0107, trafiaj\u0105c tak\u017ce do prywatnych dom\u00f3w i mieszka\u0144.<\/p>\n<div style=\"display: flex; flex-wrap: wrap; align-items: center; justify-content: center; text-align: center;\">\n<figure id=\"attachment_20530\" aria-describedby=\"caption-attachment-20530\" style=\"width: 285px\" class=\"wp-caption aligncenter\"><img decoding=\"async\" class=\"wp-image-20530 lazyload\" data-src=\"https:\/\/www.brw.pl\/blog\/wp-content\/uploads\/2022\/09\/fotel-alba-iii.jpg\" alt=\"Fotel Alba III\" width=\"285\" height=\"214\" src=\"data:image\/svg+xml;base64,PHN2ZyB3aWR0aD0iMSIgaGVpZ2h0PSIxIiB4bWxucz0iaHR0cDovL3d3dy53My5vcmcvMjAwMC9zdmciPjwvc3ZnPg==\" style=\"--smush-placeholder-width: 285px; --smush-placeholder-aspect-ratio: 285\/214;\" \/><figcaption id=\"caption-attachment-20530\" class=\"wp-caption-text\"><a href=\"https:\/\/www.brw.pl\/fotel-alba-iii,43141\" target=\"_blank\" rel=\"noopener noreferrer\"><span style=\"font-weight: 400;\">Fotel Alba III<\/span><\/a><\/figcaption><\/figure>\n<figure id=\"attachment_20531\" aria-describedby=\"caption-attachment-20531\" style=\"width: 285px\" class=\"wp-caption aligncenter\"><img decoding=\"async\" class=\"wp-image-20531 lazyload\" data-src=\"https:\/\/www.brw.pl\/blog\/wp-content\/uploads\/2022\/09\/fotel-dakota.jpg\" alt=\"Fotel Dakota\" width=\"285\" height=\"214\" src=\"data:image\/svg+xml;base64,PHN2ZyB3aWR0aD0iMSIgaGVpZ2h0PSIxIiB4bWxucz0iaHR0cDovL3d3dy53My5vcmcvMjAwMC9zdmciPjwvc3ZnPg==\" style=\"--smush-placeholder-width: 285px; --smush-placeholder-aspect-ratio: 285\/214;\" \/><figcaption id=\"caption-attachment-20531\" class=\"wp-caption-text\"><a href=\"https:\/\/www.brw.pl\/fotel-dakota,42207\" target=\"_blank\" rel=\"noopener noreferrer\"><span style=\"font-weight: 400;\">Fotel Dakota<\/span><\/a><\/figcaption><\/figure>\n<\/div>\n<h3><strong>Fotele z drewnianymi pod\u0142okietnikami &#8211; na pewno znajdziesz co\u015b dla siebie!<\/strong><\/h3>\n<p>Fotele z drewnianymi pod\u0142okietnikami to nie tylko modele inspirowane projektami Chierowskiego czy Aalto. W sklepach stacjonarnych i internetowych istnieje wiele odmian r\u00f3\u017cni\u0105cych si\u0119 konstrukcj\u0105 stela\u017ca, wype\u0142nieniem siedziska i oparcia, tkanin\u0105 obicia. <strong>Drewniane pod\u0142okietniki powoduj\u0105, \u017ce mebel optycznie wydaje si\u0119 l\u017cejszy, a drewno to szlachetny, wytrzyma\u0142y materia\u0142.<\/strong> Nic zatem dziwnego, \u017ce tego rodzaju fotele ciesz\u0105 si\u0119 powodzeniem.<\/p>\n<div style=\"display: flex; flex-wrap: wrap; align-items: center; justify-content: center; text-align: center;\">\n<figure id=\"attachment_20530\" aria-describedby=\"caption-attachment-20530\" style=\"width: 285px\" class=\"wp-caption aligncenter\"><img decoding=\"async\" class=\"wp-image-20530 lazyload\" data-src=\"https:\/\/www.brw.pl\/blog\/wp-content\/uploads\/2022\/09\/fotel-lagossa.jpg\" alt=\"Fotel Lagossa\" width=\"285\" height=\"214\" src=\"data:image\/svg+xml;base64,PHN2ZyB3aWR0aD0iMSIgaGVpZ2h0PSIxIiB4bWxucz0iaHR0cDovL3d3dy53My5vcmcvMjAwMC9zdmciPjwvc3ZnPg==\" style=\"--smush-placeholder-width: 285px; --smush-placeholder-aspect-ratio: 285\/214;\" \/><figcaption id=\"caption-attachment-20530\" class=\"wp-caption-text\"><a href=\"https:\/\/www.brw.pl\/fotel-lagossa,43314\" target=\"_blank\" rel=\"noopener noreferrer\"><span style=\"font-weight: 400;\">Fotel Lagossa<\/span><\/a><\/figcaption><\/figure>\n<figure id=\"attachment_20531\" aria-describedby=\"caption-attachment-20531\" style=\"width: 285px\" class=\"wp-caption aligncenter\"><img decoding=\"async\" class=\"wp-image-20531 lazyload\" data-src=\"https:\/\/www.brw.pl\/blog\/wp-content\/uploads\/2022\/09\/fotel-ania.jpg\" alt=\"Fotel Ania\" width=\"285\" height=\"214\" src=\"data:image\/svg+xml;base64,PHN2ZyB3aWR0aD0iMSIgaGVpZ2h0PSIxIiB4bWxucz0iaHR0cDovL3d3dy53My5vcmcvMjAwMC9zdmciPjwvc3ZnPg==\" style=\"--smush-placeholder-width: 285px; --smush-placeholder-aspect-ratio: 285\/214;\" \/><figcaption id=\"caption-attachment-20531\" class=\"wp-caption-text\"><a href=\"https:\/\/www.brw.pl\/fotel-ania,46212\" target=\"_blank\" rel=\"noopener noreferrer\"><span style=\"font-weight: 400;\">Fotel Ania<\/span><\/a><\/figcaption><\/figure>\n<\/div>\n<p><strong>Wi\u0119cej foteli z drewnianymi pod\u0142okietnikami obejrzysz w <\/strong><a href=\"https:\/\/www.brw.pl\/\" target=\"_blank\" rel=\"noopener noreferrer\"><strong>sklepie internetowym Black Red White<\/strong><\/a><strong>.<\/strong> Zapraszamy!<\/p>\n<p>A je\u015bli potrzebujesz wskaz\u00f3wek dotycz\u0105cych wyboru odpowiedniego fotela do salonu, przeczytaj artyku\u0142 <a href=\"https:\/\/www.brw.pl\/blog\/jak-dobrac-fotel-do-kanapy\/\" target=\"_blank\" rel=\"noopener noreferrer\">&#8222;Jak dobra\u0107 fotel do kanapy?&#8221;<\/a>.<\/p>\n","protected":false},"excerpt":{"rendered":"<p>Fotele z drewnianymi pod\u0142okietnikami maj\u0105 wiernych fan\u00f3w na ca\u0142ym \u015bwiecie. Fotel Chierowskiego to ju\u017c ikona polskiego designu, Finowie mog\u0105 by\u0107 dumni z modelu zwanego u nas fink\u0105, a to tylko dwa przyk\u0142ady spo\u015br\u00f3d setek najr\u00f3\u017cniejszych foteli tego typu. Dlaczego s\u0105 tak wyj\u0105tkowe?<\/p>\n","protected":false},"author":29,"featured_media":26833,"comment_status":"closed","ping_status":"open","sticky":false,"template":"","format":"standard","meta":{"footnotes":""},"categories":[39,572],"tags":[],"aioseo_notices":[],"_links":{"self":[{"href":"https:\/\/www.brw.pl\/blog\/wp-json\/wp\/v2\/posts\/26832"}],"collection":[{"href":"https:\/\/www.brw.pl\/blog\/wp-json\/wp\/v2\/posts"}],"about":[{"href":"https:\/\/www.brw.pl\/blog\/wp-json\/wp\/v2\/types\/post"}],"author":[{"embeddable":true,"href":"https:\/\/www.brw.pl\/blog\/wp-json\/wp\/v2\/users\/29"}],"replies":[{"embeddable":true,"href":"https:\/\/www.brw.pl\/blog\/wp-json\/wp\/v2\/comments?post=26832"}],"version-history":[{"count":6,"href":"https:\/\/www.brw.pl\/blog\/wp-json\/wp\/v2\/posts\/26832\/revisions"}],"predecessor-version":[{"id":34683,"href":"https:\/\/www.brw.pl\/blog\/wp-json\/wp\/v2\/posts\/26832\/revisions\/34683"}],"wp:featuredmedia":[{"embeddable":true,"href":"https:\/\/www.brw.pl\/blog\/wp-json\/wp\/v2\/media\/26833"}],"wp:attachment":[{"href":"https:\/\/www.brw.pl\/blog\/wp-json\/wp\/v2\/media?parent=26832"}],"wp:term":[{"taxonomy":"category","embeddable":true,"href":"https:\/\/www.brw.pl\/blog\/wp-json\/wp\/v2\/categories?post=26832"},{"taxonomy":"post_tag","embeddable":true,"href":"https:\/\/www.brw.pl\/blog\/wp-json\/wp\/v2\/tags?post=26832"}],"curies":[{"name":"wp","href":"https:\/\/api.w.org\/{rel}","templated":true}]}}