{"id":26910,"date":"2022-09-01T15:23:21","date_gmt":"2022-09-01T13:23:21","guid":{"rendered":"https:\/\/www.brw.pl\/blog\/?p=26910"},"modified":"2025-01-24T10:34:05","modified_gmt":"2025-01-24T09:34:05","slug":"co-polozyc-na-sciane-w-kuchni-miedzy-szafkami","status":"publish","type":"post","link":"https:\/\/www.brw.pl\/blog\/co-polozyc-na-sciane-w-kuchni-miedzy-szafkami\/","title":{"rendered":"Co po\u0142o\u017cy\u0107 na \u015bcian\u0119 w kuchni mi\u0119dzy szafkami?"},"content":{"rendered":"<p><strong>\u015aciana mi\u0119dzy szafkami to jeden z najwa\u017cniejszych element\u00f3w aran\u017cacji kuchni. Jej wyko\u0144czenie b\u0119dzie mia\u0142o wp\u0142yw zar\u00f3wno na komfort u\u017cytkowania pomieszczenia, jak i jego ostateczny wygl\u0105d. Na etapie projektu we\u017a zatem pod uwag\u0119 zar\u00f3wno aspekty czysto praktyczne, jak i estetyk\u0119 wystroju. W naszym artykule podpowiemy Ci, co po\u0142o\u017cy\u0107 na \u015bcian\u0119 nad blatem kuchennym!<\/strong><!--more--><\/p>\n<p>Z tego artyku\u0142u dowiesz si\u0119:<\/p>\n<ul>\n<li>dlaczego warto zadba\u0107 o odpowiedni\u0105 aran\u017cacj\u0119 \u015bciany nad blatem kuchennym,<\/li>\n<li>co po\u0142o\u017cy\u0107 na \u015bcian\u0119 mi\u0119dzy szafkami w kuchni,<\/li>\n<li>jakie meble kuchenne wykorzysta\u0107 w aran\u017cacji.<\/li>\n<\/ul>\n<div style=\"display: flex; flex-wrap: wrap; align-items: center; justify-content: center; text-align: center;\">\n<figure id=\"attachment_22210\" aria-describedby=\"caption-attachment-22210\" style=\"width: 728px\" class=\"wp-caption aligncenter\"><a href=\"https:\/\/www.brw.pl\/komplet-kuchenny-narozny-top-line,37546\" target=\"_blank\" rel=\"noopener noreferrer\"><img decoding=\"async\" class=\"size-full wp-image-22210 lazyload\" data-src=\"https:\/\/www.brw.pl\/blog\/wp-content\/uploads\/2022\/09\/co-po\u0142o\u017cy\u0107-na-scian\u0119-w-kuchni-mi\u0119dzy-szafkami-1.jpg\" alt=\"KOPLET KUCHENNY NARO\u017bNY TOP LINE\" width=\"728\" height=\"483\" src=\"data:image\/svg+xml;base64,PHN2ZyB3aWR0aD0iMSIgaGVpZ2h0PSIxIiB4bWxucz0iaHR0cDovL3d3dy53My5vcmcvMjAwMC9zdmciPjwvc3ZnPg==\" style=\"--smush-placeholder-width: 728px; --smush-placeholder-aspect-ratio: 728\/483;\" \/><\/a><figcaption id=\"caption-attachment-22210\" class=\"wp-caption-text\"><a href=\"https:\/\/www.brw.pl\/komplet-kuchenny-narozny-top-line,37546\" target=\"_blank\" rel=\"noopener noreferrer\"><span style=\"font-weight: 400;\">KOMPLET KUCHENNY NARO\u017bNY TOP LINE<\/span><\/a><\/figcaption><\/figure>\n<\/div>\n<h2><strong>\u015aciana nad blatem kuchennym \u2013 wa\u017cny detal w aran\u017cacji przestrzeni<\/strong><\/h2>\n<p data-pm-slice=\"1 1 []\">Podczas urz\u0105dzania kuchni wiele uwagi po\u015bwi\u0119ca si\u0119 zabudowie, podczas gdy wyko\u0144czenie \u015bciany pomi\u0119dzy szafkami bywa nieraz bagatelizowane. <strong>To oczywi\u015bcie powa\u017cny b\u0142\u0105d, kt\u00f3ry mo\u017ce poskutkowa\u0107 ograniczeniem funkcjonalno\u015bci i niesp\u00f3jnym wystrojem pomieszczenia.<\/strong> Z tego wzgl\u0119du warto zastanowi\u0107 si\u0119 nad r\u00f3\u017cnymi rozwi\u0105zaniami w zakresie aran\u017cacji powierzchni nad blatem kuchennym, <span data-color=\"var(--purple-10)\">nad kt\u00f3rym szafki kuchenne znajduj\u0105 si\u0119 zazwyczaj w stosunkowo du\u017cej odleg\u0142o\u015bci<\/span>.<\/p>\n<h3><span data-color=\"var(--purple-10)\">Na co zwr\u00f3ci\u0107 uwag\u0119, aran\u017cuj\u0105c \u015bcian\u0119 w kuchni za blatem?<\/span><\/h3>\n<p>Z jednej strony przestrze\u0144 ta musi by\u0107 wyj\u0105tkowo odporna na uszkodzenia mechaniczne i wysokie temperatury. Z drugiej jej wyko\u0144czenie powinno sprzyja\u0107 utrzymaniu czysto\u015bci w kuchni. Trzeba r\u00f3wnie\u017c pami\u0119ta\u0107 o tym, jaki wp\u0142yw b\u0119dzie mia\u0142a \u015bciana mi\u0119dzy szafkami na og\u00f3lny wygl\u0105d wn\u0119trza. <strong>Przed podj\u0119ciem decyzji zastan\u00f3w si\u0119 wi\u0119c, jakie rozwi\u0105zanie pozwoli Ci po\u0142\u0105czy\u0107 kluczowe walory u\u017cytkowe z estetycznymi.<\/strong><\/p>\n<p>W dalszej cz\u0119\u015bci naszego poradnika podpowiemy Ci, jakie mo\u017cliwo\u015bci masz do dyspozycji.<\/p>\n<h2><strong>Co po\u0142o\u017cy\u0107 na \u015bcian\u0119 pomi\u0119dzy szafkami w kuchni?<\/strong><\/h2>\n<p>Poni\u017csze rozwi\u0105zania nale\u017c\u0105 do najpopularniejszych rodzaj\u00f3w wyko\u0144czenia powierzchni pomi\u0119dzy szafkami w kuchni. R\u00f3\u017cni\u0105 si\u0119 wykorzystywanymi materia\u0142ami, a co za tym idzie \u2013 w\u0142a\u015bciwo\u015bciami fizycznymi \u2013 ale wszystkie znajduj\u0105 szerokie zastosowanie w wystroju wn\u0119trz. Na kt\u00f3re pomys\u0142y warto zwr\u00f3ci\u0107 szczeg\u00f3ln\u0105 uwag\u0119?<\/p>\n<h3 data-pm-slice=\"1 1 []\"><strong>P\u0142ytki ceramiczne <span data-color=\"var(--purple-10)\">mi\u0119dzy szafkami kuchennymi<\/span><\/strong><\/h3>\n<p data-pm-slice=\"1 1 []\">P\u0142ytki ceramiczne to bez w\u0105tpienia najcz\u0119\u015bciej wybierane wyko\u0144czenie \u015bciany mi\u0119dzy szafkami w kuchni. <strong>Mog\u0105 by\u0107 one wykonane z gresu, glazury lub klinkieru i wyst\u0119puj\u0105 w niezliczonej ilo\u015bci wzor\u00f3w i kolor\u00f3w. <\/strong>Ma\u0142o tego \u2013 przyjmuj\u0105 r\u00f3wnie\u017c zr\u00f3\u017cnicowane rozmiary i kszta\u0142ty, doskonale imituj\u0105 beton, ceg\u0142\u0119 czy marmur. Wyb\u00f3r odpowiednich p\u0142ytek ceramicznych do Twojego wn\u0119trza mo\u017ce wi\u0119c okaza\u0107 si\u0119 nie lada wyzwaniem.<\/p>\n<p>Ceramika jest bardzo wytrzyma\u0142a i \u0142atwa do utrzymania w czysto\u015bci. Przy odpowiedniej piel\u0119gnacji mo\u017ce zachowa\u0107 doskona\u0142y stan na bardzo d\u0142ugie lata. <strong>Co wi\u0119cej, szeroki wyb\u00f3r p\u0142ytek zapewnia nieograniczone mo\u017cliwo\u015bci aran\u017cacyjne. <\/strong>W zale\u017cno\u015bci od wygl\u0105du i sposobu u\u0142o\u017cenia, kafelki mog\u0105 pos\u0142u\u017cy\u0107 Ci do wizualnego ocieplenia kuchennej przestrzeni lub podkre\u015blenia minimalistycznego charakteru wn\u0119trza <span data-color=\"var(--purple-10)\">(w tym przypadku egzamin zdadz\u0105 g\u0142adkie bia\u0142e p\u0142ytki)<\/span>.<\/p>\n<p>Dobieraj\u0105c p\u0142ytki do kuchni, nale\u017cy pami\u0119ta\u0107 r\u00f3wnie\u017c o kwestii fug. S\u0105 one bowiem bardzo podatne na zabrudzenia. Ch\u0142on\u0105 wilgo\u0107 i sprzyjaj\u0105 rozwojowi ple\u015bni oraz grzyb\u00f3w.\u00a0<strong>W kuchni warto wi\u0119c unika\u0107 du\u017cej ilo\u015bci spoin, stawiaj\u0105c na przyk\u0142ad na p\u0142ytki wielkoformatowe lub kafelki rektyfikowane.<\/strong> Te ostatnie pozwalaj\u0105 ograniczy\u0107 liczb\u0119 spoin i stworzy\u0107 niemal jednolit\u0105 tafl\u0119, kt\u00f3ra doskonale si\u0119 prezentuje i jest \u0142atwa w piel\u0119gnacji.<\/p>\n<div style=\"display: flex; flex-wrap: wrap; align-items: center; justify-content: center; text-align: center;\">\n<figure id=\"attachment_38448\" aria-describedby=\"caption-attachment-38448\" style=\"width: 800px\" class=\"wp-caption aligncenter\"><a href=\"https:\/\/www.brw.pl\/komplet-kuchenny-narozny-sole-270x180-cm-bialy-polysk,37539\" target=\"_blank\" rel=\"noopener noreferrer\"><img decoding=\"async\" class=\"wp-image-38448 size-medium lazyload\" data-src=\"https:\/\/www.brw.pl\/blog\/wp-content\/uploads\/2022\/09\/komplet-kuchenny-narozny-sole-270x180-cm-bialy-polysk-xlargea-800x547.jpg\" alt=\"Komplet kuchenny naro\u017cny Sole 270x180 cm bia\u0142y po\u0142ysk\" width=\"800\" height=\"547\" data-srcset=\"https:\/\/www.brw.pl\/blog\/wp-content\/uploads\/2022\/09\/komplet-kuchenny-narozny-sole-270x180-cm-bialy-polysk-xlargea-800x547.jpg 800w, https:\/\/www.brw.pl\/blog\/wp-content\/uploads\/2022\/09\/komplet-kuchenny-narozny-sole-270x180-cm-bialy-polysk-xlargea-768x525.jpg 768w, https:\/\/www.brw.pl\/blog\/wp-content\/uploads\/2022\/09\/komplet-kuchenny-narozny-sole-270x180-cm-bialy-polysk-xlargea.jpg 1497w\" data-sizes=\"(max-width: 800px) 100vw, 800px\" src=\"data:image\/svg+xml;base64,PHN2ZyB3aWR0aD0iMSIgaGVpZ2h0PSIxIiB4bWxucz0iaHR0cDovL3d3dy53My5vcmcvMjAwMC9zdmciPjwvc3ZnPg==\" style=\"--smush-placeholder-width: 800px; --smush-placeholder-aspect-ratio: 800\/547;\" \/><\/a><figcaption id=\"caption-attachment-38448\" class=\"wp-caption-text\"><a href=\"https:\/\/www.brw.pl\/komplet-kuchenny-narozny-sole-270x180-cm-bialy-polysk,37539\" target=\"_blank\" rel=\"noopener noreferrer\"><span style=\"font-weight: 400;\">KOMPLET KUCHENNY NARO\u017bNY SOLE<\/span><\/a><\/figcaption><\/figure>\n<\/div>\n<h3><strong>Szk\u0142o hartowane <\/strong><span id=\"Sciana_nad_blatem_kuchennym_wazny_detal_w_aranzacji_przestrzeni\"><strong>\u2013<\/strong><\/span><span id=\"Szklo_hartowane\"><strong> nietuzinkowe wyko\u0144czenie \u015bciany w kuchni<\/strong><\/span><\/h3>\n<p data-pm-slice=\"1 1 []\">Jednolita tafla szk\u0142a to rozwi\u0105zanie przeznaczone zw\u0142aszcza do nowoczesnych kuchni. <strong>Cechuje si\u0119 ono oryginalnym designem i wyj\u0105tkowo korzystnymi w\u0142a\u015bciwo\u015bciami fizycznymi. <\/strong>Co wi\u0119cej, sprzyja te\u017c projektom nietypowych aran\u017cacji, pozwalaj\u0105c wyeksponowa\u0107 mi\u0119dzy szafkami kuchennymi ulubion\u0105 grafik\u0119, fotografi\u0119 czy motyw. Na szklane panele mo\u017cna bowiem nanie\u015b\u0107 dowolny druk.<\/p>\n<p>\u015awietnie sprawdzaj\u0105 si\u0119 one r\u00f3wnie\u017c w charakterze zabezpieczenia oryginalnego wyko\u0144czenia \u015bciany. <strong>Mowa na przyk\u0142ad o starej cegle, zabytkowej mozaice czy innej delikatnej pow\u0142oce. <\/strong>Wystarczy zakry\u0107 j\u0105 przezroczystymi szklanymi panelami, aby ochroni\u0107 j\u0105 przed wilgoci\u0105 i zabrudzeniami, a jednocze\u015bnie wyeksponowa\u0107 jej niepowtarzalny urok. <span data-color=\"var(--purple-10)\">Szk\u0142o hartowane b\u0119dzie kropk\u0105 nad i w ekskluzywnie wyko\u0144czonej kuchni. <\/span><\/p>\n<h3><strong>Tapety winylowe<\/strong><\/h3>\n<p data-pm-slice=\"1 1 []\">Tapeta nie jest pierwszym rozwi\u0105zaniem, jakie przychodzi na my\u015bl o wyko\u0144czeniu \u015bciany nad blatem kuchennym. Kojarzy si\u0119 bowiem z niewielk\u0105 odporno\u015bci\u0105 na zabrudzenia i wilgo\u0107. Na rynku dost\u0119pne s\u0105 jednak jej specjalne warianty, przeznaczone w\u0142a\u015bnie do takich pomieszcze\u0144 jak kuchnia czy \u0142azienka. <strong>Mowa przede wszystkim o tapetach winylowych na podk\u0142adzie fizelinowym, kt\u00f3re dobrze radz\u0105 sobie z dzia\u0142aniem wysokich temperatur i s\u0105 \u0142atwe w czyszczeniu.<\/strong><\/p>\n<p>Du\u017c\u0105 zalet\u0105 tapet jest ich r\u00f3\u017cnorodno\u015b\u0107. <strong>W sklepach z \u0142atwo\u015bci\u0105 znajdziesz nawet warianty imituj\u0105ce takie materia\u0142y jak naturalny kamie\u0144 czy drewno. <\/strong>Co wi\u0119cej, kiedy znudzi Ci si\u0119 dotychczasowa aran\u017cacja, bez problemu zdejmiesz star\u0105 pow\u0142ok\u0119 ze \u015bciany i pokryjesz j\u0105 now\u0105, dopasowan\u0105 do aktualnych trend\u00f3w oraz w\u0142asnych gust\u00f3w.<\/p>\n<p><span data-color=\"var(--purple-10)\">Ciekaw\u0105 alternatyw\u0105 b\u0119dzie tapeta z w\u0142\u00f3kna szklanego. Po na\u0142o\u017ceniu jej na \u015bcian\u0119, mo\u017cesz pomalowa\u0107 powierzchni\u0119 farb\u0105 o dowolnym kolorze.<\/span><\/p>\n<h3>Ceg\u0142a mi\u0119dzy szafkami<\/h3>\n<p>Przestrze\u0144 mi\u0119dzy szafkami w kuchni mo\u017cesz wype\u0142ni\u0107 r\u00f3wnie\u017c dekoracyjn\u0105 ceg\u0142\u0105. To dobry pomys\u0142, je\u015bli lubisz oryginalne rozwi\u0105zanie aran\u017cacyjne lub urz\u0105dzasz kuchni\u0119 w stylu loftowym, nowoczesnym b\u0105d\u017a rustykalnym. Ceg\u0142a na \u015bcianie doda pomieszczeniu ciep\u0142a i podkre\u015bli jego przytulny charakter.<\/p>\n<p>Jak ka\u017cdy materia\u0142, naturalna ceg\u0142a ma swoje wady. Wykorzystuj\u0105c j\u0105 do zaaran\u017cowania \u015bciany nad blatem, pami\u0119taj o odpowiednim zabezpieczeniu jej przed osypywaniem si\u0119, dzia\u0142aniem wilgoci, a tak\u017ce zabrudzeniami i t\u0142uszczem. W tym celu mo\u017cesz zdecydowa\u0107 si\u0119 na impregnacj\u0119, lakierowanie lub monta\u017c szk\u0142a ochronnego. Je\u015bli chcesz, by ceg\u0142a zachowa\u0142a naturalny wygl\u0105d, postaw na impregnacj\u0119 \u015brodkami o matowym wyko\u0144czeniu.<\/p>\n<div style=\"display: flex; align-items: center; justify-content: center; text-align: center;\">\n<figure id=\"attachment_33828\" aria-describedby=\"caption-attachment-33828\" style=\"width: 800px\" class=\"wp-caption aligncenter\"><a href=\"https:\/\/www.brw.pl\/komplet-kuchenny-narozny-verdi-270x180-cm-jasny-szary-mat,48423\" target=\"_blank\" rel=\"noopener noreferrer\"><img decoding=\"async\" class=\"wp-image-33828 size-medium lazyload\" data-src=\"https:\/\/www.brw.pl\/blog\/wp-content\/uploads\/2023\/08\/FL_L_VERDI_SZG_JSZ_aranz_2-800x601.jpg\" alt=\"Family Line Verdi - aran\u017cacja\" width=\"800\" height=\"601\" data-srcset=\"https:\/\/www.brw.pl\/blog\/wp-content\/uploads\/2023\/08\/FL_L_VERDI_SZG_JSZ_aranz_2-800x601.jpg 800w, https:\/\/www.brw.pl\/blog\/wp-content\/uploads\/2023\/08\/FL_L_VERDI_SZG_JSZ_aranz_2-768x577.jpg 768w, https:\/\/www.brw.pl\/blog\/wp-content\/uploads\/2023\/08\/FL_L_VERDI_SZG_JSZ_aranz_2.jpg 1438w\" data-sizes=\"(max-width: 800px) 100vw, 800px\" src=\"data:image\/svg+xml;base64,PHN2ZyB3aWR0aD0iMSIgaGVpZ2h0PSIxIiB4bWxucz0iaHR0cDovL3d3dy53My5vcmcvMjAwMC9zdmciPjwvc3ZnPg==\" style=\"--smush-placeholder-width: 800px; --smush-placeholder-aspect-ratio: 800\/601;\" \/><\/a><figcaption id=\"caption-attachment-33828\" class=\"wp-caption-text\"><a href=\"https:\/\/www.brw.pl\/komplet-kuchenny-narozny-verdi-270x180-cm-jasny-szary-mat,48423\" target=\"_blank\" rel=\"noopener noreferrer\"><span style=\"font-weight: 400;\">KOMPLET KUCHENNY NARO\u017bNY VERDI<\/span><\/a><\/figcaption><\/figure>\n<\/div>\n<h3><strong>\u015aciana mi\u0119dzy szafkami kuchennymi wyko\u0144czona drewnem<\/strong><\/h3>\n<p>Innym ciekawym pomys\u0142em na \u015bcian\u0119 nad blatem kuchennym jest drewno. To niew\u0105tpliwie pi\u0119kny, ale i wymagaj\u0105cy materia\u0142. Podobnie jak ceg\u0142a, potrzebuje impregnacji i w\u0142a\u015bciwej piel\u0119gnacji \u2013 odpowiednio zabezpieczone b\u0119dzie odporne na wilgo\u0107 oraz uszkodzenia mechaniczne. Drewno mi\u0119dzy szafkami b\u0119dzie doskona\u0142ym uzupe\u0142nieniem drewnianego blatu. Tak zaaran\u017cowana przestrze\u0144 wygl\u0105da sp\u00f3jnie i \u015bwietnie komponuje si\u0119 z jasnymi meblami.<\/p>\n<h3><span id=\"Farby_lateksowe\"><strong>Farby lateksowe na \u015bcianie w kuchni<\/strong><\/span><\/h3>\n<p>Warto wspomnie\u0107 tak\u017ce o zwyk\u0142ych farbach, kt\u00f3re s\u0105 \u0142atwe w aplikacji i pozwalaj\u0105 na szybkie i bezproblemowe od\u015bwie\u017cenie ca\u0142ej powierzchni w dowolnym momencie. W tym przypadku staraj si\u0119 jednak unika\u0107 najta\u0144szych produkt\u00f3w, poniewa\u017c nie poradz\u0105 one sobie z wilgoci\u0105, t\u0142uszczem i innymi zanieczyszczeniami. <strong>W kuchni nale\u017cy stosowa\u0107 farby zmywalne, farby tablicowe lub magnetyczne. <\/strong>Te ostatnie sprawi\u0105, \u017ce \u015bciana pomi\u0119dzy szafkami stanie si\u0119 wyj\u0105tkowo funkcjonalna.<\/p>\n<h2><strong>Urz\u0105d\u017a swoj\u0105 kuchni\u0119 z Black Red White!<\/strong><\/h2>\n<p>Zastanawiasz si\u0119, jak wyko\u0144czy\u0107 \u015bcian\u0119 mi\u0119dzy szafkami w kuchni? Wszystko zale\u017cy od wybranego przez Ciebie stylu aran\u017cacji oraz estetyki mebli. Poni\u017cej przedstawimy Ci przyk\u0142adowe inspiracje, wykorzystuj\u0105ce produkty z oferty Black Red White:<\/p>\n<ul>\n<li>Kuchnia <a href=\"https:\/\/www.brw.pl\/family-line-tafne,25058\" target=\"_blank\" rel=\"noopener\">Tafne<\/a> \u2013 nowoczesne meble o frontach na wysoki po\u0142ysk doskonale skomponuj\u0105 si\u0119 z wielkoformatowymi p\u0142ytkami b\u0105d\u017a ciemnymi panelami szklanymi. Uzyskanie g\u0142adkiej powierzchni poskutkuje wra\u017ceniem minimalizmu, powi\u0119kszaj\u0105c optycznie wn\u0119trze.<\/li>\n<li>Kuchnia <a href=\"https:\/\/www.brw.pl\/komplet-kuchenny-junona-line-240,21717\" target=\"_blank\" rel=\"noopener noreferrer\">Junona Line<\/a> \u2013 drewniane szafki kuchenne pozwalaj\u0105 na u\u017cycie ceramicznych p\u0142ytek o jednolitej strukturze, ale tak\u017ce tapet stylizowanych na ceg\u0142\u0119 lub kamie\u0144. Je\u017celi chcesz stworzy\u0107 ciekaw\u0105 aran\u017cacj\u0119 przestrzeni w klasycznym wydaniu, lepiej postawi\u0107 jednak na farb\u0119 imituj\u0105c\u0105 tablic\u0119.<\/li>\n<li>Kuchnia <a href=\"https:\/\/www.brw.pl\/komplet-kuchenny-junona-line-240-cm-grafit,75376\" target=\"_blank\" rel=\"noopener\">Junona Line<\/a> \u2013 ten komplet cechuje si\u0119 prawdziwie industrialnym charakterem, tote\u017c warto wizualnie po\u0142\u0105czy\u0107 go z bia\u0142\u0105 ceg\u0142\u0105. Do jej zabezpieczenia przydadz\u0105 si\u0119 natomiast przezroczyste panele szklane.<\/li>\n<li>Kuchnia <a href=\"https:\/\/www.brw.pl\/komplet-kuchenny-sara-line-240-cm-bialy,282988\" target=\"_blank\" rel=\"noopener\">Sara Line<\/a> \u2013 aby odpowiednio wyeksponowa\u0107 t\u0119 minimalistyczn\u0105 zabudow\u0119, zadbaj o g\u0142adk\u0105 powierzchni\u0119 mi\u0119dzy szafkami. Mog\u0105 zapewni\u0107 Ci j\u0105 nowoczesne p\u0142ytki \u015bcienne, odpowiednio zabezpieczone drewniane panele czy p\u0142yta laminowana.<\/li>\n<\/ul>\n<p>Szeroki wyb\u00f3r mebli kuchennych w Black Red White pozwala Ci zastosowa\u0107 na \u015bcianie mi\u0119dzy szafkami dowolne wyko\u0144czenie. Zapoznaj si\u0119 ze szczeg\u00f3\u0142ami naszej oferty i zaprojektuj niepowtarzalne wn\u0119trze!<\/p>\n","protected":false},"excerpt":{"rendered":"<p>\u015aciana mi\u0119dzy szafkami to jeden z najwa\u017cniejszych element\u00f3w aran\u017cacji kuchni. Jej wyko\u0144czenie b\u0119dzie mia\u0142o wp\u0142yw zar\u00f3wno na komfort u\u017cytkowania pomieszczenia, jak i jego ostateczny wygl\u0105d. Na etapie projektu we\u017a zatem pod uwag\u0119 zar\u00f3wno aspekty czysto praktyczne, jak i estetyk\u0119 wystroju. W naszym artykule podpowiemy Ci, co po\u0142o\u017cy\u0107 na \u015bcian\u0119 nad blatem kuchennym!<\/p>\n","protected":false},"author":27,"featured_media":26911,"comment_status":"closed","ping_status":"open","sticky":false,"template":"","format":"standard","meta":{"footnotes":""},"categories":[26,574],"tags":[],"aioseo_notices":[],"_links":{"self":[{"href":"https:\/\/www.brw.pl\/blog\/wp-json\/wp\/v2\/posts\/26910"}],"collection":[{"href":"https:\/\/www.brw.pl\/blog\/wp-json\/wp\/v2\/posts"}],"about":[{"href":"https:\/\/www.brw.pl\/blog\/wp-json\/wp\/v2\/types\/post"}],"author":[{"embeddable":true,"href":"https:\/\/www.brw.pl\/blog\/wp-json\/wp\/v2\/users\/27"}],"replies":[{"embeddable":true,"href":"https:\/\/www.brw.pl\/blog\/wp-json\/wp\/v2\/comments?post=26910"}],"version-history":[{"count":7,"href":"https:\/\/www.brw.pl\/blog\/wp-json\/wp\/v2\/posts\/26910\/revisions"}],"predecessor-version":[{"id":38449,"href":"https:\/\/www.brw.pl\/blog\/wp-json\/wp\/v2\/posts\/26910\/revisions\/38449"}],"wp:featuredmedia":[{"embeddable":true,"href":"https:\/\/www.brw.pl\/blog\/wp-json\/wp\/v2\/media\/26911"}],"wp:attachment":[{"href":"https:\/\/www.brw.pl\/blog\/wp-json\/wp\/v2\/media?parent=26910"}],"wp:term":[{"taxonomy":"category","embeddable":true,"href":"https:\/\/www.brw.pl\/blog\/wp-json\/wp\/v2\/categories?post=26910"},{"taxonomy":"post_tag","embeddable":true,"href":"https:\/\/www.brw.pl\/blog\/wp-json\/wp\/v2\/tags?post=26910"}],"curies":[{"name":"wp","href":"https:\/\/api.w.org\/{rel}","templated":true}]}}