{"id":27824,"date":"2022-10-15T17:10:38","date_gmt":"2022-10-15T15:10:38","guid":{"rendered":"https:\/\/www.brw.pl\/blog\/?p=27824"},"modified":"2022-12-23T16:27:25","modified_gmt":"2022-12-23T15:27:25","slug":"zabudowa-waskiego-pokoju-funkcjonalna-i-stylowa-przestrzen","status":"publish","type":"post","link":"https:\/\/www.brw.pl\/blog\/zabudowa-waskiego-pokoju-funkcjonalna-i-stylowa-przestrzen\/","title":{"rendered":"Zabudowa w\u0105skiego pokoju \u2013 funkcjonalna i stylowa przestrze\u0144"},"content":{"rendered":"<p><strong>W\u0105skie pokoje mog\u0105 okaza\u0107 si\u0119 szczeg\u00f3lnie trudne w aran\u017cacji. Ograniczaj\u0105 bowiem Twoje mo\u017cliwo\u015bci, zmuszaj\u0105c Ci\u0119 do porzucenia \u015bmia\u0142ych wizji i marze\u0144 o komfortowej, estetycznej przestrzeni. Czy aby na pewno? Okazuje si\u0119, \u017ce nietypowe proporcje pomieszczenia wcale nie musz\u0105 stanowi\u0107 przeszkody podczas jego meblowania. Jak przeku\u0107 pozorne wady w\u0105skiego pokoju w zalety? Zapoznajcie si\u0119 z naszym poradnikiem!<\/strong><!--more--><\/p>\n<p>Z tego artyku\u0142u dowiesz si\u0119:<\/p>\n<ul>\n<li>dlaczego aran\u017cacja w\u0105skiego pokoju ma tak du\u017ce znaczenie,<\/li>\n<li>jak zaaran\u017cowa\u0107 w\u0105ski pok\u00f3j w bloku,<\/li>\n<li>jak ustawi\u0107 meble w w\u0105skim pokoju.<\/li>\n<\/ul>\n<div style=\"display: flex; flex-wrap: wrap; align-items: center; justify-content: center; text-align: center;\">\n<figure id=\"attachment_22210\" aria-describedby=\"caption-attachment-22210\" style=\"width: 728px\" class=\"wp-caption aligncenter\"><a href=\"https:\/\/www.brw.pl\/naroznik-evia,35716\" target=\"_blank\" rel=\"noopener noreferrer\"><img decoding=\"async\" class=\"size-full wp-image-22210 lazyload\" data-src=\"https:\/\/www.brw.pl\/blog\/wp-content\/uploads\/2022\/10\/zabudowa-w\u0105skiego-pokoju.jpg\" alt=\"NARO\u017bNIK EVIA\" width=\"728\" height=\"483\" src=\"data:image\/svg+xml;base64,PHN2ZyB3aWR0aD0iMSIgaGVpZ2h0PSIxIiB4bWxucz0iaHR0cDovL3d3dy53My5vcmcvMjAwMC9zdmciPjwvc3ZnPg==\" style=\"--smush-placeholder-width: 728px; --smush-placeholder-aspect-ratio: 728\/483;\" \/><\/a><figcaption id=\"caption-attachment-22210\" class=\"wp-caption-text\"><a href=\"https:\/\/www.brw.pl\/naroznik-evia,35716\" target=\"_blank\" rel=\"noopener noreferrer\"><span style=\"font-weight: 400;\">NARO\u017bNIK EVIA<\/span><\/a><\/figcaption><\/figure>\n<\/div>\n<h2><strong>Zabudowa w\u0105skiego pokoju \u2013 aran\u017cacyjne wyzwanie?<\/strong><\/h2>\n<p>Projektuj\u0105c w\u0105ski pok\u00f3j, wiele os\u00f3b ustawi po prostu kluczowe meble wzd\u0142u\u017c d\u0142u\u017cszych \u015bcian, nie zwa\u017caj\u0105c na upodobnienie wn\u0119trza do tunelu. To powa\u017cny b\u0142\u0105d, kt\u00f3ry poskutkuje estetyczn\u0105 nud\u0105, wcale nie wywieraj\u0105c pozytywnego wp\u0142ywu na funkcjonalno\u015b\u0107 pomieszczenia. <strong>Aby unikn\u0105\u0107 klaustrofobicznego efektu warto poszuka\u0107 innych rozwi\u0105za\u0144. <\/strong>Wbrew pozorom nie musi to by\u0107 zadanie skazane na pora\u017ck\u0119.<\/p>\n<p><strong>Odpowiednio umeblowany pok\u00f3j to gwarancja wygody i dobrego samopoczucia. <\/strong>Ostatnie, czego potrzebujesz, to notoryczne potykanie si\u0119 o r\u00f3\u017cnego rodzaju meble i dodatki. Tylko w\u0142a\u015bciwie zaprojektowane wn\u0119trze b\u0119dzie ka\u017cdego dnia wywi\u0105zywa\u0142o si\u0119 ze swojej roli, zapewniaj\u0105c Ci komfort i uczucie spokoju.<\/p>\n<p>Je\u015bli dobrze wykorzystasz dost\u0119pne na rynku rozwi\u0105zania, w\u0105ski pok\u00f3j wcale nie musi nawet na taki wygl\u0105da\u0107. Niekt\u00f3re optyczne sztuczki potrafi\u0105 bowiem zdzia\u0142a\u0107 prawdziwe cuda. <strong>Zyskasz dzi\u0119ki temu wn\u0119trze nie tylko wygodne w eksploatacji, ale te\u017c po prostu przyjemne dla oka.<\/strong><\/p>\n<p>Jak wi\u0119c widzisz, mimo \u017ce meblowanie w\u0105skiego pokoju mo\u017ce wydawa\u0107 si\u0119 sporym wyzwaniem, warto si\u0119 z nim zmierzy\u0107.<\/p>\n<div style=\"display: flex; flex-wrap: wrap; align-items: center; justify-content: center; text-align: center;\">\n<figure id=\"attachment_22210\" aria-describedby=\"caption-attachment-22210\" style=\"width: 728px\" class=\"wp-caption aligncenter\"><a href=\"https:\/\/www.brw.pl\/lozko-90-z-pojemnikiem-flames,37690\" target=\"_blank\" rel=\"noopener noreferrer\"><img decoding=\"async\" class=\"size-full wp-image-22210 lazyload\" data-src=\"https:\/\/www.brw.pl\/blog\/wp-content\/uploads\/2022\/10\/w\u0105ski-pok\u00f3j-zabudowa.jpg\" alt=\"\u0141\u00d3\u017bKO Z POJEMNIKIEM FLAMES\" width=\"728\" height=\"483\" src=\"data:image\/svg+xml;base64,PHN2ZyB3aWR0aD0iMSIgaGVpZ2h0PSIxIiB4bWxucz0iaHR0cDovL3d3dy53My5vcmcvMjAwMC9zdmciPjwvc3ZnPg==\" style=\"--smush-placeholder-width: 728px; --smush-placeholder-aspect-ratio: 728\/483;\" \/><\/a><figcaption id=\"caption-attachment-22210\" class=\"wp-caption-text\"><a href=\"https:\/\/www.brw.pl\/lozko-90-z-pojemnikiem-flames,37690\" target=\"_blank\" rel=\"noopener noreferrer\"><span style=\"font-weight: 400;\">\u0141\u00d3\u017bKO Z POJEMNIKIEM FLAMES<\/span><\/a><\/figcaption><\/figure>\n<\/div>\n<h2><strong>Jak urz\u0105dzi\u0107 w\u0105ski pok\u00f3j?<\/strong><\/h2>\n<p>Aby atrakcyjnie umeblowa\u0107 w\u0105ski pok\u00f3j, nale\u017cy zadba\u0107 o kilka kluczowych element\u00f3w. Sprawdzone sposoby obejmuj\u0105 przede wszystkim takie obszary jak:<\/p>\n<h3>Kolorystyka<\/h3>\n<p>Ju\u017c same kolory \u015bcian mog\u0105 odmieni\u0107 w\u0105ski pok\u00f3j nie do poznania. <strong>Jak wiadomo, ciemne barwy wizualnie ograniczaj\u0105 przestrze\u0144, a jasne j\u0105 powi\u0119kszaj\u0105.<\/strong> Nie oznacza to jednak, \u017ce ca\u0142e pomieszczenie nale\u017cy pomalowa\u0107 na bia\u0142o. Pami\u0119taj, \u017ce je\u015bli aran\u017cujesz d\u0142ugi pok\u00f3j, w taki spos\u00f3b jedynie dodatkowo go wyd\u0142u\u017cysz. Wszystko zale\u017cy wi\u0119c od dok\u0142adnych kszta\u0142t\u00f3w wn\u0119trza.<\/p>\n<p><strong>Zawsze mo\u017cesz si\u0119gn\u0105\u0107 po dwa r\u00f3\u017cne odcienie, eksponuj\u0105c ciep\u0142\u0105, ciemniejsz\u0105 barw\u0119 na kr\u00f3tszych \u015bcianach, a ch\u0142odn\u0105 i jasn\u0105 na d\u0142u\u017cszych. <\/strong>Takie rozwi\u0105zanie optycznie powi\u0119kszy pomieszczenie, gwarantuj\u0105c jednocze\u015bnie wra\u017cenie przytulno\u015bci. Wybieraj\u0105c poszczeg\u00f3lne elementy wyposa\u017cenia pokoju, miej na uwadze, \u017ce jasne kolory lepiej odbijaj\u0105 \u015bwiat\u0142o, co pot\u0119guje efekt przestronno\u015bci.<\/p>\n<div style=\"display: flex; flex-wrap: wrap; align-items: center; justify-content: center; text-align: center;\">\n<figure id=\"attachment_22210\" aria-describedby=\"caption-attachment-22210\" style=\"width: 728px\" class=\"wp-caption aligncenter\"><a href=\"https:\/\/www.brw.pl\/szafa-balder,20211\" target=\"_blank\" rel=\"noopener noreferrer\"><img decoding=\"async\" class=\"size-full wp-image-22210 lazyload\" data-src=\"https:\/\/www.brw.pl\/blog\/wp-content\/uploads\/2022\/10\/w\u0105ski-pok\u00f3j-jak-urz\u0105dzi\u0107.jpg\" alt=\"SZAFA BALDER\" width=\"728\" height=\"483\" src=\"data:image\/svg+xml;base64,PHN2ZyB3aWR0aD0iMSIgaGVpZ2h0PSIxIiB4bWxucz0iaHR0cDovL3d3dy53My5vcmcvMjAwMC9zdmciPjwvc3ZnPg==\" style=\"--smush-placeholder-width: 728px; --smush-placeholder-aspect-ratio: 728\/483;\" \/><\/a><figcaption id=\"caption-attachment-22210\" class=\"wp-caption-text\"><a href=\"https:\/\/www.brw.pl\/szafa-balder,20211\" target=\"_blank\" rel=\"noopener noreferrer\"><span style=\"font-weight: 400;\">SZAFA BALDER<\/span><\/a><\/figcaption><\/figure>\n<\/div>\n<h3>O\u015bwietlenie<\/h3>\n<p>Skoro wspomnieli\u015bmy ju\u017c o tym, jak\u0105 rol\u0119 odgrywa \u015bwiat\u0142o w w\u0105skim pokoju, zastan\u00f3wmy si\u0119 dok\u0142adniej nad t\u0105 kwesti\u0105. Zwr\u00f3\u0107 uwag\u0119 przede wszystkim na to, \u017ce po pomieszczeniu nale\u017cy dobrze rozprowadza\u0107 zar\u00f3wno \u015bwiat\u0142o dzienne, jak i sztuczne. <strong>W tym pierwszym przypadku przydadz\u0105 Ci si\u0119 przede wszystkim wspomniane ju\u017c jasne barwy oraz b\u0142yszcz\u0105ce powierzchnie. <\/strong>Szczeg\u00f3lnie istotn\u0105 rol\u0119 odegraj\u0105 lustra, kt\u00f3re warto wyeksponowa\u0107 na d\u0142u\u017cszej \u015bcianie lub naprzeciwko okna. Poza odbijaniem promieni s\u0142o\u0144ca, nadadz\u0105 wn\u0119trzu g\u0142\u0119bi, imituj\u0105c dodatkowy wymiar przestrzeni.<\/p>\n<p>W przypadku o\u015bwietlenia elektrycznego warto natomiast zrobi\u0107 dobry u\u017cytek z r\u00f3\u017cnych rodzaj\u00f3w lamp. <strong>Nie ograniczaj si\u0119 do opraw sufitowych, ale staraj si\u0119 je uzupe\u0142ni\u0107 tak\u017ce kinkietami czy modelami pod\u0142ogowymi. <\/strong>Dzi\u0119ki temu z jednej strony do\u015bwietlisz ka\u017cdy zakamarek w\u0105skiego pokoju, optycznie go przy tym powi\u0119kszaj\u0105c, a z drugiej wprowadzisz do wn\u0119trza przyjemny klimat.<\/p>\n<h3>Wydzielenie stref<\/h3>\n<p>W\u0105ski salon, pok\u00f3j dziecka czy jadalnia musz\u0105 pe\u0142ni\u0107 kilka r\u00f3\u017cnych funkcji, tote\u017c ich umeblowanie nie jest \u0142atwym zadaniem. Aby w pe\u0142ni wykorzysta\u0107 potencja\u0142 takich pomieszcze\u0144, warto podzieli\u0107 je na strefy. <strong>Pos\u0142u\u017c\u0105 Wam do tego zwyk\u0142e rega\u0142y b\u0105d\u017a specjalne przepierzenia, a w przypadku najbardziej eleganckich wn\u0119trz \u2013 nawet gustowne przeszklenia.<\/strong><\/p>\n<p>Wydzielenie cz\u0119\u015bci pomieszczenia na osobn\u0105 stref\u0119 pozwoli Ci z jednej strony zmodyfikowa\u0107 nieco kszta\u0142t wn\u0119trza, a z drugiej poprawi\u0107 jego funkcjonalno\u015b\u0107. W kuchni taki podzia\u0142 mo\u017ce s\u0142u\u017cy\u0107 uzyskaniu miejsca do spo\u017cywania posi\u0142k\u00f3w, w pokoju dziecka \u2013 do spania, a w przypadku salonu \u2013 na przyk\u0142ad do czytania.<\/p>\n<div style=\"display: flex; flex-wrap: wrap; align-items: center; justify-content: center; text-align: center;\">\n<figure id=\"attachment_22210\" aria-describedby=\"caption-attachment-22210\" style=\"width: 728px\" class=\"wp-caption aligncenter\"><a href=\"https:\/\/www.brw.pl\/witryna-byron,11883\" target=\"_blank\" rel=\"noopener noreferrer\"><img decoding=\"async\" class=\"size-full wp-image-22210 lazyload\" data-src=\"https:\/\/www.brw.pl\/blog\/wp-content\/uploads\/2022\/10\/jak-zabudowa\u0107-w\u0105ski-pok\u00f3j.jpg\" alt=\"WITRYNA BYRON\" width=\"728\" height=\"483\" src=\"data:image\/svg+xml;base64,PHN2ZyB3aWR0aD0iMSIgaGVpZ2h0PSIxIiB4bWxucz0iaHR0cDovL3d3dy53My5vcmcvMjAwMC9zdmciPjwvc3ZnPg==\" style=\"--smush-placeholder-width: 728px; --smush-placeholder-aspect-ratio: 728\/483;\" \/><\/a><figcaption id=\"caption-attachment-22210\" class=\"wp-caption-text\"><a href=\"https:\/\/www.brw.pl\/witryna-byron,11883\" target=\"_blank\" rel=\"noopener noreferrer\"><span style=\"font-weight: 400;\">WITRYNA BYRON<\/span><\/a><\/figcaption><\/figure>\n<\/div>\n<h2><strong>Ustawienie mebli w w\u0105skim pokoju<\/strong><\/h2>\n<p>Kiedy podzielisz ju\u017c w\u0105ski pok\u00f3j na ewentualne strefy, dobrze zastan\u00f3w si\u0119 nad tym, jak ustawi\u0107 meble. <strong>Pami\u0119taj, \u017ce lepiej zrezygnowa\u0107 z niekt\u00f3rych element\u00f3w ni\u017c dopu\u015bci\u0107 do zagracenia przestrzeni. <\/strong>W przeciwnym razie pomieszczenie stanie si\u0119 niewygodne w u\u017cytkowaniu, utrudniaj\u0105c poruszanie si\u0119 i wykonywanie codziennych czynno\u015bci.<\/p>\n<p>Wiesz ju\u017c, \u017ce warto wystrzega\u0107 si\u0119 ustawiania mebli przy d\u0142u\u017cszych \u015bcianach, poniewa\u017c powoduje to efekt tunelu. Trudno te\u017c wyobrazi\u0107 sobie w takim przypadku rozmieszczanie wyposa\u017cenia na \u015brodku pokoju. Na czym polegaj\u0105 wi\u0119c alternatywne rozwi\u0105zania?<\/p>\n<p>Je\u015bli tylko masz tak\u0105 mo\u017cliwo\u015b\u0107, postaraj si\u0119 wykorzysta\u0107 w\u0105ski pok\u00f3j w pionie. <strong>Zamiast ustawia\u0107 wszystkie meble na pod\u0142odze, spr\u00f3buj wynie\u015b\u0107 niekt\u00f3re z nich pod sufit. <\/strong>Mog\u0105 pom\u00f3c Ci w tym specjalne zestawy modu\u0142owe lub zwyk\u0142a antresola. Podczas gdy na g\u00f3rze z powodzeniem umie\u015bcisz niewielkie \u0142\u00f3\u017cko \u2013 np. <a href=\"https:\/\/www.brw.pl\/lozko-90-z-pojemnikiem-flames,37690\" target=\"_blank\" rel=\"noopener noreferrer\">Flames<\/a> z oferty BRW \u2013 pod sp\u00f3d wstawisz cho\u0107by biurko czy komod\u0119.<\/p>\n<p><strong>Zr\u00f3b te\u017c dobry u\u017cytek z ewentualnych wn\u0119k w \u015bcianach. <\/strong>Zamiast zastawia\u0107 je na ca\u0142ej szeroko\u015bci, spr\u00f3buj zmie\u015bci\u0107 w nich na przyk\u0142ad wysok\u0105 szaf\u0119 \u2013 tak\u0105 jak model <a href=\"https:\/\/www.brw.pl\/szafa-balder,20211\" target=\"_blank\" rel=\"noopener noreferrer\">Balder<\/a> czy <a href=\"https:\/\/www.brw.pl\/szafa-narozna-zele,23888\" target=\"_blank\" rel=\"noopener noreferrer\">Zele<\/a> z asortymentu BRW. Pami\u0119taj, \u017ce ka\u017cdy centymetr kwadratowy przestrzeni w w\u0105skim pokoju jest na wag\u0119 z\u0142ota.<\/p>\n<p><strong>Wybieraj\u0105c meble do w\u0105skiego pokoju, warto postawi\u0107 na minimalistyczne modele, kt\u00f3re swoimi projektami nie zdominuj\u0105 ca\u0142ego wn\u0119trza.<\/strong> Za przyk\u0142ad niech pos\u0142u\u017c\u0105 proste \u0142\u00f3\u017cka <a href=\"https:\/\/www.brw.pl\/lozko-160-z-pojemnikiem-baylar,42033\" target=\"_blank\" rel=\"noopener noreferrer\">Baylar<\/a> i <a href=\"https:\/\/www.brw.pl\/lozko-160-koen-2,12792\" target=\"_blank\" rel=\"noopener noreferrer\">Koen 2<\/a>, a tak\u017ce szafa <a href=\"https:\/\/www.brw.pl\/szafa-hesen,39897\" target=\"_blank\" rel=\"noopener noreferrer\">Hesen<\/a>. To kolejny zabieg maj\u0105cy na celu optyczne powi\u0119kszenie przestrzeni. Wystrzegaj si\u0119 jednocze\u015bnie nadmiaru dodatk\u00f3w i dekoracji, zdecydowanie faworyzuj\u0105c wy\u0142\u0105cznie niezb\u0119dne wyposa\u017cenie.<\/p>\n<p>Je\u015bli chcesz urz\u0105dzi\u0107 w\u0105ski pok\u00f3j w bloku i szukasz sprytnych rozwi\u0105za\u0144 aran\u017cacyjnych, koniecznie zapoznaj si\u0119 ze szczeg\u00f3\u0142ami oferty sklepu Black Red White!<\/p>\n","protected":false},"excerpt":{"rendered":"<p>W\u0105skie pokoje mog\u0105 okaza\u0107 si\u0119 szczeg\u00f3lnie trudne w aran\u017cacji. Ograniczaj\u0105 bowiem Twoje mo\u017cliwo\u015bci, zmuszaj\u0105c Ci\u0119 do porzucenia \u015bmia\u0142ych wizji i marze\u0144 o komfortowej, estetycznej przestrzeni. Czy aby na pewno? Okazuje si\u0119, \u017ce nietypowe proporcje pomieszczenia wcale nie musz\u0105 stanowi\u0107 przeszkody podczas jego meblowania. Jak przeku\u0107 pozorne wady w\u0105skiego pokoju w zalety? Zapoznajcie si\u0119 z naszym [&hellip;]<\/p>\n","protected":false},"author":27,"featured_media":27825,"comment_status":"closed","ping_status":"open","sticky":false,"template":"","format":"standard","meta":{"footnotes":""},"categories":[28,574],"tags":[],"aioseo_notices":[],"_links":{"self":[{"href":"https:\/\/www.brw.pl\/blog\/wp-json\/wp\/v2\/posts\/27824"}],"collection":[{"href":"https:\/\/www.brw.pl\/blog\/wp-json\/wp\/v2\/posts"}],"about":[{"href":"https:\/\/www.brw.pl\/blog\/wp-json\/wp\/v2\/types\/post"}],"author":[{"embeddable":true,"href":"https:\/\/www.brw.pl\/blog\/wp-json\/wp\/v2\/users\/27"}],"replies":[{"embeddable":true,"href":"https:\/\/www.brw.pl\/blog\/wp-json\/wp\/v2\/comments?post=27824"}],"version-history":[{"count":4,"href":"https:\/\/www.brw.pl\/blog\/wp-json\/wp\/v2\/posts\/27824\/revisions"}],"predecessor-version":[{"id":28932,"href":"https:\/\/www.brw.pl\/blog\/wp-json\/wp\/v2\/posts\/27824\/revisions\/28932"}],"wp:featuredmedia":[{"embeddable":true,"href":"https:\/\/www.brw.pl\/blog\/wp-json\/wp\/v2\/media\/27825"}],"wp:attachment":[{"href":"https:\/\/www.brw.pl\/blog\/wp-json\/wp\/v2\/media?parent=27824"}],"wp:term":[{"taxonomy":"category","embeddable":true,"href":"https:\/\/www.brw.pl\/blog\/wp-json\/wp\/v2\/categories?post=27824"},{"taxonomy":"post_tag","embeddable":true,"href":"https:\/\/www.brw.pl\/blog\/wp-json\/wp\/v2\/tags?post=27824"}],"curies":[{"name":"wp","href":"https:\/\/api.w.org\/{rel}","templated":true}]}}