{"id":27831,"date":"2022-10-11T17:39:43","date_gmt":"2022-10-11T15:39:43","guid":{"rendered":"https:\/\/www.brw.pl\/blog\/?p=27831"},"modified":"2022-12-23T16:27:52","modified_gmt":"2022-12-23T15:27:52","slug":"aranzacja-malej-kawalerki-z-aneksem-kuchennym","status":"publish","type":"post","link":"https:\/\/www.brw.pl\/blog\/aranzacja-malej-kawalerki-z-aneksem-kuchennym\/","title":{"rendered":"Aran\u017cacja ma\u0142ej kawalerki z aneksem kuchennym"},"content":{"rendered":"<p><strong>Niewielka przestrze\u0144 bywa bardzo trudna w aran\u017cacji. Nie bez powodu wielu projektant\u00f3w i w\u0142a\u015bcicieli mieszka\u0144 decyduje si\u0119 wsp\u00f3\u0142cze\u015bnie na aneks kuchenny w kawalerce. Dzi\u0119ki temu zyskuj\u0105 oni otwart\u0105 przestrze\u0144, kt\u00f3ra wydaje si\u0119 wi\u0119ksza i ja\u015bniejsza ni\u017c wydzielone pomieszczenie. Takie wn\u0119trze wymaga jednak szczeg\u00f3lnej uwagi, poniewa\u017c jego aran\u017cacja rz\u0105dzi si\u0119 swoimi prawami.<\/strong><!--more--><\/p>\n<p>Z tego artyku\u0142u dowiesz si\u0119:<\/p>\n<ul>\n<li>jak przeku\u0107 wady kawalerki z aneksem kuchennym w zalety,<\/li>\n<li>jak urz\u0105dzi\u0107 kawalerk\u0119 z aneksem kuchennym,<\/li>\n<li>w jakim stylu zaprojektowa\u0107 aran\u017cacj\u0119 kawalerki z aneksem kuchennym.<\/li>\n<\/ul>\n<div style=\"display: flex; flex-wrap: wrap; align-items: center; justify-content: center; text-align: center;\">\n<figure id=\"attachment_22210\" aria-describedby=\"caption-attachment-22210\" style=\"width: 728px\" class=\"wp-caption aligncenter\"><a href=\"https:\/\/www.brw.pl\/komplet-kuchenny-narozny-iris,37535\" target=\"_blank\" rel=\"noopener noreferrer\"><img decoding=\"async\" class=\"size-full wp-image-22210 lazyload\" data-src=\"https:\/\/www.brw.pl\/blog\/wp-content\/uploads\/2022\/10\/aran\u017cacja-ma\u0142ej-kawalerki-z-aneksem-kuchennym.jpg\" alt=\"KOMPLET KUCHENNY NARO\u017bNY IRID\" width=\"728\" height=\"483\" src=\"data:image\/svg+xml;base64,PHN2ZyB3aWR0aD0iMSIgaGVpZ2h0PSIxIiB4bWxucz0iaHR0cDovL3d3dy53My5vcmcvMjAwMC9zdmciPjwvc3ZnPg==\" style=\"--smush-placeholder-width: 728px; --smush-placeholder-aspect-ratio: 728\/483;\" \/><\/a><figcaption id=\"caption-attachment-22210\" class=\"wp-caption-text\"><a href=\"https:\/\/www.brw.pl\/komplet-kuchenny-narozny-iris,37535\" target=\"_blank\" rel=\"noopener noreferrer\"><span style=\"font-weight: 400;\">KOMPLET KUCHENNY NARO\u017bNY IRIS<\/span><\/a><\/figcaption><\/figure>\n<\/div>\n<h2><strong>Aran\u017cacja ma\u0142ej kawalerki z aneksem kuchennym nie musi by\u0107 nudna!<\/strong><\/h2>\n<p>Cho\u0107 projekt wn\u0119trza o ma\u0142ej przestrzeni to z pewno\u015bci\u0105 nie lada wyzwanie, nie warto si\u0119 do niego zniech\u0119ca\u0107. <strong>Aran\u017cuj\u0105c kawalerk\u0119 z aneksem kuchennym, mo\u017cesz stosunkowo \u0142atwo przeku\u0107 jej wady w zalety. <\/strong>Pomy\u015bl, \u017ce alternatyw\u0105 by\u0142oby mieszkanie podzielone masywnymi \u015bcianami. To z pewno\u015bci\u0105 ograniczy\u0142oby swobod\u0119 poruszania si\u0119 po przestrzeni, a tak\u017ce poskutkowa\u0142oby wizualn\u0105 ciasnot\u0105.<\/p>\n<p>Zdecydowanie lepiej pozby\u0107 si\u0119 niepotrzebnych \u015bcian dzia\u0142owych, zyskuj\u0105c przestronne, jasne pomieszczenie. <strong>Paradoksalnie, jego umeblowanie powinno okaza\u0107 si\u0119 nieco \u0142atwiejsze ni\u017c urz\u0105dzanie dw\u00f3ch oddzielnych pokoi. <\/strong>Nie musisz bowiem tak bardzo przejmowa\u0107 si\u0119 metra\u017cem. Elementy, kt\u00f3re nie zmieszcz\u0105 si\u0119 w salonie, mog\u0105 znale\u017a\u0107 si\u0119 na granicy z aneksem, a te z kuchni \u2013 wchodzi\u0107 na teren pokoju dziennego.<\/p>\n<p><strong>Sama bariera oddzielaj\u0105ca stref\u0119 kuchenn\u0105 od salonu r\u00f3wnie\u017c mo\u017ce przyj\u0105\u0107 bardzo ciekawe formy.<\/strong> Do popularnych rozwi\u0105za\u0144 nale\u017c\u0105 mi\u0119dzy innymi:<\/p>\n<ul>\n<li>monta\u017c wyspy kuchennej na granicy pomi\u0119dzy aneksem a salonem,<\/li>\n<li>instalacja barku na p\u00f3\u0142\u015bciance pomi\u0119dzy pokojem dziennym a kuchni\u0105,<\/li>\n<li>r\u00f3\u017cnego rodzaju przeszklenia i przepierzenia \u2013 tak\u017ce z przesuwnymi drzwiami.<\/li>\n<\/ul>\n<p>Ka\u017cdy z powy\u017cszych sposob\u00f3w wizualnie oddziela obie strefy od siebie, nie ograniczaj\u0105c przy tym zanadto wolnej przestrzeni. <strong>Wyspa kuchenna czy barek znajd\u0105 zreszt\u0105 bardzo praktyczne zastosowanie, wi\u0119c decyduj\u0105c si\u0119 na jedno z tych rozwi\u0105za\u0144, na pewno nie zmarnujesz cennego miejsca.<\/strong><\/p>\n<div style=\"display: flex; flex-wrap: wrap; align-items: center; justify-content: center; text-align: center;\">\n<figure id=\"attachment_22210\" aria-describedby=\"caption-attachment-22210\" style=\"width: 728px\" class=\"wp-caption aligncenter\"><a href=\"https:\/\/www.brw.pl\/komplet-kuchenny-narozny-top-line,37546\" target=\"_blank\" rel=\"noopener noreferrer\"><img decoding=\"async\" class=\"size-full wp-image-22210 lazyload\" data-src=\"https:\/\/www.brw.pl\/blog\/wp-content\/uploads\/2022\/10\/aneks-kuchenny-w-ma\u0142ej-kawalerce.jpg\" alt=\"KOMPLET KUCHENNY NARO\u017bNY TOP LINE\" width=\"728\" height=\"483\" src=\"data:image\/svg+xml;base64,PHN2ZyB3aWR0aD0iMSIgaGVpZ2h0PSIxIiB4bWxucz0iaHR0cDovL3d3dy53My5vcmcvMjAwMC9zdmciPjwvc3ZnPg==\" style=\"--smush-placeholder-width: 728px; --smush-placeholder-aspect-ratio: 728\/483;\" \/><\/a><figcaption id=\"caption-attachment-22210\" class=\"wp-caption-text\"><a href=\"https:\/\/www.brw.pl\/komplet-kuchenny-narozny-top-line,37546\" target=\"_blank\" rel=\"noopener noreferrer\"><span style=\"font-weight: 400;\">KOMPLET KUCHENNY NARO\u017bNY TOP LINE<\/span><\/a><\/figcaption><\/figure>\n<\/div>\n<h2><strong>Jak urz\u0105dzi\u0107 kawalerk\u0119 z aneksem kuchennym?<\/strong><\/h2>\n<p><strong>Aby odpowiednio urz\u0105dzi\u0107 niewielk\u0105 przestrze\u0144, nale\u017cy dobrze zastanowi\u0107 si\u0119 zar\u00f3wno nad kolorystyk\u0105 wn\u0119trza, jak i nad doborem mebli. <\/strong>W tej pierwszej kwestii do dyspozycji masz dwa podstawowe rozwi\u0105zania:<\/p>\n<ul>\n<li>zachowanie sp\u00f3jnej kolorystyki pomi\u0119dzy salonem a aneksem kuchennym,<\/li>\n<li>wykorzystanie r\u00f3\u017cnych kolor\u00f3w do rozdzielenia cz\u0119\u015bci wypoczynkowej od kuchni.<\/li>\n<\/ul>\n<p>Cho\u0107 zastosowanie tych samych odcieni w obu strefach mo\u017ce wydawa\u0107 Ci si\u0119 nudne, to ma ono pewn\u0105 przewag\u0119 nad efektem kontrastu. <strong>Doprowadzi bowiem do optycznego powi\u0119kszenia niewielkiej przestrzeni. <\/strong>Pami\u0119taj, \u017ce w osi\u0105gni\u0119ciu tego celu pomog\u0105 Ci tak\u017ce b\u0142yszcz\u0105ce powierzchnie (przede wszystkim lustra), kt\u00f3re b\u0119d\u0105 skutecznie rozprowadza\u0107 \u015bwiat\u0142o po wn\u0119trzu.<\/p>\n<p><strong>To samo dotyczy zreszt\u0105 doboru mebli \u2013 w ma\u0142ej kawalerce najlepiej sprawdz\u0105 si\u0119 zestawy w jasnych kolorach, dobrze odbijaj\u0105cych \u015bwiat\u0142o. <\/strong>W aneksie kuchennym mo\u017cesz zastosowa\u0107 na przyk\u0142ad gustowny komplet <a href=\"https:\/\/www.brw.pl\/komplet-kuchenny-junona-line-170,46204\" target=\"_blank\" rel=\"noopener noreferrer\">Junona Line<\/a>. Aby nie marnowa\u0107 cennego miejsca, postaraj si\u0119 umie\u015bci\u0107 g\u00f3rn\u0105 zabudow\u0119 pod samym sufitem. Dzi\u0119ki temu uzyskasz dodatkow\u0105 przestrze\u0144 do przechowywania, a przy okazji u\u0142atwisz sobie utrzymanie pomieszczenia w czysto\u015bci. Wyeliminujesz bowiem problem kurzu zbieraj\u0105cego si\u0119 na powierzchni szafek.<\/p>\n<p>Cz\u0119\u015b\u0107 kuchenn\u0105 mo\u017cesz te\u017c umeblowa\u0107 ciemnymi meblami. Postaraj si\u0119 jednak, aby nie przyt\u0142acza\u0142y one przestrzeni.<strong> Z pewno\u015bci\u0105 pomog\u0105 w tym proste kszta\u0142ty i minimalistyczne wyko\u0144czenie. <\/strong>Ciekawy przyk\u0142ad takiego zestawu stanowi kolekcja <a href=\"https:\/\/www.brw.pl\/komplet-kuchenny-semi-line,37250\">Semi Line<\/a> z oferty Black Red White. Zabudowa doskonale zaprezentuje si\u0119 na tle bia\u0142ych \u015bcian, a jej po\u0142\u0105czenie z cz\u0119\u015bci\u0105 wypoczynkow\u0105 nie powinno by\u0107 dla Ciebie \u017cadnym problemem. Wszystko za spraw\u0105 uniwersalnego projektu i wszechstronnej kolorystyki.<\/p>\n<div style=\"display: flex; flex-wrap: wrap; align-items: center; justify-content: center; text-align: center;\">\n<figure id=\"attachment_22210\" aria-describedby=\"caption-attachment-22210\" style=\"width: 728px\" class=\"wp-caption aligncenter\"><a href=\"https:\/\/www.brw.pl\/komplet-kuchenny-z-ociekarka-semi-line,37247\" target=\"_blank\" rel=\"noopener noreferrer\"><img decoding=\"async\" class=\"size-full wp-image-22210 lazyload\" data-src=\"https:\/\/www.brw.pl\/blog\/wp-content\/uploads\/2022\/10\/aneks-kuchenny-w-kawalerce-aran\u017cacje.jpg\" alt=\"KOMPLET KUCHENNY SEMI LINE\" width=\"728\" height=\"483\" src=\"data:image\/svg+xml;base64,PHN2ZyB3aWR0aD0iMSIgaGVpZ2h0PSIxIiB4bWxucz0iaHR0cDovL3d3dy53My5vcmcvMjAwMC9zdmciPjwvc3ZnPg==\" style=\"--smush-placeholder-width: 728px; --smush-placeholder-aspect-ratio: 728\/483;\" \/><\/a><figcaption id=\"caption-attachment-22210\" class=\"wp-caption-text\"><a href=\"https:\/\/www.brw.pl\/komplet-kuchenny-z-ociekarka-semi-line,37247\" target=\"_blank\" rel=\"noopener noreferrer\"><span style=\"font-weight: 400;\">KOMPLET KUCHENNY SEMI LINE<\/span><\/a><\/figcaption><\/figure>\n<\/div>\n<p>Do niezb\u0119dnych element\u00f3w kawalerki z aneksem kuchennym nale\u017cy tak\u017ce st\u00f3\u0142 z krzes\u0142ami. Zwr\u00f3\u0107 uwag\u0119 na to, \u017ce nie musisz na si\u0142\u0119 umieszcza\u0107 ich ani w kuchni, ani w salonie. <strong>Strefa spo\u017cywania posi\u0142k\u00f3w mo\u017ce znale\u017a\u0107 si\u0119 na granicy pomi\u0119dzy obiema cz\u0119\u015bciami, wizualnie je od siebie odgradzaj\u0105c. <\/strong>To doskona\u0142a okazja, aby zadba\u0107 jednocze\u015bnie zar\u00f3wno o funkcjonalno\u015b\u0107, jak i o estetyk\u0119 pomieszczenia. Si\u0119gnij wi\u0119c po prosty zestaw <a href=\"https:\/\/www.brw.pl\/zestaw-stol-z-krzeslami-keita,43329\" target=\"_blank\" rel=\"noopener noreferrer\">Keita<\/a>, a je\u015bli masz do dyspozycji nieco wi\u0119cej miejsca \u2013 zdecyduj si\u0119 na czteroosobowy komplet <a href=\"https:\/\/www.brw.pl\/zestaw-stol-z-krzeslami-starks,43014\" target=\"_blank\" rel=\"noopener noreferrer\">Starks<\/a>.<\/p>\n<p>Aran\u017cacja kawalerki musi oczywi\u015bcie obejmowa\u0107 tak\u017ce zestaw przeznaczony do wypoczynku. Powinien on zawiera\u0107 wygodne miejsce do siedzenia oraz stolik kawowy. Zainteresuj si\u0119 wi\u0119c na przyk\u0142ad kanap\u0105 <a href=\"https:\/\/www.brw.pl\/sofa-cupido,35695\" target=\"_blank\" rel=\"noopener noreferrer\">Cupido<\/a>, a je\u017celi marzy Ci si\u0119 nieco odwa\u017cniejszy projekt wn\u0119trza, postaw na \u017c\u00f3\u0142ty model <a href=\"https:\/\/www.brw.pl\/sofa-logan,45716\">Logan<\/a>. Do salonu wstaw tak\u017ce praktyczne szafki \u2013 na przyk\u0142ad komod\u0119, rega\u0142 czy witryn\u0119. <strong>Postaraj si\u0119 jednak ograniczy\u0107 ich liczb\u0119 do minimum, aby nie traci\u0107 warto\u015bciowej przestrzeni.<\/strong><\/p>\n<h2><strong>Aneks kuchenny w kawalerce \u2013 aran\u017cacje<\/strong><\/h2>\n<p>Aran\u017cacje kawalerki z aneksem kuchennym mog\u0105 wykorzystywa\u0107 r\u00f3\u017cne style. Czasami warto zdecydowa\u0107 si\u0119 na ich inteligentne \u0142\u0105czenie. <strong>W takim przypadku projekt kuchni mo\u017ce by\u0107 utrzymany na przyk\u0142ad w estetyce prowansalskiej, a salonu \u2013 w skandynawskiej. <\/strong>Uwa\u017caj jednak na to, aby nie zderza\u0107 ze sob\u0105 mocno kontrastuj\u0105cych styl\u00f3w, a je\u015bli to robisz \u2013 zadbaj o p\u0142ynne przej\u015bcia pomi\u0119dzy strefami.<\/p>\n<p><strong>Kawalerka z aneksem kuchennym znakomicie zaprezentuje si\u0119 tak\u017ce w estetyce industrialnej. <\/strong>Pozwoli Ci to uczyni\u0107 potencjalne niedoci\u0105gni\u0119cia mocn\u0105 stron\u0105 projektu. W takim wn\u0119trzu dobrze sprawdz\u0105 si\u0119 na przyk\u0142ad meble w stylu vintage, nietynkowane \u015bciany oraz zwisaj\u0105ce z sufitu kable. Styl loftowy z pewno\u015bci\u0105 pomo\u017ce Ci wizualnie po\u0142\u0105czy\u0107 stref\u0119 kuchenn\u0105 z salonem.<\/p>\n<p><strong>Mniej efektowny, ale \u0142atwiejszy w realizacji jest styl nowoczesny. <\/strong>Odznacza si\u0119 minimalizmem i prostymi formami, a cechy te zdecydowanie sprzyjaj\u0105 ma\u0142ej kawalerce. Idealne rozwi\u0105zanie w takim przypadku stanowi wyspa kuchenna \u2013 wydziel strefy za jej pomoc\u0105, jednocze\u015bnie wzbogacaj\u0105c wn\u0119trze o wielofunkcyjny element wyposa\u017cenia.<\/p>\n<p>Je\u015bli szukasz inspiracji na wystr\u00f3j kawalerki z aneksem kuchennym, koniecznie zapoznaj si\u0119 z bogat\u0105 ofert\u0105 Black Red White i wybierz idealne meble oraz dodatki do swojego mieszkania!<\/p>\n","protected":false},"excerpt":{"rendered":"<p>Niewielka przestrze\u0144 bywa bardzo trudna w aran\u017cacji. Nie bez powodu wielu projektant\u00f3w i w\u0142a\u015bcicieli mieszka\u0144 decyduje si\u0119 wsp\u00f3\u0142cze\u015bnie na aneks kuchenny w kawalerce. Dzi\u0119ki temu zyskuj\u0105 oni otwart\u0105 przestrze\u0144, kt\u00f3ra wydaje si\u0119 wi\u0119ksza i ja\u015bniejsza ni\u017c wydzielone pomieszczenie. Takie wn\u0119trze wymaga jednak szczeg\u00f3lnej uwagi, poniewa\u017c jego aran\u017cacja rz\u0105dzi si\u0119 swoimi prawami.<\/p>\n","protected":false},"author":27,"featured_media":27832,"comment_status":"closed","ping_status":"open","sticky":false,"template":"","format":"standard","meta":{"footnotes":""},"categories":[39,26,574],"tags":[],"aioseo_notices":[],"_links":{"self":[{"href":"https:\/\/www.brw.pl\/blog\/wp-json\/wp\/v2\/posts\/27831"}],"collection":[{"href":"https:\/\/www.brw.pl\/blog\/wp-json\/wp\/v2\/posts"}],"about":[{"href":"https:\/\/www.brw.pl\/blog\/wp-json\/wp\/v2\/types\/post"}],"author":[{"embeddable":true,"href":"https:\/\/www.brw.pl\/blog\/wp-json\/wp\/v2\/users\/27"}],"replies":[{"embeddable":true,"href":"https:\/\/www.brw.pl\/blog\/wp-json\/wp\/v2\/comments?post=27831"}],"version-history":[{"count":3,"href":"https:\/\/www.brw.pl\/blog\/wp-json\/wp\/v2\/posts\/27831\/revisions"}],"predecessor-version":[{"id":28933,"href":"https:\/\/www.brw.pl\/blog\/wp-json\/wp\/v2\/posts\/27831\/revisions\/28933"}],"wp:featuredmedia":[{"embeddable":true,"href":"https:\/\/www.brw.pl\/blog\/wp-json\/wp\/v2\/media\/27832"}],"wp:attachment":[{"href":"https:\/\/www.brw.pl\/blog\/wp-json\/wp\/v2\/media?parent=27831"}],"wp:term":[{"taxonomy":"category","embeddable":true,"href":"https:\/\/www.brw.pl\/blog\/wp-json\/wp\/v2\/categories?post=27831"},{"taxonomy":"post_tag","embeddable":true,"href":"https:\/\/www.brw.pl\/blog\/wp-json\/wp\/v2\/tags?post=27831"}],"curies":[{"name":"wp","href":"https:\/\/api.w.org\/{rel}","templated":true}]}}