{"id":27946,"date":"2022-10-30T13:04:45","date_gmt":"2022-10-30T12:04:45","guid":{"rendered":"https:\/\/www.brw.pl\/blog\/?p=27946"},"modified":"2023-05-29T12:09:55","modified_gmt":"2023-05-29T10:09:55","slug":"obrazy-do-salonu-skandynawskiego-propozycje-brw","status":"publish","type":"post","link":"https:\/\/www.brw.pl\/blog\/obrazy-do-salonu-skandynawskiego-propozycje-brw\/","title":{"rendered":"Obrazy do salonu skandynawskiego \u2013 propozycje BRW"},"content":{"rendered":"<p><strong>Wn\u0119trza skandynawskie to natura, harmonia, prawdziwe pi\u0119kno. Wynika to z samych za\u0142o\u017ce\u0144 stylu i z ka\u017cdego elementu dekoracyjnego, na jaki si\u0119 w tym stylu decydujemy. W ka\u017cdym pomieszczeniu niezwykle wa\u017cne s\u0105 dekoracje \u015bcienne, w stylu skandynawskim r\u00f3wnie\u017c. Dlatego prezentujemy najpi\u0119kniejsze obrazy skandynawskie, dzi\u0119ki kt\u00f3rym wn\u0119trze b\u0119dzie \u017cywsze, wspanialsze, dopracowane w ka\u017cdym calu.<\/strong><!--more--><\/p>\n<p><img decoding=\"async\" class=\"alignnone size-full wp-image-27947 lazyload\" data-src=\"https:\/\/www.brw.pl\/blog\/wp-content\/uploads\/2022\/10\/obrazy-do-salonu-skandyanwskiego.jpg\" alt=\"obrazy do salonu skandynawskiego\" width=\"1620\" height=\"1080\" data-srcset=\"https:\/\/www.brw.pl\/blog\/wp-content\/uploads\/2022\/10\/obrazy-do-salonu-skandyanwskiego.jpg 1620w, https:\/\/www.brw.pl\/blog\/wp-content\/uploads\/2022\/10\/obrazy-do-salonu-skandyanwskiego-800x533.jpg 800w, https:\/\/www.brw.pl\/blog\/wp-content\/uploads\/2022\/10\/obrazy-do-salonu-skandyanwskiego-768x512.jpg 768w, https:\/\/www.brw.pl\/blog\/wp-content\/uploads\/2022\/10\/obrazy-do-salonu-skandyanwskiego-1536x1024.jpg 1536w\" data-sizes=\"(max-width: 1620px) 100vw, 1620px\" src=\"data:image\/svg+xml;base64,PHN2ZyB3aWR0aD0iMSIgaGVpZ2h0PSIxIiB4bWxucz0iaHR0cDovL3d3dy53My5vcmcvMjAwMC9zdmciPjwvc3ZnPg==\" style=\"--smush-placeholder-width: 1620px; --smush-placeholder-aspect-ratio: 1620\/1080;\" \/><\/p>\n<h2><strong>Obrazy do salonu skandynawskiego \u2013 element, kt\u00f3ry doda wn\u0119trzu charakteru<\/strong><\/h2>\n<p>W stylu skandynawskim p\u0142ynnie \u0142\u0105czy si\u0119 delikatna kolorystyka z naturalnymi materia\u0142ami. Od dziesi\u0105tek lat ten styl ewoluowa\u0142 bardzo powoli i cho\u0107 znamy dzisiaj jego bardziej nowoczesn\u0105 form\u0119, np. uwzgl\u0119dniaj\u0105c\u0105 dodatki \u017cywych kolorystycznych kontrapunkt\u00f3w, to nadal cenimy go w klasyce. Spotkamy tu du\u017co bieli, szaro\u015bci, naturalnych odcieni drewna. Rz\u0105dz\u0105 tak\u017ce naturalne materia\u0142y, przyjemne tekstylia. Aran\u017cacje s\u0105 przemy\u015blane i dobrze zaplanowane, nie brak tu r\u00f3wnie\u017c kreatywnych rozwi\u0105za\u0144, kt\u00f3re czyni\u0105 wn\u0119trza bardziej funkcjonalnymi.<\/p>\n<p>Dekoracje w stylu skandynawskim powinny odpowiada\u0107 za\u0142o\u017ceniom tego stylu. Jednym z najpi\u0119kniejszych sposob\u00f3w, na ozdobienie i o\u017cywienie wn\u0119trza s\u0105 obrazy. Styl skandynawski daje tu do\u015b\u0107 spore mo\u017cliwo\u015bci i inspiruje do tego, by ozdabia\u0107 \u015bciany obrazami z motywem ro\u015blinnym, przyrodniczym, cz\u0119sto tak\u017ce zwierz\u0119cym. W salonach i sypialniach, kt\u00f3re s\u0105 urz\u0105dzone w skandynawskim stylu i udekorowane obrazami natury, niemal czu\u0107 prawdziwy zapach lasu i przyjemny, intymny klimat, kt\u00f3re tworz\u0105 poszczeg\u00f3lne pejza\u017ce. Wykorzystaj to r\u00f3wnie\u017c w swoim domu!<\/p>\n<ul>\n<li>Skandynawskie obrazy bardzo cz\u0119sto nawi\u0105zuj\u0105 do motyw\u00f3w natury, bo na nich opieraj\u0105 si\u0119 skandynawskie wn\u0119trza i poszczeg\u00f3lne za\u0142o\u017cenia stylu.<\/li>\n<li>Obrazy w stylu skandynawskim warto dopasowywa\u0107 do wystroju nie tylko pod k\u0105tem tego, co jest na nich pokazane, ale r\u00f3wnie\u017c tego, jak obraz jest zaprezentowany. Znaczenie maj\u0105 kszta\u0142ty i kolory ram oraz materia\u0142, z kt\u00f3rego te ramy zosta\u0142y wykonane. W ten spos\u00f3b mo\u017cesz jeszcze pi\u0119kniej urozmaici\u0107 wn\u0119trze swojego domu.<\/li>\n<li>Sposobem na zbyt puste i zbyt ma\u0142o wype\u0142nione optycznie wn\u0119trze, jest w\u0142a\u015bnie obraz. Skandynawski styl mog\u0105 podkre\u015bli\u0107 r\u00f3wnie\u017c motywy zwierz\u0119ce, kt\u00f3re s\u0105 bardzo zespolone z natur\u0105, a przy okazji wprowadzaj\u0105 do przestrzeni klimat delikatnej tajemnicy.<\/li>\n<\/ul>\n<p><img decoding=\"async\" class=\"alignnone size-full wp-image-27948 lazyload\" data-src=\"https:\/\/www.brw.pl\/blog\/wp-content\/uploads\/2022\/10\/obraz-w-salonie-skandynawskim.jpg\" alt=\"obraz w salonie skandynawskim\" width=\"1920\" height=\"1080\" data-srcset=\"https:\/\/www.brw.pl\/blog\/wp-content\/uploads\/2022\/10\/obraz-w-salonie-skandynawskim.jpg 1920w, https:\/\/www.brw.pl\/blog\/wp-content\/uploads\/2022\/10\/obraz-w-salonie-skandynawskim-800x450.jpg 800w, https:\/\/www.brw.pl\/blog\/wp-content\/uploads\/2022\/10\/obraz-w-salonie-skandynawskim-768x432.jpg 768w, https:\/\/www.brw.pl\/blog\/wp-content\/uploads\/2022\/10\/obraz-w-salonie-skandynawskim-1536x864.jpg 1536w\" data-sizes=\"(max-width: 1920px) 100vw, 1920px\" src=\"data:image\/svg+xml;base64,PHN2ZyB3aWR0aD0iMSIgaGVpZ2h0PSIxIiB4bWxucz0iaHR0cDovL3d3dy53My5vcmcvMjAwMC9zdmciPjwvc3ZnPg==\" style=\"--smush-placeholder-width: 1920px; --smush-placeholder-aspect-ratio: 1920\/1080;\" \/><\/p>\n<h2><strong>Obrazy skandynawskie do salonu \u2013 6 najciekawszych propozycji<\/strong><\/h2>\n<p>Inspiracje na skandynawskie obrazy dost\u0119pne s\u0105 w BRW. W\u015br\u00f3d naszych propozycji znajdziesz zestaw obraz\u00f3w skandynawskich, kt\u00f3re wspaniale mog\u0105 wpasowa\u0107 si\u0119 do aran\u017cacji wn\u0119trz opartych na naturze, drewnie, harmonijnych kolorach. Kt\u00f3ry z nich znajdzie si\u0119 na Twojej \u015bcianie?<\/p>\n<h3><strong>Obraz Mg\u0142a 2 \u2013 zapach lasu i tajemnica<\/strong><\/h3>\n<p>Styl skandynawski to natura i harmonia. Ci\u0119\u017cko jej nie dostrzec w obrazie, na kt\u00f3rym ci\u0119\u017cka mg\u0142a unosi si\u0119 ponad lasem iglastym, otulaj\u0105c swoj\u0105 tajemnic\u0105 korony drzew. Na wiele sposob\u00f3w ten <a href=\"https:\/\/www.brw.pl\/obraz-mgla-2,27590\" target=\"_blank\" rel=\"noopener noreferrer\">obraz<\/a> jest fascynuj\u0105cy i hipnotyzuj\u0105cy. Wspaniale wpasuje si\u0119 we wn\u0119trza, w kt\u00f3rych rz\u0105dz\u0105 szaro\u015bci, ale r\u00f3wnie\u017c obecne s\u0105 kontrapunkty w postaci butelkowej zieleni.<\/p>\n<h3><strong>Obraz Jele\u0144 \u2013 nowoczesne grafiki r\u00f3wnie\u017c w modzie!<\/strong><\/h3>\n<p><a href=\"https:\/\/www.brw.pl\/obraz-jelen,38063\" target=\"_blank\" rel=\"noopener noreferrer\">Obrazy<\/a> w stylu skandynawskim nie musz\u0105 by\u0107 powa\u017cne i nudne, je\u015bli tylko chcemy, by wn\u0119trze o\u017cywia\u0142o co\u015b kompletnie wyj\u0105tkowego. Dostojny jele\u0144 w okr\u0105g\u0142ych okularach i sympatyczny napis poni\u017cej jego portretu to propozycja dla tych, kt\u00f3rzy ceni\u0105 sobie we wn\u0119trzach oryginalno\u015b\u0107. Jego kolorystyka dopasuje si\u0119 do przestrzeni urz\u0105dzonej w harmonijny spos\u00f3b, z wykorzystaniem be\u017cu i br\u0105z\u00f3w. Warto oprze\u0107 si\u0119 r\u00f3wnie\u017c na kontrastach ze wzgl\u0119du na czarn\u0105 ram\u0119 obrazu.<\/p>\n<div style=\"display: flex; flex-wrap: wrap; align-items: center; justify-content: center; text-align: center;\">\n<figure id=\"attachment_20530\" aria-describedby=\"caption-attachment-20530\" style=\"width: 342px\" class=\"wp-caption aligncenter\"><img decoding=\"async\" class=\"wp-image-20530 lazyload\" data-src=\"https:\/\/www.brw.pl\/blog\/wp-content\/uploads\/2022\/10\/obraz-1.jpg\" alt=\"OBRAZ MG\u0141A 2\" width=\"342\" height=\"257\" src=\"data:image\/svg+xml;base64,PHN2ZyB3aWR0aD0iMSIgaGVpZ2h0PSIxIiB4bWxucz0iaHR0cDovL3d3dy53My5vcmcvMjAwMC9zdmciPjwvc3ZnPg==\" style=\"--smush-placeholder-width: 342px; --smush-placeholder-aspect-ratio: 342\/257;\" \/><figcaption id=\"caption-attachment-20530\" class=\"wp-caption-text\"><a href=\"https:\/\/www.brw.pl\/obraz-mgla-2,27590\" target=\"_blank\" rel=\"noopener noreferrer\"><span style=\"font-weight: 400;\">OBRAZ MG\u0141A 2<\/span><\/a><\/figcaption><\/figure>\n<figure id=\"attachment_20531\" aria-describedby=\"caption-attachment-20531\" style=\"width: 341px\" class=\"wp-caption aligncenter\"><img decoding=\"async\" class=\"wp-image-20531 lazyload\" data-src=\"https:\/\/www.brw.pl\/blog\/wp-content\/uploads\/2022\/10\/obraz-2.jpg\" alt=\"OBRAZ JELE\u0143\" width=\"341\" height=\"256\" src=\"data:image\/svg+xml;base64,PHN2ZyB3aWR0aD0iMSIgaGVpZ2h0PSIxIiB4bWxucz0iaHR0cDovL3d3dy53My5vcmcvMjAwMC9zdmciPjwvc3ZnPg==\" style=\"--smush-placeholder-width: 341px; --smush-placeholder-aspect-ratio: 341\/256;\" \/><figcaption id=\"caption-attachment-20531\" class=\"wp-caption-text\"><a href=\"https:\/\/www.brw.pl\/obraz-jelen,38063\" target=\"_blank\" rel=\"noopener noreferrer\"><span style=\"font-weight: 400;\">OBRAZ JELE\u0143<\/span><\/a><\/figcaption><\/figure>\n<\/div>\n<h3><strong>Obraz G\u00f3ry \u2013 natura na d\u0142oni<\/strong><\/h3>\n<p><a href=\"https:\/\/www.brw.pl\/obraz-gory,27555\" target=\"_blank\" rel=\"noopener noreferrer\">Obraz<\/a>, na kt\u00f3rym wida\u0107 niemal wy\u0142\u0105cznie natur\u0119, z delikatnym ludzkim akcentem w postaci \u0142odzi, kt\u00f3re zbudowane s\u0105 ludzkimi d\u0142o\u0144mi. G\u00f3ry, woda, ch\u0142odny odcie\u0144 grafiki \u2013 to wszystko sk\u0142ada si\u0119 na idealn\u0105 propozycj\u0119 do salonu w nieco ch\u0142odniejszych odcieniach, w kt\u00f3rych pojawia si\u0119 zar\u00f3wno szaro\u015b\u0107, jak i turkus. Uwag\u0119 niew\u0105tpliwie zwraca r\u00f3wnie\u017c ciemnoszara rama obrazu \u2013 ze stylem skandynawskim koresponduje to idealnie!<\/p>\n<h3><strong>Plakat Bia\u0142e Kwiaty\u2013 si\u0142a harmonii<\/strong><\/h3>\n<p>Nic nie stoi na przeszkodzie, by w salonie czy sypialni, rz\u0105dzi\u0142y wy\u0142\u0105cznie jasne kolory. W stylu skandynawskim sprawdzi si\u0119 to doskonale. Je\u015bli i w Twoim wn\u0119trzu kr\u00f3luje biel, zapro\u015b do niego r\u00f3wnie\u017c odrobin\u0119 natury w czystym, zachwycaj\u0105cym wydaniu. Bia\u0142y, roz\u0142o\u017cysty, kwiat zajmuje ca\u0142y plan. Ten <a href=\"https:\/\/www.brw.pl\/plakat-bialy-kwiat,38043\" target=\"_blank\" rel=\"noopener noreferrer\">plakat<\/a> b\u0119dzie doskonale wygl\u0105da\u0107 w minimalistycznym wn\u0119trzu skandynawskim, gdzie jest przestrze\u0144 na dekoracje subtelne i niedominuj\u0105ce.<\/p>\n<div style=\"display: flex; flex-wrap: wrap; align-items: center; justify-content: center; text-align: center;\">\n<figure id=\"attachment_20530\" aria-describedby=\"caption-attachment-20530\" style=\"width: 342px\" class=\"wp-caption aligncenter\"><img decoding=\"async\" class=\"wp-image-20530 lazyload\" data-src=\"https:\/\/www.brw.pl\/blog\/wp-content\/uploads\/2022\/10\/obraz-3.jpg\" alt=\"OBRAZ G\u00d3RY\" width=\"342\" height=\"257\" src=\"data:image\/svg+xml;base64,PHN2ZyB3aWR0aD0iMSIgaGVpZ2h0PSIxIiB4bWxucz0iaHR0cDovL3d3dy53My5vcmcvMjAwMC9zdmciPjwvc3ZnPg==\" style=\"--smush-placeholder-width: 342px; --smush-placeholder-aspect-ratio: 342\/257;\" \/><figcaption id=\"caption-attachment-20530\" class=\"wp-caption-text\"><a href=\"https:\/\/www.brw.pl\/obraz-gory,27555\" target=\"_blank\" rel=\"noopener noreferrer\"><span style=\"font-weight: 400;\">OBRAZ G\u00d3RY<\/span><\/a><\/figcaption><\/figure>\n<figure id=\"attachment_20531\" aria-describedby=\"caption-attachment-20531\" style=\"width: 341px\" class=\"wp-caption aligncenter\"><img decoding=\"async\" class=\"wp-image-20531 lazyload\" data-src=\"https:\/\/www.brw.pl\/blog\/wp-content\/uploads\/2022\/10\/obraz-4.jpg\" alt=\"PLAKAT BIA\u0141Y KWIAT\" width=\"341\" height=\"256\" src=\"data:image\/svg+xml;base64,PHN2ZyB3aWR0aD0iMSIgaGVpZ2h0PSIxIiB4bWxucz0iaHR0cDovL3d3dy53My5vcmcvMjAwMC9zdmciPjwvc3ZnPg==\" style=\"--smush-placeholder-width: 341px; --smush-placeholder-aspect-ratio: 341\/256;\" \/><figcaption id=\"caption-attachment-20531\" class=\"wp-caption-text\"><a href=\"https:\/\/www.brw.pl\/plakat-bialy-kwiat,38043\" target=\"_blank\" rel=\"noopener noreferrer\"><span style=\"font-weight: 400;\">PLAKAT BIA\u0141Y KWIAT<\/span><\/a><\/figcaption><\/figure>\n<\/div>\n<h3><strong>Obraz Mg\u0142a &#8211; jeszcze spokojniejsze wydanie natury<\/strong><\/h3>\n<p>W BRW znajdziesz mn\u00f3stwo obraz\u00f3w z motywem le\u015bnym i ro\u015blinnym, a mg\u0142a jest tu wyj\u0105tkowo inspiruj\u0105cym zjawiskiem. Tego typu obraz mo\u017ce zdobi\u0107 wn\u0119trze zar\u00f3wno salonu, jak i sypialni, przywo\u0142uj\u0105c na my\u015bl najpi\u0119kniejsze zapachy lasu. To doskona\u0142y spos\u00f3b na podkre\u015blenie harmonii, kt\u00f3ra istotna jest w stylu skandynawskim. <a href=\"https:\/\/www.brw.pl\/obraz-mgla,27589\" target=\"_blank\" rel=\"noopener noreferrer\">Obraz<\/a> zachwyca prostot\u0105, jest delikatny, a jednocze\u015bnie na sw\u00f3j spos\u00f3b mistyczny. Wspania\u0142y do salonu stworzonego z szaro\u015bci i zieleni.<\/p>\n<h3><strong>Obraz Wilk &#8211; m\u0105dro\u015b\u0107 i tajemnica<\/strong><\/h3>\n<p>Pora na kolejny motyw zwierz\u0119cy, kt\u00f3rego niekwestionowanym kr\u00f3lem jest oczywi\u015bcie <a href=\"https:\/\/www.brw.pl\/obraz-wilk,23234\" target=\"_blank\" rel=\"noopener noreferrer\">wilk<\/a>. M\u0105dro\u015b\u0107 tych zwierz\u0105t zachwyca ludzi, nic wi\u0119c dziwnego, \u017ce jest ono bohaterem wielu obraz\u00f3w czy grafik. W tej ods\u0142onie jest nieco mrocznym i nieprzejednanym stra\u017cnikiem lasu. Pi\u0119knym, dostojnym, bardzo inspiruj\u0105cym. Spokojnie barwy tej grafiki sprawiaj\u0105, \u017ce b\u0119dzie doskona\u0142ym uzupe\u0142nieniem jasnego wn\u0119trza skandynawskiego, ale r\u00f3wnie\u017c \u015bwietnym kontrapunktem ciemniejszej \u015bciany, np. w kolorze butelkowej zieleni.<\/p>\n<div style=\"display: flex; flex-wrap: wrap; align-items: center; justify-content: center; text-align: center;\">\n<figure id=\"attachment_20530\" aria-describedby=\"caption-attachment-20530\" style=\"width: 342px\" class=\"wp-caption aligncenter\"><img decoding=\"async\" class=\"wp-image-20530 lazyload\" data-src=\"https:\/\/www.brw.pl\/blog\/wp-content\/uploads\/2022\/10\/obraz-5.jpg\" alt=\"OBRAZ WILK\" width=\"342\" height=\"257\" src=\"data:image\/svg+xml;base64,PHN2ZyB3aWR0aD0iMSIgaGVpZ2h0PSIxIiB4bWxucz0iaHR0cDovL3d3dy53My5vcmcvMjAwMC9zdmciPjwvc3ZnPg==\" style=\"--smush-placeholder-width: 342px; --smush-placeholder-aspect-ratio: 342\/257;\" \/><figcaption id=\"caption-attachment-20530\" class=\"wp-caption-text\"><a href=\"https:\/\/www.brw.pl\/obraz-wilk,23234\" target=\"_blank\" rel=\"noopener noreferrer\"><span style=\"font-weight: 400;\">OBRAZ WILK<\/span><\/a><\/figcaption><\/figure>\n<figure id=\"attachment_20531\" aria-describedby=\"caption-attachment-20531\" style=\"width: 341px\" class=\"wp-caption aligncenter\"><img decoding=\"async\" class=\"wp-image-20531 lazyload\" data-src=\"https:\/\/www.brw.pl\/blog\/wp-content\/uploads\/2022\/10\/obraz-6.jpg\" alt=\"OBRAZ MG\u0141A\" width=\"341\" height=\"256\" src=\"data:image\/svg+xml;base64,PHN2ZyB3aWR0aD0iMSIgaGVpZ2h0PSIxIiB4bWxucz0iaHR0cDovL3d3dy53My5vcmcvMjAwMC9zdmciPjwvc3ZnPg==\" style=\"--smush-placeholder-width: 341px; --smush-placeholder-aspect-ratio: 341\/256;\" \/><figcaption id=\"caption-attachment-20531\" class=\"wp-caption-text\"><a href=\"https:\/\/www.brw.pl\/obraz-mgla,27589\" target=\"_blank\" rel=\"noopener noreferrer\"><span style=\"font-weight: 400;\">OBRAZ MG\u0141A<\/span><\/a><\/figcaption><\/figure>\n<\/div>\n<h2><strong>Obrazy skandynawskie w BRW \u2013 zainspiruj si\u0119!<\/strong><\/h2>\n<p>W naszych wn\u0119trzach cz\u0119sto stawiamy na <a href=\"https:\/\/www.brw.pl\/dekoracje\/dekoracje-scienne\/\" target=\"_blank\" rel=\"noopener noreferrer\">tradycyjne obrazy<\/a> na p\u0142\u00f3tnie, s\u0142ynne reprodukcje, co\u015b znanego i opatrzonego. Nie ma w tym nic z\u0142ego. Czasem jednak warto p\u00f3j\u015b\u0107 w stron\u0119 podkre\u015blenia okre\u015blonego stylu, dzi\u0119ki czemu efekt dekoracyjny mo\u017ce przej\u015b\u0107 naj\u015bmielsze oczekiwania. W stylu skandynawskim stawiaj na natur\u0119. To dzi\u0119ki niej ten styl powsta\u0142 i dzi\u0119ki niej niezmiennie zachwyca kolejne pokolenia. Warto przyprawi\u0107 go szczypt\u0105 wysmakowanej dekoracyjno\u015bci.<\/p>\n","protected":false},"excerpt":{"rendered":"<p>Wn\u0119trza skandynawskie to natura, harmonia, prawdziwe pi\u0119kno. Wynika to z samych za\u0142o\u017ce\u0144 stylu i z ka\u017cdego elementu dekoracyjnego, na jaki si\u0119 w tym stylu decydujemy. W ka\u017cdym pomieszczeniu niezwykle wa\u017cne s\u0105 dekoracje \u015bcienne, w stylu skandynawskim r\u00f3wnie\u017c. Dlatego prezentujemy najpi\u0119kniejsze obrazy skandynawskie, dzi\u0119ki kt\u00f3rym wn\u0119trze b\u0119dzie \u017cywsze, wspanialsze, dopracowane w ka\u017cdym calu.<\/p>\n","protected":false},"author":27,"featured_media":27947,"comment_status":"closed","ping_status":"open","sticky":false,"template":"","format":"standard","meta":{"footnotes":""},"categories":[735,743,572],"tags":[],"aioseo_notices":[],"_links":{"self":[{"href":"https:\/\/www.brw.pl\/blog\/wp-json\/wp\/v2\/posts\/27946"}],"collection":[{"href":"https:\/\/www.brw.pl\/blog\/wp-json\/wp\/v2\/posts"}],"about":[{"href":"https:\/\/www.brw.pl\/blog\/wp-json\/wp\/v2\/types\/post"}],"author":[{"embeddable":true,"href":"https:\/\/www.brw.pl\/blog\/wp-json\/wp\/v2\/users\/27"}],"replies":[{"embeddable":true,"href":"https:\/\/www.brw.pl\/blog\/wp-json\/wp\/v2\/comments?post=27946"}],"version-history":[{"count":3,"href":"https:\/\/www.brw.pl\/blog\/wp-json\/wp\/v2\/posts\/27946\/revisions"}],"predecessor-version":[{"id":28927,"href":"https:\/\/www.brw.pl\/blog\/wp-json\/wp\/v2\/posts\/27946\/revisions\/28927"}],"wp:featuredmedia":[{"embeddable":true,"href":"https:\/\/www.brw.pl\/blog\/wp-json\/wp\/v2\/media\/27947"}],"wp:attachment":[{"href":"https:\/\/www.brw.pl\/blog\/wp-json\/wp\/v2\/media?parent=27946"}],"wp:term":[{"taxonomy":"category","embeddable":true,"href":"https:\/\/www.brw.pl\/blog\/wp-json\/wp\/v2\/categories?post=27946"},{"taxonomy":"post_tag","embeddable":true,"href":"https:\/\/www.brw.pl\/blog\/wp-json\/wp\/v2\/tags?post=27946"}],"curies":[{"name":"wp","href":"https:\/\/api.w.org\/{rel}","templated":true}]}}