{"id":28409,"date":"2022-11-25T15:22:22","date_gmt":"2022-11-25T14:22:22","guid":{"rendered":"https:\/\/www.brw.pl\/blog\/?p=28409"},"modified":"2023-04-29T19:15:34","modified_gmt":"2023-04-29T17:15:34","slug":"kuchnia-z-dwoma-oknami-aranzacje","status":"publish","type":"post","link":"https:\/\/www.brw.pl\/blog\/kuchnia-z-dwoma-oknami-aranzacje\/","title":{"rendered":"Kuchnia z dwoma oknami \u2013 aran\u017cacje"},"content":{"rendered":"<p><strong>Czy obecno\u015b\u0107 dw\u00f3ch okien w kuchni to du\u017cy problem? Najbardziej dokuczliwa w takim uk\u0142adzie jest konieczno\u015b\u0107 ograniczenia wisz\u0105cych szafek, skutkuj\u0105ca okrojon\u0105 przestrzeni\u0105 do przechowywania. Jak zaaran\u017cowa\u0107 kuchni\u0119 z dwoma oknami, \u017ceby by\u0142a stylowa i w pe\u0142ni <\/strong><strong>?<\/strong><\/p>\n<p><!--more--><\/p>\n<p><img decoding=\"async\" class=\"alignnone size-full wp-image-28371 lazyload\" data-src=\"https:\/\/www.brw.pl\/blog\/wp-content\/uploads\/2022\/11\/kuchnia-2-okna.jpg\" alt=\"Kuchnia z dwoma oknami\" width=\"1920\" height=\"1080\" data-srcset=\"https:\/\/www.brw.pl\/blog\/wp-content\/uploads\/2022\/11\/kuchnia-2-okna.jpg 1920w, https:\/\/www.brw.pl\/blog\/wp-content\/uploads\/2022\/11\/kuchnia-2-okna-800x450.jpg 800w, https:\/\/www.brw.pl\/blog\/wp-content\/uploads\/2022\/11\/kuchnia-2-okna-768x432.jpg 768w, https:\/\/www.brw.pl\/blog\/wp-content\/uploads\/2022\/11\/kuchnia-2-okna-1536x864.jpg 1536w\" data-sizes=\"(max-width: 1920px) 100vw, 1920px\" src=\"data:image\/svg+xml;base64,PHN2ZyB3aWR0aD0iMSIgaGVpZ2h0PSIxIiB4bWxucz0iaHR0cDovL3d3dy53My5vcmcvMjAwMC9zdmciPjwvc3ZnPg==\" style=\"--smush-placeholder-width: 1920px; --smush-placeholder-aspect-ratio: 1920\/1080;\" \/><\/p>\n<h2>Kuchnia z dwoma oknami \u2013 aran\u017cacyjne wyzwanie?<\/h2>\n<p>Urz\u0105dzenie kuchni z jednym oknem najcz\u0119\u015bciej nie stanowi \u017cadnego problemu. Co zrobi\u0107 w sytuacji, gdy jest ich wi\u0119cej w pomieszczeniu?<\/p>\n<p>Podczas planowania aran\u017cacji kuchni z dwoma oknami trzeba wzi\u0105\u0107 pod uwag\u0119:<\/p>\n<ul>\n<li>jej wielko\u015b\u0107,<\/li>\n<li>wymiary oraz usytuowanie okien (tj. na jakiej wysoko\u015bci si\u0119 znajduj\u0105, czy s\u0105 umieszczone na jednej, a mo\u017ce na dw\u00f3ch \u015bcianach?).<\/li>\n<\/ul>\n<p>Wymienione czynniki maj\u0105 najwi\u0119kszy wp\u0142yw na uk\u0142ad wn\u0119trza, a wi\u0119c decyduj\u0105 o rozmieszczeniu mebli.<\/p>\n<p>Okno w kuchni nie musi zajmowa\u0107 ca\u0142ej \u015bciany. W nowoczesnym budownictwie coraz cz\u0119\u015bciej pojawiaj\u0105 si\u0119 pod\u0142u\u017cne, w\u0105skie modele. Nie wp\u0142ywaj\u0105 na spos\u00f3b urz\u0105dzenia wn\u0119trza, gdy\u017c idealnie wype\u0142niaj\u0105 przestrze\u0144 pomi\u0119dzy szafkami z g\u00f3rnej i dolnej zabudowy.<\/p>\n<p>Jednak w wi\u0119kszo\u015bci mieszka\u0144 nadal wyst\u0119puj\u0105 okna o tradycyjnym kszta\u0142cie. W miejscach ich usytuowania nie da si\u0119 zawiesi\u0107 szafek. Mo\u017cna jedynie poprowadzi\u0107 pod nimi doln\u0105 zabudow\u0119.<\/p>\n<p><strong>Jak praktycznie urz\u0105dzi\u0107 kuchni\u0119 z dwoma oknami na jednej \u015bcianie? <\/strong>Co zrobi\u0107, gdy s\u0105 rozmieszczone w r\u00f3\u017cnych cz\u0119\u015bciach pomieszczenia? Tu przyda si\u0119 dobry plan.<\/p>\n<h2>Jak urz\u0105dzi\u0107 kuchni\u0119 z dwoma oknami?<\/h2>\n<p>Najwi\u0119ksz\u0105 zalet\u0105 kuchni z dwoma oknami jest du\u017ca ilo\u015b\u0107 \u015bwiat\u0142a dziennego, kt\u00f3re podnosi komfort jej codziennego u\u017cytkowania. To bardzo wygodna opcja dla os\u00f3b niskich czy z niepe\u0142nosprawno\u015bciami, np. poruszaj\u0105cych si\u0119 na w\u00f3zku inwalidzkim. Brak g\u00f3rnych szafek pozwala na swobodny dost\u0119p do wszystkich produkt\u00f3w dla wszystkich domownik\u00f3w. Dodatkowo wystr\u00f3j zaplanowany tylko z szafkami z dolnej zabudowy lub z ich przewag\u0105 b\u0119dzie dawa\u0142 wra\u017cenie wi\u0119kszej przestrzeni oraz optycznej lekko\u015bci. Nie psuj tego efektu, umieszczaj\u0105c w kuchni meble o ciemnym zabarwieniu. Najlepszy wyb\u00f3r do takiego wn\u0119trza stanowi\u0105 <strong>modu\u0142y w ponadczasowej bieli lub subtelnej szaro\u015bci.<\/strong><\/p>\n<p>W niewielkich pomieszczeniach znakomicie b\u0119d\u0105 sprawowa\u0142y si\u0119 meble z g\u0142adkimi frontami lub z frezowaniem u\u0142atwiaj\u0105cym ich otwarcie. Fronty typu ramiak to dobra propozycja do mieszkania w styli scandi z aneksem kuchennym.<\/p>\n<p>Redukcja g\u00f3rnej zabudowy nie obni\u017cy walor\u00f3w u\u017cytkowych Twojej kuchni, je\u015bli zdecydujesz si\u0119 na niewielkie, ale pojemne szafki stoj\u0105ce. Pami\u0119taj tylko, by zadba\u0107 o praktyczne organizery czy specjalne systemy zwi\u0119kszaj\u0105ce funkcjonalno\u015b\u0107 we wn\u0119trzu zabudowy kuchennej.<\/p>\n<p>Niew\u0105tpliwym atutem kuchni z dwoma oknami jest mo\u017cliwo\u015b\u0107 udekorowania parapet\u00f3w. Domowy zielnik lub kwiaty w <a href=\"https:\/\/www.brw.pl\/dekoracje\/donice\/kuchnia\/\" target=\"_blank\" rel=\"noopener noreferrer\">dekoracyjnych donicach<\/a> wprowadz\u0105 do niej szczypt\u0119 o\u017cywienia oraz prawdziwie domowe ciep\u0142o. Wn\u0119trze zyska na elegancji, gdy na parapecie pojawi si\u0119 szklany wazon, \u015bwiecznik lub lampion. Jasna kuchnia b\u0119dzie mia\u0142a wi\u0119cej wyrazu, je\u015bli zamiast szk\u0142a pojawi si\u0119 w niej kolorowa ceramika.<\/p>\n<h2>Kuchnia z dwoma oknami \u2013 aran\u017cacje<\/h2>\n<p>Zastanawiasz si\u0119, jak mo\u017cna umeblowa\u0107 kuchni\u0119 z dwoma oknami obok siebie i kaloryferami tu\u017c pod nimi? Grzejniki ograniczaj\u0105 mo\u017cliwo\u015b\u0107 zabudowy kuchennej tego miejsca. Mo\u017cna natomiast stworzy\u0107 w nim k\u0105cik jadalniany.<\/p>\n<p>W BRW znajdziesz zestaw, na kt\u00f3ry sk\u0142ada si\u0119 <strong>st\u00f3\u0142 Saldes<\/strong> z prostok\u0105tnym blatem umocowanym na smuk\u0142ych, metalowych nogach. Wygl\u0105da delikatnie, cho\u0107 jest naprawd\u0119 solidny. Jego uzupe\u0142nieniem s\u0105 4 <strong>krzes\u0142a Murilo<\/strong> z identyczn\u0105 podstaw\u0105 oraz kszta\u0142tnymi, tapicerowanymi siedziskami w kolorze szarym. Taki komplet nie zdominuje kuchni o niewielkim metra\u017cu, za to wprowadzi do niej komfort oraz dobry styl.<\/p>\n<div style=\"display: flex; align-items: center; justify-content: center; text-align: center;\">\n<figure id=\"attachment_25172\" aria-describedby=\"caption-attachment-25172\" style=\"width: 593px\" class=\"wp-caption alignnone\"><img decoding=\"async\" class=\"size-full wp-image-25172 lazyload\" data-src=\"https:\/\/www.brw.pl\/blog\/wp-content\/uploads\/2022\/07\/zestaw-saldes.jpg\" alt=\"Zestaw Saldes\" width=\"593\" height=\"445\" src=\"data:image\/svg+xml;base64,PHN2ZyB3aWR0aD0iMSIgaGVpZ2h0PSIxIiB4bWxucz0iaHR0cDovL3d3dy53My5vcmcvMjAwMC9zdmciPjwvc3ZnPg==\" style=\"--smush-placeholder-width: 593px; --smush-placeholder-aspect-ratio: 593\/445;\" \/><figcaption id=\"caption-attachment-25172\" class=\"wp-caption-text\"><a href=\"https:\/\/www.brw.pl\/zestaw-120-saldes,44820\" target=\"_blank\" rel=\"noopener noreferrer\">Zestaw Saldes<\/a><\/figcaption><\/figure>\n<\/div>\n<p>W trudne warunki kuchni z dwoma oknami \u015bwietnie wpisz\u0105 si\u0119 <a href=\"https:\/\/www.brw.pl\/meble\/meble-kuchenne\/\" target=\"_blank\" rel=\"noopener noreferrer\">meble kuchenne na wymiar<\/a>, cho\u0107 w\u015br\u00f3d gotowych <a href=\"https:\/\/www.brw.pl\/meble\/meble-kuchenne\/zestawy-kuchenne\/\" target=\"_blank\" rel=\"noopener noreferrer\">komplet\u00f3w<\/a> r\u00f3wnie\u017c uda Ci si\u0119 znale\u017a\u0107 co\u015b odpowiedniego dla Twojego wn\u0119trza. \u015acian\u0119 bez okien mo\u017cesz zagospodarowa\u0107 z wykorzystaniem <strong>kompletu Sole.<\/strong> Jest niewielki, ale za to bardzo funkcjonalny. Tworz\u0105 go szafki wisz\u0105ce oraz stoj\u0105ce o zr\u00f3\u017cnicowanej budowie. Na korzy\u015b\u0107 tego zestawu przemawia wyposa\u017cenie, kt\u00f3re stanowi m.in. blat kuchenny, o\u015bwietlenie LED oraz szuflada smartbox.<\/p>\n<div style=\"display: flex; align-items: center; justify-content: center; text-align: center;\">\n<figure id=\"attachment_28410\" aria-describedby=\"caption-attachment-28410\" style=\"width: 728px\" class=\"wp-caption alignnone\"><img decoding=\"async\" class=\"size-full wp-image-28410 lazyload\" data-src=\"https:\/\/www.brw.pl\/blog\/wp-content\/uploads\/2022\/11\/kuchnia-z-dwoma-oknami.jpg\" alt=\"kuchnia-z-dwoma-oknami\" width=\"728\" height=\"483\" src=\"data:image\/svg+xml;base64,PHN2ZyB3aWR0aD0iMSIgaGVpZ2h0PSIxIiB4bWxucz0iaHR0cDovL3d3dy53My5vcmcvMjAwMC9zdmciPjwvc3ZnPg==\" style=\"--smush-placeholder-width: 728px; --smush-placeholder-aspect-ratio: 728\/483;\" \/><figcaption id=\"caption-attachment-28410\" class=\"wp-caption-text\"><a href=\"https:\/\/www.brw.pl\/komplet-kuchenny-sole-260,37795\" target=\"_blank\" rel=\"noopener noreferrer\">Komplet kuchenny Sole<\/a><\/figcaption><\/figure>\n<\/div>\n<p>Dobrym sposobem na trudny uk\u0142ad okien (np. na dw\u00f3ch \u015bcianach) s\u0105 szafki z dolnej zabudowy uzupe\u0142nione o proste wisz\u0105ce <a href=\"https:\/\/www.brw.pl\/meble\/akcesoria-meblowe\/polki-meblowe\/\" target=\"_blank\" rel=\"noopener noreferrer\">p\u00f3\u0142ki<\/a>, na kt\u00f3rych mo\u017cna ustawi\u0107 pojemniki z przyprawami.<\/p>\n<p>W kuchni z dwoma oknami na jednej \u015bcianie mo\u017cna z powodzeniem zastosowa\u0107 zabudow\u0119 w kszta\u0142cie litery L. Polecamy Ci naro\u017cny komplet <strong>Top Line<\/strong> z du\u017cym blatem oraz szafkami do zabudowy sprz\u0119t\u00f3w AGD. Z nim uda Ci si\u0119 wype\u0142ni\u0107 trudny do zaaran\u017cowania k\u0105t. Minimalistyczna linia i kolorystyka mebli nie przyt\u0142oczy Twojego wn\u0119trza.<\/p>\n<div style=\"display: flex; align-items: center; justify-content: center; text-align: center;\">\n<figure id=\"attachment_22207\" aria-describedby=\"caption-attachment-22207\" style=\"width: 728px\" class=\"wp-caption alignnone\"><img decoding=\"async\" class=\"size-full wp-image-22207 lazyload\" data-src=\"https:\/\/www.brw.pl\/blog\/wp-content\/uploads\/2022\/02\/meble-kuchenne-Top-Line.jpg\" alt=\"Naro\u017cny komplet kuchenny Top Line\" width=\"728\" height=\"483\" src=\"data:image\/svg+xml;base64,PHN2ZyB3aWR0aD0iMSIgaGVpZ2h0PSIxIiB4bWxucz0iaHR0cDovL3d3dy53My5vcmcvMjAwMC9zdmciPjwvc3ZnPg==\" style=\"--smush-placeholder-width: 728px; --smush-placeholder-aspect-ratio: 728\/483;\" \/><figcaption id=\"caption-attachment-22207\" class=\"wp-caption-text\"><a href=\"https:\/\/www.brw.pl\/komplet-kuchenny-narozny-top-line,37546\" target=\"_blank\" rel=\"noopener noreferrer\">Naro\u017cny komplet kuchenny Top Line<\/a><\/figcaption><\/figure>\n<\/div>\n<p>Podobn\u0105 propozycj\u0119 stanowi Iris. W tym zestawie znajdziesz wysokie szafki kuchenne, kt\u00f3re mog\u0105 pe\u0142ni\u0107 funkcj\u0119 domowej spi\u017carni. Dzi\u0119ki nim zyskasz wi\u0119cej miejsca do przechowywania artyku\u0142\u00f3w spo\u017cywczych.<\/p>\n<p>Ten komplet, podobnie zreszt\u0105 jak Sole oraz Top Line, pochodzi z kolekcji <a href=\"https:\/\/www.brw.pl\/kuchnie_zestawy\/kolekcja-kuchnie-family-line\/\" target=\"_blank\" rel=\"noopener noreferrer\">Family Line<\/a>. To system modu\u0142owy, a to oznacza, \u017ce ka\u017cdy pochodz\u0105cy z niego zestaw mebli mo\u017cna w razie potrzeby rozbudowa\u0107 o kilka dodatkowych element\u00f3w.<\/p>\n<p>Przejd\u017a do artyku\u0142u: <a href=\"https:\/\/www.brw.pl\/blog\/ukryta-spizarnia-w-kuchni-sposob-na-funkcjonalna-przestrzen\/\" target=\"_blank\" rel=\"noopener noreferrer\">&#8222;Ukryta spi\u017carnia w kuchni \u2014 spos\u00f3b na funkcjonaln\u0105 przestrze\u0144&#8221;<\/a>.<\/p>\n<div style=\"display: flex; align-items: center; justify-content: center; text-align: center;\">\n<figure id=\"attachment_22209\" aria-describedby=\"caption-attachment-22209\" style=\"width: 728px\" class=\"wp-caption alignnone\"><img decoding=\"async\" class=\"size-full wp-image-22209 lazyload\" data-src=\"https:\/\/www.brw.pl\/blog\/wp-content\/uploads\/2022\/02\/Meble-kuchenne-Iris.jpg\" alt=\"Naro\u017cny komplet kuchenny Iris\" width=\"728\" height=\"483\" src=\"data:image\/svg+xml;base64,PHN2ZyB3aWR0aD0iMSIgaGVpZ2h0PSIxIiB4bWxucz0iaHR0cDovL3d3dy53My5vcmcvMjAwMC9zdmciPjwvc3ZnPg==\" style=\"--smush-placeholder-width: 728px; --smush-placeholder-aspect-ratio: 728\/483;\" \/><figcaption id=\"caption-attachment-22209\" class=\"wp-caption-text\"><a href=\"https:\/\/www.brw.pl\/komplet-kuchenny-narozny-iris,37956\" target=\"_blank\" rel=\"noopener noreferrer\">Naro\u017cny komplet kuchenny Iris<\/a><\/figcaption><\/figure>\n<\/div>\n<p>Wa\u017cnym elementem wystroju kuchennego jest <strong>o\u015bwietlenie<\/strong>. Podnosi wygod\u0119 wykonywania rozmaitych prac kuchennych, a przy okazji pomaga podkre\u015bli\u0107 stylistyk\u0119 panuj\u0105c\u0105 w kuchni. To bardzo cenna mo\u017cliwo\u015b\u0107, gdy\u017c w tym akurat pomieszczeniu nie ma zbyt wiele miejsca na bibeloty.<\/p>\n<div style=\"display: flex; align-items: center; justify-content: center; text-align: center;\">\n<figure id=\"attachment_28412\" aria-describedby=\"caption-attachment-28412\" style=\"width: 500px\" class=\"wp-caption alignnone\"><img decoding=\"async\" class=\"size-full wp-image-28412 lazyload\" data-src=\"https:\/\/www.brw.pl\/blog\/wp-content\/uploads\/2022\/11\/jak-urzadzic-kuchnie-z-dwoma-oknami.jpg\" alt=\"Lampa wisz\u0105ca Dorado\" width=\"500\" height=\"375\" src=\"data:image\/svg+xml;base64,PHN2ZyB3aWR0aD0iMSIgaGVpZ2h0PSIxIiB4bWxucz0iaHR0cDovL3d3dy53My5vcmcvMjAwMC9zdmciPjwvc3ZnPg==\" style=\"--smush-placeholder-width: 500px; --smush-placeholder-aspect-ratio: 500\/375;\" \/><figcaption id=\"caption-attachment-28412\" class=\"wp-caption-text\"><a href=\"https:\/\/www.brw.pl\/lampa-wiszaca-dorado,48109\" target=\"_blank\" rel=\"noopener noreferrer\">Lampa wisz\u0105ca Dorado<\/a><\/figcaption><\/figure>\n<figure id=\"attachment_28411\" aria-describedby=\"caption-attachment-28411\" style=\"width: 500px\" class=\"wp-caption alignnone\"><img decoding=\"async\" class=\"size-full wp-image-28411 lazyload\" data-src=\"https:\/\/www.brw.pl\/blog\/wp-content\/uploads\/2022\/11\/kuchnia-z-dwoma-oknami-aranzacja.jpg\" alt=\"Lampa wisz\u0105ca Axis\" width=\"500\" height=\"376\" src=\"data:image\/svg+xml;base64,PHN2ZyB3aWR0aD0iMSIgaGVpZ2h0PSIxIiB4bWxucz0iaHR0cDovL3d3dy53My5vcmcvMjAwMC9zdmciPjwvc3ZnPg==\" style=\"--smush-placeholder-width: 500px; --smush-placeholder-aspect-ratio: 500\/376;\" \/><figcaption id=\"caption-attachment-28411\" class=\"wp-caption-text\"><a href=\"https:\/\/www.brw.pl\/lampa-wiszaca-axis,25533\" target=\"_blank\" rel=\"noopener noreferrer\">Lampa wisz\u0105ca Axis<\/a><\/figcaption><\/figure>\n<\/div>\n<p>Lampa Axis dzi\u0119ki ods\u0142oni\u0119tym \u017car\u00f3wkom dostarczy Ci odpowiedni\u0105 ilo\u015b\u0107 \u015bwiat\u0142a po zmroku. Ciekawy uk\u0142ad jej ramion oraz ich ciemne zabarwienie ze z\u0142otym wyko\u0144czeniem sprawi, \u017ce \u00a0wn\u0119trze zdob\u0119dzie mocny akcent, kt\u00f3ry b\u0119dzie przykuwa\u0142 wzrok.<\/p>\n<p>Nie jeste\u015b wielkim fanem surowych, przemys\u0142owych klimat\u00f3w? Wybierz lamp\u0119 o designerskiej formie z kulistymi, szklanymi os\u0142onkami.<\/p>\n<p><strong>Na poszukiwania <\/strong><a href=\"https:\/\/www.brw.pl\/meble\/meble-kuchenne\/zestawy-kuchenne\/\" target=\"_blank\" rel=\"noopener noreferrer\"><strong>mebli kuchennych<\/strong><\/a><strong>, <\/strong><a href=\"https:\/\/www.brw.pl\/lampy-wiszace\/\/kuchnia\/\" target=\"_blank\" rel=\"noopener noreferrer\"><strong>o\u015bwietlenia<\/strong><\/a><strong> i <\/strong><a href=\"https:\/\/www.brw.pl\/dekoracje\/kuchnia\/\" target=\"_blank\" rel=\"noopener noreferrer\"><strong>dodatk\u00f3w<\/strong><\/a> <strong>do Twojej kuchni<\/strong> <strong>zapraszamy do <\/strong><a href=\"https:\/\/www.brw.pl\/\" target=\"_blank\" rel=\"noopener noreferrer\"><strong>sklepu internetowego BRW<\/strong><\/a>.<\/p>\n","protected":false},"excerpt":{"rendered":"<p>Czy obecno\u015b\u0107 dw\u00f3ch okien w kuchni to du\u017cy problem? Najbardziej dokuczliwa w takim uk\u0142adzie jest konieczno\u015b\u0107 ograniczenia wisz\u0105cych szafek, skutkuj\u0105ca okrojon\u0105 przestrzeni\u0105 do przechowywania. Jak zaaran\u017cowa\u0107 kuchni\u0119 z dwoma oknami, \u017ceby by\u0142a stylowa i w pe\u0142ni ?<\/p>\n","protected":false},"author":18,"featured_media":28371,"comment_status":"closed","ping_status":"open","sticky":false,"template":"","format":"standard","meta":{"footnotes":""},"categories":[39,26],"tags":[],"aioseo_notices":[],"_links":{"self":[{"href":"https:\/\/www.brw.pl\/blog\/wp-json\/wp\/v2\/posts\/28409"}],"collection":[{"href":"https:\/\/www.brw.pl\/blog\/wp-json\/wp\/v2\/posts"}],"about":[{"href":"https:\/\/www.brw.pl\/blog\/wp-json\/wp\/v2\/types\/post"}],"author":[{"embeddable":true,"href":"https:\/\/www.brw.pl\/blog\/wp-json\/wp\/v2\/users\/18"}],"replies":[{"embeddable":true,"href":"https:\/\/www.brw.pl\/blog\/wp-json\/wp\/v2\/comments?post=28409"}],"version-history":[{"count":2,"href":"https:\/\/www.brw.pl\/blog\/wp-json\/wp\/v2\/posts\/28409\/revisions"}],"predecessor-version":[{"id":31805,"href":"https:\/\/www.brw.pl\/blog\/wp-json\/wp\/v2\/posts\/28409\/revisions\/31805"}],"wp:featuredmedia":[{"embeddable":true,"href":"https:\/\/www.brw.pl\/blog\/wp-json\/wp\/v2\/media\/28371"}],"wp:attachment":[{"href":"https:\/\/www.brw.pl\/blog\/wp-json\/wp\/v2\/media?parent=28409"}],"wp:term":[{"taxonomy":"category","embeddable":true,"href":"https:\/\/www.brw.pl\/blog\/wp-json\/wp\/v2\/categories?post=28409"},{"taxonomy":"post_tag","embeddable":true,"href":"https:\/\/www.brw.pl\/blog\/wp-json\/wp\/v2\/tags?post=28409"}],"curies":[{"name":"wp","href":"https:\/\/api.w.org\/{rel}","templated":true}]}}