{"id":28661,"date":"2022-12-12T16:25:30","date_gmt":"2022-12-12T15:25:30","guid":{"rendered":"https:\/\/www.brw.pl\/blog\/?p=28661"},"modified":"2023-05-01T15:26:00","modified_gmt":"2023-05-01T13:26:00","slug":"fotel-w-salonie-aranzacje-z-black-red-white","status":"publish","type":"post","link":"https:\/\/www.brw.pl\/blog\/fotel-w-salonie-aranzacje-z-black-red-white\/","title":{"rendered":"Fotel w salonie \u2013 aran\u017cacje z Black Red White!"},"content":{"rendered":"<p><strong>Nawet najbardziej niepozorny mebel mo\u017ce skrywa\u0107 w sobie ogromny potencja\u0142. Fotel, cho\u0107 jeszcze kilka dekad temu stanowi\u0142 obowi\u0105zkowy element typowego zestawu wypoczynkowego, dzi\u015b jest modnym akcentem podkr\u0119caj\u0105cym aran\u017cacj\u0119 salonu. Wygodny fotel bujany, klasyczny uszak, a mo\u017ce roz\u0142o\u017cysty model w stylu glamour? Postaw na fotel, dzi\u0119ki kt\u00f3remu wystr\u00f3j Twojego wn\u0119trza nabierze charakteru.<\/strong><!--more--><\/p>\n<h2><img decoding=\"async\" class=\"aligncenter size-medium wp-image-28671 lazyload\" data-src=\"https:\/\/www.brw.pl\/blog\/wp-content\/uploads\/2022\/12\/Fotel-w-salonie-800x533.jpg\" alt=\"Fotel w salonie\" width=\"800\" height=\"533\" data-srcset=\"https:\/\/www.brw.pl\/blog\/wp-content\/uploads\/2022\/12\/Fotel-w-salonie-800x533.jpg 800w, https:\/\/www.brw.pl\/blog\/wp-content\/uploads\/2022\/12\/Fotel-w-salonie-768x512.jpg 768w, https:\/\/www.brw.pl\/blog\/wp-content\/uploads\/2022\/12\/Fotel-w-salonie-1536x1024.jpg 1536w, https:\/\/www.brw.pl\/blog\/wp-content\/uploads\/2022\/12\/Fotel-w-salonie.jpg 1620w\" data-sizes=\"(max-width: 800px) 100vw, 800px\" src=\"data:image\/svg+xml;base64,PHN2ZyB3aWR0aD0iMSIgaGVpZ2h0PSIxIiB4bWxucz0iaHR0cDovL3d3dy53My5vcmcvMjAwMC9zdmciPjwvc3ZnPg==\" style=\"--smush-placeholder-width: 800px; --smush-placeholder-aspect-ratio: 800\/533;\" \/><\/h2>\n<h2><strong>Fotel w salonie, czyli spos\u00f3b na stylow\u0105 aran\u017cacj\u0119 wn\u0119trza!<\/strong><\/h2>\n<p>Urz\u0105dzaj\u0105c k\u0105cik wypoczynkowy w salonie, zazwyczaj koncentrujemy si\u0119 na tym, by jego centraln\u0105 cz\u0119\u015b\u0107 zajmowa\u0142 <a href=\"https:\/\/www.brw.pl\/meble\/meble-wypoczynkowe\/narozniki\/\" target=\"_blank\" rel=\"noopener noreferrer\">naro\u017cnik<\/a> lub <a href=\"https:\/\/www.brw.pl\/meble\/meble-wypoczynkowe\/sofy\/\" target=\"_blank\" rel=\"noopener noreferrer\">sofa<\/a>, najcz\u0119\u015bciej w komplecie ze stolikiem kawowym czy \u0142aw\u0105. <strong>Tymczasem w nowoczesnym salonie nie mo\u017ce zabrakn\u0105\u0107 r\u00f3wnie\u017c fotela<\/strong>! Ten stylowy mebel o wielu zastosowaniach doskonale odnajduje si\u0119 w dziennej strefie relaksu, w kt\u00f3rej domownicy spotykaj\u0105 si\u0119 przy kawie i odpoczywaj\u0105 po ci\u0119\u017ckim dniu. Jakie s\u0105 jego zalety?<\/p>\n<p>Warto zdawa\u0107 sobie spraw\u0119, \u017ce fotel \u015bwietnie sprawdzi si\u0119 w przestronnych wn\u0119trzach wymagaj\u0105cych optycznego wype\u0142nienia przestrzeni, jednak nie mniej oryginalnie zaprezentuje si\u0119 w salonie o mniejszej powierzchni. To niezwykle praktyczny mebel, kt\u00f3ry przyda si\u0119 na wypadek wizyty go\u015bci, oferuj\u0105c dodatkowe miejsce do siedzenia. Co wi\u0119cej, <strong>fotel, ze wzgl\u0119du na swoj\u0105 lekko\u015b\u0107 i mobilno\u015b\u0107, nie musi zajmowa\u0107 sta\u0142ej pozycji w aran\u017cacji<\/strong>. W razie potrzeby bez trudu przesuniesz go w inn\u0105 cz\u0119\u015b\u0107 pokoju czy wyniesiesz do drugiego pomieszczenia. Fotel w salonie jest wi\u0119c idealn\u0105 opcj\u0105 dla rodzin, os\u00f3b towarzyskich oraz fan\u00f3w stylowych rozwi\u0105za\u0144.<\/p>\n<p>Fotele wspaniale uzupe\u0142niaj\u0105 aran\u017cacje cz\u0119\u015bci wypoczynkowej, stanowi\u0105c w niej modny, dekoracyjny akcent. <strong>Mog\u0105<\/strong> <strong>podkre\u015bla\u0107 styl pozosta\u0142ych mebli, wzmacniaj\u0105c po\u017c\u0105dany efekt, lub przeciwnie \u2013 by\u0107 zaskakuj\u0105cym kontrapunktem, kt\u00f3ry o\u017cywia wn\u0119trze<\/strong>. Fotele tworz\u0105 zgrany zestaw z sof\u0105 lub naro\u017cnikiem oraz stolikiem kawowym. Tak urz\u0105dzony k\u0105cik mo\u017ce znale\u017a\u0107 si\u0119 w ka\u017cdym stylowym salonie!<\/p>\n<h2><strong>Jaki fotel do salonu wybra\u0107?<\/strong><\/h2>\n<p><span data-color=\"rgb(248, 250, 251)\">Zastanawiasz si\u0119, jaki <a href=\"https:\/\/www.brw.pl\/meble\/meble-wypoczynkowe\/fotele\/salon-jadalnia\/\" target=\"_blank\" rel=\"noopener noreferrer\">fotel do salonu<\/a> b\u0119dzie najlepszy? Wiele zale\u017cy od tego, w jakim stylu urz\u0105dzony jest Tw\u00f3j pok\u00f3j dzienny. Inny model sprawdzi si\u0119 w salonie w stylu nowoczesnym, inny za\u015b zagra we wn\u0119trzu z rysem scandi boho. Nie bez znaczenia pozostaje r\u00f3wnie\u017c wielko\u015b\u0107 pomieszczenia. <\/span><strong><span data-color=\"rgb(248, 250, 251)\">Minimalistyczne fotele w jasnych odcieniach to idealna propozycja do niewielkiej strefy dziennej<\/span><\/strong><span data-color=\"rgb(248, 250, 251)\">, w kt\u00f3rej przemy\u015blany wystr\u00f3j musi i\u015b\u0107 w parze z funkcjonalno\u015bci\u0105 wn\u0119trza. Z kolei wytworne modele o roz\u0142o\u017cystym kszta\u0142cie i licznych zdobieniach b\u0119d\u0105 strza\u0142em w dziesi\u0105tk\u0119, je\u015bli zagoszcz\u0105 w przestronnym salonie urz\u0105dzonym z rozmachem.<\/span><\/p>\n<p>Jaki powinien by\u0107 fotel do salonu? Przede wszystkim wygodny! Zwr\u00f3\u0107 uwag\u0119 na kszta\u0142t mebla: do wyboru masz mi\u0119dzy innymi fotele uszaki z wysokim oparciem i zaokr\u0105glonymi pod\u0142okietnikami, eleganckie niskie fotele czy oryginalne modele w stylu wiktoria\u0144skim. <strong>Dobrze, aby fotel przeznaczony do u\u017cytkowania w strefie wypoczynkowej mia\u0142 szerokie siedzisko i dobrze wyprofilowane oparcie<\/strong>. W\u00f3wczas z przyjemno\u015bci\u0105 rozsi\u0105dziesz si\u0119 w nim z ulubion\u0105 lektur\u0105, relaksuj\u0105c si\u0119 po d\u0142ugim i wyczerpuj\u0105cym dniu.<\/p>\n<p>Kszta\u0142t fotela to jednak nie wszystko. Liczy si\u0119 r\u00f3wnie\u017c kolor i wz\u00f3r tkaniny obiciowej. Obecnie modne s\u0105 nie tylko jednolite obicia, lecz tak\u017ce wielobarwne, pokryte bajecznym printem lub zaprojektowane w technice patchwork.<\/p>\n<p>Pami\u0119taj, \u017ce wybrany przez Ciebie <strong>fotel nie musi by\u0107 taki sam jak reszta zestawu wypoczynkowego<\/strong>! Nic nie stoi na przeszkodzie, by do be\u017cowej sofy dopasowa\u0107 kolorowy fotel lub odwrotnie. Taki zabieg stylistyczny to \u015bwietny spos\u00f3b na stworzenie aran\u017cacji z biglem! Je\u017celi wci\u0105\u017c szukasz idealnego modelu do swojego salonu, mamy dla Ciebie kilka propozycji. Kt\u00f3ra z nich przypadnie Ci do gustu?<\/p>\n<h3>Fotel do salonu w stylu retro<\/h3>\n<p>Stylistyka retro z nowoczesn\u0105 nut\u0105 to Twoje klimaty? W takim razie z pewno\u015bci\u0105 spodoba Ci si\u0119 <strong>fotel Ragit<\/strong> w intensywnym granatowym kolorze. Zaokr\u0105glone oparcie, pr\u0105\u017ckowana tkanina oraz smuk\u0142e drewniane n\u00f3\u017cki to g\u0142\u00f3wne wyr\u00f3\u017cniki mebla. Lekka sylwetka fotela sprawia, \u017ce jest on odpowiednim kandydatem do niewielkich wn\u0119trz, w kt\u00f3rych barwne detale graj\u0105 pierwsze skrzypce.<\/p>\n<p>Innym projektem nawi\u0105zuj\u0105cym do estetyki minionych dekad jest <strong>fotel Rimi <\/strong>w odcieniu butelkowej zieleni. Mi\u0119kkie poduchy oparciowe i geometryczny kszta\u0142t czyni\u0105 z niego mebel, w kt\u00f3rym zasi\u0105dziesz wygodnie do popo\u0142udniowej kawy i nie tylko. Fotel dope\u0142ni k\u0105cik relaksu z drewnianym stolikiem kawowym i sofami w tym samym stylu.<\/p>\n<div style=\"display: flex; align-items: center; justify-content: center; text-align: center;\">\n<figure id=\"attachment_28673\" aria-describedby=\"caption-attachment-28673\" style=\"width: 300px\" class=\"wp-caption aligncenter\"><img decoding=\"async\" class=\"wp-image-28673 lazyload\" data-src=\"https:\/\/www.brw.pl\/blog\/wp-content\/uploads\/2022\/12\/Fotel-Ragit.jpg\" alt=\"Fotel Ragit\" width=\"300\" height=\"225\" src=\"data:image\/svg+xml;base64,PHN2ZyB3aWR0aD0iMSIgaGVpZ2h0PSIxIiB4bWxucz0iaHR0cDovL3d3dy53My5vcmcvMjAwMC9zdmciPjwvc3ZnPg==\" style=\"--smush-placeholder-width: 300px; --smush-placeholder-aspect-ratio: 300\/225;\" \/><figcaption id=\"caption-attachment-28673\" class=\"wp-caption-text\"><a href=\"https:\/\/www.brw.pl\/fotel-ragit,43653\" target=\"_blank\" rel=\"noopener noreferrer\"><span style=\"font-weight: 400;\">Fotel Ragit<\/span><\/a><\/figcaption><\/figure>\n<figure id=\"attachment_28674\" aria-describedby=\"caption-attachment-28674\" style=\"width: 300px\" class=\"wp-caption aligncenter\"><img decoding=\"async\" class=\"wp-image-28674 lazyload\" data-src=\"https:\/\/www.brw.pl\/blog\/wp-content\/uploads\/2022\/12\/Fotel-Rimi.jpg\" alt=\"Fotel Rimi\" width=\"300\" height=\"225\" src=\"data:image\/svg+xml;base64,PHN2ZyB3aWR0aD0iMSIgaGVpZ2h0PSIxIiB4bWxucz0iaHR0cDovL3d3dy53My5vcmcvMjAwMC9zdmciPjwvc3ZnPg==\" style=\"--smush-placeholder-width: 300px; --smush-placeholder-aspect-ratio: 300\/225;\" \/><figcaption id=\"caption-attachment-28674\" class=\"wp-caption-text\"><a href=\"https:\/\/www.brw.pl\/fotel-rimi,45744\" target=\"_blank\" rel=\"noopener noreferrer\"><span style=\"font-weight: 400;\">Fotel Rimi<\/span><\/a><\/figcaption><\/figure>\n<\/div>\n<h3>Wzorzysty fotel <strong>\u2013<\/strong> numer jeden w eleganckim salonie<\/h3>\n<p>Marzy Ci si\u0119 salon inny ni\u017c wszystkie? Wzorzyste <strong>fotele takie jak Noja czy Geta<\/strong> daj\u0105 mo\u017cliwo\u015b\u0107 aran\u017cowania wn\u0119trz z fantazj\u0105 godn\u0105 prawdziwego artysty. Barwna tapicerka i zaokr\u0105glona linia mebli podkre\u015blaj\u0105 elegancki charakter tych projekt\u00f3w. B\u0119d\u0105 wy\u015bmienitym dodatkiem do eleganckiego salonu utrzymanego w ciemnych kolorach.<\/p>\n<div style=\"display: flex; align-items: center; justify-content: center; text-align: center;\">\n<figure id=\"attachment_28677\" aria-describedby=\"caption-attachment-28677\" style=\"width: 300px\" class=\"wp-caption aligncenter\"><img decoding=\"async\" class=\"wp-image-28677 lazyload\" data-src=\"https:\/\/www.brw.pl\/blog\/wp-content\/uploads\/2022\/12\/Fotel-Noja.jpg\" alt=\"Fotel Noja\" width=\"300\" height=\"225\" src=\"data:image\/svg+xml;base64,PHN2ZyB3aWR0aD0iMSIgaGVpZ2h0PSIxIiB4bWxucz0iaHR0cDovL3d3dy53My5vcmcvMjAwMC9zdmciPjwvc3ZnPg==\" style=\"--smush-placeholder-width: 300px; --smush-placeholder-aspect-ratio: 300\/225;\" \/><figcaption id=\"caption-attachment-28677\" class=\"wp-caption-text\"><a href=\"https:\/\/www.brw.pl\/fotel-noja,43222\" target=\"_blank\" rel=\"noopener noreferrer\"><span style=\"font-weight: 400;\">Fotel Noja<\/span><\/a><\/figcaption><\/figure>\n<figure id=\"attachment_28676\" aria-describedby=\"caption-attachment-28676\" style=\"width: 300px\" class=\"wp-caption aligncenter\"><img decoding=\"async\" class=\"wp-image-28676 lazyload\" data-src=\"https:\/\/www.brw.pl\/blog\/wp-content\/uploads\/2022\/12\/Fotel-Geta1.jpg\" alt=\"Fotel Geta\" width=\"300\" height=\"225\" src=\"data:image\/svg+xml;base64,PHN2ZyB3aWR0aD0iMSIgaGVpZ2h0PSIxIiB4bWxucz0iaHR0cDovL3d3dy53My5vcmcvMjAwMC9zdmciPjwvc3ZnPg==\" style=\"--smush-placeholder-width: 300px; --smush-placeholder-aspect-ratio: 300\/225;\" \/><figcaption id=\"caption-attachment-28676\" class=\"wp-caption-text\"><a href=\"https:\/\/www.brw.pl\/fotel-geta,43291\" target=\"_blank\" rel=\"noopener noreferrer\"><span style=\"font-weight: 400;\">Fotel Geta<\/span><\/a><\/figcaption><\/figure>\n<\/div>\n<h3>Fotel uszak do klasycznego salonu<\/h3>\n<p>Ogromn\u0105 zalet\u0105 foteli typu uszak jest ich ponadczasowy charakter. Uszaki nigdy nie wychodz\u0105 z mody, dlatego sprawdzaj\u0105 si\u0119 we wn\u0119trzach urz\u0105dzanych z my\u015bl\u0105 o uniwersalnym wystroju. <strong>Fotel Ezio<\/strong> w subtelnym be\u017cowym wybarwieniu z powodzeniem mo\u017ce zago\u015bci\u0107 w salonach w stylu klasycznej elegancji. Spodoba si\u0119 osobom doceniaj\u0105cym przytulne aran\u017cacje pe\u0142ne mi\u0119kkich tkanin i funkcjonalnych rozwi\u0105za\u0144. Chcesz cieszy\u0107 si\u0119 jeszcze wi\u0119kszym komfortem? Wybierz fotel z podn\u00f3\u017ckiem, dzi\u0119ki kt\u00f3remu osi\u0105gniesz maksimum wygody.<\/p>\n<div style=\"display: flex; align-items: center; justify-content: center; text-align: center;\">\n<figure id=\"attachment_28678\" aria-describedby=\"caption-attachment-28678\" style=\"width: 500px\" class=\"wp-caption aligncenter\"><img decoding=\"async\" class=\"wp-image-28678 lazyload\" data-src=\"https:\/\/www.brw.pl\/blog\/wp-content\/uploads\/2022\/12\/Fotel-Ezio.jpg\" alt=\"Fotel Ezio\" width=\"500\" height=\"375\" src=\"data:image\/svg+xml;base64,PHN2ZyB3aWR0aD0iMSIgaGVpZ2h0PSIxIiB4bWxucz0iaHR0cDovL3d3dy53My5vcmcvMjAwMC9zdmciPjwvc3ZnPg==\" style=\"--smush-placeholder-width: 500px; --smush-placeholder-aspect-ratio: 500\/375;\" \/><figcaption id=\"caption-attachment-28678\" class=\"wp-caption-text\"><a href=\"https:\/\/www.brw.pl\/fotel-uszak-ezio-welurowy-bezowy,48839\" target=\"_blank\" rel=\"noopener noreferrer\"><span style=\"font-weight: 400;\">Fotel Ezio<\/span><\/a><\/figcaption><\/figure>\n<\/div>\n<h3>\u017b\u00f3\u0142ty fotel <strong>\u2013<\/strong> barwny akcent w nowoczesnym pokoju dziennym<\/h3>\n<p>Mebel w wyrazistym kolorze to doskona\u0142y spos\u00f3b na szybk\u0105, ale i efektown\u0105 metamorfoz\u0119 salonu. <strong>Fotel Dozza<\/strong> wprowadzi do pokoju dziennego zar\u00f3wno modn\u0105 barw\u0119, jak i stylowy print. Dzi\u0119ki temu wn\u0119trze b\u0119dzie t\u0119tni\u0107 \u017cyciem nie tylko podczas rodzinnych imprez.<\/p>\n<div style=\"display: flex; align-items: center; justify-content: center; text-align: center;\">\n<figure id=\"attachment_28679\" aria-describedby=\"caption-attachment-28679\" style=\"width: 500px\" class=\"wp-caption aligncenter\"><img decoding=\"async\" class=\"wp-image-28679 lazyload\" data-src=\"https:\/\/www.brw.pl\/blog\/wp-content\/uploads\/2022\/12\/Fotel-Dozza.jpg\" alt=\"Fotel Dozza\" width=\"500\" height=\"375\" src=\"data:image\/svg+xml;base64,PHN2ZyB3aWR0aD0iMSIgaGVpZ2h0PSIxIiB4bWxucz0iaHR0cDovL3d3dy53My5vcmcvMjAwMC9zdmciPjwvc3ZnPg==\" style=\"--smush-placeholder-width: 500px; --smush-placeholder-aspect-ratio: 500\/375;\" \/><figcaption id=\"caption-attachment-28679\" class=\"wp-caption-text\"><a href=\"https:\/\/www.brw.pl\/fotel-dozza,41428\" target=\"_blank\" rel=\"noopener noreferrer\"><span style=\"font-weight: 400;\">Fotel Dozza<\/span><\/a><\/figcaption><\/figure>\n<\/div>\n<h2><strong>Fotel w salonie \u2013 aran\u017cacje<\/strong><\/h2>\n<p>Nie masz pomys\u0142u na ciekaw\u0105 aran\u017cacj\u0119 z fotelem w salonie? Sprawd\u017a propozycje od Black Red White i zainspiruj si\u0119 do zmian w wielkim stylu!<\/p>\n<div style=\"display: flex; align-items: center; justify-content: center; text-align: center;\">\n<figure id=\"attachment_28680\" aria-describedby=\"caption-attachment-28680\" style=\"width: 800px\" class=\"wp-caption aligncenter\"><img decoding=\"async\" class=\"wp-image-28680 size-medium lazyload\" data-src=\"https:\/\/www.brw.pl\/blog\/wp-content\/uploads\/2022\/12\/Holten_ar_01-800x527.jpg\" alt=\"Fotel Casey w aran\u017cacji salonu\" width=\"800\" height=\"527\" data-srcset=\"https:\/\/www.brw.pl\/blog\/wp-content\/uploads\/2022\/12\/Holten_ar_01-800x527.jpg 800w, https:\/\/www.brw.pl\/blog\/wp-content\/uploads\/2022\/12\/Holten_ar_01-768x506.jpg 768w, https:\/\/www.brw.pl\/blog\/wp-content\/uploads\/2022\/12\/Holten_ar_01-1536x1012.jpg 1536w, https:\/\/www.brw.pl\/blog\/wp-content\/uploads\/2022\/12\/Holten_ar_01.jpg 1639w\" data-sizes=\"(max-width: 800px) 100vw, 800px\" src=\"data:image\/svg+xml;base64,PHN2ZyB3aWR0aD0iMSIgaGVpZ2h0PSIxIiB4bWxucz0iaHR0cDovL3d3dy53My5vcmcvMjAwMC9zdmciPjwvc3ZnPg==\" style=\"--smush-placeholder-width: 800px; --smush-placeholder-aspect-ratio: 800\/527;\" \/><figcaption id=\"caption-attachment-28680\" class=\"wp-caption-text\"><a href=\"https:\/\/www.brw.pl\/fotel-casey,31390\" target=\"_blank\" rel=\"noopener noreferrer\"><span style=\"font-weight: 400;\">Fotel Casey<\/span><\/a><b> w aran\u017cacji salonu<\/b><\/figcaption><\/figure>\n<\/div>\n<p>Posiadaczom niewielkich przestrzeni mieszkalnych polecamy aran\u017cacje, kt\u00f3re wprowadz\u0105 do wn\u0119trza wra\u017cenie lekko\u015bci i harmonii. Jasna kolorystyka, eleganckie materia\u0142y i oszcz\u0119dno\u015b\u0107 w dobieraniu dodatk\u00f3w to w tym przypadku klucz do sukcesu! <strong>Butelkowozielony fotel z wysokim oparciem i ozdobnym pikowaniem pozwala cieszy\u0107 si\u0119 wyrazistym kolorem nawet w ma\u0142ym pokoju dziennym<\/strong>. W po\u0142\u0105czeniu z pastelowym pufem i geometrycznym stolikiem tworzy zaciszny k\u0105cik do czytania.<\/p>\n<div style=\"display: flex; align-items: center; justify-content: center; text-align: center;\">\n<figure id=\"attachment_28681\" aria-describedby=\"caption-attachment-28681\" style=\"width: 800px\" class=\"wp-caption aligncenter\"><img decoding=\"async\" class=\"wp-image-28681 size-medium lazyload\" data-src=\"https:\/\/www.brw.pl\/blog\/wp-content\/uploads\/2022\/12\/S472_Sawira_dzienny_ar9-800x534.jpg\" alt=\"Fotel Cloe w aran\u017cacji salonu\" width=\"800\" height=\"534\" data-srcset=\"https:\/\/www.brw.pl\/blog\/wp-content\/uploads\/2022\/12\/S472_Sawira_dzienny_ar9-800x534.jpg 800w, https:\/\/www.brw.pl\/blog\/wp-content\/uploads\/2022\/12\/S472_Sawira_dzienny_ar9-768x512.jpg 768w, https:\/\/www.brw.pl\/blog\/wp-content\/uploads\/2022\/12\/S472_Sawira_dzienny_ar9-1536x1025.jpg 1536w, https:\/\/www.brw.pl\/blog\/wp-content\/uploads\/2022\/12\/S472_Sawira_dzienny_ar9.jpg 1619w\" data-sizes=\"(max-width: 800px) 100vw, 800px\" src=\"data:image\/svg+xml;base64,PHN2ZyB3aWR0aD0iMSIgaGVpZ2h0PSIxIiB4bWxucz0iaHR0cDovL3d3dy53My5vcmcvMjAwMC9zdmciPjwvc3ZnPg==\" style=\"--smush-placeholder-width: 800px; --smush-placeholder-aspect-ratio: 800\/534;\" \/><figcaption id=\"caption-attachment-28681\" class=\"wp-caption-text\"><a href=\"https:\/\/www.brw.pl\/fotel-cloe,48817\" target=\"_blank\" rel=\"noopener noreferrer\"><span style=\"font-weight: 400;\">Fotel Cloe<\/span><\/a><b> w eleganckim pokoju dziennym<\/b><\/figcaption><\/figure>\n<\/div>\n<p>Je\u015bli w swoim domu stawiasz na wygod\u0119 i szykowny wystr\u00f3j, zwr\u00f3\u0107 uwag\u0119 na aran\u017cacj\u0119 pe\u0142n\u0105 klasycznych bry\u0142, koj\u0105cych barw i mi\u0119kkich materia\u0142\u00f3w. <strong>Drewno, subtelne dodatki oraz elegancka sofa i fotel w tej samej kolekcji<\/strong> \u2013 oto pomys\u0142 na wystr\u00f3j, kt\u00f3ry robi wra\u017cenie!<\/p>\n<div style=\"display: flex; align-items: center; justify-content: center; text-align: center;\">\n<figure id=\"attachment_28682\" aria-describedby=\"caption-attachment-28682\" style=\"width: 800px\" class=\"wp-caption aligncenter\"><img decoding=\"async\" class=\"wp-image-28682 size-medium lazyload\" data-src=\"https:\/\/www.brw.pl\/blog\/wp-content\/uploads\/2022\/12\/S462-Rodes_dzienny_jbe_dca_ar1-800x534.jpg\" alt=\"Fotel Emily w aran\u017cacji salonu\" width=\"800\" height=\"534\" data-srcset=\"https:\/\/www.brw.pl\/blog\/wp-content\/uploads\/2022\/12\/S462-Rodes_dzienny_jbe_dca_ar1-800x534.jpg 800w, https:\/\/www.brw.pl\/blog\/wp-content\/uploads\/2022\/12\/S462-Rodes_dzienny_jbe_dca_ar1-768x512.jpg 768w, https:\/\/www.brw.pl\/blog\/wp-content\/uploads\/2022\/12\/S462-Rodes_dzienny_jbe_dca_ar1-1536x1025.jpg 1536w, https:\/\/www.brw.pl\/blog\/wp-content\/uploads\/2022\/12\/S462-Rodes_dzienny_jbe_dca_ar1.jpg 1619w\" data-sizes=\"(max-width: 800px) 100vw, 800px\" src=\"data:image\/svg+xml;base64,PHN2ZyB3aWR0aD0iMSIgaGVpZ2h0PSIxIiB4bWxucz0iaHR0cDovL3d3dy53My5vcmcvMjAwMC9zdmciPjwvc3ZnPg==\" style=\"--smush-placeholder-width: 800px; --smush-placeholder-aspect-ratio: 800\/534;\" \/><figcaption id=\"caption-attachment-28682\" class=\"wp-caption-text\"><a href=\"https:\/\/www.brw.pl\/fotel-emilly,35510\" target=\"_blank\" rel=\"noopener noreferrer\"><span style=\"font-weight: 400;\">Fotel Emily<\/span><\/a><\/figcaption><\/figure>\n<\/div>\n<p>Kusi Ci\u0119 klasyczna aran\u017cacja z nowoczesnym twistem? Zainspiruj si\u0119 propozycj\u0105, w kt\u00f3rej uwag\u0119 zwraca wyrazisty kolor na tle naturalnej barwy drewna. Niecodzienny wystr\u00f3j z fotelem, naro\u017cnikiem oraz zas\u0142onami o g\u0142\u0119bokiej barwie granatu raz na zawsze pokona monotoni\u0119 we wn\u0119trzu!<\/p>\n<p><strong>Fotel w salonie to element, kt\u00f3ry w stylowy spos\u00f3b dope\u0142ni przestrze\u0144 dzienn\u0105. W Black Red White znajdziesz rozwi\u0105zania odpowiednie dla ka\u017cdego wn\u0119trza \u2013 wejd\u017a na <a href=\"https:\/\/www.brw.pl\/\" target=\"_blank\" rel=\"noopener noreferrer\">brw.pl<\/a> i wybierz idealn\u0105 opcj\u0119 dla siebie i swojego domu.<\/strong><\/p>\n<p>Spodoba\u0142y Ci si\u0119 wzorzyste fotele? Koniecznie <a href=\"https:\/\/www.brw.pl\/blog\/chcesz-wprowadzic-oryginalny-akcent-do-pokoju-postaw-na-wzorzysty-fotel\/\" target=\"_blank\" rel=\"noopener noreferrer\">sprawd\u017a, jak wprowadzi\u0107 je do wn\u0119trza, aby stworzy\u0107 modn\u0105 i praktyczn\u0105 aran\u017cacj\u0119.<\/a><\/p>\n","protected":false},"excerpt":{"rendered":"<p>Nawet najbardziej niepozorny mebel mo\u017ce skrywa\u0107 w sobie ogromny potencja\u0142. Fotel, cho\u0107 jeszcze kilka dekad temu stanowi\u0142 obowi\u0105zkowy element typowego zestawu wypoczynkowego, dzi\u015b jest modnym akcentem podkr\u0119caj\u0105cym aran\u017cacj\u0119 salonu. Wygodny fotel bujany, klasyczny uszak, a mo\u017ce roz\u0142o\u017cysty model w stylu glamour? Postaw na fotel, dzi\u0119ki kt\u00f3remu wystr\u00f3j Twojego wn\u0119trza nabierze charakteru.<\/p>\n","protected":false},"author":21,"featured_media":28671,"comment_status":"closed","ping_status":"open","sticky":false,"template":"","format":"standard","meta":{"footnotes":""},"categories":[39,28,735],"tags":[],"aioseo_notices":[],"_links":{"self":[{"href":"https:\/\/www.brw.pl\/blog\/wp-json\/wp\/v2\/posts\/28661"}],"collection":[{"href":"https:\/\/www.brw.pl\/blog\/wp-json\/wp\/v2\/posts"}],"about":[{"href":"https:\/\/www.brw.pl\/blog\/wp-json\/wp\/v2\/types\/post"}],"author":[{"embeddable":true,"href":"https:\/\/www.brw.pl\/blog\/wp-json\/wp\/v2\/users\/21"}],"replies":[{"embeddable":true,"href":"https:\/\/www.brw.pl\/blog\/wp-json\/wp\/v2\/comments?post=28661"}],"version-history":[{"count":8,"href":"https:\/\/www.brw.pl\/blog\/wp-json\/wp\/v2\/posts\/28661\/revisions"}],"predecessor-version":[{"id":37212,"href":"https:\/\/www.brw.pl\/blog\/wp-json\/wp\/v2\/posts\/28661\/revisions\/37212"}],"wp:featuredmedia":[{"embeddable":true,"href":"https:\/\/www.brw.pl\/blog\/wp-json\/wp\/v2\/media\/28671"}],"wp:attachment":[{"href":"https:\/\/www.brw.pl\/blog\/wp-json\/wp\/v2\/media?parent=28661"}],"wp:term":[{"taxonomy":"category","embeddable":true,"href":"https:\/\/www.brw.pl\/blog\/wp-json\/wp\/v2\/categories?post=28661"},{"taxonomy":"post_tag","embeddable":true,"href":"https:\/\/www.brw.pl\/blog\/wp-json\/wp\/v2\/tags?post=28661"}],"curies":[{"name":"wp","href":"https:\/\/api.w.org\/{rel}","templated":true}]}}