{"id":29463,"date":"2023-01-12T13:45:46","date_gmt":"2023-01-12T12:45:46","guid":{"rendered":"https:\/\/www.brw.pl\/blog\/?p=29463"},"modified":"2023-12-14T10:52:11","modified_gmt":"2023-12-14T09:52:11","slug":"salon-z-zielonym-naroznikiem-aranzacje-z-black-red-white","status":"publish","type":"post","link":"https:\/\/www.brw.pl\/blog\/salon-z-zielonym-naroznikiem-aranzacje-z-black-red-white\/","title":{"rendered":"Salon z zielonym naro\u017cnikiem \u2013 aran\u017cacje z Black Red White"},"content":{"rendered":"<p><strong>Zielony naro\u017cnik to modny i elegancki element wyposa\u017cenia, dzi\u0119ki kt\u00f3remu o\u017cywisz wystr\u00f3j swojego salonu. Oliwkowa, le\u015bna, a mo\u017ce butelkowa ziele\u0144? Zobacz, jaki naro\u017cnik odmieni aran\u017cacj\u0119 Twojego wn\u0119trza! Pomys\u0142y na stylowy salon z zieleni\u0105 w roli g\u0142\u00f3wnej znajdziesz w naszym artykule. <\/strong><!--more--><img decoding=\"async\" class=\"aligncenter size-medium wp-image-29465 lazyload\" data-src=\"https:\/\/www.brw.pl\/blog\/wp-content\/uploads\/2023\/01\/Naro\u017cnik-Kirsten-zielony-800x540.png\" alt=\"Naro\u017cnik Kirsten zielony\" width=\"800\" height=\"540\" data-srcset=\"https:\/\/www.brw.pl\/blog\/wp-content\/uploads\/2023\/01\/Naro\u017cnik-Kirsten-zielony-800x540.png 800w, https:\/\/www.brw.pl\/blog\/wp-content\/uploads\/2023\/01\/Naro\u017cnik-Kirsten-zielony-768x518.png 768w, https:\/\/www.brw.pl\/blog\/wp-content\/uploads\/2023\/01\/Naro\u017cnik-Kirsten-zielony-1536x1037.png 1536w, https:\/\/www.brw.pl\/blog\/wp-content\/uploads\/2023\/01\/Naro\u017cnik-Kirsten-zielony.png 1600w\" data-sizes=\"(max-width: 800px) 100vw, 800px\" src=\"data:image\/svg+xml;base64,PHN2ZyB3aWR0aD0iMSIgaGVpZ2h0PSIxIiB4bWxucz0iaHR0cDovL3d3dy53My5vcmcvMjAwMC9zdmciPjwvc3ZnPg==\" style=\"--smush-placeholder-width: 800px; --smush-placeholder-aspect-ratio: 800\/540;\" \/><\/p>\n<h2><strong>Czas na stylowe wn\u0119trze: zielony kolor podbija salony! <\/strong><\/h2>\n<p data-pm-slice=\"1 1 []\">Ziele\u0144 to stylowy i bardzo wdzi\u0119czny kolor, uwielbiany nie tylko przez dekorator\u00f3w wn\u0119trz czy producent\u00f3w mebli, ale r\u00f3wnie\u017c w\u0142a\u015bcicieli modnych mieszka\u0144. Popularno\u015bci\u0105 ciesz\u0105 si\u0119 r\u00f3\u017cne odcienie zieleni: od jasnych i owocowych, przez trawiaste i oliwkowe, a\u017c po g\u0142\u0119bok\u0105 ziele\u0144 butelkow\u0105.<\/p>\n<p>Niekt\u00f3re z nich energetyzuj\u0105 i pozwalaj\u0105 na stworzenie dynamicznej aran\u017cacji, inne z kolei wyciszaj\u0105, sprzyjaj\u0105 odpr\u0119\u017ceniu, wprowadzaj\u0105 do mieszkania aur\u0119 spokoju i harmonii. <strong>Takie w\u0142a\u015bciwo\u015bci ma cho\u0107by elegancka butelkowa ziele\u0144 <\/strong>\u2013<strong> jeden z najgor\u0119tszych trend\u00f3w w aran\u017cacji wn\u0119trz. <\/strong>Bliski naturze, koj\u0105cy zielony kolor pasuje do ka\u017cdego wn\u0119trza. To znakomita propozycja do sypialni i kuchni, a nade wszystko do salonu.<\/p>\n<p>Czytaj r\u00f3wnie\u017c: \u201e<a href=\"https:\/\/www.brw.pl\/blog\/butelkowa-zielen-z-czym-laczyc-wnetrza-z-pomyslem\/\" target=\"_blank\" rel=\"noopener noreferrer\">Butelkowa ziele\u0144 \u2013 z czym \u0142\u0105czy\u0107? Wn\u0119trza z pomys\u0142em<\/a>!\u201d.<\/p>\n<p>Zielony kolor w salonie mo\u017ce by\u0107 dominuj\u0105cym sk\u0142adnikiem aran\u017cacji lub modnym akcentem o\u017cywiaj\u0105cym ca\u0142o\u015b\u0107. Tak naprawd\u0119 \u015bwietnie zaprezentuje si\u0119 zar\u00f3wno na \u015bcianach, jak i meblach wypoczynkowych czy dekoracjach. <strong>Oryginalna tapeta, dywan, poduszki,<\/strong> <a href=\"https:\/\/www.brw.pl\/meble\/meble-wypoczynkowe\/sofy\/\" target=\"_blank\" rel=\"noopener noreferrer\"><strong>kanapa<\/strong><\/a><strong> \u2013 <span data-color=\"var(--purple-10)\">butelkowy odcie\u0144 zieleni<\/span><\/strong> lub odrobin\u0119 ja\u015bniejsze tonacje pi\u0119knie wygl\u0105daj\u0105 na ka\u017cdym z tych element\u00f3w.<\/p>\n<p><a href=\"https:\/\/www.brw.pl\/katalog-produktow\/asortyment-meble-tapicerowane\/\" target=\"_blank\" rel=\"noopener noreferrer\">Meble wypoczynkowe<\/a> i <a href=\"https:\/\/www.brw.pl\/katalog-produktow\/asortyment-dodatki\/\" target=\"_blank\" rel=\"noopener noreferrer\">dodatki<\/a> w zielonym kolorze przyci\u0105gaj\u0105 uwag\u0119, ale maj\u0105 r\u00f3wnie\u017c moc budzenia pozytywnych emocji. Z tego powodu znakomicie sprawdzaj\u0105 si\u0119 w pokoju dziennym, gdzie na co dzie\u0144 spotyka si\u0119 ca\u0142a rodzina. <strong>Butelkow\u0105 ziele\u0144 oraz inne warianty tego koloru z powodzeniem wprowadzisz do<\/strong> <strong>salonu w stylu boho lub urban jungle<\/strong>. Eleganckie szmaragdowozielone meble b\u0119d\u0105 pi\u0119kn\u0105 ozdob\u0105 salonu w stylu glamour, zdadz\u0105 egzamin tak\u017ce w klasycznym wn\u0119trzu.<\/p>\n<h2><strong>Zielony naro\u017cnik w salonie \u2013 aran\u017cacyjny hit <\/strong><\/h2>\n<p>Zielona kanapa naro\u017cna to mocny punkt w aran\u017cacji salonu, szczeg\u00f3lnie, je\u015bli zdecydujesz si\u0119 na tak\u0105 w kolorze g\u0142\u0119bokiej zieleni. Jaki model wybra\u0107, by pok\u00f3j dzienny zaprasza\u0142 do wsp\u00f3lnego wypoczynku, a przy okazji szykownie si\u0119 prezentowa\u0142? Z czym \u0142\u0105czy\u0107 zielon\u0105 kanap\u0119?<\/p>\n<h3>Kanapa butelkowa ziele\u0144 <strong>\u2013 z czym j\u0105 \u0142\u0105czy\u0107?<\/strong><\/h3>\n<p data-pm-slice=\"1 1 []\">Zastanawiasz si\u0119, z jakimi kolorami zestawia\u0107 taki mebel? W przypadku zielonej kanapy naro\u017cnej masz wiele mo\u017cliwo\u015bci. Otoczenie w kolorach ziemi, takich jak br\u0105zy, ciemne czerwienie czy czer\u0144 pozwoli Ci stworzy\u0107 eleganck\u0105 i sp\u00f3jn\u0105 przestrze\u0144, <span data-color=\"var(--purple-10)\">w kt\u00f3rej g\u0142\u0119boka ziele\u0144 sofy b\u0119dzie mia\u0142a odpowiedni\u0105 opraw\u0119<\/span>. Kolor zielony pi\u0119knie komponuje si\u0119 r\u00f3wnie\u017c z biel\u0105, musztardow\u0105 \u017c\u00f3\u0142ci\u0105, be\u017cem, a nawet pastelami, np. pudrowym r\u00f3\u017cem. <a href=\"https:\/\/www.brw.pl\/meble\/meble-wypoczynkowe\/narozniki\/\" target=\"_blank\" rel=\"noopener noreferrer\">Naro\u017cnik<\/a> w kolorze butelkowej zieleni korzystnie zaprezentuje si\u0119 w towarzystwie b\u0142yszcz\u0105cych dodatk\u00f3w, np. z\u0142otych lub miedzianych.<\/p>\n<h3>Kanapa w kolorze butelkowej zieleni <strong>\u2013 modny wyb\u00f3r do eleganckiego salonu<\/strong><\/h3>\n<p>Aran\u017cacja z zielon\u0105 kanap\u0105 obit\u0105 po\u0142yskuj\u0105c\u0105, aksamitn\u0105 tkanin\u0105 to wspania\u0142y przepis na salon w stylu glamour! W takim wn\u0119trzu nie mo\u017ce zabrakn\u0105\u0107 r\u00f3wnie eleganckich element\u00f3w wyposa\u017cenia: marmurowy stolik kawowy, z\u0142ota konsola, bogato zdobione poduszki i puszyste tekstylia to absolutny must have.<\/p>\n<p>Je\u015bli natomiast w Twoim salonie ma stan\u0105\u0107 zielona kanapa naro\u017cna w klasycznym, matowym wyko\u0144czeniu, dobrym pomys\u0142em b\u0119dzie po\u0142\u0105czenie jej z naturalnymi, stonowanymi dodatkami. Drewniany stolik, we\u0142niany koc czy ceramiczne wazony b\u0119d\u0105 strza\u0142em w dziesi\u0105tk\u0119.<\/p>\n<div style=\"display: flex; align-items: center; justify-content: center; text-align: center;\">\n<figure id=\"attachment_29470\" aria-describedby=\"caption-attachment-29470\" style=\"width: 500px\" class=\"wp-caption aligncenter\"><img decoding=\"async\" class=\"wp-image-29470 lazyload\" data-src=\"https:\/\/www.brw.pl\/blog\/wp-content\/uploads\/2023\/01\/Naro\u017cnik-Margaret-800x540.png\" alt=\"Naro\u017cnik Margaret\" width=\"500\" height=\"338\" data-srcset=\"https:\/\/www.brw.pl\/blog\/wp-content\/uploads\/2023\/01\/Naro\u017cnik-Margaret-800x540.png 800w, https:\/\/www.brw.pl\/blog\/wp-content\/uploads\/2023\/01\/Naro\u017cnik-Margaret-768x518.png 768w, https:\/\/www.brw.pl\/blog\/wp-content\/uploads\/2023\/01\/Naro\u017cnik-Margaret-1536x1037.png 1536w, https:\/\/www.brw.pl\/blog\/wp-content\/uploads\/2023\/01\/Naro\u017cnik-Margaret-368x250.png 368w, https:\/\/www.brw.pl\/blog\/wp-content\/uploads\/2023\/01\/Naro\u017cnik-Margaret.png 1600w\" data-sizes=\"(max-width: 500px) 100vw, 500px\" src=\"data:image\/svg+xml;base64,PHN2ZyB3aWR0aD0iMSIgaGVpZ2h0PSIxIiB4bWxucz0iaHR0cDovL3d3dy53My5vcmcvMjAwMC9zdmciPjwvc3ZnPg==\" style=\"--smush-placeholder-width: 500px; --smush-placeholder-aspect-ratio: 500\/338;\" \/><figcaption id=\"caption-attachment-29470\" class=\"wp-caption-text\"><a href=\"https:\/\/www.brw.pl\/naroznik-margaret-iii,45984\" target=\"_blank\" rel=\"noopener noreferrer\"><span style=\"font-weight: 400;\">Naro\u017cnik Margaret<\/span><\/a><\/figcaption><\/figure>\n<\/div>\n<h3>Zielona kanapa naro\u017cna, czyli <strong>klasyka w nowej ods\u0142onie<\/strong><\/h3>\n<p>W eleganckim salonie z nut\u0105 klasyki wspaniale sprawdzi si\u0119 zielona sofa. Je\u015bli jednak potrzebujesz pomie\u015bci\u0107 we wn\u0119trzu wi\u0119cej os\u00f3b, pomy\u015bl o zielonym naro\u017cniku. Mebel z zaokr\u0105glonymi pod\u0142okietnikami i mi\u0119kkimi poduchami oparciowymi to stylowa propozycja do salonu, w kt\u00f3rym przytulna atmosfera \u0142\u0105czy si\u0119 z wyj\u0105tkowym stylem. Ciemna ziele\u0144 daje mo\u017cliwo\u015b\u0107 stworzenia oryginalnej aran\u017cacji w klimacie kolonialnym lub klasycznym.<\/p>\n<div style=\"display: flex; align-items: center; justify-content: center; text-align: center;\">\n<figure id=\"attachment_29471\" aria-describedby=\"caption-attachment-29471\" style=\"width: 500px\" class=\"wp-caption aligncenter\"><img decoding=\"async\" class=\"wp-image-29471 lazyload\" data-src=\"https:\/\/www.brw.pl\/blog\/wp-content\/uploads\/2023\/01\/Naro\u017cnik-Zoya-800x540.png\" alt=\"Naro\u017cnik Zoya\" width=\"500\" height=\"338\" data-srcset=\"https:\/\/www.brw.pl\/blog\/wp-content\/uploads\/2023\/01\/Naro\u017cnik-Zoya-800x540.png 800w, https:\/\/www.brw.pl\/blog\/wp-content\/uploads\/2023\/01\/Naro\u017cnik-Zoya-768x518.png 768w, https:\/\/www.brw.pl\/blog\/wp-content\/uploads\/2023\/01\/Naro\u017cnik-Zoya-1536x1037.png 1536w, https:\/\/www.brw.pl\/blog\/wp-content\/uploads\/2023\/01\/Naro\u017cnik-Zoya-368x250.png 368w, https:\/\/www.brw.pl\/blog\/wp-content\/uploads\/2023\/01\/Naro\u017cnik-Zoya.png 1600w\" data-sizes=\"(max-width: 500px) 100vw, 500px\" src=\"data:image\/svg+xml;base64,PHN2ZyB3aWR0aD0iMSIgaGVpZ2h0PSIxIiB4bWxucz0iaHR0cDovL3d3dy53My5vcmcvMjAwMC9zdmciPjwvc3ZnPg==\" style=\"--smush-placeholder-width: 500px; --smush-placeholder-aspect-ratio: 500\/338;\" \/><figcaption id=\"caption-attachment-29471\" class=\"wp-caption-text\"><a href=\"https:\/\/www.brw.pl\/naroznik-zoya,46237\" target=\"_blank\" rel=\"noopener noreferrer\"><span style=\"font-weight: 400;\">Naro\u017cnik Zoya<\/span><\/a><\/figcaption><\/figure>\n<\/div>\n<h2><strong>Aran\u017cacja salonu z zielonym naro\u017cnikiem \u2013 BRW inspiruje!<\/strong><\/h2>\n<p>Jak stworzy\u0107 ciekaw\u0105 aran\u017cacj\u0119 z zielonym akcentem? Najlepiej si\u0119gn\u0105\u0107 po wyraziste elementy wyposa\u017cenia i wprowadzi\u0107 do domu ziele\u0144 w postaci kanapy naro\u017cnej. Odpowiednio dobrane t\u0142o oraz dopasowane dodatki to przepis na wn\u0119trze, od kt\u00f3rego trudno oderwa\u0107 wzrok. Sprawd\u017a nasze inspiracje!<\/p>\n<h3>Zielony naro\u017cnik w salonie w stylu loft<\/h3>\n<div style=\"display: flex; align-items: center; justify-content: center; text-align: center;\">\n<figure id=\"attachment_29472\" aria-describedby=\"caption-attachment-29472\" style=\"width: 800px\" class=\"wp-caption aligncenter\"><img decoding=\"async\" class=\"wp-image-29472 size-medium lazyload\" data-src=\"https:\/\/www.brw.pl\/blog\/wp-content\/uploads\/2023\/01\/Naro\u017cnik-Rimi-800x540.png\" alt=\"Naro\u017cnik Rimi\" width=\"800\" height=\"540\" data-srcset=\"https:\/\/www.brw.pl\/blog\/wp-content\/uploads\/2023\/01\/Naro\u017cnik-Rimi-800x540.png 800w, https:\/\/www.brw.pl\/blog\/wp-content\/uploads\/2023\/01\/Naro\u017cnik-Rimi-768x518.png 768w, https:\/\/www.brw.pl\/blog\/wp-content\/uploads\/2023\/01\/Naro\u017cnik-Rimi-1536x1037.png 1536w, https:\/\/www.brw.pl\/blog\/wp-content\/uploads\/2023\/01\/Naro\u017cnik-Rimi.png 1600w\" data-sizes=\"(max-width: 800px) 100vw, 800px\" src=\"data:image\/svg+xml;base64,PHN2ZyB3aWR0aD0iMSIgaGVpZ2h0PSIxIiB4bWxucz0iaHR0cDovL3d3dy53My5vcmcvMjAwMC9zdmciPjwvc3ZnPg==\" style=\"--smush-placeholder-width: 800px; --smush-placeholder-aspect-ratio: 800\/540;\" \/><figcaption id=\"caption-attachment-29472\" class=\"wp-caption-text\"><a href=\"https:\/\/www.brw.pl\/naroznik-rimi,46228\" target=\"_blank\" rel=\"noopener noreferrer\"><span style=\"font-weight: 400;\">Naro\u017cnik Rimi<\/span><\/a><\/figcaption><\/figure>\n<\/div>\n<p>Wersja <strong>naro\u017cnika Rimi<\/strong> w kolorze butelkowej zieleni podkre\u015bla elegancj\u0119 wn\u0119trza pe\u0142nego loftowych akcent\u00f3w. W tym wystroju \u015bcian\u0119 ozdobiono oryginalnym wzorem w jode\u0142k\u0119, co pozwoli\u0142o wprowadzi\u0107 do pokoju r\u00f3wnie\u017c inne barwy ziemi. Czarne industrialne lampy oraz stolik w tym samym stylu tonuj\u0105 ca\u0142o\u015b\u0107, dzi\u0119ki czemu salon prezentuje si\u0119 szykownie, lecz nie pretensjonalnie. Szary dywan, wzorzyste poduszki dekoracyjne oraz modne gatunki ro\u015blin dope\u0142niaj\u0105 aran\u017cacj\u0119, tworz\u0105c harmonijn\u0105 kompozycj\u0119.<\/p>\n<h3>Zielony naro\u017cnik w salonie urban jungle<\/h3>\n<div style=\"display: flex; align-items: center; justify-content: center; text-align: center;\">\n<figure id=\"attachment_29467\" aria-describedby=\"caption-attachment-29467\" style=\"width: 800px\" class=\"wp-caption aligncenter\"><img decoding=\"async\" class=\"wp-image-29467 size-medium lazyload\" data-src=\"https:\/\/www.brw.pl\/blog\/wp-content\/uploads\/2023\/01\/Naro\u017cnik-Kirsten-800x540.png\" alt=\"Naro\u017cnik Kirsten\" width=\"800\" height=\"540\" data-srcset=\"https:\/\/www.brw.pl\/blog\/wp-content\/uploads\/2023\/01\/Naro\u017cnik-Kirsten-800x540.png 800w, https:\/\/www.brw.pl\/blog\/wp-content\/uploads\/2023\/01\/Naro\u017cnik-Kirsten-768x518.png 768w, https:\/\/www.brw.pl\/blog\/wp-content\/uploads\/2023\/01\/Naro\u017cnik-Kirsten-1536x1037.png 1536w, https:\/\/www.brw.pl\/blog\/wp-content\/uploads\/2023\/01\/Naro\u017cnik-Kirsten.png 1600w\" data-sizes=\"(max-width: 800px) 100vw, 800px\" src=\"data:image\/svg+xml;base64,PHN2ZyB3aWR0aD0iMSIgaGVpZ2h0PSIxIiB4bWxucz0iaHR0cDovL3d3dy53My5vcmcvMjAwMC9zdmciPjwvc3ZnPg==\" style=\"--smush-placeholder-width: 800px; --smush-placeholder-aspect-ratio: 800\/540;\" \/><figcaption id=\"caption-attachment-29467\" class=\"wp-caption-text\"><a href=\"https:\/\/www.brw.pl\/naroznik-kirsten-iv,43013\" target=\"_blank\" rel=\"noopener noreferrer\"><span style=\"font-weight: 400;\">Naro\u017cnik Kirsten<\/span><\/a><\/figcaption><\/figure>\n<\/div>\n<p>Lubisz ciemn\u0105 ziele\u0144, ale obawiasz si\u0119, \u017ce przyt\u0142oczy wn\u0119trze? Zielona kanapa naro\u017cna nie zagarnie przestrzeni, je\u015bli otoczysz j\u0105 jasnymi kolorami. W stylizacji z <strong>naro\u017cnikiem Kirsten<\/strong> niewielki pok\u00f3j staje si\u0119 komfortow\u0105 stref\u0105 dzienn\u0105 dzi\u0119ki wyposa\u017ceniu w odcieniu jasnego drewna, kremowym tekstyliom oraz bia\u0142ej \u015bcianie. Zwr\u00f3\u0107 uwag\u0119 na tapet\u0119 z ro\u015blinnym motywem, kt\u00f3ra urozmaica wystr\u00f3j pomieszczenia, a tak\u017ce na print pokrywaj\u0105cy dekoracyjne poduszki. W zestawieniu z \u017cywymi ro\u015blinami wprowadzaj\u0105 do wn\u0119trza prawdziwy klimat urban jungle!<\/p>\n<h3 data-pm-slice=\"1 1 []\">Jakie dodatki dobra\u0107 do kanapy <span data-color=\"var(--purple-10)\">w odcieniu butelkowej zieleni<\/span>?<\/h3>\n<p>Zielona kanapa sama w sobie wygl\u0105da oryginalnie, jednak je\u015bli chcesz, by aran\u017cacja z tym meblem nabra\u0142a dodatkowego wyrazu, si\u0119gnij po odpowiednie dodatki.<\/p>\n<div style=\"display: flex; align-items: center; justify-content: center; text-align: center;\">\n<figure id=\"attachment_29474\" aria-describedby=\"caption-attachment-29474\" style=\"width: 300px\" class=\"wp-caption aligncenter\"><img decoding=\"async\" class=\"wp-image-29474 lazyload\" data-src=\"https:\/\/www.brw.pl\/blog\/wp-content\/uploads\/2023\/01\/Koc-BRW-800x540.png\" alt=\"Koc BRW\" width=\"300\" height=\"203\" data-srcset=\"https:\/\/www.brw.pl\/blog\/wp-content\/uploads\/2023\/01\/Koc-BRW-800x540.png 800w, https:\/\/www.brw.pl\/blog\/wp-content\/uploads\/2023\/01\/Koc-BRW-768x518.png 768w, https:\/\/www.brw.pl\/blog\/wp-content\/uploads\/2023\/01\/Koc-BRW-1536x1037.png 1536w, https:\/\/www.brw.pl\/blog\/wp-content\/uploads\/2023\/01\/Koc-BRW-368x250.png 368w, https:\/\/www.brw.pl\/blog\/wp-content\/uploads\/2023\/01\/Koc-BRW.png 1600w\" data-sizes=\"(max-width: 300px) 100vw, 300px\" src=\"data:image\/svg+xml;base64,PHN2ZyB3aWR0aD0iMSIgaGVpZ2h0PSIxIiB4bWxucz0iaHR0cDovL3d3dy53My5vcmcvMjAwMC9zdmciPjwvc3ZnPg==\" style=\"--smush-placeholder-width: 300px; --smush-placeholder-aspect-ratio: 300\/203;\" \/><figcaption id=\"caption-attachment-29474\" class=\"wp-caption-text\"><a href=\"https:\/\/www.brw.pl\/koc-150x200,46523\" target=\"_blank\" rel=\"noopener noreferrer\"><span style=\"font-weight: 400;\">Koc BRW<\/span><\/a><\/figcaption><\/figure>\n<figure id=\"attachment_29475\" aria-describedby=\"caption-attachment-29475\" style=\"width: 300px\" class=\"wp-caption aligncenter\"><img decoding=\"async\" class=\"wp-image-29475 lazyload\" data-src=\"https:\/\/www.brw.pl\/blog\/wp-content\/uploads\/2023\/01\/Poduszka-Luna-800x540.png\" alt=\"Poduszka Luna\" width=\"300\" height=\"203\" data-srcset=\"https:\/\/www.brw.pl\/blog\/wp-content\/uploads\/2023\/01\/Poduszka-Luna-800x540.png 800w, https:\/\/www.brw.pl\/blog\/wp-content\/uploads\/2023\/01\/Poduszka-Luna-768x518.png 768w, https:\/\/www.brw.pl\/blog\/wp-content\/uploads\/2023\/01\/Poduszka-Luna-1536x1037.png 1536w, https:\/\/www.brw.pl\/blog\/wp-content\/uploads\/2023\/01\/Poduszka-Luna-368x250.png 368w, https:\/\/www.brw.pl\/blog\/wp-content\/uploads\/2023\/01\/Poduszka-Luna.png 1600w\" data-sizes=\"(max-width: 300px) 100vw, 300px\" src=\"data:image\/svg+xml;base64,PHN2ZyB3aWR0aD0iMSIgaGVpZ2h0PSIxIiB4bWxucz0iaHR0cDovL3d3dy53My5vcmcvMjAwMC9zdmciPjwvc3ZnPg==\" style=\"--smush-placeholder-width: 300px; --smush-placeholder-aspect-ratio: 300\/203;\" \/><figcaption id=\"caption-attachment-29475\" class=\"wp-caption-text\"><a href=\"https:\/\/www.brw.pl\/poduszka-dekoracyjna-luna,46509\" target=\"_blank\" rel=\"noopener noreferrer\"><span style=\"font-weight: 400;\">Poduszka Luna<\/span><\/a><\/figcaption><\/figure>\n<figure id=\"attachment_29476\" aria-describedby=\"caption-attachment-29476\" style=\"width: 300px\" class=\"wp-caption aligncenter\"><img decoding=\"async\" class=\"wp-image-29476 lazyload\" data-src=\"https:\/\/www.brw.pl\/blog\/wp-content\/uploads\/2023\/01\/Poduszka-Parrot-800x540.png\" alt=\"Poduszka Parrot\" width=\"300\" height=\"203\" data-srcset=\"https:\/\/www.brw.pl\/blog\/wp-content\/uploads\/2023\/01\/Poduszka-Parrot-800x540.png 800w, https:\/\/www.brw.pl\/blog\/wp-content\/uploads\/2023\/01\/Poduszka-Parrot-768x518.png 768w, https:\/\/www.brw.pl\/blog\/wp-content\/uploads\/2023\/01\/Poduszka-Parrot-1536x1037.png 1536w, https:\/\/www.brw.pl\/blog\/wp-content\/uploads\/2023\/01\/Poduszka-Parrot-368x250.png 368w, https:\/\/www.brw.pl\/blog\/wp-content\/uploads\/2023\/01\/Poduszka-Parrot.png 1600w\" data-sizes=\"(max-width: 300px) 100vw, 300px\" src=\"data:image\/svg+xml;base64,PHN2ZyB3aWR0aD0iMSIgaGVpZ2h0PSIxIiB4bWxucz0iaHR0cDovL3d3dy53My5vcmcvMjAwMC9zdmciPjwvc3ZnPg==\" style=\"--smush-placeholder-width: 300px; --smush-placeholder-aspect-ratio: 300\/203;\" \/><figcaption id=\"caption-attachment-29476\" class=\"wp-caption-text\"><a href=\"https:\/\/www.brw.pl\/poduszka-dekoracyjna-parrot,45924\" target=\"_blank\" rel=\"noopener noreferrer\"><span style=\"font-weight: 400;\">Poduszka Parrot<\/span><\/a><\/figcaption><\/figure>\n<\/div>\n<p data-pm-slice=\"1 1 []\">Najprostszym i zarazem najlepszym sposobem na zmian\u0119 wystroju jest zakup nowych <a href=\"https:\/\/www.brw.pl\/tekstylia\/\" target=\"_blank\" rel=\"noopener noreferrer\">tekstyli\u00f3w<\/a>. Eleganckie <a href=\"https:\/\/www.brw.pl\/tekstylia\/poduszki-dekoracyjne\/\" target=\"_blank\" rel=\"noopener noreferrer\">poduszki<\/a> czy <a href=\"https:\/\/www.brw.pl\/tekstylia\/koce-i-pledy\/\" target=\"_blank\" rel=\"noopener noreferrer\">mi\u0119kki koc<\/a> b\u0119d\u0105 nie tylko dekoracj\u0105 strefy dziennej, ale r\u00f3wnie\u017c u\u017cytecznym dodatkiem. Wzorzysta poduszka w <span data-color=\"var(--purple-10)\">kolorze<\/span> pudrowego r\u00f3\u017cu lub pikowana poduszka w s\u0142onecznej barwie doskonale spisz\u0105 si\u0119 we wn\u0119trzach z zielonym naro\u017cnikiem!<\/p>\n<p>Osobom, kt\u00f3re w swoim salonie widzia\u0142yby aran\u017cacj\u0119 pe\u0142n\u0105 blasku, polecamy z\u0142ote dodatki \u2013 lustro w ozdobnej ramie lub po\u0142yskuj\u0105cy wazon to bardzo efektowne drobiazgi.<\/p>\n<p><strong>Aran\u017cacje z zielonym naro\u017cnikiem potrafi\u0105 zachwyca\u0107! Je\u015bli i Tobie marzy si\u0119 tak urz\u0105dzone wn\u0119trze zajrzyj do naszego sklepu. Wi\u0119cej zielonych mebli wypoczynkowych i pasuj\u0105cych do nich dodatk\u00f3w znajdziesz na <\/strong><a href=\"https:\/\/www.brw.pl\/blog\/butelkowa-zielen-z-czym-laczyc-wnetrza-z-pomyslem\/\" target=\"_blank\" rel=\"noopener noreferrer\"><strong>brw.pl<\/strong><\/a><strong>.<\/strong><\/p>\n","protected":false},"excerpt":{"rendered":"<p>Zielony naro\u017cnik to modny i elegancki element wyposa\u017cenia, dzi\u0119ki kt\u00f3remu o\u017cywisz wystr\u00f3j swojego salonu. Oliwkowa, le\u015bna, a mo\u017ce butelkowa ziele\u0144? Zobacz, jaki naro\u017cnik odmieni aran\u017cacj\u0119 Twojego wn\u0119trza! Pomys\u0142y na stylowy salon z zieleni\u0105 w roli g\u0142\u00f3wnej znajdziesz w naszym artykule.<\/p>\n","protected":false},"author":21,"featured_media":29467,"comment_status":"closed","ping_status":"open","sticky":false,"template":"","format":"standard","meta":{"footnotes":""},"categories":[39,28,735],"tags":[],"aioseo_notices":[],"_links":{"self":[{"href":"https:\/\/www.brw.pl\/blog\/wp-json\/wp\/v2\/posts\/29463"}],"collection":[{"href":"https:\/\/www.brw.pl\/blog\/wp-json\/wp\/v2\/posts"}],"about":[{"href":"https:\/\/www.brw.pl\/blog\/wp-json\/wp\/v2\/types\/post"}],"author":[{"embeddable":true,"href":"https:\/\/www.brw.pl\/blog\/wp-json\/wp\/v2\/users\/21"}],"replies":[{"embeddable":true,"href":"https:\/\/www.brw.pl\/blog\/wp-json\/wp\/v2\/comments?post=29463"}],"version-history":[{"count":13,"href":"https:\/\/www.brw.pl\/blog\/wp-json\/wp\/v2\/posts\/29463\/revisions"}],"predecessor-version":[{"id":35270,"href":"https:\/\/www.brw.pl\/blog\/wp-json\/wp\/v2\/posts\/29463\/revisions\/35270"}],"wp:featuredmedia":[{"embeddable":true,"href":"https:\/\/www.brw.pl\/blog\/wp-json\/wp\/v2\/media\/29467"}],"wp:attachment":[{"href":"https:\/\/www.brw.pl\/blog\/wp-json\/wp\/v2\/media?parent=29463"}],"wp:term":[{"taxonomy":"category","embeddable":true,"href":"https:\/\/www.brw.pl\/blog\/wp-json\/wp\/v2\/categories?post=29463"},{"taxonomy":"post_tag","embeddable":true,"href":"https:\/\/www.brw.pl\/blog\/wp-json\/wp\/v2\/tags?post=29463"}],"curies":[{"name":"wp","href":"https:\/\/api.w.org\/{rel}","templated":true}]}}