{"id":29572,"date":"2023-01-25T16:13:53","date_gmt":"2023-01-25T15:13:53","guid":{"rendered":"https:\/\/www.brw.pl\/blog\/?p=29572"},"modified":"2023-06-02T14:13:36","modified_gmt":"2023-06-02T12:13:36","slug":"salon-loftowy-glamour-poznaj-polaczenie-loft-glam-we-wnetrzach","status":"publish","type":"post","link":"https:\/\/www.brw.pl\/blog\/salon-loftowy-glamour-poznaj-polaczenie-loft-glam-we-wnetrzach\/","title":{"rendered":"Salon loftowy? Glamour? Poznaj po\u0142\u0105czenie loft glam we wn\u0119trzach!"},"content":{"rendered":"<p><strong>Surowo\u015b\u0107 charakteryzuj\u0105ca styl loftowy, bogactwo i blask stylu glamour. Brzmi jak zderzenie obcych sobie \u015bwiat\u00f3w? To raczej opowie\u015b\u0107 o \u0142\u0105czeniu przeciwie\u0144stw i \u015bmia\u0142ych kontrastach w aran\u017cacji wn\u0119trz. Poznaj przewrotny styl glam loft \u2013 spos\u00f3b na salon inny ni\u017c wszystkie!<\/strong><!--more--><\/p>\n<div style=\"display: flex; align-items: center; justify-content: center; text-align: center;\">\n<figure id=\"attachment_29573\" aria-describedby=\"caption-attachment-29573\" style=\"width: 800px\" class=\"wp-caption aligncenter\"><img decoding=\"async\" class=\"wp-image-29573 size-medium lazyload\" data-src=\"https:\/\/www.brw.pl\/blog\/wp-content\/uploads\/2023\/01\/Cloe-Piwonie-800x534.jpg\" alt=\"Salon w stylu loft glam\" width=\"800\" height=\"534\" data-srcset=\"https:\/\/www.brw.pl\/blog\/wp-content\/uploads\/2023\/01\/Cloe-Piwonie-800x534.jpg 800w, https:\/\/www.brw.pl\/blog\/wp-content\/uploads\/2023\/01\/Cloe-Piwonie-768x512.jpg 768w, https:\/\/www.brw.pl\/blog\/wp-content\/uploads\/2023\/01\/Cloe-Piwonie-1536x1025.jpg 1536w, https:\/\/www.brw.pl\/blog\/wp-content\/uploads\/2023\/01\/Cloe-Piwonie.jpg 1619w\" data-sizes=\"(max-width: 800px) 100vw, 800px\" src=\"data:image\/svg+xml;base64,PHN2ZyB3aWR0aD0iMSIgaGVpZ2h0PSIxIiB4bWxucz0iaHR0cDovL3d3dy53My5vcmcvMjAwMC9zdmciPjwvc3ZnPg==\" style=\"--smush-placeholder-width: 800px; --smush-placeholder-aspect-ratio: 800\/534;\" \/><figcaption id=\"caption-attachment-29573\" class=\"wp-caption-text\"><a href=\"https:\/\/www.brw.pl\/sofa-cloe,48819\" target=\"_blank\" rel=\"noopener noreferrer\"><span style=\"font-weight: 400;\">Sofa Cloe Piwonie<\/span><\/a><\/figcaption><\/figure>\n<\/div>\n<h2><strong>Salon loftowy, glamour a mo\u017ce loft glam? Poznaj gor\u0105cy trend wn\u0119trzarski!<\/strong><\/h2>\n<p>O tym, \u017ce przeciwie\u0144stwa si\u0119 przyci\u0105gaj\u0105, wiemy doskonale z lekcji fizyki. Znana wszystkim zasada znajduje potwierdzenie r\u00f3wnie\u017c w aran\u017cacjach wn\u0119trz \u2013 niecodzienne, eklektyczne i odwa\u017cne po\u0142\u0105czenia nie bez powodu kr\u00f3luj\u0105 w najgor\u0119tszych trendach tego roku! I cho\u0107 niekt\u00f3re zestawienia mog\u0105 budzi\u0107 zdumienie, warto przekona\u0107 si\u0119 do tej sztuki kontrastu. Wn\u0119trze, w kt\u00f3rym spotykaj\u0105 si\u0119 zupe\u0142nie r\u00f3\u017cne style, mo\u017ce okaza\u0107 si\u0119 aran\u017cacyjnym strza\u0142em w dziesi\u0105tk\u0119! <strong>Salon w stylu glam loft<\/strong> jest tego doskona\u0142ym przyk\u0142adem.<\/p>\n<p>Styl loftowy kojarzony jest g\u0142\u00f3wnie z poprzemys\u0142owymi budynkami zaadaptowanymi na cele mieszkalne. <strong>Szerokie mo\u017cliwo\u015bci aran\u017cacyjne tych wn\u0119trz zach\u0119caj\u0105 do tworzenia designerskich projekt\u00f3w<\/strong>. Ich najwi\u0119ksze atuty to przede wszystkim wysoki sufit, otwarta przestrze\u0144 i uderzaj\u0105ca surowo\u015b\u0107 wyko\u0144czenia. Podkre\u015blaj\u0105 j\u0105 elementy architektoniczne w swojej najczystszej postaci \u2013 w industrialnych mieszkaniach jest to mi\u0119dzy innymi ceg\u0142a, drewno i ods\u0142oni\u0119te metalowe konstrukcje.<\/p>\n<p>Oczywiste jest, \u017ce pomieszczenia zaaran\u017cowane w stylu glamour same w sobie nie maj\u0105 nic z ascetycznego loftu. Estetyka glamour pe\u0142na jest wysmakowanych form, mi\u0119kkich tkanin, ozd\u00f3b i blasku. W takim wn\u0119trzu z sufitu zwieszaj\u0105 si\u0119 kryszta\u0142owe \u017cyrandole, a w salonie goszcz\u0105 przepastne kanapy. Wielkie lustra w ozdobnych ramach, z\u0142ote figurki, puszyste dywany \u2013 oto przepis na salon robi\u0105cy ogromne wra\u017cenie!<\/p>\n<p><strong>W jaki spos\u00f3b zatem wielkomiejski styl glamour mo\u017ce \u0142\u0105czy\u0107 si\u0119 ze stylem loftowym?<\/strong> Si\u0142a wszystkich eklektycznych aran\u017cacji tkwi w ich nieoczywistym charakterze \u2013 balansowanie na granicy obu estetyk tworzy efekt prze\u0142amuj\u0105cy schematy. Intryguj\u0105cy styl <strong>glam loft ch\u0142odn\u0105 nowoczesno\u015b\u0107 przystraja blaskiem eleganckich ozd\u00f3b<\/strong>, a surowym wn\u0119trzom dodaje glamourowego szyku. Prostota stylu loftowego to doskona\u0142a baza do tw\u00f3rczych eksperyment\u00f3w i grania z luksusowymi elementami glamour.<\/p>\n<h2><strong>Meble i dodatki, czyli urz\u0105dzamy salon loft glam <\/strong><\/h2>\n<p>Jakie meble i dodatki pozwol\u0105 Ci urz\u0105dzi\u0107 <strong>salon w stylu glam loft<\/strong>? Wiele zale\u017cy od pomys\u0142u na wn\u0119trze oraz od sposobu, w jaki dawkowa\u0107 b\u0119dziesz sk\u0142adniki obu styl\u00f3w. Mo\u017cesz zdecydowa\u0107 si\u0119 na przyk\u0142ad na loftowe wyposa\u017cenie, do kt\u00f3rego dobierzesz dodatki w stylu glamour. Nic nie stoi jednak na przeszkodzie, by odwr\u00f3ci\u0107 ten koncept i to styl loftowy wprowadzi\u0107 do salonu w formie detali.<\/p>\n<p>Aran\u017cuj\u0105c salon w stylu glam loft, nie musisz trzyma\u0107 si\u0119 konkretnych wytycznych. Pami\u0119taj, \u017ce to Ty kreujesz przestrze\u0144, tworz\u0105c wystr\u00f3j przede wszystkim wed\u0142ug w\u0142asnych upodoba\u0144.<\/p>\n<div style=\"display: flex; align-items: center; justify-content: center; text-align: center;\">\n<figure id=\"attachment_29588\" aria-describedby=\"caption-attachment-29588\" style=\"width: 800px\" class=\"wp-caption aligncenter\"><img decoding=\"async\" class=\"wp-image-29588 size-medium lazyload\" data-src=\"https:\/\/www.brw.pl\/blog\/wp-content\/uploads\/2023\/01\/Pok\u00f3j-dzienny-kolekcja-Forn-800x540.png\" alt=\"Pok\u00f3j dzienny kolekcja Forn\" width=\"800\" height=\"540\" data-srcset=\"https:\/\/www.brw.pl\/blog\/wp-content\/uploads\/2023\/01\/Pok\u00f3j-dzienny-kolekcja-Forn-800x540.png 800w, https:\/\/www.brw.pl\/blog\/wp-content\/uploads\/2023\/01\/Pok\u00f3j-dzienny-kolekcja-Forn-768x518.png 768w, https:\/\/www.brw.pl\/blog\/wp-content\/uploads\/2023\/01\/Pok\u00f3j-dzienny-kolekcja-Forn-1536x1037.png 1536w, https:\/\/www.brw.pl\/blog\/wp-content\/uploads\/2023\/01\/Pok\u00f3j-dzienny-kolekcja-Forn.png 1600w\" data-sizes=\"(max-width: 800px) 100vw, 800px\" src=\"data:image\/svg+xml;base64,PHN2ZyB3aWR0aD0iMSIgaGVpZ2h0PSIxIiB4bWxucz0iaHR0cDovL3d3dy53My5vcmcvMjAwMC9zdmciPjwvc3ZnPg==\" style=\"--smush-placeholder-width: 800px; --smush-placeholder-aspect-ratio: 800\/540;\" \/><figcaption id=\"caption-attachment-29588\" class=\"wp-caption-text\"><a href=\"https:\/\/www.brw.pl\/witryna-forn,38207\" target=\"_blank\" rel=\"noopener noreferrer\"><span style=\"font-weight: 400;\">Witryna Forn<\/span><\/a> &#8211; <a href=\"https:\/\/www.brw.pl\/szafka-rtv-forn,38210\" target=\"_blank\" rel=\"noopener noreferrer\"><span style=\"font-weight: 400;\">Szafka RTV Forn<\/span><\/a><\/figcaption><\/figure>\n<\/div>\n<p>Chcesz, aby to styl loftowy by\u0142 bazowym &#8222;sk\u0142adnikiem&#8221; Twojego salonu? <strong>W takim wn\u0119trzu warto zacz\u0105\u0107 od \u015bcian \u2013 pomalowane na szaro b\u0105d\u017a pokryte dekoracyjn\u0105 ceg\u0142\u0105 wprowadz\u0105 do aran\u017cacji po\u017c\u0105dan\u0105 surowo\u015b\u0107<\/strong>. Na ich tle \u015bwietnie zaprezentuj\u0105 si\u0119 meble o minimalistycznej formie i ciemnym wybarwieniu. <a href=\"https:\/\/www.brw.pl\/meble\/przechowywanie\/witryny\/\" target=\"_blank\" rel=\"noopener noreferrer\">Witryny<\/a>, <a href=\"https:\/\/www.brw.pl\/meble\/przechowywanie\/szafki\/\" target=\"_blank\" rel=\"noopener noreferrer\">szafki<\/a> oraz <a href=\"https:\/\/www.brw.pl\/meble\/przechowywanie\/komody\/\" target=\"_blank\" rel=\"noopener noreferrer\">komody<\/a> w czerni i drewnie sprawdz\u0105 si\u0119 znakomicie!<\/p>\n<p>Czytaj r\u00f3wnie\u017c: &#8222;<a href=\"https:\/\/www.brw.pl\/blog\/salon-drewno-i-czern-najgoretszy-trend-w-tym-sezonie\/\" target=\"_blank\" rel=\"noopener noreferrer\">Salon: drewno i czer\u0144. Najgor\u0119tszy trend w tym sezonie<\/a>!&#8221;.<\/p>\n<div style=\"display: flex; align-items: center; justify-content: center; text-align: center;\">\n<figure id=\"attachment_29576\" aria-describedby=\"caption-attachment-29576\" style=\"width: 800px\" class=\"wp-caption aligncenter\"><img decoding=\"async\" class=\"wp-image-29576 size-medium lazyload\" data-src=\"https:\/\/www.brw.pl\/blog\/wp-content\/uploads\/2023\/01\/Gent_jadalnia-800x533.jpg\" alt=\"Gent jadalnia\" width=\"800\" height=\"533\" data-srcset=\"https:\/\/www.brw.pl\/blog\/wp-content\/uploads\/2023\/01\/Gent_jadalnia-800x533.jpg 800w, https:\/\/www.brw.pl\/blog\/wp-content\/uploads\/2023\/01\/Gent_jadalnia-768x512.jpg 768w, https:\/\/www.brw.pl\/blog\/wp-content\/uploads\/2023\/01\/Gent_jadalnia-1536x1024.jpg 1536w, https:\/\/www.brw.pl\/blog\/wp-content\/uploads\/2023\/01\/Gent_jadalnia.jpg 1620w\" data-sizes=\"(max-width: 800px) 100vw, 800px\" src=\"data:image\/svg+xml;base64,PHN2ZyB3aWR0aD0iMSIgaGVpZ2h0PSIxIiB4bWxucz0iaHR0cDovL3d3dy53My5vcmcvMjAwMC9zdmciPjwvc3ZnPg==\" style=\"--smush-placeholder-width: 800px; --smush-placeholder-aspect-ratio: 800\/533;\" \/><figcaption id=\"caption-attachment-29576\" class=\"wp-caption-text\"><a href=\"https:\/\/www.brw.pl\/krzeslo-gent-2,34722\" target=\"_blank\" rel=\"noopener noreferrer\"><span style=\"font-weight: 400;\">Krzes\u0142o Gent<\/span><\/a><\/figcaption><\/figure>\n<\/div>\n<p>Je\u015bli w salonie znajduje si\u0119 cz\u0119\u015b\u0107 jadalniana, pomy\u015bl o dobraniu odpowiedniego sto\u0142u i krzese\u0142. Styl loftowy lubi lite drewno, dlatego \u015bmia\u0142o mo\u017cesz zdecydowa\u0107 si\u0119 na ci\u0119\u017cki, drewniany mebel. <strong>Dobrym wyborem b\u0119d\u0105 r\u00f3wnie\u017c <\/strong><a href=\"https:\/\/www.brw.pl\/meble\/stoly-i-krzesla\/krzesla\/\" target=\"_blank\" rel=\"noopener noreferrer\"><strong>krzes\u0142a<\/strong><\/a><strong> z mi\u0119kkim, sk\u00f3rzanym obiciem<\/strong>. Nieco mniej wytworne ni\u017c aksamitne fotele, ale wci\u0105\u017c eleganckie \u2013 doskonale odnajd\u0105 si\u0119 w salonie w stylu glam loft. Przestrze\u0144 nad sto\u0142em to idealne miejsce na drobny akcent w duchu glamour \u2013 <strong>wymy\u015blne lampy o oryginalnym kszta\u0142cie<\/strong> prze\u0142ami\u0105 prostot\u0119 aran\u017cacji.<\/p>\n<div style=\"display: flex; align-items: center; justify-content: center; text-align: center;\">\n<figure id=\"attachment_29578\" aria-describedby=\"caption-attachment-29578\" style=\"width: 745px\" class=\"wp-caption aligncenter\"><img decoding=\"async\" class=\"wp-image-29578 lazyload\" data-src=\"https:\/\/www.brw.pl\/blog\/wp-content\/uploads\/2023\/01\/Stolik-Xana.jpg\" alt=\"Stolik Xana\" width=\"745\" height=\"494\" src=\"data:image\/svg+xml;base64,PHN2ZyB3aWR0aD0iMSIgaGVpZ2h0PSIxIiB4bWxucz0iaHR0cDovL3d3dy53My5vcmcvMjAwMC9zdmciPjwvc3ZnPg==\" style=\"--smush-placeholder-width: 745px; --smush-placeholder-aspect-ratio: 745\/494;\" \/><figcaption id=\"caption-attachment-29578\" class=\"wp-caption-text\"><a href=\"https:\/\/www.brw.pl\/stolik-xana,43263\" target=\"_blank\" rel=\"noopener noreferrer\"><span style=\"font-weight: 400;\">Stolik Xana<\/span><\/a><\/figcaption><\/figure>\n<\/div>\n<p>Dekoracyjny styl glamour znany jest przede wszystkim z pi\u0119knego i luksusowego wyposa\u017cenia. Mi\u0119kkie pikowane <a href=\"https:\/\/www.brw.pl\/meble\/meble-wypoczynkowe\/sofy\/\" target=\"_blank\" rel=\"noopener noreferrer\">sofy<\/a>, welwetowe <a href=\"https:\/\/www.brw.pl\/meble\/meble-wypoczynkowe\/pufy\/\" target=\"_blank\" rel=\"noopener noreferrer\">pufy<\/a>, po\u0142yskuj\u0105ce <a href=\"https:\/\/www.brw.pl\/meble\/stoly-i-krzesla\/lawy-i-stoliki\/stoliki\/\" target=\"_blank\" rel=\"noopener noreferrer\">stoliki kawowe<\/a> lub konsole to meble, kt\u00f3rych nie mo\u017ce zabrakn\u0105\u0107 w cz\u0119\u015bci wypoczynkowej. Urz\u0105dzaj\u0105c salon, w kt\u00f3rym loftowe inspiracje spotykaj\u0105 si\u0119 z przepychem stylu glamour, obowi\u0105zkowo si\u0119gnij po szykowny akcent, np. okr\u0105g\u0142y stolik z marmurowym blatem.<\/p>\n<p>Przestrze\u0144 w stylu loft glam warto przystroi\u0107 <a href=\"https:\/\/www.brw.pl\/dekoracje\/\" target=\"_blank\" rel=\"noopener noreferrer\">dekoracjami<\/a>, szczeg\u00f3lnie je\u015bli w mieszkaniu dysponujemy imponuj\u0105cym metra\u017cem. <strong>Przestronne wn\u0119trza to doskona\u0142y spos\u00f3b na \u0142\u0105czenie element\u00f3w loftowych z mnogo\u015bci\u0105 detali! <\/strong>Jak to zrobi\u0107? Du\u017ce okna przes\u0142o\u0144 firanami, puste wn\u0119ki wype\u0142nij figurkami i koniecznie zawie\u015b obrazy na betonowych \u015bcianach. Wykorzystaj wolne miejsca w pokoju: na pod\u0142odze roz\u0142\u00f3\u017c dywan, na rega\u0142ach ustaw p\u0119kate wazony. Nie obawiaj si\u0119 przepychu \u2013 w przestrzeni miksuj\u0105cej glamour i loft w\u0142a\u015bnie o taki efekt chodzi!<\/p>\n<h2><strong>Loft glam w salonie \u2013 zainspiruj si\u0119 z Black Red White!<\/strong><\/h2>\n<p>Nie masz pomys\u0142u na aran\u017cacj\u0119 swojego salonu? Zamiast urz\u0105dza\u0107 go w dowolnym stylu, pos\u0142u\u017c si\u0119 naszymi inspiracjami. Oto wn\u0119trza, w kt\u00f3rych dwie r\u00f3\u017cne estetyki \u2013 loftowa i glamour \u2013 tworz\u0105 niezwykle udany duet.<\/p>\n<div style=\"display: flex; align-items: center; justify-content: center; text-align: center;\">\n<figure id=\"attachment_29582\" aria-describedby=\"caption-attachment-29582\" style=\"width: 800px\" class=\"wp-caption aligncenter\"><img decoding=\"async\" class=\"wp-image-29582 size-medium lazyload\" data-src=\"https:\/\/www.brw.pl\/blog\/wp-content\/uploads\/2023\/01\/Kolekcja-Alameda-800x450.jpg\" alt=\"Kolekcja Alameda\" width=\"800\" height=\"450\" data-srcset=\"https:\/\/www.brw.pl\/blog\/wp-content\/uploads\/2023\/01\/Kolekcja-Alameda-800x450.jpg 800w, https:\/\/www.brw.pl\/blog\/wp-content\/uploads\/2023\/01\/Kolekcja-Alameda.jpg 1920w, https:\/\/www.brw.pl\/blog\/wp-content\/uploads\/2023\/01\/Kolekcja-Alameda-768x432.jpg 768w, https:\/\/www.brw.pl\/blog\/wp-content\/uploads\/2023\/01\/Kolekcja-Alameda-1536x864.jpg 1536w\" data-sizes=\"(max-width: 800px) 100vw, 800px\" src=\"data:image\/svg+xml;base64,PHN2ZyB3aWR0aD0iMSIgaGVpZ2h0PSIxIiB4bWxucz0iaHR0cDovL3d3dy53My5vcmcvMjAwMC9zdmciPjwvc3ZnPg==\" style=\"--smush-placeholder-width: 800px; --smush-placeholder-aspect-ratio: 800\/450;\" \/><figcaption id=\"caption-attachment-29582\" class=\"wp-caption-text\"><a href=\"https:\/\/www.brw.pl\/witryna-alameda,26731\" target=\"_blank\" rel=\"noopener noreferrer\"><span style=\"font-weight: 400;\">Witryna Alameda<\/span><\/a><\/figcaption><\/figure>\n<\/div>\n<p>Salon zaaran\u017cowany z udzia\u0142em <strong>kolekcji Alameda <\/strong>to interesuj\u0105ca przestrze\u0144 pe\u0142na eleganckich form i subtelnych kolor\u00f3w. Minimalistyczne szare \u015bciany \u015bwietnie wsp\u00f3\u0142graj\u0105 z po\u0142yskuj\u0105c\u0105 powierzchni\u0105 front\u00f3w i drewnianym wyko\u0144czeniem mebli. Oryginalnie pod\u015bwietlone blaty dodatkowo pot\u0119guj\u0105 efekt glam! W loftowym klimacie pozostaje geometryczny stolik kawowy i dodatki takie jak prosty zegar \u015bcienny zawieszony nad komod\u0105.<\/p>\n<div style=\"display: flex; align-items: center; justify-content: center; text-align: center;\">\n<figure id=\"attachment_29589\" aria-describedby=\"caption-attachment-29589\" style=\"width: 800px\" class=\"wp-caption aligncenter\"><img decoding=\"async\" class=\"wp-image-29589 size-medium lazyload\" data-src=\"https:\/\/www.brw.pl\/blog\/wp-content\/uploads\/2023\/01\/Sofa-Cloe-\u017burawie-800x540.png\" alt=\"Sofa Cloe \u017burawie\" width=\"800\" height=\"540\" data-srcset=\"https:\/\/www.brw.pl\/blog\/wp-content\/uploads\/2023\/01\/Sofa-Cloe-\u017burawie-800x540.png 800w, https:\/\/www.brw.pl\/blog\/wp-content\/uploads\/2023\/01\/Sofa-Cloe-\u017burawie-768x518.png 768w, https:\/\/www.brw.pl\/blog\/wp-content\/uploads\/2023\/01\/Sofa-Cloe-\u017burawie-1536x1037.png 1536w, https:\/\/www.brw.pl\/blog\/wp-content\/uploads\/2023\/01\/Sofa-Cloe-\u017burawie.png 1600w\" data-sizes=\"(max-width: 800px) 100vw, 800px\" src=\"data:image\/svg+xml;base64,PHN2ZyB3aWR0aD0iMSIgaGVpZ2h0PSIxIiB4bWxucz0iaHR0cDovL3d3dy53My5vcmcvMjAwMC9zdmciPjwvc3ZnPg==\" style=\"--smush-placeholder-width: 800px; --smush-placeholder-aspect-ratio: 800\/540;\" \/><figcaption id=\"caption-attachment-29589\" class=\"wp-caption-text\"><a href=\"https:\/\/www.brw.pl\/sofa-cloe,48821\" target=\"_blank\" rel=\"noopener noreferrer\"><span style=\"font-weight: 400;\">Sofa Cloe \u017burawie<\/span><\/a><\/figcaption><\/figure>\n<\/div>\n<p>Punktem wyj\u015bcia do stworzenia aran\u017cacji loft glam mo\u017ce by\u0107 tak\u017ce typowy salon w stylu glamour. Je\u015bli znudzi\u0142 Ci si\u0119 dotychczasowy wystr\u00f3j, spr\u00f3buj odmieni\u0107 jego charakter za pomoc\u0105 wyrazistych, loftowych dodatk\u00f3w. Aran\u017cacja z <strong>sof\u0105, fotelem i pufem Cloe<\/strong> udowadnia, \u017ce taka metamorfoza to znakomity pomys\u0142! Oryginalny komplet wypoczynkowy nie potrzebuje wielu ozd\u00f3b \u2013 industrialne lampy, prosty stolik kawowy i du\u017ce lustro w prostej, czarnej ramie to dla niego doborowe towarzystwo.<\/p>\n<p>Gotowi na urz\u0105dzenie wn\u0119trza z charakterem? W <a href=\"https:\/\/www.brw.pl\/\" target=\"_blank\" rel=\"noopener noreferrer\">sklepie internetowym Black Red White<\/a> czekaj\u0105 na Ciebie meble i dodatki, z kt\u00f3rymi odmienisz swoje mieszkanie. Stw\u00f3rz niepowtarzaln\u0105 aran\u017cacj\u0119 salonu w duchu loft glam!<\/p>\n","protected":false},"excerpt":{"rendered":"<p>Surowo\u015b\u0107 charakteryzuj\u0105ca styl loftowy, bogactwo i blask stylu glamour. Brzmi jak zderzenie obcych sobie \u015bwiat\u00f3w? To raczej opowie\u015b\u0107 o \u0142\u0105czeniu przeciwie\u0144stw i \u015bmia\u0142ych kontrastach w aran\u017cacji wn\u0119trz. Poznaj przewrotny styl glam loft \u2013 spos\u00f3b na salon inny ni\u017c wszystkie!<\/p>\n","protected":false},"author":21,"featured_media":29573,"comment_status":"closed","ping_status":"open","sticky":false,"template":"","format":"standard","meta":{"footnotes":""},"categories":[28,735,745,746,572],"tags":[],"aioseo_notices":[],"_links":{"self":[{"href":"https:\/\/www.brw.pl\/blog\/wp-json\/wp\/v2\/posts\/29572"}],"collection":[{"href":"https:\/\/www.brw.pl\/blog\/wp-json\/wp\/v2\/posts"}],"about":[{"href":"https:\/\/www.brw.pl\/blog\/wp-json\/wp\/v2\/types\/post"}],"author":[{"embeddable":true,"href":"https:\/\/www.brw.pl\/blog\/wp-json\/wp\/v2\/users\/21"}],"replies":[{"embeddable":true,"href":"https:\/\/www.brw.pl\/blog\/wp-json\/wp\/v2\/comments?post=29572"}],"version-history":[{"count":7,"href":"https:\/\/www.brw.pl\/blog\/wp-json\/wp\/v2\/posts\/29572\/revisions"}],"predecessor-version":[{"id":31804,"href":"https:\/\/www.brw.pl\/blog\/wp-json\/wp\/v2\/posts\/29572\/revisions\/31804"}],"wp:featuredmedia":[{"embeddable":true,"href":"https:\/\/www.brw.pl\/blog\/wp-json\/wp\/v2\/media\/29573"}],"wp:attachment":[{"href":"https:\/\/www.brw.pl\/blog\/wp-json\/wp\/v2\/media?parent=29572"}],"wp:term":[{"taxonomy":"category","embeddable":true,"href":"https:\/\/www.brw.pl\/blog\/wp-json\/wp\/v2\/categories?post=29572"},{"taxonomy":"post_tag","embeddable":true,"href":"https:\/\/www.brw.pl\/blog\/wp-json\/wp\/v2\/tags?post=29572"}],"curies":[{"name":"wp","href":"https:\/\/api.w.org\/{rel}","templated":true}]}}