{"id":29593,"date":"2023-01-26T15:51:37","date_gmt":"2023-01-26T14:51:37","guid":{"rendered":"https:\/\/www.brw.pl\/blog\/?p=29593"},"modified":"2023-01-26T15:51:37","modified_gmt":"2023-01-26T14:51:37","slug":"styl-lesny-we-wnetrzach-trend-ktory-podbija-salony-i-nie-tylko","status":"publish","type":"post","link":"https:\/\/www.brw.pl\/blog\/styl-lesny-we-wnetrzach-trend-ktory-podbija-salony-i-nie-tylko\/","title":{"rendered":"Styl le\u015bny we wn\u0119trzach \u2013 trend, kt\u00f3ry podbija salony&#8230; i nie tylko!"},"content":{"rendered":"<p><strong>Widok lasu ci\u0105gn\u0105cego si\u0119 po horyzont wprawia Ci\u0119 w b\u0142ogi nastr\u00f3j? A gdyby tak ka\u017cdy powr\u00f3t do domu zapewnia\u0142 Ci cho\u0107 namiastk\u0119 tych wra\u017ce\u0144? Zobacz, jak urz\u0105dzi\u0107 wn\u0119trza rodem z le\u015bnej scenerii i zanurz si\u0119 w zieleni&#8230; swojej sypialni lub salonu!<\/strong><!--more--><\/p>\n<p>&nbsp;<\/p>\n<div style=\"display: flex; align-items: center; justify-content: center; text-align: center;\">\n<figure id=\"attachment_29595\" aria-describedby=\"caption-attachment-29595\" style=\"width: 800px\" class=\"wp-caption aligncenter\"><img decoding=\"async\" class=\"wp-image-29595 size-medium lazyload\" data-src=\"https:\/\/www.brw.pl\/blog\/wp-content\/uploads\/2023\/01\/Pok\u00f3j-dzienny-Modeo-800x450.jpg\" alt=\"Styl le\u015bny we wn\u0119trzach - zobacz, jak urz\u0105dzi\u0107 salon lub sypialni\u0119 w le\u015bnym klimacie\" width=\"800\" height=\"450\" data-srcset=\"https:\/\/www.brw.pl\/blog\/wp-content\/uploads\/2023\/01\/Pok\u00f3j-dzienny-Modeo-800x450.jpg 800w, https:\/\/www.brw.pl\/blog\/wp-content\/uploads\/2023\/01\/Pok\u00f3j-dzienny-Modeo-768x432.jpg 768w, https:\/\/www.brw.pl\/blog\/wp-content\/uploads\/2023\/01\/Pok\u00f3j-dzienny-Modeo-1536x864.jpg 1536w, https:\/\/www.brw.pl\/blog\/wp-content\/uploads\/2023\/01\/Pok\u00f3j-dzienny-Modeo.jpg 1919w\" data-sizes=\"(max-width: 800px) 100vw, 800px\" src=\"data:image\/svg+xml;base64,PHN2ZyB3aWR0aD0iMSIgaGVpZ2h0PSIxIiB4bWxucz0iaHR0cDovL3d3dy53My5vcmcvMjAwMC9zdmciPjwvc3ZnPg==\" style=\"--smush-placeholder-width: 800px; --smush-placeholder-aspect-ratio: 800\/450;\" \/><figcaption id=\"caption-attachment-29595\" class=\"wp-caption-text\"><b>Meble z kolekcji<\/b> <a href=\"https:\/\/www.brw.pl\/kolekcja-modeo,598\" target=\"_blank\" rel=\"noopener noreferrer\"><span style=\"font-weight: 400;\">Modeo<\/span><\/a><\/figcaption><\/figure>\n<\/div>\n<h2><strong>Styl le\u015bny \u2013 urz\u0105d\u017a swoje mieszkanie w zgodzie z natur\u0105<\/strong><\/h2>\n<p>Las ma w sobie co\u015b magicznego. Urzeka tajemnicz\u0105 aur\u0105, mieszanin\u0105 zapach\u00f3w, pi\u0119knymi kolorami, brzmieniem ciszy. W lesie mo\u017cemy ws\u0142ucha\u0107 si\u0119 w \u015bpiew ptak\u00f3w i ch\u0142on\u0105\u0107 ziele\u0144 mchu czy drzew. To miejsce, kt\u00f3re koi zmys\u0142y i pomaga odnale\u017a\u0107 wewn\u0119trzny spok\u00f3j. Cho\u0107 w zabieganej codzienno\u015bci cz\u0119sto trudno znale\u017a\u0107 okazj\u0119 do przebywania na \u0142onie przyrody, t\u0119sknota za jej blisko\u015bci\u0105 pozostaje w nas na d\u0142ugo. To dlatego le\u015bne motywy coraz cz\u0119\u015bciej goszcz\u0105 r\u00f3wnie\u017c w naszych domach.<\/p>\n<p>Aran\u017cacje w le\u015bnym stylu to \u015bwietny spos\u00f3b na urz\u0105dzenie wn\u0119trza zgodnego z natur\u0105. Nawet je\u015bli prawdziwy las pozostaje poza zasi\u0119giem wzroku, nic nie stoi na przeszkodzie, aby odtworzy\u0107 jego niesamowit\u0105 aur\u0119 we w\u0142asnych czterech \u015bcianach! <strong>Taki motyw przewodni w wystroju mieszkania pozwoli Ci wprowadzi\u0107 do wn\u0119trz spok\u00f3j, harmoni\u0119 i du\u017c\u0105 doz\u0119 przytulno\u015bci<\/strong>. Z tego powodu warto wykorzysta\u0107 go zw\u0142aszcza w pomieszczeniach przeznaczonych do relaksu, takich jak salon czy sypialnia.<\/p>\n<p>Komu przypadnie do gustu le\u015bny klimat? Przede wszystkim osobom ceni\u0105cym naturalne, subtelne aran\u017cacje pe\u0142ne stonowanych barw, ekologicznych materia\u0142\u00f3w a tak\u017ce licznych odwo\u0142a\u0144 do fauny i flory. To r\u00f3wnie\u017c doskona\u0142a propozycja dla fan\u00f3w skandynawskiej i rustykalnej estetyki.<\/p>\n<p>Zobacz r\u00f3wnie\u017c: &#8222;<a href=\"https:\/\/www.brw.pl\/blog\/salon-w-stylu-eko-poznaj-nowa-kolekcje-sawira\/\" target=\"_blank\" rel=\"noopener noreferrer\">Salon w stylu EKO \u2013 poznaj now\u0105 kolekcj\u0119 SAWIRA&#8221;.\u00a0<\/a><\/p>\n<h2><strong>Sypialnia w stylu le\u015bnym \u2013 zapewnij sobie zdrowy sen<\/strong><\/h2>\n<p>Jak zabra\u0107 si\u0119 za urz\u0105dzanie sypialni w stylu le\u015bnym? Na pocz\u0105tek zadbaj o to, by znalaz\u0142y si\u0119 w niej <strong>elementy w kolorach lasu: stonowane zielenie, rudo\u015bci, szaro\u015bci, br\u0105zy i be\u017ce s\u0105 podstaw\u0105 w palecie le\u015bnych barw<\/strong>. Nie musisz ogranicza\u0107 si\u0119 jednak do kolor\u00f3w ziemi. Dobrym wyborem b\u0119dzie r\u00f3wnie\u017c biel, fiolety, koj\u0105ce odcienie granatu oraz \u017c\u00f3\u0142\u0107 kojarz\u0105ca si\u0119 z jesiennymi li\u015b\u0107mi.<\/p>\n<p>Sypialni\u0119 w le\u015bnym stylu obowi\u0105zkowo wype\u0142niaj\u0105 <strong>naturalne materia\u0142y takie jak drewno, wiklina i rattan<\/strong>. Je\u015bli wi\u0119c rozgl\u0105dasz si\u0119 za odpowiednim wyposa\u017ceniem, we\u017a pod uwag\u0119 meble w g\u0142\u0119bokim d\u0119bowym wybarwieniu, odwzorowuj\u0105ce rysunek us\u0142ojenia drzewa.<\/p>\n<p>W strefie wypoczynku \u015bwietnie sprawdzi si\u0119 du\u017ce <a href=\"https:\/\/www.brw.pl\/lozka\/\" target=\"_blank\" rel=\"noopener noreferrer\">\u0142\u00f3\u017cko<\/a>, np. <strong>model Baylar <\/strong>z pod\u015bwietlanym wezg\u0142owiem, kt\u00f3re dopasuje si\u0119 do stylistyki le\u015bnego wn\u0119trza, a przy okazji zapewni Ci komfortowy sen. W pobli\u017cu warto umie\u015bci\u0107 niewielkie <a href=\"https:\/\/www.brw.pl\/szafki\/szafki-nocne\/\" target=\"_blank\" rel=\"noopener noreferrer\">szafki nocne<\/a> wyposa\u017cone w energooszcz\u0119dne o\u015bwietlenie LED.<\/p>\n<div style=\"display: flex; align-items: center; justify-content: center; text-align: center;\">\n<figure id=\"attachment_29597\" aria-describedby=\"caption-attachment-29597\" style=\"width: 800px\" class=\"wp-caption aligncenter\"><img decoding=\"async\" class=\"wp-image-29597 size-medium lazyload\" data-src=\"https:\/\/www.brw.pl\/blog\/wp-content\/uploads\/2023\/01\/Sypialnia-Baylar-800x540.jpg\" alt=\"Sypialnia Baylar\" width=\"800\" height=\"540\" data-srcset=\"https:\/\/www.brw.pl\/blog\/wp-content\/uploads\/2023\/01\/Sypialnia-Baylar-800x540.jpg 800w, https:\/\/www.brw.pl\/blog\/wp-content\/uploads\/2023\/01\/Sypialnia-Baylar-768x518.jpg 768w, https:\/\/www.brw.pl\/blog\/wp-content\/uploads\/2023\/01\/Sypialnia-Baylar-1536x1037.jpg 1536w, https:\/\/www.brw.pl\/blog\/wp-content\/uploads\/2023\/01\/Sypialnia-Baylar.jpg 1600w\" data-sizes=\"(max-width: 800px) 100vw, 800px\" src=\"data:image\/svg+xml;base64,PHN2ZyB3aWR0aD0iMSIgaGVpZ2h0PSIxIiB4bWxucz0iaHR0cDovL3d3dy53My5vcmcvMjAwMC9zdmciPjwvc3ZnPg==\" style=\"--smush-placeholder-width: 800px; --smush-placeholder-aspect-ratio: 800\/540;\" \/><figcaption id=\"caption-attachment-29597\" class=\"wp-caption-text\"><a href=\"https:\/\/www.brw.pl\/lozko-160-z-pojemnikiem-baylar,42033\" target=\"_blank\" rel=\"noopener noreferrer\"><span style=\"font-weight: 400;\">\u0141\u00f3\u017cko z pojemnikiem Baylar<\/span><\/a> &#8211; <a href=\"https:\/\/www.brw.pl\/szafka-nocna-baylar,42031\" target=\"_blank\" rel=\"noopener noreferrer\"><span style=\"font-weight: 400;\">Szafka nocna Baylar<\/span><\/a><\/figcaption><\/figure>\n<\/div>\n<p>Dodatki pasuj\u0105ce do sypialnianego wn\u0119trza to przede wszystkim <a href=\"https:\/\/www.brw.pl\/tekstylia\/\" target=\"_blank\" rel=\"noopener noreferrer\">tekstylia<\/a> z le\u015bnym motywem, ale te\u017c plakaty przywodz\u0105ce na my\u015bl le\u015bne wyprawy czy g\u00f3rskie w\u0119dr\u00f3wki. <strong>Ciekaw\u0105 ozdob\u0105 mo\u017ce by\u0107 dekoracyjny jele\u0144 zawieszony na \u015bcianie nad \u0142\u00f3\u017ckiem, a tak\u017ce obraz z pi\u0119knym ptakiem lub motywem ro\u015blinnym<\/strong> (li\u015bci paproci, sosnowych ga\u0142\u0105zek).<\/p>\n<p>Inny spos\u00f3b na le\u015bne kolory w sypialni? Butelkowozielona \u015bciana! Odpowiednie dekoracje w postaci \u017cywych ro\u015blin, florystycznych obraz\u00f3w, mi\u0119kkich koc\u00f3w i poduszek sprawi\u0105, \u017ce tak zaaran\u017cowane wn\u0119trze b\u0119dzie wyj\u0105tkowo pi\u0119knym miejscem. <strong>Do sypialni, w kt\u00f3rej kr\u00f3luje wyrazisty akcent kolorystyczny, dobierz neutralne wyposa\u017cenie<\/strong>. <a href=\"https:\/\/www.brw.pl\/komody\/\" target=\"_blank\" rel=\"noopener noreferrer\">Komoda<\/a>, szafka i \u0142\u00f3\u017cko w bia\u0142ym wybarwieniu sprawdz\u0105 si\u0119 znakomicie.<\/p>\n<div style=\"display: flex; align-items: center; justify-content: center; text-align: center;\">\n<figure id=\"attachment_29598\" aria-describedby=\"caption-attachment-29598\" style=\"width: 800px\" class=\"wp-caption aligncenter\"><img decoding=\"async\" class=\"wp-image-29598 size-medium lazyload\" data-src=\"https:\/\/www.brw.pl\/blog\/wp-content\/uploads\/2023\/01\/Sypialnia-Tetrix-800x471.jpg\" alt=\"Sypialnia Tetrix\" width=\"800\" height=\"471\" data-srcset=\"https:\/\/www.brw.pl\/blog\/wp-content\/uploads\/2023\/01\/Sypialnia-Tetrix-800x471.jpg 800w, https:\/\/www.brw.pl\/blog\/wp-content\/uploads\/2023\/01\/Sypialnia-Tetrix-768x452.jpg 768w, https:\/\/www.brw.pl\/blog\/wp-content\/uploads\/2023\/01\/Sypialnia-Tetrix-1536x904.jpg 1536w, https:\/\/www.brw.pl\/blog\/wp-content\/uploads\/2023\/01\/Sypialnia-Tetrix.jpg 1836w\" data-sizes=\"(max-width: 800px) 100vw, 800px\" src=\"data:image\/svg+xml;base64,PHN2ZyB3aWR0aD0iMSIgaGVpZ2h0PSIxIiB4bWxucz0iaHR0cDovL3d3dy53My5vcmcvMjAwMC9zdmciPjwvc3ZnPg==\" style=\"--smush-placeholder-width: 800px; --smush-placeholder-aspect-ratio: 800\/471;\" \/><figcaption id=\"caption-attachment-29598\" class=\"wp-caption-text\"><a href=\"https:\/\/www.brw.pl\/lozko-tetrix-160x200-z-pojemnikiem-biale,29414\" target=\"_blank\" rel=\"noopener noreferrer\"><span style=\"font-weight: 400;\">\u0141\u00f3\u017cko z pojemnikiem Tetrix<\/span><\/a><\/figcaption><\/figure>\n<\/div>\n<div style=\"display: flex; align-items: center; justify-content: center; text-align: center;\">\n<figure id=\"attachment_29600\" aria-describedby=\"caption-attachment-29600\" style=\"width: 350px\" class=\"wp-caption aligncenter\"><img decoding=\"async\" class=\"wp-image-29600 lazyload\" data-src=\"https:\/\/www.brw.pl\/blog\/wp-content\/uploads\/2023\/01\/Koc.jpg\" alt=\"Koc Fuero\" width=\"350\" height=\"263\" src=\"data:image\/svg+xml;base64,PHN2ZyB3aWR0aD0iMSIgaGVpZ2h0PSIxIiB4bWxucz0iaHR0cDovL3d3dy53My5vcmcvMjAwMC9zdmciPjwvc3ZnPg==\" style=\"--smush-placeholder-width: 350px; --smush-placeholder-aspect-ratio: 350\/263;\" \/><figcaption id=\"caption-attachment-29600\" class=\"wp-caption-text\"><a href=\"https:\/\/www.brw.pl\/koc-150x200-fuero,52189\" target=\"_blank\" rel=\"noopener noreferrer\"><span style=\"font-weight: 400;\">Koc Fuero<\/span><\/a><\/figcaption><\/figure>\n<figure id=\"attachment_29601\" aria-describedby=\"caption-attachment-29601\" style=\"width: 350px\" class=\"wp-caption aligncenter\"><img decoding=\"async\" class=\"wp-image-29601 lazyload\" data-src=\"https:\/\/www.brw.pl\/blog\/wp-content\/uploads\/2023\/01\/Poduszka-dekoracyjna-Trinity.jpg\" alt=\"Poduszka dekoracyjna Trinity\" width=\"350\" height=\"262\" src=\"data:image\/svg+xml;base64,PHN2ZyB3aWR0aD0iMSIgaGVpZ2h0PSIxIiB4bWxucz0iaHR0cDovL3d3dy53My5vcmcvMjAwMC9zdmciPjwvc3ZnPg==\" style=\"--smush-placeholder-width: 350px; --smush-placeholder-aspect-ratio: 350\/262;\" \/><figcaption id=\"caption-attachment-29601\" class=\"wp-caption-text\"><a href=\"https:\/\/www.brw.pl\/poduszka-dekoracyjna-trinity,43413\" target=\"_blank\" rel=\"noopener noreferrer\"><span style=\"font-weight: 400;\">Poduszka dekoracyjna Trinity<\/span><\/a><\/figcaption><\/figure>\n<p>\\<\/p>\n<\/div>\n<p>Je\u017celi chcesz, by w Twojej sypialni zapanowa\u0142a prawdziwie le\u015bna atmosfera, poku\u015b si\u0119 o naturalne dekoracje z mchu, np. oprawione w drewnian\u0105 ramk\u0119. Popularny chrobotek to \u015bwietny spos\u00f3b na ziele\u0144 w sypialni \u2013 taka ozdoba wygl\u0105da wspaniale o ka\u017cdej porze roku!<\/p>\n<h2><strong>Salon w stylu le\u015bnym \u2013 wypoczynek na \u0142onie natury<\/strong><\/h2>\n<p>Co powiesz na salon w le\u015bnym klimacie? Koj\u0105ce barwy natury, przytulne drewno i le\u015bne dodatki wspaniale o\u017cywi\u0105 r\u00f3wnie\u017c pok\u00f3j dzienny. Zapro\u015b do swojego wn\u0119trza meble \u0142\u0105cz\u0105ce po\u0142yskuj\u0105c\u0105 biel i barw\u0119 d\u0119bu. <a href=\"https:\/\/www.brw.pl\/witryny\/\" target=\"_blank\" rel=\"noopener noreferrer\">Witryna<\/a> i szafki z fornirem uk\u0142adaj\u0105cym si\u0119 w jode\u0142k\u0119 to \u015bwietna propozycja do salonu w stylu le\u015bnym.<\/p>\n<div style=\"display: flex; align-items: center; justify-content: center; text-align: center;\">\n<figure id=\"attachment_29602\" aria-describedby=\"caption-attachment-29602\" style=\"width: 800px\" class=\"wp-caption aligncenter\"><img decoding=\"async\" class=\"wp-image-29602 size-medium lazyload\" data-src=\"https:\/\/www.brw.pl\/blog\/wp-content\/uploads\/2023\/01\/Pok\u00f3j-dzienny-Rovika-800x540.jpg\" alt=\"Pok\u00f3j dzienny Rovika\" width=\"800\" height=\"540\" data-srcset=\"https:\/\/www.brw.pl\/blog\/wp-content\/uploads\/2023\/01\/Pok\u00f3j-dzienny-Rovika-800x540.jpg 800w, https:\/\/www.brw.pl\/blog\/wp-content\/uploads\/2023\/01\/Pok\u00f3j-dzienny-Rovika-768x518.jpg 768w, https:\/\/www.brw.pl\/blog\/wp-content\/uploads\/2023\/01\/Pok\u00f3j-dzienny-Rovika-1536x1037.jpg 1536w, https:\/\/www.brw.pl\/blog\/wp-content\/uploads\/2023\/01\/Pok\u00f3j-dzienny-Rovika.jpg 1600w\" data-sizes=\"(max-width: 800px) 100vw, 800px\" src=\"data:image\/svg+xml;base64,PHN2ZyB3aWR0aD0iMSIgaGVpZ2h0PSIxIiB4bWxucz0iaHR0cDovL3d3dy53My5vcmcvMjAwMC9zdmciPjwvc3ZnPg==\" style=\"--smush-placeholder-width: 800px; --smush-placeholder-aspect-ratio: 800\/540;\" \/><figcaption id=\"caption-attachment-29602\" class=\"wp-caption-text\"><a href=\"https:\/\/www.brw.pl\/witryna-rovika,37476\" target=\"_blank\" rel=\"noopener noreferrer\"><span style=\"font-weight: 400;\">Witryna Rovika<\/span><\/a><\/figcaption><\/figure>\n<\/div>\n<p>Dla wzmocnienia efektu warto pokusi\u0107 si\u0119 o oryginaln\u0105 aran\u017cacj\u0119 \u015bciany. <strong>Fototapeta z motywem li\u015bci odegra we wn\u0119trzu g\u0142\u00f3wn\u0105 rol\u0119!<\/strong> Je\u017celi nie chcesz decydowa\u0107 si\u0119 na tak wyrazisty print, pomy\u015bl o \u015bciennej kompozycji z drewnianych lameli \u2013 dekoracja tego rodzaju prezentuje si\u0119 elegancko, a jednocze\u015bnie w subtelny spos\u00f3b nawi\u0105zuje do natury.<\/p>\n<p>Stref\u0119 wypoczynkow\u0105 inspirowan\u0105 koncepcj\u0105 lasu warto wyposa\u017cy\u0107 w wygodn\u0105 <a href=\"https:\/\/www.brw.pl\/sofy\/\" target=\"_blank\" rel=\"noopener noreferrer\">kanap\u0119<\/a> o prostym designie. Wybieraj meble w zieleni, br\u0105zach lub musztardowych \u017c\u00f3\u0142ciach. \u015awietnym uzupe\u0142nieniem pokoju dziennego w le\u015bnym klimacie b\u0119dzie <strong>wersalka Viola<\/strong> w hipnotyzuj\u0105co \u017c\u00f3\u0142tym kolorze. Dobieraj\u0105c do niej bordowe i br\u0105zowe poduszki, zaaran\u017cujesz przytuln\u0105 przestrze\u0144 barwn\u0105 niczym wachlarz jesiennych li\u015bci.<\/p>\n<div style=\"display: flex; align-items: center; justify-content: center; text-align: center;\">\n<figure id=\"attachment_29603\" aria-describedby=\"caption-attachment-29603\" style=\"width: 800px\" class=\"wp-caption aligncenter\"><img decoding=\"async\" class=\"wp-image-29603 size-medium lazyload\" data-src=\"https:\/\/www.brw.pl\/blog\/wp-content\/uploads\/2023\/01\/Wersalka-Viola-800x540.jpg\" alt=\"Wersalka Viola\" width=\"800\" height=\"540\" data-srcset=\"https:\/\/www.brw.pl\/blog\/wp-content\/uploads\/2023\/01\/Wersalka-Viola-800x540.jpg 800w, https:\/\/www.brw.pl\/blog\/wp-content\/uploads\/2023\/01\/Wersalka-Viola-768x518.jpg 768w, https:\/\/www.brw.pl\/blog\/wp-content\/uploads\/2023\/01\/Wersalka-Viola-1536x1037.jpg 1536w, https:\/\/www.brw.pl\/blog\/wp-content\/uploads\/2023\/01\/Wersalka-Viola.jpg 1600w\" data-sizes=\"(max-width: 800px) 100vw, 800px\" src=\"data:image\/svg+xml;base64,PHN2ZyB3aWR0aD0iMSIgaGVpZ2h0PSIxIiB4bWxucz0iaHR0cDovL3d3dy53My5vcmcvMjAwMC9zdmciPjwvc3ZnPg==\" style=\"--smush-placeholder-width: 800px; --smush-placeholder-aspect-ratio: 800\/540;\" \/><figcaption id=\"caption-attachment-29603\" class=\"wp-caption-text\"><a href=\"https:\/\/www.brw.pl\/wersalka-viola,46235\" target=\"_blank\" rel=\"noopener noreferrer\"><span style=\"font-weight: 400;\">Wersalka Viola<\/span><\/a><\/figcaption><\/figure>\n<\/div>\n<p>W salonie inspirowanym przyrod\u0105 nie mo\u017ce zabrakn\u0105\u0107 \u017cywych ro\u015blin: li\u015bcie paproci, bluszcz a nawet <a href=\"https:\/\/www.brw.pl\/dekoracje\/donice\/\" target=\"_blank\" rel=\"noopener noreferrer\">doniczki<\/a> pe\u0142ne zi\u00f3\u0142 czy \u015bwie\u017ce kwiaty w wazonie pozwol\u0105 Ci przenie\u015b\u0107 si\u0119 na \u0142ono natury bez wychodzenia z domu. W strefie dziennej doskonale sprawdz\u0105 si\u0119 te\u017c kosze z rattanu lub wikliny \u2013 te w mniejszych rozmiarach z powodzeniem mog\u0105 zast\u0105pi\u0107 os\u0142onki na donice.<\/p>\n<p>Mieszkanie urz\u0105dzone w le\u015bnym stylu to miejsce, do kt\u00f3rego chce si\u0119 wraca\u0107, by odetchn\u0105\u0107 po m\u0119cz\u0105cym dniu. Zaaran\u017cuj wn\u0119trze pe\u0142ne wygodnych mebli i dodatk\u00f3w przywodz\u0105cych na my\u015bl prawdziwy las. Wszystkie niezb\u0119dne elementy wyposa\u017cenia znajdziesz w <a href=\"https:\/\/www.brw.pl\/\" target=\"_blank\" rel=\"noopener noreferrer\">sklepie internetowym Black Red White<\/a>. Zainspiruj si\u0119 do wielkich zmian w swoim domu!<\/p>\n","protected":false},"excerpt":{"rendered":"<p>Widok lasu ci\u0105gn\u0105cego si\u0119 po horyzont wprawia Ci\u0119 w b\u0142ogi nastr\u00f3j? A gdyby tak ka\u017cdy powr\u00f3t do domu zapewnia\u0142 Ci cho\u0107 namiastk\u0119 tych wra\u017ce\u0144? Zobacz, jak urz\u0105dzi\u0107 wn\u0119trza rodem z le\u015bnej scenerii i zanurz si\u0119 w zieleni&#8230; swojej sypialni lub salonu!<\/p>\n","protected":false},"author":21,"featured_media":29595,"comment_status":"closed","ping_status":"open","sticky":false,"template":"","format":"standard","meta":{"footnotes":""},"categories":[28,735,573,29],"tags":[],"aioseo_notices":[],"_links":{"self":[{"href":"https:\/\/www.brw.pl\/blog\/wp-json\/wp\/v2\/posts\/29593"}],"collection":[{"href":"https:\/\/www.brw.pl\/blog\/wp-json\/wp\/v2\/posts"}],"about":[{"href":"https:\/\/www.brw.pl\/blog\/wp-json\/wp\/v2\/types\/post"}],"author":[{"embeddable":true,"href":"https:\/\/www.brw.pl\/blog\/wp-json\/wp\/v2\/users\/21"}],"replies":[{"embeddable":true,"href":"https:\/\/www.brw.pl\/blog\/wp-json\/wp\/v2\/comments?post=29593"}],"version-history":[{"count":2,"href":"https:\/\/www.brw.pl\/blog\/wp-json\/wp\/v2\/posts\/29593\/revisions"}],"predecessor-version":[{"id":29608,"href":"https:\/\/www.brw.pl\/blog\/wp-json\/wp\/v2\/posts\/29593\/revisions\/29608"}],"wp:featuredmedia":[{"embeddable":true,"href":"https:\/\/www.brw.pl\/blog\/wp-json\/wp\/v2\/media\/29595"}],"wp:attachment":[{"href":"https:\/\/www.brw.pl\/blog\/wp-json\/wp\/v2\/media?parent=29593"}],"wp:term":[{"taxonomy":"category","embeddable":true,"href":"https:\/\/www.brw.pl\/blog\/wp-json\/wp\/v2\/categories?post=29593"},{"taxonomy":"post_tag","embeddable":true,"href":"https:\/\/www.brw.pl\/blog\/wp-json\/wp\/v2\/tags?post=29593"}],"curies":[{"name":"wp","href":"https:\/\/api.w.org\/{rel}","templated":true}]}}