{"id":29763,"date":"2023-02-01T23:20:44","date_gmt":"2023-02-01T22:20:44","guid":{"rendered":"https:\/\/www.brw.pl\/blog\/?p=29763"},"modified":"2023-09-06T17:04:43","modified_gmt":"2023-09-06T15:04:43","slug":"trend-alert-czarna-sypialnia-z-drewnem","status":"publish","type":"post","link":"https:\/\/www.brw.pl\/blog\/trend-alert-czarna-sypialnia-z-drewnem\/","title":{"rendered":"Trend alert: czarna sypialnia z drewnem!"},"content":{"rendered":"<p><strong>Po\u0142\u0105czenie czerni i drewna to jeden z najmocniejszych trend\u00f3w ostatnich sezon\u00f3w. Nie ma si\u0119 czemu dziwi\u0107 \u2013 wn\u0119trza zaaran\u017cowane w tej kolorystyce uchodz\u0105 za ponadczasowy klasyk i znak luksusu. Dzi\u015b zapraszamy Ci\u0119 do odkrycia zalet czarnej sypialni: poka\u017cemy Ci, jak urz\u0105dzi\u0107 perfekcyjn\u0105 stref\u0119 snu w czerni i drewnie. <\/strong><!--more--><\/p>\n<div style=\"display: flex; align-items: center; justify-content: center; text-align: center;\">\n<figure id=\"attachment_29764\" aria-describedby=\"caption-attachment-29764\" style=\"width: 800px\" class=\"wp-caption aligncenter\"><img decoding=\"async\" class=\"wp-image-29764 size-medium lazyload\" data-src=\"https:\/\/www.brw.pl\/blog\/wp-content\/uploads\/2023\/02\/Czarna-sypialnia-z-drewnem-Kassel-800x540.jpg\" alt=\"Czarna sypialnia z drewnem - Kassel\" width=\"800\" height=\"540\" data-srcset=\"https:\/\/www.brw.pl\/blog\/wp-content\/uploads\/2023\/02\/Czarna-sypialnia-z-drewnem-Kassel-800x540.jpg 800w, https:\/\/www.brw.pl\/blog\/wp-content\/uploads\/2023\/02\/Czarna-sypialnia-z-drewnem-Kassel-768x518.jpg 768w, https:\/\/www.brw.pl\/blog\/wp-content\/uploads\/2023\/02\/Czarna-sypialnia-z-drewnem-Kassel-1536x1037.jpg 1536w, https:\/\/www.brw.pl\/blog\/wp-content\/uploads\/2023\/02\/Czarna-sypialnia-z-drewnem-Kassel.jpg 1600w\" data-sizes=\"(max-width: 800px) 100vw, 800px\" src=\"data:image\/svg+xml;base64,PHN2ZyB3aWR0aD0iMSIgaGVpZ2h0PSIxIiB4bWxucz0iaHR0cDovL3d3dy53My5vcmcvMjAwMC9zdmciPjwvc3ZnPg==\" style=\"--smush-placeholder-width: 800px; --smush-placeholder-aspect-ratio: 800\/540;\" \/><figcaption id=\"caption-attachment-29764\" class=\"wp-caption-text\"><a href=\"https:\/\/www.brw.pl\/katalog-produktow\/sypialnia-kolekcja-kassel\/\" target=\"_blank\" rel=\"noopener noreferrer\"><span style=\"font-weight: 400;\">Kolekcja Kassel<\/span><\/a><\/figcaption><\/figure>\n<\/div>\n<h2><strong>Czarna sypialnia z drewnem \u2013 wn\u0119trze, kt\u00f3re inspiruje!<\/strong><\/h2>\n<p data-pm-slice=\"1 1 []\">Czer\u0144, cho\u0107 ponadczasowa, przez wielu uwa\u017cana jest za kolor \u017ca\u0142oby i smutku. Nie bez powodu \u2013 definiowana jako przeciwie\u0144stwo \u015bwiat\u0142a w kulturze symbolizuje pustk\u0119 i mrok. <strong>Jednak z u\u017cytkowego punktu widzenia kolor czarny ma wiele zalet: jest uniwersalny, elegancki i doskonale \u0142\u0105czy si\u0119 z innymi barwami<\/strong>. <span data-color=\"var(--purple-10)\">Niewa\u017cne, czy b\u0119d\u0105 to ciemne, nasycone kolory (np. granat, burgund, butelkowa ziele\u0144), czy pastelowe odcienie (pudrowy r\u00f3\u017c, seledyn albo blady b\u0142\u0119kit) &#8211; czerni we wszystkim do twarzy. <\/span>W \u015bwiecie <em>fashion<\/em> \u015bwi\u0119ci triumfy od dawna, a obecnie coraz \u015bmielej wykorzystywany jest tak\u017ce w najmodniejszych aran\u017cacjach wn\u0119trz.<\/p>\n<p>Co istotne, w sypialniach pod\u0105\u017caj\u0105cych za topowymi trendami czer\u0144 nie jest jedynie kolorem dodatk\u00f3w, lecz wiod\u0105cym motywem aran\u017cacji. Brzmi przyt\u0142aczaj\u0105co? Nic z tych rzeczy! <strong>Pok\u00f3j sypialny, w kt\u00f3rym na pierwszy plan wysuwaj\u0105 si\u0119 czarne \u015bciany, drewniane meble i mocne akcenty w czarnym kolorze, to kwintesencja elegancji<\/strong> \u2013 tak urz\u0105dzona przestrze\u0144 prezentuje si\u0119 stylowo, nowocze\u015bnie i bardzo efektownie.<\/p>\n<p>Czer\u0144 i drewno to po\u0142\u0105czenie kolorystyczne idealne do du\u017cych sypialni. Nie oznacza to jednak, \u017ce posiadaj\u0105c niewielki metra\u017c, musisz zapomnie\u0107 o modnej aran\u017cacji! <strong>Ma\u0142a czarna sypialnia r\u00f3wnie\u017c mo\u017ce budzi\u0107 zachwyt, szczeg\u00f3lnie je\u015bli czer\u0144 po\u0142\u0105czysz w niej z kontrastow\u0105 biel\u0105 i zadbasz o odpowiednie do\u015bwietlenie wn\u0119trza<\/strong>. W\u00f3wczas pomieszczenie stanie si\u0119 optycznie wi\u0119ksze, a ciemna barwa nie b\u0119dzie przyt\u0142aczaj\u0105ca.<\/p>\n<h3 data-pm-slice=\"1 1 []\"><strong>Czarnia sypialnia z drewnem &#8211; komu przypadnie do gustu?<\/strong><\/h3>\n<p data-pm-slice=\"1 1 []\">Komu spodoba si\u0119 czarna sypialnia? R\u00f3\u017cnorodne aran\u017cacje z czerni\u0105 i drewnem przypadn\u0105 do gustu przede wszystkim <strong>mi\u0142o\u015bnikom stylu glamour, modnej estetyki loft czy minimalizmu<\/strong>. <span data-color=\"var(--purple-10)\">Sypialnie w stylu skandynawskim te\u017c nie pogardz\u0105 tym po\u0142\u0105czeniem, ale w takich wn\u0119trzach czer\u0144 nie powinna przewa\u017ca\u0107, wystarczy j\u0105 delikatnie zaakcentowa\u0107.<\/span> Nowoczesna sypialnia z czarn\u0105 \u015bcian\u0105 i wyposa\u017ceniem w ciemnych kolorach to r\u00f3wnie\u017c \u015bwietna propozycja dla stylowych m\u0119\u017cczyzn.<\/p>\n<p>Chcesz wiedzie\u0107, jak urz\u0105dzi\u0107 m\u0119sk\u0105 sypialni\u0119 z charakterem? Wi\u0119cej na ten temat przeczytasz w naszym artykule: \u201e<a href=\"https:\/\/www.brw.pl\/blog\/meska-sypialnia-inspiracje\/\" target=\"_blank\" rel=\"noopener noreferrer\">M\u0119ska sypialnia \u2013 inspiracje\u201d.<\/a><\/p>\n<h2><strong>Sypialnia czarna z drewnem \u2013 jakie meble i dodatki wybra\u0107?<\/strong><\/h2>\n<p>Jakie meble i dodatki pomog\u0105 Ci urz\u0105dzi\u0107 sypialni\u0119 w czerni i drewnie? Wiele zale\u017cy od tego, w jakim stylu chcesz zaaran\u017cowa\u0107 wn\u0119trze. W eleganckich aran\u017cacjach z nowoczesnym rysem \u015bwietnie sprawdz\u0105 si\u0119 meble o podwy\u017cszonym standardzie, solidnych bry\u0142ach i wsp\u00f3\u0142czesnym designie. <strong>Doskona\u0142ym wyborem b\u0119d\u0105 modele w podw\u00f3jnym wybarwieniu, \u0142\u0105cz\u0105cym dekor drewna z czarnymi elementami<\/strong>.<\/p>\n<p>Czarn\u0105 sypialni\u0119 z drewnem uzupe\u0142nij dodatkami \u2013 najlepiej takimi, kt\u00f3re wprowadz\u0105 do wn\u0119trza przytulne nuty. <span data-color=\"var(--purple-10)\">Pami\u0119taj, \u017ce nale\u017c\u0105 do nich r\u00f3wnie\u017c \u017cywe ro\u015bliny. <\/span><\/p>\n<p>Rozgl\u0105dasz si\u0119 za konkretnym wyposa\u017ceniem? Oto <span data-color=\"var(--purple-10)\">pomys\u0142y na modny wystr\u00f3j czarnej sypialni z drewnem, czyli meble i dodatki od Black Red White!<\/span><\/p>\n<div style=\"display: flex; align-items: center; justify-content: center; text-align: center;\">\n<figure id=\"attachment_29765\" aria-describedby=\"caption-attachment-29765\" style=\"width: 600px\" class=\"wp-caption aligncenter\"><img decoding=\"async\" class=\"wp-image-29765 lazyload\" data-src=\"https:\/\/www.brw.pl\/blog\/wp-content\/uploads\/2023\/02\/Szafa-Kassel-800x540.jpg\" alt=\"Szafa Kassel\" width=\"600\" height=\"405\" data-srcset=\"https:\/\/www.brw.pl\/blog\/wp-content\/uploads\/2023\/02\/Szafa-Kassel-800x540.jpg 800w, https:\/\/www.brw.pl\/blog\/wp-content\/uploads\/2023\/02\/Szafa-Kassel-768x518.jpg 768w, https:\/\/www.brw.pl\/blog\/wp-content\/uploads\/2023\/02\/Szafa-Kassel-1536x1037.jpg 1536w, https:\/\/www.brw.pl\/blog\/wp-content\/uploads\/2023\/02\/Szafa-Kassel.jpg 1600w\" data-sizes=\"(max-width: 600px) 100vw, 600px\" src=\"data:image\/svg+xml;base64,PHN2ZyB3aWR0aD0iMSIgaGVpZ2h0PSIxIiB4bWxucz0iaHR0cDovL3d3dy53My5vcmcvMjAwMC9zdmciPjwvc3ZnPg==\" style=\"--smush-placeholder-width: 600px; --smush-placeholder-aspect-ratio: 600\/405;\" \/><figcaption id=\"caption-attachment-29765\" class=\"wp-caption-text\"><a href=\"https:\/\/www.brw.pl\/szafa-przesuwna-garderoba-kassel-270-dab-monastery,47987\" target=\"_blank\" rel=\"noopener noreferrer\"><span style=\"font-weight: 400;\">Szafa Kassel<\/span><\/a><\/figcaption><\/figure>\n<\/div>\n<p data-pm-slice=\"1 1 []\"><strong>Szafa Kassel<\/strong> z przesuwnymi drzwiami <span data-color=\"var(--purple-10)\">doskonale sprawdzi si\u0119 w aran\u017cacji sypialni w nowoczesnym stylu<\/span>. Wybarwienie w dw\u00f3ch kolorach: <em>d\u0105b monastery<\/em> i <em>d\u0105b czarny<\/em> dodaje bryle elegancji. Mebel wyposa\u017cony w p\u00f3\u0142ki i dr\u0105\u017cki zapewni wystarczaj\u0105co du\u017co miejsca do przechowywania po\u015bcieli, ubra\u0144 i innych osobistych przedmiot\u00f3w.<\/p>\n<div style=\"display: flex; align-items: center; justify-content: center; text-align: center;\">\n<figure id=\"attachment_29766\" aria-describedby=\"caption-attachment-29766\" style=\"width: 800px\" class=\"wp-caption aligncenter\"><img decoding=\"async\" class=\"wp-image-29766 size-medium lazyload\" data-src=\"https:\/\/www.brw.pl\/blog\/wp-content\/uploads\/2023\/02\/\u0141\u00f3\u017cko-Kassel-800x540.jpg\" alt=\"\u0141\u00f3\u017cko Kassel\" width=\"800\" height=\"540\" data-srcset=\"https:\/\/www.brw.pl\/blog\/wp-content\/uploads\/2023\/02\/\u0141\u00f3\u017cko-Kassel-800x540.jpg 800w, https:\/\/www.brw.pl\/blog\/wp-content\/uploads\/2023\/02\/\u0141\u00f3\u017cko-Kassel-768x518.jpg 768w, https:\/\/www.brw.pl\/blog\/wp-content\/uploads\/2023\/02\/\u0141\u00f3\u017cko-Kassel-1536x1037.jpg 1536w, https:\/\/www.brw.pl\/blog\/wp-content\/uploads\/2023\/02\/\u0141\u00f3\u017cko-Kassel.jpg 1600w\" data-sizes=\"(max-width: 800px) 100vw, 800px\" src=\"data:image\/svg+xml;base64,PHN2ZyB3aWR0aD0iMSIgaGVpZ2h0PSIxIiB4bWxucz0iaHR0cDovL3d3dy53My5vcmcvMjAwMC9zdmciPjwvc3ZnPg==\" style=\"--smush-placeholder-width: 800px; --smush-placeholder-aspect-ratio: 800\/540;\" \/><figcaption id=\"caption-attachment-29766\" class=\"wp-caption-text\"><a href=\"https:\/\/www.brw.pl\/lozko-160-kassel,31086\" target=\"_blank\" rel=\"noopener noreferrer\"><span style=\"font-weight: 400;\">\u0141\u00f3\u017cko 160 Kassel<\/span><\/a><\/figcaption><\/figure>\n<\/div>\n<p><strong>\u0141\u00f3\u017cko Kassel<\/strong> to \u015bwietna propozycja do przestronnej sypialni, w kt\u00f3rej dominuj\u0105 czarne meble i stonowane dodatki. Szerokie dwuosobowe \u0142\u00f3\u017cko wyposa\u017cone jest w zintegrowane szafki nocne i o\u015bwietlenie LED sterowane za pomoc\u0105 panelu dotykowego. Dzi\u0119ki tapicerowanemu wezg\u0142owiu z czarnej ekosk\u00f3ry mebel prezentuje si\u0119 efektownie i zapewnia jeszcze wi\u0119ksz\u0105 wygod\u0119.<\/p>\n<div style=\"display: flex; align-items: center; justify-content: center; text-align: center;\">\n<figure id=\"attachment_29767\" aria-describedby=\"caption-attachment-29767\" style=\"width: 400px\" class=\"wp-caption aligncenter\"><img decoding=\"async\" class=\"wp-image-29767 lazyload\" data-src=\"https:\/\/www.brw.pl\/blog\/wp-content\/uploads\/2023\/02\/Obraz-Black-Woman-1-800x540.jpg\" alt=\"Obraz Black Woman 1\" width=\"400\" height=\"270\" data-srcset=\"https:\/\/www.brw.pl\/blog\/wp-content\/uploads\/2023\/02\/Obraz-Black-Woman-1-800x540.jpg 800w, https:\/\/www.brw.pl\/blog\/wp-content\/uploads\/2023\/02\/Obraz-Black-Woman-1-768x518.jpg 768w, https:\/\/www.brw.pl\/blog\/wp-content\/uploads\/2023\/02\/Obraz-Black-Woman-1-1536x1037.jpg 1536w, https:\/\/www.brw.pl\/blog\/wp-content\/uploads\/2023\/02\/Obraz-Black-Woman-1.jpg 1600w\" data-sizes=\"(max-width: 400px) 100vw, 400px\" src=\"data:image\/svg+xml;base64,PHN2ZyB3aWR0aD0iMSIgaGVpZ2h0PSIxIiB4bWxucz0iaHR0cDovL3d3dy53My5vcmcvMjAwMC9zdmciPjwvc3ZnPg==\" style=\"--smush-placeholder-width: 400px; --smush-placeholder-aspect-ratio: 400\/270;\" \/><figcaption id=\"caption-attachment-29767\" class=\"wp-caption-text\"><a href=\"https:\/\/www.brw.pl\/obraz-black-women,23220\" target=\"_blank\" rel=\"noopener noreferrer\"><span style=\"font-weight: 400;\">Obraz Black Woman 1<\/span><\/a><\/figcaption><\/figure>\n<figure id=\"attachment_29768\" aria-describedby=\"caption-attachment-29768\" style=\"width: 400px\" class=\"wp-caption aligncenter\"><img decoding=\"async\" class=\"wp-image-29768 lazyload\" data-src=\"https:\/\/www.brw.pl\/blog\/wp-content\/uploads\/2023\/02\/Obraz-Black-Woman2-800x540.jpg\" alt=\"Obraz Black Woman2\" width=\"400\" height=\"270\" data-srcset=\"https:\/\/www.brw.pl\/blog\/wp-content\/uploads\/2023\/02\/Obraz-Black-Woman2-800x540.jpg 800w, https:\/\/www.brw.pl\/blog\/wp-content\/uploads\/2023\/02\/Obraz-Black-Woman2-768x518.jpg 768w, https:\/\/www.brw.pl\/blog\/wp-content\/uploads\/2023\/02\/Obraz-Black-Woman2-1536x1037.jpg 1536w, https:\/\/www.brw.pl\/blog\/wp-content\/uploads\/2023\/02\/Obraz-Black-Woman2.jpg 1600w\" data-sizes=\"(max-width: 400px) 100vw, 400px\" src=\"data:image\/svg+xml;base64,PHN2ZyB3aWR0aD0iMSIgaGVpZ2h0PSIxIiB4bWxucz0iaHR0cDovL3d3dy53My5vcmcvMjAwMC9zdmciPjwvc3ZnPg==\" style=\"--smush-placeholder-width: 400px; --smush-placeholder-aspect-ratio: 400\/270;\" \/><figcaption id=\"caption-attachment-29768\" class=\"wp-caption-text\"><a href=\"https:\/\/www.brw.pl\/obraz-black-women,23221\" target=\"_blank\" rel=\"noopener noreferrer\"><span style=\"font-weight: 400;\">Obraz Black Woman 2<\/span><\/a><\/figcaption><\/figure>\n<\/div>\n<p>Z <a href=\"https:\/\/www.brw.pl\/dekoracje\/dekoracje-scienne\/\" target=\"_blank\" rel=\"noopener noreferrer\">dekoracjami \u015bciennymi<\/a> takimi jak grafiki, Twoja sypialnia stanie si\u0119 miejscem dopracowanym w ka\u017cdym calu. <strong>Obrazy Black Woman<\/strong> to oryginalne detale, dzi\u0119ki kt\u00f3rym ciemna sypialnia nabierze wyrazu.<\/p>\n<div style=\"display: flex; align-items: center; justify-content: center; text-align: center;\">\n<figure id=\"attachment_29769\" aria-describedby=\"caption-attachment-29769\" style=\"width: 600px\" class=\"wp-caption aligncenter\"><img decoding=\"async\" class=\"wp-image-29769 lazyload\" data-src=\"https:\/\/www.brw.pl\/blog\/wp-content\/uploads\/2023\/02\/Lampa-pod\u0142ogowa-Denver-800x540.jpg\" alt=\"Lampa pod\u0142ogowa Denver\" width=\"600\" height=\"405\" data-srcset=\"https:\/\/www.brw.pl\/blog\/wp-content\/uploads\/2023\/02\/Lampa-pod\u0142ogowa-Denver-800x540.jpg 800w, https:\/\/www.brw.pl\/blog\/wp-content\/uploads\/2023\/02\/Lampa-pod\u0142ogowa-Denver-768x518.jpg 768w, https:\/\/www.brw.pl\/blog\/wp-content\/uploads\/2023\/02\/Lampa-pod\u0142ogowa-Denver-1536x1037.jpg 1536w, https:\/\/www.brw.pl\/blog\/wp-content\/uploads\/2023\/02\/Lampa-pod\u0142ogowa-Denver.jpg 1600w\" data-sizes=\"(max-width: 600px) 100vw, 600px\" src=\"data:image\/svg+xml;base64,PHN2ZyB3aWR0aD0iMSIgaGVpZ2h0PSIxIiB4bWxucz0iaHR0cDovL3d3dy53My5vcmcvMjAwMC9zdmciPjwvc3ZnPg==\" style=\"--smush-placeholder-width: 600px; --smush-placeholder-aspect-ratio: 600\/405;\" \/><figcaption id=\"caption-attachment-29769\" class=\"wp-caption-text\"><a href=\"https:\/\/www.brw.pl\/lampa-podlogowa-denver,9876\" target=\"_blank\" rel=\"noopener noreferrer\"><span style=\"font-weight: 400;\">Lampa pod\u0142ogowa Denver<\/span><\/a><\/figcaption><\/figure>\n<\/div>\n<p>W sypialni z czerni\u0105 i drewnem najlepiej sprawdz\u0105 si\u0119 <a href=\"https:\/\/www.brw.pl\/katalog-produktow\/asortyment-dodatki\/\" target=\"_blank\" rel=\"noopener noreferrer\">dodatki<\/a> w kontrastowych barwach. Zadbaj wi\u0119c o to, by opr\u00f3cz czarnych element\u00f3w, w pomieszczeniu pojawi\u0142y si\u0119 r\u00f3wnie\u017c ja\u015bniejsze akcenty. Bia\u0142a lampa pod\u0142ogowa osadzona na tr\u00f3jnogu bezb\u0142\u0119dnie wpisze si\u0119 w nowoczesn\u0105 aran\u017cacj\u0119. <strong>Model Denver<\/strong> z klasycznym aba\u017curem przypadnie do gustu mi\u0142o\u015bnikom dobrego designu.<\/p>\n<h2><strong>Sypialnia drewno i czer\u0144 \u2013 aran\u017cacje <\/strong><\/h2>\n<p>Czarna sypialnia elegancka i stylowa? Jak najbardziej! Je\u015bli nie masz pomys\u0142u na wystr\u00f3j sypialni w czerni i drewnie, przychodzimy z pomoc\u0105. Zainspiruj si\u0119 naszymi aran\u017cacjami \u2013 by\u0107 mo\u017ce dzi\u0119ki nim znajdziesz spos\u00f3b na w\u0142asne, wyj\u0105tkowe wn\u0119trze.<\/p>\n<div style=\"display: flex; align-items: center; justify-content: center; text-align: center;\">\n<figure id=\"attachment_29770\" aria-describedby=\"caption-attachment-29770\" style=\"width: 800px\" class=\"wp-caption aligncenter\"><img decoding=\"async\" class=\"wp-image-29770 size-medium lazyload\" data-src=\"https:\/\/www.brw.pl\/blog\/wp-content\/uploads\/2023\/02\/Czarna-sypialnia-z-drewnem-Forn-800x540.jpg\" alt=\"Czarna sypialnia z drewnem - Forn\" width=\"800\" height=\"540\" data-srcset=\"https:\/\/www.brw.pl\/blog\/wp-content\/uploads\/2023\/02\/Czarna-sypialnia-z-drewnem-Forn-800x540.jpg 800w, https:\/\/www.brw.pl\/blog\/wp-content\/uploads\/2023\/02\/Czarna-sypialnia-z-drewnem-Forn-768x518.jpg 768w, https:\/\/www.brw.pl\/blog\/wp-content\/uploads\/2023\/02\/Czarna-sypialnia-z-drewnem-Forn-1536x1037.jpg 1536w, https:\/\/www.brw.pl\/blog\/wp-content\/uploads\/2023\/02\/Czarna-sypialnia-z-drewnem-Forn.jpg 1600w\" data-sizes=\"(max-width: 800px) 100vw, 800px\" src=\"data:image\/svg+xml;base64,PHN2ZyB3aWR0aD0iMSIgaGVpZ2h0PSIxIiB4bWxucz0iaHR0cDovL3d3dy53My5vcmcvMjAwMC9zdmciPjwvc3ZnPg==\" style=\"--smush-placeholder-width: 800px; --smush-placeholder-aspect-ratio: 800\/540;\" \/><figcaption id=\"caption-attachment-29770\" class=\"wp-caption-text\"><a href=\"https:\/\/www.brw.pl\/lozko-160-z-pojemnikiem-forn,48565\" target=\"_blank\" rel=\"noopener noreferrer\"><span style=\"font-weight: 400;\">\u0141\u00f3\u017cko 160 z pojemnikiem Forn<\/span><\/a> &#8211; <a href=\"https:\/\/www.brw.pl\/toaletka-forn,48575\" target=\"_blank\" rel=\"noopener noreferrer\"><span style=\"font-weight: 400;\">Toaletka Forn<\/span><\/a> &#8211; <a href=\"https:\/\/www.brw.pl\/szafa-uchylna-forn-180-trzydrzwiowa-dab-delano-czarny-mat,48571\" target=\"_blank\" rel=\"noopener noreferrer\"><span style=\"font-weight: 400;\">Szafa Forn<\/span><\/a><\/figcaption><\/figure>\n<\/div>\n<p>Je\u015bli opatrzy\u0142y Ci si\u0119 sypialnie, w kt\u00f3rych kr\u00f3luj\u0105 bia\u0142e \u015bciany (b\u0105d\u017a bia\u0142e meble), <strong>aran\u017cacja z kolekcj\u0105 Forn<\/strong> z pewno\u015bci\u0105 przykuje Twoj\u0105 uwag\u0119. Czarne \u015bciany zdobione sztukateri\u0105 to najmocniejszy punkt prezentowanego wystroju.<\/p>\n<p>W strefie snu znalaz\u0142o si\u0119 du\u017ce \u0142\u00f3\u017cko w d\u0119bowym kolorze wyko\u0144czone czarnym, dekoracyjnym wezg\u0142owiem. Sypialni\u0119 wype\u0142niaj\u0105 te\u017c pozosta\u0142e meble z kolekcji: niewielkie <a href=\"https:\/\/www.brw.pl\/meble\/przechowywanie\/szafki\/szafki-nocne\/\" target=\"_blank\" rel=\"noopener noreferrer\">szafki nocne<\/a>, trzydrzwiowa szafa oraz elegancka <a href=\"https:\/\/www.brw.pl\/meble\/przechowywanie\/toaletki\/\" target=\"_blank\" rel=\"noopener noreferrer\">toaletka<\/a> z pojemn\u0105 szuflad\u0105.<\/p>\n<p>We wn\u0119trzu uwag\u0119 zwraca pod\u0142oga \u2013 pokrywaj\u0105 j\u0105 panele u\u0142o\u017cone w jode\u0142k\u0119. Lampy w industrialnym stylu podkre\u015blaj\u0105 nowoczesny design aran\u017cacji, a pastelowe dodatki takie jak krzes\u0142o czy po\u015bciel dodaj\u0105 jej po\u017c\u0105danej lekko\u015bci.<\/p>\n<div style=\"display: flex; align-items: center; justify-content: center; text-align: center;\">\n<figure id=\"attachment_29771\" aria-describedby=\"caption-attachment-29771\" style=\"width: 800px\" class=\"wp-caption aligncenter\"><img decoding=\"async\" class=\"wp-image-29771 size-medium lazyload\" data-src=\"https:\/\/www.brw.pl\/blog\/wp-content\/uploads\/2023\/02\/Sypialnia-z-czerni\u0105-i-drewnem-800x540.jpg\" alt=\"Sypialnia z czerni\u0105 i drewnem\" width=\"800\" height=\"540\" data-srcset=\"https:\/\/www.brw.pl\/blog\/wp-content\/uploads\/2023\/02\/Sypialnia-z-czerni\u0105-i-drewnem-800x540.jpg 800w, https:\/\/www.brw.pl\/blog\/wp-content\/uploads\/2023\/02\/Sypialnia-z-czerni\u0105-i-drewnem-768x518.jpg 768w, https:\/\/www.brw.pl\/blog\/wp-content\/uploads\/2023\/02\/Sypialnia-z-czerni\u0105-i-drewnem-1536x1037.jpg 1536w, https:\/\/www.brw.pl\/blog\/wp-content\/uploads\/2023\/02\/Sypialnia-z-czerni\u0105-i-drewnem.jpg 1600w\" data-sizes=\"(max-width: 800px) 100vw, 800px\" src=\"data:image\/svg+xml;base64,PHN2ZyB3aWR0aD0iMSIgaGVpZ2h0PSIxIiB4bWxucz0iaHR0cDovL3d3dy53My5vcmcvMjAwMC9zdmciPjwvc3ZnPg==\" style=\"--smush-placeholder-width: 800px; --smush-placeholder-aspect-ratio: 800\/540;\" \/><figcaption id=\"caption-attachment-29771\" class=\"wp-caption-text\"><a href=\"https:\/\/www.brw.pl\/koc-200x150-oulu-rabbit,37118\" target=\"_blank\" rel=\"noopener noreferrer\"><span style=\"font-weight: 400;\">Koc Oulu Rabbit<\/span><\/a> &#8211; <a href=\"https:\/\/www.brw.pl\/puf-lafu,31381\" target=\"_blank\" rel=\"noopener noreferrer\"><span style=\"font-weight: 400;\">Puf Lafu<\/span><\/a><\/figcaption><\/figure>\n<\/div>\n<p>Czarne \u015bciany to nie jedyny spos\u00f3b na urz\u0105dzenie sypialni w czerni i drewnie. Je\u015bli nie podobaj\u0105 Ci si\u0119 tak radykalne metamorfozy, mo\u017cesz zdecydowa\u0107 si\u0119 na kolor czarny w formie detali.<\/p>\n<p>W powy\u017cszej aran\u017cacji wykorzystano ciemne akcenty, dzi\u0119ki kt\u00f3rym stonowana, cho\u0107 przytulna sypialnia staje si\u0119 bardziej wyrazista. Dodatki takie jak puf, po\u0142yskuj\u0105cy koc i <a href=\"https:\/\/www.brw.pl\/lampy-wiszace\/\/\" target=\"_blank\" rel=\"noopener noreferrer\">wisz\u0105ce lampy<\/a> \u015bwietnie komponuj\u0105 si\u0119 z baz\u0105 w kolorach nude.<\/p>\n<p><strong>Co powiesz na czer\u0144 i drewno w swojej sypialni? W sklepie internetowym <a href=\"https:\/\/www.brw.pl\/\" target=\"_blank\" rel=\"noopener noreferrer\">Black Red White<\/a> znajdziesz rozmaite meble i dodatki, z kt\u00f3rymi urz\u0105dzisz wn\u0119trze w modnych kolorach. Zainspiruj si\u0119!<\/strong><\/p>\n","protected":false},"excerpt":{"rendered":"<p>Po\u0142\u0105czenie czerni i drewna to jeden z najmocniejszych trend\u00f3w ostatnich sezon\u00f3w. Nie ma si\u0119 czemu dziwi\u0107 \u2013 wn\u0119trza zaaran\u017cowane w tej kolorystyce uchodz\u0105 za ponadczasowy klasyk i znak luksusu. Dzi\u015b zapraszamy Ci\u0119 do odkrycia zalet czarnej sypialni: poka\u017cemy Ci, jak urz\u0105dzi\u0107 perfekcyjn\u0105 stref\u0119 snu w czerni i drewnie.<\/p>\n","protected":false},"author":21,"featured_media":29764,"comment_status":"closed","ping_status":"open","sticky":false,"template":"","format":"standard","meta":{"footnotes":""},"categories":[39,29,572],"tags":[],"aioseo_notices":[],"_links":{"self":[{"href":"https:\/\/www.brw.pl\/blog\/wp-json\/wp\/v2\/posts\/29763"}],"collection":[{"href":"https:\/\/www.brw.pl\/blog\/wp-json\/wp\/v2\/posts"}],"about":[{"href":"https:\/\/www.brw.pl\/blog\/wp-json\/wp\/v2\/types\/post"}],"author":[{"embeddable":true,"href":"https:\/\/www.brw.pl\/blog\/wp-json\/wp\/v2\/users\/21"}],"replies":[{"embeddable":true,"href":"https:\/\/www.brw.pl\/blog\/wp-json\/wp\/v2\/comments?post=29763"}],"version-history":[{"count":8,"href":"https:\/\/www.brw.pl\/blog\/wp-json\/wp\/v2\/posts\/29763\/revisions"}],"predecessor-version":[{"id":33987,"href":"https:\/\/www.brw.pl\/blog\/wp-json\/wp\/v2\/posts\/29763\/revisions\/33987"}],"wp:featuredmedia":[{"embeddable":true,"href":"https:\/\/www.brw.pl\/blog\/wp-json\/wp\/v2\/media\/29764"}],"wp:attachment":[{"href":"https:\/\/www.brw.pl\/blog\/wp-json\/wp\/v2\/media?parent=29763"}],"wp:term":[{"taxonomy":"category","embeddable":true,"href":"https:\/\/www.brw.pl\/blog\/wp-json\/wp\/v2\/categories?post=29763"},{"taxonomy":"post_tag","embeddable":true,"href":"https:\/\/www.brw.pl\/blog\/wp-json\/wp\/v2\/tags?post=29763"}],"curies":[{"name":"wp","href":"https:\/\/api.w.org\/{rel}","templated":true}]}}