{"id":29905,"date":"2023-02-07T08:00:54","date_gmt":"2023-02-07T07:00:54","guid":{"rendered":"https:\/\/www.brw.pl\/blog\/?p=29905"},"modified":"2023-02-06T18:14:41","modified_gmt":"2023-02-06T17:14:41","slug":"pokoj-szarozielony-aranzacje-z-black-red-white","status":"publish","type":"post","link":"https:\/\/www.brw.pl\/blog\/pokoj-szarozielony-aranzacje-z-black-red-white\/","title":{"rendered":"Pok\u00f3j szarozielony &#8211; aran\u017cacje z Black Red White"},"content":{"rendered":"<p data-pm-slice=\"1 1 []\"><strong>Lubisz ch\u0142odne kolory we wn\u0119trzach? Przekonaj si\u0119, jak efektownie wygl\u0105da zestawienie zieleni z szaro\u015bci\u0105 w domu! Dlaczego warto zdecydowa\u0107 si\u0119 na takie rozwi\u0105zanie? Tego dowiesz si\u0119 z naszego artyku\u0142u!<\/strong><\/p>\n<p data-pm-slice=\"1 1 []\"><!--more--><\/p>\n<p><center><img decoding=\"async\" class=\"alignnone size-medium wp-image-29906 lazyload\" data-src=\"https:\/\/www.brw.pl\/blog\/wp-content\/uploads\/2023\/02\/glowne-Modeo_pokoj-dzienny-800x451.jpg\" alt=\"Modeo - szarozielony pok\u00f3j dzienny\" width=\"800\" height=\"451\" data-srcset=\"https:\/\/www.brw.pl\/blog\/wp-content\/uploads\/2023\/02\/glowne-Modeo_pokoj-dzienny-800x451.jpg 800w, https:\/\/www.brw.pl\/blog\/wp-content\/uploads\/2023\/02\/glowne-Modeo_pokoj-dzienny-768x433.jpg 768w, https:\/\/www.brw.pl\/blog\/wp-content\/uploads\/2023\/02\/glowne-Modeo_pokoj-dzienny-1536x866.jpg 1536w, https:\/\/www.brw.pl\/blog\/wp-content\/uploads\/2023\/02\/glowne-Modeo_pokoj-dzienny.jpg 1915w\" data-sizes=\"(max-width: 800px) 100vw, 800px\" src=\"data:image\/svg+xml;base64,PHN2ZyB3aWR0aD0iMSIgaGVpZ2h0PSIxIiB4bWxucz0iaHR0cDovL3d3dy53My5vcmcvMjAwMC9zdmciPjwvc3ZnPg==\" style=\"--smush-placeholder-width: 800px; --smush-placeholder-aspect-ratio: 800\/451;\" \/><\/center><\/p>\n<p style=\"text-align: center;\" data-pm-slice=\"1 1 []\"><a href=\"https:\/\/www.brw.pl\/kolekcja-modeo,598\" target=\"_blank\" rel=\"noopener noreferrer\"><strong>KOLEKCJA MEBLI MODEO<\/strong><\/a> w salonie<\/p>\n<h2><strong>Pok\u00f3j szarozielony \u2013 wprowad\u017a harmoni\u0119 do wn\u0119trza!<\/strong><\/h2>\n<p>Zielenie i szaro\u015bci to spokojne barwy o du\u017cym potencjale aran\u017cacyjnym. W zale\u017cno\u015bci od tego, jakie odcienie szaro\u015bci i zieleni wybierzesz, to po\u0142\u0105czenie sprawdzi si\u0119 w pomieszczeniach urz\u0105dzonych zar\u00f3wno w stylu skandynawskim, jak i klasycznym, loftowym czy minimalistycznym. Skorzysta na nim r\u00f3wnie\u017c nowoczesny pok\u00f3j.<\/p>\n<p><strong>Dlaczego warto zdecydowa\u0107 si\u0119 na szaro-zielony pok\u00f3j?<\/strong><\/p>\n<ul>\n<li>Stosunkowo \u0142atwo go zaaran\u017cowa\u0107.<\/li>\n<li>Zimne barwy pomagaj\u0105 wyciszy\u0107 si\u0119 i odpr\u0119\u017cy\u0107.<\/li>\n<li>Takie zestawienie kolorystyczne wprowadza do wn\u0119trza harmoni\u0119.<\/li>\n<\/ul>\n<h2><strong>Jak urz\u0105dzi\u0107 szarozielony pok\u00f3j?<\/strong><\/h2>\n<p>Szaro\u015b\u0107 wbrew pozorom nie musi by\u0107 banalna, co wi\u0119cej &#8211; ma niejedno imi\u0119. <strong>Uspokajaj\u0105ce jasne szaro\u015bci o\u017cywione nut\u0105 delikatnej zieleni to najbezpieczniejsze rozwi\u0105zanie, kt\u00f3re zdaje egzamin w ograniczonej przestrzeni.<\/strong> Elementy w odcieniu szmaragdu lub butelkowej zieleni przemycone do rozbielonego, szarego salonu dodaj\u0105 wn\u0119trzu charakteru. Popiel, podobnie jak szaro\u015b\u0107 ocieplona odrobin\u0105 be\u017cu, to \u015bwietne t\u0142o dla ciemnej zieleni.<\/p>\n<p><strong>Lubisz odwa\u017cne pomys\u0142y? Zapro\u015b do domu mocn\u0105 szaro\u015b\u0107 &#8211; grafit b\u0105d\u017a antracyt.<\/strong> Nowoczesny salon o postindustrialnym sznycie ch\u0119tnie przygarnie tak wyraziste kolory. Aby unikn\u0105\u0107 efektu &#8222;mrocznej jaskini&#8221;, pomaluj jedn\u0105 ze \u015bcian na zielono, najlepiej farb\u0105 w zgaszonym wariancie zieleni, na przyk\u0142ad sza\u0142wiowym. Ewentualnie zastan\u00f3w si\u0119 nad zielonymi dodatkami tekstylnymi &#8211; <a href=\"https:\/\/www.brw.pl\/tekstylia\/firany-zaslony\/zaslony\/\" target=\"_blank\" rel=\"noopener noreferrer\">zas\u0142onami<\/a>, <a href=\"https:\/\/www.brw.pl\/tekstylia\/poduszki-dekoracyjne\/\" target=\"_blank\" rel=\"noopener noreferrer\">poduszkami dekoracyjnymi<\/a>, <a href=\"https:\/\/www.brw.pl\/dywany\/\" target=\"_blank\" rel=\"noopener noreferrer\">dywanem<\/a>.<\/p>\n<p><strong>Jak zaaran\u017cowa\u0107 \u015bciany w szaro-zielonym wn\u0119trzu? Mo\u017cesz mi\u0119dzy innymi:<\/strong><\/p>\n<ul>\n<li>Pomalowa\u0107 je farb\u0105 &#8211; szar\u0105 lub zielon\u0105&#8230; albo jedn\u0105 i drug\u0105.<\/li>\n<li>Po\u0142o\u017cy\u0107 na nich tapet\u0119 \u0142\u0105cz\u0105c\u0105 obie barwy.<\/li>\n<li>U\u017cy\u0107 innych kolor\u00f3w w odniesieniu do \u015bcian (np. bieli czy be\u017cu), za\u015b szaro\u015b\u0107 i ziele\u0144 zostawi\u0107 dla mebli oraz dodatk\u00f3w.<\/li>\n<\/ul>\n<p>Niezale\u017cnie od tego, z kt\u00f3r\u0105 opcj\u0105 jest Ci bardziej po drodze, pami\u0119taj, \u017ceby zachowa\u0107 umiar. Nie zawsze dekorowanie wszystkich czterech \u015bcian jest dobrym pomys\u0142em, zw\u0142aszcza gdy decydujesz si\u0119 na ciemne odcienie. W takiej sytuacji lepiej skupi\u0107 si\u0119 na jednej z nich. Ciekaw\u0105 alternatyw\u0105 jest po\u0142\u0105czenie fototapety z farb\u0105 &#8211; np. le\u015bny, zielony krajobraz na jednej \u015bcianie, a blada szaro\u015b\u0107 na pozosta\u0142ych. Z kolei je\u015bli zaaran\u017cowa\u0142e\u015b salon w duchu loft, rozwa\u017c szary beton architektoniczny albo ceg\u0142\u0119 w tym kolorze.<\/p>\n<p>Nie interesuje Ci\u0119 szaro\u015b\u0107 ani ziele\u0144 na \u015bcianach? Sprawd\u017a, jakie meble i dodatki z oferty Black Red White pomog\u0105 Ci stworzy\u0107 szarozielony pok\u00f3j!<\/p>\n<h3><strong>Meble w szarozielonym pokoju<\/strong><\/h3>\n<p><center><img decoding=\"async\" class=\"alignnone wp-image-29909 lazyload\" data-src=\"https:\/\/www.brw.pl\/blog\/wp-content\/uploads\/2023\/02\/sofa-fulla-mediuma.jpg\" alt=\"Sofa Fulla\" width=\"500\" height=\"375\" src=\"data:image\/svg+xml;base64,PHN2ZyB3aWR0aD0iMSIgaGVpZ2h0PSIxIiB4bWxucz0iaHR0cDovL3d3dy53My5vcmcvMjAwMC9zdmciPjwvc3ZnPg==\" style=\"--smush-placeholder-width: 500px; --smush-placeholder-aspect-ratio: 500\/375;\" \/><\/center><\/p>\n<p style=\"text-align: center;\"><a href=\"https:\/\/www.brw.pl\/sofa-fulla,46101\" target=\"_blank\" rel=\"noopener noreferrer\"><strong>SOFA FULLA<\/strong><\/a><\/p>\n<p>Trzyosobowa <strong>sofa Fulla<\/strong> z funkcj\u0105 spania ma pi\u0119kny szmaragdowy odcie\u0144 i b\u0119dzie prawdziw\u0105 gwiazd\u0105 Twojego salonu. Posiada specjalny pojemnik, w kt\u00f3rym mo\u017cesz trzyma\u0107 zapasow\u0105 po\u015bciel dla go\u015bci. Siedzisko wype\u0142nione piank\u0105, spr\u0119\u017cynami bonell oraz falistymi jest tak wygodne, \u017ce nie odczujesz \u017cadnego dyskomfortu nawet po d\u0142u\u017cszym czasie sp\u0119dzonym na kanapie.<\/p>\n<p><center><img decoding=\"async\" class=\"alignnone wp-image-29910 lazyload\" data-src=\"https:\/\/www.brw.pl\/blog\/wp-content\/uploads\/2023\/02\/puf-lafu-tkanina-soro-90-grey-mediumb.jpg\" alt=\"Puf Lafu szary\" width=\"402\" height=\"301\" src=\"data:image\/svg+xml;base64,PHN2ZyB3aWR0aD0iMSIgaGVpZ2h0PSIxIiB4bWxucz0iaHR0cDovL3d3dy53My5vcmcvMjAwMC9zdmciPjwvc3ZnPg==\" style=\"--smush-placeholder-width: 402px; --smush-placeholder-aspect-ratio: 402\/301;\" \/><\/center><\/p>\n<p style=\"text-align: center;\"><a href=\"https:\/\/www.brw.pl\/puf-lafu,31381\" target=\"_blank\" rel=\"noopener noreferrer\"><strong>PUF LAFU<\/strong><\/a><\/p>\n<p>Tw\u00f3j pok\u00f3j dzienny jest niedu\u017cy i poza kompaktow\u0105 sof\u0105 nie zmie\u015bci si\u0119 w nim ju\u017c \u017caden wi\u0119kszy mebel wypoczynkowy? Zainwestuj w pufy! Nasz szary <strong>puf Lafu<\/strong> jest tak ma\u0142y, \u017ce nie &#8222;zagraci&#8221; pomieszczenia. Z powodzeniem odegra te\u017c rol\u0119 podn\u00f3\u017cka, na kt\u00f3rym oprzesz zm\u0119czone po intensywnym dniu nogi. Dobierz do niego jeszcze ciemnozielony model; taki duet na pewno przyda si\u0119, gdy wpadn\u0105 do Ciebie znajomi.<\/p>\n<p><center><img decoding=\"async\" class=\"alignnone wp-image-29911 lazyload\" data-src=\"https:\/\/www.brw.pl\/blog\/wp-content\/uploads\/2023\/02\/komoda-malcolm-polprofil.jpg\" alt=\"Komoda Malcolm p\u00f3\u0142profil\" width=\"502\" height=\"377\" src=\"data:image\/svg+xml;base64,PHN2ZyB3aWR0aD0iMSIgaGVpZ2h0PSIxIiB4bWxucz0iaHR0cDovL3d3dy53My5vcmcvMjAwMC9zdmciPjwvc3ZnPg==\" style=\"--smush-placeholder-width: 502px; --smush-placeholder-aspect-ratio: 502\/377;\" \/><\/center><\/p>\n<p style=\"text-align: center;\"><a href=\"https:\/\/www.brw.pl\/komoda-malcolm,12701\" target=\"_blank\" rel=\"noopener noreferrer\"><strong>KOMODA MALCOLM<\/strong><\/a><\/p>\n<p><strong>Komoda Malcolm<\/strong> znakomicie odnajdzie si\u0119 w loftowym wn\u0119trzu. Dominuj\u0105cy odcie\u0144 front\u00f3w <em>d\u0105b canyon monument<\/em> jest prze\u0142amany wybarwieniem <em>szary wolfram <\/em>widocznym na g\u00f3rnej szufladzie. Do dyspozycji masz a\u017c cztery szuflady i cztery pojemne, zamykane przegrody. Schowasz w nich bielizn\u0119 sto\u0142ow\u0105, r\u00f3\u017cne dokumenty, osobiste drobiazgi &#8211; co zechcesz.<\/p>\n<p><strong>Komod\u0119 Malcolm dok\u0142adniej obejrzysz na filmie dost\u0119pnym na <\/strong><a href=\"https:\/\/www.youtube.com\/@brwmeble\" target=\"_blank\" rel=\"noopener noreferrer\"><strong>kanale BRW<\/strong><\/a><strong> w serwisie YouTube:<\/strong><\/p>\n<div class=\"videoWrapper\"><iframe title=\"Komoda Malcolm\" data-src=\"https:\/\/www.youtube.com\/embed\/zMmfTGsW9WI\" frameborder=\"0\" allowfullscreen=\"allowfullscreen\" src=\"data:image\/svg+xml;base64,PHN2ZyB3aWR0aD0iMSIgaGVpZ2h0PSIxIiB4bWxucz0iaHR0cDovL3d3dy53My5vcmcvMjAwMC9zdmciPjwvc3ZnPg==\" data-load-mode=\"1\"><span data-mce-type=\"bookmark\" style=\"display: inline-block; width: 0px; overflow: hidden; line-height: 0;\" class=\"mce_SELRES_start lazyload\">\ufeff<\/span><\/iframe><\/div>\n<p>&nbsp;<\/p>\n<h3><strong>Szare i zielone dodatki<\/strong><\/h3>\n<div style=\"display: flex; flex-wrap: wrap; align-items: center; justify-content: center; text-align: center;\">\n<figure id=\"attachment_20530\" aria-describedby=\"caption-attachment-20530\" style=\"width: 285px\" class=\"wp-caption aligncenter\"><img decoding=\"async\" class=\"wp-image-20530 lazyload\" data-src=\"https:\/\/www.brw.pl\/blog\/wp-content\/uploads\/2022\/10\/dywan-dante.jpg\" alt=\"Dywan Dante\" width=\"285\" height=\"214\" src=\"data:image\/svg+xml;base64,PHN2ZyB3aWR0aD0iMSIgaGVpZ2h0PSIxIiB4bWxucz0iaHR0cDovL3d3dy53My5vcmcvMjAwMC9zdmciPjwvc3ZnPg==\" style=\"--smush-placeholder-width: 285px; --smush-placeholder-aspect-ratio: 285\/214;\" \/><figcaption id=\"caption-attachment-20530\" class=\"wp-caption-text\"><a href=\"https:\/\/www.brw.pl\/dywan-120x170-dante,47391\" target=\"_blank\" rel=\"noopener noreferrer\"><span style=\"font-weight: 400;\">Dywan Dante<\/span><\/a><\/figcaption><\/figure>\n<figure id=\"attachment_20530\" aria-describedby=\"caption-attachment-20530\" style=\"width: 285px\" class=\"wp-caption aligncenter\"><img decoding=\"async\" class=\"wp-image-20530 lazyload\" data-src=\"https:\/\/www.brw.pl\/blog\/wp-content\/uploads\/2023\/02\/lampa-lincoln.jpg\" alt=\"Lampa wisz\u0105ca Lincoln\" width=\"285\" height=\"214\" src=\"data:image\/svg+xml;base64,PHN2ZyB3aWR0aD0iMSIgaGVpZ2h0PSIxIiB4bWxucz0iaHR0cDovL3d3dy53My5vcmcvMjAwMC9zdmciPjwvc3ZnPg==\" style=\"--smush-placeholder-width: 285px; --smush-placeholder-aspect-ratio: 285\/214;\" \/><figcaption id=\"caption-attachment-20530\" class=\"wp-caption-text\"><a href=\"https:\/\/www.brw.pl\/lampa-wiszaca-lincoln,45110\" target=\"_blank\" rel=\"noopener noreferrer\"><span style=\"font-weight: 400;\">Lampa wisz\u0105ca Lincoln<\/span><\/a><\/figcaption><\/figure>\n<figure id=\"attachment_20531\" aria-describedby=\"caption-attachment-20531\" style=\"width: 285px\" class=\"wp-caption aligncenter\"><img decoding=\"async\" class=\"wp-image-20531 lazyload\" data-src=\"https:\/\/www.brw.pl\/blog\/wp-content\/uploads\/2023\/02\/lustro-lahti.jpg\" alt=\"Lustro Lahti\" width=\"285\" height=\"214\" src=\"data:image\/svg+xml;base64,PHN2ZyB3aWR0aD0iMSIgaGVpZ2h0PSIxIiB4bWxucz0iaHR0cDovL3d3dy53My5vcmcvMjAwMC9zdmciPjwvc3ZnPg==\" style=\"--smush-placeholder-width: 285px; --smush-placeholder-aspect-ratio: 285\/214;\" \/><figcaption id=\"caption-attachment-20531\" class=\"wp-caption-text\"><a href=\"https:\/\/www.brw.pl\/lustro-scienne-lahti,11308\" target=\"_blank\" rel=\"noopener noreferrer\"><span style=\"font-weight: 400;\">Lustro Lahti<\/span><\/a><\/figcaption><\/figure>\n<\/div>\n<p>Zielono-z\u0142oty <strong>dywan Dante<\/strong> w geometryczne wzory b\u0119dzie \u015bwietnie wygl\u0105da\u0142 w salonie glamour. Butelkowo-zielona <strong>lampa wisz\u0105ca Lincoln<\/strong> &#8211; w pokoju loft. Minimalistyczne <strong>lustro \u015bcienne Lahti<\/strong> z szar\u0105 ram\u0105 &#8211; w nowoczesnym pomieszczeniu.<\/p>\n<h2><strong>Pok\u00f3j szarozielony \u2013 aran\u017cacje<\/strong><\/h2>\n<p>Potrzebujesz wi\u0119cej inspiracji? Zobacz nasze aran\u017cacje zielono-szarego wn\u0119trza!<\/p>\n<h3><strong>Aran\u017cacja salonu z szarymi meblami<\/strong><\/h3>\n<p><center><img decoding=\"async\" class=\"alignnone size-medium wp-image-29907 lazyload\" data-src=\"https:\/\/www.brw.pl\/blog\/wp-content\/uploads\/2023\/02\/modeo-zielen-grafit-salon-800x531.jpg\" alt=\"Modeo - br\u0105zowo-szary salon z zielonymi dodatkami\" width=\"800\" height=\"531\" data-srcset=\"https:\/\/www.brw.pl\/blog\/wp-content\/uploads\/2023\/02\/modeo-zielen-grafit-salon-800x531.jpg 800w, https:\/\/www.brw.pl\/blog\/wp-content\/uploads\/2023\/02\/modeo-zielen-grafit-salon-768x510.jpg 768w, https:\/\/www.brw.pl\/blog\/wp-content\/uploads\/2023\/02\/modeo-zielen-grafit-salon.jpg 1254w\" data-sizes=\"(max-width: 800px) 100vw, 800px\" src=\"data:image\/svg+xml;base64,PHN2ZyB3aWR0aD0iMSIgaGVpZ2h0PSIxIiB4bWxucz0iaHR0cDovL3d3dy53My5vcmcvMjAwMC9zdmciPjwvc3ZnPg==\" style=\"--smush-placeholder-width: 800px; --smush-placeholder-aspect-ratio: 800\/531;\" \/><\/center>&nbsp;<\/p>\n<p>W tej loftowej przestrzeni wype\u0142nionej grafitowym meblami z <a href=\"https:\/\/www.brw.pl\/kolekcja-modeo,598\" target=\"_blank\" rel=\"noopener noreferrer\"><strong>kolekcji Modeo<\/strong><\/a> nowoczesno\u015b\u0107 wn\u0119trza podkre\u015blono m.in. za pomoc\u0105 dekor\u00f3w \u015bcian. Jedna z nich jest stylizowana na betonow\u0105, na drugiej zamontowane bardzo modne ostatnio lamele. Aby ociepli\u0107 szary salon, postanowili\u015bmy zaprosi\u0107 do niego jasne drewno z \u0142adnym rysunkiem us\u0142ojenia w postaci pod\u0142ogi oraz listew lameli. Butelkowozielone zas\u0142ony i poduszki dekoracyjne oraz soczysto zielone ro\u015bliny doniczkowe wnosz\u0105 do wn\u0119trza energi\u0119, pobudzaj\u0105 kreatywno\u015b\u0107.<\/p>\n<h3><strong>Pok\u00f3j dzienny z zielon\u0105 \u015bcian\u0105<\/strong><\/h3>\n<p><center><img decoding=\"async\" class=\"alignnone size-full wp-image-29908 lazyload\" data-src=\"https:\/\/www.brw.pl\/blog\/wp-content\/uploads\/2023\/02\/ronse_dzienny_1.jpg\" alt=\"Ronse - szarozielony pok\u00f3j\" width=\"728\" height=\"483\" src=\"data:image\/svg+xml;base64,PHN2ZyB3aWR0aD0iMSIgaGVpZ2h0PSIxIiB4bWxucz0iaHR0cDovL3d3dy53My5vcmcvMjAwMC9zdmciPjwvc3ZnPg==\" style=\"--smush-placeholder-width: 728px; --smush-placeholder-aspect-ratio: 728\/483;\" \/><\/center>&nbsp;<\/p>\n<p>Salon urz\u0105dzony dzi\u0119ki <a href=\"https:\/\/www.brw.pl\/kolekcja-ronse,566\" target=\"_blank\" rel=\"noopener noreferrer\"><strong>kolekcji mebli Ronse<\/strong><\/a> to nowoczesne pomieszczenie emanuj\u0105ce spokojem i harmoni\u0105, idealne do wieczornego relaksu przed telewizorem lub z ksi\u0105\u017ck\u0105 w r\u0119ku. Be\u017cowy odcie\u0144 front\u00f3w dodaje przytulno\u015bci, a \u015bciana w kolorze pistacji nieco o\u017cywia pok\u00f3j. Zwr\u00f3\u0107 uwag\u0119 na tr\u00f3jk\u0105tne \u0142awy <a href=\"https:\/\/www.brw.pl\/lawa-trojkatna-triango-l,16648\" target=\"_blank\" rel=\"noopener noreferrer\"><strong>Triango L<\/strong><\/a> oraz <a href=\"https:\/\/www.brw.pl\/lawa-trojkatna-triango-s,20397\" target=\"_blank\" rel=\"noopener noreferrer\"><strong>Triango S<\/strong><\/a>. Ich bia\u0142e blaty pi\u0119knie koresponduj\u0105 z szaro\u015bci\u0105 i zieleni\u0105.<\/p>\n<p>Jeste\u015b fanem zieleni we wn\u0119trzach, nie tylko w duecie z szaro\u015bci\u0105, a najbardziej przemawia do Ciebie butelkowa ziele\u0144? Zajrzyj do artyku\u0142u <a href=\"https:\/\/www.brw.pl\/blog\/butelkowa-zielen-z-czym-laczyc-wnetrza-z-pomyslem\/\" target=\"_blank\" rel=\"noopener noreferrer\"><strong>&#8222;Butelkowa ziele\u0144 \u2013 z czym \u0142\u0105czy\u0107? Wn\u0119trza z pomys\u0142em!&#8221;<\/strong><\/a>.<\/p>\n<p><strong>Zapraszamy tak\u017ce do <\/strong><a href=\"https:\/\/www.brw.pl\/\" target=\"_blank\" rel=\"noopener noreferrer\"><strong>sklepu internetowego BRW<\/strong><\/a><strong>!<\/strong><\/p>\n","protected":false},"excerpt":{"rendered":"<p>Lubisz ch\u0142odne kolory we wn\u0119trzach? Przekonaj si\u0119, jak efektownie wygl\u0105da zestawienie zieleni z szaro\u015bci\u0105 w domu! Dlaczego warto zdecydowa\u0107 si\u0119 na takie rozwi\u0105zanie? Tego dowiesz si\u0119 z naszego artyku\u0142u!<\/p>\n","protected":false},"author":29,"featured_media":29906,"comment_status":"closed","ping_status":"open","sticky":false,"template":"","format":"standard","meta":{"footnotes":""},"categories":[39,28,735],"tags":[],"aioseo_notices":[],"_links":{"self":[{"href":"https:\/\/www.brw.pl\/blog\/wp-json\/wp\/v2\/posts\/29905"}],"collection":[{"href":"https:\/\/www.brw.pl\/blog\/wp-json\/wp\/v2\/posts"}],"about":[{"href":"https:\/\/www.brw.pl\/blog\/wp-json\/wp\/v2\/types\/post"}],"author":[{"embeddable":true,"href":"https:\/\/www.brw.pl\/blog\/wp-json\/wp\/v2\/users\/29"}],"replies":[{"embeddable":true,"href":"https:\/\/www.brw.pl\/blog\/wp-json\/wp\/v2\/comments?post=29905"}],"version-history":[{"count":1,"href":"https:\/\/www.brw.pl\/blog\/wp-json\/wp\/v2\/posts\/29905\/revisions"}],"predecessor-version":[{"id":29914,"href":"https:\/\/www.brw.pl\/blog\/wp-json\/wp\/v2\/posts\/29905\/revisions\/29914"}],"wp:featuredmedia":[{"embeddable":true,"href":"https:\/\/www.brw.pl\/blog\/wp-json\/wp\/v2\/media\/29906"}],"wp:attachment":[{"href":"https:\/\/www.brw.pl\/blog\/wp-json\/wp\/v2\/media?parent=29905"}],"wp:term":[{"taxonomy":"category","embeddable":true,"href":"https:\/\/www.brw.pl\/blog\/wp-json\/wp\/v2\/categories?post=29905"},{"taxonomy":"post_tag","embeddable":true,"href":"https:\/\/www.brw.pl\/blog\/wp-json\/wp\/v2\/tags?post=29905"}],"curies":[{"name":"wp","href":"https:\/\/api.w.org\/{rel}","templated":true}]}}