{"id":29958,"date":"2023-02-11T08:00:42","date_gmt":"2023-02-11T07:00:42","guid":{"rendered":"https:\/\/www.brw.pl\/blog\/?p=29958"},"modified":"2023-07-10T14:44:25","modified_gmt":"2023-07-10T12:44:25","slug":"sypialnia-pudrowy-roz-inspiracje","status":"publish","type":"post","link":"https:\/\/www.brw.pl\/blog\/sypialnia-pudrowy-roz-inspiracje\/","title":{"rendered":"Sypialnia pudrowy r\u00f3\u017c &#8211; inspiracje"},"content":{"rendered":"<p data-pm-slice=\"1 1 []\"><strong>Pudrowy odcie\u0144 r\u00f3\u017cu w sypialni to niezawodny patent na przytulne, urocze wn\u0119trze, w kt\u00f3rym przyjemnie zasn\u0105\u0107. R\u00f3\u017cowa sypialnia polubi si\u0119 z r\u00f3\u017cnymi kolorami i stylami. Sprawd\u017a, jak j\u0105 zaaran\u017cowa\u0107!<\/strong><\/p>\n<p data-pm-slice=\"1 1 []\"><!--more--><\/p>\n<p><center><img decoding=\"async\" class=\"alignnone wp-image-29945 size-medium lazyload\" data-src=\"https:\/\/www.brw.pl\/blog\/wp-content\/uploads\/2023\/02\/zuari-aranz-800x562.jpg\" alt=\"Sypialnia pudrowy r\u00f3\u017c inspiracje\" width=\"800\" height=\"562\" data-srcset=\"https:\/\/www.brw.pl\/blog\/wp-content\/uploads\/2023\/02\/zuari-aranz-800x562.jpg 800w, https:\/\/www.brw.pl\/blog\/wp-content\/uploads\/2023\/02\/zuari-aranz.jpg 1538w, https:\/\/www.brw.pl\/blog\/wp-content\/uploads\/2023\/02\/zuari-aranz-768x539.jpg 768w, https:\/\/www.brw.pl\/blog\/wp-content\/uploads\/2023\/02\/zuari-aranz-1536x1078.jpg 1536w\" data-sizes=\"(max-width: 800px) 100vw, 800px\" src=\"data:image\/svg+xml;base64,PHN2ZyB3aWR0aD0iMSIgaGVpZ2h0PSIxIiB4bWxucz0iaHR0cDovL3d3dy53My5vcmcvMjAwMC9zdmciPjwvc3ZnPg==\" style=\"--smush-placeholder-width: 800px; --smush-placeholder-aspect-ratio: 800\/562;\" \/><\/center><\/p>\n<p style=\"text-align: center;\" data-pm-slice=\"1 1 []\"><a href=\"https:\/\/www.brw.pl\/wezglowie-160-zuari,46884\" target=\"_blank\" rel=\"noopener noreferrer\"><strong>WEZG\u0141OWIE ZUARI<\/strong><\/a> w aran\u017cacji sypialni<\/p>\n<h2><strong>Sypialnia pudrowy r\u00f3\u017c \u2013 pomys\u0142 na kobiece wn\u0119trze!<\/strong><\/h2>\n<p>Pudrowy r\u00f3\u017c to bardzo wdzi\u0119czna barwa we wn\u0119trzarstwie, otwieraj\u0105ca przed Tob\u0105 wiele mo\u017cliwo\u015bci. Odnajdzie si\u0119 w ka\u017cdym pomieszczeniu &#8211; salonie, kuchni, \u0142azience, przedpokoju &#8211; ale w pe\u0142ni rozkwitnie w Twojej sypialni.<\/p>\n<p><strong>Dlaczego warto postawi\u0107 na pudrowor\u00f3\u017cow\u0105 sypialni\u0119?<\/strong><\/p>\n<ul>\n<li>Zgaszony r\u00f3\u017c jest stonowany, pomo\u017ce stworzy\u0107 przestrze\u0144 sprzyjaj\u0105c\u0105 wyciszeniu si\u0119 i zrelaksowaniu.<\/li>\n<li>Pastelowy r\u00f3\u017c ociepli i rozja\u015bni wn\u0119trze, dodaj\u0105c mu przytulno\u015bci.<\/li>\n<li>Wiele barw \u0142adnie komponuje si\u0119 z pudrowym r\u00f3\u017cem.<\/li>\n<\/ul>\n<p><strong>Z czym \u0142\u0105czy\u0107 pudrowy r\u00f3\u017c?<\/strong> W aran\u017cacji wn\u0119trz wygl\u0105da \u015bwietnie w towarzystwie m.in.<\/p>\n<ul>\n<li>bieli,<\/li>\n<li>szaro\u015bci,<\/li>\n<li>be\u017cu,<\/li>\n<li>z\u0142ota.<\/li>\n<\/ul>\n<p data-pm-slice=\"1 1 []\"><span data-color=\"var(--purple-10)\">Pudrowy odcie\u0144 r\u00f3\u017cu pi\u0119knie komponuje si\u0119 r\u00f3wnie\u017c z innymi barwami takimi jak butelkowa ziele\u0144 czy czer\u0144. Jasne kolory dodaj\u0105 mu romantycznego charakteru, z kolei ciemne sprawiaj\u0105, \u017ce nabiera wyrazisto\u015bci. <\/span><\/p>\n<p>Jeste\u015b kobiet\u0105, kt\u00f3ra lubi pastelowe wn\u0119trza? Kobieca sypialnia w kolorze pudrowego r\u00f3\u017cu b\u0119dzie strza\u0142em w dziesi\u0105tk\u0119! Szczeg\u00f3lnie ta urz\u0105dzona <strong>w stylu glamour<\/strong>. R\u00f3\u017cowe <a href=\"https:\/\/www.brw.pl\/katalog-produktow\/asortyment-meble-tapicerowane\/\" target=\"_blank\" rel=\"noopener noreferrer\">meble wypoczynkowe<\/a>, <a href=\"https:\/\/www.brw.pl\/tekstylia\/\" target=\"_blank\" rel=\"noopener noreferrer\">tekstylia<\/a>, tapeta, farba na \u015bcianie b\u0119d\u0105 pi\u0119knie korespondowa\u0107 z r\u00f3\u017cnymi z\u0142ocistymi dodatkami &#8211; <a href=\"https:\/\/www.brw.pl\/dekoracje\/lustra\/\" target=\"_blank\" rel=\"noopener noreferrer\">lustrem<\/a> w z\u0142otej ramie, stela\u017cem <a href=\"https:\/\/www.brw.pl\/meble\/stoly-i-krzesla\/lawy-i-stoliki\/stoliki\/\" target=\"_blank\" rel=\"noopener noreferrer\">stolika<\/a> nocnego, <a href=\"https:\/\/www.brw.pl\/meble\/przechowywanie\/toaletki\/\" target=\"_blank\" rel=\"noopener noreferrer\">toaletki<\/a> czy <a href=\"https:\/\/www.brw.pl\/oswietlenie\/oswietlenie-wewnetrzne\/lampy-stojace\/lampy-podlogowe\/\" target=\"_blank\" rel=\"noopener noreferrer\">lampy pod\u0142ogowej<\/a>. Z kolei <strong>w r\u00f3\u017cowej sypialni scandi<\/strong> r\u00f3\u017c zgra si\u0119 z drewnem w naturalnym kolorze. Z jasnym br\u0105zem zdecydowanie mu &#8222;do twarzy&#8221;. Co ciekawe, pudrowy r\u00f3\u017c &#8211; oczywi\u015bcie w skromniejszym wydaniu &#8211; da si\u0119 te\u017c sprytnie wple\u015b\u0107 zar\u00f3wno <strong>do pokoju o charakterze nowoczesnym, jak i do loftu<\/strong>.<\/p>\n<p>Pami\u0119taj przy tym, \u017ce zgaszony r\u00f3\u017c nie jest zarezerwowany tylko dla kobiet. W m\u0119skim pokoju sypialnym r\u00f3wnie\u017c zda egzamin, zw\u0142aszcza po\u0142\u0105czenie pudrowego r\u00f3\u017cu z bardziej zdecydowanymi barwami &#8211; ciemnymi szaro\u015bciami, a nawet czerni\u0105. Chcesz dowiedzie\u0107 si\u0119 czego\u015b wi\u0119cej o wystroju sypialni dla m\u0119\u017cczyzny? Zajrzyj do artyku\u0142u <a href=\"https:\/\/www.brw.pl\/blog\/meska-sypialnia-inspiracje\/\" target=\"_blank\" rel=\"noopener noreferrer\"><strong>&#8222;M\u0119ska sypialnia \u2014 inspiracje&#8221;<\/strong><\/a>!<\/p>\n<p>Wracaj\u0105c do kobiecej sypialni w odcieniu pudrowego r\u00f3\u017cu, w dalszej cz\u0119\u015bci artyku\u0142u zaprezentujemy meble, dodatki oraz aran\u017cacj\u0119, kt\u00f3re &#8211; mamy nadziej\u0119 &#8211; zainspiruj\u0105 Ci\u0119 do zaproszenia r\u00f3\u017cu do wn\u0119trza. Czytaj dalej!<\/p>\n<h2><strong>Sypialnia pudrowy r\u00f3\u017c \u2013 jakie meble i dodatki wybra\u0107?<\/strong><\/h2>\n<p>Zobacz, jakie meble i dodatki z oferty sklepu internetowego Black Red White mog\u0105 by\u0107 przydatne podczas urz\u0105dzania r\u00f3\u017cowej sypialni.<\/p>\n<h3><strong>Meble w barwie pudrowego r\u00f3\u017cu<\/strong><\/h3>\n<p><center><img decoding=\"async\" class=\"alignnone wp-image-29960 lazyload\" data-src=\"https:\/\/www.brw.pl\/blog\/wp-content\/uploads\/2023\/02\/lozko-120-syntia.jpg\" alt=\"\u0141\u00f3\u017cko Syntia III r\u00f3\u017cowe\" width=\"500\" height=\"375\" src=\"data:image\/svg+xml;base64,PHN2ZyB3aWR0aD0iMSIgaGVpZ2h0PSIxIiB4bWxucz0iaHR0cDovL3d3dy53My5vcmcvMjAwMC9zdmciPjwvc3ZnPg==\" style=\"--smush-placeholder-width: 500px; --smush-placeholder-aspect-ratio: 500\/375;\" \/><\/center><\/p>\n<p style=\"text-align: center;\"><a href=\"https:\/\/www.brw.pl\/lozko-120-syntia-iii,35746\" target=\"_blank\" rel=\"noopener noreferrer\"><strong>\u0141\u00d3\u017bKO SYNTIA III<\/strong><\/a><\/p>\n<p><strong>\u0141\u00f3\u017cko Syntia III<\/strong> wyr\u00f3\u017cnia si\u0119 efektown\u0105 barw\u0105 tapicerki w odcieniu pudrowego r\u00f3\u017cu. Wysokie pikowane wezg\u0142owie chroni \u015bcian\u0119 przed zabrudzeniami i zwi\u0119ksza komfort podczas wieczornego czytania. Tkanina obicia ma <strong>w\u0142a\u015bciwo\u015bci hydrofobowe<\/strong>, wi\u0119c stosunkowo \u0142atwo usuniesz z niej \u015blady po wylanej kawie czy b\u0142ocie naniesionym przez niesfornego czworonoga. <strong>Mebel jest dost\u0119pny w trzech rozmiarach: 20&#215;200, 140&#215;200 i 160&#215;200.<\/strong><\/p>\n<p><center><img decoding=\"async\" class=\"alignnone wp-image-25165 lazyload\" data-src=\"https:\/\/www.brw.pl\/blog\/wp-content\/uploads\/2022\/07\/fotel-maxime.jpg\" alt=\"\" width=\"500\" height=\"375\" src=\"data:image\/svg+xml;base64,PHN2ZyB3aWR0aD0iMSIgaGVpZ2h0PSIxIiB4bWxucz0iaHR0cDovL3d3dy53My5vcmcvMjAwMC9zdmciPjwvc3ZnPg==\" style=\"--smush-placeholder-width: 500px; --smush-placeholder-aspect-ratio: 500\/375;\" \/><\/center><\/p>\n<p style=\"text-align: center;\"><a href=\"https:\/\/www.brw.pl\/fotel-maxime,35518\" target=\"_blank\" rel=\"noopener noreferrer\"><strong>FOTEL MAXIME<\/strong><\/a><\/p>\n<p>Pudrowor\u00f3\u017cowy <strong>fotel Maxime<\/strong> jest osadzony na zgrabnych drewnianych n\u00f3\u017ckach. Stopki podnosz\u0105 mebel, wizualnie dodaj\u0105c mu lekko\u015bci. Pianka i spr\u0119\u017cyna falista w siedzisku oraz pianka kszta\u0142tka w poduszce oparciowej zapewniaj\u0105 <strong>wygod\u0119 u\u017cytkowania<\/strong>. Co powiesz na d\u0142u\u017cszy relaks w takim fotelu z dobr\u0105 ksi\u0105\u017ck\u0105 w r\u0119ku?<\/p>\n<p><center><img decoding=\"async\" class=\"alignnone wp-image-29961 lazyload\" data-src=\"https:\/\/www.brw.pl\/blog\/wp-content\/uploads\/2023\/02\/puf-taja-wood.jpg\" alt=\"Puf Taja Wood\" width=\"500\" height=\"375\" src=\"data:image\/svg+xml;base64,PHN2ZyB3aWR0aD0iMSIgaGVpZ2h0PSIxIiB4bWxucz0iaHR0cDovL3d3dy53My5vcmcvMjAwMC9zdmciPjwvc3ZnPg==\" style=\"--smush-placeholder-width: 500px; --smush-placeholder-aspect-ratio: 500\/375;\" \/><\/center><\/p>\n<p style=\"text-align: center;\"><a href=\"https:\/\/www.brw.pl\/puf-z-pojemnikiem-taja-wood,46855\" target=\"_blank\" rel=\"noopener noreferrer\"><strong>PUF TAJA WOOD<\/strong><\/a><\/p>\n<p>Spory, funkcjonalny <strong>puf z pojemnikiem Taja Wood<\/strong> z pewno\u015bci\u0105 przyda Ci si\u0119 w sypialni. W pojemniku schowasz na przyk\u0142ad zapasow\u0105 po\u015bciel, koce czy narzut\u0119. Siedzisko u\u0142atwi Ci ubranie si\u0119. Ozdobne guziki i przeszycia podbijaj\u0105 walory estetyczne mebla.<\/p>\n<h3><strong>R\u00f3\u017cowe dodatki<\/strong><\/h3>\n<p><center><img decoding=\"async\" class=\"alignnone wp-image-29963 lazyload\" data-src=\"https:\/\/www.brw.pl\/blog\/wp-content\/uploads\/2023\/02\/narzuta-cali-mediuma.jpg\" alt=\"Narzuta Cali\" width=\"500\" height=\"375\" src=\"data:image\/svg+xml;base64,PHN2ZyB3aWR0aD0iMSIgaGVpZ2h0PSIxIiB4bWxucz0iaHR0cDovL3d3dy53My5vcmcvMjAwMC9zdmciPjwvc3ZnPg==\" style=\"--smush-placeholder-width: 500px; --smush-placeholder-aspect-ratio: 500\/375;\" \/><\/center><\/p>\n<p style=\"text-align: center;\"><a href=\"https:\/\/www.brw.pl\/narzuta-cali,40005\" target=\"_blank\" rel=\"noopener noreferrer\"><strong>NARZUTA CALI<\/strong><\/a><\/p>\n<p>R\u00f3\u017cow\u0105 <strong>narzut\u0119 Cali<\/strong> dekoruj\u0105 jedynie dyskretne przeszycia uk\u0142adaj\u0105ce si\u0119 w falisty wz\u00f3r. Dopasuj do niej kilka poduszek ozdobnych &#8211; fioletowych, bia\u0142ych, szarych. Ciekawym rozwi\u0105zaniem b\u0119dzie te\u017c skontrastowanie jej z czarnymi poduszkami.<\/p>\n<p><center><img decoding=\"async\" class=\"alignnone wp-image-29964 lazyload\" data-src=\"https:\/\/www.brw.pl\/blog\/wp-content\/uploads\/2023\/02\/poszewka-rosa.jpg\" alt=\"Poszewka dekoracyjna Rosa\" width=\"453\" height=\"340\" src=\"data:image\/svg+xml;base64,PHN2ZyB3aWR0aD0iMSIgaGVpZ2h0PSIxIiB4bWxucz0iaHR0cDovL3d3dy53My5vcmcvMjAwMC9zdmciPjwvc3ZnPg==\" style=\"--smush-placeholder-width: 453px; --smush-placeholder-aspect-ratio: 453\/340;\" \/><\/center><\/p>\n<p style=\"text-align: center;\"><a href=\"https:\/\/www.brw.pl\/poszewka-dekoracyjna-rosa,33606\" target=\"_blank\" rel=\"noopener noreferrer\"><strong>POSZEWKA DEKORACYJNA ROSA<\/strong><\/a><\/p>\n<p><strong>Poszewka dekoracyjna Rosa<\/strong> z subtelnym r\u00f3\u017canym deseniem pi\u0119knie uzupe\u0142ni aran\u017cacj\u0119 sypialni, w kt\u00f3rej pudrowy r\u00f3\u017c ogranicza si\u0119 do dodatk\u00f3w tekstylnych. Razem z r\u00f3\u017cowymi zas\u0142onami czy dywanem wniesie do wn\u0119trza du\u017co uroku.<\/p>\n<p><center><img decoding=\"async\" class=\"alignnone wp-image-19714 lazyload\" data-src=\"https:\/\/www.brw.pl\/blog\/wp-content\/uploads\/2021\/08\/Wazon-szklany.jpg\" alt=\"Wazon szklany r\u00f3\u017cowy\" width=\"450\" height=\"338\" src=\"data:image\/svg+xml;base64,PHN2ZyB3aWR0aD0iMSIgaGVpZ2h0PSIxIiB4bWxucz0iaHR0cDovL3d3dy53My5vcmcvMjAwMC9zdmciPjwvc3ZnPg==\" style=\"--smush-placeholder-width: 450px; --smush-placeholder-aspect-ratio: 450\/338;\" \/><\/center><\/p>\n<p style=\"text-align: center;\"><a href=\"https:\/\/www.brw.pl\/wazon,13007\" target=\"_blank\" rel=\"noopener noreferrer\"><strong>WAZON ZE SZK\u0141A<\/strong><\/a><\/p>\n<p>Nie wyobra\u017casz sobie sypialni bez kwiat\u00f3w? Zainwestuj w szklany <strong>wazon<\/strong> w kolorze mlecznego r\u00f3\u017cu i wstaw do niego na przyk\u0142ad bia\u0142e r\u00f3\u017ce. B\u0119dzie romantycznie i pachn\u0105co.<\/p>\n<h2><strong>Sypialnia pudrowy r\u00f3\u017c \u2013 inspiracje<\/strong><\/h2>\n<p><center><\/center><center><\/center><center><\/center><center><img decoding=\"async\" class=\"alignnone wp-image-29959 size-medium lazyload\" data-src=\"https:\/\/www.brw.pl\/blog\/wp-content\/uploads\/2023\/02\/MODEO_sypialnia_rozowa-800x531.jpg\" alt=\"Modeo sypialnia r\u00f3\u017cowa\" width=\"800\" height=\"531\" data-srcset=\"https:\/\/www.brw.pl\/blog\/wp-content\/uploads\/2023\/02\/MODEO_sypialnia_rozowa-800x531.jpg 800w, https:\/\/www.brw.pl\/blog\/wp-content\/uploads\/2023\/02\/MODEO_sypialnia_rozowa-768x510.jpg 768w, https:\/\/www.brw.pl\/blog\/wp-content\/uploads\/2023\/02\/MODEO_sypialnia_rozowa.jpg 1254w\" data-sizes=\"(max-width: 800px) 100vw, 800px\" src=\"data:image\/svg+xml;base64,PHN2ZyB3aWR0aD0iMSIgaGVpZ2h0PSIxIiB4bWxucz0iaHR0cDovL3d3dy53My5vcmcvMjAwMC9zdmciPjwvc3ZnPg==\" style=\"--smush-placeholder-width: 800px; --smush-placeholder-aspect-ratio: 800\/531;\" \/><\/center>&nbsp;<\/p>\n<p>Oto sypialnia glamour w pe\u0142nej okaza\u0142o\u015bci &#8211; jasna, elegancka i naturalnie r\u00f3\u017cowa! Pastelowy r\u00f3\u017c na jednej ze \u015bcian stanowi \u015bwietne t\u0142o dla mebli z\u00a0<strong><a href=\"https:\/\/www.brw.pl\/kolekcja-modeo,598\" target=\"_blank\" rel=\"noopener noreferrer\">kolekcji Modeo<\/a><\/strong> z be\u017cowymi oraz bia\u0142ymi frontami. Dobrym pomys\u0142em okaza\u0142o si\u0119 tak\u017ce zestawienie pudrowego r\u00f3\u017cu w postaci <a href=\"https:\/\/www.brw.pl\/kwadrat-30x30-panel-tapicerowany,45656\" target=\"_blank\" rel=\"noopener noreferrer\"><strong>kwadratowych paneli tapicerowanych<\/strong><\/a> z wybarwieniem <em>d\u0105b sonoma<\/em> <a href=\"https:\/\/www.brw.pl\/lozko-140-kaspian,11407\" target=\"_blank\" rel=\"noopener noreferrer\"><strong>\u0142\u00f3\u017cka Kaspian<\/strong><\/a>. Maria\u017c r\u00f3\u017cu z jasnym br\u0105zem sprawia, \u017ce wn\u0119trze nabiera ciep\u0142a i przytulno\u015bci.<\/p>\n<p><strong>Zainteresowa\u0142y Ci\u0119 panele tapicerowane? Obejrzyj film dost\u0119pny na <\/strong><a href=\"https:\/\/www.youtube.com\/@brwmeble\" target=\"_blank\" rel=\"noopener noreferrer\"><strong>kanale BRW<\/strong><\/a><strong> w serwisie YouTube:<\/strong><\/p>\n<div class=\"videoWrapper\"><iframe title=\"Panele tapicerowane\" data-src=\"https:\/\/www.youtube.com\/embed\/bn_sgRkr7wQ\" frameborder=\"0\" allowfullscreen=\"allowfullscreen\" src=\"data:image\/svg+xml;base64,PHN2ZyB3aWR0aD0iMSIgaGVpZ2h0PSIxIiB4bWxucz0iaHR0cDovL3d3dy53My5vcmcvMjAwMC9zdmciPjwvc3ZnPg==\" data-load-mode=\"1\"><span data-mce-type=\"bookmark\" style=\"display: inline-block; width: 0px; overflow: hidden; line-height: 0;\" class=\"mce_SELRES_start lazyload\">\ufeff<\/span><\/iframe><\/div>\n<p>&nbsp;<\/p>\n<p>Zauwa\u017c, \u017ce do widocznej na zdj\u0119ciu sypialni zdecydowali\u015bmy si\u0119 wprowadzi\u0107 pudrowy r\u00f3\u017c w r\u00f3\u017cnych wariantach. Panele przybra\u0142y odcie\u0144 r\u00f3\u017cu z domieszk\u0105 fioletu. \u015aciana i <a href=\"https:\/\/www.brw.pl\/obraz-roses-2,27576\" target=\"_blank\" rel=\"noopener noreferrer\"><strong>obraz &#8222;Roses 2&#8221;<\/strong><\/a> &#8211; blad\u0105, mocno rozbielon\u0105 wersj\u0119 tego koloru. <a href=\"https:\/\/www.brw.pl\/puf-skadi,46116\" target=\"_blank\" rel=\"noopener noreferrer\"><strong>Pufy Skadi<\/strong><\/a> &#8211; nieco bardziej wyrazist\u0105. Takie urozmaicenie o\u017cywia sypialni\u0119, a towarzysz\u0105ce r\u00f3\u017com szaro\u015bci, biele i br\u0105zy zapobiegaj\u0105 &#8222;przes\u0142odzeniu&#8221; aran\u017cacji. Blasku w stylu glam dodaj\u0105 jej z\u0142ote akcenty &#8211; elementy ozdobne <a href=\"https:\/\/www.brw.pl\/stolik-vega-c,31967\" target=\"_blank\" rel=\"noopener noreferrer\"><strong>stolika Vega C<\/strong><\/a>, komponenty lamp Dorado &#8211; <a href=\"https:\/\/www.brw.pl\/kinkiet-dorado,48098\" target=\"_blank\" rel=\"noopener noreferrer\"><strong>lampy wisz\u0105cej<\/strong><\/a> oraz <a href=\"https:\/\/www.brw.pl\/kinkiet-dorado,48098\" target=\"_blank\" rel=\"noopener noreferrer\"><strong>kinkietu<\/strong><\/a>.<\/p>\n<p>Niezale\u017cnie od estetyki, kt\u00f3ra dominuje w Twojej sypialni, pudrowy r\u00f3\u017c z du\u017cym prawdopodobie\u0144stwem wpasuje si\u0119 w jej wystr\u00f3j. Szczeg\u00f3lnie je\u015bli we\u017amiesz pod uwag\u0119 nasze wskaz\u00f3wki.<\/p>\n<p><strong>Zapraszamy do <\/strong><a href=\"https:\/\/www.brw.pl\/\" target=\"_blank\" rel=\"noopener noreferrer\"><strong>sklepu internetowego Black Red White<\/strong><\/a><strong>!<\/strong><\/p>\n","protected":false},"excerpt":{"rendered":"<p>Pudrowy odcie\u0144 r\u00f3\u017cu w sypialni to niezawodny patent na przytulne, urocze wn\u0119trze, w kt\u00f3rym przyjemnie zasn\u0105\u0107. R\u00f3\u017cowa sypialnia polubi si\u0119 z r\u00f3\u017cnymi kolorami i stylami. Sprawd\u017a, jak j\u0105 zaaran\u017cowa\u0107!<\/p>\n","protected":false},"author":29,"featured_media":29945,"comment_status":"closed","ping_status":"open","sticky":false,"template":"","format":"standard","meta":{"footnotes":""},"categories":[39,29],"tags":[],"aioseo_notices":[],"_links":{"self":[{"href":"https:\/\/www.brw.pl\/blog\/wp-json\/wp\/v2\/posts\/29958"}],"collection":[{"href":"https:\/\/www.brw.pl\/blog\/wp-json\/wp\/v2\/posts"}],"about":[{"href":"https:\/\/www.brw.pl\/blog\/wp-json\/wp\/v2\/types\/post"}],"author":[{"embeddable":true,"href":"https:\/\/www.brw.pl\/blog\/wp-json\/wp\/v2\/users\/29"}],"replies":[{"embeddable":true,"href":"https:\/\/www.brw.pl\/blog\/wp-json\/wp\/v2\/comments?post=29958"}],"version-history":[{"count":12,"href":"https:\/\/www.brw.pl\/blog\/wp-json\/wp\/v2\/posts\/29958\/revisions"}],"predecessor-version":[{"id":33372,"href":"https:\/\/www.brw.pl\/blog\/wp-json\/wp\/v2\/posts\/29958\/revisions\/33372"}],"wp:featuredmedia":[{"embeddable":true,"href":"https:\/\/www.brw.pl\/blog\/wp-json\/wp\/v2\/media\/29945"}],"wp:attachment":[{"href":"https:\/\/www.brw.pl\/blog\/wp-json\/wp\/v2\/media?parent=29958"}],"wp:term":[{"taxonomy":"category","embeddable":true,"href":"https:\/\/www.brw.pl\/blog\/wp-json\/wp\/v2\/categories?post=29958"},{"taxonomy":"post_tag","embeddable":true,"href":"https:\/\/www.brw.pl\/blog\/wp-json\/wp\/v2\/tags?post=29958"}],"curies":[{"name":"wp","href":"https:\/\/api.w.org\/{rel}","templated":true}]}}