{"id":30358,"date":"2023-03-09T12:22:36","date_gmt":"2023-03-09T11:22:36","guid":{"rendered":"https:\/\/www.brw.pl\/blog\/?p=30358"},"modified":"2023-05-01T13:48:21","modified_gmt":"2023-05-01T11:48:21","slug":"szary-salon-z-drewnem-inspiracje","status":"publish","type":"post","link":"https:\/\/www.brw.pl\/blog\/szary-salon-z-drewnem-inspiracje\/","title":{"rendered":"Szary salon z drewnem \u2013 inspiracje"},"content":{"rendered":"<p><strong>Czasy, w kt\u00f3rych kolor szary uchodzi\u0142 za smutny i pozbawiony wyrazu, na szcz\u0119\u015bcie dawno min\u0119\u0142y. Dzi\u015b szaro\u015b\u0107 w aran\u017cacjach wn\u0119trz jest niczym nowa czer\u0144 \u2013 stylowa, elegancka i nowoczesna. W po\u0142\u0105czeniu z drewnem zyskuje przytulny rys, dlatego warto skusi\u0107 si\u0119 na ten wyj\u0105tkowy duet. Jak mo\u017ce wygl\u0105da\u0107 aran\u017cacja salonu w szaro\u015bci i drewnie? Jak modnie urz\u0105dzi\u0107 takie pomieszczenie? Sprawd\u017a!<\/strong><!--more--><\/p>\n<p><img decoding=\"async\" class=\"aligncenter size-medium wp-image-30359 lazyload\" data-src=\"https:\/\/www.brw.pl\/blog\/wp-content\/uploads\/2023\/03\/Sawira-pok\u00f3j-dzienny-800x534.jpg\" alt=\"Szary salon z drewnem - Sawira\" width=\"800\" height=\"534\" data-srcset=\"https:\/\/www.brw.pl\/blog\/wp-content\/uploads\/2023\/03\/Sawira-pok\u00f3j-dzienny-800x534.jpg 800w, https:\/\/www.brw.pl\/blog\/wp-content\/uploads\/2023\/03\/Sawira-pok\u00f3j-dzienny-768x512.jpg 768w, https:\/\/www.brw.pl\/blog\/wp-content\/uploads\/2023\/03\/Sawira-pok\u00f3j-dzienny-1536x1025.jpg 1536w, https:\/\/www.brw.pl\/blog\/wp-content\/uploads\/2023\/03\/Sawira-pok\u00f3j-dzienny.jpg 1619w\" data-sizes=\"(max-width: 800px) 100vw, 800px\" src=\"data:image\/svg+xml;base64,PHN2ZyB3aWR0aD0iMSIgaGVpZ2h0PSIxIiB4bWxucz0iaHR0cDovL3d3dy53My5vcmcvMjAwMC9zdmciPjwvc3ZnPg==\" style=\"--smush-placeholder-width: 800px; --smush-placeholder-aspect-ratio: 800\/534;\" \/><\/p>\n<h2><strong>Szary salon z drewnem \u2013 klasyczne pomieszczenie w nowoczesnym wydaniu<\/strong><\/h2>\n<p>Kolor szary niejedno ma imi\u0119. Ta uniwersalna i ponadczasowa barwa wyst\u0119puje w wielu odmianach: od srebrzystych, per\u0142owych odcieni, przez klasyczn\u0105 kamienn\u0105 szaro\u015b\u0107, po niezwykle modny w ostatnim czasie greige czy ch\u0142odny kolor stali i betonu. <strong>Odcienie szaro\u015bci wprowadzaj\u0105 do aran\u017cacji salonu wra\u017cenie harmonii i r\u00f3wnowagi<\/strong> \u2013 nie dominuj\u0105 nad wystrojem, lecz stanowi\u0105 subtelne t\u0142o. Jasne tonacje wspaniale roz\u015bwietlaj\u0105 pomieszczenia, natomiast ciemne dodaj\u0105 im g\u0142\u0119bi i tajemniczo\u015bci.<\/p>\n<p>Szary ma wiele zalet, o kt\u00f3rych warto pami\u0119ta\u0107, je\u015bli tworzy si\u0119 projekt wn\u0119trza z jego udzia\u0142em. Do najwa\u017cniejszych plus\u00f3w tej barwy nale\u017c\u0105:<\/p>\n<ul>\n<li>nowoczesny, uniwersalny charakter;<\/li>\n<li>\u0142atwo\u015b\u0107, z jak\u0105 \u0142\u0105czy si\u0119 z innymi kolorami;<\/li>\n<li>zdolno\u015b\u0107 dopasowania si\u0119 do niemal ka\u017cdego stylu aran\u017cacyjnego,<\/li>\n<li>mo\u017cliwo\u015b\u0107 wprowadzenia jej zar\u00f3wno do ma\u0142ych, jak i przestronnych pomieszcze\u0144.<\/li>\n<\/ul>\n<p>Je\u015bli zastanawiasz si\u0119, w jaki spos\u00f3b ociepli\u0107 szary salon, odpowied\u017a mo\u017ce by\u0107 tylko jedna: za pomoc\u0105 drewna! Naturalne materia\u0142y takie jak drewno wprowadzaj\u0105 do wn\u0119trz przytulne akcenty \u2013 dzi\u0119ki nim aran\u017cacje salonu zyskuj\u0105 ciep\u0142y, rodzinny charakter.<\/p>\n<p>Co wi\u0119cej, szary salon z elementami drewna doskonale \u0142\u0105czy w sobie klasyk\u0119 i nowoczesno\u015b\u0107. <strong>Pomieszczenie urz\u0105dzone w tych kolorach jest nie tylko przyjazne, ale te\u017c eleganckie i nie traci \u015bwietno\u015bci mimo zmieniaj\u0105cych si\u0119 trend\u00f3w<\/strong>. Z tego powodu jest znakomit\u0105 propozycj\u0105 dla os\u00f3b, kt\u00f3re dla swojego domu szukaj\u0105 rozwi\u0105za\u0144 na d\u0142u\u017cej ni\u017c jeden sezon.<\/p>\n<p>W zale\u017cno\u015bci od zastosowanych odcieni szaro\u015bci, wystr\u00f3j salonu urz\u0105dzonego w modnym kolorystycznym duecie mo\u017ce mie\u0107 industrialny, minimalistyczny lub tradycyjny rys. Naturalny kolor drewna wspaniale komponuje si\u0119 z szaro\u015bci\u0105 w ka\u017cdym wydaniu. Co wi\u0119cej, stylowe po\u0142\u0105czenie szaro\u015bci i drewna sprawdzi si\u0119 niemal wsz\u0119dzie \u2013 b\u0119dzie \u015bwietn\u0105 opcj\u0105 zar\u00f3wno do przestrzeni dziennej o niewielkim metra\u017cu, jak i do du\u017cych, przestronnych wn\u0119trz.<\/p>\n<h2><strong>Jak urz\u0105dzi\u0107 salon szary z drewnem?<\/strong><\/h2>\n<p>Urz\u0105dzanie szarego salonu z drewnem rozpocznij od zaplanowania, jakie elementy aran\u017cacji b\u0119d\u0105 utrzymane w szaro\u015bciach, a jakie w drewnie. Praktycznym i ch\u0119tnie wybieranym rozwi\u0105zaniem jest uk\u0142ad, w kt\u00f3rym <strong>drewniane pod\u0142ogi i drewniane meble tonowane s\u0105 przez szare \u015bciany<\/strong>, meble wypoczynkowe obite szar\u0105 tkanin\u0105 oraz dodatki miksuj\u0105ce obydwa kolory.<\/p>\n<p>Szukaj\u0105c odpowiedniego wyposa\u017cenia strefy dziennej, zwr\u00f3\u0107 uwag\u0119 na meble w ciep\u0142ych odcieniach br\u0105zu. <strong>D\u0119bowe <\/strong><a href=\"https:\/\/www.brw.pl\/meble\/przechowywanie\/komody\/\" target=\"_blank\" rel=\"noopener noreferrer\"><strong>komody<\/strong><\/a><strong> i <\/strong><a href=\"https:\/\/www.brw.pl\/meble\/przechowywanie\/witryny\/\" target=\"_blank\" rel=\"noopener noreferrer\"><strong>witryny<\/strong><\/a><strong>, takie jak te z<\/strong> <strong>kolekcji Sawira<\/strong>, <strong>na tle szarych \u015bcian zaprezentuj\u0105 si\u0119 bardzo efektownie!<\/strong> Prezentowany model witryny wykonano z unikalnego drewna d\u0119bowego powsta\u0142ego z fragment\u00f3w niewykorzystanych w innych kolekcjach. Dzi\u0119ki temu mebel wyr\u00f3\u017cnia niepodrabialny design \u2013 zdobi\u0105 go oryginalne rysunki s\u0119k\u00f3w i s\u0142oj\u00f3w.<\/p>\n<div style=\"display: flex; align-items: center; justify-content: center; text-align: center;\">\n<figure id=\"attachment_30360\" aria-describedby=\"caption-attachment-30360\" style=\"width: 593px\" class=\"wp-caption aligncenter\"><img decoding=\"async\" class=\"wp-image-30360 size-full lazyload\" data-src=\"https:\/\/www.brw.pl\/blog\/wp-content\/uploads\/2023\/03\/witryna-sawira.jpg\" alt=\"witryna sawira\" width=\"593\" height=\"445\" src=\"data:image\/svg+xml;base64,PHN2ZyB3aWR0aD0iMSIgaGVpZ2h0PSIxIiB4bWxucz0iaHR0cDovL3d3dy53My5vcmcvMjAwMC9zdmciPjwvc3ZnPg==\" style=\"--smush-placeholder-width: 593px; --smush-placeholder-aspect-ratio: 593\/445;\" \/><figcaption id=\"caption-attachment-30360\" class=\"wp-caption-text\"><a href=\"https:\/\/www.brw.pl\/witryna-sawira,46067\" target=\"_blank\" rel=\"noopener noreferrer\"><span style=\"font-weight: 400;\">Witryna Sawira<\/span><\/a><\/figcaption><\/figure>\n<\/div>\n<p><a href=\"https:\/\/www.brw.pl\/meble\/meble-wypoczynkowe\/sofy\/\" target=\"_blank\" rel=\"noopener noreferrer\">Kanapa<\/a> i <a href=\"https:\/\/www.brw.pl\/meble\/meble-wypoczynkowe\/fotele\/\" target=\"_blank\" rel=\"noopener noreferrer\">fotel<\/a> w kolorze go\u0142\u0119biej szaro\u015bci to \u015bwietna baza dla strefy wypoczynkowej urz\u0105dzonej w salonie z szaro\u015bci\u0105 i drewnem. <strong>W domowych wn\u0119trzach liczy si\u0119 przede wszystkim wygoda, dlatego warto postawi\u0107 na meble z szerokim oparciem, komfortowym siedziskiem i wysokimi stopkami<\/strong>. Fotel Casey to idealna propozycja dla os\u00f3b, kt\u00f3re wieczorami lubi\u0105 zatopi\u0107 si\u0119 w d\u0142ugiej lekturze, a w ci\u0105gu dnia nie stroni\u0105 od przerwy na relaks.<\/p>\n<div style=\"display: flex; align-items: center; justify-content: center; text-align: center;\">\n<figure id=\"attachment_30361\" aria-describedby=\"caption-attachment-30361\" style=\"width: 593px\" class=\"wp-caption aligncenter\"><img decoding=\"async\" class=\"wp-image-30361 size-full lazyload\" data-src=\"https:\/\/www.brw.pl\/blog\/wp-content\/uploads\/2023\/03\/fotel-casey.jpg\" alt=\"Fotel Casey\" width=\"593\" height=\"445\" src=\"data:image\/svg+xml;base64,PHN2ZyB3aWR0aD0iMSIgaGVpZ2h0PSIxIiB4bWxucz0iaHR0cDovL3d3dy53My5vcmcvMjAwMC9zdmciPjwvc3ZnPg==\" style=\"--smush-placeholder-width: 593px; --smush-placeholder-aspect-ratio: 593\/445;\" \/><figcaption id=\"caption-attachment-30361\" class=\"wp-caption-text\"><a href=\"https:\/\/www.brw.pl\/fotel-casey,31390\" target=\"_blank\" rel=\"noopener noreferrer\"><span style=\"font-weight: 400;\">Fotel Casey<\/span><\/a><\/figcaption><\/figure>\n<\/div>\n<p>Pami\u0119taj, \u017ce <strong>szaro\u015bci doskonale prezentuj\u0105 si\u0119 w towarzystwie<\/strong> <strong>zr\u00f3\u017cnicowanych faktur<\/strong> \u2013 poza powierzchniami pomalowanymi klasyczn\u0105 farb\u0105 warto postawi\u0107 na \u015bciany wyko\u0144czone betonem architektonicznym. Je\u015bli nie chcesz wydawa\u0107 zbyt wiele na remont, si\u0119gnij po farby imituj\u0105ce beton lub zdecyduj si\u0119 na inn\u0105 dekoracj\u0119: wzorzyste tapety, lamele czy panele tapicerowane, kt\u00f3re obecnie ciesz\u0105 si\u0119 du\u017c\u0105 popularno\u015bci\u0105. Wi\u0119cej na ich temat przeczytasz w naszym artykule: &#8222;<a href=\"https:\/\/www.brw.pl\/blog\/panele-tapicerowane-w-salonie-sposob-na-szybka-metamorfoze-wnetrza\/\" target=\"_blank\" rel=\"noopener noreferrer\">Panele tapicerowane w salonie \u2013 spos\u00f3b na szybk\u0105 metamorfoz\u0119 wn\u0119trza<\/a>!&#8221;.<\/p>\n<p>Zestawienie powierzchni o r\u00f3\u017cnym wyko\u0144czeniu przydaje si\u0119 podczas wydzielania poszczeg\u00f3lnych stref w salonie. To pomocne szczeg\u00f3lnie podczas planowania uk\u0142adu funkcjonalnego pomieszczenia \u2013 inne faktury mo\u017cesz wykorzysta\u0107 w strefie telewizyjnej, inne w cz\u0119\u015bci jadalnianej czy wypoczynkowej.<\/p>\n<p>Salon, w kt\u00f3rym kuchnia otwarta jest na pozosta\u0142e strefy, to przestrze\u0144 wielofunkcyjna i nowoczesna. Aby unikn\u0105\u0107 w niej monotonii, dobrze jest wprowadzi\u0107 element prze\u0142amuj\u0105cy do\u015b\u0107 stonowany wystr\u00f3j. <strong>Neutralne po\u0142\u0105czenie drewna i szaro\u015bci zyska now\u0105 energi\u0119, je\u015bli urozmaicisz je mocniejszym akcentem w postaci butelkowej zieleni czy musztardowej \u017c\u00f3\u0142ci<\/strong>. Zapro\u015b do wn\u0119trza naturalne dekoracje kwiatowe wpisuj\u0105ce si\u0119 w trend urban jungle, koce z charakterystycznymi fr\u0119dzlami, <a href=\"https:\/\/www.brw.pl\/tekstylia\/poduszki-dekoracyjne\/\" target=\"_blank\" rel=\"noopener noreferrer\">poduszki dekoracyjne<\/a> czy po\u0142yskuj\u0105cy stolik kawowy w z\u0142otym kolorze.<\/p>\n<div style=\"display: flex; align-items: center; justify-content: center; text-align: center;\">\n<figure id=\"attachment_30362\" aria-describedby=\"caption-attachment-30362\" style=\"width: 350px\" class=\"wp-caption aligncenter\"><img decoding=\"async\" class=\"wp-image-30362 lazyload\" data-src=\"https:\/\/www.brw.pl\/blog\/wp-content\/uploads\/2023\/03\/poduszka-dekoracyjna-cami.jpg\" alt=\"poduszka dekoracyjna Cami\" width=\"350\" height=\"263\" src=\"data:image\/svg+xml;base64,PHN2ZyB3aWR0aD0iMSIgaGVpZ2h0PSIxIiB4bWxucz0iaHR0cDovL3d3dy53My5vcmcvMjAwMC9zdmciPjwvc3ZnPg==\" style=\"--smush-placeholder-width: 350px; --smush-placeholder-aspect-ratio: 350\/263;\" \/><figcaption id=\"caption-attachment-30362\" class=\"wp-caption-text\"><a href=\"https:\/\/www.brw.pl\/poduszka-dekoracyjna-cami,51883\" target=\"_blank\" rel=\"noopener noreferrer\"><span style=\"font-weight: 400;\">Poduszka dekoracyjna Cami<\/span><\/a><\/figcaption><\/figure>\n<figure id=\"attachment_30363\" aria-describedby=\"caption-attachment-30363\" style=\"width: 350px\" class=\"wp-caption aligncenter\"><img decoding=\"async\" class=\"wp-image-30363 lazyload\" data-src=\"https:\/\/www.brw.pl\/blog\/wp-content\/uploads\/2023\/03\/poduszka-dekoracyjna-malaita.jpg\" alt=\"poduszka dekoracyjna Malaita\" width=\"350\" height=\"263\" src=\"data:image\/svg+xml;base64,PHN2ZyB3aWR0aD0iMSIgaGVpZ2h0PSIxIiB4bWxucz0iaHR0cDovL3d3dy53My5vcmcvMjAwMC9zdmciPjwvc3ZnPg==\" style=\"--smush-placeholder-width: 350px; --smush-placeholder-aspect-ratio: 350\/263;\" \/><figcaption id=\"caption-attachment-30363\" class=\"wp-caption-text\"><a href=\"https:\/\/www.brw.pl\/poduszka-dekoracyjna-malaita,42879\" target=\"_blank\" rel=\"noopener noreferrer\"><span style=\"font-weight: 400;\">Poduszka dekoracyjna Malaita<\/span><\/a><\/figcaption><\/figure>\n<\/div>\n<p>W nowoczesnym salonie doskonale sprawdzi si\u0119 r\u00f3wnie\u017c stylowe trio: biel, szary i drewno. Zestawienie trzech uniwersalnych barw w ramach jednej aran\u017cacji to sprawdzony przepis na wn\u0119trzarski sukces! Komody, witryny, szafki w bieli i drewnie dodadz\u0105 wn\u0119trzu po\u017c\u0105danej lekko\u015bci, a szare <a href=\"https:\/\/www.brw.pl\/katalog-produktow\/asortyment-meble-tapicerowane\/\" target=\"_blank\" rel=\"noopener noreferrer\">meble wypoczynkowe<\/a> i dodatki \u2013 podkre\u015bl\u0105 jego elegancki wygl\u0105d. To \u015bwietny wyb\u00f3r dla wielbicieli stylu skandynawskiego czy szykownej estetyki nowojorskiej.<\/p>\n<div style=\"display: flex; align-items: center; justify-content: center; text-align: center;\">\n<figure id=\"attachment_30364\" aria-describedby=\"caption-attachment-30364\" style=\"width: 350px\" class=\"wp-caption aligncenter\"><img decoding=\"async\" class=\"wp-image-30364 lazyload\" data-src=\"https:\/\/www.brw.pl\/blog\/wp-content\/uploads\/2023\/03\/figurka-sparrow.jpg\" alt=\"Figurka Sparrow\" width=\"350\" height=\"263\" src=\"data:image\/svg+xml;base64,PHN2ZyB3aWR0aD0iMSIgaGVpZ2h0PSIxIiB4bWxucz0iaHR0cDovL3d3dy53My5vcmcvMjAwMC9zdmciPjwvc3ZnPg==\" style=\"--smush-placeholder-width: 350px; --smush-placeholder-aspect-ratio: 350\/263;\" \/><figcaption id=\"caption-attachment-30364\" class=\"wp-caption-text\"><a href=\"https:\/\/www.brw.pl\/figurka-sparrow,37721\" target=\"_blank\" rel=\"noopener noreferrer\"><span style=\"font-weight: 400;\">Figurka Sparrow<\/span><\/a><\/figcaption><\/figure>\n<figure id=\"attachment_30365\" aria-describedby=\"caption-attachment-30365\" style=\"width: 350px\" class=\"wp-caption aligncenter\"><img decoding=\"async\" class=\"wp-image-30365 lazyload\" data-src=\"https:\/\/www.brw.pl\/blog\/wp-content\/uploads\/2023\/03\/obraz-wydma-no-1.jpg\" alt=\"Obraz wydma\" width=\"350\" height=\"263\" src=\"data:image\/svg+xml;base64,PHN2ZyB3aWR0aD0iMSIgaGVpZ2h0PSIxIiB4bWxucz0iaHR0cDovL3d3dy53My5vcmcvMjAwMC9zdmciPjwvc3ZnPg==\" style=\"--smush-placeholder-width: 350px; --smush-placeholder-aspect-ratio: 350\/263;\" \/><figcaption id=\"caption-attachment-30365\" class=\"wp-caption-text\"><a href=\"https:\/\/www.brw.pl\/obraz-wydma-no-1,38634\" target=\"_blank\" rel=\"noopener noreferrer\"><span style=\"font-weight: 400;\">Obraz wydma<\/span><\/a><\/figcaption><\/figure>\n<\/div>\n<h2><strong>Szary salon z drewnem \u2013 aran\u017cacje<\/strong><\/h2>\n<p>Zastanawiasz si\u0119, jak modnie urz\u0105dzi\u0107 szary salon z drewnem? Je\u015bli po drodze Ci ze stylem industrialnym, postaw na aran\u017cacj\u0119, kt\u00f3ra gar\u015bciami czerpie z poprzemys\u0142owej estetyki. Takie projekty wn\u0119trz s\u0105 teraz na topie i \u015bwietnie odnajduj\u0105 si\u0119 zar\u00f3wno w domach, jak i w mieszkaniach.<\/p>\n<div style=\"display: flex; align-items: center; justify-content: center; text-align: center;\">\n<figure id=\"attachment_30366\" aria-describedby=\"caption-attachment-30366\" style=\"width: 800px\" class=\"wp-caption aligncenter\"><img decoding=\"async\" class=\"wp-image-30366 size-medium lazyload\" data-src=\"https:\/\/www.brw.pl\/blog\/wp-content\/uploads\/2023\/03\/Eland-Ramla-800x533.jpg\" alt=\"Eland-Ramla\" width=\"800\" height=\"533\" data-srcset=\"https:\/\/www.brw.pl\/blog\/wp-content\/uploads\/2023\/03\/Eland-Ramla-800x533.jpg 800w, https:\/\/www.brw.pl\/blog\/wp-content\/uploads\/2023\/03\/Eland-Ramla-768x512.jpg 768w, https:\/\/www.brw.pl\/blog\/wp-content\/uploads\/2023\/03\/Eland-Ramla-1536x1024.jpg 1536w, https:\/\/www.brw.pl\/blog\/wp-content\/uploads\/2023\/03\/Eland-Ramla.jpg 1620w\" data-sizes=\"(max-width: 800px) 100vw, 800px\" src=\"data:image\/svg+xml;base64,PHN2ZyB3aWR0aD0iMSIgaGVpZ2h0PSIxIiB4bWxucz0iaHR0cDovL3d3dy53My5vcmcvMjAwMC9zdmciPjwvc3ZnPg==\" style=\"--smush-placeholder-width: 800px; --smush-placeholder-aspect-ratio: 800\/533;\" \/><figcaption id=\"caption-attachment-30366\" class=\"wp-caption-text\"><a href=\"https:\/\/www.brw.pl\/witryna-ramla,52822\" target=\"_blank\" rel=\"noopener noreferrer\"><span style=\"font-weight: 400;\">Witryna Ramla<\/span><\/a> &#8211; <a href=\"https:\/\/www.brw.pl\/lampa-wiszaca-pastelo,31529\" target=\"_blank\" rel=\"noopener noreferrer\"><span style=\"font-weight: 400;\">Lampa wisz\u0105ca Pastelo<\/span><\/a><\/figcaption><\/figure>\n<\/div>\n<p>Od czego zacz\u0105\u0107? Najlepiej od \u015bcian \u2013 pomaluj je na szary kolor, kt\u00f3ry doda pomieszczeniu wyrazisto\u015bci i g\u0142\u0119bi. Mo\u017cesz pokusi\u0107 si\u0119 o zastosowanie imitacji betonu, by urozmaici\u0107 wystr\u00f3j salonu i uzyska\u0107 ciekawy efekt. Niech na pod\u0142odze znajd\u0105 si\u0119 drewniane deski b\u0105d\u017a panele, ewentualnie p\u0142ytki drewnopodobne.<\/p>\n<p>Do tak przygotowanego pomieszczenia wprowad\u017a wyposa\u017cenie wpisuj\u0105ce si\u0119 w loftowy styl \u2013 <strong>witryna Ramla i pozosta\u0142e meble z kolekcji<\/strong>, a tak\u017ce <a href=\"https:\/\/www.brw.pl\/stol-100-eland,49021\" target=\"_blank\" rel=\"noopener noreferrer\"><strong>st\u00f3\u0142 Eland<\/strong><\/a> <strong>zestawiony z krzes\u0142ami <a href=\"https:\/\/www.brw.pl\/krzeslo-oliwkowy-seran,43234\" target=\"_blank\" rel=\"noopener noreferrer\">Seran<\/a> i <a href=\"https:\/\/www.brw.pl\/krzeslo-czarny-alm,45234\" target=\"_blank\" rel=\"noopener noreferrer\">Alm<\/a><\/strong> b\u0119d\u0105 strza\u0142em w dziesi\u0105tk\u0119. Jasne drewno front\u00f3w oraz czarne metalowe nogi sprawiaj\u0105, \u017ce meble prezentuj\u0105 si\u0119 lekko i estetycznie. Na koniec zadbaj o odpowiednie dodatki: puszysty szary dywan, dekoracje \u015bcienne czy o\u015bwietlenie takie jak <strong>lampa Pastelo<\/strong> b\u0119d\u0105 w aran\u017cacji niczym kropka nad i.<\/p>\n<div style=\"display: flex; align-items: center; justify-content: center; text-align: center;\">\n<figure id=\"attachment_30367\" aria-describedby=\"caption-attachment-30367\" style=\"width: 800px\" class=\"wp-caption aligncenter\"><img decoding=\"async\" class=\"wp-image-30367 size-medium lazyload\" data-src=\"https:\/\/www.brw.pl\/blog\/wp-content\/uploads\/2023\/03\/Tarbes-pok\u00f3j-dzienny-800x450.jpg\" alt=\"Tarbes pok\u00f3j dzienny\" width=\"800\" height=\"450\" data-srcset=\"https:\/\/www.brw.pl\/blog\/wp-content\/uploads\/2023\/03\/Tarbes-pok\u00f3j-dzienny-800x450.jpg 800w, https:\/\/www.brw.pl\/blog\/wp-content\/uploads\/2023\/03\/Tarbes-pok\u00f3j-dzienny-768x432.jpg 768w, https:\/\/www.brw.pl\/blog\/wp-content\/uploads\/2023\/03\/Tarbes-pok\u00f3j-dzienny-1536x864.jpg 1536w, https:\/\/www.brw.pl\/blog\/wp-content\/uploads\/2023\/03\/Tarbes-pok\u00f3j-dzienny.jpg 1919w\" data-sizes=\"(max-width: 800px) 100vw, 800px\" src=\"data:image\/svg+xml;base64,PHN2ZyB3aWR0aD0iMSIgaGVpZ2h0PSIxIiB4bWxucz0iaHR0cDovL3d3dy53My5vcmcvMjAwMC9zdmciPjwvc3ZnPg==\" style=\"--smush-placeholder-width: 800px; --smush-placeholder-aspect-ratio: 800\/450;\" \/><figcaption id=\"caption-attachment-30367\" class=\"wp-caption-text\"><a href=\"https:\/\/www.brw.pl\/witryna-tarbes,20872\" target=\"_blank\" rel=\"noopener noreferrer\"><span style=\"font-weight: 400;\">Witryna Tarbes<\/span><\/a> &#8211; <a href=\"https:\/\/www.brw.pl\/szafka-rtv-tarbes,20873\" target=\"_blank\" rel=\"noopener noreferrer\"><span style=\"font-weight: 400;\">Szafka RTV Tarbes<\/span><\/a><\/figcaption><\/figure>\n<\/div>\n<p>Szukasz mebli o bardziej surowym charakterze? W typowo loftowej przestrzeni doskonale sprawdz\u0105 si\u0119 zestawy takie jak <strong>kolekcja Tarbes<\/strong>. Oryginalna kolorystyka witryn, szafek i kom\u00f3d sama w sobie stanowi niebanaln\u0105 ozdob\u0119 \u2013 tak urz\u0105dzony salon nie potrzebuje wielu dodatk\u00f3w. Wyposa\u017cenie w po\u0142\u0105czeniu z betonow\u0105 \u015bcian\u0105 oraz dekoracyjn\u0105 ceg\u0142\u0105 nadaje salonowi industrialny sznyt.<\/p>\n<p><strong>Szary salon z drewnem to wn\u0119trze, kt\u00f3re nigdy nie wychodzi z mody. Si\u0119gnij po meble i dodatki z oferty <\/strong><a href=\"https:\/\/www.brw.pl\/\" target=\"_blank\" rel=\"noopener noreferrer\"><strong>sklepu internetowego Black Red White<\/strong><\/a><strong> \u2013 wyczaruj z nami salon inny ni\u017c wszystkie! Nie przegap najlepszych promocji, dzi\u0119ki kt\u00f3rym zaoszcz\u0119dzisz na zakupach i urz\u0105dzisz swoje mieszkanie w dobrej cenie. Zapraszamy!<\/strong><\/p>\n","protected":false},"excerpt":{"rendered":"<p>Czasy, w kt\u00f3rych kolor szary uchodzi\u0142 za smutny i pozbawiony wyrazu, na szcz\u0119\u015bcie dawno min\u0119\u0142y. Dzi\u015b szaro\u015b\u0107 w aran\u017cacjach wn\u0119trz jest niczym nowa czer\u0144 \u2013 stylowa, elegancka i nowoczesna. W po\u0142\u0105czeniu z drewnem zyskuje przytulny rys, dlatego warto skusi\u0107 si\u0119 na ten wyj\u0105tkowy duet. Jak mo\u017ce wygl\u0105da\u0107 aran\u017cacja salonu w szaro\u015bci i drewnie? Jak modnie [&hellip;]<\/p>\n","protected":false},"author":21,"featured_media":30359,"comment_status":"closed","ping_status":"open","sticky":false,"template":"","format":"standard","meta":{"footnotes":""},"categories":[39,28,735],"tags":[],"aioseo_notices":[],"_links":{"self":[{"href":"https:\/\/www.brw.pl\/blog\/wp-json\/wp\/v2\/posts\/30358"}],"collection":[{"href":"https:\/\/www.brw.pl\/blog\/wp-json\/wp\/v2\/posts"}],"about":[{"href":"https:\/\/www.brw.pl\/blog\/wp-json\/wp\/v2\/types\/post"}],"author":[{"embeddable":true,"href":"https:\/\/www.brw.pl\/blog\/wp-json\/wp\/v2\/users\/21"}],"replies":[{"embeddable":true,"href":"https:\/\/www.brw.pl\/blog\/wp-json\/wp\/v2\/comments?post=30358"}],"version-history":[{"count":4,"href":"https:\/\/www.brw.pl\/blog\/wp-json\/wp\/v2\/posts\/30358\/revisions"}],"predecessor-version":[{"id":32234,"href":"https:\/\/www.brw.pl\/blog\/wp-json\/wp\/v2\/posts\/30358\/revisions\/32234"}],"wp:featuredmedia":[{"embeddable":true,"href":"https:\/\/www.brw.pl\/blog\/wp-json\/wp\/v2\/media\/30359"}],"wp:attachment":[{"href":"https:\/\/www.brw.pl\/blog\/wp-json\/wp\/v2\/media?parent=30358"}],"wp:term":[{"taxonomy":"category","embeddable":true,"href":"https:\/\/www.brw.pl\/blog\/wp-json\/wp\/v2\/categories?post=30358"},{"taxonomy":"post_tag","embeddable":true,"href":"https:\/\/www.brw.pl\/blog\/wp-json\/wp\/v2\/tags?post=30358"}],"curies":[{"name":"wp","href":"https:\/\/api.w.org\/{rel}","templated":true}]}}