{"id":30692,"date":"2023-03-30T08:00:24","date_gmt":"2023-03-30T06:00:24","guid":{"rendered":"https:\/\/www.brw.pl\/blog\/?p=30692"},"modified":"2023-04-30T17:41:08","modified_gmt":"2023-04-30T15:41:08","slug":"aranzacja-komody-w-salonie-z-black-red-white","status":"publish","type":"post","link":"https:\/\/www.brw.pl\/blog\/aranzacja-komody-w-salonie-z-black-red-white\/","title":{"rendered":"Aran\u017cacja komody w salonie z Black Red White"},"content":{"rendered":"<p data-pm-slice=\"1 1 []\"><strong>Dlaczego komoda w salonie to absolutny <em>must have<\/em>? Jak dekoracja komody wp\u0142ywa na odbi\u00f3r wn\u0119trza? Sprawd\u017a!<\/strong><\/p>\n<p data-pm-slice=\"1 1 []\"><!--more--><\/p>\n<p><center><img decoding=\"async\" class=\"alignnone size-medium wp-image-30673 lazyload\" data-src=\"https:\/\/www.brw.pl\/blog\/wp-content\/uploads\/2023\/03\/komoda-luton-800x534.jpg\" alt=\"Luton - aran\u017cacja salonu\" width=\"800\" height=\"534\" data-srcset=\"https:\/\/www.brw.pl\/blog\/wp-content\/uploads\/2023\/03\/komoda-luton-800x534.jpg 800w, https:\/\/www.brw.pl\/blog\/wp-content\/uploads\/2023\/03\/komoda-luton-768x512.jpg 768w, https:\/\/www.brw.pl\/blog\/wp-content\/uploads\/2023\/03\/komoda-luton-1536x1025.jpg 1536w, https:\/\/www.brw.pl\/blog\/wp-content\/uploads\/2023\/03\/komoda-luton.jpg 1619w\" data-sizes=\"(max-width: 800px) 100vw, 800px\" src=\"data:image\/svg+xml;base64,PHN2ZyB3aWR0aD0iMSIgaGVpZ2h0PSIxIiB4bWxucz0iaHR0cDovL3d3dy53My5vcmcvMjAwMC9zdmciPjwvc3ZnPg==\" style=\"--smush-placeholder-width: 800px; --smush-placeholder-aspect-ratio: 800\/534;\" \/><\/center><\/p>\n<p style=\"text-align: center;\"><a href=\"https:\/\/www.brw.pl\/komoda-luton,40552\" target=\"_blank\" rel=\"noopener noreferrer\"><strong>KOMODA LUTON<\/strong><\/a><\/p>\n<h2><strong><span data-color=\"rgb(248, 250, 251)\">Komoda w salonie \u2013 mebel, kt\u00f3rego nie mo\u017ce zabrakn\u0105\u0107<\/span><\/strong><\/h2>\n<p><a href=\"https:\/\/www.brw.pl\/meble\/przechowywanie\/komody\/\" target=\"_blank\" rel=\"noopener noreferrer\">Komoda<\/a> nie jest tylko meblem s\u0142u\u017c\u0105cym do przechowywania rzeczy. <strong>Stanowi wa\u017cn\u0105 cz\u0119\u015b\u0107 aran\u017cacji wn\u0119trza i dlatego musi by\u0107 starannie dobrana do pozosta\u0142ych element\u00f3w wystroju.<\/strong> Szczeg\u00f3lnie w salonie, kt\u00f3ry jest wizyt\u00f3wk\u0105 domu i najbardziej reprezentacyjnym pomieszczeniem. Przebywaj\u0105 w nim zar\u00f3wno domownicy, jak i go\u015bcie, zatem nale\u017cy urz\u0105dzi\u0107 go tak, aby by\u0142o czym si\u0119 pochwali\u0107.<\/p>\n<p>Zwykle wi\u0119ksz\u0105 wag\u0119 przyk\u0142ada si\u0119 do mebli w strefie wypoczynkowej pokoju dziennego. Skupiamy si\u0119 na <a href=\"https:\/\/www.brw.pl\/meble\/meble-wypoczynkowe\/sofy\/\" target=\"_blank\" rel=\"noopener noreferrer\">sofie<\/a>, <a href=\"https:\/\/www.brw.pl\/meble\/meble-wypoczynkowe\/fotele\/\" target=\"_blank\" rel=\"noopener noreferrer\">fotelach<\/a>, <a href=\"https:\/\/www.brw.pl\/meble\/stoly-i-krzesla\/lawy-i-stoliki\/stoliki\/\" target=\"_blank\" rel=\"noopener noreferrer\">stoliku<\/a> kawowym, zapominaj\u0105c o komodzie. Nies\u0142usznie! To kolejny <a href=\"https:\/\/www.brw.pl\/katalog-produktow\/asortyment-meble-skrzyniowe\/\" target=\"_blank\" rel=\"noopener noreferrer\">mebel skrzyniowy<\/a>, w kt\u00f3rym mo\u017cesz ukry\u0107 to, czego nie chcesz trzyma\u0107 na wierzchu &#8211; dokumenty, bielizn\u0119 sto\u0142ow\u0105, osobiste drobiazgi. <strong>Co wi\u0119cej, blat komody stanowi idealne miejsce na wyeksponowanie pi\u0119knych przedmiot\u00f3w!<\/strong><\/p>\n<p>W jaki spos\u00f3b udekorowa\u0107 komod\u0119 tak, aby sta\u0142a si\u0119 prawdziw\u0105 ozdob\u0105 salonu? Tego dowiesz si\u0119 w dalszej cz\u0119\u015bci artyku\u0142u.<\/p>\n<h2><strong><span data-color=\"rgb(248, 250, 251)\">Aran\u017cacja komody w salonie \u2013 na jakie dodatki warto postawi\u0107?<\/span><\/strong><\/h2>\n<p data-pm-slice=\"1 1 []\">Przedstawiamy wybrane komody Black Red White &#8211; glamour, boho oraz scandi. Podpowiadamy, jakie dodatki pomog\u0105 Ci je zaaran\u017cowa\u0107.<\/p>\n<h3 style=\"text-align: center;\"><strong>Komoda do salonu w stylu glamour<\/strong><\/h3>\n<p><center><img decoding=\"async\" class=\"alignnone wp-image-30693 lazyload\" data-src=\"https:\/\/www.brw.pl\/blog\/wp-content\/uploads\/2023\/03\/komoda-idento-kolor-wybarwienia-bialy-mediuma.jpg\" alt=\"Komoda Idento\" width=\"452\" height=\"339\" src=\"data:image\/svg+xml;base64,PHN2ZyB3aWR0aD0iMSIgaGVpZ2h0PSIxIiB4bWxucz0iaHR0cDovL3d3dy53My5vcmcvMjAwMC9zdmciPjwvc3ZnPg==\" style=\"--smush-placeholder-width: 452px; --smush-placeholder-aspect-ratio: 452\/339;\" \/><\/center><\/p>\n<p style=\"text-align: center;\"><a href=\"https:\/\/www.brw.pl\/komoda-idento,11229\" target=\"_blank\" rel=\"noopener noreferrer\"><strong>KOMODA IDENTO<\/strong><\/a><\/p>\n<p>Wn\u0119trza glamour s\u0105 eleganckie i wytworne, taka te\u017c powinna by\u0107 komoda oddaj\u0105ca t\u0119 estetyk\u0119. Frezowane fronty, z\u0142ote detale, subtelne kwiatowe motywy &#8211; na to zwracaj uwag\u0119, wybieraj\u0105c komod\u0119 glam oraz dekoracje.<\/p>\n<p>Przyjrzyj si\u0119 <strong>komodzie Idento<\/strong>. Wspaniale wpisuje si\u0119 w stylistyk\u0119 glamour. Fronty z ozdobnymi listwami, fantazyjnie rze\u017abione n\u00f3\u017cki, dekoracyjne uchwyty i du\u017ca pojemno\u015b\u0107 &#8211; oto, czym wyr\u00f3\u017cnia si\u0119 nasza bia\u0142a komoda.<\/p>\n<p>Nad meblem b\u0119dzie zjawiskowo wygl\u0105da\u0142 <strong>obraz &#8222;Magnolie&#8221;<\/strong>. Rama w odcieniu mocno rozbielonej szaro\u015bci i p\u0142atki kwiat\u00f3w o barwie \u015bniegu efektownie wsp\u00f3\u0142graj\u0105 z kolorystyk\u0105 front\u00f3w. R\u00f3\u017cowe akcenty magnolii delikatnie o\u017cywiaj\u0105 aran\u017cacj\u0119 komody.<\/p>\n<p><center><img decoding=\"async\" class=\"alignnone wp-image-5626 lazyload\" data-src=\"https:\/\/www.brw.pl\/blog\/wp-content\/uploads\/2019\/06\/obraz-magnolie-44388-xlarge-800x601.jpg\" alt=\"\" width=\"450\" height=\"338\" data-srcset=\"https:\/\/www.brw.pl\/blog\/wp-content\/uploads\/2019\/06\/obraz-magnolie-44388-xlarge-800x601.jpg 800w, https:\/\/www.brw.pl\/blog\/wp-content\/uploads\/2019\/06\/obraz-magnolie-44388-xlarge-768x577.jpg 768w, https:\/\/www.brw.pl\/blog\/wp-content\/uploads\/2019\/06\/obraz-magnolie-44388-xlarge.jpg 1438w\" data-sizes=\"(max-width: 450px) 100vw, 450px\" src=\"data:image\/svg+xml;base64,PHN2ZyB3aWR0aD0iMSIgaGVpZ2h0PSIxIiB4bWxucz0iaHR0cDovL3d3dy53My5vcmcvMjAwMC9zdmciPjwvc3ZnPg==\" style=\"--smush-placeholder-width: 450px; --smush-placeholder-aspect-ratio: 450\/338;\" \/><\/center><\/p>\n<p style=\"text-align: center;\"><a href=\"https:\/\/www.brw.pl\/obraz-magnolie,23295\" target=\"_blank\" rel=\"noopener noreferrer\"><strong>OBRAZ &#8222;MAGNOLIE&#8221;<\/strong><\/a><\/p>\n<p>Egzamin zdadz\u0105 r\u00f3wnie\u017c <a href=\"https:\/\/www.brw.pl\/dekoracje\/lustra\/\" target=\"_blank\" rel=\"noopener noreferrer\">lustra<\/a> w dekoracyjnych ramach, kryszta\u0142owe <a href=\"https:\/\/www.brw.pl\/dekoracje\/swiece-i-swieczniki\/swieczniki\/\" target=\"_blank\" rel=\"noopener noreferrer\">\u015bwieczniki<\/a>, drobiazgi w odcieniu z\u0142ota b\u0105d\u017a srebra&#8230;<\/p>\n<h3 style=\"text-align: center;\"><strong>Komoda do pokoju dziennego w <em>s<\/em>tylu boho<\/strong><\/h3>\n<p><center><img decoding=\"async\" class=\"alignnone wp-image-24723 lazyload\" data-src=\"https:\/\/www.brw.pl\/blog\/wp-content\/uploads\/2022\/07\/komoda-sawira.jpg\" alt=\"\" width=\"450\" height=\"338\" src=\"data:image\/svg+xml;base64,PHN2ZyB3aWR0aD0iMSIgaGVpZ2h0PSIxIiB4bWxucz0iaHR0cDovL3d3dy53My5vcmcvMjAwMC9zdmciPjwvc3ZnPg==\" style=\"--smush-placeholder-width: 450px; --smush-placeholder-aspect-ratio: 450\/338;\" \/><\/center><\/p>\n<p style=\"text-align: center;\"><a href=\"https:\/\/www.brw.pl\/komoda-sawira,46061\" target=\"_blank\" rel=\"noopener noreferrer\"><strong>KOMODA SAWIRA<\/strong><\/a><\/p>\n<p>Estetyka boho kocha rzeczy zrobione z naturalnych materia\u0142\u00f3w, na przyk\u0142ad litego drewna, bambusa, juty, rattanu, wikliny czy trawy morskiej. W aran\u017cacjach boho cz\u0119sto wykorzystuje si\u0119 trend eko, na kt\u00f3rym opiera si\u0119 koncepcja <a href=\"https:\/\/www.brw.pl\/kolekcja-sawira,578\" target=\"_blank\" rel=\"noopener noreferrer\">kolekcji mebli Sawira<\/a>, w tym <strong>komody Sawira<\/strong>.<\/p>\n<p>Ten wyrazisty mebel z pi\u0119knym rysunkiem us\u0142ojenia wykonano z drewna d\u0119bowego. Surowiec pozyskano z po\u0142\u0105czenia fragment\u00f3w niewykorzystanych przy produkcji innych kolekcji, zatem odzwierciedla ide\u0119 <em>zero waste<\/em>. Co wi\u0119cej, jest pokryty lakierem BIO, przyjaznym dla cz\u0142owieka i \u015brodowiska.<\/p>\n<p>Dekoracja komody w przestrzeni boho mo\u017ce uwzgl\u0119dnia\u0107 podr\u00f3\u017cnicze akcenty, czyli oprawione zdj\u0119cia z dalekich wypraw lub etniczne ozdoby przywiezione z r\u00f3\u017cnych zak\u0105tk\u00f3w \u015bwiata. Przydadz\u0105 Ci si\u0119 wszelkie plecione dodatki: \u0142apacze sn\u00f3w, makramy, kosze pe\u0142ni\u0105ce funkcj\u0119 os\u0142onek na doniczki z egzotycznymi ro\u015blinami. Sprawdz\u0105 si\u0119 <a href=\"https:\/\/www.brw.pl\/dekoracje\/swiece-i-swieczniki\/lampiony\/\" target=\"_blank\" rel=\"noopener noreferrer\">lampiony<\/a> z naturalnych materia\u0142\u00f3w, np. nasz <strong>lampion<\/strong> <strong>z modnej plecionki wiede\u0144skiej<\/strong>, z drewnianymi komponentami.<\/p>\n<p><center><img decoding=\"async\" class=\"alignnone wp-image-26487 lazyload\" data-src=\"https:\/\/www.brw.pl\/blog\/wp-content\/uploads\/2022\/08\/lampion-wiedenski.jpg\" alt=\"Lampion z plecionki wiede\u0144skiej\" width=\"450\" height=\"338\" src=\"data:image\/svg+xml;base64,PHN2ZyB3aWR0aD0iMSIgaGVpZ2h0PSIxIiB4bWxucz0iaHR0cDovL3d3dy53My5vcmcvMjAwMC9zdmciPjwvc3ZnPg==\" style=\"--smush-placeholder-width: 450px; --smush-placeholder-aspect-ratio: 450\/338;\" \/><\/center><\/p>\n<p style=\"text-align: center;\"><a href=\"https:\/\/www.brw.pl\/lampion,41240\" target=\"_blank\" rel=\"noopener noreferrer\"><strong>LAMPION<\/strong><\/a><\/p>\n<p>Pami\u0119taj, \u017ce styl boho wywodzi si\u0119 ze \u015bwiata cyganerii artystycznej. Charakteryzuje go du\u017ca swoboda aran\u017cacyjna, wi\u0119c \u015bmia\u0142o popu\u015b\u0107 wodze fantazji, dekoruj\u0105c blat komody i \u015bcian\u0119 nad ni\u0105.<\/p>\n<h3 style=\"text-align: center;\"><strong>Komoda w duchu scandi<\/strong><\/h3>\n<p><center><img decoding=\"async\" class=\"alignnone wp-image-28088 lazyload\" data-src=\"https:\/\/www.brw.pl\/blog\/wp-content\/uploads\/2022\/11\/komoda-heda.jpg\" alt=\"Komoda Heda\" width=\"450\" height=\"338\" src=\"data:image\/svg+xml;base64,PHN2ZyB3aWR0aD0iMSIgaGVpZ2h0PSIxIiB4bWxucz0iaHR0cDovL3d3dy53My5vcmcvMjAwMC9zdmciPjwvc3ZnPg==\" style=\"--smush-placeholder-width: 450px; --smush-placeholder-aspect-ratio: 450\/338;\" \/><\/center><\/p>\n<p style=\"text-align: center;\"><a href=\"https:\/\/www.brw.pl\/komoda-heda,20680\" target=\"_blank\" rel=\"noopener noreferrer\"><strong>KOMODA HEDA<\/strong><\/a><\/p>\n<p>Estetyk\u0119 scandi cechuje bezpretensjonalno\u015b\u0107. Skandynawskie wn\u0119trza s\u0105 funkcjonalne, przytulne, jasne, pe\u0142ne \u015bwiat\u0142a. Lubi\u0105 si\u0119 z drewnem w ka\u017cdym wydaniu. Nowoczesne komody scandi to meble o prostej konstrukcji bez zb\u0119dnych zdobie\u0144, zwykle wyposa\u017cone w szuflady, zamykane szafki, okr\u0105g\u0142e uchwyty w formie ga\u0142ek. Takie jak <strong>komoda Heda<\/strong>.<\/p>\n<p><strong>Komod\u0119 obejrzysz dok\u0142adniej na filmie dost\u0119pnym na <\/strong><a href=\"https:\/\/www.youtube.com\/@brwmeble\" target=\"_blank\" rel=\"noopener noreferrer\"><strong>kanale BRW<\/strong><\/a><strong> w serwisie YouTube:<\/strong><\/p>\n<div class=\"videoWrapper\"><iframe title=\"Komoda Heda\" data-src=\"https:\/\/www.youtube.com\/embed\/GAvGeRo8rGw\" frameborder=\"0\" allowfullscreen=\"allowfullscreen\" src=\"data:image\/svg+xml;base64,PHN2ZyB3aWR0aD0iMSIgaGVpZ2h0PSIxIiB4bWxucz0iaHR0cDovL3d3dy53My5vcmcvMjAwMC9zdmciPjwvc3ZnPg==\" data-load-mode=\"1\"><span data-mce-type=\"bookmark\" style=\"display: inline-block; width: 0px; overflow: hidden; line-height: 0;\" class=\"mce_SELRES_start lazyload\">\ufeff<\/span><\/iframe><\/div>\n<p>&nbsp;<\/p>\n<p>&nbsp;<\/p>\n<p>W\u015br\u00f3d dodatk\u00f3w w duchu skandynawskim przewa\u017caj\u0105 stonowane kolory, organiczne kszta\u0142ty, naturalne materia\u0142y. Bia\u0142e, be\u017cowe i mi\u0119towe <strong>wazony z pr\u0105\u017ckowanej ceramiki<\/strong> znakomicie uzupe\u0142ni\u0105 wystr\u00f3j komody w stylu scandi.<\/p>\n<p><center><img decoding=\"async\" class=\"alignnone wp-image-30694 lazyload\" data-src=\"https:\/\/www.brw.pl\/blog\/wp-content\/uploads\/2023\/03\/wazon-mix-kolorow-mediuma.jpg\" alt=\"Wazon mix kolor\u00f3w\" width=\"450\" height=\"338\" src=\"data:image\/svg+xml;base64,PHN2ZyB3aWR0aD0iMSIgaGVpZ2h0PSIxIiB4bWxucz0iaHR0cDovL3d3dy53My5vcmcvMjAwMC9zdmciPjwvc3ZnPg==\" style=\"--smush-placeholder-width: 450px; --smush-placeholder-aspect-ratio: 450\/338;\" \/><\/center><\/p>\n<p style=\"text-align: center;\"><a href=\"https:\/\/www.brw.pl\/wazon-mix-kolorow,47250\" target=\"_blank\" rel=\"noopener noreferrer\"><strong>WAZON MIX KOLOR\u00d3W<\/strong><\/a><\/p>\n<h2><strong><span data-color=\"rgb(248, 250, 251)\">Komoda w salonie \u2013 aran\u017cacje<\/span><\/strong><\/h2>\n<p>Zapraszamy do obejrzenia naszych aran\u017cacji komody w salonie!<\/p>\n<h3 style=\"text-align: center;\"><strong>Komoda w salonie loft<\/strong><\/h3>\n<p><center><img decoding=\"async\" class=\"alignnone size-medium wp-image-30154 lazyload\" data-src=\"https:\/\/www.brw.pl\/blog\/wp-content\/uploads\/2023\/02\/Ramla-pok\u00f3j-dzienny-800x534.jpg\" alt=\"\" width=\"800\" height=\"534\" data-srcset=\"https:\/\/www.brw.pl\/blog\/wp-content\/uploads\/2023\/02\/Ramla-pok\u00f3j-dzienny-800x534.jpg 800w, https:\/\/www.brw.pl\/blog\/wp-content\/uploads\/2023\/02\/Ramla-pok\u00f3j-dzienny-768x512.jpg 768w, https:\/\/www.brw.pl\/blog\/wp-content\/uploads\/2023\/02\/Ramla-pok\u00f3j-dzienny-1536x1025.jpg 1536w, https:\/\/www.brw.pl\/blog\/wp-content\/uploads\/2023\/02\/Ramla-pok\u00f3j-dzienny.jpg 1619w\" data-sizes=\"(max-width: 800px) 100vw, 800px\" src=\"data:image\/svg+xml;base64,PHN2ZyB3aWR0aD0iMSIgaGVpZ2h0PSIxIiB4bWxucz0iaHR0cDovL3d3dy53My5vcmcvMjAwMC9zdmciPjwvc3ZnPg==\" style=\"--smush-placeholder-width: 800px; --smush-placeholder-aspect-ratio: 800\/534;\" \/><\/center><\/p>\n<p style=\"text-align: center;\"><a href=\"https:\/\/www.brw.pl\/komoda-ramla,52830\" target=\"_blank\" rel=\"noopener noreferrer\"><strong>KOMODA RAMLA<\/strong><\/a><\/p>\n<p>Salon urz\u0105dzony za pomoc\u0105 <a href=\"https:\/\/www.brw.pl\/kolekcja-ramla,601\" target=\"_blank\" rel=\"noopener noreferrer\"><strong>kolekcji Ramla<\/strong><\/a> ma ewidentnie loftowy sznyt. Wskazuj\u0105 na to minimalistyczne meble z metalowym stela\u017cem, dekor \u015bcienny za telewizorem stylizowany na betonowy oraz dodatki, w tym dekoracje komody, a tak\u017ce \u015bciany nad ni\u0105.<\/p>\n<p><strong>Komoda z jasnymi frontami o wybarwieniu <em>jesion g\u00f3rski<\/em><\/strong> posiada a\u017c trzy zamykane szafki z p\u00f3\u0142kami, jedn\u0105 szuflad\u0119 i otwart\u0105 p\u00f3\u0142k\u0119. Ta ostatnia nada si\u0119 na rzeczy, kt\u00f3re chcesz mie\u0107 na wyci\u0105gni\u0119cie r\u0119ki, ale w mniej wyeksponowanym miejscu ni\u017c blat mebla.<\/p>\n<p>W odniesieniu do aran\u017cacji komody, typowo postindustrialny styl reprezentuje mi\u0119dzy innymi metalowy <a href=\"https:\/\/www.brw.pl\/koszyk,38159\" target=\"_blank\" rel=\"noopener noreferrer\"><strong>koszyk do przechowywania<\/strong><\/a> z drewnian\u0105 przykrywk\u0105. W\u0142o\u017cysz do niego ksi\u0105\u017cki, czasopisma, dokumenty. Szare <a href=\"https:\/\/www.brw.pl\/wazon-trend,38282\" target=\"_blank\" rel=\"noopener noreferrer\"><strong>wazony Trend<\/strong><\/a> z matowego szk\u0142a r\u00f3wnie\u017c wpisuj\u0105 si\u0119 w loftowy klimat, podobnie jak monochromatyczne plakaty o tematyce architektonicznej &#8211; <a href=\"https:\/\/www.brw.pl\/plakat-most-na-manhattanie,38040\" target=\"_blank\" rel=\"noopener noreferrer\"><strong>&#8222;Most na Manhattanie&#8221;<\/strong><\/a> i <a href=\"https:\/\/www.brw.pl\/plakat-nowy-jork-no-2,38042\" target=\"_blank\" rel=\"noopener noreferrer\"><strong>&#8222;Nowy Jork No. 2&#8221;<\/strong><\/a> &#8211; wisz\u0105ce nad komod\u0105.<\/p>\n<p><strong>Produkty widoczne na zdj\u0119ciu czekaj\u0105 na Ciebie <\/strong><a href=\"https:\/\/www.brw.pl\/kolekcja-ramla,601\" target=\"_blank\" rel=\"noopener noreferrer\"><strong>TUTAJ<\/strong><\/a><strong>.<\/strong><\/p>\n<h3 style=\"text-align: center;\"><strong>Komoda w salonie scandi loft<\/strong><\/h3>\n<p><center><img decoding=\"async\" class=\"alignnone size-medium wp-image-30226 lazyload\" data-src=\"https:\/\/www.brw.pl\/blog\/wp-content\/uploads\/2023\/02\/Jasmin-pok\u00f3j-dzienny-Lampa-Galaxy-800x450.jpg\" alt=\"Jasmin pok\u00f3j dzienny, Lampa Galaxy\" width=\"800\" height=\"450\" data-srcset=\"https:\/\/www.brw.pl\/blog\/wp-content\/uploads\/2023\/02\/Jasmin-pok\u00f3j-dzienny-Lampa-Galaxy-800x450.jpg 800w, https:\/\/www.brw.pl\/blog\/wp-content\/uploads\/2023\/02\/Jasmin-pok\u00f3j-dzienny-Lampa-Galaxy.jpg 1920w, https:\/\/www.brw.pl\/blog\/wp-content\/uploads\/2023\/02\/Jasmin-pok\u00f3j-dzienny-Lampa-Galaxy-768x432.jpg 768w, https:\/\/www.brw.pl\/blog\/wp-content\/uploads\/2023\/02\/Jasmin-pok\u00f3j-dzienny-Lampa-Galaxy-1536x864.jpg 1536w\" data-sizes=\"(max-width: 800px) 100vw, 800px\" src=\"data:image\/svg+xml;base64,PHN2ZyB3aWR0aD0iMSIgaGVpZ2h0PSIxIiB4bWxucz0iaHR0cDovL3d3dy53My5vcmcvMjAwMC9zdmciPjwvc3ZnPg==\" style=\"--smush-placeholder-width: 800px; --smush-placeholder-aspect-ratio: 800\/450;\" \/><\/center><\/p>\n<p style=\"text-align: center;\"><a href=\"https:\/\/www.brw.pl\/komoda-jasmin,46793\" target=\"_blank\" rel=\"noopener noreferrer\"><strong>KOMODA JASMIN<\/strong><\/a><\/p>\n<p>Oto pok\u00f3j dzienny w stylu skandynawskim z elementami loft. \u015aciana z ceg\u0142y zwykle kojarzy si\u0119 z postindustrialn\u0105 estetyk\u0105, ale tutaj wyst\u0119puje w bielonym wydaniu, tak jak sufit i pod\u0142oga. Nawet grafitowe fronty mebli z <a href=\"https:\/\/www.brw.pl\/kolekcja-jasmin,581\" target=\"_blank\" rel=\"noopener noreferrer\"><strong>kolekcji Jasmin<\/strong><\/a> nie s\u0105 w stanie wp\u0142yn\u0105\u0107 na og\u00f3lne wra\u017cenie jasnego i przestronnego wn\u0119trza, jak przysta\u0142o na salon scandi.<\/p>\n<p><strong>Komoda Jasmin to mebel o interesuj\u0105cej konstrukcji.<\/strong> Jest wyposa\u017cony nie tylko w szuflady i zamykane szafki, lecz tak\u017ce w otwarte z dw\u00f3ch stron p\u00f3\u0142ki idealne na ksi\u0105\u017cki lub p\u0142yty. Frezowane fronty dodaj\u0105 meblowi urody.<\/p>\n<p>Dekoracje komody s\u0105 utrzymane w stonowanej kolorystyce &#8211; bielach, delikatnej szaro\u015bci, be\u017cach, z pojedynczym czarnym akcentem. Na ich tle wyr\u00f3\u017cnia si\u0119 soczy\u015bcie zielona ro\u015blina doniczkowa, kt\u00f3ra o\u017cywia aran\u017cacj\u0119. Na \u015bcianie umieszczono kompozycj\u0119 bia\u0142o-czarnych (z jednym wyj\u0105tkiem) oprawionych plakat\u00f3w &#8211; dw\u00f3ch abstrakcji, zarysu kobiecej sylwetki <a href=\"https:\/\/www.brw.pl\/plakat-line-art-kobieta-no-2,38046\" target=\"_blank\" rel=\"noopener noreferrer\"><strong>&#8222;Line art Kobieta No. 2&#8221;<\/strong><\/a>, krajobrazu miejskiego, s\u0142ynnej wie\u017cy zegarowej Big Ben.<\/p>\n<p><strong>Produkty widoczne na zdj\u0119ciu czekaj\u0105 na Ciebie <\/strong><a href=\"https:\/\/www.brw.pl\/kolekcja-jasmin,581\" target=\"_blank\" rel=\"noopener noreferrer\"><strong>TUTAJ<\/strong><\/a><strong>.<\/strong><\/p>\n<p><strong>Po wi\u0119cej inspiracji zapraszamy do <\/strong><a href=\"https:\/\/www.brw.pl\/\" target=\"_blank\" rel=\"noopener noreferrer\"><strong>sklepu internetowego Black Red White<\/strong><\/a><strong>! <\/strong><\/p>\n<p>Zajrzyj te\u017c do artyku\u0142u <a href=\"https:\/\/www.brw.pl\/blog\/co-postawic-na-komodzie-sprawdz-sposoby-na-dekoracje-komody\/\" target=\"_blank\" rel=\"noopener noreferrer\"><strong>&#8222;Co postawi\u0107 na komodzie? Sprawd\u017a sposoby na dekoracj\u0119 komody!&#8221;<\/strong><\/a>.<\/p>\n","protected":false},"excerpt":{"rendered":"<p>Dlaczego komoda w salonie to absolutny must have? Jak dekoracja komody wp\u0142ywa na odbi\u00f3r wn\u0119trza? Sprawd\u017a!<\/p>\n","protected":false},"author":29,"featured_media":30673,"comment_status":"closed","ping_status":"open","sticky":false,"template":"","format":"standard","meta":{"footnotes":""},"categories":[39,28,735],"tags":[],"aioseo_notices":[],"_links":{"self":[{"href":"https:\/\/www.brw.pl\/blog\/wp-json\/wp\/v2\/posts\/30692"}],"collection":[{"href":"https:\/\/www.brw.pl\/blog\/wp-json\/wp\/v2\/posts"}],"about":[{"href":"https:\/\/www.brw.pl\/blog\/wp-json\/wp\/v2\/types\/post"}],"author":[{"embeddable":true,"href":"https:\/\/www.brw.pl\/blog\/wp-json\/wp\/v2\/users\/29"}],"replies":[{"embeddable":true,"href":"https:\/\/www.brw.pl\/blog\/wp-json\/wp\/v2\/comments?post=30692"}],"version-history":[{"count":5,"href":"https:\/\/www.brw.pl\/blog\/wp-json\/wp\/v2\/posts\/30692\/revisions"}],"predecessor-version":[{"id":32172,"href":"https:\/\/www.brw.pl\/blog\/wp-json\/wp\/v2\/posts\/30692\/revisions\/32172"}],"wp:featuredmedia":[{"embeddable":true,"href":"https:\/\/www.brw.pl\/blog\/wp-json\/wp\/v2\/media\/30673"}],"wp:attachment":[{"href":"https:\/\/www.brw.pl\/blog\/wp-json\/wp\/v2\/media?parent=30692"}],"wp:term":[{"taxonomy":"category","embeddable":true,"href":"https:\/\/www.brw.pl\/blog\/wp-json\/wp\/v2\/categories?post=30692"},{"taxonomy":"post_tag","embeddable":true,"href":"https:\/\/www.brw.pl\/blog\/wp-json\/wp\/v2\/tags?post=30692"}],"curies":[{"name":"wp","href":"https:\/\/api.w.org\/{rel}","templated":true}]}}