{"id":30833,"date":"2023-04-07T10:31:59","date_gmt":"2023-04-07T08:31:59","guid":{"rendered":"https:\/\/www.brw.pl\/blog\/?p=30833"},"modified":"2023-05-01T15:31:00","modified_gmt":"2023-05-01T13:31:00","slug":"przechowywanie-w-salonie-poznaj-sposoby-na-doskonala-organizacje-przestrzeni","status":"publish","type":"post","link":"https:\/\/www.brw.pl\/blog\/przechowywanie-w-salonie-poznaj-sposoby-na-doskonala-organizacje-przestrzeni\/","title":{"rendered":"Przechowywanie w salonie &#8211; poznaj sposoby na doskona\u0142\u0105 organizacj\u0119 przestrzeni!"},"content":{"rendered":"<p data-pm-slice=\"1 1 []\"><strong>Przechowywanie rzeczy w salonie staje si\u0119 coraz wi\u0119kszym wyzwaniem? Nie masz ju\u017c pomys\u0142u, gdzie schowa\u0107 kolejne obrusy, narzuty, koce, komplety obiadowe, segregatory z dokumentami, ksi\u0105\u017cki? Pomo\u017cemy Ci!<\/strong><\/p>\n<p data-pm-slice=\"1 1 []\"><!--more--><\/p>\n<p><center><img decoding=\"async\" class=\"alignnone size-medium wp-image-30834 lazyload\" data-src=\"https:\/\/www.brw.pl\/blog\/wp-content\/uploads\/2023\/04\/glowne-S471-Forn_bip_ar1-800x534.jpg\" alt=\"Kolekcja Forn w salonie (zdj\u0119cie g\u0142\u00f3wne) - przechowywanie\" width=\"800\" height=\"534\" data-srcset=\"https:\/\/www.brw.pl\/blog\/wp-content\/uploads\/2023\/04\/glowne-S471-Forn_bip_ar1-800x534.jpg 800w, https:\/\/www.brw.pl\/blog\/wp-content\/uploads\/2023\/04\/glowne-S471-Forn_bip_ar1-768x512.jpg 768w, https:\/\/www.brw.pl\/blog\/wp-content\/uploads\/2023\/04\/glowne-S471-Forn_bip_ar1-1536x1025.jpg 1536w, https:\/\/www.brw.pl\/blog\/wp-content\/uploads\/2023\/04\/glowne-S471-Forn_bip_ar1.jpg 1619w\" data-sizes=\"(max-width: 800px) 100vw, 800px\" src=\"data:image\/svg+xml;base64,PHN2ZyB3aWR0aD0iMSIgaGVpZ2h0PSIxIiB4bWxucz0iaHR0cDovL3d3dy53My5vcmcvMjAwMC9zdmciPjwvc3ZnPg==\" style=\"--smush-placeholder-width: 800px; --smush-placeholder-aspect-ratio: 800\/534;\" \/><\/center><\/p>\n<p style=\"text-align: center;\" data-pm-slice=\"1 1 []\"><a href=\"https:\/\/www.brw.pl\/kolekcja-forn,550\" target=\"_blank\" rel=\"noopener noreferrer\"><strong>KOLEKCJA MEBLI FORN<\/strong><\/a><\/p>\n<h2><strong><span data-color=\"rgb(248, 250, 251)\">Odpowiednie przechowywanie w salonie rzeczy u\u0142atwi organizacj\u0119 przestrzeni<\/span><\/strong><\/h2>\n<p>Co zrobi\u0107, kiedy nagromadzone przez lata przedmioty powoli przestaj\u0105 mie\u015bci\u0107 si\u0119 w domu, a salon zaczyna przypomina\u0107 magazyn? Architekci wn\u0119trz to ostateczne rozwi\u0105zanie. Zanim zaczniesz burzy\u0107 \u015bciany, zastan\u00f3w si\u0119 nad innymi, mniej inwazyjnymi sposobami na znalezienie miejsca do przechowywania.<\/p>\n<p>W naszym artykule:<\/p>\n<ul>\n<li>Podpowiemy Ci, jakie meble i <a href=\"https:\/\/www.brw.pl\/katalog-produktow\/asortyment-dodatki\/\" target=\"_blank\" rel=\"noopener noreferrer\">dodatki<\/a> mo\u017cesz wykorzysta\u0107 do przechowania swoich rzeczy.<\/li>\n<li>Zdradzimy kilka sztuczek, kt\u00f3re pozwol\u0105 Ci wygospodarowa\u0107 wi\u0119cej przestrzeni.<\/li>\n<li>Zaprezentujemy wybrane produkty z oferty Black Red White, kt\u00f3re u\u0142atwi\u0105 przechowywanie.<\/li>\n<\/ul>\n<p>Dzi\u0119ki naszym wskaz\u00f3wkom w Twoim pokoju dziennym zapanuje \u0142ad i porz\u0105dek!<\/p>\n<h2><strong><span data-color=\"rgb(248, 250, 251)\">Miejsce do przechowywania w salonie \u2013 jak je zagospodarowa\u0107?<\/span><\/strong><\/h2>\n<p>Istnieje wiele skutecznych metod na funkcjonaln\u0105 organizacj\u0119 przestrzeni w salonie. Oto niekt\u00f3re z nich.<\/p>\n<h3 style=\"text-align: center;\"><strong>Komody<\/strong><\/h3>\n<p><a href=\"https:\/\/www.brw.pl\/meble\/przechowywanie\/komody\/\" target=\"_blank\" rel=\"noopener noreferrer\">Komoda<\/a> to zazwyczaj do\u015b\u0107 kompaktowy mebel, kt\u00f3ry czasem trafia do sypialni, a czasem do pokoju dziennego. W salonie przyda si\u0119 do schowania na przyk\u0142ad bielizny sto\u0142owej i dokument\u00f3w. Blat warto efektownie zaaran\u017cowa\u0107, stawiaj\u0105c na nim <a href=\"https:\/\/www.brw.pl\/dekoracje\/ramki-do-zdjec\/\" target=\"_blank\" rel=\"noopener noreferrer\">ramki<\/a> ze zdj\u0119ciami, ceramiczne <a href=\"https:\/\/www.brw.pl\/dekoracje\/figurki-i-rzezby\/\" target=\"_blank\" rel=\"noopener noreferrer\">figurki<\/a>, <a href=\"https:\/\/www.brw.pl\/dekoracje\/swiece-i-swieczniki\/swiece\/\" target=\"_blank\" rel=\"noopener noreferrer\">\u015bwiece<\/a> zapachowe albo <a href=\"https:\/\/www.brw.pl\/dekoracje\/swiece-i-swieczniki\/lampiony\/\" target=\"_blank\" rel=\"noopener noreferrer\">lampiony<\/a>.<\/p>\n<h3 style=\"text-align: center;\"><strong>Rega\u0142y<\/strong><\/h3>\n<p>Otwarte p\u00f3\u0142ki <a href=\"https:\/\/www.brw.pl\/meble\/przechowywanie\/regaly\/\" target=\"_blank\" rel=\"noopener noreferrer\">rega\u0142\u00f3w<\/a> s\u0105 stworzone do przechowywania ksi\u0105\u017cek. Dzi\u0119ki nim z \u0142atwo\u015bci\u0105 si\u0119gniesz po ulubiony tytu\u0142. W zamkni\u0119tych szafkach i szufladach ukryjesz to, czego wolisz nie mie\u0107 na wierzchu.<\/p>\n<h3 style=\"text-align: center;\"><strong>Szafy<\/strong><\/h3>\n<p><a href=\"https:\/\/www.brw.pl\/meble\/szafy\/\" target=\"_blank\" rel=\"noopener noreferrer\">Szaf\u0119<\/a> na ubrania zwykle wstawia si\u0119 do garderoby lub sypialni, ale je\u015bli o garderobie mo\u017cesz jedynie pomarzy\u0107, a pok\u00f3j sypialny nie imponuje metra\u017cem, najlepiej ulokowa\u0107 mebel w salonie. Wa\u017cne, by nie przyt\u0142acza\u0142 wn\u0119trza, dlatego poszukaj modelu z jasnymi b\u0105d\u017a lustrzanymi frontami (lustra optycznie powi\u0119ksz\u0105 pomieszczenie!) oraz wysokimi n\u00f3\u017ckami, kt\u00f3re dodadz\u0105 mu lekko\u015bci.<\/p>\n<h3 style=\"text-align: center;\"><strong>Kanapa z pojemnikiem na po\u015bciel<\/strong><\/h3>\n<p>Rozgl\u0105dasz si\u0119 za <a href=\"https:\/\/www.brw.pl\/meble\/meble-wypoczynkowe\/sofy\/\" target=\"_blank\" rel=\"noopener noreferrer\">sof\u0105<\/a> lub <a href=\"https:\/\/www.brw.pl\/meble\/meble-wypoczynkowe\/narozniki\/\" target=\"_blank\" rel=\"noopener noreferrer\">naro\u017cnikiem<\/a> do pokoju dziennego? Zainwestuj w mebel z pojemnikiem na po\u015bciel! W takim pojemniku przechowasz nie tylko <a href=\"https:\/\/www.brw.pl\/tekstylia\/posciel\/koldry\/\" target=\"_blank\" rel=\"noopener noreferrer\">ko\u0142dry, poduszki<\/a>, <a href=\"https:\/\/www.brw.pl\/tekstylia\/posciel\/przescieradla\/\" target=\"_blank\" rel=\"noopener noreferrer\">prze\u015bcierad\u0142a<\/a>, lecz tak\u017ce inne rzeczy, kt\u00f3rych nie masz gdzie trzyma\u0107.<\/p>\n<h3 style=\"text-align: center;\"><strong>Stolik kawowy i kosz w jednym<\/strong><\/h3>\n<p><a href=\"https:\/\/www.brw.pl\/meble\/stoly-i-krzesla\/lawy-i-stoliki\/stoliki\/\" target=\"_blank\" rel=\"noopener noreferrer\">Stolik<\/a> kawowy po\u0142\u0105czony z koszem do przechowywania to modne, nowoczesne rozwi\u0105zanie w strefie wypoczynkowej salonu. Na blacie postawisz ozdobn\u0105 ro\u015blin\u0119 doniczkow\u0105, pater\u0119 z owocami i ciastkami, fili\u017canki z kaw\u0105, a pod spodem ukryjesz pledy, <a href=\"https:\/\/www.brw.pl\/tekstylia\/poduszki-dekoracyjne\/\" target=\"_blank\" rel=\"noopener noreferrer\">poduszki dekoracyjne<\/a>, czasopisma, pilot do telewizora. Pami\u0119taj jednak, \u017ce w przypadku a\u017curowego kosza przedmioty, kt\u00f3re do niego w\u0142o\u017cysz, b\u0119d\u0105 widoczne z zewn\u0105trz, zatem powinny wygl\u0105da\u0107 estetycznie.<\/p>\n<h3 style=\"text-align: center;\"><strong>Organizery, kosze, pud\u0142a<\/strong><\/h3>\n<p>Dokumenty, albumy ze zdj\u0119ciami, poszwy na po\u015bciel, akcesoria do majsterkowania schowaj do <a href=\"https:\/\/www.brw.pl\/przechowywanie\/pojemniki-do-przechowywania\/\" target=\"_blank\" rel=\"noopener noreferrer\">pude\u0142 i koszy<\/a>. Biurowe drobiazgi &#8211; notesy, d\u0142ugopisy, o\u0142\u00f3wki, spinacze i tak dalej &#8211; niech trafi\u0105 do specjalnych organizer\u00f3w. W sklepach znajdziesz organizery stoj\u0105ce i takie do zawieszenia na \u015bcianie albo drzwiach.<\/p>\n<h3 style=\"text-align: center;\"><strong>Meble na wymiar i meble modu\u0142owe<\/strong><\/h3>\n<p>Niewielki metra\u017c salonu powoduje, \u017ce trzeba si\u0119 nie\u017ale nag\u0142\u00f3wkowa\u0107, \u017ceby ergonomicznie rozplanowa\u0107 wn\u0119trze. Bardzo pomocne b\u0119d\u0105 meble na wymiar b\u0105d\u017a meble modu\u0142owe. Z \u0142atwo\u015bci\u0105 dostosujesz je do wielko\u015bci oraz ustawno\u015bci pokoju i przy okazji zaoszcz\u0119dzisz sporo miejsca.<\/p>\n<h3 style=\"text-align: center;\"><strong>Kuchnia otwarta na salon<\/strong><\/h3>\n<p>Aneks kuchenny w salonie zamiast odr\u0119bnej kuchni to doskona\u0142y pomys\u0142 w ma\u0142ych mieszkaniach. Brak \u015bciany dziel\u0105cej pomieszczenia sprawia, \u017ce wn\u0119trze staje si\u0119 bardziej przestronne. Podczas przygotowywania posi\u0142k\u00f3w integrujesz si\u0119 z rodzin\u0105 lub zaproszonymi go\u015b\u0107mi. Szybciej przenosisz gotowe potrawy z kuchennego blatu roboczego na st\u00f3\u0142 jadalniany.<\/p>\n<p>Co wi\u0119cej, w otwartej strefie dziennej symbolicznie oddzielonej od kuchni wysp\u0105, <strong>wyspa<\/strong> z powodzeniem wcieli si\u0119 w rol\u0119 blatu roboczego, sto\u0142u, stanowiska pracy, a nawet miejsca do przechowywania! Z kolei <a href=\"https:\/\/www.brw.pl\/meble\/przechowywanie\/witryny\/\" target=\"_blank\" rel=\"noopener noreferrer\"><strong>witryna<\/strong><\/a> w takiej przestrzeni pos\u0142u\u017cy zar\u00f3wno do wyeksponowania reprezentacyjnej zastawy obiadowej, jak i do przechowania ksi\u0105\u017cek czy plansz\u00f3wek.<\/p>\n<p>Tw\u00f3j salon s\u0105siaduje z osobn\u0105 kuchni\u0105 i planujesz pozby\u0107 si\u0119 \u015bciany? Z pomoc\u0105 przyjd\u0105 architekci wn\u0119trz, kt\u00f3rzy profesjonalnie doradz\u0105, jak to zrobi\u0107.<\/p>\n<h2><strong><span data-color=\"rgb(248, 250, 251)\">Salon z miejscem do przechowywania urz\u0105dzisz z Black Red White!<\/span><\/strong><\/h2>\n<p>Poni\u017cej przedstawiamy wybrane meble oraz dodatki BRW, dzi\u0119ki kt\u00f3rym okie\u0142znasz ba\u0142agan w salonie!<\/p>\n<h3 style=\"text-align: center;\"><strong>Naro\u017cnik Denvo<\/strong><\/h3>\n<p><center><img decoding=\"async\" class=\"alignnone wp-image-30835 lazyload\" data-src=\"https:\/\/www.brw.pl\/blog\/wp-content\/uploads\/2023\/04\/naroznik-denvo-tkanina-raquel-02-grey-mediuma.jpg\" alt=\"Naro\u017cnik Denvo\" width=\"450\" height=\"338\" src=\"data:image\/svg+xml;base64,PHN2ZyB3aWR0aD0iMSIgaGVpZ2h0PSIxIiB4bWxucz0iaHR0cDovL3d3dy53My5vcmcvMjAwMC9zdmciPjwvc3ZnPg==\" style=\"--smush-placeholder-width: 450px; --smush-placeholder-aspect-ratio: 450\/338;\" \/><\/center>&nbsp;<\/p>\n<p>Istniej\u0105 naro\u017cniki wyposa\u017cone w praktyczne schowki. Do takich nale\u017cy nowoczesny <a href=\"https:\/\/www.brw.pl\/naroznik-denvo,53628\" target=\"_blank\" rel=\"noopener noreferrer\"><strong>naro\u017cnik Denvo<\/strong><\/a> z funkcj\u0105 spania. Posiada nie tylko pojemnik na po\u015bciel, lecz tak\u017ce pod\u0142okietnik z rega\u0142em i drugi z dodatkowym pojemnikiem. Taki mebel to doskona\u0142y wyb\u00f3r do ma\u0142ego salonu albo wn\u0119trza \u0142\u0105cz\u0105cego w sobie funkcje pokoju dziennego i sypialni.<\/p>\n<p><strong>Naro\u017cnik Denvo obejrzysz dok\u0142adniej na filmie dost\u0119pnym na <\/strong><a href=\"https:\/\/www.youtube.com\/@brwmeble\" target=\"_blank\" rel=\"noopener noreferrer\"><strong>kanale BRW<\/strong><\/a><strong> w serwisie YouTube:<\/strong><\/p>\n<div class=\"videoWrapper\"><iframe title=\"Naro\u017cnik Denvo\" data-src=\"https:\/\/www.youtube.com\/embed\/Fw_Mrs-Mjms\" frameborder=\"0\" allowfullscreen=\"allowfullscreen\" src=\"data:image\/svg+xml;base64,PHN2ZyB3aWR0aD0iMSIgaGVpZ2h0PSIxIiB4bWxucz0iaHR0cDovL3d3dy53My5vcmcvMjAwMC9zdmciPjwvc3ZnPg==\" data-load-mode=\"1\"><span data-mce-type=\"bookmark\" style=\"display: inline-block; width: 0px; overflow: hidden; line-height: 0;\" class=\"mce_SELRES_start lazyload\">\ufeff<\/span><\/iframe><\/div>\n<p>&nbsp;<\/p>\n<h3 style=\"text-align: center;\"><strong>Komoda Forn<\/strong><\/h3>\n<p><center><img decoding=\"async\" class=\"alignnone size-full wp-image-30836 lazyload\" data-src=\"https:\/\/www.brw.pl\/blog\/wp-content\/uploads\/2023\/04\/komoda-forn-salon.jpg\" alt=\"Komoda Forn - przechowywanie w salonie\" width=\"644\" height=\"477\" src=\"data:image\/svg+xml;base64,PHN2ZyB3aWR0aD0iMSIgaGVpZ2h0PSIxIiB4bWxucz0iaHR0cDovL3d3dy53My5vcmcvMjAwMC9zdmciPjwvc3ZnPg==\" style=\"--smush-placeholder-width: 644px; --smush-placeholder-aspect-ratio: 644\/477;\" \/><\/center>&nbsp;<\/p>\n<p><a href=\"https:\/\/www.brw.pl\/komoda-forn,38200\" target=\"_blank\" rel=\"noopener noreferrer\"><strong>Komoda Forn<\/strong><\/a> oferuje zamkni\u0119t\u0105 szafk\u0119 z dwiema p\u00f3\u0142kami oraz 3 pojemne szuflady. Wyr\u00f3\u017cniaj\u0105 j\u0105 czarne fronty przeci\u0119te dekoracyjnymi liniami i korpus z blatem w odcieniu <em>d\u0105b delano ciemny<\/em> z pi\u0119knym rysunkiem us\u0142ojenia. Znakomicie sprawdzi si\u0119 w postindustrialnym salonie.<\/p>\n<h3 style=\"text-align: center;\"><strong>Rega\u0142 Lara<\/strong><\/h3>\n<p><center><img decoding=\"async\" class=\"alignnone wp-image-30837 lazyload\" data-src=\"https:\/\/www.brw.pl\/blog\/wp-content\/uploads\/2023\/04\/regal-lara-kolor-wybarwienia-jesion-belarus-mediumb.jpg\" alt=\"Rega\u0142 Lara\" width=\"452\" height=\"339\" src=\"data:image\/svg+xml;base64,PHN2ZyB3aWR0aD0iMSIgaGVpZ2h0PSIxIiB4bWxucz0iaHR0cDovL3d3dy53My5vcmcvMjAwMC9zdmciPjwvc3ZnPg==\" style=\"--smush-placeholder-width: 452px; --smush-placeholder-aspect-ratio: 452\/339;\" \/><\/center>&nbsp;<\/p>\n<p><strong>Loftowy <\/strong><a href=\"https:\/\/www.brw.pl\/regal-lara,35742\" target=\"_blank\" rel=\"noopener noreferrer\"><strong>rega\u0142 Lara<\/strong><\/a> mo\u017ce &#8222;pochwali\u0107 si\u0119&#8221; mn\u00f3stwem p\u00f3\u0142ek i p\u00f3\u0142eczek oraz 2 szufladami. Mebel nie przyt\u0142oczy ma\u0142ego pomieszczenia. Zawdzi\u0119cza to jasnym frontom o wybarwieniu <em>jesion belarus<\/em>. Wizyt\u00f3wk\u0105 rega\u0142u Lara s\u0105 charakterystyczne czarne aplikacje na kraw\u0119dziach.<\/p>\n<h3 style=\"text-align: center;\"><strong>Witryna Modeo<\/strong><\/h3>\n<p><center><img decoding=\"async\" class=\"alignnone size-full wp-image-29735 lazyload\" data-src=\"https:\/\/www.brw.pl\/blog\/wp-content\/uploads\/2023\/01\/MODEO_pokoj_dzienny-casey.jpg\" alt=\"Modeo salon\" width=\"728\" height=\"483\" src=\"data:image\/svg+xml;base64,PHN2ZyB3aWR0aD0iMSIgaGVpZ2h0PSIxIiB4bWxucz0iaHR0cDovL3d3dy53My5vcmcvMjAwMC9zdmciPjwvc3ZnPg==\" style=\"--smush-placeholder-width: 728px; --smush-placeholder-aspect-ratio: 728\/483;\" \/><\/center>&nbsp;<\/p>\n<p><strong>Produkty widoczne na zdj\u0119ciu czekaj\u0105 na Ciebie <\/strong><a href=\"https:\/\/www.brw.pl\/kolekcja-modeo,598\" target=\"_blank\" rel=\"noopener noreferrer\"><strong>TUTAJ<\/strong><\/a><strong>.<\/strong><\/p>\n<p>Stoj\u0105ca obok okna <a href=\"https:\/\/www.brw.pl\/witryna-modeo,51389\" target=\"_blank\" rel=\"noopener noreferrer\"><strong>witryna Modeo<\/strong><\/a> to bardzo pakowny mebel. Dwie szafki ze standardowymi frontami &#8222;przygarn\u0105&#8221; rzeczy, kt\u00f3re wolisz ukry\u0107 przed wzrokiem go\u015bci. Z kolei szafki z szybkami pozwol\u0105 ochroni\u0107 przed kurzem i jednocze\u015bnie wyeksponowa\u0107 przedmioty, jakimi chcesz si\u0119 pochwali\u0107. Szczeg\u00f3lnie, gdy zdecydujesz si\u0119 na efektowne o\u015bwietlenie LED. Ze wzgl\u0119du na jasn\u0105 kolorystyk\u0119, frezowane fronty dolnych szafek i drewniane nogi, witryna odnajdzie si\u0119 w skandynawskim salonie.<\/p>\n<p>Warto wiedzie\u0107, \u017ce wszystkie <a href=\"https:\/\/www.brw.pl\/kolekcja-modeo,598\" target=\"_blank\" rel=\"noopener noreferrer\"><strong>meble modu\u0142owe z kolekcji Modeo<\/strong><\/a> umo\u017cliwiaj\u0105 niemal dowolne konfigurowanie bry\u0142 pod k\u0105tem m.in. liczby p\u00f3\u0142ek, szuflad, szafek, rodzaju uchwyt\u00f3w, stela\u017cy, n\u00f3\u017cek czy koloru front\u00f3w. Dopasowanie ich do <em>w\u0142asnych potrzeb<\/em> jest wyj\u0105tkowo proste.<\/p>\n<h3 style=\"text-align: center;\"><strong>Organizer Kyoto<\/strong><\/h3>\n<p><center><img decoding=\"async\" class=\"alignnone wp-image-30838 lazyload\" data-src=\"https:\/\/www.brw.pl\/blog\/wp-content\/uploads\/2023\/04\/organizer-kyoto-mediuma.jpg\" alt=\"Organizer Kyoto\" width=\"452\" height=\"339\" src=\"data:image\/svg+xml;base64,PHN2ZyB3aWR0aD0iMSIgaGVpZ2h0PSIxIiB4bWxucz0iaHR0cDovL3d3dy53My5vcmcvMjAwMC9zdmciPjwvc3ZnPg==\" style=\"--smush-placeholder-width: 452px; --smush-placeholder-aspect-ratio: 452\/339;\" \/><\/center>&nbsp;<\/p>\n<p>Bambusowy <a href=\"https:\/\/www.brw.pl\/organizer-kyoto,42366\" target=\"_blank\" rel=\"noopener noreferrer\"><strong>organizer Kyoto<\/strong><\/a> z licznymi przegr\u00f3dkami przyda Ci si\u0119 do przechowania akcesori\u00f3w biurowych. Pracujesz zdalnie i Twoje stanowisko pracy mie\u015bci si\u0119 w salonie? Postaw organizer na biurku i ciesz si\u0119 jego funkcjonalno\u015bci\u0105.<\/p>\n<p><strong>Po wi\u0119cej inspiracji zapraszamy do <\/strong><a href=\"https:\/\/www.brw.pl\/\" target=\"_blank\" rel=\"noopener noreferrer\"><strong>sklepu internetowego Black Red White<\/strong><\/a><strong>!<\/strong><\/p>\n<p>Czytaj tak\u017ce: <a href=\"https:\/\/www.brw.pl\/blog\/funkcjonalna-sypialnia-pomysly-na-przechowywanie-ktore-ulatwia-ci-zycie\/\" target=\"_blank\" rel=\"noopener noreferrer\"><strong>&#8222;Funkcjonalna sypialnia \u2013 pomys\u0142y na przechowywanie, kt\u00f3re u\u0142atwi\u0105 Ci \u017cycie!&#8221;<\/strong><\/a><strong>.<\/strong><\/p>\n","protected":false},"excerpt":{"rendered":"<p>Przechowywanie rzeczy w salonie staje si\u0119 coraz wi\u0119kszym wyzwaniem? Nie masz ju\u017c pomys\u0142u, gdzie schowa\u0107 kolejne obrusy, narzuty, koce, komplety obiadowe, segregatory z dokumentami, ksi\u0105\u017cki? Pomo\u017cemy Ci!<\/p>\n","protected":false},"author":29,"featured_media":30834,"comment_status":"closed","ping_status":"open","sticky":false,"template":"","format":"standard","meta":{"footnotes":""},"categories":[28,574,735],"tags":[],"aioseo_notices":[],"_links":{"self":[{"href":"https:\/\/www.brw.pl\/blog\/wp-json\/wp\/v2\/posts\/30833"}],"collection":[{"href":"https:\/\/www.brw.pl\/blog\/wp-json\/wp\/v2\/posts"}],"about":[{"href":"https:\/\/www.brw.pl\/blog\/wp-json\/wp\/v2\/types\/post"}],"author":[{"embeddable":true,"href":"https:\/\/www.brw.pl\/blog\/wp-json\/wp\/v2\/users\/29"}],"replies":[{"embeddable":true,"href":"https:\/\/www.brw.pl\/blog\/wp-json\/wp\/v2\/comments?post=30833"}],"version-history":[{"count":5,"href":"https:\/\/www.brw.pl\/blog\/wp-json\/wp\/v2\/posts\/30833\/revisions"}],"predecessor-version":[{"id":32306,"href":"https:\/\/www.brw.pl\/blog\/wp-json\/wp\/v2\/posts\/30833\/revisions\/32306"}],"wp:featuredmedia":[{"embeddable":true,"href":"https:\/\/www.brw.pl\/blog\/wp-json\/wp\/v2\/media\/30834"}],"wp:attachment":[{"href":"https:\/\/www.brw.pl\/blog\/wp-json\/wp\/v2\/media?parent=30833"}],"wp:term":[{"taxonomy":"category","embeddable":true,"href":"https:\/\/www.brw.pl\/blog\/wp-json\/wp\/v2\/categories?post=30833"},{"taxonomy":"post_tag","embeddable":true,"href":"https:\/\/www.brw.pl\/blog\/wp-json\/wp\/v2\/tags?post=30833"}],"curies":[{"name":"wp","href":"https:\/\/api.w.org\/{rel}","templated":true}]}}