{"id":30879,"date":"2023-04-14T08:07:21","date_gmt":"2023-04-14T06:07:21","guid":{"rendered":"https:\/\/www.brw.pl\/blog\/?p=30879"},"modified":"2023-05-01T18:32:36","modified_gmt":"2023-05-01T16:32:36","slug":"schody-w-salonie-aranzacje","status":"publish","type":"post","link":"https:\/\/www.brw.pl\/blog\/schody-w-salonie-aranzacje\/","title":{"rendered":"Schody w salonie \u2013 aran\u017cacje"},"content":{"rendered":"<p><strong>Znajduj\u0105ce si\u0119 w salonie schody s\u0105 coraz cz\u0119\u015bciej spotykanym rozwi\u0105zaniem architektonicznym. Cho\u0107 z pozoru przysparzaj\u0105 k\u0142opot\u00f3w, mog\u0105 by\u0107 r\u00f3wnie\u017c ogromnym atutem pomieszczenia. Jak zaaran\u017cowa\u0107 salon ze schodami, by prezentowa\u0142 si\u0119 modnie i nowocze\u015bnie? Sprawd\u017a!<\/strong><!--more--><\/p>\n<p><img decoding=\"async\" class=\"aligncenter size-medium wp-image-30880 lazyload\" data-src=\"https:\/\/www.brw.pl\/blog\/wp-content\/uploads\/2023\/04\/MODEO_biblioteka_CZ_SSA_ar2-800x450.jpg\" alt=\"Schody w salonie aran\u017cacje\" width=\"800\" height=\"450\" data-srcset=\"https:\/\/www.brw.pl\/blog\/wp-content\/uploads\/2023\/04\/MODEO_biblioteka_CZ_SSA_ar2-800x450.jpg 800w, https:\/\/www.brw.pl\/blog\/wp-content\/uploads\/2023\/04\/MODEO_biblioteka_CZ_SSA_ar2.jpg 1920w, https:\/\/www.brw.pl\/blog\/wp-content\/uploads\/2023\/04\/MODEO_biblioteka_CZ_SSA_ar2-768x432.jpg 768w, https:\/\/www.brw.pl\/blog\/wp-content\/uploads\/2023\/04\/MODEO_biblioteka_CZ_SSA_ar2-1536x864.jpg 1536w\" data-sizes=\"(max-width: 800px) 100vw, 800px\" src=\"data:image\/svg+xml;base64,PHN2ZyB3aWR0aD0iMSIgaGVpZ2h0PSIxIiB4bWxucz0iaHR0cDovL3d3dy53My5vcmcvMjAwMC9zdmciPjwvc3ZnPg==\" style=\"--smush-placeholder-width: 800px; --smush-placeholder-aspect-ratio: 800\/450;\" \/><\/p>\n<h2><strong>Nowoczesne schody w salonie \u2013 modne rozwi\u0105zanie, kt\u00f3re robi wra\u017cenie<\/strong><\/h2>\n<p>Dla jednych konieczno\u015b\u0107 wynikaj\u0105ca z ograniczonego metra\u017cu, dla drugich obiecuj\u0105cy koncept warty realizacji. Cho\u0107 schody w salonie niew\u0105tpliwie nie nale\u017c\u0105 do najbardziej typowych rozwi\u0105za\u0144, z roku na rok zyskuj\u0105 coraz wi\u0119cej zwolennik\u00f3w. Ch\u0119tnie wykorzystywane w aran\u017cacjach wn\u0119trz takich jak wielkopowierzchniowe lofty z antresol\u0105, znajduj\u0105 zastosowanie r\u00f3wnie\u017c w nowoczesnych mieszkaniach dwupoziomowych oraz w ma\u0142ych domach.<\/p>\n<h3>Schody w salonie \u2013 jakie s\u0105 ich zalety?<\/h3>\n<p>Jak wyt\u0142umaczy\u0107 popularno\u015b\u0107 tego trendu? Rezygnacja z klatki schodowej niesie za sob\u0105 jeden zasadniczy plus: zwi\u0119kszenie powierzchni salonu. A jak wiadomo, im wi\u0119cej wolnej przestrzeni w reprezentacyjnej cz\u0119\u015bci domu, tym lepiej.<\/p>\n<p>Co wi\u0119cej, <strong>dobrze zaprojektowane schody s\u0105 nie tylko podstawowym elementem konstrukcji pi\u0119trowego budynku, ale r\u00f3wnie\u017c interesuj\u0105c\u0105 dekoracj\u0105 wn\u0119trza<\/strong>. Warto wykorzysta\u0107 ich potencja\u0142, szczeg\u00f3lnie, je\u015bli m\u00f3wimy o schodach, kt\u00f3re wyr\u00f3\u017cniaj\u0105 si\u0119 nietypowym designem. Ponad wszystko jednak schody powinny umo\u017cliwia\u0107 domownikom sprawne przemieszczanie si\u0119 mi\u0119dzy kluczowymi punktami mieszkania i cho\u0107by z tego powodu umieszczenie ich bezpo\u015brednio w salonie uznawane jest za znakomity pomys\u0142.<\/p>\n<h3>Schody w salonie <strong>\u2013 rodzaj konstrukcji a wystr\u00f3j wn\u0119trza<\/strong><\/h3>\n<p>To, w jaki spos\u00f3b podejdziemy do aran\u017cacji pokoju dziennego ze schodami, w du\u017cej mierze zale\u017cy od projektu schod\u00f3w. Warto pami\u0119ta\u0107, \u017ce ich wygl\u0105d oraz charakter zawsze id\u0105 w parze z rodzajem konstrukcji. W budynkach mieszkalnych najcz\u0119\u015bciej spotkamy:<\/p>\n<ul>\n<li><strong>schody zabudowane<\/strong> \u2013 wyr\u00f3\u017cniaj\u0105 si\u0119 klasyczn\u0105, prost\u0105 konstrukcj\u0105. Ze wzgl\u0119du na do\u015b\u0107 masywne rozmiary b\u0119d\u0105 pasowa\u0107 jedynie do du\u017cego domu z przestronnym salonem.<\/li>\n<li><strong>Schody a\u017curowe<\/strong> \u2013 tego rodzaju schody pozbawione s\u0105 podstopnic, dzi\u0119ki czemu zyskuj\u0105 o wiele l\u017cejsz\u0105 form\u0119 ni\u017c tradycyjne schody. A\u017curowe konstrukcje s\u0105 estetyczne i nie zabieraj\u0105 zbyt wiele miejsca, dlatego dobrze sprawdzaj\u0105 si\u0119 jako element komunikacji zar\u00f3wno na klasyczne pi\u0119tro, jak i na antresol\u0119.<\/li>\n<li><strong>Schody dywanowe<\/strong> \u2013 prosta, minimalistyczna konstrukcja schod\u00f3w dywanowych sprawia, \u017ce s\u0105 one doskona\u0142ym rozwi\u0105zaniem do nowoczesnych wn\u0119trz. Ich cech\u0105 charakterystyczn\u0105 jest zygzakowaty boczny bieg. Tego typu schody w salonie prezentuj\u0105 si\u0119 bardzo elegancko, zw\u0142aszcza, je\u015bli uzupe\u0142nia je dekoracyjna, a\u017curowa balustrada. Ciekaw\u0105 alternatyw\u0105 dla stalowej balustrady s\u0105 zabezpieczenia wykonane ze szk\u0142a.<\/li>\n<li><strong>schody kr\u0119cone<\/strong> \u2013 takie schody wspaniale urozmaic\u0105 modernistyczne wn\u0119trza! Niewielkie wymiary czyni\u0105 z nich trafione rozwi\u0105zanie do ma\u0142ego salonu.<\/li>\n<\/ul>\n<p>Ze wzgl\u0119du na rodzaj materia\u0142u u\u017cytego do budowy schod\u00f3w wyr\u00f3\u017cniamy natomiast:<\/p>\n<ul>\n<li><strong>schody drewniane<\/strong> \u2013 wykonane z drewna stopnie s\u0105 ozdob\u0105 wn\u0119trza, dodaj\u0105 mu przytulno\u015bci i ciep\u0142a. Drewniane schody warto wyeksponowa\u0107 podczas urz\u0105dzania klasycznego salonu.<\/li>\n<li><strong>Schody metalowo-drewniane<\/strong> \u2013 doskonale odnajduj\u0105 si\u0119 w loftowych i nowoczesnych aran\u017cacjach.<\/li>\n<li><strong>Betonowe schody<\/strong> \u2013 pozostawione w stanie surowym pasuj\u0105 przede wszystkim do industrialnego salonu.<\/li>\n<\/ul>\n<h2><strong>Jak urz\u0105dzi\u0107 salon ze schodami?<\/strong><\/h2>\n<p>Poniewa\u017c schody w salonie stanowi\u0105 integraln\u0105 cz\u0119\u015b\u0107 wn\u0119trza, wa\u017cne jest, by dobrze zgrywa\u0142y si\u0119 z pozosta\u0142ymi sk\u0142adnikami wystroju. Warto zatem zdecydowa\u0107 si\u0119 na takie elementy wyko\u0144czenia ich konstrukcji, kt\u00f3re nie tylko zagwarantuj\u0105 funkcjonalno\u015b\u0107 schod\u00f3w, ale te\u017c dadz\u0105 jak najwi\u0119cej mo\u017cliwo\u015bci aran\u017cacyjnych. \u015awietnym rozwi\u0105zaniem s\u0105 z pewno\u015bci\u0105 drewno, szk\u0142o czy stal. Wybrany materia\u0142 powinien by\u0107 praktyczny \u2013 w\u00f3wczas schody b\u0119d\u0105 pasowa\u0142y do wielu modnych styl\u00f3w wn\u0119trzarskich.<\/p>\n<h3>Schody w salonie \u2013 jak wykorzysta\u0107 je w aran\u017cacji?<\/h3>\n<p>Najcz\u0119\u015bciej architekci decyduj\u0105 o umieszczeniu schod\u00f3w przy jednej ze \u015bcian \u2013 takie rozwi\u0105zanie pozwala zaoszcz\u0119dzi\u0107 sporo miejsca we wn\u0119trzu oraz sprytnie zagospodarowa\u0107 przestrze\u0144 pod schodami. <strong>W\u0142a\u015bciciele domu maj\u0105 w\u00f3wczas kilka mo\u017cliwo\u015bci: jedn\u0105 z nich jest zabudowanie tej strefy meblami na wymiar (koszami cargo, szufladami, p\u00f3\u0142kami), drug\u0105 \u2013 umieszczenie w niej niskich modu\u0142\u00f3w, np. <\/strong><a href=\"https:\/\/www.brw.pl\/meble\/przechowywanie\/komody\/\" target=\"_blank\" rel=\"noopener noreferrer\"><strong>komody<\/strong><\/a><strong> czy <\/strong><a href=\"https:\/\/www.brw.pl\/meble\/przechowywanie\/regaly\/\" target=\"_blank\" rel=\"noopener noreferrer\"><strong>rega\u0142u<\/strong><\/a>.<\/p>\n<div style=\"display: flex; align-items: center; justify-content: center; text-align: center;\">\n<figure id=\"attachment_30882\" aria-describedby=\"caption-attachment-30882\" style=\"width: 500px\" class=\"wp-caption aligncenter\"><img decoding=\"async\" class=\"wp-image-30882 lazyload\" data-src=\"https:\/\/www.brw.pl\/blog\/wp-content\/uploads\/2023\/04\/komoda-modeo.jpg\" alt=\"Komoda Modeo\" width=\"500\" height=\"375\" src=\"data:image\/svg+xml;base64,PHN2ZyB3aWR0aD0iMSIgaGVpZ2h0PSIxIiB4bWxucz0iaHR0cDovL3d3dy53My5vcmcvMjAwMC9zdmciPjwvc3ZnPg==\" style=\"--smush-placeholder-width: 500px; --smush-placeholder-aspect-ratio: 500\/375;\" \/><figcaption id=\"caption-attachment-30882\" class=\"wp-caption-text\"><a href=\"https:\/\/www.brw.pl\/komoda-modeo,51955\" target=\"_blank\" rel=\"noopener noreferrer\"><span style=\"font-weight: 400;\">Komoda Modeo<\/span><\/a><\/figcaption><\/figure>\n<\/div>\n<p>Pod wzgl\u0119dem wizualnym takie rozwi\u0105zanie b\u0119dzie szczeg\u00f3lnie ciekawe, je\u015bli zdecydujemy si\u0119 na zamkni\u0119te schody z przeszkleniami lub stalow\u0105 balustrad\u0105. Ca\u0142o\u015b\u0107 zaprezentuje si\u0119 w\u00f3wczas mniej masywnie.<\/p>\n<p>Na optymalne wykorzystanie dost\u0119pnego metra\u017cu pozwala tak\u017ce konstrukcja schod\u00f3w dywanowych. <strong>Wolne miejsca warto wype\u0142ni\u0107 niedu\u017cymi meblami, cho\u0107by niskim <\/strong><a href=\"https:\/\/www.brw.pl\/meble\/stoly-i-krzesla\/lawy-i-stoliki\/stoliki\/\" target=\"_blank\" rel=\"noopener noreferrer\"><strong>stolikiem kawowym<\/strong><\/a><strong>, konsol\u0105 czy wygodnym <\/strong><a href=\"https:\/\/www.brw.pl\/meble\/meble-wypoczynkowe\/pufy\/\" target=\"_blank\" rel=\"noopener noreferrer\"><strong>pufem<\/strong><\/a>. To tak\u017ce doskona\u0142a wn\u0119ka na dekoracyjn\u0105 ro\u015blinno\u015b\u0107. Dzi\u0119ki drobiazgom tego rodzaju pomieszczenie zyska wyj\u0105tkowy charakter.<\/p>\n<div style=\"display: flex; align-items: center; justify-content: center; text-align: center;\">\n<figure id=\"attachment_30883\" aria-describedby=\"caption-attachment-30883\" style=\"width: 400px\" class=\"wp-caption aligncenter\"><img decoding=\"async\" class=\"wp-image-30883 lazyload\" data-src=\"https:\/\/www.brw.pl\/blog\/wp-content\/uploads\/2023\/04\/puf-lafu-tkanina-rain-16-green.jpg\" alt=\"Puf Lafu\" width=\"400\" height=\"300\" src=\"data:image\/svg+xml;base64,PHN2ZyB3aWR0aD0iMSIgaGVpZ2h0PSIxIiB4bWxucz0iaHR0cDovL3d3dy53My5vcmcvMjAwMC9zdmciPjwvc3ZnPg==\" style=\"--smush-placeholder-width: 400px; --smush-placeholder-aspect-ratio: 400\/300;\" \/><figcaption id=\"caption-attachment-30883\" class=\"wp-caption-text\"><a href=\"https:\/\/www.brw.pl\/puf-lafu,31381\" target=\"_blank\" rel=\"noopener noreferrer\"><span style=\"font-weight: 400;\">Puf Lafu<\/span><\/a><\/figcaption><\/figure>\n<figure id=\"attachment_30884\" aria-describedby=\"caption-attachment-30884\" style=\"width: 400px\" class=\"wp-caption aligncenter\"><img decoding=\"async\" class=\"wp-image-30884 lazyload\" data-src=\"https:\/\/www.brw.pl\/blog\/wp-content\/uploads\/2023\/04\/puf-tivoli-tkanina-riviera-81.jpg\" alt=\"Puf Tivoli\" width=\"400\" height=\"300\" src=\"data:image\/svg+xml;base64,PHN2ZyB3aWR0aD0iMSIgaGVpZ2h0PSIxIiB4bWxucz0iaHR0cDovL3d3dy53My5vcmcvMjAwMC9zdmciPjwvc3ZnPg==\" style=\"--smush-placeholder-width: 400px; --smush-placeholder-aspect-ratio: 400\/300;\" \/><figcaption id=\"caption-attachment-30884\" class=\"wp-caption-text\"><a href=\"https:\/\/www.brw.pl\/puf-tivoli,44800\" target=\"_blank\" rel=\"noopener noreferrer\"><span style=\"font-weight: 400;\">Puf Tivoli<\/span><\/a><\/figcaption><\/figure>\n<\/div>\n<div style=\"display: flex; align-items: center; justify-content: center; text-align: center;\">\n<figure id=\"attachment_30885\" aria-describedby=\"caption-attachment-30885\" style=\"width: 500px\" class=\"wp-caption aligncenter\"><img decoding=\"async\" class=\"wp-image-30885 lazyload\" data-src=\"https:\/\/www.brw.pl\/blog\/wp-content\/uploads\/2023\/04\/puf-z-pojemnikiem-sira.jpg\" alt=\"Puf z pojemnikiem Sira\" width=\"500\" height=\"375\" src=\"data:image\/svg+xml;base64,PHN2ZyB3aWR0aD0iMSIgaGVpZ2h0PSIxIiB4bWxucz0iaHR0cDovL3d3dy53My5vcmcvMjAwMC9zdmciPjwvc3ZnPg==\" style=\"--smush-placeholder-width: 500px; --smush-placeholder-aspect-ratio: 500\/375;\" \/><figcaption id=\"caption-attachment-30885\" class=\"wp-caption-text\"><a href=\"https:\/\/www.brw.pl\/puf-z-pojemnikiem-sira,46112\" target=\"_blank\" rel=\"noopener noreferrer\"><span style=\"font-weight: 400;\">Puf z pojemnikiem Sira<\/span><\/a><\/figcaption><\/figure>\n<\/div>\n<p>Przestrze\u0144 wok\u00f3\u0142 schod\u00f3w r\u00f3wnie\u017c mo\u017cna urz\u0105dzi\u0107 w funkcjonalny spos\u00f3b, np. <strong>przez zaaran\u017cowanie domowej biblioteczki<\/strong>. Umieszczenie w niej wysokich rega\u0142\u00f3w to efektowny zabieg, je\u015bli dysponujemy do\u015b\u0107 szerok\u0105 \u015bcian\u0105. Innym pomys\u0142em na aran\u017cacj\u0119 tej cz\u0119\u015bci salonu jest zorganizowanie w niej k\u0105cika telewizyjnego. W wysokich pomieszczeniach z antresol\u0105 telewizor wraz z potrzebnym umeblowaniem mo\u017ce by\u0107 umieszczony nawet bezpo\u015brednio pod p\u00f3\u0142pi\u0119trem.<\/p>\n<p><strong>&#8222;<\/strong><a href=\"https:\/\/www.brw.pl\/blog\/domowa-biblioteka-jak-ja-urzadzic\/\" target=\"_blank\" rel=\"noopener noreferrer\"><strong>Domowa biblioteka \u2013 jak j\u0105 urz\u0105dzi\u0107<\/strong><\/a><strong>?&#8221; Sprawd\u017a!<\/strong><\/p>\n<div style=\"display: flex; align-items: center; justify-content: center; text-align: center;\">\n<figure id=\"attachment_30886\" aria-describedby=\"caption-attachment-30886\" style=\"width: 593px\" class=\"wp-caption aligncenter\"><img decoding=\"async\" class=\"wp-image-30886 size-full lazyload\" data-src=\"https:\/\/www.brw.pl\/blog\/wp-content\/uploads\/2023\/04\/regal-modeo.jpg\" alt=\"Rega\u0142 Modeo\" width=\"593\" height=\"445\" src=\"data:image\/svg+xml;base64,PHN2ZyB3aWR0aD0iMSIgaGVpZ2h0PSIxIiB4bWxucz0iaHR0cDovL3d3dy53My5vcmcvMjAwMC9zdmciPjwvc3ZnPg==\" style=\"--smush-placeholder-width: 593px; --smush-placeholder-aspect-ratio: 593\/445;\" \/><figcaption id=\"caption-attachment-30886\" class=\"wp-caption-text\"><a href=\"https:\/\/www.brw.pl\/regal-modeo,51926\" target=\"_blank\" rel=\"noopener noreferrer\"><span style=\"font-weight: 400;\">Rega\u0142 Modeo<\/span><\/a><\/figcaption><\/figure>\n<\/div>\n<p>Urz\u0105dzaj\u0105c salon ze schodami, nie zapominajmy o dodatkach. W pierwszej kolejno\u015bci warto pomy\u015ble\u0107 o o\u015bwietleniu, kt\u00f3re zabezpieczy przestrze\u0144 na schodach i w ich pobli\u017cu. <strong>Poza o\u015bwietleniem punktowym przydatne oka\u017ce si\u0119 z pewno\u015bci\u0105<\/strong> <a href=\"https:\/\/www.brw.pl\/katalog-produktow\/asortyment-oswietlenie\/\" target=\"_blank\" rel=\"noopener noreferrer\"><strong>o\u015bwietlenie<\/strong><\/a><strong> g\u0142\u00f3wne w salonie<\/strong>. Lampy wisz\u0105ce b\u0119d\u0105ce \u017ar\u00f3d\u0142em \u0142agodnego \u015bwiat\u0142a bardzo dobrze spe\u0142ni\u0105 tu swoj\u0105 funkcj\u0119.<\/p>\n<div style=\"display: flex; align-items: center; justify-content: center; text-align: center;\">\n<figure id=\"attachment_30887\" aria-describedby=\"caption-attachment-30887\" style=\"width: 500px\" class=\"wp-caption aligncenter\"><img decoding=\"async\" class=\"wp-image-30887 lazyload\" data-src=\"https:\/\/www.brw.pl\/blog\/wp-content\/uploads\/2023\/04\/lampa-wiszaca-cubus-graphite.jpg\" alt=\"Lampa wisz\u0105ca Cubus Graphite\" width=\"500\" height=\"375\" src=\"data:image\/svg+xml;base64,PHN2ZyB3aWR0aD0iMSIgaGVpZ2h0PSIxIiB4bWxucz0iaHR0cDovL3d3dy53My5vcmcvMjAwMC9zdmciPjwvc3ZnPg==\" style=\"--smush-placeholder-width: 500px; --smush-placeholder-aspect-ratio: 500\/375;\" \/><figcaption id=\"caption-attachment-30887\" class=\"wp-caption-text\"><a href=\"https:\/\/www.brw.pl\/lampa-wiszaca-cubus-graphite,34081\" target=\"_blank\" rel=\"noopener noreferrer\"><span style=\"font-weight: 400;\">Lampa wisz\u0105ca Cubus Graphite<\/span><\/a><\/figcaption><\/figure>\n<\/div>\n<p>Je\u015bli chodzi o dekoracje, w s\u0105siedztwie schod\u00f3w najlepiej umie\u015bci\u0107 donice z kwiatami. Du\u017ce, roz\u0142o\u017cyste okazy b\u0105d\u017a nieco mniejsze ro\u015bliny w ozdobnych kwietnikach b\u0119d\u0105 strza\u0142em w dziesi\u0105tk\u0119.<\/p>\n<h2><strong>Schody w salonie \u2013 aran\u017cacje<\/strong><\/h2>\n<p>Interesuj\u0105 Ci\u0119 aran\u017cacje schod\u00f3w w salonie? Poznaj nasze pomys\u0142y i zainspiruj si\u0119!<\/p>\n<div style=\"display: flex; align-items: center; justify-content: center; text-align: center;\">\n<figure id=\"attachment_28852\" aria-describedby=\"caption-attachment-28852\" style=\"width: 800px\" class=\"wp-caption aligncenter\"><img decoding=\"async\" class=\"wp-image-28852 size-medium lazyload\" data-src=\"https:\/\/www.brw.pl\/blog\/wp-content\/uploads\/2022\/12\/MODEO_biblioteka_BI_ar1-800x450.jpg\" alt=\"Biblioteka Modeo jasna\" width=\"800\" height=\"450\" data-srcset=\"https:\/\/www.brw.pl\/blog\/wp-content\/uploads\/2022\/12\/MODEO_biblioteka_BI_ar1-800x450.jpg 800w, https:\/\/www.brw.pl\/blog\/wp-content\/uploads\/2022\/12\/MODEO_biblioteka_BI_ar1.jpg 1920w, https:\/\/www.brw.pl\/blog\/wp-content\/uploads\/2022\/12\/MODEO_biblioteka_BI_ar1-768x432.jpg 768w, https:\/\/www.brw.pl\/blog\/wp-content\/uploads\/2022\/12\/MODEO_biblioteka_BI_ar1-1536x864.jpg 1536w\" data-sizes=\"(max-width: 800px) 100vw, 800px\" src=\"data:image\/svg+xml;base64,PHN2ZyB3aWR0aD0iMSIgaGVpZ2h0PSIxIiB4bWxucz0iaHR0cDovL3d3dy53My5vcmcvMjAwMC9zdmciPjwvc3ZnPg==\" style=\"--smush-placeholder-width: 800px; --smush-placeholder-aspect-ratio: 800\/450;\" \/><figcaption id=\"caption-attachment-28852\" class=\"wp-caption-text\"><a href=\"https:\/\/www.brw.pl\/witryna-modeo,51389\" target=\"_blank\" rel=\"noopener noreferrer\"><span style=\"font-weight: 400;\">Witryna Modeo<\/span><\/a> &#8211; <a href=\"https:\/\/www.brw.pl\/regal-modeo,51382\" target=\"_blank\" rel=\"noopener noreferrer\"><span style=\"font-weight: 400;\">Rega\u0142 Modeo<\/span><\/a><\/figcaption><\/figure>\n<\/div>\n<p>Przytulno\u015b\u0107, jasny, pogodny wystr\u00f3j i wizualna lekko\u015b\u0107 to cechy charakteryzuj\u0105ce powy\u017csz\u0105 aran\u017cacj\u0119. Drewniane schody zosta\u0142y w ni\u0105 idealnie wkomponowane mi\u0119dzy innymi za spraw\u0105 drewnianych i s\u0142omkowych dodatk\u00f3w takich jak lampy czy bukiet trawy pampasowej. Bia\u0142e zestawy mebli modu\u0142owych z <strong>kolekcji Modeo<\/strong> harmonizuj\u0105 z tradycyjn\u0105 biel\u0105 \u015bcian oraz dekoracyjn\u0105 bielon\u0105 ceg\u0142\u0105.<\/p>\n<p>Na szerokiej \u015bcianie znajduj\u0105cej si\u0119 naprzeciwko schod\u00f3w za pomoc\u0105 rega\u0142\u00f3w i witryn urz\u0105dzono biblioteczk\u0119 \u2013 to doskona\u0142e miejsce na wyeksponowanie bogatego ksi\u0119gozbioru. Wystr\u00f3j dope\u0142niaj\u0105 eleganckie dodatki takie jak lustro w z\u0142otej oprawie, subtelne obrazy czy minimalistyczny <a href=\"https:\/\/www.brw.pl\/wazon-modern,38277\" target=\"_blank\" rel=\"noopener noreferrer\">wazon Modern<\/a>.<\/p>\n<div style=\"display: flex; align-items: center; justify-content: center; text-align: center;\">\n<figure id=\"attachment_30093\" aria-describedby=\"caption-attachment-30093\" style=\"width: 800px\" class=\"wp-caption aligncenter\"><img decoding=\"async\" class=\"wp-image-30093 size-medium lazyload\" data-src=\"https:\/\/www.brw.pl\/blog\/wp-content\/uploads\/2023\/02\/Kolekcja-Fun-Plus-800x533.jpg\" alt=\"Kolekcja Fun Plus\" width=\"800\" height=\"533\" data-srcset=\"https:\/\/www.brw.pl\/blog\/wp-content\/uploads\/2023\/02\/Kolekcja-Fun-Plus-800x533.jpg 800w, https:\/\/www.brw.pl\/blog\/wp-content\/uploads\/2023\/02\/Kolekcja-Fun-Plus-768x512.jpg 768w, https:\/\/www.brw.pl\/blog\/wp-content\/uploads\/2023\/02\/Kolekcja-Fun-Plus-1536x1024.jpg 1536w, https:\/\/www.brw.pl\/blog\/wp-content\/uploads\/2023\/02\/Kolekcja-Fun-Plus.jpg 1620w\" data-sizes=\"(max-width: 800px) 100vw, 800px\" src=\"data:image\/svg+xml;base64,PHN2ZyB3aWR0aD0iMSIgaGVpZ2h0PSIxIiB4bWxucz0iaHR0cDovL3d3dy53My5vcmcvMjAwMC9zdmciPjwvc3ZnPg==\" style=\"--smush-placeholder-width: 800px; --smush-placeholder-aspect-ratio: 800\/533;\" \/><figcaption id=\"caption-attachment-30093\" class=\"wp-caption-text\"><a href=\"https:\/\/www.brw.pl\/szafka-rtv-fun-plus,44772\" target=\"_blank\" rel=\"noopener noreferrer\"><span style=\"font-weight: 400;\">Szafka RTV Fun Plus<\/span><\/a> &#8211; <a href=\"https:\/\/www.brw.pl\/witryna-fun-plus,44773\" target=\"_blank\" rel=\"noopener noreferrer\"><span style=\"font-weight: 400;\">Witryna Fun Plus<\/span><\/a> &#8211; <a href=\"https:\/\/www.brw.pl\/polka-fun-plus,44769\" target=\"_blank\" rel=\"noopener noreferrer\"><span style=\"font-weight: 400;\">P\u00f3\u0142ka Fun Plus<\/span><\/a><\/figcaption><\/figure>\n<\/div>\n<p>Kolejna aran\u017cacja prezentuje wysoki salon z do\u015b\u0107 nietypowo zaprojektowanym pi\u0119trem \u2013 zajmuje ono jedynie cz\u0119\u015b\u0107 z ca\u0142ej dost\u0119pnej powierzchni nad przestrzeni\u0105 dzienn\u0105. Tego rodzaju uk\u0142ad zbli\u017ca g\u00f3rn\u0105 kondygnacj\u0119 do antresoli, co znacz\u0105co wp\u0142ywa na charakter ca\u0142ego mieszkania. Efekt &#8222;po\u0142\u0105czenia&#8221; p\u00f3\u0142pi\u0119tra i parteru pot\u0119guj\u0105 przeszklenia \u2013 odbywa si\u0119 to jednak kosztem prywatno\u015bci.<\/p>\n<p>Stref\u0119 pod schodami zaaran\u017cowano na wygodny k\u0105cik wypoczynkowo-telewizyjny. Oryginaln\u0105 \u015bcian\u0119 z telewizorem wype\u0142niaj\u0105 minimalistyczne <strong>meble z kolekcji Fun Plus<\/strong>: niska szafka RTV, witryny oraz p\u00f3\u0142ka. Roz\u0142o\u017cysty pikowany naro\u017cnik, designerskie lampy i lamele \u015bcienne dodaj\u0105 wystrojowi ponadczasowego szyku.<\/p>\n<p><strong>Aran\u017cacja schod\u00f3w w salonie to nie lada wyzwanie! W <\/strong><a href=\"https:\/\/www.brw.pl\/\" target=\"_blank\" rel=\"noopener noreferrer\"><strong>sklepie internetowym Black Red White<\/strong><\/a><strong> czekaj\u0105 na Ciebie meble i dodatki, z kt\u00f3rymi bez trudu urz\u0105dzisz wymagaj\u0105ce wn\u0119trze. Zajrzyj r\u00f3wnie\u017c na <a href=\"https:\/\/www.youtube.com\/@brwmeble\" target=\"_blank\" rel=\"noopener noreferrer\">kana\u0142 BRW<\/a> w serwisie YouTube \u2013 znajdziesz tam setki film\u00f3w prezentuj\u0105cych nasze kolekcje. Zapraszamy!<\/strong><\/p>\n","protected":false},"excerpt":{"rendered":"<p>Znajduj\u0105ce si\u0119 w salonie schody s\u0105 coraz cz\u0119\u015bciej spotykanym rozwi\u0105zaniem architektonicznym. Cho\u0107 z pozoru przysparzaj\u0105 k\u0142opot\u00f3w, mog\u0105 by\u0107 r\u00f3wnie\u017c ogromnym atutem pomieszczenia. Jak zaaran\u017cowa\u0107 salon ze schodami, by prezentowa\u0142 si\u0119 modnie i nowocze\u015bnie? Sprawd\u017a!<\/p>\n","protected":false},"author":21,"featured_media":30880,"comment_status":"closed","ping_status":"open","sticky":false,"template":"","format":"standard","meta":{"footnotes":""},"categories":[39,28,735],"tags":[],"aioseo_notices":[],"_links":{"self":[{"href":"https:\/\/www.brw.pl\/blog\/wp-json\/wp\/v2\/posts\/30879"}],"collection":[{"href":"https:\/\/www.brw.pl\/blog\/wp-json\/wp\/v2\/posts"}],"about":[{"href":"https:\/\/www.brw.pl\/blog\/wp-json\/wp\/v2\/types\/post"}],"author":[{"embeddable":true,"href":"https:\/\/www.brw.pl\/blog\/wp-json\/wp\/v2\/users\/21"}],"replies":[{"embeddable":true,"href":"https:\/\/www.brw.pl\/blog\/wp-json\/wp\/v2\/comments?post=30879"}],"version-history":[{"count":4,"href":"https:\/\/www.brw.pl\/blog\/wp-json\/wp\/v2\/posts\/30879\/revisions"}],"predecessor-version":[{"id":32414,"href":"https:\/\/www.brw.pl\/blog\/wp-json\/wp\/v2\/posts\/30879\/revisions\/32414"}],"wp:featuredmedia":[{"embeddable":true,"href":"https:\/\/www.brw.pl\/blog\/wp-json\/wp\/v2\/media\/30880"}],"wp:attachment":[{"href":"https:\/\/www.brw.pl\/blog\/wp-json\/wp\/v2\/media?parent=30879"}],"wp:term":[{"taxonomy":"category","embeddable":true,"href":"https:\/\/www.brw.pl\/blog\/wp-json\/wp\/v2\/categories?post=30879"},{"taxonomy":"post_tag","embeddable":true,"href":"https:\/\/www.brw.pl\/blog\/wp-json\/wp\/v2\/tags?post=30879"}],"curies":[{"name":"wp","href":"https:\/\/api.w.org\/{rel}","templated":true}]}}